{"id":185721,"date":"2024-03-18T13:12:52","date_gmt":"2024-03-18T20:12:52","guid":{"rendered":"https:\/\/www.sonoraenequipo.com.mx\/?p=185721"},"modified":"2024-03-18T13:12:52","modified_gmt":"2024-03-18T20:12:52","slug":"conmemoran-lxxxvi-aniversario-de-la-expropiacion-petrolera-en-cajeme","status":"publish","type":"post","link":"https:\/\/www.sonoraenequipo.com.mx\/conmemoran-lxxxvi-aniversario-de-la-expropiacion-petrolera-en-cajeme\/","title":{"rendered":"Conmemoran LXXXVI aniversario de la expropiaci\u00f3n petrolera en Cajeme"},"content":{"rendered":"<p><strong>CAJEME, SONORA, MX.\u02d7\u02d7\u02d7<\/strong> Despu\u00e9s que el expresidente Porfirio D\u00edaz hab\u00eda dado concesiones por 50 a\u00f1os a compa\u00f1\u00edas petroleras extranjeras, las cuales daban trato injusto a los trabajadores mexicanos y determinarse que estas hab\u00edan incurrido en fraudes fiscales millonarios, bas\u00e1ndose en la nueva Constituci\u00f3n de 1917 en la que se establece que el petr\u00f3leo es de la naci\u00f3n, el entonces Presidente de la Rep\u00fablica, L\u00e1zaro C\u00e1rdenas del R\u00edo, decidi\u00f3 expropiar la industria petrolera, por lo que el 18 de marzo de 1938, en cadena nacional, habl\u00f3 al pueblo de M\u00e9xico para comunicarle que se hac\u00eda efectivo el art\u00edculo 27 constitucional y el petr\u00f3leo volv\u00eda a ser de los mexicanos; as\u00ed lo manifest\u00f3 el Secretario General del Sindicato de Trabajadores Petroleros en ciudad Obreg\u00f3n, Manuel Francisco L\u00f3pez Parra, al fungir como orador oficial en la ceremonia c\u00edvica por el 86 aniversario de la Expropiaci\u00f3n Petrolera.<\/p>\n<p>&nbsp;<\/p>\n<p>Reconoci\u00f3 que la Expropiaci\u00f3n Petrolera fue uno de los actos m\u00e1s trascendentes, no s\u00f3lo de un sexenio, sino del r\u00e9gimen de la Revoluci\u00f3n Mexicana que transform\u00f3 la realidad econ\u00f3mica y social de la naci\u00f3n.<\/p>\n<p>&nbsp;<\/p>\n<p>Agreg\u00f3 que, en este proceso de expropiaci\u00f3n, Cajeme no fue la excepci\u00f3n al retirar a los extranjeros de la entonces Industria La Huasteca Oil Company, ubicada en calle Jalisco casi esquina con 200, donde se trabajaba en medio de condiciones insalubres y con alta carga laboral.<\/p>\n<p><strong><em><u>Fecha de publicaci\u00f3n<\/u><\/em><\/strong><strong><em><u> lunes 18 de marzo de 2024<\/u><\/em><\/strong><\/p>\n","protected":false},"excerpt":{"rendered":"<p>CAJEME, SONORA, MX.\u02d7\u02d7\u02d7 Despu\u00e9s que el expresidente Porfirio D\u00edaz hab\u00eda dado concesiones por 50 a\u00f1os&#8230;<\/p>\n","protected":false},"author":1,"featured_media":185722,"comment_status":"open","ping_status":"open","sticky":false,"template":"","format":"standard","meta":{"_monsterinsights_skip_tracking":false,"_monsterinsights_sitenote_active":false,"_monsterinsights_sitenote_note":"","_monsterinsights_sitenote_category":0,"footnotes":""},"categories":[4],"tags":[9432,9433],"class_list":["post"],"yoast_head":" \n<title>Sonora en Equipo. Conmemoran LXXXVI aniversario de la expropiaci\u00f3n petrolera en Cajeme Municipios<\/title>\n<meta name=\"description\" content=\"CAJEME, SONORA, MX.\u02d7\u02d7\u02d7 Despu\u00e9s que el expresidente Porfirio D\u00edaz hab\u00eda dado concesiones por 50 a\u00f1os a compa\u00f1\u00edas petroleras extranjeras, las cuales daban En Sonora en Equipo publicamos toda la informaci\u00f3n de Sonora, M\u00e9xico y el Mundo de manera oportuna y busca que la libertad de expresi\u00f3n sea real. Visita nuestro medio informativo publicado desde Hermosillo, Sonora. %\" \/>\n<meta name=\"robots\" content=\"index, follow, max-snippet:-1, max-image-preview:large, max-video-preview:-1\" \/>\n<link rel=\"canonical\" href=\"https:\/\/www.sonoraenequipo.com.mx\/conmemoran-lxxxvi-aniversario-de-la-expropiacion-petrolera-en-cajeme\/\" \/>\n<meta property=\"og:locale\" content=\"es_ES\" \/>\n<meta property=\"og:type\" content=\"article\" \/>\n<meta property=\"og:title\" content=\"Sonora en Equipo. Conmemoran LXXXVI aniversario de la expropiaci\u00f3n petrolera en Cajeme Municipios\" \/>\n<meta property=\"og:description\" content=\"CAJEME, SONORA, MX.\u02d7\u02d7\u02d7 Despu\u00e9s que el expresidente Porfirio D\u00edaz hab\u00eda dado concesiones por 50 a\u00f1os a compa\u00f1\u00edas petroleras extranjeras, las cuales daban En Sonora en Equipo publicamos toda la informaci\u00f3n de Sonora, M\u00e9xico y el Mundo de manera oportuna y busca que la libertad de expresi\u00f3n sea real. Visita nuestro medio informativo publicado desde Hermosillo, Sonora. %\" \/>\n<meta property=\"og:url\" content=\"https:\/\/www.sonoraenequipo.com.mx\/conmemoran-lxxxvi-aniversario-de-la-expropiacion-petrolera-en-cajeme\/\" \/>\n<meta property=\"og:site_name\" content=\"Sonora en Equipo.\" \/>\n<meta property=\"article:publisher\" content=\"https:\/\/www.facebook.com\/SonoraEE\/\" \/>\n<meta property=\"article:author\" content=\"https:\/\/www.facebook.com\/SonoraEE\" \/>\n<meta property=\"article:published_time\" content=\"2024-03-18T20:12:52+00:00\" \/>\n<meta property=\"og:image\" content=\"https:\/\/www.sonoraenequipo.com.mx\/storage\/2024\/03\/expropiacion-cajeme.jpg\" \/>\n\t<meta property=\"og:image:width\" content=\"600\" \/>\n\t<meta property=\"og:image:height\" content=\"400\" \/>\n\t<meta property=\"og:image:type\" content=\"image\/jpeg\" \/>\n<meta name=\"author\" content=\"enequipo\" \/>\n<meta name=\"twitter:card\" content=\"summary_large_image\" \/>\n<meta name=\"twitter:creator\" content=\"@sonoraenequipo\" \/>\n<meta name=\"twitter:site\" content=\"@sonoraenequipo\" \/>\n<meta name=\"twitter:label1\" content=\"Escrito por\" \/>\n\t<meta name=\"twitter:data1\" content=\"enequipo\" \/>\n\t<meta name=\"twitter:label2\" content=\"Tiempo de lectura\" \/>\n\t<meta name=\"twitter:data2\" content=\"1 minuto\" \/>\n<script type=\"application\/ld+json\" class=\"yoast-schema-graph\">{\"@context\":\"https:\/\/schema.org\",\"@graph\":[{\"@type\":\"Article\",\"@id\":\"https:\/\/www.sonoraenequipo.com.mx\/conmemoran-lxxxvi-aniversario-de-la-expropiacion-petrolera-en-cajeme\/#article\",\"isPartOf\":{\"@id\":\"https:\/\/www.sonoraenequipo.com.mx\/conmemoran-lxxxvi-aniversario-de-la-expropiacion-petrolera-en-cajeme\/\"},\"author\":{\"name\":\"enequipo\",\"@id\":\"https:\/\/www.sonoraenequipo.com.mx\/#\/schema\/person\/50102df0fb23a8fa9e8effad8fa81386\"},\"headline\":\"Conmemoran LXXXVI aniversario de la expropiaci\u00f3n petrolera en Cajeme\",\"datePublished\":\"2024-03-18T20:12:52+00:00\",\"mainEntityOfPage\":{\"@id\":\"https:\/\/www.sonoraenequipo.com.mx\/conmemoran-lxxxvi-aniversario-de-la-expropiacion-petrolera-en-cajeme\/\"},\"wordCount\":268,\"commentCount\":0,\"publisher\":{\"@id\":\"https:\/\/www.sonoraenequipo.com.mx\/#organization\"},\"image\":{\"@id\":\"https:\/\/www.sonoraenequipo.com.mx\/conmemoran-lxxxvi-aniversario-de-la-expropiacion-petrolera-en-cajeme\/#primaryimage\"},\"thumbnailUrl\":\"https:\/\/www.sonoraenequipo.com.mx\/storage\/2024\/03\/expropiacion-cajeme.jpg\",\"keywords\":[\"EXPROPIACION\",\"PETROLERA\"],\"articleSection\":[\"Municipios\"],\"inLanguage\":\"es\",\"potentialAction\":[{\"@type\":\"CommentAction\",\"name\":\"Comment\",\"target\":[\"https:\/\/www.sonoraenequipo.com.mx\/conmemoran-lxxxvi-aniversario-de-la-expropiacion-petrolera-en-cajeme\/#respond\"]}]},{\"@type\":\"WebPage\",\"@id\":\"https:\/\/www.sonoraenequipo.com.mx\/conmemoran-lxxxvi-aniversario-de-la-expropiacion-petrolera-en-cajeme\/\",\"url\":\"https:\/\/www.sonoraenequipo.com.mx\/conmemoran-lxxxvi-aniversario-de-la-expropiacion-petrolera-en-cajeme\/\",\"name\":\"Sonora en Equipo. Conmemoran LXXXVI aniversario de la expropiaci\u00f3n petrolera en Cajeme Municipios\",\"isPartOf\":{\"@id\":\"https:\/\/www.sonoraenequipo.com.mx\/#website\"},\"primaryImageOfPage\":{\"@id\":\"https:\/\/www.sonoraenequipo.com.mx\/conmemoran-lxxxvi-aniversario-de-la-expropiacion-petrolera-en-cajeme\/#primaryimage\"},\"image\":{\"@id\":\"https:\/\/www.sonoraenequipo.com.mx\/conmemoran-lxxxvi-aniversario-de-la-expropiacion-petrolera-en-cajeme\/#primaryimage\"},\"thumbnailUrl\":\"https:\/\/www.sonoraenequipo.com.mx\/storage\/2024\/03\/expropiacion-cajeme.jpg\",\"datePublished\":\"2024-03-18T20:12:52+00:00\",\"description\":\"CAJEME, SONORA, MX.\u02d7\u02d7\u02d7 Despu\u00e9s que el expresidente Porfirio D\u00edaz hab\u00eda dado concesiones por 50 a\u00f1os a compa\u00f1\u00edas petroleras extranjeras, las cuales daban En Sonora en Equipo publicamos toda la informaci\u00f3n de Sonora, M\u00e9xico y el Mundo de manera oportuna y busca que la libertad de expresi\u00f3n sea real. Visita nuestro medio informativo publicado desde Hermosillo, Sonora. %\",\"breadcrumb\":{\"@id\":\"https:\/\/www.sonoraenequipo.com.mx\/conmemoran-lxxxvi-aniversario-de-la-expropiacion-petrolera-en-cajeme\/#breadcrumb\"},\"inLanguage\":\"es\",\"potentialAction\":[{\"@type\":\"ReadAction\",\"target\":[\"https:\/\/www.sonoraenequipo.com.mx\/conmemoran-lxxxvi-aniversario-de-la-expropiacion-petrolera-en-cajeme\/\"]}]},{\"@type\":\"ImageObject\",\"inLanguage\":\"es\",\"@id\":\"https:\/\/www.sonoraenequipo.com.mx\/conmemoran-lxxxvi-aniversario-de-la-expropiacion-petrolera-en-cajeme\/#primaryimage\",\"url\":\"https:\/\/www.sonoraenequipo.com.mx\/storage\/2024\/03\/expropiacion-cajeme.jpg\",\"contentUrl\":\"https:\/\/www.sonoraenequipo.com.mx\/storage\/2024\/03\/expropiacion-cajeme.jpg\",\"width\":600,\"height\":400},{\"@type\":\"BreadcrumbList\",\"@id\":\"https:\/\/www.sonoraenequipo.com.mx\/conmemoran-lxxxvi-aniversario-de-la-expropiacion-petrolera-en-cajeme\/#breadcrumb\",\"itemListElement\":[{\"@type\":\"ListItem\",\"position\":1,\"name\":\"Portada\",\"item\":\"https:\/\/www.sonoraenequipo.com.mx\/\"},{\"@type\":\"ListItem\",\"position\":2,\"name\":\"Conmemoran LXXXVI aniversario de la expropiaci\u00f3n petrolera en Cajeme\"}]},{\"@type\":\"WebSite\",\"@id\":\"https:\/\/www.sonoraenequipo.com.mx\/#website\",\"url\":\"https:\/\/www.sonoraenequipo.com.mx\/\",\"name\":\"Sonora en Equipo.\",\"description\":\"Diario en l\u00ednea con Noticias desde Hermosillo, Sonora\",\"publisher\":{\"@id\":\"https:\/\/www.sonoraenequipo.com.mx\/#organization\"},\"potentialAction\":[{\"@type\":\"SearchAction\",\"target\":{\"@type\":\"EntryPoint\",\"urlTemplate\":\"https:\/\/www.sonoraenequipo.com.mx\/?s={search_term_string}\"},\"query-input\":{\"@type\":\"PropertyValueSpecification\",\"valueRequired\":true,\"valueName\":\"search_term_string\"}}],\"inLanguage\":\"es\"},{\"@type\":\"Organization\",\"@id\":\"https:\/\/www.sonoraenequipo.com.mx\/#organization\",\"name\":\"Sonoraenequipo.com.mx\",\"url\":\"https:\/\/www.sonoraenequipo.com.mx\/\",\"logo\":{\"@type\":\"ImageObject\",\"inLanguage\":\"es\",\"@id\":\"https:\/\/www.sonoraenequipo.com.mx\/#\/schema\/logo\/image\/\",\"url\":\"https:\/\/www.sonoraenequipo.com.mx\/storage\/2019\/01\/sonoraenequipo_opt.png\",\"contentUrl\":\"https:\/\/www.sonoraenequipo.com.mx\/storage\/2019\/01\/sonoraenequipo_opt.png\",\"width\":375,\"height\":125,\"caption\":\"Sonoraenequipo.com.mx\"},\"image\":{\"@id\":\"https:\/\/www.sonoraenequipo.com.mx\/#\/schema\/logo\/image\/\"},\"sameAs\":[\"https:\/\/www.facebook.com\/SonoraEE\/\",\"https:\/\/x.com\/sonoraenequipo\",\"https:\/\/www.youtube.com\/channel\/UC338nW-lPEYmJQs4ZABQ1SQ\"]},{\"@type\":\"Person\",\"@id\":\"https:\/\/www.sonoraenequipo.com.mx\/#\/schema\/person\/50102df0fb23a8fa9e8effad8fa81386\",\"name\":\"enequipo\",\"image\":{\"@type\":\"ImageObject\",\"inLanguage\":\"es\",\"@id\":\"https:\/\/www.sonoraenequipo.com.mx\/#\/schema\/person\/image\/\",\"url\":\"https:\/\/secure.gravatar.com\/avatar\/049821681b589dabc0bc20695993ccebb09f5b5d4d790cd9251b97faac7c652b?s=96&d=blank&r=g\",\"contentUrl\":\"https:\/\/secure.gravatar.com\/avatar\/049821681b589dabc0bc20695993ccebb09f5b5d4d790cd9251b97faac7c652b?s=96&d=blank&r=g\",\"caption\":\"enequipo\"},\"sameAs\":[\"https:\/\/www.facebook.com\/SonoraEE\"]}]}<\/script>\n ","yoast_head_json":{"title":"Sonora en Equipo. Conmemoran LXXXVI aniversario de la expropiaci\u00f3n petrolera en Cajeme Municipios","description":"CAJEME, SONORA, MX.\u02d7\u02d7\u02d7 Despu\u00e9s que el expresidente Porfirio D\u00edaz hab\u00eda dado concesiones por 50 a\u00f1os a compa\u00f1\u00edas petroleras extranjeras, las cuales daban En Sonora en Equipo publicamos toda la informaci\u00f3n de Sonora, M\u00e9xico y el Mundo de manera oportuna y busca que la libertad de expresi\u00f3n sea real. Visita nuestro medio informativo publicado desde Hermosillo, Sonora. %","robots":{"index":"index","follow":"follow","max-snippet":"max-snippet:-1","max-image-preview":"max-image-preview:large","max-video-preview":"max-video-preview:-1"},"canonical":"https:\/\/www.sonoraenequipo.com.mx\/conmemoran-lxxxvi-aniversario-de-la-expropiacion-petrolera-en-cajeme\/","og_locale":"es_ES","og_type":"article","og_title":"Sonora en Equipo. Conmemoran LXXXVI aniversario de la expropiaci\u00f3n petrolera en Cajeme Municipios","og_description":"CAJEME, SONORA, MX.\u02d7\u02d7\u02d7 Despu\u00e9s que el expresidente Porfirio D\u00edaz hab\u00eda dado concesiones por 50 a\u00f1os a compa\u00f1\u00edas petroleras extranjeras, las cuales daban En Sonora en Equipo publicamos toda la informaci\u00f3n de Sonora, M\u00e9xico y el Mundo de manera oportuna y busca que la libertad de expresi\u00f3n sea real. Visita nuestro medio informativo publicado desde Hermosillo, Sonora. %","og_url":"https:\/\/www.sonoraenequipo.com.mx\/conmemoran-lxxxvi-aniversario-de-la-expropiacion-petrolera-en-cajeme\/","og_site_name":"Sonora en Equipo.","article_publisher":"https:\/\/www.facebook.com\/SonoraEE\/","article_author":"https:\/\/www.facebook.com\/SonoraEE","article_published_time":"2024-03-18T20:12:52+00:00","og_image":[{"width":600,"height":400,"url":"https:\/\/www.sonoraenequipo.com.mx\/storage\/2024\/03\/expropiacion-cajeme.jpg","type":"image\/jpeg"}],"author":"enequipo","twitter_card":"summary_large_image","twitter_creator":"@sonoraenequipo","twitter_site":"@sonoraenequipo","twitter_misc":{"Escrito por":"enequipo","Tiempo de lectura":"1 minuto"},"schema":{"@context":"https:\/\/schema.org","@graph":[{"@type":"Article","@id":"https:\/\/www.sonoraenequipo.com.mx\/conmemoran-lxxxvi-aniversario-de-la-expropiacion-petrolera-en-cajeme\/#article","isPartOf":{"@id":"https:\/\/www.sonoraenequipo.com.mx\/conmemoran-lxxxvi-aniversario-de-la-expropiacion-petrolera-en-cajeme\/"},"author":{"name":"enequipo","@id":"https:\/\/www.sonoraenequipo.com.mx\/#\/schema\/person\/50102df0fb23a8fa9e8effad8fa81386"},"headline":"Conmemoran LXXXVI aniversario de la expropiaci\u00f3n petrolera en Cajeme","datePublished":"2024-03-18T20:12:52+00:00","mainEntityOfPage":{"@id":"https:\/\/www.sonoraenequipo.com.mx\/conmemoran-lxxxvi-aniversario-de-la-expropiacion-petrolera-en-cajeme\/"},"wordCount":268,"commentCount":0,"publisher":{"@id":"https:\/\/www.sonoraenequipo.com.mx\/#organization"},"image":{"@id":"https:\/\/www.sonoraenequipo.com.mx\/conmemoran-lxxxvi-aniversario-de-la-expropiacion-petrolera-en-cajeme\/#primaryimage"},"thumbnailUrl":"https:\/\/www.sonoraenequipo.com.mx\/storage\/2024\/03\/expropiacion-cajeme.jpg","keywords":["EXPROPIACION","PETROLERA"],"articleSection":["Municipios"],"inLanguage":"es","potentialAction":[{"@type":"CommentAction","name":"Comment","target":["https:\/\/www.sonoraenequipo.com.mx\/conmemoran-lxxxvi-aniversario-de-la-expropiacion-petrolera-en-cajeme\/#respond"]}]},{"@type":"WebPage","@id":"https:\/\/www.sonoraenequipo.com.mx\/conmemoran-lxxxvi-aniversario-de-la-expropiacion-petrolera-en-cajeme\/","url":"https:\/\/www.sonoraenequipo.com.mx\/conmemoran-lxxxvi-aniversario-de-la-expropiacion-petrolera-en-cajeme\/","name":"Sonora en Equipo. Conmemoran LXXXVI aniversario de la expropiaci\u00f3n petrolera en Cajeme Municipios","isPartOf":{"@id":"https:\/\/www.sonoraenequipo.com.mx\/#website"},"primaryImageOfPage":{"@id":"https:\/\/www.sonoraenequipo.com.mx\/conmemoran-lxxxvi-aniversario-de-la-expropiacion-petrolera-en-cajeme\/#primaryimage"},"image":{"@id":"https:\/\/www.sonoraenequipo.com.mx\/conmemoran-lxxxvi-aniversario-de-la-expropiacion-petrolera-en-cajeme\/#primaryimage"},"thumbnailUrl":"https:\/\/www.sonoraenequipo.com.mx\/storage\/2024\/03\/expropiacion-cajeme.jpg","datePublished":"2024-03-18T20:12:52+00:00","description":"CAJEME, SONORA, MX.\u02d7\u02d7\u02d7 Despu\u00e9s que el expresidente Porfirio D\u00edaz hab\u00eda dado concesiones por 50 a\u00f1os a compa\u00f1\u00edas petroleras extranjeras, las cuales daban En Sonora en Equipo publicamos toda la informaci\u00f3n de Sonora, M\u00e9xico y el Mundo de manera oportuna y busca que la libertad de expresi\u00f3n sea real. Visita nuestro medio informativo publicado desde Hermosillo, Sonora. %","breadcrumb":{"@id":"https:\/\/www.sonoraenequipo.com.mx\/conmemoran-lxxxvi-aniversario-de-la-expropiacion-petrolera-en-cajeme\/#breadcrumb"},"inLanguage":"es","potentialAction":[{"@type":"ReadAction","target":["https:\/\/www.sonoraenequipo.com.mx\/conmemoran-lxxxvi-aniversario-de-la-expropiacion-petrolera-en-cajeme\/"]}]},{"@type":"ImageObject","inLanguage":"es","@id":"https:\/\/www.sonoraenequipo.com.mx\/conmemoran-lxxxvi-aniversario-de-la-expropiacion-petrolera-en-cajeme\/#primaryimage","url":"https:\/\/www.sonoraenequipo.com.mx\/storage\/2024\/03\/expropiacion-cajeme.jpg","contentUrl":"https:\/\/www.sonoraenequipo.com.mx\/storage\/2024\/03\/expropiacion-cajeme.jpg","width":600,"height":400},{"@type":"BreadcrumbList","@id":"https:\/\/www.sonoraenequipo.com.mx\/conmemoran-lxxxvi-aniversario-de-la-expropiacion-petrolera-en-cajeme\/#breadcrumb","itemListElement":[{"@type":"ListItem","position":1,"name":"Portada","item":"https:\/\/www.sonoraenequipo.com.mx\/"},{"@type":"ListItem","position":2,"name":"Conmemoran LXXXVI aniversario de la expropiaci\u00f3n petrolera en Cajeme"}]},{"@type":"WebSite","@id":"https:\/\/www.sonoraenequipo.com.mx\/#website","url":"https:\/\/www.sonoraenequipo.com.mx\/","name":"Sonora en Equipo.","description":"Diario en l\u00ednea con Noticias desde Hermosillo, Sonora","publisher":{"@id":"https:\/\/www.sonoraenequipo.com.mx\/#organization"},"potentialAction":[{"@type":"SearchAction","target":{"@type":"EntryPoint","urlTemplate":"https:\/\/www.sonoraenequipo.com.mx\/?s={search_term_string}"},"query-input":{"@type":"PropertyValueSpecification","valueRequired":true,"valueName":"search_term_string"}}],"inLanguage":"es"},{"@type":"Organization","@id":"https:\/\/www.sonoraenequipo.com.mx\/#organization","name":"Sonoraenequipo.com.mx","url":"https:\/\/www.sonoraenequipo.com.mx\/","logo":{"@type":"ImageObject","inLanguage":"es","@id":"https:\/\/www.sonoraenequipo.com.mx\/#\/schema\/logo\/image\/","url":"https:\/\/www.sonoraenequipo.com.mx\/storage\/2019\/01\/sonoraenequipo_opt.png","contentUrl":"https:\/\/www.sonoraenequipo.com.mx\/storage\/2019\/01\/sonoraenequipo_opt.png","width":375,"height":125,"caption":"Sonoraenequipo.com.mx"},"image":{"@id":"https:\/\/www.sonoraenequipo.com.mx\/#\/schema\/logo\/image\/"},"sameAs":["https:\/\/www.facebook.com\/SonoraEE\/","https:\/\/x.com\/sonoraenequipo","https:\/\/www.youtube.com\/channel\/UC338nW-lPEYmJQs4ZABQ1SQ"]},{"@type":"Person","@id":"https:\/\/www.sonoraenequipo.com.mx\/#\/schema\/person\/50102df0fb23a8fa9e8effad8fa81386","name":"enequipo","image":{"@type":"ImageObject","inLanguage":"es","@id":"https:\/\/www.sonoraenequipo.com.mx\/#\/schema\/person\/image\/","url":"https:\/\/secure.gravatar.com\/avatar\/049821681b589dabc0bc20695993ccebb09f5b5d4d790cd9251b97faac7c652b?s=96&d=blank&r=g","contentUrl":"https:\/\/secure.gravatar.com\/avatar\/049821681b589dabc0bc20695993ccebb09f5b5d4d790cd9251b97faac7c652b?s=96&d=blank&r=g","caption":"enequipo"},"sameAs":["https:\/\/www.facebook.com\/SonoraEE"]}]}},"jetpack_featured_media_url":"https:\/\/www.sonoraenequipo.com.mx\/storage\/2024\/03\/expropiacion-cajeme.jpg","_links":{"self":[{"href":"https:\/\/www.sonoraenequipo.com.mx\/api\/wp\/v2\/posts\/185721","targetHints":{"allow":["GET"]}}],"collection":[{"href":"https:\/\/www.sonoraenequipo.com.mx\/api\/wp\/v2\/posts"}],"about":[{"href":"https:\/\/www.sonoraenequipo.com.mx\/api\/wp\/v2\/types\/post"}],"author":[{"embeddable":true,"href":"https:\/\/www.sonoraenequipo.com.mx\/api\/wp\/v2\/users\/1"}],"replies":[{"embeddable":true,"href":"https:\/\/www.sonoraenequipo.com.mx\/api\/wp\/v2\/comments?post=185721"}],"version-history":[{"count":1,"href":"https:\/\/www.sonoraenequipo.com.mx\/api\/wp\/v2\/posts\/185721\/revisions"}],"predecessor-version":[{"id":185723,"href":"https:\/\/www.sonoraenequipo.com.mx\/api\/wp\/v2\/posts\/185721\/revisions\/185723"}],"wp:featuredmedia":[{"embeddable":true,"href":"https:\/\/www.sonoraenequipo.com.mx\/api\/wp\/v2\/media\/185722"}],"wp:attachment":[{"href":"https:\/\/www.sonoraenequipo.com.mx\/api\/wp\/v2\/media?parent=185721"}],"wp:term":[{"taxonomy":"category","embeddable":true,"href":"https:\/\/www.sonoraenequipo.com.mx\/api\/wp\/v2\/categories?post=185721"},{"taxonomy":"post_tag","embeddable":true,"href":"https:\/\/www.sonoraenequipo.com.mx\/api\/wp\/v2\/tags?post=185721"}],"curies":[{"name":"wp","href":"https:\/\/api.w.org\/{rel}","templated":true}]}}