{"id":185727,"date":"2024-03-18T13:51:34","date_gmt":"2024-03-18T20:51:34","guid":{"rendered":"https:\/\/www.sonoraenequipo.com.mx\/?p=185727"},"modified":"2024-03-18T13:51:34","modified_gmt":"2024-03-18T20:51:34","slug":"se-registran-en-el-pri-sonora-aspirantes-a-candidatos-para-presidencias-municipales-y-diputaciones-locales","status":"publish","type":"post","link":"https:\/\/www.sonoraenequipo.com.mx\/se-registran-en-el-pri-sonora-aspirantes-a-candidatos-para-presidencias-municipales-y-diputaciones-locales\/","title":{"rendered":"Se registran en el PRI Sonora aspirantes a candidatos para presidencias municipales y diputaciones locales"},"content":{"rendered":"<p>&nbsp;<\/p>\n<p>&nbsp;<\/p>\n<p><strong>HERMOSILLO, SONORA,MX.\u02d7\u02d7\u02d7 <\/strong>Como parte del proceso interno del Partido Revolucionario Institucional (PRI) en Sonora, se hizo el registro de solicitudes de aspirantes a presidentes municipales y diputaciones locales.<\/p>\n<p>&nbsp;<\/p>\n<p>&nbsp;<\/p>\n<p>&nbsp;<\/p>\n<p>Como est\u00e1 establecido en los estatutos, se instal\u00f3 la Comisi\u00f3n de Procesos Internos (CPI) en el Comit\u00e9 Directivo Estatal del PRI, integrada por Wenceslao Cota Montoya, Alberto Orantes y Jes\u00fas Humberto Gast\u00e9lum Gerlach, quienes recibieron la documentaci\u00f3n requerida de las y los registrados.<\/p>\n<p>&nbsp;<\/p>\n<p>&nbsp;<\/p>\n<p>El presidente del PRI Sonora, Rogelio D\u00edaz Brown destac\u00f3 el compa\u00f1erismo y unidad que caracteriza al partido en los aspirantes que se presentaron en la b\u00fasqueda de contender el 2 de junio pr\u00f3ximo y de donde resultar\u00e1n los mejores cuadros que junto con la candidata de la coalici\u00f3n Fuerza y Coraz\u00f3n por Sonora a la presidencia de la Rep\u00fablica, X\u00f3chitl G\u00e1lvez, cambiar\u00e1n el rumbo del pa\u00eds y del estado.<\/p>\n<p>&nbsp;<\/p>\n<p>&nbsp;<\/p>\n<p>&nbsp;<\/p>\n<p>El proceso estuvo activo durante el s\u00e1bado 16 y domingo 17 de marzo, en donde los interesados cumplieron cabalmente con los requisitos que les fueron solicitados, por lo que quedaron registrados como pre candidatos y pre candidatas para las diputaciones locales y ayuntamientos en una primera etapa.<\/p>\n<p>&nbsp;<\/p>\n<p>&nbsp;<\/p>\n<p>&nbsp;<\/p>\n<p>El mensaje un\u00e1nime de las y los pre candidatos es el de buscar recuperar el rumbo del estado y los municipios, bajo los principios del PRI y la coalici\u00f3n Fuerza y Coraz\u00f3n por Sonora.<\/p>\n<p>&nbsp;<\/p>\n<p>&nbsp;<\/p>\n<p>&nbsp;<\/p>\n<p>En una primera etapa, para los ayuntamientos se registraron para \u00c1lamos, B\u00e1cum, Bavispe, Benito Ju\u00e1rez, Benjam\u00edn Hill, Caborca, Cajeme, Carb\u00f3, Cumpas, Etchojoa, Huachinera, Hu\u00e9pac, \u00cdmuris, La Colorada, Naco, Navojoa, Oquitoa, Plutarco El\u00edas Calles, Ray\u00f3n, Sahuaripa, San Ignacio R\u00edo Muerto, San Miguel de Horcasitas, Tepache y Y\u00e9cora.<\/p>\n<p>&nbsp;<\/p>\n<p>&nbsp;<\/p>\n<p>&nbsp;<\/p>\n<p>Mientras que dentro de los distritos para diputaci\u00f3n local que tienen a aspirantes registrados est\u00e1n el 4 de Nogales, los distritos 6, 9, 11 y 12 de Hermosillo, 7 de Agua prieta, 13 de Guaymas, el 16 y 17 de Cajeme, el 18 con cabecera en Cananea, el Distrito 20 con cabecera en Etchojoa y el 21 con cabecera en Huatabampo.<\/p>\n<p>&nbsp;<\/p>\n<p>&nbsp;<\/p>\n<p>&nbsp;<\/p>\n<p>Una vez concluido el proceso de registro, la Comisi\u00f3n de Postulaci\u00f3n de Candidatos determinar\u00e1 qui\u00e9nes representar\u00e1n al partido como candidatos y candidatas para las presidencias municipales y diputaciones locales.<\/p>\n<p>&nbsp;<\/p>\n<p>&nbsp;<\/p>\n<p>&nbsp;<\/p>\n<p>La publicaci\u00f3n de las y los precandidatos se realizar\u00e1 el 20 de marzo pr\u00f3ximo como parte de los tiempos establecidos en la convocatoria.<\/p>\n<p>&nbsp;<\/p>\n<p>&nbsp;<\/p>\n<p>&nbsp;<\/p>\n<p>Aspirantes a presidencias municipales:<\/p>\n<p>&nbsp;<\/p>\n<p>&nbsp;<\/p>\n<p>&nbsp;<\/p>\n<ol>\n<li>\u00c1lamos, H\u00e9ctor Javier S\u00e1nchez Valdez<\/li>\n<\/ol>\n<p>&nbsp;<\/p>\n<ol start=\"2\">\n<li>B\u00e1cum, V\u00edctor Hugo Higuera Corral<\/li>\n<\/ol>\n<p>&nbsp;<\/p>\n<ol start=\"3\">\n<li>Bavispe, Melvin Romero Pedrego<\/li>\n<\/ol>\n<p>&nbsp;<\/p>\n<ol start=\"4\">\n<li>Benito Ju\u00e1rez, Francisco Javier Espinoza Calvo<\/li>\n<\/ol>\n<p>&nbsp;<\/p>\n<ol start=\"5\">\n<li>Benjam\u00edn Hill, M\u00f3nica Patricia Solano Cocopa<\/li>\n<\/ol>\n<p>&nbsp;<\/p>\n<ol start=\"6\">\n<li>Caborca, Daniel Salazar Ballesteros<\/li>\n<\/ol>\n<p>&nbsp;<\/p>\n<ol start=\"7\">\n<li>Cajeme, Luis Armando Alcal\u00e1 Alcaraz<\/li>\n<\/ol>\n<p>&nbsp;<\/p>\n<ol start=\"8\">\n<li>Carb\u00f3, Natanael Cordova Bon<\/li>\n<\/ol>\n<p>&nbsp;<\/p>\n<ol start=\"9\">\n<li>Cumpas, Jes\u00fas Alberto Ojeda Castellanos<\/li>\n<\/ol>\n<p>&nbsp;<\/p>\n<ol start=\"10\">\n<li>Etchojoa, Rosario Rodr\u00edguez Qui\u00f1ones<\/li>\n<\/ol>\n<p>&nbsp;<\/p>\n<ol start=\"11\">\n<li>Huachinera, Mavidenia Ramos Holguin<\/li>\n<\/ol>\n<p>&nbsp;<\/p>\n<ol start=\"12\">\n<li>Hu\u00e9pac, Jes\u00fas Alfonso L\u00f3pez L\u00f3pez<\/li>\n<\/ol>\n<p>&nbsp;<\/p>\n<ol start=\"13\">\n<li>\u00cdmuris, Jes\u00fas Leonardo Garc\u00eda Acedo<\/li>\n<\/ol>\n<p>&nbsp;<\/p>\n<ol start=\"14\">\n<li>La Colorada, Fernando Vidal Encinas<\/li>\n<\/ol>\n<p>&nbsp;<\/p>\n<ol start=\"15\">\n<li>Naco, Fernando Homero Romero Ortega<\/li>\n<\/ol>\n<p>&nbsp;<\/p>\n<ol start=\"16\">\n<li>Navojoa, Jorge Garc\u00eda de Le\u00f3n<\/li>\n<\/ol>\n<p>&nbsp;<\/p>\n<ol start=\"17\">\n<li>Oquitoa, Sergio Francisco Celaya Ortiz<\/li>\n<\/ol>\n<p>&nbsp;<\/p>\n<ol start=\"18\">\n<li>Plutarco El\u00edas Calles, Jos\u00e9 V\u00e1zquez Miranda<\/li>\n<\/ol>\n<p>&nbsp;<\/p>\n<ol start=\"19\">\n<li>Ray\u00f3n, Alejandro Luis Grijalva Robles<\/li>\n<\/ol>\n<p>&nbsp;<\/p>\n<ol start=\"20\">\n<li>Sahuaripa, Luis Carlos Galindo Duarte<\/li>\n<\/ol>\n<p>&nbsp;<\/p>\n<ol start=\"21\">\n<li>San Ignacio R\u00edo Muerto, Cristian Gilberto Vara L\u00f3pez<\/li>\n<\/ol>\n<p>&nbsp;<\/p>\n<ol start=\"22\">\n<li>San Miguel de Horcasitas, Germ\u00e1n Gerardo Ochoa Esparza<\/li>\n<\/ol>\n<p>&nbsp;<\/p>\n<ol start=\"23\">\n<li>Santa Ana, Javier Francisco Moreno D\u00e1vila<\/li>\n<\/ol>\n<p>&nbsp;<\/p>\n<ol start=\"24\">\n<li>Tepache, C\u00e9sar Velarde S\u00e1nchez<\/li>\n<\/ol>\n<p>&nbsp;<\/p>\n<ol start=\"25\">\n<li>Y\u00e9cora, Delma Acu\u00f1a Molina<\/li>\n<\/ol>\n<p>&nbsp;<\/p>\n<p>&nbsp;<\/p>\n<p>&nbsp;<\/p>\n<p>Aspirantes a diputaciones locales:<\/p>\n<p>&nbsp;<\/p>\n<p>&nbsp;<\/p>\n<p>&nbsp;<\/p>\n<ul>\n<li>Distrito 4 de Nogales y Santa Cruz, Celeste Janeth Boj\u00f3rquez Qui\u00f1onez<\/li>\n<\/ul>\n<p>&nbsp;<\/p>\n<ul>\n<li>Distrito 6 de Hermosillo, Blanca Lorena Colosio Altamirano<\/li>\n<\/ul>\n<p>&nbsp;<\/p>\n<ul>\n<li>Distrito 6 de Hermosillo, Sara Elba Thomson Vasquez<\/li>\n<\/ul>\n<p>&nbsp;<\/p>\n<ul>\n<li>Distrito 6 de Hermosillo, Zaira Fern\u00e1ndez Morales<\/li>\n<\/ul>\n<p>&nbsp;<\/p>\n<ul>\n<li>Distrito 6 de Hermosillo, Erick Niebla Qui\u00f1onez<\/li>\n<\/ul>\n<p>&nbsp;<\/p>\n<ul>\n<li>Distrito 7 de Agua Prieta, Bacad\u00e9huachi, Bacerac, Avispe, Cumpas, Fronteras, Granados, Huachinera, Huasabas, Moctezuma, Naco, Nacori Chico, Nacozari de Garc\u00eda y Villa Hidalgo, Andrea Celeste Ramos Erivez.<\/li>\n<\/ul>\n<p>&nbsp;<\/p>\n<ul>\n<li>Distrito 9 de Hermosillo, Luis Miguel Vargas Delgado<\/li>\n<\/ul>\n<p>&nbsp;<\/p>\n<ul>\n<li>Distrito 11 de Hermosillo, Isela Montes de Oca Tapia<\/li>\n<\/ul>\n<p>&nbsp;<\/p>\n<ul>\n<li>Distrito 12 de Hermosillo, Daniel Garc\u00eda Escalante<\/li>\n<\/ul>\n<p>&nbsp;<\/p>\n<ul>\n<li>Distrito 12 de Hermosillo, H\u00e9ctor Raymundo Medrano Andrade<\/li>\n<\/ul>\n<p>&nbsp;<\/p>\n<ul>\n<li>Distrito 13 de Guaymas, Otto Claussen Iberri<\/li>\n<\/ul>\n<p>&nbsp;<\/p>\n<ul>\n<li>Distrito 16 de Cajeme, Karmen A\u00edda Diaz Brown Ojeda<\/li>\n<\/ul>\n<p>&nbsp;<\/p>\n<ul>\n<li>Distrito 17 de Cajeme, Rodolfo Verduzco Hern\u00e1ndez<\/li>\n<\/ul>\n<p>&nbsp;<\/p>\n<ul>\n<li>Distrito 18 de Cananea, Aconchi, Arizpe, Bacoachi, Ban\u00e1michi, Bavi\u00e1cora, Cucurpe, Huepac, \u00cdmuris, Magdalena, San Felipe de Jes\u00fas, Villa Pesqueira, Carb\u00f3, La Colorada, Mazat\u00e1n, Opodepe, Ray\u00f3n, San Miguel de Horcasitas y Ures, Alejandro Corrales F\u00e9lix.<\/li>\n<\/ul>\n<p>&nbsp;<\/p>\n<ul>\n<li>Distrito 20 de Etchojoa, Navojoa y Benito Ju\u00e1rez, Blasa F\u00e9lix Castillo<\/li>\n<\/ul>\n<p>&nbsp;<\/p>\n<ul>\n<li>Distrito 21 de Huatabampo, Arivechi, Bacanora, Divisaderos, Sahuaripa, San Javier, San Pedro de la Cueva, Soyopa, Suaqui Grande, Tepache, \u00c1lamos, Navojoa, \u00d3navas, Quiriego, Rosario y Y\u00e9cora, V\u00edctor Manuel Balderrama C\u00e1rdenas.<\/li>\n<\/ul>\n<p><strong><em><u>Fecha de publicaci\u00f3n<\/u><\/em><\/strong><strong><em><u> lunes 18 de marzo de 2024<\/u><\/em><\/strong><\/p>\n<p>&nbsp;<\/p>\n","protected":false},"excerpt":{"rendered":"<p>&nbsp; &nbsp; HERMOSILLO, SONORA,MX.\u02d7\u02d7\u02d7 Como parte del proceso interno del Partido Revolucionario Institucional (PRI) en&#8230;<\/p>\n","protected":false},"author":1,"featured_media":185728,"comment_status":"open","ping_status":"open","sticky":false,"template":"","format":"standard","meta":{"_monsterinsights_skip_tracking":false,"_monsterinsights_sitenote_active":false,"_monsterinsights_sitenote_note":"","_monsterinsights_sitenote_category":0,"footnotes":""},"categories":[9400],"tags":[],"class_list":["post"],"yoast_head":" \n<title>Sonora en Equipo. Se registran en el PRI Sonora aspirantes a candidatos para presidencias municipales y diputaciones locales ELECCI\u00d3NES<\/title>\n<meta name=\"description\" content=\"&nbsp; &nbsp; HERMOSILLO, SONORA,MX.\u02d7\u02d7\u02d7 Como parte del proceso interno del Partido Revolucionario Institucional (PRI) en Sonora, se hizo el registro de En Sonora en Equipo publicamos toda la informaci\u00f3n de Sonora, M\u00e9xico y el Mundo de manera oportuna y busca que la libertad de expresi\u00f3n sea real. Visita nuestro medio informativo publicado desde Hermosillo, Sonora. %\" \/>\n<meta name=\"robots\" content=\"index, follow, max-snippet:-1, max-image-preview:large, max-video-preview:-1\" \/>\n<link rel=\"canonical\" href=\"https:\/\/www.sonoraenequipo.com.mx\/se-registran-en-el-pri-sonora-aspirantes-a-candidatos-para-presidencias-municipales-y-diputaciones-locales\/\" \/>\n<meta property=\"og:locale\" content=\"es_ES\" \/>\n<meta property=\"og:type\" content=\"article\" \/>\n<meta property=\"og:title\" content=\"Sonora en Equipo. Se registran en el PRI Sonora aspirantes a candidatos para presidencias municipales y diputaciones locales ELECCI\u00d3NES\" \/>\n<meta property=\"og:description\" content=\"&nbsp; &nbsp; HERMOSILLO, SONORA,MX.\u02d7\u02d7\u02d7 Como parte del proceso interno del Partido Revolucionario Institucional (PRI) en Sonora, se hizo el registro de En Sonora en Equipo publicamos toda la informaci\u00f3n de Sonora, M\u00e9xico y el Mundo de manera oportuna y busca que la libertad de expresi\u00f3n sea real. Visita nuestro medio informativo publicado desde Hermosillo, Sonora. %\" \/>\n<meta property=\"og:url\" content=\"https:\/\/www.sonoraenequipo.com.mx\/se-registran-en-el-pri-sonora-aspirantes-a-candidatos-para-presidencias-municipales-y-diputaciones-locales\/\" \/>\n<meta property=\"og:site_name\" content=\"Sonora en Equipo.\" \/>\n<meta property=\"article:publisher\" content=\"https:\/\/www.facebook.com\/SonoraEE\/\" \/>\n<meta property=\"article:author\" content=\"https:\/\/www.facebook.com\/SonoraEE\" \/>\n<meta property=\"article:published_time\" content=\"2024-03-18T20:51:34+00:00\" \/>\n<meta property=\"og:image\" content=\"https:\/\/www.sonoraenequipo.com.mx\/storage\/2024\/03\/pri-aspirantes.jpg\" \/>\n\t<meta property=\"og:image:width\" content=\"600\" \/>\n\t<meta property=\"og:image:height\" content=\"337\" \/>\n\t<meta property=\"og:image:type\" content=\"image\/jpeg\" \/>\n<meta name=\"author\" content=\"enequipo\" \/>\n<meta name=\"twitter:card\" content=\"summary_large_image\" \/>\n<meta name=\"twitter:creator\" content=\"@sonoraenequipo\" \/>\n<meta name=\"twitter:site\" content=\"@sonoraenequipo\" \/>\n<meta name=\"twitter:label1\" content=\"Escrito por\" \/>\n\t<meta name=\"twitter:data1\" content=\"enequipo\" \/>\n\t<meta name=\"twitter:label2\" content=\"Tiempo de lectura\" \/>\n\t<meta name=\"twitter:data2\" content=\"4 minutos\" \/>\n<script type=\"application\/ld+json\" class=\"yoast-schema-graph\">{\"@context\":\"https:\/\/schema.org\",\"@graph\":[{\"@type\":\"Article\",\"@id\":\"https:\/\/www.sonoraenequipo.com.mx\/se-registran-en-el-pri-sonora-aspirantes-a-candidatos-para-presidencias-municipales-y-diputaciones-locales\/#article\",\"isPartOf\":{\"@id\":\"https:\/\/www.sonoraenequipo.com.mx\/se-registran-en-el-pri-sonora-aspirantes-a-candidatos-para-presidencias-municipales-y-diputaciones-locales\/\"},\"author\":{\"name\":\"enequipo\",\"@id\":\"https:\/\/www.sonoraenequipo.com.mx\/#\/schema\/person\/50102df0fb23a8fa9e8effad8fa81386\"},\"headline\":\"Se registran en el PRI Sonora aspirantes a candidatos para presidencias municipales y diputaciones locales\",\"datePublished\":\"2024-03-18T20:51:34+00:00\",\"mainEntityOfPage\":{\"@id\":\"https:\/\/www.sonoraenequipo.com.mx\/se-registran-en-el-pri-sonora-aspirantes-a-candidatos-para-presidencias-municipales-y-diputaciones-locales\/\"},\"wordCount\":869,\"commentCount\":0,\"publisher\":{\"@id\":\"https:\/\/www.sonoraenequipo.com.mx\/#organization\"},\"image\":{\"@id\":\"https:\/\/www.sonoraenequipo.com.mx\/se-registran-en-el-pri-sonora-aspirantes-a-candidatos-para-presidencias-municipales-y-diputaciones-locales\/#primaryimage\"},\"thumbnailUrl\":\"https:\/\/www.sonoraenequipo.com.mx\/storage\/2024\/03\/pri-aspirantes.jpg\",\"articleSection\":[\"ELECCI\u00d3NES\"],\"inLanguage\":\"es\",\"potentialAction\":[{\"@type\":\"CommentAction\",\"name\":\"Comment\",\"target\":[\"https:\/\/www.sonoraenequipo.com.mx\/se-registran-en-el-pri-sonora-aspirantes-a-candidatos-para-presidencias-municipales-y-diputaciones-locales\/#respond\"]}]},{\"@type\":\"WebPage\",\"@id\":\"https:\/\/www.sonoraenequipo.com.mx\/se-registran-en-el-pri-sonora-aspirantes-a-candidatos-para-presidencias-municipales-y-diputaciones-locales\/\",\"url\":\"https:\/\/www.sonoraenequipo.com.mx\/se-registran-en-el-pri-sonora-aspirantes-a-candidatos-para-presidencias-municipales-y-diputaciones-locales\/\",\"name\":\"Sonora en Equipo. Se registran en el PRI Sonora aspirantes a candidatos para presidencias municipales y diputaciones locales ELECCI\u00d3NES\",\"isPartOf\":{\"@id\":\"https:\/\/www.sonoraenequipo.com.mx\/#website\"},\"primaryImageOfPage\":{\"@id\":\"https:\/\/www.sonoraenequipo.com.mx\/se-registran-en-el-pri-sonora-aspirantes-a-candidatos-para-presidencias-municipales-y-diputaciones-locales\/#primaryimage\"},\"image\":{\"@id\":\"https:\/\/www.sonoraenequipo.com.mx\/se-registran-en-el-pri-sonora-aspirantes-a-candidatos-para-presidencias-municipales-y-diputaciones-locales\/#primaryimage\"},\"thumbnailUrl\":\"https:\/\/www.sonoraenequipo.com.mx\/storage\/2024\/03\/pri-aspirantes.jpg\",\"datePublished\":\"2024-03-18T20:51:34+00:00\",\"description\":\"&nbsp; &nbsp; HERMOSILLO, SONORA,MX.\u02d7\u02d7\u02d7 Como parte del proceso interno del Partido Revolucionario Institucional (PRI) en Sonora, se hizo el registro de En Sonora en Equipo publicamos toda la informaci\u00f3n de Sonora, M\u00e9xico y el Mundo de manera oportuna y busca que la libertad de expresi\u00f3n sea real. Visita nuestro medio informativo publicado desde Hermosillo, Sonora. %\",\"breadcrumb\":{\"@id\":\"https:\/\/www.sonoraenequipo.com.mx\/se-registran-en-el-pri-sonora-aspirantes-a-candidatos-para-presidencias-municipales-y-diputaciones-locales\/#breadcrumb\"},\"inLanguage\":\"es\",\"potentialAction\":[{\"@type\":\"ReadAction\",\"target\":[\"https:\/\/www.sonoraenequipo.com.mx\/se-registran-en-el-pri-sonora-aspirantes-a-candidatos-para-presidencias-municipales-y-diputaciones-locales\/\"]}]},{\"@type\":\"ImageObject\",\"inLanguage\":\"es\",\"@id\":\"https:\/\/www.sonoraenequipo.com.mx\/se-registran-en-el-pri-sonora-aspirantes-a-candidatos-para-presidencias-municipales-y-diputaciones-locales\/#primaryimage\",\"url\":\"https:\/\/www.sonoraenequipo.com.mx\/storage\/2024\/03\/pri-aspirantes.jpg\",\"contentUrl\":\"https:\/\/www.sonoraenequipo.com.mx\/storage\/2024\/03\/pri-aspirantes.jpg\",\"width\":600,\"height\":337},{\"@type\":\"BreadcrumbList\",\"@id\":\"https:\/\/www.sonoraenequipo.com.mx\/se-registran-en-el-pri-sonora-aspirantes-a-candidatos-para-presidencias-municipales-y-diputaciones-locales\/#breadcrumb\",\"itemListElement\":[{\"@type\":\"ListItem\",\"position\":1,\"name\":\"Portada\",\"item\":\"https:\/\/www.sonoraenequipo.com.mx\/\"},{\"@type\":\"ListItem\",\"position\":2,\"name\":\"Se registran en el PRI Sonora aspirantes a candidatos para presidencias municipales y diputaciones locales\"}]},{\"@type\":\"WebSite\",\"@id\":\"https:\/\/www.sonoraenequipo.com.mx\/#website\",\"url\":\"https:\/\/www.sonoraenequipo.com.mx\/\",\"name\":\"Sonora en Equipo.\",\"description\":\"Diario en l\u00ednea con Noticias desde Hermosillo, Sonora\",\"publisher\":{\"@id\":\"https:\/\/www.sonoraenequipo.com.mx\/#organization\"},\"potentialAction\":[{\"@type\":\"SearchAction\",\"target\":{\"@type\":\"EntryPoint\",\"urlTemplate\":\"https:\/\/www.sonoraenequipo.com.mx\/?s={search_term_string}\"},\"query-input\":{\"@type\":\"PropertyValueSpecification\",\"valueRequired\":true,\"valueName\":\"search_term_string\"}}],\"inLanguage\":\"es\"},{\"@type\":\"Organization\",\"@id\":\"https:\/\/www.sonoraenequipo.com.mx\/#organization\",\"name\":\"Sonoraenequipo.com.mx\",\"url\":\"https:\/\/www.sonoraenequipo.com.mx\/\",\"logo\":{\"@type\":\"ImageObject\",\"inLanguage\":\"es\",\"@id\":\"https:\/\/www.sonoraenequipo.com.mx\/#\/schema\/logo\/image\/\",\"url\":\"https:\/\/www.sonoraenequipo.com.mx\/storage\/2019\/01\/sonoraenequipo_opt.png\",\"contentUrl\":\"https:\/\/www.sonoraenequipo.com.mx\/storage\/2019\/01\/sonoraenequipo_opt.png\",\"width\":375,\"height\":125,\"caption\":\"Sonoraenequipo.com.mx\"},\"image\":{\"@id\":\"https:\/\/www.sonoraenequipo.com.mx\/#\/schema\/logo\/image\/\"},\"sameAs\":[\"https:\/\/www.facebook.com\/SonoraEE\/\",\"https:\/\/x.com\/sonoraenequipo\",\"https:\/\/www.youtube.com\/channel\/UC338nW-lPEYmJQs4ZABQ1SQ\"]},{\"@type\":\"Person\",\"@id\":\"https:\/\/www.sonoraenequipo.com.mx\/#\/schema\/person\/50102df0fb23a8fa9e8effad8fa81386\",\"name\":\"enequipo\",\"image\":{\"@type\":\"ImageObject\",\"inLanguage\":\"es\",\"@id\":\"https:\/\/www.sonoraenequipo.com.mx\/#\/schema\/person\/image\/\",\"url\":\"https:\/\/secure.gravatar.com\/avatar\/049821681b589dabc0bc20695993ccebb09f5b5d4d790cd9251b97faac7c652b?s=96&d=blank&r=g\",\"contentUrl\":\"https:\/\/secure.gravatar.com\/avatar\/049821681b589dabc0bc20695993ccebb09f5b5d4d790cd9251b97faac7c652b?s=96&d=blank&r=g\",\"caption\":\"enequipo\"},\"sameAs\":[\"https:\/\/www.facebook.com\/SonoraEE\"]}]}<\/script>\n ","yoast_head_json":{"title":"Sonora en Equipo. Se registran en el PRI Sonora aspirantes a candidatos para presidencias municipales y diputaciones locales ELECCI\u00d3NES","description":"&nbsp; &nbsp; HERMOSILLO, SONORA,MX.\u02d7\u02d7\u02d7 Como parte del proceso interno del Partido Revolucionario Institucional (PRI) en Sonora, se hizo el registro de En Sonora en Equipo publicamos toda la informaci\u00f3n de Sonora, M\u00e9xico y el Mundo de manera oportuna y busca que la libertad de expresi\u00f3n sea real. Visita nuestro medio informativo publicado desde Hermosillo, Sonora. %","robots":{"index":"index","follow":"follow","max-snippet":"max-snippet:-1","max-image-preview":"max-image-preview:large","max-video-preview":"max-video-preview:-1"},"canonical":"https:\/\/www.sonoraenequipo.com.mx\/se-registran-en-el-pri-sonora-aspirantes-a-candidatos-para-presidencias-municipales-y-diputaciones-locales\/","og_locale":"es_ES","og_type":"article","og_title":"Sonora en Equipo. Se registran en el PRI Sonora aspirantes a candidatos para presidencias municipales y diputaciones locales ELECCI\u00d3NES","og_description":"&nbsp; &nbsp; HERMOSILLO, SONORA,MX.\u02d7\u02d7\u02d7 Como parte del proceso interno del Partido Revolucionario Institucional (PRI) en Sonora, se hizo el registro de En Sonora en Equipo publicamos toda la informaci\u00f3n de Sonora, M\u00e9xico y el Mundo de manera oportuna y busca que la libertad de expresi\u00f3n sea real. Visita nuestro medio informativo publicado desde Hermosillo, Sonora. %","og_url":"https:\/\/www.sonoraenequipo.com.mx\/se-registran-en-el-pri-sonora-aspirantes-a-candidatos-para-presidencias-municipales-y-diputaciones-locales\/","og_site_name":"Sonora en Equipo.","article_publisher":"https:\/\/www.facebook.com\/SonoraEE\/","article_author":"https:\/\/www.facebook.com\/SonoraEE","article_published_time":"2024-03-18T20:51:34+00:00","og_image":[{"width":600,"height":337,"url":"https:\/\/www.sonoraenequipo.com.mx\/storage\/2024\/03\/pri-aspirantes.jpg","type":"image\/jpeg"}],"author":"enequipo","twitter_card":"summary_large_image","twitter_creator":"@sonoraenequipo","twitter_site":"@sonoraenequipo","twitter_misc":{"Escrito por":"enequipo","Tiempo de lectura":"4 minutos"},"schema":{"@context":"https:\/\/schema.org","@graph":[{"@type":"Article","@id":"https:\/\/www.sonoraenequipo.com.mx\/se-registran-en-el-pri-sonora-aspirantes-a-candidatos-para-presidencias-municipales-y-diputaciones-locales\/#article","isPartOf":{"@id":"https:\/\/www.sonoraenequipo.com.mx\/se-registran-en-el-pri-sonora-aspirantes-a-candidatos-para-presidencias-municipales-y-diputaciones-locales\/"},"author":{"name":"enequipo","@id":"https:\/\/www.sonoraenequipo.com.mx\/#\/schema\/person\/50102df0fb23a8fa9e8effad8fa81386"},"headline":"Se registran en el PRI Sonora aspirantes a candidatos para presidencias municipales y diputaciones locales","datePublished":"2024-03-18T20:51:34+00:00","mainEntityOfPage":{"@id":"https:\/\/www.sonoraenequipo.com.mx\/se-registran-en-el-pri-sonora-aspirantes-a-candidatos-para-presidencias-municipales-y-diputaciones-locales\/"},"wordCount":869,"commentCount":0,"publisher":{"@id":"https:\/\/www.sonoraenequipo.com.mx\/#organization"},"image":{"@id":"https:\/\/www.sonoraenequipo.com.mx\/se-registran-en-el-pri-sonora-aspirantes-a-candidatos-para-presidencias-municipales-y-diputaciones-locales\/#primaryimage"},"thumbnailUrl":"https:\/\/www.sonoraenequipo.com.mx\/storage\/2024\/03\/pri-aspirantes.jpg","articleSection":["ELECCI\u00d3NES"],"inLanguage":"es","potentialAction":[{"@type":"CommentAction","name":"Comment","target":["https:\/\/www.sonoraenequipo.com.mx\/se-registran-en-el-pri-sonora-aspirantes-a-candidatos-para-presidencias-municipales-y-diputaciones-locales\/#respond"]}]},{"@type":"WebPage","@id":"https:\/\/www.sonoraenequipo.com.mx\/se-registran-en-el-pri-sonora-aspirantes-a-candidatos-para-presidencias-municipales-y-diputaciones-locales\/","url":"https:\/\/www.sonoraenequipo.com.mx\/se-registran-en-el-pri-sonora-aspirantes-a-candidatos-para-presidencias-municipales-y-diputaciones-locales\/","name":"Sonora en Equipo. Se registran en el PRI Sonora aspirantes a candidatos para presidencias municipales y diputaciones locales ELECCI\u00d3NES","isPartOf":{"@id":"https:\/\/www.sonoraenequipo.com.mx\/#website"},"primaryImageOfPage":{"@id":"https:\/\/www.sonoraenequipo.com.mx\/se-registran-en-el-pri-sonora-aspirantes-a-candidatos-para-presidencias-municipales-y-diputaciones-locales\/#primaryimage"},"image":{"@id":"https:\/\/www.sonoraenequipo.com.mx\/se-registran-en-el-pri-sonora-aspirantes-a-candidatos-para-presidencias-municipales-y-diputaciones-locales\/#primaryimage"},"thumbnailUrl":"https:\/\/www.sonoraenequipo.com.mx\/storage\/2024\/03\/pri-aspirantes.jpg","datePublished":"2024-03-18T20:51:34+00:00","description":"&nbsp; &nbsp; HERMOSILLO, SONORA,MX.\u02d7\u02d7\u02d7 Como parte del proceso interno del Partido Revolucionario Institucional (PRI) en Sonora, se hizo el registro de En Sonora en Equipo publicamos toda la informaci\u00f3n de Sonora, M\u00e9xico y el Mundo de manera oportuna y busca que la libertad de expresi\u00f3n sea real. Visita nuestro medio informativo publicado desde Hermosillo, Sonora. %","breadcrumb":{"@id":"https:\/\/www.sonoraenequipo.com.mx\/se-registran-en-el-pri-sonora-aspirantes-a-candidatos-para-presidencias-municipales-y-diputaciones-locales\/#breadcrumb"},"inLanguage":"es","potentialAction":[{"@type":"ReadAction","target":["https:\/\/www.sonoraenequipo.com.mx\/se-registran-en-el-pri-sonora-aspirantes-a-candidatos-para-presidencias-municipales-y-diputaciones-locales\/"]}]},{"@type":"ImageObject","inLanguage":"es","@id":"https:\/\/www.sonoraenequipo.com.mx\/se-registran-en-el-pri-sonora-aspirantes-a-candidatos-para-presidencias-municipales-y-diputaciones-locales\/#primaryimage","url":"https:\/\/www.sonoraenequipo.com.mx\/storage\/2024\/03\/pri-aspirantes.jpg","contentUrl":"https:\/\/www.sonoraenequipo.com.mx\/storage\/2024\/03\/pri-aspirantes.jpg","width":600,"height":337},{"@type":"BreadcrumbList","@id":"https:\/\/www.sonoraenequipo.com.mx\/se-registran-en-el-pri-sonora-aspirantes-a-candidatos-para-presidencias-municipales-y-diputaciones-locales\/#breadcrumb","itemListElement":[{"@type":"ListItem","position":1,"name":"Portada","item":"https:\/\/www.sonoraenequipo.com.mx\/"},{"@type":"ListItem","position":2,"name":"Se registran en el PRI Sonora aspirantes a candidatos para presidencias municipales y diputaciones locales"}]},{"@type":"WebSite","@id":"https:\/\/www.sonoraenequipo.com.mx\/#website","url":"https:\/\/www.sonoraenequipo.com.mx\/","name":"Sonora en Equipo.","description":"Diario en l\u00ednea con Noticias desde Hermosillo, Sonora","publisher":{"@id":"https:\/\/www.sonoraenequipo.com.mx\/#organization"},"potentialAction":[{"@type":"SearchAction","target":{"@type":"EntryPoint","urlTemplate":"https:\/\/www.sonoraenequipo.com.mx\/?s={search_term_string}"},"query-input":{"@type":"PropertyValueSpecification","valueRequired":true,"valueName":"search_term_string"}}],"inLanguage":"es"},{"@type":"Organization","@id":"https:\/\/www.sonoraenequipo.com.mx\/#organization","name":"Sonoraenequipo.com.mx","url":"https:\/\/www.sonoraenequipo.com.mx\/","logo":{"@type":"ImageObject","inLanguage":"es","@id":"https:\/\/www.sonoraenequipo.com.mx\/#\/schema\/logo\/image\/","url":"https:\/\/www.sonoraenequipo.com.mx\/storage\/2019\/01\/sonoraenequipo_opt.png","contentUrl":"https:\/\/www.sonoraenequipo.com.mx\/storage\/2019\/01\/sonoraenequipo_opt.png","width":375,"height":125,"caption":"Sonoraenequipo.com.mx"},"image":{"@id":"https:\/\/www.sonoraenequipo.com.mx\/#\/schema\/logo\/image\/"},"sameAs":["https:\/\/www.facebook.com\/SonoraEE\/","https:\/\/x.com\/sonoraenequipo","https:\/\/www.youtube.com\/channel\/UC338nW-lPEYmJQs4ZABQ1SQ"]},{"@type":"Person","@id":"https:\/\/www.sonoraenequipo.com.mx\/#\/schema\/person\/50102df0fb23a8fa9e8effad8fa81386","name":"enequipo","image":{"@type":"ImageObject","inLanguage":"es","@id":"https:\/\/www.sonoraenequipo.com.mx\/#\/schema\/person\/image\/","url":"https:\/\/secure.gravatar.com\/avatar\/049821681b589dabc0bc20695993ccebb09f5b5d4d790cd9251b97faac7c652b?s=96&d=blank&r=g","contentUrl":"https:\/\/secure.gravatar.com\/avatar\/049821681b589dabc0bc20695993ccebb09f5b5d4d790cd9251b97faac7c652b?s=96&d=blank&r=g","caption":"enequipo"},"sameAs":["https:\/\/www.facebook.com\/SonoraEE"]}]}},"jetpack_featured_media_url":"https:\/\/www.sonoraenequipo.com.mx\/storage\/2024\/03\/pri-aspirantes.jpg","_links":{"self":[{"href":"https:\/\/www.sonoraenequipo.com.mx\/api\/wp\/v2\/posts\/185727","targetHints":{"allow":["GET"]}}],"collection":[{"href":"https:\/\/www.sonoraenequipo.com.mx\/api\/wp\/v2\/posts"}],"about":[{"href":"https:\/\/www.sonoraenequipo.com.mx\/api\/wp\/v2\/types\/post"}],"author":[{"embeddable":true,"href":"https:\/\/www.sonoraenequipo.com.mx\/api\/wp\/v2\/users\/1"}],"replies":[{"embeddable":true,"href":"https:\/\/www.sonoraenequipo.com.mx\/api\/wp\/v2\/comments?post=185727"}],"version-history":[{"count":1,"href":"https:\/\/www.sonoraenequipo.com.mx\/api\/wp\/v2\/posts\/185727\/revisions"}],"predecessor-version":[{"id":185729,"href":"https:\/\/www.sonoraenequipo.com.mx\/api\/wp\/v2\/posts\/185727\/revisions\/185729"}],"wp:featuredmedia":[{"embeddable":true,"href":"https:\/\/www.sonoraenequipo.com.mx\/api\/wp\/v2\/media\/185728"}],"wp:attachment":[{"href":"https:\/\/www.sonoraenequipo.com.mx\/api\/wp\/v2\/media?parent=185727"}],"wp:term":[{"taxonomy":"category","embeddable":true,"href":"https:\/\/www.sonoraenequipo.com.mx\/api\/wp\/v2\/categories?post=185727"},{"taxonomy":"post_tag","embeddable":true,"href":"https:\/\/www.sonoraenequipo.com.mx\/api\/wp\/v2\/tags?post=185727"}],"curies":[{"name":"wp","href":"https:\/\/api.w.org\/{rel}","templated":true}]}}