{"id":185741,"date":"2024-03-18T10:08:18","date_gmt":"2024-03-18T17:08:18","guid":{"rendered":"https:\/\/www.sonoraenequipo.com.mx\/?p=185741"},"modified":"2024-03-18T18:21:56","modified_gmt":"2024-03-19T01:21:56","slug":"estables-costos-de-combustibles-y-alimentos-profeco-presidente-llama-a-cuidar-consumo-de-electricidad","status":"publish","type":"post","link":"https:\/\/www.sonoraenequipo.com.mx\/estables-costos-de-combustibles-y-alimentos-profeco-presidente-llama-a-cuidar-consumo-de-electricidad\/","title":{"rendered":"Estables, costos de combustibles y alimentos: Profeco; presidente llama a cuidar consumo de electricidad"},"content":{"rendered":"<p><strong>CIUDAD DE M\u00c9XICO. MX. \u2014<\/strong> El titular de la Procuradur\u00eda Federal del Consumidor (Profeco), David Aguilar Romero, present\u00f3 el segmento Qui\u00e9n es Qui\u00e9n en los Precios de los combustibles, los cuales se mantienen estables al 14 de marzo.<\/p>\n<p>&nbsp;<\/p>\n<p>&nbsp;<\/p>\n<p> <br \/>\nLa gasolina Magna se ubic\u00f3 en 23.01 pesos; esta semana tendr\u00e1 un incentivo fiscal de 12.9 por ciento. El di\u00e9sel, en 24.81 pesos; registrar\u00e1 un subsidio del 4.6 por ciento y la gasolina Premium, en 24.81 pesos; no tendr\u00e1 incentivo fiscal. En tanto, la mezcla mexicana se ofreci\u00f3 en 75.89 d\u00f3lares por barril en el mercado internacional.<\/p>\n<p>&nbsp;<\/p>\n<p>&nbsp;<\/p>\n<p>Las franquicias Hidrosina y G500 son aliadas de las y los consumidores al registrar menos ganancias, mientras que ARCO, Chevron y Oxxo Gas vendieron los combustibles a precios superiores a los establecidos por cada litro, puntualiz\u00f3 en conferencia de prensa matutina con el presidente Andr\u00e9s Manuel L\u00f3pez Obrador.<\/p>\n<p>&nbsp;<\/p>\n<p>&nbsp;<\/p>\n<p>El precio del gas LP en M\u00e9xico continu\u00f3 al 13 de marzo su comportamiento por debajo de lo cotizado en el mercado internacional. El kilogramo de tanque de cilindro a nivel nacional cost\u00f3 19.56 pesos y el litro para tanque estacionario, 10.56 pesos en promedio a nivel nacional.<\/p>\n<p>&nbsp;<\/p>\n<p>&nbsp;<\/p>\n<p>La canasta b\u00e1sica de 24 productos baj\u00f3 la semana pasada a un precio promedio de 813.32 pesos a nivel nacional, lo que significa 210 pesos por debajo de la cifra de mil 39 pesos establecida entre distribuidores, tiendas de autoservicio y el gobierno federal en el norte, centro y sur del pa\u00eds.<\/p>\n<p>&nbsp;<\/p>\n<p>&nbsp;<\/p>\n<p>El \u00cdndice Nacional de Precios al Consumidor del Instituto Nacional de Estad\u00edstica y Geograf\u00eda presenta tendencia a la baja en el rubro de alimentos.<\/p>\n<p>&nbsp;<\/p>\n<h3>Presidente llama a cuidar consumo de electricidad<\/h3>\n<p>El presidente L\u00f3pez Obrador llam\u00f3 a la poblaci\u00f3n a proteger el ambiente y recursos primordiales como el agua, el petr\u00f3leo y el gas a trav\u00e9s del uso razonable de la electricidad.<\/p>\n<p>&nbsp;<\/p>\n<p>&nbsp;<\/p>\n<p>Exhort\u00f3 a emplear s\u00f3lo la necesaria,<em><strong> \u201cindependientemente de lo que paguemos, que cuidemos mucho el consumo de la luz y que vayamos pensando en una forma de vida m\u00e1s austera\u201d.<\/strong><\/em><\/p>\n<p>&nbsp;<\/p>\n<p>&nbsp;<\/p>\n<p>\u201cAntes nuestros padres, antes de salir de la casa, todo mundo apagando la luz, se cuidaba eso. No hay que olvidar eso, no s\u00f3lo porque nosotros nos beneficiamos, pagamos menos, sino porque consumimos menos recursos, que son necesarios y que debemos de cuidar\u201d, mencion\u00f3.<\/p>\n<p>&nbsp;<\/p>\n<p>PUBLICADO EL 18 DE MARZO DE 2024\/\/ Con informaci\u00f3n conferencia matutina presidencial)<\/p>\n","protected":false},"excerpt":{"rendered":"<p>CIUDAD DE M\u00c9XICO. MX. \u2014 El titular de la Procuradur\u00eda Federal del Consumidor (Profeco), David&#8230;<\/p>\n","protected":false},"author":1,"featured_media":185755,"comment_status":"open","ping_status":"open","sticky":false,"template":"","format":"standard","meta":{"_monsterinsights_skip_tracking":false,"_monsterinsights_sitenote_active":false,"_monsterinsights_sitenote_note":"","_monsterinsights_sitenote_category":0,"footnotes":""},"categories":[5],"tags":[],"class_list":["post"],"yoast_head":" \n<title>Sonora en Equipo. Estables, costos de combustibles y alimentos: Profeco; presidente llama a cuidar consumo de electricidad Rep\u00fablica<\/title>\n<meta name=\"description\" content=\"CIUDAD DE M\u00c9XICO. MX. \u2014 El titular de la Procuradur\u00eda Federal del Consumidor (Profeco), David Aguilar Romero, present\u00f3 el segmento Qui\u00e9n es Qui\u00e9n en los En Sonora en Equipo publicamos toda la informaci\u00f3n de Sonora, M\u00e9xico y el Mundo de manera oportuna y busca que la libertad de expresi\u00f3n sea real. Visita nuestro medio informativo publicado desde Hermosillo, Sonora. %\" \/>\n<meta name=\"robots\" content=\"index, follow, max-snippet:-1, max-image-preview:large, max-video-preview:-1\" \/>\n<link rel=\"canonical\" href=\"https:\/\/www.sonoraenequipo.com.mx\/estables-costos-de-combustibles-y-alimentos-profeco-presidente-llama-a-cuidar-consumo-de-electricidad\/\" \/>\n<meta property=\"og:locale\" content=\"es_ES\" \/>\n<meta property=\"og:type\" content=\"article\" \/>\n<meta property=\"og:title\" content=\"Sonora en Equipo. Estables, costos de combustibles y alimentos: Profeco; presidente llama a cuidar consumo de electricidad Rep\u00fablica\" \/>\n<meta property=\"og:description\" content=\"CIUDAD DE M\u00c9XICO. MX. \u2014 El titular de la Procuradur\u00eda Federal del Consumidor (Profeco), David Aguilar Romero, present\u00f3 el segmento Qui\u00e9n es Qui\u00e9n en los En Sonora en Equipo publicamos toda la informaci\u00f3n de Sonora, M\u00e9xico y el Mundo de manera oportuna y busca que la libertad de expresi\u00f3n sea real. Visita nuestro medio informativo publicado desde Hermosillo, Sonora. %\" \/>\n<meta property=\"og:url\" content=\"https:\/\/www.sonoraenequipo.com.mx\/estables-costos-de-combustibles-y-alimentos-profeco-presidente-llama-a-cuidar-consumo-de-electricidad\/\" \/>\n<meta property=\"og:site_name\" content=\"Sonora en Equipo.\" \/>\n<meta property=\"article:publisher\" content=\"https:\/\/www.facebook.com\/SonoraEE\/\" \/>\n<meta property=\"article:author\" content=\"https:\/\/www.facebook.com\/SonoraEE\" \/>\n<meta property=\"article:published_time\" content=\"2024-03-18T17:08:18+00:00\" \/>\n<meta property=\"article:modified_time\" content=\"2024-03-19T01:21:56+00:00\" \/>\n<meta property=\"og:image\" content=\"https:\/\/www.sonoraenequipo.com.mx\/storage\/2024\/03\/profeco.-2024-03-18-min.jpg\" \/>\n\t<meta property=\"og:image:width\" content=\"1502\" \/>\n\t<meta property=\"og:image:height\" content=\"1000\" \/>\n\t<meta property=\"og:image:type\" content=\"image\/jpeg\" \/>\n<meta name=\"author\" content=\"enequipo\" \/>\n<meta name=\"twitter:card\" content=\"summary_large_image\" \/>\n<meta name=\"twitter:creator\" content=\"@sonoraenequipo\" \/>\n<meta name=\"twitter:site\" content=\"@sonoraenequipo\" \/>\n<meta name=\"twitter:label1\" content=\"Escrito por\" \/>\n\t<meta name=\"twitter:data1\" content=\"enequipo\" \/>\n\t<meta name=\"twitter:label2\" content=\"Tiempo de lectura\" \/>\n\t<meta name=\"twitter:data2\" content=\"2 minutos\" \/>\n<script type=\"application\/ld+json\" class=\"yoast-schema-graph\">{\"@context\":\"https:\/\/schema.org\",\"@graph\":[{\"@type\":\"Article\",\"@id\":\"https:\/\/www.sonoraenequipo.com.mx\/estables-costos-de-combustibles-y-alimentos-profeco-presidente-llama-a-cuidar-consumo-de-electricidad\/#article\",\"isPartOf\":{\"@id\":\"https:\/\/www.sonoraenequipo.com.mx\/estables-costos-de-combustibles-y-alimentos-profeco-presidente-llama-a-cuidar-consumo-de-electricidad\/\"},\"author\":{\"name\":\"enequipo\",\"@id\":\"https:\/\/www.sonoraenequipo.com.mx\/#\/schema\/person\/50102df0fb23a8fa9e8effad8fa81386\"},\"headline\":\"Estables, costos de combustibles y alimentos: Profeco; presidente llama a cuidar consumo de electricidad\",\"datePublished\":\"2024-03-18T17:08:18+00:00\",\"dateModified\":\"2024-03-19T01:21:56+00:00\",\"mainEntityOfPage\":{\"@id\":\"https:\/\/www.sonoraenequipo.com.mx\/estables-costos-de-combustibles-y-alimentos-profeco-presidente-llama-a-cuidar-consumo-de-electricidad\/\"},\"wordCount\":425,\"commentCount\":0,\"publisher\":{\"@id\":\"https:\/\/www.sonoraenequipo.com.mx\/#organization\"},\"image\":{\"@id\":\"https:\/\/www.sonoraenequipo.com.mx\/estables-costos-de-combustibles-y-alimentos-profeco-presidente-llama-a-cuidar-consumo-de-electricidad\/#primaryimage\"},\"thumbnailUrl\":\"https:\/\/www.sonoraenequipo.com.mx\/storage\/2024\/03\/profeco.-2024-03-18-min.jpg\",\"articleSection\":[\"Rep\u00fablica\"],\"inLanguage\":\"es\",\"potentialAction\":[{\"@type\":\"CommentAction\",\"name\":\"Comment\",\"target\":[\"https:\/\/www.sonoraenequipo.com.mx\/estables-costos-de-combustibles-y-alimentos-profeco-presidente-llama-a-cuidar-consumo-de-electricidad\/#respond\"]}]},{\"@type\":\"WebPage\",\"@id\":\"https:\/\/www.sonoraenequipo.com.mx\/estables-costos-de-combustibles-y-alimentos-profeco-presidente-llama-a-cuidar-consumo-de-electricidad\/\",\"url\":\"https:\/\/www.sonoraenequipo.com.mx\/estables-costos-de-combustibles-y-alimentos-profeco-presidente-llama-a-cuidar-consumo-de-electricidad\/\",\"name\":\"Sonora en Equipo. Estables, costos de combustibles y alimentos: Profeco; presidente llama a cuidar consumo de electricidad Rep\u00fablica\",\"isPartOf\":{\"@id\":\"https:\/\/www.sonoraenequipo.com.mx\/#website\"},\"primaryImageOfPage\":{\"@id\":\"https:\/\/www.sonoraenequipo.com.mx\/estables-costos-de-combustibles-y-alimentos-profeco-presidente-llama-a-cuidar-consumo-de-electricidad\/#primaryimage\"},\"image\":{\"@id\":\"https:\/\/www.sonoraenequipo.com.mx\/estables-costos-de-combustibles-y-alimentos-profeco-presidente-llama-a-cuidar-consumo-de-electricidad\/#primaryimage\"},\"thumbnailUrl\":\"https:\/\/www.sonoraenequipo.com.mx\/storage\/2024\/03\/profeco.-2024-03-18-min.jpg\",\"datePublished\":\"2024-03-18T17:08:18+00:00\",\"dateModified\":\"2024-03-19T01:21:56+00:00\",\"description\":\"CIUDAD DE M\u00c9XICO. MX. \u2014 El titular de la Procuradur\u00eda Federal del Consumidor (Profeco), David Aguilar Romero, present\u00f3 el segmento Qui\u00e9n es Qui\u00e9n en los En Sonora en Equipo publicamos toda la informaci\u00f3n de Sonora, M\u00e9xico y el Mundo de manera oportuna y busca que la libertad de expresi\u00f3n sea real. Visita nuestro medio informativo publicado desde Hermosillo, Sonora. %\",\"breadcrumb\":{\"@id\":\"https:\/\/www.sonoraenequipo.com.mx\/estables-costos-de-combustibles-y-alimentos-profeco-presidente-llama-a-cuidar-consumo-de-electricidad\/#breadcrumb\"},\"inLanguage\":\"es\",\"potentialAction\":[{\"@type\":\"ReadAction\",\"target\":[\"https:\/\/www.sonoraenequipo.com.mx\/estables-costos-de-combustibles-y-alimentos-profeco-presidente-llama-a-cuidar-consumo-de-electricidad\/\"]}]},{\"@type\":\"ImageObject\",\"inLanguage\":\"es\",\"@id\":\"https:\/\/www.sonoraenequipo.com.mx\/estables-costos-de-combustibles-y-alimentos-profeco-presidente-llama-a-cuidar-consumo-de-electricidad\/#primaryimage\",\"url\":\"https:\/\/www.sonoraenequipo.com.mx\/storage\/2024\/03\/profeco.-2024-03-18-min.jpg\",\"contentUrl\":\"https:\/\/www.sonoraenequipo.com.mx\/storage\/2024\/03\/profeco.-2024-03-18-min.jpg\",\"width\":1502,\"height\":1000},{\"@type\":\"BreadcrumbList\",\"@id\":\"https:\/\/www.sonoraenequipo.com.mx\/estables-costos-de-combustibles-y-alimentos-profeco-presidente-llama-a-cuidar-consumo-de-electricidad\/#breadcrumb\",\"itemListElement\":[{\"@type\":\"ListItem\",\"position\":1,\"name\":\"Portada\",\"item\":\"https:\/\/www.sonoraenequipo.com.mx\/\"},{\"@type\":\"ListItem\",\"position\":2,\"name\":\"Estables, costos de combustibles y alimentos: Profeco; presidente llama a cuidar consumo de electricidad\"}]},{\"@type\":\"WebSite\",\"@id\":\"https:\/\/www.sonoraenequipo.com.mx\/#website\",\"url\":\"https:\/\/www.sonoraenequipo.com.mx\/\",\"name\":\"Sonora en Equipo.\",\"description\":\"Diario en l\u00ednea con Noticias desde Hermosillo, Sonora\",\"publisher\":{\"@id\":\"https:\/\/www.sonoraenequipo.com.mx\/#organization\"},\"potentialAction\":[{\"@type\":\"SearchAction\",\"target\":{\"@type\":\"EntryPoint\",\"urlTemplate\":\"https:\/\/www.sonoraenequipo.com.mx\/?s={search_term_string}\"},\"query-input\":{\"@type\":\"PropertyValueSpecification\",\"valueRequired\":true,\"valueName\":\"search_term_string\"}}],\"inLanguage\":\"es\"},{\"@type\":\"Organization\",\"@id\":\"https:\/\/www.sonoraenequipo.com.mx\/#organization\",\"name\":\"Sonoraenequipo.com.mx\",\"url\":\"https:\/\/www.sonoraenequipo.com.mx\/\",\"logo\":{\"@type\":\"ImageObject\",\"inLanguage\":\"es\",\"@id\":\"https:\/\/www.sonoraenequipo.com.mx\/#\/schema\/logo\/image\/\",\"url\":\"https:\/\/www.sonoraenequipo.com.mx\/storage\/2019\/01\/sonoraenequipo_opt.png\",\"contentUrl\":\"https:\/\/www.sonoraenequipo.com.mx\/storage\/2019\/01\/sonoraenequipo_opt.png\",\"width\":375,\"height\":125,\"caption\":\"Sonoraenequipo.com.mx\"},\"image\":{\"@id\":\"https:\/\/www.sonoraenequipo.com.mx\/#\/schema\/logo\/image\/\"},\"sameAs\":[\"https:\/\/www.facebook.com\/SonoraEE\/\",\"https:\/\/x.com\/sonoraenequipo\",\"https:\/\/www.youtube.com\/channel\/UC338nW-lPEYmJQs4ZABQ1SQ\"]},{\"@type\":\"Person\",\"@id\":\"https:\/\/www.sonoraenequipo.com.mx\/#\/schema\/person\/50102df0fb23a8fa9e8effad8fa81386\",\"name\":\"enequipo\",\"image\":{\"@type\":\"ImageObject\",\"inLanguage\":\"es\",\"@id\":\"https:\/\/www.sonoraenequipo.com.mx\/#\/schema\/person\/image\/\",\"url\":\"https:\/\/secure.gravatar.com\/avatar\/049821681b589dabc0bc20695993ccebb09f5b5d4d790cd9251b97faac7c652b?s=96&d=blank&r=g\",\"contentUrl\":\"https:\/\/secure.gravatar.com\/avatar\/049821681b589dabc0bc20695993ccebb09f5b5d4d790cd9251b97faac7c652b?s=96&d=blank&r=g\",\"caption\":\"enequipo\"},\"sameAs\":[\"https:\/\/www.facebook.com\/SonoraEE\"]}]}<\/script>\n ","yoast_head_json":{"title":"Sonora en Equipo. Estables, costos de combustibles y alimentos: Profeco; presidente llama a cuidar consumo de electricidad Rep\u00fablica","description":"CIUDAD DE M\u00c9XICO. MX. \u2014 El titular de la Procuradur\u00eda Federal del Consumidor (Profeco), David Aguilar Romero, present\u00f3 el segmento Qui\u00e9n es Qui\u00e9n en los En Sonora en Equipo publicamos toda la informaci\u00f3n de Sonora, M\u00e9xico y el Mundo de manera oportuna y busca que la libertad de expresi\u00f3n sea real. Visita nuestro medio informativo publicado desde Hermosillo, Sonora. %","robots":{"index":"index","follow":"follow","max-snippet":"max-snippet:-1","max-image-preview":"max-image-preview:large","max-video-preview":"max-video-preview:-1"},"canonical":"https:\/\/www.sonoraenequipo.com.mx\/estables-costos-de-combustibles-y-alimentos-profeco-presidente-llama-a-cuidar-consumo-de-electricidad\/","og_locale":"es_ES","og_type":"article","og_title":"Sonora en Equipo. Estables, costos de combustibles y alimentos: Profeco; presidente llama a cuidar consumo de electricidad Rep\u00fablica","og_description":"CIUDAD DE M\u00c9XICO. MX. \u2014 El titular de la Procuradur\u00eda Federal del Consumidor (Profeco), David Aguilar Romero, present\u00f3 el segmento Qui\u00e9n es Qui\u00e9n en los En Sonora en Equipo publicamos toda la informaci\u00f3n de Sonora, M\u00e9xico y el Mundo de manera oportuna y busca que la libertad de expresi\u00f3n sea real. Visita nuestro medio informativo publicado desde Hermosillo, Sonora. %","og_url":"https:\/\/www.sonoraenequipo.com.mx\/estables-costos-de-combustibles-y-alimentos-profeco-presidente-llama-a-cuidar-consumo-de-electricidad\/","og_site_name":"Sonora en Equipo.","article_publisher":"https:\/\/www.facebook.com\/SonoraEE\/","article_author":"https:\/\/www.facebook.com\/SonoraEE","article_published_time":"2024-03-18T17:08:18+00:00","article_modified_time":"2024-03-19T01:21:56+00:00","og_image":[{"width":1502,"height":1000,"url":"https:\/\/www.sonoraenequipo.com.mx\/storage\/2024\/03\/profeco.-2024-03-18-min.jpg","type":"image\/jpeg"}],"author":"enequipo","twitter_card":"summary_large_image","twitter_creator":"@sonoraenequipo","twitter_site":"@sonoraenequipo","twitter_misc":{"Escrito por":"enequipo","Tiempo de lectura":"2 minutos"},"schema":{"@context":"https:\/\/schema.org","@graph":[{"@type":"Article","@id":"https:\/\/www.sonoraenequipo.com.mx\/estables-costos-de-combustibles-y-alimentos-profeco-presidente-llama-a-cuidar-consumo-de-electricidad\/#article","isPartOf":{"@id":"https:\/\/www.sonoraenequipo.com.mx\/estables-costos-de-combustibles-y-alimentos-profeco-presidente-llama-a-cuidar-consumo-de-electricidad\/"},"author":{"name":"enequipo","@id":"https:\/\/www.sonoraenequipo.com.mx\/#\/schema\/person\/50102df0fb23a8fa9e8effad8fa81386"},"headline":"Estables, costos de combustibles y alimentos: Profeco; presidente llama a cuidar consumo de electricidad","datePublished":"2024-03-18T17:08:18+00:00","dateModified":"2024-03-19T01:21:56+00:00","mainEntityOfPage":{"@id":"https:\/\/www.sonoraenequipo.com.mx\/estables-costos-de-combustibles-y-alimentos-profeco-presidente-llama-a-cuidar-consumo-de-electricidad\/"},"wordCount":425,"commentCount":0,"publisher":{"@id":"https:\/\/www.sonoraenequipo.com.mx\/#organization"},"image":{"@id":"https:\/\/www.sonoraenequipo.com.mx\/estables-costos-de-combustibles-y-alimentos-profeco-presidente-llama-a-cuidar-consumo-de-electricidad\/#primaryimage"},"thumbnailUrl":"https:\/\/www.sonoraenequipo.com.mx\/storage\/2024\/03\/profeco.-2024-03-18-min.jpg","articleSection":["Rep\u00fablica"],"inLanguage":"es","potentialAction":[{"@type":"CommentAction","name":"Comment","target":["https:\/\/www.sonoraenequipo.com.mx\/estables-costos-de-combustibles-y-alimentos-profeco-presidente-llama-a-cuidar-consumo-de-electricidad\/#respond"]}]},{"@type":"WebPage","@id":"https:\/\/www.sonoraenequipo.com.mx\/estables-costos-de-combustibles-y-alimentos-profeco-presidente-llama-a-cuidar-consumo-de-electricidad\/","url":"https:\/\/www.sonoraenequipo.com.mx\/estables-costos-de-combustibles-y-alimentos-profeco-presidente-llama-a-cuidar-consumo-de-electricidad\/","name":"Sonora en Equipo. Estables, costos de combustibles y alimentos: Profeco; presidente llama a cuidar consumo de electricidad Rep\u00fablica","isPartOf":{"@id":"https:\/\/www.sonoraenequipo.com.mx\/#website"},"primaryImageOfPage":{"@id":"https:\/\/www.sonoraenequipo.com.mx\/estables-costos-de-combustibles-y-alimentos-profeco-presidente-llama-a-cuidar-consumo-de-electricidad\/#primaryimage"},"image":{"@id":"https:\/\/www.sonoraenequipo.com.mx\/estables-costos-de-combustibles-y-alimentos-profeco-presidente-llama-a-cuidar-consumo-de-electricidad\/#primaryimage"},"thumbnailUrl":"https:\/\/www.sonoraenequipo.com.mx\/storage\/2024\/03\/profeco.-2024-03-18-min.jpg","datePublished":"2024-03-18T17:08:18+00:00","dateModified":"2024-03-19T01:21:56+00:00","description":"CIUDAD DE M\u00c9XICO. MX. \u2014 El titular de la Procuradur\u00eda Federal del Consumidor (Profeco), David Aguilar Romero, present\u00f3 el segmento Qui\u00e9n es Qui\u00e9n en los En Sonora en Equipo publicamos toda la informaci\u00f3n de Sonora, M\u00e9xico y el Mundo de manera oportuna y busca que la libertad de expresi\u00f3n sea real. Visita nuestro medio informativo publicado desde Hermosillo, Sonora. %","breadcrumb":{"@id":"https:\/\/www.sonoraenequipo.com.mx\/estables-costos-de-combustibles-y-alimentos-profeco-presidente-llama-a-cuidar-consumo-de-electricidad\/#breadcrumb"},"inLanguage":"es","potentialAction":[{"@type":"ReadAction","target":["https:\/\/www.sonoraenequipo.com.mx\/estables-costos-de-combustibles-y-alimentos-profeco-presidente-llama-a-cuidar-consumo-de-electricidad\/"]}]},{"@type":"ImageObject","inLanguage":"es","@id":"https:\/\/www.sonoraenequipo.com.mx\/estables-costos-de-combustibles-y-alimentos-profeco-presidente-llama-a-cuidar-consumo-de-electricidad\/#primaryimage","url":"https:\/\/www.sonoraenequipo.com.mx\/storage\/2024\/03\/profeco.-2024-03-18-min.jpg","contentUrl":"https:\/\/www.sonoraenequipo.com.mx\/storage\/2024\/03\/profeco.-2024-03-18-min.jpg","width":1502,"height":1000},{"@type":"BreadcrumbList","@id":"https:\/\/www.sonoraenequipo.com.mx\/estables-costos-de-combustibles-y-alimentos-profeco-presidente-llama-a-cuidar-consumo-de-electricidad\/#breadcrumb","itemListElement":[{"@type":"ListItem","position":1,"name":"Portada","item":"https:\/\/www.sonoraenequipo.com.mx\/"},{"@type":"ListItem","position":2,"name":"Estables, costos de combustibles y alimentos: Profeco; presidente llama a cuidar consumo de electricidad"}]},{"@type":"WebSite","@id":"https:\/\/www.sonoraenequipo.com.mx\/#website","url":"https:\/\/www.sonoraenequipo.com.mx\/","name":"Sonora en Equipo.","description":"Diario en l\u00ednea con Noticias desde Hermosillo, Sonora","publisher":{"@id":"https:\/\/www.sonoraenequipo.com.mx\/#organization"},"potentialAction":[{"@type":"SearchAction","target":{"@type":"EntryPoint","urlTemplate":"https:\/\/www.sonoraenequipo.com.mx\/?s={search_term_string}"},"query-input":{"@type":"PropertyValueSpecification","valueRequired":true,"valueName":"search_term_string"}}],"inLanguage":"es"},{"@type":"Organization","@id":"https:\/\/www.sonoraenequipo.com.mx\/#organization","name":"Sonoraenequipo.com.mx","url":"https:\/\/www.sonoraenequipo.com.mx\/","logo":{"@type":"ImageObject","inLanguage":"es","@id":"https:\/\/www.sonoraenequipo.com.mx\/#\/schema\/logo\/image\/","url":"https:\/\/www.sonoraenequipo.com.mx\/storage\/2019\/01\/sonoraenequipo_opt.png","contentUrl":"https:\/\/www.sonoraenequipo.com.mx\/storage\/2019\/01\/sonoraenequipo_opt.png","width":375,"height":125,"caption":"Sonoraenequipo.com.mx"},"image":{"@id":"https:\/\/www.sonoraenequipo.com.mx\/#\/schema\/logo\/image\/"},"sameAs":["https:\/\/www.facebook.com\/SonoraEE\/","https:\/\/x.com\/sonoraenequipo","https:\/\/www.youtube.com\/channel\/UC338nW-lPEYmJQs4ZABQ1SQ"]},{"@type":"Person","@id":"https:\/\/www.sonoraenequipo.com.mx\/#\/schema\/person\/50102df0fb23a8fa9e8effad8fa81386","name":"enequipo","image":{"@type":"ImageObject","inLanguage":"es","@id":"https:\/\/www.sonoraenequipo.com.mx\/#\/schema\/person\/image\/","url":"https:\/\/secure.gravatar.com\/avatar\/049821681b589dabc0bc20695993ccebb09f5b5d4d790cd9251b97faac7c652b?s=96&d=blank&r=g","contentUrl":"https:\/\/secure.gravatar.com\/avatar\/049821681b589dabc0bc20695993ccebb09f5b5d4d790cd9251b97faac7c652b?s=96&d=blank&r=g","caption":"enequipo"},"sameAs":["https:\/\/www.facebook.com\/SonoraEE"]}]}},"jetpack_featured_media_url":"https:\/\/www.sonoraenequipo.com.mx\/storage\/2024\/03\/profeco.-2024-03-18-min.jpg","_links":{"self":[{"href":"https:\/\/www.sonoraenequipo.com.mx\/api\/wp\/v2\/posts\/185741","targetHints":{"allow":["GET"]}}],"collection":[{"href":"https:\/\/www.sonoraenequipo.com.mx\/api\/wp\/v2\/posts"}],"about":[{"href":"https:\/\/www.sonoraenequipo.com.mx\/api\/wp\/v2\/types\/post"}],"author":[{"embeddable":true,"href":"https:\/\/www.sonoraenequipo.com.mx\/api\/wp\/v2\/users\/1"}],"replies":[{"embeddable":true,"href":"https:\/\/www.sonoraenequipo.com.mx\/api\/wp\/v2\/comments?post=185741"}],"version-history":[{"count":1,"href":"https:\/\/www.sonoraenequipo.com.mx\/api\/wp\/v2\/posts\/185741\/revisions"}],"predecessor-version":[{"id":185754,"href":"https:\/\/www.sonoraenequipo.com.mx\/api\/wp\/v2\/posts\/185741\/revisions\/185754"}],"wp:featuredmedia":[{"embeddable":true,"href":"https:\/\/www.sonoraenequipo.com.mx\/api\/wp\/v2\/media\/185755"}],"wp:attachment":[{"href":"https:\/\/www.sonoraenequipo.com.mx\/api\/wp\/v2\/media?parent=185741"}],"wp:term":[{"taxonomy":"category","embeddable":true,"href":"https:\/\/www.sonoraenequipo.com.mx\/api\/wp\/v2\/categories?post=185741"},{"taxonomy":"post_tag","embeddable":true,"href":"https:\/\/www.sonoraenequipo.com.mx\/api\/wp\/v2\/tags?post=185741"}],"curies":[{"name":"wp","href":"https:\/\/api.w.org\/{rel}","templated":true}]}}