{"id":185744,"date":"2024-03-18T16:01:42","date_gmt":"2024-03-18T23:01:42","guid":{"rendered":"https:\/\/www.sonoraenequipo.com.mx\/?p=185744"},"modified":"2024-03-18T16:01:42","modified_gmt":"2024-03-18T23:01:42","slug":"capturan-a-dos-sujetos-armados-en-sonoyta-podrian-estar-relacionados-en-agresion-armada","status":"publish","type":"post","link":"https:\/\/www.sonoraenequipo.com.mx\/capturan-a-dos-sujetos-armados-en-sonoyta-podrian-estar-relacionados-en-agresion-armada\/","title":{"rendered":"Capturan a dos sujetos armados en Sonoyta; podr\u00edan estar relacionados en agresi\u00f3n armada"},"content":{"rendered":"<p>&nbsp;<\/p>\n<p><strong>HERMOSILLO, SONORA,MX.\u02d7\u02d7\u02d7<\/strong>En acci\u00f3n coordinada por autoridades de la Mesa Estatal de Seguridad del Estado de Sonora, se captur\u00f3 la madrugada de este 18 de marzo a dos sujetos en posesi\u00f3n de cinco fusiles de asalto como los probables responsables de la agresi\u00f3n a un veh\u00edculo en el que viajaban maestros y donde uno falleci\u00f3, inform\u00f3 Jes\u00fas Francisco Moreno Cruz.<\/p>\n<p>&nbsp;<\/p>\n<p>El Vicefiscal de Investigaci\u00f3n, adscrito a la Fiscal\u00eda General de Justicia del Estado de Sonora (FGJES), tambi\u00e9n se\u00f1al\u00f3 que se asegur\u00f3 un veh\u00edculo que posiblemente est\u00e9 relacionado con los hechos registrados el pasado 15 de marzo en un tramo carretero en el municipio de Sonoyta.<\/p>\n<p>&nbsp;<\/p>\n<p>\u201cDe esta manera, estamos efectuando en este momento las pruebas periciales de microdatos y micro comparativas para poder establecer de manera tajante si participaron o no en esta agresi\u00f3n\u201d, subray\u00f3 el funcionario.<\/p>\n<p>&nbsp;<\/p>\n<p>Los dos detenidos est\u00e1n bajo custodia de la FGJES, se\u00f1al\u00f3 el funcionario. Por otro lado, los tres individuos capturados horas despu\u00e9s de los hechos, fueron puestos a disposici\u00f3n de la Fiscal\u00eda General de la Rep\u00fablica (FGR), a quienes tambi\u00e9n se les encontraron armas, y en este momento se est\u00e1 considerando su probable relaci\u00f3n con el mismo evento.<\/p>\n<p><strong><em><u>Fecha de publicaci\u00f3n<\/u><\/em><\/strong><strong><em><u> lunes 18 de marzo de 2024<\/u><\/em><\/strong><\/p>\n","protected":false},"excerpt":{"rendered":"<p>&nbsp; HERMOSILLO, SONORA,MX.\u02d7\u02d7\u02d7En acci\u00f3n coordinada por autoridades de la Mesa Estatal de Seguridad del Estado&#8230;<\/p>\n","protected":false},"author":1,"featured_media":179167,"comment_status":"open","ping_status":"open","sticky":false,"template":"","format":"standard","meta":{"_monsterinsights_skip_tracking":false,"_monsterinsights_sitenote_active":false,"_monsterinsights_sitenote_note":"","_monsterinsights_sitenote_category":0,"footnotes":""},"categories":[3144],"tags":[299,15],"class_list":["post"],"yoast_head":" \n<title>Sonora en Equipo. Capturan a dos sujetos armados en Sonoyta; podr\u00edan estar relacionados en agresi\u00f3n armada Polic\u00edaca<\/title>\n<meta name=\"description\" content=\"&nbsp; HERMOSILLO, SONORA,MX.\u02d7\u02d7\u02d7En acci\u00f3n coordinada por autoridades de la Mesa Estatal de Seguridad del Estado de Sonora, se captur\u00f3 la madrugada de este En Sonora en Equipo publicamos toda la informaci\u00f3n de Sonora, M\u00e9xico y el Mundo de manera oportuna y busca que la libertad de expresi\u00f3n sea real. Visita nuestro medio informativo publicado desde Hermosillo, Sonora. %\" \/>\n<meta name=\"robots\" content=\"index, follow, max-snippet:-1, max-image-preview:large, max-video-preview:-1\" \/>\n<link rel=\"canonical\" href=\"https:\/\/www.sonoraenequipo.com.mx\/capturan-a-dos-sujetos-armados-en-sonoyta-podrian-estar-relacionados-en-agresion-armada\/\" \/>\n<meta property=\"og:locale\" content=\"es_ES\" \/>\n<meta property=\"og:type\" content=\"article\" \/>\n<meta property=\"og:title\" content=\"Sonora en Equipo. Capturan a dos sujetos armados en Sonoyta; podr\u00edan estar relacionados en agresi\u00f3n armada Polic\u00edaca\" \/>\n<meta property=\"og:description\" content=\"&nbsp; HERMOSILLO, SONORA,MX.\u02d7\u02d7\u02d7En acci\u00f3n coordinada por autoridades de la Mesa Estatal de Seguridad del Estado de Sonora, se captur\u00f3 la madrugada de este En Sonora en Equipo publicamos toda la informaci\u00f3n de Sonora, M\u00e9xico y el Mundo de manera oportuna y busca que la libertad de expresi\u00f3n sea real. Visita nuestro medio informativo publicado desde Hermosillo, Sonora. %\" \/>\n<meta property=\"og:url\" content=\"https:\/\/www.sonoraenequipo.com.mx\/capturan-a-dos-sujetos-armados-en-sonoyta-podrian-estar-relacionados-en-agresion-armada\/\" \/>\n<meta property=\"og:site_name\" content=\"Sonora en Equipo.\" \/>\n<meta property=\"article:publisher\" content=\"https:\/\/www.facebook.com\/SonoraEE\/\" \/>\n<meta property=\"article:author\" content=\"https:\/\/www.facebook.com\/SonoraEE\" \/>\n<meta property=\"article:published_time\" content=\"2024-03-18T23:01:42+00:00\" \/>\n<meta property=\"og:image\" content=\"https:\/\/www.sonoraenequipo.com.mx\/storage\/2023\/11\/armas-altar.jpg\" \/>\n\t<meta property=\"og:image:width\" content=\"600\" \/>\n\t<meta property=\"og:image:height\" content=\"372\" \/>\n\t<meta property=\"og:image:type\" content=\"image\/jpeg\" \/>\n<meta name=\"author\" content=\"enequipo\" \/>\n<meta name=\"twitter:card\" content=\"summary_large_image\" \/>\n<meta name=\"twitter:creator\" content=\"@sonoraenequipo\" \/>\n<meta name=\"twitter:site\" content=\"@sonoraenequipo\" \/>\n<meta name=\"twitter:label1\" content=\"Escrito por\" \/>\n\t<meta name=\"twitter:data1\" content=\"enequipo\" \/>\n\t<meta name=\"twitter:label2\" content=\"Tiempo de lectura\" \/>\n\t<meta name=\"twitter:data2\" content=\"1 minuto\" \/>\n<script type=\"application\/ld+json\" class=\"yoast-schema-graph\">{\"@context\":\"https:\/\/schema.org\",\"@graph\":[{\"@type\":\"Article\",\"@id\":\"https:\/\/www.sonoraenequipo.com.mx\/capturan-a-dos-sujetos-armados-en-sonoyta-podrian-estar-relacionados-en-agresion-armada\/#article\",\"isPartOf\":{\"@id\":\"https:\/\/www.sonoraenequipo.com.mx\/capturan-a-dos-sujetos-armados-en-sonoyta-podrian-estar-relacionados-en-agresion-armada\/\"},\"author\":{\"name\":\"enequipo\",\"@id\":\"https:\/\/www.sonoraenequipo.com.mx\/#\/schema\/person\/50102df0fb23a8fa9e8effad8fa81386\"},\"headline\":\"Capturan a dos sujetos armados en Sonoyta; podr\u00edan estar relacionados en agresi\u00f3n armada\",\"datePublished\":\"2024-03-18T23:01:42+00:00\",\"mainEntityOfPage\":{\"@id\":\"https:\/\/www.sonoraenequipo.com.mx\/capturan-a-dos-sujetos-armados-en-sonoyta-podrian-estar-relacionados-en-agresion-armada\/\"},\"wordCount\":239,\"commentCount\":0,\"publisher\":{\"@id\":\"https:\/\/www.sonoraenequipo.com.mx\/#organization\"},\"image\":{\"@id\":\"https:\/\/www.sonoraenequipo.com.mx\/capturan-a-dos-sujetos-armados-en-sonoyta-podrian-estar-relacionados-en-agresion-armada\/#primaryimage\"},\"thumbnailUrl\":\"https:\/\/www.sonoraenequipo.com.mx\/storage\/2023\/11\/armas-altar.jpg\",\"keywords\":[\"inseguridad\",\"Sonora\"],\"articleSection\":[\"Polic\u00edaca\"],\"inLanguage\":\"es\",\"potentialAction\":[{\"@type\":\"CommentAction\",\"name\":\"Comment\",\"target\":[\"https:\/\/www.sonoraenequipo.com.mx\/capturan-a-dos-sujetos-armados-en-sonoyta-podrian-estar-relacionados-en-agresion-armada\/#respond\"]}]},{\"@type\":\"WebPage\",\"@id\":\"https:\/\/www.sonoraenequipo.com.mx\/capturan-a-dos-sujetos-armados-en-sonoyta-podrian-estar-relacionados-en-agresion-armada\/\",\"url\":\"https:\/\/www.sonoraenequipo.com.mx\/capturan-a-dos-sujetos-armados-en-sonoyta-podrian-estar-relacionados-en-agresion-armada\/\",\"name\":\"Sonora en Equipo. Capturan a dos sujetos armados en Sonoyta; podr\u00edan estar relacionados en agresi\u00f3n armada Polic\u00edaca\",\"isPartOf\":{\"@id\":\"https:\/\/www.sonoraenequipo.com.mx\/#website\"},\"primaryImageOfPage\":{\"@id\":\"https:\/\/www.sonoraenequipo.com.mx\/capturan-a-dos-sujetos-armados-en-sonoyta-podrian-estar-relacionados-en-agresion-armada\/#primaryimage\"},\"image\":{\"@id\":\"https:\/\/www.sonoraenequipo.com.mx\/capturan-a-dos-sujetos-armados-en-sonoyta-podrian-estar-relacionados-en-agresion-armada\/#primaryimage\"},\"thumbnailUrl\":\"https:\/\/www.sonoraenequipo.com.mx\/storage\/2023\/11\/armas-altar.jpg\",\"datePublished\":\"2024-03-18T23:01:42+00:00\",\"description\":\"&nbsp; HERMOSILLO, SONORA,MX.\u02d7\u02d7\u02d7En acci\u00f3n coordinada por autoridades de la Mesa Estatal de Seguridad del Estado de Sonora, se captur\u00f3 la madrugada de este En Sonora en Equipo publicamos toda la informaci\u00f3n de Sonora, M\u00e9xico y el Mundo de manera oportuna y busca que la libertad de expresi\u00f3n sea real. Visita nuestro medio informativo publicado desde Hermosillo, Sonora. %\",\"breadcrumb\":{\"@id\":\"https:\/\/www.sonoraenequipo.com.mx\/capturan-a-dos-sujetos-armados-en-sonoyta-podrian-estar-relacionados-en-agresion-armada\/#breadcrumb\"},\"inLanguage\":\"es\",\"potentialAction\":[{\"@type\":\"ReadAction\",\"target\":[\"https:\/\/www.sonoraenequipo.com.mx\/capturan-a-dos-sujetos-armados-en-sonoyta-podrian-estar-relacionados-en-agresion-armada\/\"]}]},{\"@type\":\"ImageObject\",\"inLanguage\":\"es\",\"@id\":\"https:\/\/www.sonoraenequipo.com.mx\/capturan-a-dos-sujetos-armados-en-sonoyta-podrian-estar-relacionados-en-agresion-armada\/#primaryimage\",\"url\":\"https:\/\/www.sonoraenequipo.com.mx\/storage\/2023\/11\/armas-altar.jpg\",\"contentUrl\":\"https:\/\/www.sonoraenequipo.com.mx\/storage\/2023\/11\/armas-altar.jpg\",\"width\":600,\"height\":372,\"caption\":\"imagen de archivo para ilustrar\"},{\"@type\":\"BreadcrumbList\",\"@id\":\"https:\/\/www.sonoraenequipo.com.mx\/capturan-a-dos-sujetos-armados-en-sonoyta-podrian-estar-relacionados-en-agresion-armada\/#breadcrumb\",\"itemListElement\":[{\"@type\":\"ListItem\",\"position\":1,\"name\":\"Portada\",\"item\":\"https:\/\/www.sonoraenequipo.com.mx\/\"},{\"@type\":\"ListItem\",\"position\":2,\"name\":\"Capturan a dos sujetos armados en Sonoyta; podr\u00edan estar relacionados en agresi\u00f3n armada\"}]},{\"@type\":\"WebSite\",\"@id\":\"https:\/\/www.sonoraenequipo.com.mx\/#website\",\"url\":\"https:\/\/www.sonoraenequipo.com.mx\/\",\"name\":\"Sonora en Equipo.\",\"description\":\"Diario en l\u00ednea con Noticias desde Hermosillo, Sonora\",\"publisher\":{\"@id\":\"https:\/\/www.sonoraenequipo.com.mx\/#organization\"},\"potentialAction\":[{\"@type\":\"SearchAction\",\"target\":{\"@type\":\"EntryPoint\",\"urlTemplate\":\"https:\/\/www.sonoraenequipo.com.mx\/?s={search_term_string}\"},\"query-input\":{\"@type\":\"PropertyValueSpecification\",\"valueRequired\":true,\"valueName\":\"search_term_string\"}}],\"inLanguage\":\"es\"},{\"@type\":\"Organization\",\"@id\":\"https:\/\/www.sonoraenequipo.com.mx\/#organization\",\"name\":\"Sonoraenequipo.com.mx\",\"url\":\"https:\/\/www.sonoraenequipo.com.mx\/\",\"logo\":{\"@type\":\"ImageObject\",\"inLanguage\":\"es\",\"@id\":\"https:\/\/www.sonoraenequipo.com.mx\/#\/schema\/logo\/image\/\",\"url\":\"https:\/\/www.sonoraenequipo.com.mx\/storage\/2019\/01\/sonoraenequipo_opt.png\",\"contentUrl\":\"https:\/\/www.sonoraenequipo.com.mx\/storage\/2019\/01\/sonoraenequipo_opt.png\",\"width\":375,\"height\":125,\"caption\":\"Sonoraenequipo.com.mx\"},\"image\":{\"@id\":\"https:\/\/www.sonoraenequipo.com.mx\/#\/schema\/logo\/image\/\"},\"sameAs\":[\"https:\/\/www.facebook.com\/SonoraEE\/\",\"https:\/\/x.com\/sonoraenequipo\",\"https:\/\/www.youtube.com\/channel\/UC338nW-lPEYmJQs4ZABQ1SQ\"]},{\"@type\":\"Person\",\"@id\":\"https:\/\/www.sonoraenequipo.com.mx\/#\/schema\/person\/50102df0fb23a8fa9e8effad8fa81386\",\"name\":\"enequipo\",\"image\":{\"@type\":\"ImageObject\",\"inLanguage\":\"es\",\"@id\":\"https:\/\/www.sonoraenequipo.com.mx\/#\/schema\/person\/image\/\",\"url\":\"https:\/\/secure.gravatar.com\/avatar\/049821681b589dabc0bc20695993ccebb09f5b5d4d790cd9251b97faac7c652b?s=96&d=blank&r=g\",\"contentUrl\":\"https:\/\/secure.gravatar.com\/avatar\/049821681b589dabc0bc20695993ccebb09f5b5d4d790cd9251b97faac7c652b?s=96&d=blank&r=g\",\"caption\":\"enequipo\"},\"sameAs\":[\"https:\/\/www.facebook.com\/SonoraEE\"]}]}<\/script>\n ","yoast_head_json":{"title":"Sonora en Equipo. Capturan a dos sujetos armados en Sonoyta; podr\u00edan estar relacionados en agresi\u00f3n armada Polic\u00edaca","description":"&nbsp; HERMOSILLO, SONORA,MX.\u02d7\u02d7\u02d7En acci\u00f3n coordinada por autoridades de la Mesa Estatal de Seguridad del Estado de Sonora, se captur\u00f3 la madrugada de este En Sonora en Equipo publicamos toda la informaci\u00f3n de Sonora, M\u00e9xico y el Mundo de manera oportuna y busca que la libertad de expresi\u00f3n sea real. Visita nuestro medio informativo publicado desde Hermosillo, Sonora. %","robots":{"index":"index","follow":"follow","max-snippet":"max-snippet:-1","max-image-preview":"max-image-preview:large","max-video-preview":"max-video-preview:-1"},"canonical":"https:\/\/www.sonoraenequipo.com.mx\/capturan-a-dos-sujetos-armados-en-sonoyta-podrian-estar-relacionados-en-agresion-armada\/","og_locale":"es_ES","og_type":"article","og_title":"Sonora en Equipo. Capturan a dos sujetos armados en Sonoyta; podr\u00edan estar relacionados en agresi\u00f3n armada Polic\u00edaca","og_description":"&nbsp; HERMOSILLO, SONORA,MX.\u02d7\u02d7\u02d7En acci\u00f3n coordinada por autoridades de la Mesa Estatal de Seguridad del Estado de Sonora, se captur\u00f3 la madrugada de este En Sonora en Equipo publicamos toda la informaci\u00f3n de Sonora, M\u00e9xico y el Mundo de manera oportuna y busca que la libertad de expresi\u00f3n sea real. Visita nuestro medio informativo publicado desde Hermosillo, Sonora. %","og_url":"https:\/\/www.sonoraenequipo.com.mx\/capturan-a-dos-sujetos-armados-en-sonoyta-podrian-estar-relacionados-en-agresion-armada\/","og_site_name":"Sonora en Equipo.","article_publisher":"https:\/\/www.facebook.com\/SonoraEE\/","article_author":"https:\/\/www.facebook.com\/SonoraEE","article_published_time":"2024-03-18T23:01:42+00:00","og_image":[{"width":600,"height":372,"url":"https:\/\/www.sonoraenequipo.com.mx\/storage\/2023\/11\/armas-altar.jpg","type":"image\/jpeg"}],"author":"enequipo","twitter_card":"summary_large_image","twitter_creator":"@sonoraenequipo","twitter_site":"@sonoraenequipo","twitter_misc":{"Escrito por":"enequipo","Tiempo de lectura":"1 minuto"},"schema":{"@context":"https:\/\/schema.org","@graph":[{"@type":"Article","@id":"https:\/\/www.sonoraenequipo.com.mx\/capturan-a-dos-sujetos-armados-en-sonoyta-podrian-estar-relacionados-en-agresion-armada\/#article","isPartOf":{"@id":"https:\/\/www.sonoraenequipo.com.mx\/capturan-a-dos-sujetos-armados-en-sonoyta-podrian-estar-relacionados-en-agresion-armada\/"},"author":{"name":"enequipo","@id":"https:\/\/www.sonoraenequipo.com.mx\/#\/schema\/person\/50102df0fb23a8fa9e8effad8fa81386"},"headline":"Capturan a dos sujetos armados en Sonoyta; podr\u00edan estar relacionados en agresi\u00f3n armada","datePublished":"2024-03-18T23:01:42+00:00","mainEntityOfPage":{"@id":"https:\/\/www.sonoraenequipo.com.mx\/capturan-a-dos-sujetos-armados-en-sonoyta-podrian-estar-relacionados-en-agresion-armada\/"},"wordCount":239,"commentCount":0,"publisher":{"@id":"https:\/\/www.sonoraenequipo.com.mx\/#organization"},"image":{"@id":"https:\/\/www.sonoraenequipo.com.mx\/capturan-a-dos-sujetos-armados-en-sonoyta-podrian-estar-relacionados-en-agresion-armada\/#primaryimage"},"thumbnailUrl":"https:\/\/www.sonoraenequipo.com.mx\/storage\/2023\/11\/armas-altar.jpg","keywords":["inseguridad","Sonora"],"articleSection":["Polic\u00edaca"],"inLanguage":"es","potentialAction":[{"@type":"CommentAction","name":"Comment","target":["https:\/\/www.sonoraenequipo.com.mx\/capturan-a-dos-sujetos-armados-en-sonoyta-podrian-estar-relacionados-en-agresion-armada\/#respond"]}]},{"@type":"WebPage","@id":"https:\/\/www.sonoraenequipo.com.mx\/capturan-a-dos-sujetos-armados-en-sonoyta-podrian-estar-relacionados-en-agresion-armada\/","url":"https:\/\/www.sonoraenequipo.com.mx\/capturan-a-dos-sujetos-armados-en-sonoyta-podrian-estar-relacionados-en-agresion-armada\/","name":"Sonora en Equipo. Capturan a dos sujetos armados en Sonoyta; podr\u00edan estar relacionados en agresi\u00f3n armada Polic\u00edaca","isPartOf":{"@id":"https:\/\/www.sonoraenequipo.com.mx\/#website"},"primaryImageOfPage":{"@id":"https:\/\/www.sonoraenequipo.com.mx\/capturan-a-dos-sujetos-armados-en-sonoyta-podrian-estar-relacionados-en-agresion-armada\/#primaryimage"},"image":{"@id":"https:\/\/www.sonoraenequipo.com.mx\/capturan-a-dos-sujetos-armados-en-sonoyta-podrian-estar-relacionados-en-agresion-armada\/#primaryimage"},"thumbnailUrl":"https:\/\/www.sonoraenequipo.com.mx\/storage\/2023\/11\/armas-altar.jpg","datePublished":"2024-03-18T23:01:42+00:00","description":"&nbsp; HERMOSILLO, SONORA,MX.\u02d7\u02d7\u02d7En acci\u00f3n coordinada por autoridades de la Mesa Estatal de Seguridad del Estado de Sonora, se captur\u00f3 la madrugada de este En Sonora en Equipo publicamos toda la informaci\u00f3n de Sonora, M\u00e9xico y el Mundo de manera oportuna y busca que la libertad de expresi\u00f3n sea real. Visita nuestro medio informativo publicado desde Hermosillo, Sonora. %","breadcrumb":{"@id":"https:\/\/www.sonoraenequipo.com.mx\/capturan-a-dos-sujetos-armados-en-sonoyta-podrian-estar-relacionados-en-agresion-armada\/#breadcrumb"},"inLanguage":"es","potentialAction":[{"@type":"ReadAction","target":["https:\/\/www.sonoraenequipo.com.mx\/capturan-a-dos-sujetos-armados-en-sonoyta-podrian-estar-relacionados-en-agresion-armada\/"]}]},{"@type":"ImageObject","inLanguage":"es","@id":"https:\/\/www.sonoraenequipo.com.mx\/capturan-a-dos-sujetos-armados-en-sonoyta-podrian-estar-relacionados-en-agresion-armada\/#primaryimage","url":"https:\/\/www.sonoraenequipo.com.mx\/storage\/2023\/11\/armas-altar.jpg","contentUrl":"https:\/\/www.sonoraenequipo.com.mx\/storage\/2023\/11\/armas-altar.jpg","width":600,"height":372,"caption":"imagen de archivo para ilustrar"},{"@type":"BreadcrumbList","@id":"https:\/\/www.sonoraenequipo.com.mx\/capturan-a-dos-sujetos-armados-en-sonoyta-podrian-estar-relacionados-en-agresion-armada\/#breadcrumb","itemListElement":[{"@type":"ListItem","position":1,"name":"Portada","item":"https:\/\/www.sonoraenequipo.com.mx\/"},{"@type":"ListItem","position":2,"name":"Capturan a dos sujetos armados en Sonoyta; podr\u00edan estar relacionados en agresi\u00f3n armada"}]},{"@type":"WebSite","@id":"https:\/\/www.sonoraenequipo.com.mx\/#website","url":"https:\/\/www.sonoraenequipo.com.mx\/","name":"Sonora en Equipo.","description":"Diario en l\u00ednea con Noticias desde Hermosillo, Sonora","publisher":{"@id":"https:\/\/www.sonoraenequipo.com.mx\/#organization"},"potentialAction":[{"@type":"SearchAction","target":{"@type":"EntryPoint","urlTemplate":"https:\/\/www.sonoraenequipo.com.mx\/?s={search_term_string}"},"query-input":{"@type":"PropertyValueSpecification","valueRequired":true,"valueName":"search_term_string"}}],"inLanguage":"es"},{"@type":"Organization","@id":"https:\/\/www.sonoraenequipo.com.mx\/#organization","name":"Sonoraenequipo.com.mx","url":"https:\/\/www.sonoraenequipo.com.mx\/","logo":{"@type":"ImageObject","inLanguage":"es","@id":"https:\/\/www.sonoraenequipo.com.mx\/#\/schema\/logo\/image\/","url":"https:\/\/www.sonoraenequipo.com.mx\/storage\/2019\/01\/sonoraenequipo_opt.png","contentUrl":"https:\/\/www.sonoraenequipo.com.mx\/storage\/2019\/01\/sonoraenequipo_opt.png","width":375,"height":125,"caption":"Sonoraenequipo.com.mx"},"image":{"@id":"https:\/\/www.sonoraenequipo.com.mx\/#\/schema\/logo\/image\/"},"sameAs":["https:\/\/www.facebook.com\/SonoraEE\/","https:\/\/x.com\/sonoraenequipo","https:\/\/www.youtube.com\/channel\/UC338nW-lPEYmJQs4ZABQ1SQ"]},{"@type":"Person","@id":"https:\/\/www.sonoraenequipo.com.mx\/#\/schema\/person\/50102df0fb23a8fa9e8effad8fa81386","name":"enequipo","image":{"@type":"ImageObject","inLanguage":"es","@id":"https:\/\/www.sonoraenequipo.com.mx\/#\/schema\/person\/image\/","url":"https:\/\/secure.gravatar.com\/avatar\/049821681b589dabc0bc20695993ccebb09f5b5d4d790cd9251b97faac7c652b?s=96&d=blank&r=g","contentUrl":"https:\/\/secure.gravatar.com\/avatar\/049821681b589dabc0bc20695993ccebb09f5b5d4d790cd9251b97faac7c652b?s=96&d=blank&r=g","caption":"enequipo"},"sameAs":["https:\/\/www.facebook.com\/SonoraEE"]}]}},"jetpack_featured_media_url":"https:\/\/www.sonoraenequipo.com.mx\/storage\/2023\/11\/armas-altar.jpg","_links":{"self":[{"href":"https:\/\/www.sonoraenequipo.com.mx\/api\/wp\/v2\/posts\/185744","targetHints":{"allow":["GET"]}}],"collection":[{"href":"https:\/\/www.sonoraenequipo.com.mx\/api\/wp\/v2\/posts"}],"about":[{"href":"https:\/\/www.sonoraenequipo.com.mx\/api\/wp\/v2\/types\/post"}],"author":[{"embeddable":true,"href":"https:\/\/www.sonoraenequipo.com.mx\/api\/wp\/v2\/users\/1"}],"replies":[{"embeddable":true,"href":"https:\/\/www.sonoraenequipo.com.mx\/api\/wp\/v2\/comments?post=185744"}],"version-history":[{"count":1,"href":"https:\/\/www.sonoraenequipo.com.mx\/api\/wp\/v2\/posts\/185744\/revisions"}],"predecessor-version":[{"id":185745,"href":"https:\/\/www.sonoraenequipo.com.mx\/api\/wp\/v2\/posts\/185744\/revisions\/185745"}],"wp:featuredmedia":[{"embeddable":true,"href":"https:\/\/www.sonoraenequipo.com.mx\/api\/wp\/v2\/media\/179167"}],"wp:attachment":[{"href":"https:\/\/www.sonoraenequipo.com.mx\/api\/wp\/v2\/media?parent=185744"}],"wp:term":[{"taxonomy":"category","embeddable":true,"href":"https:\/\/www.sonoraenequipo.com.mx\/api\/wp\/v2\/categories?post=185744"},{"taxonomy":"post_tag","embeddable":true,"href":"https:\/\/www.sonoraenequipo.com.mx\/api\/wp\/v2\/tags?post=185744"}],"curies":[{"name":"wp","href":"https:\/\/api.w.org\/{rel}","templated":true}]}}