{"id":185753,"date":"2024-03-18T18:37:16","date_gmt":"2024-03-19T01:37:16","guid":{"rendered":"https:\/\/www.sonoraenequipo.com.mx\/?p=185753"},"modified":"2024-03-18T19:16:13","modified_gmt":"2024-03-19T02:16:13","slug":"mantiene-gobierno-de-sonora-capacitacion-continua-a-brigada-especial-de-guarderias-y-preescolares","status":"publish","type":"post","link":"https:\/\/www.sonoraenequipo.com.mx\/mantiene-gobierno-de-sonora-capacitacion-continua-a-brigada-especial-de-guarderias-y-preescolares\/","title":{"rendered":"Mantiene Gobierno de Sonora capacitaci\u00f3n continua a Brigada Especial de Guarder\u00edas y Preescolares"},"content":{"rendered":"<p><strong>HERMOSILLO, SONORA, MX.\u02d7\u02d7\u02d7 <\/strong>Para eficientar el proceso de supervisi\u00f3n de estancias infantiles y garantizar un apropiado resguardo para las infancias sonorenses, el Gobierno de Sonora mantiene la capacitaci\u00f3n constante para la Brigada Especial de Guarder\u00edas y Preescolares, la cual forma parte de la Coordinaci\u00f3n Estatal de Protecci\u00f3n Civil.<\/p>\n<p>El gobernador Alfonso Durazo Monta\u00f1o dio a conocer que se har\u00e1 un acercamiento con instituciones educativas para dar continuidad a la capacitaci\u00f3n requerida al personal de Protecci\u00f3n Civil adscrita a esta \u00e1rea, a fin de que puedan desarrollar su labor con mayor eficacia y en apego a la normatividad en materia de estancias infantiles.<\/p>\n<p>De igual forma se incrementar\u00e1 la plantilla de integrantes de esta brigada especial, con el prop\u00f3sito de cumplir con un mayor n\u00famero de supervisiones de instancias infantiles, adem\u00e1s de que se capacitar\u00e1 tambi\u00e9n al personal de guarder\u00edas particulares en el rubro de protecci\u00f3n civil.<\/p>\n<p>La Brigada Especial de Guarder\u00edas y Preescolares fue creada por el Gobierno de Sonora en abril de 2023, con personal y veh\u00edculos, con el objetivo de inspeccionar en el lapso de un a\u00f1o, mil 455 inmuebles de los cuales se desglosan 167 guarder\u00edas registradas en la entidad, mil preescolares p\u00fablicos y 288 particulares, con lo cual se permite salvaguardar la integridad de ni\u00f1as y ni\u00f1os sonorenses.<\/p>\n<p><strong><em><u>Fecha de publicaci\u00f3n<\/u><\/em><\/strong><strong><em><u> lunes 18 de marzo de 2024<\/u><\/em><\/strong><\/p>\n","protected":false},"excerpt":{"rendered":"<p>HERMOSILLO, SONORA, MX.\u02d7\u02d7\u02d7 Para eficientar el proceso de supervisi\u00f3n de estancias infantiles y garantizar un&#8230;<\/p>\n","protected":false},"author":1,"featured_media":185756,"comment_status":"open","ping_status":"open","sticky":false,"template":"","format":"standard","meta":{"_monsterinsights_skip_tracking":false,"_monsterinsights_sitenote_active":false,"_monsterinsights_sitenote_note":"","_monsterinsights_sitenote_category":0,"footnotes":""},"categories":[1,22],"tags":[],"class_list":["post"],"yoast_head":" \n<title>Sonora en Equipo. Mantiene Gobierno de Sonora capacitaci\u00f3n continua a Brigada Especial de Guarder\u00edas y Preescolares Sin categorizar<\/title>\n<meta name=\"description\" content=\"HERMOSILLO, SONORA, MX.\u02d7\u02d7\u02d7 Para eficientar el proceso de supervisi\u00f3n de estancias infantiles y garantizar un apropiado resguardo para las infancias En Sonora en Equipo publicamos toda la informaci\u00f3n de Sonora, M\u00e9xico y el Mundo de manera oportuna y busca que la libertad de expresi\u00f3n sea real. Visita nuestro medio informativo publicado desde Hermosillo, Sonora. %\" \/>\n<meta name=\"robots\" content=\"index, follow, max-snippet:-1, max-image-preview:large, max-video-preview:-1\" \/>\n<link rel=\"canonical\" href=\"https:\/\/www.sonoraenequipo.com.mx\/mantiene-gobierno-de-sonora-capacitacion-continua-a-brigada-especial-de-guarderias-y-preescolares\/\" \/>\n<meta property=\"og:locale\" content=\"es_ES\" \/>\n<meta property=\"og:type\" content=\"article\" \/>\n<meta property=\"og:title\" content=\"Sonora en Equipo. Mantiene Gobierno de Sonora capacitaci\u00f3n continua a Brigada Especial de Guarder\u00edas y Preescolares Sin categorizar\" \/>\n<meta property=\"og:description\" content=\"HERMOSILLO, SONORA, MX.\u02d7\u02d7\u02d7 Para eficientar el proceso de supervisi\u00f3n de estancias infantiles y garantizar un apropiado resguardo para las infancias En Sonora en Equipo publicamos toda la informaci\u00f3n de Sonora, M\u00e9xico y el Mundo de manera oportuna y busca que la libertad de expresi\u00f3n sea real. Visita nuestro medio informativo publicado desde Hermosillo, Sonora. %\" \/>\n<meta property=\"og:url\" content=\"https:\/\/www.sonoraenequipo.com.mx\/mantiene-gobierno-de-sonora-capacitacion-continua-a-brigada-especial-de-guarderias-y-preescolares\/\" \/>\n<meta property=\"og:site_name\" content=\"Sonora en Equipo.\" \/>\n<meta property=\"article:publisher\" content=\"https:\/\/www.facebook.com\/SonoraEE\/\" \/>\n<meta property=\"article:author\" content=\"https:\/\/www.facebook.com\/SonoraEE\" \/>\n<meta property=\"article:published_time\" content=\"2024-03-19T01:37:16+00:00\" \/>\n<meta property=\"article:modified_time\" content=\"2024-03-19T02:16:13+00:00\" \/>\n<meta property=\"og:image\" content=\"https:\/\/www.sonoraenequipo.com.mx\/storage\/2024\/03\/CEPC.jpg\" \/>\n\t<meta property=\"og:image:width\" content=\"600\" \/>\n\t<meta property=\"og:image:height\" content=\"400\" \/>\n\t<meta property=\"og:image:type\" content=\"image\/jpeg\" \/>\n<meta name=\"author\" content=\"enequipo\" \/>\n<meta name=\"twitter:card\" content=\"summary_large_image\" \/>\n<meta name=\"twitter:creator\" content=\"@sonoraenequipo\" \/>\n<meta name=\"twitter:site\" content=\"@sonoraenequipo\" \/>\n<meta name=\"twitter:label1\" content=\"Escrito por\" \/>\n\t<meta name=\"twitter:data1\" content=\"enequipo\" \/>\n\t<meta name=\"twitter:label2\" content=\"Tiempo de lectura\" \/>\n\t<meta name=\"twitter:data2\" content=\"1 minuto\" \/>\n<script type=\"application\/ld+json\" class=\"yoast-schema-graph\">{\"@context\":\"https:\/\/schema.org\",\"@graph\":[{\"@type\":\"Article\",\"@id\":\"https:\/\/www.sonoraenequipo.com.mx\/mantiene-gobierno-de-sonora-capacitacion-continua-a-brigada-especial-de-guarderias-y-preescolares\/#article\",\"isPartOf\":{\"@id\":\"https:\/\/www.sonoraenequipo.com.mx\/mantiene-gobierno-de-sonora-capacitacion-continua-a-brigada-especial-de-guarderias-y-preescolares\/\"},\"author\":{\"name\":\"enequipo\",\"@id\":\"https:\/\/www.sonoraenequipo.com.mx\/#\/schema\/person\/50102df0fb23a8fa9e8effad8fa81386\"},\"headline\":\"Mantiene Gobierno de Sonora capacitaci\u00f3n continua a Brigada Especial de Guarder\u00edas y Preescolares\",\"datePublished\":\"2024-03-19T01:37:16+00:00\",\"dateModified\":\"2024-03-19T02:16:13+00:00\",\"mainEntityOfPage\":{\"@id\":\"https:\/\/www.sonoraenequipo.com.mx\/mantiene-gobierno-de-sonora-capacitacion-continua-a-brigada-especial-de-guarderias-y-preescolares\/\"},\"wordCount\":252,\"commentCount\":0,\"publisher\":{\"@id\":\"https:\/\/www.sonoraenequipo.com.mx\/#organization\"},\"image\":{\"@id\":\"https:\/\/www.sonoraenequipo.com.mx\/mantiene-gobierno-de-sonora-capacitacion-continua-a-brigada-especial-de-guarderias-y-preescolares\/#primaryimage\"},\"thumbnailUrl\":\"https:\/\/www.sonoraenequipo.com.mx\/storage\/2024\/03\/CEPC.jpg\",\"articleSection\":[\"Sin categorizar\",\"Sonora\"],\"inLanguage\":\"es\",\"potentialAction\":[{\"@type\":\"CommentAction\",\"name\":\"Comment\",\"target\":[\"https:\/\/www.sonoraenequipo.com.mx\/mantiene-gobierno-de-sonora-capacitacion-continua-a-brigada-especial-de-guarderias-y-preescolares\/#respond\"]}]},{\"@type\":\"WebPage\",\"@id\":\"https:\/\/www.sonoraenequipo.com.mx\/mantiene-gobierno-de-sonora-capacitacion-continua-a-brigada-especial-de-guarderias-y-preescolares\/\",\"url\":\"https:\/\/www.sonoraenequipo.com.mx\/mantiene-gobierno-de-sonora-capacitacion-continua-a-brigada-especial-de-guarderias-y-preescolares\/\",\"name\":\"Sonora en Equipo. Mantiene Gobierno de Sonora capacitaci\u00f3n continua a Brigada Especial de Guarder\u00edas y Preescolares Sin categorizar\",\"isPartOf\":{\"@id\":\"https:\/\/www.sonoraenequipo.com.mx\/#website\"},\"primaryImageOfPage\":{\"@id\":\"https:\/\/www.sonoraenequipo.com.mx\/mantiene-gobierno-de-sonora-capacitacion-continua-a-brigada-especial-de-guarderias-y-preescolares\/#primaryimage\"},\"image\":{\"@id\":\"https:\/\/www.sonoraenequipo.com.mx\/mantiene-gobierno-de-sonora-capacitacion-continua-a-brigada-especial-de-guarderias-y-preescolares\/#primaryimage\"},\"thumbnailUrl\":\"https:\/\/www.sonoraenequipo.com.mx\/storage\/2024\/03\/CEPC.jpg\",\"datePublished\":\"2024-03-19T01:37:16+00:00\",\"dateModified\":\"2024-03-19T02:16:13+00:00\",\"description\":\"HERMOSILLO, SONORA, MX.\u02d7\u02d7\u02d7 Para eficientar el proceso de supervisi\u00f3n de estancias infantiles y garantizar un apropiado resguardo para las infancias En Sonora en Equipo publicamos toda la informaci\u00f3n de Sonora, M\u00e9xico y el Mundo de manera oportuna y busca que la libertad de expresi\u00f3n sea real. Visita nuestro medio informativo publicado desde Hermosillo, Sonora. %\",\"breadcrumb\":{\"@id\":\"https:\/\/www.sonoraenequipo.com.mx\/mantiene-gobierno-de-sonora-capacitacion-continua-a-brigada-especial-de-guarderias-y-preescolares\/#breadcrumb\"},\"inLanguage\":\"es\",\"potentialAction\":[{\"@type\":\"ReadAction\",\"target\":[\"https:\/\/www.sonoraenequipo.com.mx\/mantiene-gobierno-de-sonora-capacitacion-continua-a-brigada-especial-de-guarderias-y-preescolares\/\"]}]},{\"@type\":\"ImageObject\",\"inLanguage\":\"es\",\"@id\":\"https:\/\/www.sonoraenequipo.com.mx\/mantiene-gobierno-de-sonora-capacitacion-continua-a-brigada-especial-de-guarderias-y-preescolares\/#primaryimage\",\"url\":\"https:\/\/www.sonoraenequipo.com.mx\/storage\/2024\/03\/CEPC.jpg\",\"contentUrl\":\"https:\/\/www.sonoraenequipo.com.mx\/storage\/2024\/03\/CEPC.jpg\",\"width\":600,\"height\":400},{\"@type\":\"BreadcrumbList\",\"@id\":\"https:\/\/www.sonoraenequipo.com.mx\/mantiene-gobierno-de-sonora-capacitacion-continua-a-brigada-especial-de-guarderias-y-preescolares\/#breadcrumb\",\"itemListElement\":[{\"@type\":\"ListItem\",\"position\":1,\"name\":\"Portada\",\"item\":\"https:\/\/www.sonoraenequipo.com.mx\/\"},{\"@type\":\"ListItem\",\"position\":2,\"name\":\"Mantiene Gobierno de Sonora capacitaci\u00f3n continua a Brigada Especial de Guarder\u00edas y Preescolares\"}]},{\"@type\":\"WebSite\",\"@id\":\"https:\/\/www.sonoraenequipo.com.mx\/#website\",\"url\":\"https:\/\/www.sonoraenequipo.com.mx\/\",\"name\":\"Sonora en Equipo.\",\"description\":\"Diario en l\u00ednea con Noticias desde Hermosillo, Sonora\",\"publisher\":{\"@id\":\"https:\/\/www.sonoraenequipo.com.mx\/#organization\"},\"potentialAction\":[{\"@type\":\"SearchAction\",\"target\":{\"@type\":\"EntryPoint\",\"urlTemplate\":\"https:\/\/www.sonoraenequipo.com.mx\/?s={search_term_string}\"},\"query-input\":{\"@type\":\"PropertyValueSpecification\",\"valueRequired\":true,\"valueName\":\"search_term_string\"}}],\"inLanguage\":\"es\"},{\"@type\":\"Organization\",\"@id\":\"https:\/\/www.sonoraenequipo.com.mx\/#organization\",\"name\":\"Sonoraenequipo.com.mx\",\"url\":\"https:\/\/www.sonoraenequipo.com.mx\/\",\"logo\":{\"@type\":\"ImageObject\",\"inLanguage\":\"es\",\"@id\":\"https:\/\/www.sonoraenequipo.com.mx\/#\/schema\/logo\/image\/\",\"url\":\"https:\/\/www.sonoraenequipo.com.mx\/storage\/2019\/01\/sonoraenequipo_opt.png\",\"contentUrl\":\"https:\/\/www.sonoraenequipo.com.mx\/storage\/2019\/01\/sonoraenequipo_opt.png\",\"width\":375,\"height\":125,\"caption\":\"Sonoraenequipo.com.mx\"},\"image\":{\"@id\":\"https:\/\/www.sonoraenequipo.com.mx\/#\/schema\/logo\/image\/\"},\"sameAs\":[\"https:\/\/www.facebook.com\/SonoraEE\/\",\"https:\/\/x.com\/sonoraenequipo\",\"https:\/\/www.youtube.com\/channel\/UC338nW-lPEYmJQs4ZABQ1SQ\"]},{\"@type\":\"Person\",\"@id\":\"https:\/\/www.sonoraenequipo.com.mx\/#\/schema\/person\/50102df0fb23a8fa9e8effad8fa81386\",\"name\":\"enequipo\",\"image\":{\"@type\":\"ImageObject\",\"inLanguage\":\"es\",\"@id\":\"https:\/\/www.sonoraenequipo.com.mx\/#\/schema\/person\/image\/\",\"url\":\"https:\/\/secure.gravatar.com\/avatar\/049821681b589dabc0bc20695993ccebb09f5b5d4d790cd9251b97faac7c652b?s=96&d=blank&r=g\",\"contentUrl\":\"https:\/\/secure.gravatar.com\/avatar\/049821681b589dabc0bc20695993ccebb09f5b5d4d790cd9251b97faac7c652b?s=96&d=blank&r=g\",\"caption\":\"enequipo\"},\"sameAs\":[\"https:\/\/www.facebook.com\/SonoraEE\"]}]}<\/script>\n ","yoast_head_json":{"title":"Sonora en Equipo. Mantiene Gobierno de Sonora capacitaci\u00f3n continua a Brigada Especial de Guarder\u00edas y Preescolares Sin categorizar","description":"HERMOSILLO, SONORA, MX.\u02d7\u02d7\u02d7 Para eficientar el proceso de supervisi\u00f3n de estancias infantiles y garantizar un apropiado resguardo para las infancias En Sonora en Equipo publicamos toda la informaci\u00f3n de Sonora, M\u00e9xico y el Mundo de manera oportuna y busca que la libertad de expresi\u00f3n sea real. Visita nuestro medio informativo publicado desde Hermosillo, Sonora. %","robots":{"index":"index","follow":"follow","max-snippet":"max-snippet:-1","max-image-preview":"max-image-preview:large","max-video-preview":"max-video-preview:-1"},"canonical":"https:\/\/www.sonoraenequipo.com.mx\/mantiene-gobierno-de-sonora-capacitacion-continua-a-brigada-especial-de-guarderias-y-preescolares\/","og_locale":"es_ES","og_type":"article","og_title":"Sonora en Equipo. Mantiene Gobierno de Sonora capacitaci\u00f3n continua a Brigada Especial de Guarder\u00edas y Preescolares Sin categorizar","og_description":"HERMOSILLO, SONORA, MX.\u02d7\u02d7\u02d7 Para eficientar el proceso de supervisi\u00f3n de estancias infantiles y garantizar un apropiado resguardo para las infancias En Sonora en Equipo publicamos toda la informaci\u00f3n de Sonora, M\u00e9xico y el Mundo de manera oportuna y busca que la libertad de expresi\u00f3n sea real. Visita nuestro medio informativo publicado desde Hermosillo, Sonora. %","og_url":"https:\/\/www.sonoraenequipo.com.mx\/mantiene-gobierno-de-sonora-capacitacion-continua-a-brigada-especial-de-guarderias-y-preescolares\/","og_site_name":"Sonora en Equipo.","article_publisher":"https:\/\/www.facebook.com\/SonoraEE\/","article_author":"https:\/\/www.facebook.com\/SonoraEE","article_published_time":"2024-03-19T01:37:16+00:00","article_modified_time":"2024-03-19T02:16:13+00:00","og_image":[{"width":600,"height":400,"url":"https:\/\/www.sonoraenequipo.com.mx\/storage\/2024\/03\/CEPC.jpg","type":"image\/jpeg"}],"author":"enequipo","twitter_card":"summary_large_image","twitter_creator":"@sonoraenequipo","twitter_site":"@sonoraenequipo","twitter_misc":{"Escrito por":"enequipo","Tiempo de lectura":"1 minuto"},"schema":{"@context":"https:\/\/schema.org","@graph":[{"@type":"Article","@id":"https:\/\/www.sonoraenequipo.com.mx\/mantiene-gobierno-de-sonora-capacitacion-continua-a-brigada-especial-de-guarderias-y-preescolares\/#article","isPartOf":{"@id":"https:\/\/www.sonoraenequipo.com.mx\/mantiene-gobierno-de-sonora-capacitacion-continua-a-brigada-especial-de-guarderias-y-preescolares\/"},"author":{"name":"enequipo","@id":"https:\/\/www.sonoraenequipo.com.mx\/#\/schema\/person\/50102df0fb23a8fa9e8effad8fa81386"},"headline":"Mantiene Gobierno de Sonora capacitaci\u00f3n continua a Brigada Especial de Guarder\u00edas y Preescolares","datePublished":"2024-03-19T01:37:16+00:00","dateModified":"2024-03-19T02:16:13+00:00","mainEntityOfPage":{"@id":"https:\/\/www.sonoraenequipo.com.mx\/mantiene-gobierno-de-sonora-capacitacion-continua-a-brigada-especial-de-guarderias-y-preescolares\/"},"wordCount":252,"commentCount":0,"publisher":{"@id":"https:\/\/www.sonoraenequipo.com.mx\/#organization"},"image":{"@id":"https:\/\/www.sonoraenequipo.com.mx\/mantiene-gobierno-de-sonora-capacitacion-continua-a-brigada-especial-de-guarderias-y-preescolares\/#primaryimage"},"thumbnailUrl":"https:\/\/www.sonoraenequipo.com.mx\/storage\/2024\/03\/CEPC.jpg","articleSection":["Sin categorizar","Sonora"],"inLanguage":"es","potentialAction":[{"@type":"CommentAction","name":"Comment","target":["https:\/\/www.sonoraenequipo.com.mx\/mantiene-gobierno-de-sonora-capacitacion-continua-a-brigada-especial-de-guarderias-y-preescolares\/#respond"]}]},{"@type":"WebPage","@id":"https:\/\/www.sonoraenequipo.com.mx\/mantiene-gobierno-de-sonora-capacitacion-continua-a-brigada-especial-de-guarderias-y-preescolares\/","url":"https:\/\/www.sonoraenequipo.com.mx\/mantiene-gobierno-de-sonora-capacitacion-continua-a-brigada-especial-de-guarderias-y-preescolares\/","name":"Sonora en Equipo. Mantiene Gobierno de Sonora capacitaci\u00f3n continua a Brigada Especial de Guarder\u00edas y Preescolares Sin categorizar","isPartOf":{"@id":"https:\/\/www.sonoraenequipo.com.mx\/#website"},"primaryImageOfPage":{"@id":"https:\/\/www.sonoraenequipo.com.mx\/mantiene-gobierno-de-sonora-capacitacion-continua-a-brigada-especial-de-guarderias-y-preescolares\/#primaryimage"},"image":{"@id":"https:\/\/www.sonoraenequipo.com.mx\/mantiene-gobierno-de-sonora-capacitacion-continua-a-brigada-especial-de-guarderias-y-preescolares\/#primaryimage"},"thumbnailUrl":"https:\/\/www.sonoraenequipo.com.mx\/storage\/2024\/03\/CEPC.jpg","datePublished":"2024-03-19T01:37:16+00:00","dateModified":"2024-03-19T02:16:13+00:00","description":"HERMOSILLO, SONORA, MX.\u02d7\u02d7\u02d7 Para eficientar el proceso de supervisi\u00f3n de estancias infantiles y garantizar un apropiado resguardo para las infancias En Sonora en Equipo publicamos toda la informaci\u00f3n de Sonora, M\u00e9xico y el Mundo de manera oportuna y busca que la libertad de expresi\u00f3n sea real. Visita nuestro medio informativo publicado desde Hermosillo, Sonora. %","breadcrumb":{"@id":"https:\/\/www.sonoraenequipo.com.mx\/mantiene-gobierno-de-sonora-capacitacion-continua-a-brigada-especial-de-guarderias-y-preescolares\/#breadcrumb"},"inLanguage":"es","potentialAction":[{"@type":"ReadAction","target":["https:\/\/www.sonoraenequipo.com.mx\/mantiene-gobierno-de-sonora-capacitacion-continua-a-brigada-especial-de-guarderias-y-preescolares\/"]}]},{"@type":"ImageObject","inLanguage":"es","@id":"https:\/\/www.sonoraenequipo.com.mx\/mantiene-gobierno-de-sonora-capacitacion-continua-a-brigada-especial-de-guarderias-y-preescolares\/#primaryimage","url":"https:\/\/www.sonoraenequipo.com.mx\/storage\/2024\/03\/CEPC.jpg","contentUrl":"https:\/\/www.sonoraenequipo.com.mx\/storage\/2024\/03\/CEPC.jpg","width":600,"height":400},{"@type":"BreadcrumbList","@id":"https:\/\/www.sonoraenequipo.com.mx\/mantiene-gobierno-de-sonora-capacitacion-continua-a-brigada-especial-de-guarderias-y-preescolares\/#breadcrumb","itemListElement":[{"@type":"ListItem","position":1,"name":"Portada","item":"https:\/\/www.sonoraenequipo.com.mx\/"},{"@type":"ListItem","position":2,"name":"Mantiene Gobierno de Sonora capacitaci\u00f3n continua a Brigada Especial de Guarder\u00edas y Preescolares"}]},{"@type":"WebSite","@id":"https:\/\/www.sonoraenequipo.com.mx\/#website","url":"https:\/\/www.sonoraenequipo.com.mx\/","name":"Sonora en Equipo.","description":"Diario en l\u00ednea con Noticias desde Hermosillo, Sonora","publisher":{"@id":"https:\/\/www.sonoraenequipo.com.mx\/#organization"},"potentialAction":[{"@type":"SearchAction","target":{"@type":"EntryPoint","urlTemplate":"https:\/\/www.sonoraenequipo.com.mx\/?s={search_term_string}"},"query-input":{"@type":"PropertyValueSpecification","valueRequired":true,"valueName":"search_term_string"}}],"inLanguage":"es"},{"@type":"Organization","@id":"https:\/\/www.sonoraenequipo.com.mx\/#organization","name":"Sonoraenequipo.com.mx","url":"https:\/\/www.sonoraenequipo.com.mx\/","logo":{"@type":"ImageObject","inLanguage":"es","@id":"https:\/\/www.sonoraenequipo.com.mx\/#\/schema\/logo\/image\/","url":"https:\/\/www.sonoraenequipo.com.mx\/storage\/2019\/01\/sonoraenequipo_opt.png","contentUrl":"https:\/\/www.sonoraenequipo.com.mx\/storage\/2019\/01\/sonoraenequipo_opt.png","width":375,"height":125,"caption":"Sonoraenequipo.com.mx"},"image":{"@id":"https:\/\/www.sonoraenequipo.com.mx\/#\/schema\/logo\/image\/"},"sameAs":["https:\/\/www.facebook.com\/SonoraEE\/","https:\/\/x.com\/sonoraenequipo","https:\/\/www.youtube.com\/channel\/UC338nW-lPEYmJQs4ZABQ1SQ"]},{"@type":"Person","@id":"https:\/\/www.sonoraenequipo.com.mx\/#\/schema\/person\/50102df0fb23a8fa9e8effad8fa81386","name":"enequipo","image":{"@type":"ImageObject","inLanguage":"es","@id":"https:\/\/www.sonoraenequipo.com.mx\/#\/schema\/person\/image\/","url":"https:\/\/secure.gravatar.com\/avatar\/049821681b589dabc0bc20695993ccebb09f5b5d4d790cd9251b97faac7c652b?s=96&d=blank&r=g","contentUrl":"https:\/\/secure.gravatar.com\/avatar\/049821681b589dabc0bc20695993ccebb09f5b5d4d790cd9251b97faac7c652b?s=96&d=blank&r=g","caption":"enequipo"},"sameAs":["https:\/\/www.facebook.com\/SonoraEE"]}]}},"jetpack_featured_media_url":"https:\/\/www.sonoraenequipo.com.mx\/storage\/2024\/03\/CEPC.jpg","_links":{"self":[{"href":"https:\/\/www.sonoraenequipo.com.mx\/api\/wp\/v2\/posts\/185753","targetHints":{"allow":["GET"]}}],"collection":[{"href":"https:\/\/www.sonoraenequipo.com.mx\/api\/wp\/v2\/posts"}],"about":[{"href":"https:\/\/www.sonoraenequipo.com.mx\/api\/wp\/v2\/types\/post"}],"author":[{"embeddable":true,"href":"https:\/\/www.sonoraenequipo.com.mx\/api\/wp\/v2\/users\/1"}],"replies":[{"embeddable":true,"href":"https:\/\/www.sonoraenequipo.com.mx\/api\/wp\/v2\/comments?post=185753"}],"version-history":[{"count":2,"href":"https:\/\/www.sonoraenequipo.com.mx\/api\/wp\/v2\/posts\/185753\/revisions"}],"predecessor-version":[{"id":185758,"href":"https:\/\/www.sonoraenequipo.com.mx\/api\/wp\/v2\/posts\/185753\/revisions\/185758"}],"wp:featuredmedia":[{"embeddable":true,"href":"https:\/\/www.sonoraenequipo.com.mx\/api\/wp\/v2\/media\/185756"}],"wp:attachment":[{"href":"https:\/\/www.sonoraenequipo.com.mx\/api\/wp\/v2\/media?parent=185753"}],"wp:term":[{"taxonomy":"category","embeddable":true,"href":"https:\/\/www.sonoraenequipo.com.mx\/api\/wp\/v2\/categories?post=185753"},{"taxonomy":"post_tag","embeddable":true,"href":"https:\/\/www.sonoraenequipo.com.mx\/api\/wp\/v2\/tags?post=185753"}],"curies":[{"name":"wp","href":"https:\/\/api.w.org\/{rel}","templated":true}]}}