{"id":185776,"date":"2024-03-18T19:54:52","date_gmt":"2024-03-19T02:54:52","guid":{"rendered":"https:\/\/www.sonoraenequipo.com.mx\/?p=185776"},"modified":"2024-03-19T08:43:36","modified_gmt":"2024-03-19T15:43:36","slug":"discurso-del-presidente-andres-manuel-lopez-obrador-en-el-86-aniversario-de-la-expropiacion-petrolera","status":"publish","type":"post","link":"https:\/\/www.sonoraenequipo.com.mx\/discurso-del-presidente-andres-manuel-lopez-obrador-en-el-86-aniversario-de-la-expropiacion-petrolera\/","title":{"rendered":"Discurso del presidente Andr\u00e9s Manuel L\u00f3pez Obrador en el 86 Aniversario de la Expropiaci\u00f3n Petrolera"},"content":{"rendered":"<p>Amigas, amigos, ya est\u00e1 todo dicho, si acaso pudiera yo agregar la frase del general C\u00e1rdenas, seg\u00fan la cual: \u201cel que entrega los recursos naturales de M\u00e9xico a extranjeros es traidor a la patria. He dicho\u201d. Pero escrib\u00ed algo.<\/p>\n<p>&nbsp;<\/p>\n<p> <\/p>\n<p>Hoy conmemoramos un aniversario m\u00e1s de la Expropiaci\u00f3n Petrolera, una decisi\u00f3n y un hecho verdaderamente hist\u00f3rico.<\/p>\n<p>&nbsp;<\/p>\n<p>&nbsp;<\/p>\n<p>En M\u00e9xico y en el mundo el petr\u00f3leo siempre ha despertado la codicia, ha generado la opresi\u00f3n, la violencia y el sometimiento, pero tambi\u00e9n ha significado progreso, justicia, patriotismo y bienestar para los pueblos.<\/p>\n<p>&nbsp;<\/p>\n<p>&nbsp;<\/p>\n<p>En M\u00e9xico, desde que se descubri\u00f3 el petr\u00f3leo, en los a\u00f1os sesentas del siglo XIX, en San Fernando, un pueblo de Macuspana, Tabasco y hasta el 18 de marzo de 1938, este recurso natural no renovable estaba relacionado con lo malo; los ind\u00edgenas chontales dec\u00edan que era del \u201cdue\u00f1o del monte y quien lo tocara se convertir\u00eda en un mont\u00f3n de sal\u201d; era del diablo, como lo expresa el poema de Ram\u00f3n L\u00f3pez Velarde; aunque lo menos m\u00edstico y m\u00e1s real, es que el petr\u00f3leo durante el porfiriato y antes de la expropiaci\u00f3n, s\u00f3lo produc\u00eda sufrimiento y dolor a los mexicanos para complacencia y lucro de las compa\u00f1\u00edas y de los gobiernos extranjeros. Es el presidente L\u00e1zaro C\u00e1rdenas del R\u00edo, que adem\u00e1s de recuperarlo en beneficio de la naci\u00f3n, empieza a concebirlo como palanca para el desarrollo de M\u00e9xico.<\/p>\n<p>&nbsp;<\/p>\n<p>&nbsp;<\/p>\n<p>A partir de 1938, la industria petrolera le permiti\u00f3 al pa\u00eds alcanzar buenos niveles de crecimiento econ\u00f3mico; desde entonces hasta nuestros d\u00edas, con altas y bajas, la explotaci\u00f3n de esta importante materia prima ha permitido ingresos a la Hacienda P\u00fablica como ninguna otra actividad econ\u00f3mica en la historia de M\u00e9xico.<\/p>\n<p>&nbsp;<\/p>\n<p>&nbsp;<\/p>\n<p>Baste decir que durante todo el periodo neoliberal o neo porfirista de 1983 a 2018, 30 centavos de cada peso del presupuesto nacional, durante 36 a\u00f1os, 30 centavos de cada peso del presupuesto nacional proven\u00edan de la industria petrolera.<\/p>\n<p>&nbsp;<\/p>\n<p>&nbsp;<\/p>\n<p>Esto explica el porqu\u00e9 nuestro petr\u00f3leo siempre ha sido la gran tentaci\u00f3n para propios y sobre todo extra\u00f1os. Mientras unos presidentes de la Rep\u00fablica lo han querido privatizar de distintas maneras, tr\u00e1tese de contratos, riesgo, contratos de servicios, contratos de todo tipo, compartiendo utilidades o entregando de plano a particulares bloques de nuestro territorio en zonas petroleras, otros mandatarios, como Adolfo Ruiz Cortines, Adolfo L\u00f3pez Mateos e incluso Gustavo D\u00edaz Ordaz, supieron aplicar la ense\u00f1anza del general L\u00e1zaro C\u00e1rdenas de utilizar el petr\u00f3leo y sus derivados s\u00f3lo en beneficio del pueblo de M\u00e9xico.<\/p>\n<p>&nbsp;<\/p>\n<p>&nbsp;<\/p>\n<p>Por nuestra parte y con este ideario hemos venido actuando desde antes de llegar a la Presidencia y ello ha marcado el camino que ha seguido nuestro gobierno.<\/p>\n<p>&nbsp;<\/p>\n<p>&nbsp;<\/p>\n<p>\u00bfQu\u00e9 hemos hecho de manera concreta? Aunque ya lo mencion\u00f3, lo explic\u00f3 de manera detallada Octavio Romero Oropeza, excepcional director de Pemex. Yo tratar\u00e9 de explicarlo de manera breve en diez puntos.<\/p>\n<p>&nbsp;<\/p>\n<p>&nbsp;<\/p>\n<p>Hemos logrado, como aqu\u00ed se ha dado a conocer, detener la ca\u00edda en la producci\u00f3n de crudo que se produjo de manera ininterrumpida de 2004 a 2018, cuando se pas\u00f3 de 3 millones 400 mil barriles diarios a un mill\u00f3n 700 mil barriles diarios, la mitad de la producci\u00f3n en quince a\u00f1os se perdi\u00f3. Ahora estamos extrayendo un mill\u00f3n 850 mil barriles diarios, 150 mil m\u00e1s que cuando llegamos al gobierno.<\/p>\n<p>&nbsp;<\/p>\n<p>La producci\u00f3n de gas la incrementamos de 3 mil 761 a 3 mil 993 millones de pies c\u00fabicos.<\/p>\n<p>&nbsp;<\/p>\n<p>Se rehabilit\u00f3 y se ampli\u00f3 todo el sistema de refinaci\u00f3n y hemos pasado de importar el 80 por ciento de las gasolinas que consumiamos en el pa\u00eds a s\u00f3lo el 30 por ciento, y en septiembre \u00fanicamente importaremos 6 por ciento y casi seremos autosuficientes.<\/p>\n<p>&nbsp;<\/p>\n<p>Se acab\u00f3, as\u00ed, de manera categ\u00f3rica, se acab\u00f3 con la tremenda corrupci\u00f3n que prevalec\u00eda en Pemex, ya no son los tiempos de antes; ya no se otorgan concesiones a modo, por consigna par explotar petr\u00f3leo en Chicontepec, un contrato muy jugoso a una empresa extranjera; tampoco se entregan contratos como los que recibi\u00f3 una empresa espa\u00f1ola en la Cuenca de Burgos que supuestamente iba a significar extraer m\u00e1s gas, tampoco se invierte en beneficio de empresas extranjeras o en aguas profundas, cuando todos sabemos que el petr\u00f3leo est\u00e1 en el sureste en tierra y en aguas someras y cuesta mucho menos extraerlo. Ya se termin\u00f3 con esa corrupci\u00f3n.<\/p>\n<p>&nbsp;<\/p>\n<p>Hemos bajado, y esto es muy importante, en t\u00e9rminos reales los precios de las gasolinas, del di\u00e9sel y del gas en beneficio de los consumidores como no suced\u00eda en d\u00e9cadas en nuestro pa\u00eds.<\/p>\n<p>&nbsp;<\/p>\n<p>Se ha dado mayor autonom\u00eda financiera a Pemex, porque contrario a los neoliberales que quer\u00edan quebrarla, que era la intenci\u00f3n, avanzaron en ese prop\u00f3sito perverso porque pr\u00e1cticamente convirtieron en chatarra toda la industria petroqu\u00edmica y ese era el prop\u00f3sito tambi\u00e9n de convertir en fierros viejos las refiner\u00edas y afortunadamente el pueblo de M\u00e9xico dijo: basta y se inici\u00f3 una pol\u00edtica nueva, una nueva pol\u00edtica econ\u00f3mica y una nueva pol\u00edtica en cuanto al petr\u00f3leo, por ejemplo, ahora en vez de pagar 65 por ciento de Derecho de Utilidad Compartida a la Secretar\u00eda de Hacienda, Pemex paga s\u00f3lo paga el 30 por ciento, menos de la mitad.<\/p>\n<p>&nbsp;<\/p>\n<p>El manejo honesto, eficaz y austero de Pemex, ha permitido reducir los costos de producci\u00f3n, lo que cuesta extraer el petr\u00f3leo, ahora cuesta menos que antes, nos ha permitido ahorrar y como se ha dicho antes, nos ha permitido disminuir su deuda de 129 mil millones de d\u00f3lares a 106 mil millones de d\u00f3lares; es decir, 18 por ciento menos de deuda en Pemex.<\/p>\n<p>&nbsp;<\/p>\n<p>No hemos dejado de invertir en exploraci\u00f3n y hemos, con suerte que tambi\u00e9n influye en estos casos como en otros, hemos descubierto nuevos yacimientos en tierra y en aguas someras en el sureste del pa\u00eds. Cuando llegamos al gobierno, las reservas probadas eran de 7.5 millones de barriles; hoy se estima que ascienden a lo mismo, 7.5 millones de barriles; en otras palabras, hemos mantenido los mismos niveles de reservas, aun con lo extra\u00eddo en nuestra administraci\u00f3n.<\/p>\n<p>&nbsp;<\/p>\n<p>Se han puesto en operaci\u00f3n dos plantas de fertilizantes, una planta de amoniaco, propiedad de Pemex y una de urea, adquirida en el pasado gobierno de manera fraudulenta que estaba a poco de convertirse en chatarra. Ahora producen un mill\u00f3n 41 mil toneladas anuales y todo ese fertilizante se entrega de manera gratuita a 2 millones de peque\u00f1os productores del campo, bajo la premisa de que coman los que nos dan de comer<\/p>\n<p>&nbsp;<\/p>\n<p>Hemos basificado, como aqu\u00ed se ha dicho y arriba los petroleros, transitorios y de planta, hemos basificado a 25 mil 411 trabajadores transitorios de acuerdo a su antig\u00fcedad, esto es muy importante. Agradezco a los obreros, t\u00e9cnicos, profesionales y personal administrativo de Pemex por su apoyo y por su respaldo, as\u00ed como tambi\u00e9n al sindicato de esta empresa de la naci\u00f3n.<\/p>\n<p>&nbsp;<\/p>\n<p>En los \u00faltimos tiempos, como ya lo mencion\u00f3 Octavio, de manera sutil ha surgido una fuerza, una corriente de opini\u00f3n en contra del petr\u00f3leo y de otras energ\u00edas f\u00f3siles, lo cual ha llevado a plantear que se elimine o reduzca su utilizaci\u00f3n y a poner en pr\u00e1ctica la producci\u00f3n de energ\u00edas limpias y renovables. Desde mi punto de vista, es importante adherirse a ese pensamiento, a esa idea y seguir desarrollando estas nuevas opciones; es completamente racional conservar un recurso no renovable, m\u00e1xime si su transformaci\u00f3n y consumo ocasionan da\u00f1os a la naturaleza y a la humanidad.<\/p>\n<p>&nbsp;<\/p>\n<p>&nbsp;<\/p>\n<p>Sin embargo, debemos calcular bien los tiempos de esa transici\u00f3n energ\u00e9tica para no volver a caer en M\u00e9xico en la dependencia del extranjero por dejar anticipadamente de invertir en la extracci\u00f3n de petr\u00f3leo y en la producci\u00f3n de gasolinas y combustibles. Cuidado con los nuevos vendedores de cuentas de vidrio, con los que piensan que la riqueza de las naciones no depende de la producci\u00f3n y el trabajo sino de la especulaci\u00f3n financiera y de las bolsas de valores.<\/p>\n<p>&nbsp;<\/p>\n<p>&nbsp;<\/p>\n<p>Mientras no tengamos la total certeza de que podemos sustituir el petr\u00f3leo sin dificultad y, en poco tiempo, sigamos con la estrategia que hemos adoptado de no vender petr\u00f3leo crudo, procesar toda la materia prima en nuestro pa\u00eds y primero abastecer nuestro mercado interno. No a la dependencia.<\/p>\n<p>&nbsp;<\/p>\n<p>&nbsp;<\/p>\n<p>Debemos continuar avanzando hacia la autosuficiencia y hacer a un lado el absurdo de exportar materia prima e importar combustibles, el vender naranja y comprar jugo de naranja. Nada de cerrar o abandonar refiner\u00edas; al contrario, mejorar su productividad y contar con otras. De igual forma, terminar de construir las dos nuevas coquizadoras de Tula y de Salina Cruz para obtener m\u00e1s gasolinas y no producir combust\u00f3leo contaminante.<\/p>\n<p>&nbsp;<\/p>\n<p>&nbsp;<\/p>\n<p>Asimismo, a la vez que seguimos benefici\u00e1ndonos con la industria petrolera, porque es un buen negocio, lo deb\u00eda hasta Rockefeller: \u201cel mejor negocio del mundo es el petr\u00f3leo y el segundo mejor negocios del mundo mal administrado\u201d; el petr\u00f3leo ha sido, es y seguir\u00e1 siendo un buen negocio y si se administra como ahora, con honestidad, con eficiencia vamos a utilizar los recursos del petr\u00f3leo como palanca para el desarrollo y debemos, con esas utilidades que nos permite el petr\u00f3leo, empezar a crear un fondo que se vaya incrementando con el tiempo y que sea utilizado en su momento para financiar las plantas o equipos necesarios para la producci\u00f3n de energ\u00edas alternativas o renovables, siempre pensando en no afectar la naturaleza y garantizar el bienestar de las nuevas generaciones.<\/p>\n<p>&nbsp;<\/p>\n<p>&nbsp;<\/p>\n<p>Pero no debemos dejarnos llevar por el canto de las sirenas, son decisiones que debemos tomar de manera aut\u00f3noma, pensando siempre en el inter\u00e9s p\u00fablico; recordemos, para s\u00f3lo poner un ejemplo, que hace tres a\u00f1os se esparci\u00f3 el rumor de que ya todos los carros iban a ser el\u00e9ctricos y se lo creyeron, no s\u00f3lo los expertos, sino hasta los due\u00f1os de las grandes empresas petroleras extranjeras y se empezaron a vender refiner\u00edas a precios bajos, hace tres o cuatro a\u00f1os estaban en venta ocho o 10 refiner\u00edas en Texas, por eso aprovechamos a comprar Deer Park en 600 millones de d\u00f3lares, un precio muy bajo, el 49 por ciento de las acciones que pertenec\u00edan a Shell y miren cu\u00e1ntos beneficios nos ha dado esa compra, bueno, qu\u00e9 sucedi\u00f3, que una vez que se constat\u00f3 que todav\u00eda faltaba tiempo para prescindir de los motores de combusti\u00f3n interna, las refiner\u00edas existentes continuaron produciendo y hoy hay en el mundo aproximadamente 190 refiner\u00edas m\u00e1s en construcci\u00f3n. O sea, tenemos que calcular muy bien y pensar siempre en lo que m\u00e1s conviene al pueblo de M\u00e9xico y a la naci\u00f3n, no guiarnos s\u00f3lo por la opini\u00f3n de los mercaderes o financieros, con todo respeto del extranjero, ellos est\u00e1n en su papel en especular y obtener ganancias f\u00e1ciles, pero a los servidores p\u00fablicos los \u00fanicos negocios que deben inmortales, interesarles son los negocios p\u00fablicos, nosotros somos representantes del pueblo de M\u00e9xico y tenemos que cuidar del patrimonio nacional. Siervos de la Naci\u00f3n, dec\u00eda Morelos. Y es distinto el sector privado que el sector p\u00fablico, son compatibles, lo mejor es la econom\u00eda mixta que se puedan integrar el sector privado, el sector p\u00fablico y el sector social y con esos tres motores como lo estamos haciendo, sacar adelante a nuestro pa\u00eds, pero Pemex, ni la Comisi\u00f3n Federal de Electricidad debe administrarse como si tratara de una empresa privada, cuyo objetivo principal es la ganancia, el lucro; en el caso de la Comisi\u00f3n Federal de Electricidad y Pemex el objetivo fundamental superior es la felicidad y el bienestar de nuestro pueblo.<\/p>\n<p>&nbsp;<\/p>\n<p>&nbsp;<\/p>\n<p>En fin, sigamos defendiendo el petr\u00f3leo de M\u00e9xico y rescatando la soberan\u00eda nacional.<\/p>\n<p>&nbsp;<\/p>\n<p>&nbsp;<\/p>\n<p><strong>\u00a1Que viva Pemex!<\/strong><\/p>\n<p><strong>\u00a1Que viva el general L\u00e1zaro C\u00e1rdenas del R\u00edo!<\/strong><\/p>\n<p><strong>\u00a1Que viva la Expropiaci\u00f3n Petrolera!<\/strong><\/p>\n<p><strong>\u00a1Viva M\u00e9xico!<\/strong><\/p>\n<p><strong>\u00a1Viva M\u00e9xico!<\/strong><\/p>\n<p><strong>\u00a1Viva M\u00e9xico!<\/strong><\/p>\n<p>&nbsp;<\/p>\n<p>&nbsp;<\/p>\n<p>PUBLICADO EL 18 DE MARZO DE 2024\/\/ Con informaci\u00f3n GOBM\u00c9XICO)<\/p>\n","protected":false},"excerpt":{"rendered":"<p>Amigas, amigos, ya est\u00e1 todo dicho, si acaso pudiera yo agregar la frase del general&#8230;<\/p>\n","protected":false},"author":1,"featured_media":185777,"comment_status":"open","ping_status":"open","sticky":false,"template":"","format":"standard","meta":{"_monsterinsights_skip_tracking":false,"_monsterinsights_sitenote_active":false,"_monsterinsights_sitenote_note":"","_monsterinsights_sitenote_category":0,"footnotes":""},"categories":[12],"tags":[],"class_list":["post"],"yoast_head":" \n<title>Sonora en Equipo. Discurso del presidente Andr\u00e9s Manuel L\u00f3pez Obrador en el 86 Aniversario de la Expropiaci\u00f3n Petrolera Especiales<\/title>\n<meta name=\"description\" content=\"Amigas, amigos, ya est\u00e1 todo dicho, si acaso pudiera yo agregar la frase del general C\u00e1rdenas, seg\u00fan la cual: \u201cel que entrega los recursos naturales de En Sonora en Equipo publicamos toda la informaci\u00f3n de Sonora, M\u00e9xico y el Mundo de manera oportuna y busca que la libertad de expresi\u00f3n sea real. Visita nuestro medio informativo publicado desde Hermosillo, Sonora. %\" \/>\n<meta name=\"robots\" content=\"index, follow, max-snippet:-1, max-image-preview:large, max-video-preview:-1\" \/>\n<link rel=\"canonical\" href=\"https:\/\/www.sonoraenequipo.com.mx\/discurso-del-presidente-andres-manuel-lopez-obrador-en-el-86-aniversario-de-la-expropiacion-petrolera\/\" \/>\n<meta property=\"og:locale\" content=\"es_ES\" \/>\n<meta property=\"og:type\" content=\"article\" \/>\n<meta property=\"og:title\" content=\"Sonora en Equipo. Discurso del presidente Andr\u00e9s Manuel L\u00f3pez Obrador en el 86 Aniversario de la Expropiaci\u00f3n Petrolera Especiales\" \/>\n<meta property=\"og:description\" content=\"Amigas, amigos, ya est\u00e1 todo dicho, si acaso pudiera yo agregar la frase del general C\u00e1rdenas, seg\u00fan la cual: \u201cel que entrega los recursos naturales de En Sonora en Equipo publicamos toda la informaci\u00f3n de Sonora, M\u00e9xico y el Mundo de manera oportuna y busca que la libertad de expresi\u00f3n sea real. Visita nuestro medio informativo publicado desde Hermosillo, Sonora. %\" \/>\n<meta property=\"og:url\" content=\"https:\/\/www.sonoraenequipo.com.mx\/discurso-del-presidente-andres-manuel-lopez-obrador-en-el-86-aniversario-de-la-expropiacion-petrolera\/\" \/>\n<meta property=\"og:site_name\" content=\"Sonora en Equipo.\" \/>\n<meta property=\"article:publisher\" content=\"https:\/\/www.facebook.com\/SonoraEE\/\" \/>\n<meta property=\"article:author\" content=\"https:\/\/www.facebook.com\/SonoraEE\" \/>\n<meta property=\"article:published_time\" content=\"2024-03-19T02:54:52+00:00\" \/>\n<meta property=\"article:modified_time\" content=\"2024-03-19T15:43:36+00:00\" \/>\n<meta property=\"og:image\" content=\"https:\/\/www.sonoraenequipo.com.mx\/storage\/2024\/03\/Discurso-a-los-petroleros-min.jpg\" \/>\n\t<meta property=\"og:image:width\" content=\"1500\" \/>\n\t<meta property=\"og:image:height\" content=\"1000\" \/>\n\t<meta property=\"og:image:type\" content=\"image\/jpeg\" \/>\n<meta name=\"author\" content=\"enequipo\" \/>\n<meta name=\"twitter:card\" content=\"summary_large_image\" \/>\n<meta name=\"twitter:creator\" content=\"@sonoraenequipo\" \/>\n<meta name=\"twitter:site\" content=\"@sonoraenequipo\" \/>\n<meta name=\"twitter:label1\" content=\"Escrito por\" \/>\n\t<meta name=\"twitter:data1\" content=\"enequipo\" \/>\n\t<meta name=\"twitter:label2\" content=\"Tiempo de lectura\" \/>\n\t<meta name=\"twitter:data2\" content=\"11 minutos\" \/>\n<script type=\"application\/ld+json\" class=\"yoast-schema-graph\">{\"@context\":\"https:\/\/schema.org\",\"@graph\":[{\"@type\":\"Article\",\"@id\":\"https:\/\/www.sonoraenequipo.com.mx\/discurso-del-presidente-andres-manuel-lopez-obrador-en-el-86-aniversario-de-la-expropiacion-petrolera\/#article\",\"isPartOf\":{\"@id\":\"https:\/\/www.sonoraenequipo.com.mx\/discurso-del-presidente-andres-manuel-lopez-obrador-en-el-86-aniversario-de-la-expropiacion-petrolera\/\"},\"author\":{\"name\":\"enequipo\",\"@id\":\"https:\/\/www.sonoraenequipo.com.mx\/#\/schema\/person\/50102df0fb23a8fa9e8effad8fa81386\"},\"headline\":\"Discurso del presidente Andr\u00e9s Manuel L\u00f3pez Obrador en el 86 Aniversario de la Expropiaci\u00f3n Petrolera\",\"datePublished\":\"2024-03-19T02:54:52+00:00\",\"dateModified\":\"2024-03-19T15:43:36+00:00\",\"mainEntityOfPage\":{\"@id\":\"https:\/\/www.sonoraenequipo.com.mx\/discurso-del-presidente-andres-manuel-lopez-obrador-en-el-86-aniversario-de-la-expropiacion-petrolera\/\"},\"wordCount\":2154,\"commentCount\":0,\"publisher\":{\"@id\":\"https:\/\/www.sonoraenequipo.com.mx\/#organization\"},\"image\":{\"@id\":\"https:\/\/www.sonoraenequipo.com.mx\/discurso-del-presidente-andres-manuel-lopez-obrador-en-el-86-aniversario-de-la-expropiacion-petrolera\/#primaryimage\"},\"thumbnailUrl\":\"https:\/\/www.sonoraenequipo.com.mx\/storage\/2024\/03\/Discurso-a-los-petroleros-min.jpg\",\"articleSection\":[\"Especiales\"],\"inLanguage\":\"es\",\"potentialAction\":[{\"@type\":\"CommentAction\",\"name\":\"Comment\",\"target\":[\"https:\/\/www.sonoraenequipo.com.mx\/discurso-del-presidente-andres-manuel-lopez-obrador-en-el-86-aniversario-de-la-expropiacion-petrolera\/#respond\"]}]},{\"@type\":\"WebPage\",\"@id\":\"https:\/\/www.sonoraenequipo.com.mx\/discurso-del-presidente-andres-manuel-lopez-obrador-en-el-86-aniversario-de-la-expropiacion-petrolera\/\",\"url\":\"https:\/\/www.sonoraenequipo.com.mx\/discurso-del-presidente-andres-manuel-lopez-obrador-en-el-86-aniversario-de-la-expropiacion-petrolera\/\",\"name\":\"Sonora en Equipo. Discurso del presidente Andr\u00e9s Manuel L\u00f3pez Obrador en el 86 Aniversario de la Expropiaci\u00f3n Petrolera Especiales\",\"isPartOf\":{\"@id\":\"https:\/\/www.sonoraenequipo.com.mx\/#website\"},\"primaryImageOfPage\":{\"@id\":\"https:\/\/www.sonoraenequipo.com.mx\/discurso-del-presidente-andres-manuel-lopez-obrador-en-el-86-aniversario-de-la-expropiacion-petrolera\/#primaryimage\"},\"image\":{\"@id\":\"https:\/\/www.sonoraenequipo.com.mx\/discurso-del-presidente-andres-manuel-lopez-obrador-en-el-86-aniversario-de-la-expropiacion-petrolera\/#primaryimage\"},\"thumbnailUrl\":\"https:\/\/www.sonoraenequipo.com.mx\/storage\/2024\/03\/Discurso-a-los-petroleros-min.jpg\",\"datePublished\":\"2024-03-19T02:54:52+00:00\",\"dateModified\":\"2024-03-19T15:43:36+00:00\",\"description\":\"Amigas, amigos, ya est\u00e1 todo dicho, si acaso pudiera yo agregar la frase del general C\u00e1rdenas, seg\u00fan la cual: \u201cel que entrega los recursos naturales de En Sonora en Equipo publicamos toda la informaci\u00f3n de Sonora, M\u00e9xico y el Mundo de manera oportuna y busca que la libertad de expresi\u00f3n sea real. Visita nuestro medio informativo publicado desde Hermosillo, Sonora. %\",\"breadcrumb\":{\"@id\":\"https:\/\/www.sonoraenequipo.com.mx\/discurso-del-presidente-andres-manuel-lopez-obrador-en-el-86-aniversario-de-la-expropiacion-petrolera\/#breadcrumb\"},\"inLanguage\":\"es\",\"potentialAction\":[{\"@type\":\"ReadAction\",\"target\":[\"https:\/\/www.sonoraenequipo.com.mx\/discurso-del-presidente-andres-manuel-lopez-obrador-en-el-86-aniversario-de-la-expropiacion-petrolera\/\"]}]},{\"@type\":\"ImageObject\",\"inLanguage\":\"es\",\"@id\":\"https:\/\/www.sonoraenequipo.com.mx\/discurso-del-presidente-andres-manuel-lopez-obrador-en-el-86-aniversario-de-la-expropiacion-petrolera\/#primaryimage\",\"url\":\"https:\/\/www.sonoraenequipo.com.mx\/storage\/2024\/03\/Discurso-a-los-petroleros-min.jpg\",\"contentUrl\":\"https:\/\/www.sonoraenequipo.com.mx\/storage\/2024\/03\/Discurso-a-los-petroleros-min.jpg\",\"width\":1500,\"height\":1000},{\"@type\":\"BreadcrumbList\",\"@id\":\"https:\/\/www.sonoraenequipo.com.mx\/discurso-del-presidente-andres-manuel-lopez-obrador-en-el-86-aniversario-de-la-expropiacion-petrolera\/#breadcrumb\",\"itemListElement\":[{\"@type\":\"ListItem\",\"position\":1,\"name\":\"Portada\",\"item\":\"https:\/\/www.sonoraenequipo.com.mx\/\"},{\"@type\":\"ListItem\",\"position\":2,\"name\":\"Discurso del presidente Andr\u00e9s Manuel L\u00f3pez Obrador en el 86 Aniversario de la Expropiaci\u00f3n Petrolera\"}]},{\"@type\":\"WebSite\",\"@id\":\"https:\/\/www.sonoraenequipo.com.mx\/#website\",\"url\":\"https:\/\/www.sonoraenequipo.com.mx\/\",\"name\":\"Sonora en Equipo.\",\"description\":\"Diario en l\u00ednea con Noticias desde Hermosillo, Sonora\",\"publisher\":{\"@id\":\"https:\/\/www.sonoraenequipo.com.mx\/#organization\"},\"potentialAction\":[{\"@type\":\"SearchAction\",\"target\":{\"@type\":\"EntryPoint\",\"urlTemplate\":\"https:\/\/www.sonoraenequipo.com.mx\/?s={search_term_string}\"},\"query-input\":{\"@type\":\"PropertyValueSpecification\",\"valueRequired\":true,\"valueName\":\"search_term_string\"}}],\"inLanguage\":\"es\"},{\"@type\":\"Organization\",\"@id\":\"https:\/\/www.sonoraenequipo.com.mx\/#organization\",\"name\":\"Sonoraenequipo.com.mx\",\"url\":\"https:\/\/www.sonoraenequipo.com.mx\/\",\"logo\":{\"@type\":\"ImageObject\",\"inLanguage\":\"es\",\"@id\":\"https:\/\/www.sonoraenequipo.com.mx\/#\/schema\/logo\/image\/\",\"url\":\"https:\/\/www.sonoraenequipo.com.mx\/storage\/2019\/01\/sonoraenequipo_opt.png\",\"contentUrl\":\"https:\/\/www.sonoraenequipo.com.mx\/storage\/2019\/01\/sonoraenequipo_opt.png\",\"width\":375,\"height\":125,\"caption\":\"Sonoraenequipo.com.mx\"},\"image\":{\"@id\":\"https:\/\/www.sonoraenequipo.com.mx\/#\/schema\/logo\/image\/\"},\"sameAs\":[\"https:\/\/www.facebook.com\/SonoraEE\/\",\"https:\/\/x.com\/sonoraenequipo\",\"https:\/\/www.youtube.com\/channel\/UC338nW-lPEYmJQs4ZABQ1SQ\"]},{\"@type\":\"Person\",\"@id\":\"https:\/\/www.sonoraenequipo.com.mx\/#\/schema\/person\/50102df0fb23a8fa9e8effad8fa81386\",\"name\":\"enequipo\",\"image\":{\"@type\":\"ImageObject\",\"inLanguage\":\"es\",\"@id\":\"https:\/\/www.sonoraenequipo.com.mx\/#\/schema\/person\/image\/\",\"url\":\"https:\/\/secure.gravatar.com\/avatar\/049821681b589dabc0bc20695993ccebb09f5b5d4d790cd9251b97faac7c652b?s=96&d=blank&r=g\",\"contentUrl\":\"https:\/\/secure.gravatar.com\/avatar\/049821681b589dabc0bc20695993ccebb09f5b5d4d790cd9251b97faac7c652b?s=96&d=blank&r=g\",\"caption\":\"enequipo\"},\"sameAs\":[\"https:\/\/www.facebook.com\/SonoraEE\"]}]}<\/script>\n ","yoast_head_json":{"title":"Sonora en Equipo. Discurso del presidente Andr\u00e9s Manuel L\u00f3pez Obrador en el 86 Aniversario de la Expropiaci\u00f3n Petrolera Especiales","description":"Amigas, amigos, ya est\u00e1 todo dicho, si acaso pudiera yo agregar la frase del general C\u00e1rdenas, seg\u00fan la cual: \u201cel que entrega los recursos naturales de En Sonora en Equipo publicamos toda la informaci\u00f3n de Sonora, M\u00e9xico y el Mundo de manera oportuna y busca que la libertad de expresi\u00f3n sea real. Visita nuestro medio informativo publicado desde Hermosillo, Sonora. %","robots":{"index":"index","follow":"follow","max-snippet":"max-snippet:-1","max-image-preview":"max-image-preview:large","max-video-preview":"max-video-preview:-1"},"canonical":"https:\/\/www.sonoraenequipo.com.mx\/discurso-del-presidente-andres-manuel-lopez-obrador-en-el-86-aniversario-de-la-expropiacion-petrolera\/","og_locale":"es_ES","og_type":"article","og_title":"Sonora en Equipo. Discurso del presidente Andr\u00e9s Manuel L\u00f3pez Obrador en el 86 Aniversario de la Expropiaci\u00f3n Petrolera Especiales","og_description":"Amigas, amigos, ya est\u00e1 todo dicho, si acaso pudiera yo agregar la frase del general C\u00e1rdenas, seg\u00fan la cual: \u201cel que entrega los recursos naturales de En Sonora en Equipo publicamos toda la informaci\u00f3n de Sonora, M\u00e9xico y el Mundo de manera oportuna y busca que la libertad de expresi\u00f3n sea real. Visita nuestro medio informativo publicado desde Hermosillo, Sonora. %","og_url":"https:\/\/www.sonoraenequipo.com.mx\/discurso-del-presidente-andres-manuel-lopez-obrador-en-el-86-aniversario-de-la-expropiacion-petrolera\/","og_site_name":"Sonora en Equipo.","article_publisher":"https:\/\/www.facebook.com\/SonoraEE\/","article_author":"https:\/\/www.facebook.com\/SonoraEE","article_published_time":"2024-03-19T02:54:52+00:00","article_modified_time":"2024-03-19T15:43:36+00:00","og_image":[{"width":1500,"height":1000,"url":"https:\/\/www.sonoraenequipo.com.mx\/storage\/2024\/03\/Discurso-a-los-petroleros-min.jpg","type":"image\/jpeg"}],"author":"enequipo","twitter_card":"summary_large_image","twitter_creator":"@sonoraenequipo","twitter_site":"@sonoraenequipo","twitter_misc":{"Escrito por":"enequipo","Tiempo de lectura":"11 minutos"},"schema":{"@context":"https:\/\/schema.org","@graph":[{"@type":"Article","@id":"https:\/\/www.sonoraenequipo.com.mx\/discurso-del-presidente-andres-manuel-lopez-obrador-en-el-86-aniversario-de-la-expropiacion-petrolera\/#article","isPartOf":{"@id":"https:\/\/www.sonoraenequipo.com.mx\/discurso-del-presidente-andres-manuel-lopez-obrador-en-el-86-aniversario-de-la-expropiacion-petrolera\/"},"author":{"name":"enequipo","@id":"https:\/\/www.sonoraenequipo.com.mx\/#\/schema\/person\/50102df0fb23a8fa9e8effad8fa81386"},"headline":"Discurso del presidente Andr\u00e9s Manuel L\u00f3pez Obrador en el 86 Aniversario de la Expropiaci\u00f3n Petrolera","datePublished":"2024-03-19T02:54:52+00:00","dateModified":"2024-03-19T15:43:36+00:00","mainEntityOfPage":{"@id":"https:\/\/www.sonoraenequipo.com.mx\/discurso-del-presidente-andres-manuel-lopez-obrador-en-el-86-aniversario-de-la-expropiacion-petrolera\/"},"wordCount":2154,"commentCount":0,"publisher":{"@id":"https:\/\/www.sonoraenequipo.com.mx\/#organization"},"image":{"@id":"https:\/\/www.sonoraenequipo.com.mx\/discurso-del-presidente-andres-manuel-lopez-obrador-en-el-86-aniversario-de-la-expropiacion-petrolera\/#primaryimage"},"thumbnailUrl":"https:\/\/www.sonoraenequipo.com.mx\/storage\/2024\/03\/Discurso-a-los-petroleros-min.jpg","articleSection":["Especiales"],"inLanguage":"es","potentialAction":[{"@type":"CommentAction","name":"Comment","target":["https:\/\/www.sonoraenequipo.com.mx\/discurso-del-presidente-andres-manuel-lopez-obrador-en-el-86-aniversario-de-la-expropiacion-petrolera\/#respond"]}]},{"@type":"WebPage","@id":"https:\/\/www.sonoraenequipo.com.mx\/discurso-del-presidente-andres-manuel-lopez-obrador-en-el-86-aniversario-de-la-expropiacion-petrolera\/","url":"https:\/\/www.sonoraenequipo.com.mx\/discurso-del-presidente-andres-manuel-lopez-obrador-en-el-86-aniversario-de-la-expropiacion-petrolera\/","name":"Sonora en Equipo. Discurso del presidente Andr\u00e9s Manuel L\u00f3pez Obrador en el 86 Aniversario de la Expropiaci\u00f3n Petrolera Especiales","isPartOf":{"@id":"https:\/\/www.sonoraenequipo.com.mx\/#website"},"primaryImageOfPage":{"@id":"https:\/\/www.sonoraenequipo.com.mx\/discurso-del-presidente-andres-manuel-lopez-obrador-en-el-86-aniversario-de-la-expropiacion-petrolera\/#primaryimage"},"image":{"@id":"https:\/\/www.sonoraenequipo.com.mx\/discurso-del-presidente-andres-manuel-lopez-obrador-en-el-86-aniversario-de-la-expropiacion-petrolera\/#primaryimage"},"thumbnailUrl":"https:\/\/www.sonoraenequipo.com.mx\/storage\/2024\/03\/Discurso-a-los-petroleros-min.jpg","datePublished":"2024-03-19T02:54:52+00:00","dateModified":"2024-03-19T15:43:36+00:00","description":"Amigas, amigos, ya est\u00e1 todo dicho, si acaso pudiera yo agregar la frase del general C\u00e1rdenas, seg\u00fan la cual: \u201cel que entrega los recursos naturales de En Sonora en Equipo publicamos toda la informaci\u00f3n de Sonora, M\u00e9xico y el Mundo de manera oportuna y busca que la libertad de expresi\u00f3n sea real. Visita nuestro medio informativo publicado desde Hermosillo, Sonora. %","breadcrumb":{"@id":"https:\/\/www.sonoraenequipo.com.mx\/discurso-del-presidente-andres-manuel-lopez-obrador-en-el-86-aniversario-de-la-expropiacion-petrolera\/#breadcrumb"},"inLanguage":"es","potentialAction":[{"@type":"ReadAction","target":["https:\/\/www.sonoraenequipo.com.mx\/discurso-del-presidente-andres-manuel-lopez-obrador-en-el-86-aniversario-de-la-expropiacion-petrolera\/"]}]},{"@type":"ImageObject","inLanguage":"es","@id":"https:\/\/www.sonoraenequipo.com.mx\/discurso-del-presidente-andres-manuel-lopez-obrador-en-el-86-aniversario-de-la-expropiacion-petrolera\/#primaryimage","url":"https:\/\/www.sonoraenequipo.com.mx\/storage\/2024\/03\/Discurso-a-los-petroleros-min.jpg","contentUrl":"https:\/\/www.sonoraenequipo.com.mx\/storage\/2024\/03\/Discurso-a-los-petroleros-min.jpg","width":1500,"height":1000},{"@type":"BreadcrumbList","@id":"https:\/\/www.sonoraenequipo.com.mx\/discurso-del-presidente-andres-manuel-lopez-obrador-en-el-86-aniversario-de-la-expropiacion-petrolera\/#breadcrumb","itemListElement":[{"@type":"ListItem","position":1,"name":"Portada","item":"https:\/\/www.sonoraenequipo.com.mx\/"},{"@type":"ListItem","position":2,"name":"Discurso del presidente Andr\u00e9s Manuel L\u00f3pez Obrador en el 86 Aniversario de la Expropiaci\u00f3n Petrolera"}]},{"@type":"WebSite","@id":"https:\/\/www.sonoraenequipo.com.mx\/#website","url":"https:\/\/www.sonoraenequipo.com.mx\/","name":"Sonora en Equipo.","description":"Diario en l\u00ednea con Noticias desde Hermosillo, Sonora","publisher":{"@id":"https:\/\/www.sonoraenequipo.com.mx\/#organization"},"potentialAction":[{"@type":"SearchAction","target":{"@type":"EntryPoint","urlTemplate":"https:\/\/www.sonoraenequipo.com.mx\/?s={search_term_string}"},"query-input":{"@type":"PropertyValueSpecification","valueRequired":true,"valueName":"search_term_string"}}],"inLanguage":"es"},{"@type":"Organization","@id":"https:\/\/www.sonoraenequipo.com.mx\/#organization","name":"Sonoraenequipo.com.mx","url":"https:\/\/www.sonoraenequipo.com.mx\/","logo":{"@type":"ImageObject","inLanguage":"es","@id":"https:\/\/www.sonoraenequipo.com.mx\/#\/schema\/logo\/image\/","url":"https:\/\/www.sonoraenequipo.com.mx\/storage\/2019\/01\/sonoraenequipo_opt.png","contentUrl":"https:\/\/www.sonoraenequipo.com.mx\/storage\/2019\/01\/sonoraenequipo_opt.png","width":375,"height":125,"caption":"Sonoraenequipo.com.mx"},"image":{"@id":"https:\/\/www.sonoraenequipo.com.mx\/#\/schema\/logo\/image\/"},"sameAs":["https:\/\/www.facebook.com\/SonoraEE\/","https:\/\/x.com\/sonoraenequipo","https:\/\/www.youtube.com\/channel\/UC338nW-lPEYmJQs4ZABQ1SQ"]},{"@type":"Person","@id":"https:\/\/www.sonoraenequipo.com.mx\/#\/schema\/person\/50102df0fb23a8fa9e8effad8fa81386","name":"enequipo","image":{"@type":"ImageObject","inLanguage":"es","@id":"https:\/\/www.sonoraenequipo.com.mx\/#\/schema\/person\/image\/","url":"https:\/\/secure.gravatar.com\/avatar\/049821681b589dabc0bc20695993ccebb09f5b5d4d790cd9251b97faac7c652b?s=96&d=blank&r=g","contentUrl":"https:\/\/secure.gravatar.com\/avatar\/049821681b589dabc0bc20695993ccebb09f5b5d4d790cd9251b97faac7c652b?s=96&d=blank&r=g","caption":"enequipo"},"sameAs":["https:\/\/www.facebook.com\/SonoraEE"]}]}},"jetpack_featured_media_url":"https:\/\/www.sonoraenequipo.com.mx\/storage\/2024\/03\/Discurso-a-los-petroleros-min.jpg","_links":{"self":[{"href":"https:\/\/www.sonoraenequipo.com.mx\/api\/wp\/v2\/posts\/185776","targetHints":{"allow":["GET"]}}],"collection":[{"href":"https:\/\/www.sonoraenequipo.com.mx\/api\/wp\/v2\/posts"}],"about":[{"href":"https:\/\/www.sonoraenequipo.com.mx\/api\/wp\/v2\/types\/post"}],"author":[{"embeddable":true,"href":"https:\/\/www.sonoraenequipo.com.mx\/api\/wp\/v2\/users\/1"}],"replies":[{"embeddable":true,"href":"https:\/\/www.sonoraenequipo.com.mx\/api\/wp\/v2\/comments?post=185776"}],"version-history":[{"count":1,"href":"https:\/\/www.sonoraenequipo.com.mx\/api\/wp\/v2\/posts\/185776\/revisions"}],"predecessor-version":[{"id":185778,"href":"https:\/\/www.sonoraenequipo.com.mx\/api\/wp\/v2\/posts\/185776\/revisions\/185778"}],"wp:featuredmedia":[{"embeddable":true,"href":"https:\/\/www.sonoraenequipo.com.mx\/api\/wp\/v2\/media\/185777"}],"wp:attachment":[{"href":"https:\/\/www.sonoraenequipo.com.mx\/api\/wp\/v2\/media?parent=185776"}],"wp:term":[{"taxonomy":"category","embeddable":true,"href":"https:\/\/www.sonoraenequipo.com.mx\/api\/wp\/v2\/categories?post=185776"},{"taxonomy":"post_tag","embeddable":true,"href":"https:\/\/www.sonoraenequipo.com.mx\/api\/wp\/v2\/tags?post=185776"}],"curies":[{"name":"wp","href":"https:\/\/api.w.org\/{rel}","templated":true}]}}