{"id":185786,"date":"2024-03-19T11:42:10","date_gmt":"2024-03-19T18:42:10","guid":{"rendered":"https:\/\/www.sonoraenequipo.com.mx\/?p=185786"},"modified":"2024-03-19T11:42:10","modified_gmt":"2024-03-19T18:42:10","slug":"en-2022-31-estados-del-pais-sufrieron-perdidas-en-la-produccion-agropecuaria-por-la-sequia","status":"publish","type":"post","link":"https:\/\/www.sonoraenequipo.com.mx\/en-2022-31-estados-del-pais-sufrieron-perdidas-en-la-produccion-agropecuaria-por-la-sequia\/","title":{"rendered":"En 2022, 31 estados del pa\u00eds sufrieron p\u00e9rdidas en la producci\u00f3n agropecuaria por la sequ\u00eda"},"content":{"rendered":"<p><strong>CIUDAD DE M\u00c9XICO.\u02d7\u02d7\u02d7 <\/strong>Durante 2022, en 31 entidades federativas, la sequ\u00eda fue el principal factor de p\u00e9rdida para las unidades de producci\u00f3n agropecuaria activas del pa\u00eds.<\/p>\n<p>En ese a\u00f1o, de las unidades de producci\u00f3n agropecuaria activas que presentaron p\u00e9rdidas por alg\u00fan factor clim\u00e1tico o biol\u00f3gico, 72.19 % tuvo un siniestro clim\u00e1tico debido a sequ\u00edas y 12.76 %, a inundaciones.<\/p>\n<p>En el mismo periodo, el rendimiento de la superficie sembrada mediante temporal fue de 77.92 %, mientras que el de la agricultura por riego fue de 94 por ciento.<\/p>\n<p>&nbsp;<\/p>\n<p>Con motivo de la conmemoraci\u00f3n del D\u00eda Mundial del Agua, el Instituto Nacional de Estad\u00edstica y Geograf\u00eda (INEGI) ofrece informaci\u00f3n en torno al tema en M\u00e9xico. Esta proviene del Censo Agropecuario 2022, del Sistema Nacional del Agua, as\u00ed como del Sistema de Informaci\u00f3n de los Objetivos de Desarrollo Sostenible (SIODS) y del Cat\u00e1logo Nacional de Indicadores (CNI).<\/p>\n<p>&nbsp;<\/p>\n<p>La agricultura, como actividad esencial para el desarrollo humano, depende en gran medida de la disponibilidad y distribuci\u00f3n adecuada del agua. Este recurso no solo act\u00faa como el catalizador que nutre la tierra y permite el crecimiento de las cosechas, sino que tambi\u00e9n desempe\u00f1a un papel crucial en la sostenibilidad de los ecosistemas agr\u00edcolas.<\/p>\n<p><strong><em><u>Fecha de publicaci\u00f3n<\/u><\/em><\/strong><strong><em><u> martes 19 de marzo de 2024<\/u><\/em><\/strong><\/p>\n","protected":false},"excerpt":{"rendered":"<p>CIUDAD DE M\u00c9XICO.\u02d7\u02d7\u02d7 Durante 2022, en 31 entidades federativas, la sequ\u00eda fue el principal factor&#8230;<\/p>\n","protected":false},"author":1,"featured_media":136767,"comment_status":"open","ping_status":"open","sticky":false,"template":"","format":"standard","meta":{"_monsterinsights_skip_tracking":false,"_monsterinsights_sitenote_active":false,"_monsterinsights_sitenote_note":"","_monsterinsights_sitenote_category":0,"footnotes":""},"categories":[6493],"tags":[53,425],"class_list":["post"],"yoast_head":" \n<title>Sonora en Equipo. En 2022, 31 estados del pa\u00eds sufrieron p\u00e9rdidas en la producci\u00f3n agropecuaria por la sequ\u00eda PALABRAS Y N\u00daMEROS<\/title>\n<meta name=\"description\" content=\"CIUDAD DE M\u00c9XICO.\u02d7\u02d7\u02d7 Durante 2022, en 31 entidades federativas, la sequ\u00eda fue el principal factor de p\u00e9rdida para las unidades de producci\u00f3n agropecuaria En Sonora en Equipo publicamos toda la informaci\u00f3n de Sonora, M\u00e9xico y el Mundo de manera oportuna y busca que la libertad de expresi\u00f3n sea real. Visita nuestro medio informativo publicado desde Hermosillo, Sonora. %\" \/>\n<meta name=\"robots\" content=\"index, follow, max-snippet:-1, max-image-preview:large, max-video-preview:-1\" \/>\n<link rel=\"canonical\" href=\"https:\/\/www.sonoraenequipo.com.mx\/en-2022-31-estados-del-pais-sufrieron-perdidas-en-la-produccion-agropecuaria-por-la-sequia\/\" \/>\n<meta property=\"og:locale\" content=\"es_ES\" \/>\n<meta property=\"og:type\" content=\"article\" \/>\n<meta property=\"og:title\" content=\"Sonora en Equipo. En 2022, 31 estados del pa\u00eds sufrieron p\u00e9rdidas en la producci\u00f3n agropecuaria por la sequ\u00eda PALABRAS Y N\u00daMEROS\" \/>\n<meta property=\"og:description\" content=\"CIUDAD DE M\u00c9XICO.\u02d7\u02d7\u02d7 Durante 2022, en 31 entidades federativas, la sequ\u00eda fue el principal factor de p\u00e9rdida para las unidades de producci\u00f3n agropecuaria En Sonora en Equipo publicamos toda la informaci\u00f3n de Sonora, M\u00e9xico y el Mundo de manera oportuna y busca que la libertad de expresi\u00f3n sea real. Visita nuestro medio informativo publicado desde Hermosillo, Sonora. %\" \/>\n<meta property=\"og:url\" content=\"https:\/\/www.sonoraenequipo.com.mx\/en-2022-31-estados-del-pais-sufrieron-perdidas-en-la-produccion-agropecuaria-por-la-sequia\/\" \/>\n<meta property=\"og:site_name\" content=\"Sonora en Equipo.\" \/>\n<meta property=\"article:publisher\" content=\"https:\/\/www.facebook.com\/SonoraEE\/\" \/>\n<meta property=\"article:author\" content=\"https:\/\/www.facebook.com\/SonoraEE\" \/>\n<meta property=\"article:published_time\" content=\"2024-03-19T18:42:10+00:00\" \/>\n<meta property=\"og:image\" content=\"https:\/\/www.sonoraenequipo.com.mx\/storage\/2022\/04\/sequia-sonora.jpg\" \/>\n\t<meta property=\"og:image:width\" content=\"728\" \/>\n\t<meta property=\"og:image:height\" content=\"409\" \/>\n\t<meta property=\"og:image:type\" content=\"image\/jpeg\" \/>\n<meta name=\"author\" content=\"enequipo\" \/>\n<meta name=\"twitter:card\" content=\"summary_large_image\" \/>\n<meta name=\"twitter:creator\" content=\"@sonoraenequipo\" \/>\n<meta name=\"twitter:site\" content=\"@sonoraenequipo\" \/>\n<meta name=\"twitter:label1\" content=\"Escrito por\" \/>\n\t<meta name=\"twitter:data1\" content=\"enequipo\" \/>\n\t<meta name=\"twitter:label2\" content=\"Tiempo de lectura\" \/>\n\t<meta name=\"twitter:data2\" content=\"1 minuto\" \/>\n<script type=\"application\/ld+json\" class=\"yoast-schema-graph\">{\"@context\":\"https:\/\/schema.org\",\"@graph\":[{\"@type\":\"Article\",\"@id\":\"https:\/\/www.sonoraenequipo.com.mx\/en-2022-31-estados-del-pais-sufrieron-perdidas-en-la-produccion-agropecuaria-por-la-sequia\/#article\",\"isPartOf\":{\"@id\":\"https:\/\/www.sonoraenequipo.com.mx\/en-2022-31-estados-del-pais-sufrieron-perdidas-en-la-produccion-agropecuaria-por-la-sequia\/\"},\"author\":{\"name\":\"enequipo\",\"@id\":\"https:\/\/www.sonoraenequipo.com.mx\/#\/schema\/person\/50102df0fb23a8fa9e8effad8fa81386\"},\"headline\":\"En 2022, 31 estados del pa\u00eds sufrieron p\u00e9rdidas en la producci\u00f3n agropecuaria por la sequ\u00eda\",\"datePublished\":\"2024-03-19T18:42:10+00:00\",\"mainEntityOfPage\":{\"@id\":\"https:\/\/www.sonoraenequipo.com.mx\/en-2022-31-estados-del-pais-sufrieron-perdidas-en-la-produccion-agropecuaria-por-la-sequia\/\"},\"wordCount\":242,\"commentCount\":0,\"publisher\":{\"@id\":\"https:\/\/www.sonoraenequipo.com.mx\/#organization\"},\"image\":{\"@id\":\"https:\/\/www.sonoraenequipo.com.mx\/en-2022-31-estados-del-pais-sufrieron-perdidas-en-la-produccion-agropecuaria-por-la-sequia\/#primaryimage\"},\"thumbnailUrl\":\"https:\/\/www.sonoraenequipo.com.mx\/storage\/2022\/04\/sequia-sonora.jpg\",\"keywords\":[\"mexico\",\"sequ\u00eda\"],\"articleSection\":[\"PALABRAS Y N\u00daMEROS\"],\"inLanguage\":\"es\",\"potentialAction\":[{\"@type\":\"CommentAction\",\"name\":\"Comment\",\"target\":[\"https:\/\/www.sonoraenequipo.com.mx\/en-2022-31-estados-del-pais-sufrieron-perdidas-en-la-produccion-agropecuaria-por-la-sequia\/#respond\"]}]},{\"@type\":\"WebPage\",\"@id\":\"https:\/\/www.sonoraenequipo.com.mx\/en-2022-31-estados-del-pais-sufrieron-perdidas-en-la-produccion-agropecuaria-por-la-sequia\/\",\"url\":\"https:\/\/www.sonoraenequipo.com.mx\/en-2022-31-estados-del-pais-sufrieron-perdidas-en-la-produccion-agropecuaria-por-la-sequia\/\",\"name\":\"Sonora en Equipo. En 2022, 31 estados del pa\u00eds sufrieron p\u00e9rdidas en la producci\u00f3n agropecuaria por la sequ\u00eda PALABRAS Y N\u00daMEROS\",\"isPartOf\":{\"@id\":\"https:\/\/www.sonoraenequipo.com.mx\/#website\"},\"primaryImageOfPage\":{\"@id\":\"https:\/\/www.sonoraenequipo.com.mx\/en-2022-31-estados-del-pais-sufrieron-perdidas-en-la-produccion-agropecuaria-por-la-sequia\/#primaryimage\"},\"image\":{\"@id\":\"https:\/\/www.sonoraenequipo.com.mx\/en-2022-31-estados-del-pais-sufrieron-perdidas-en-la-produccion-agropecuaria-por-la-sequia\/#primaryimage\"},\"thumbnailUrl\":\"https:\/\/www.sonoraenequipo.com.mx\/storage\/2022\/04\/sequia-sonora.jpg\",\"datePublished\":\"2024-03-19T18:42:10+00:00\",\"description\":\"CIUDAD DE M\u00c9XICO.\u02d7\u02d7\u02d7 Durante 2022, en 31 entidades federativas, la sequ\u00eda fue el principal factor de p\u00e9rdida para las unidades de producci\u00f3n agropecuaria En Sonora en Equipo publicamos toda la informaci\u00f3n de Sonora, M\u00e9xico y el Mundo de manera oportuna y busca que la libertad de expresi\u00f3n sea real. Visita nuestro medio informativo publicado desde Hermosillo, Sonora. %\",\"breadcrumb\":{\"@id\":\"https:\/\/www.sonoraenequipo.com.mx\/en-2022-31-estados-del-pais-sufrieron-perdidas-en-la-produccion-agropecuaria-por-la-sequia\/#breadcrumb\"},\"inLanguage\":\"es\",\"potentialAction\":[{\"@type\":\"ReadAction\",\"target\":[\"https:\/\/www.sonoraenequipo.com.mx\/en-2022-31-estados-del-pais-sufrieron-perdidas-en-la-produccion-agropecuaria-por-la-sequia\/\"]}]},{\"@type\":\"ImageObject\",\"inLanguage\":\"es\",\"@id\":\"https:\/\/www.sonoraenequipo.com.mx\/en-2022-31-estados-del-pais-sufrieron-perdidas-en-la-produccion-agropecuaria-por-la-sequia\/#primaryimage\",\"url\":\"https:\/\/www.sonoraenequipo.com.mx\/storage\/2022\/04\/sequia-sonora.jpg\",\"contentUrl\":\"https:\/\/www.sonoraenequipo.com.mx\/storage\/2022\/04\/sequia-sonora.jpg\",\"width\":728,\"height\":409},{\"@type\":\"BreadcrumbList\",\"@id\":\"https:\/\/www.sonoraenequipo.com.mx\/en-2022-31-estados-del-pais-sufrieron-perdidas-en-la-produccion-agropecuaria-por-la-sequia\/#breadcrumb\",\"itemListElement\":[{\"@type\":\"ListItem\",\"position\":1,\"name\":\"Portada\",\"item\":\"https:\/\/www.sonoraenequipo.com.mx\/\"},{\"@type\":\"ListItem\",\"position\":2,\"name\":\"En 2022, 31 estados del pa\u00eds sufrieron p\u00e9rdidas en la producci\u00f3n agropecuaria por la sequ\u00eda\"}]},{\"@type\":\"WebSite\",\"@id\":\"https:\/\/www.sonoraenequipo.com.mx\/#website\",\"url\":\"https:\/\/www.sonoraenequipo.com.mx\/\",\"name\":\"Sonora en Equipo.\",\"description\":\"Diario en l\u00ednea con Noticias desde Hermosillo, Sonora\",\"publisher\":{\"@id\":\"https:\/\/www.sonoraenequipo.com.mx\/#organization\"},\"potentialAction\":[{\"@type\":\"SearchAction\",\"target\":{\"@type\":\"EntryPoint\",\"urlTemplate\":\"https:\/\/www.sonoraenequipo.com.mx\/?s={search_term_string}\"},\"query-input\":{\"@type\":\"PropertyValueSpecification\",\"valueRequired\":true,\"valueName\":\"search_term_string\"}}],\"inLanguage\":\"es\"},{\"@type\":\"Organization\",\"@id\":\"https:\/\/www.sonoraenequipo.com.mx\/#organization\",\"name\":\"Sonoraenequipo.com.mx\",\"url\":\"https:\/\/www.sonoraenequipo.com.mx\/\",\"logo\":{\"@type\":\"ImageObject\",\"inLanguage\":\"es\",\"@id\":\"https:\/\/www.sonoraenequipo.com.mx\/#\/schema\/logo\/image\/\",\"url\":\"https:\/\/www.sonoraenequipo.com.mx\/storage\/2019\/01\/sonoraenequipo_opt.png\",\"contentUrl\":\"https:\/\/www.sonoraenequipo.com.mx\/storage\/2019\/01\/sonoraenequipo_opt.png\",\"width\":375,\"height\":125,\"caption\":\"Sonoraenequipo.com.mx\"},\"image\":{\"@id\":\"https:\/\/www.sonoraenequipo.com.mx\/#\/schema\/logo\/image\/\"},\"sameAs\":[\"https:\/\/www.facebook.com\/SonoraEE\/\",\"https:\/\/x.com\/sonoraenequipo\",\"https:\/\/www.youtube.com\/channel\/UC338nW-lPEYmJQs4ZABQ1SQ\"]},{\"@type\":\"Person\",\"@id\":\"https:\/\/www.sonoraenequipo.com.mx\/#\/schema\/person\/50102df0fb23a8fa9e8effad8fa81386\",\"name\":\"enequipo\",\"image\":{\"@type\":\"ImageObject\",\"inLanguage\":\"es\",\"@id\":\"https:\/\/www.sonoraenequipo.com.mx\/#\/schema\/person\/image\/\",\"url\":\"https:\/\/secure.gravatar.com\/avatar\/049821681b589dabc0bc20695993ccebb09f5b5d4d790cd9251b97faac7c652b?s=96&d=blank&r=g\",\"contentUrl\":\"https:\/\/secure.gravatar.com\/avatar\/049821681b589dabc0bc20695993ccebb09f5b5d4d790cd9251b97faac7c652b?s=96&d=blank&r=g\",\"caption\":\"enequipo\"},\"sameAs\":[\"https:\/\/www.facebook.com\/SonoraEE\"]}]}<\/script>\n ","yoast_head_json":{"title":"Sonora en Equipo. En 2022, 31 estados del pa\u00eds sufrieron p\u00e9rdidas en la producci\u00f3n agropecuaria por la sequ\u00eda PALABRAS Y N\u00daMEROS","description":"CIUDAD DE M\u00c9XICO.\u02d7\u02d7\u02d7 Durante 2022, en 31 entidades federativas, la sequ\u00eda fue el principal factor de p\u00e9rdida para las unidades de producci\u00f3n agropecuaria En Sonora en Equipo publicamos toda la informaci\u00f3n de Sonora, M\u00e9xico y el Mundo de manera oportuna y busca que la libertad de expresi\u00f3n sea real. Visita nuestro medio informativo publicado desde Hermosillo, Sonora. %","robots":{"index":"index","follow":"follow","max-snippet":"max-snippet:-1","max-image-preview":"max-image-preview:large","max-video-preview":"max-video-preview:-1"},"canonical":"https:\/\/www.sonoraenequipo.com.mx\/en-2022-31-estados-del-pais-sufrieron-perdidas-en-la-produccion-agropecuaria-por-la-sequia\/","og_locale":"es_ES","og_type":"article","og_title":"Sonora en Equipo. En 2022, 31 estados del pa\u00eds sufrieron p\u00e9rdidas en la producci\u00f3n agropecuaria por la sequ\u00eda PALABRAS Y N\u00daMEROS","og_description":"CIUDAD DE M\u00c9XICO.\u02d7\u02d7\u02d7 Durante 2022, en 31 entidades federativas, la sequ\u00eda fue el principal factor de p\u00e9rdida para las unidades de producci\u00f3n agropecuaria En Sonora en Equipo publicamos toda la informaci\u00f3n de Sonora, M\u00e9xico y el Mundo de manera oportuna y busca que la libertad de expresi\u00f3n sea real. Visita nuestro medio informativo publicado desde Hermosillo, Sonora. %","og_url":"https:\/\/www.sonoraenequipo.com.mx\/en-2022-31-estados-del-pais-sufrieron-perdidas-en-la-produccion-agropecuaria-por-la-sequia\/","og_site_name":"Sonora en Equipo.","article_publisher":"https:\/\/www.facebook.com\/SonoraEE\/","article_author":"https:\/\/www.facebook.com\/SonoraEE","article_published_time":"2024-03-19T18:42:10+00:00","og_image":[{"width":728,"height":409,"url":"https:\/\/www.sonoraenequipo.com.mx\/storage\/2022\/04\/sequia-sonora.jpg","type":"image\/jpeg"}],"author":"enequipo","twitter_card":"summary_large_image","twitter_creator":"@sonoraenequipo","twitter_site":"@sonoraenequipo","twitter_misc":{"Escrito por":"enequipo","Tiempo de lectura":"1 minuto"},"schema":{"@context":"https:\/\/schema.org","@graph":[{"@type":"Article","@id":"https:\/\/www.sonoraenequipo.com.mx\/en-2022-31-estados-del-pais-sufrieron-perdidas-en-la-produccion-agropecuaria-por-la-sequia\/#article","isPartOf":{"@id":"https:\/\/www.sonoraenequipo.com.mx\/en-2022-31-estados-del-pais-sufrieron-perdidas-en-la-produccion-agropecuaria-por-la-sequia\/"},"author":{"name":"enequipo","@id":"https:\/\/www.sonoraenequipo.com.mx\/#\/schema\/person\/50102df0fb23a8fa9e8effad8fa81386"},"headline":"En 2022, 31 estados del pa\u00eds sufrieron p\u00e9rdidas en la producci\u00f3n agropecuaria por la sequ\u00eda","datePublished":"2024-03-19T18:42:10+00:00","mainEntityOfPage":{"@id":"https:\/\/www.sonoraenequipo.com.mx\/en-2022-31-estados-del-pais-sufrieron-perdidas-en-la-produccion-agropecuaria-por-la-sequia\/"},"wordCount":242,"commentCount":0,"publisher":{"@id":"https:\/\/www.sonoraenequipo.com.mx\/#organization"},"image":{"@id":"https:\/\/www.sonoraenequipo.com.mx\/en-2022-31-estados-del-pais-sufrieron-perdidas-en-la-produccion-agropecuaria-por-la-sequia\/#primaryimage"},"thumbnailUrl":"https:\/\/www.sonoraenequipo.com.mx\/storage\/2022\/04\/sequia-sonora.jpg","keywords":["mexico","sequ\u00eda"],"articleSection":["PALABRAS Y N\u00daMEROS"],"inLanguage":"es","potentialAction":[{"@type":"CommentAction","name":"Comment","target":["https:\/\/www.sonoraenequipo.com.mx\/en-2022-31-estados-del-pais-sufrieron-perdidas-en-la-produccion-agropecuaria-por-la-sequia\/#respond"]}]},{"@type":"WebPage","@id":"https:\/\/www.sonoraenequipo.com.mx\/en-2022-31-estados-del-pais-sufrieron-perdidas-en-la-produccion-agropecuaria-por-la-sequia\/","url":"https:\/\/www.sonoraenequipo.com.mx\/en-2022-31-estados-del-pais-sufrieron-perdidas-en-la-produccion-agropecuaria-por-la-sequia\/","name":"Sonora en Equipo. En 2022, 31 estados del pa\u00eds sufrieron p\u00e9rdidas en la producci\u00f3n agropecuaria por la sequ\u00eda PALABRAS Y N\u00daMEROS","isPartOf":{"@id":"https:\/\/www.sonoraenequipo.com.mx\/#website"},"primaryImageOfPage":{"@id":"https:\/\/www.sonoraenequipo.com.mx\/en-2022-31-estados-del-pais-sufrieron-perdidas-en-la-produccion-agropecuaria-por-la-sequia\/#primaryimage"},"image":{"@id":"https:\/\/www.sonoraenequipo.com.mx\/en-2022-31-estados-del-pais-sufrieron-perdidas-en-la-produccion-agropecuaria-por-la-sequia\/#primaryimage"},"thumbnailUrl":"https:\/\/www.sonoraenequipo.com.mx\/storage\/2022\/04\/sequia-sonora.jpg","datePublished":"2024-03-19T18:42:10+00:00","description":"CIUDAD DE M\u00c9XICO.\u02d7\u02d7\u02d7 Durante 2022, en 31 entidades federativas, la sequ\u00eda fue el principal factor de p\u00e9rdida para las unidades de producci\u00f3n agropecuaria En Sonora en Equipo publicamos toda la informaci\u00f3n de Sonora, M\u00e9xico y el Mundo de manera oportuna y busca que la libertad de expresi\u00f3n sea real. Visita nuestro medio informativo publicado desde Hermosillo, Sonora. %","breadcrumb":{"@id":"https:\/\/www.sonoraenequipo.com.mx\/en-2022-31-estados-del-pais-sufrieron-perdidas-en-la-produccion-agropecuaria-por-la-sequia\/#breadcrumb"},"inLanguage":"es","potentialAction":[{"@type":"ReadAction","target":["https:\/\/www.sonoraenequipo.com.mx\/en-2022-31-estados-del-pais-sufrieron-perdidas-en-la-produccion-agropecuaria-por-la-sequia\/"]}]},{"@type":"ImageObject","inLanguage":"es","@id":"https:\/\/www.sonoraenequipo.com.mx\/en-2022-31-estados-del-pais-sufrieron-perdidas-en-la-produccion-agropecuaria-por-la-sequia\/#primaryimage","url":"https:\/\/www.sonoraenequipo.com.mx\/storage\/2022\/04\/sequia-sonora.jpg","contentUrl":"https:\/\/www.sonoraenequipo.com.mx\/storage\/2022\/04\/sequia-sonora.jpg","width":728,"height":409},{"@type":"BreadcrumbList","@id":"https:\/\/www.sonoraenequipo.com.mx\/en-2022-31-estados-del-pais-sufrieron-perdidas-en-la-produccion-agropecuaria-por-la-sequia\/#breadcrumb","itemListElement":[{"@type":"ListItem","position":1,"name":"Portada","item":"https:\/\/www.sonoraenequipo.com.mx\/"},{"@type":"ListItem","position":2,"name":"En 2022, 31 estados del pa\u00eds sufrieron p\u00e9rdidas en la producci\u00f3n agropecuaria por la sequ\u00eda"}]},{"@type":"WebSite","@id":"https:\/\/www.sonoraenequipo.com.mx\/#website","url":"https:\/\/www.sonoraenequipo.com.mx\/","name":"Sonora en Equipo.","description":"Diario en l\u00ednea con Noticias desde Hermosillo, Sonora","publisher":{"@id":"https:\/\/www.sonoraenequipo.com.mx\/#organization"},"potentialAction":[{"@type":"SearchAction","target":{"@type":"EntryPoint","urlTemplate":"https:\/\/www.sonoraenequipo.com.mx\/?s={search_term_string}"},"query-input":{"@type":"PropertyValueSpecification","valueRequired":true,"valueName":"search_term_string"}}],"inLanguage":"es"},{"@type":"Organization","@id":"https:\/\/www.sonoraenequipo.com.mx\/#organization","name":"Sonoraenequipo.com.mx","url":"https:\/\/www.sonoraenequipo.com.mx\/","logo":{"@type":"ImageObject","inLanguage":"es","@id":"https:\/\/www.sonoraenequipo.com.mx\/#\/schema\/logo\/image\/","url":"https:\/\/www.sonoraenequipo.com.mx\/storage\/2019\/01\/sonoraenequipo_opt.png","contentUrl":"https:\/\/www.sonoraenequipo.com.mx\/storage\/2019\/01\/sonoraenequipo_opt.png","width":375,"height":125,"caption":"Sonoraenequipo.com.mx"},"image":{"@id":"https:\/\/www.sonoraenequipo.com.mx\/#\/schema\/logo\/image\/"},"sameAs":["https:\/\/www.facebook.com\/SonoraEE\/","https:\/\/x.com\/sonoraenequipo","https:\/\/www.youtube.com\/channel\/UC338nW-lPEYmJQs4ZABQ1SQ"]},{"@type":"Person","@id":"https:\/\/www.sonoraenequipo.com.mx\/#\/schema\/person\/50102df0fb23a8fa9e8effad8fa81386","name":"enequipo","image":{"@type":"ImageObject","inLanguage":"es","@id":"https:\/\/www.sonoraenequipo.com.mx\/#\/schema\/person\/image\/","url":"https:\/\/secure.gravatar.com\/avatar\/049821681b589dabc0bc20695993ccebb09f5b5d4d790cd9251b97faac7c652b?s=96&d=blank&r=g","contentUrl":"https:\/\/secure.gravatar.com\/avatar\/049821681b589dabc0bc20695993ccebb09f5b5d4d790cd9251b97faac7c652b?s=96&d=blank&r=g","caption":"enequipo"},"sameAs":["https:\/\/www.facebook.com\/SonoraEE"]}]}},"jetpack_featured_media_url":"https:\/\/www.sonoraenequipo.com.mx\/storage\/2022\/04\/sequia-sonora.jpg","_links":{"self":[{"href":"https:\/\/www.sonoraenequipo.com.mx\/api\/wp\/v2\/posts\/185786","targetHints":{"allow":["GET"]}}],"collection":[{"href":"https:\/\/www.sonoraenequipo.com.mx\/api\/wp\/v2\/posts"}],"about":[{"href":"https:\/\/www.sonoraenequipo.com.mx\/api\/wp\/v2\/types\/post"}],"author":[{"embeddable":true,"href":"https:\/\/www.sonoraenequipo.com.mx\/api\/wp\/v2\/users\/1"}],"replies":[{"embeddable":true,"href":"https:\/\/www.sonoraenequipo.com.mx\/api\/wp\/v2\/comments?post=185786"}],"version-history":[{"count":1,"href":"https:\/\/www.sonoraenequipo.com.mx\/api\/wp\/v2\/posts\/185786\/revisions"}],"predecessor-version":[{"id":185787,"href":"https:\/\/www.sonoraenequipo.com.mx\/api\/wp\/v2\/posts\/185786\/revisions\/185787"}],"wp:featuredmedia":[{"embeddable":true,"href":"https:\/\/www.sonoraenequipo.com.mx\/api\/wp\/v2\/media\/136767"}],"wp:attachment":[{"href":"https:\/\/www.sonoraenequipo.com.mx\/api\/wp\/v2\/media?parent=185786"}],"wp:term":[{"taxonomy":"category","embeddable":true,"href":"https:\/\/www.sonoraenequipo.com.mx\/api\/wp\/v2\/categories?post=185786"},{"taxonomy":"post_tag","embeddable":true,"href":"https:\/\/www.sonoraenequipo.com.mx\/api\/wp\/v2\/tags?post=185786"}],"curies":[{"name":"wp","href":"https:\/\/api.w.org\/{rel}","templated":true}]}}