{"id":185803,"date":"2024-03-19T14:20:53","date_gmt":"2024-03-19T21:20:53","guid":{"rendered":"https:\/\/www.sonoraenequipo.com.mx\/?p=185803"},"modified":"2024-03-19T14:20:53","modified_gmt":"2024-03-19T21:20:53","slug":"biden-se-lanza-a-la-caza-del-voto-latino-con-una-campana-centrada-en-los-temas-que-mas-les-importan","status":"publish","type":"post","link":"https:\/\/www.sonoraenequipo.com.mx\/biden-se-lanza-a-la-caza-del-voto-latino-con-una-campana-centrada-en-los-temas-que-mas-les-importan\/","title":{"rendered":"Biden se lanza a la caza del voto latino con una campa\u00f1a centrada en \u00ablos temas que m\u00e1s les importan\u00bb"},"content":{"rendered":"<p>La campa\u00f1a de reelecci\u00f3n del presidente dem\u00f3crata Joe Biden, junto a la vicepresidenta Kamala Harris, lanz\u00f3 este martes la iniciativa &#8216;Una opci\u00f3n&#8217;, con la que pretende ganarse el apoyo de los latinos de cara a los comicios de noviembre de 2024 frente al candidato republicano Donald Trump.<\/p>\n<p>&nbsp;<\/p>\n<p>\u201cEl presidente Biden ha pasado su tiempo en el cargo luchando por los latinos y cumpliendo con los temas que m\u00e1s les importan a ellos y a sus familias\u00bb, dijo la directora de la campa\u00f1a Biden-Harris 2024, Julie Ch\u00e1vez Rodr\u00edguez, citada en el comunicado de campa\u00f1a.<\/p>\n<p>&nbsp;<\/p>\n<p>Tanto Biden como el republicano Trump atrajeron las fuerzas necesarias hace pocos d\u00edas para hacerse con las nominaciones por sus respectivos partidos.<\/p>\n<p>&nbsp;<\/p>\n<p>Si bien Trump y Biden ya tienen los delegados para ser los nominados, sus posiciones como candidato republicano y dem\u00f3crata, respectivamente, en las elecciones de noviembre no ser\u00e1n oficiales hasta que cada partido celebre su convenci\u00f3n. Los republicanos tienen su convenci\u00f3n fijada para julio, seguida por la de los dem\u00f3cratas, en agosto.<\/p>\n<p>Para arrastrar consigo el voto latino, la campa\u00f1a dem\u00f3crata est\u00e1 apelando a la promesa de dejar en 35 d\u00f3lares la insulina, garantizar el derecho de las mujeres al aborto y que los m\u00e9dicos no sean enjuiciados por interrumpir un embarazo.<\/p>\n<p>&nbsp;<\/p>\n<p>Sin embargo, el equipo electoral de su rival republicano no se ha quedado de brazos cruzados.<\/p>\n<p>&nbsp;<\/p>\n<p>\u00abLos votantes hispanos no est\u00e1n comprando lo que Joe Biden les est\u00e1 vendiendo. Los \u00faltimos tres a\u00f1os de \u2018Bidenom\u00eda\u2019 han dejado a los hispanoamericanos m\u00e1s pobres\u00bb, dijo el vocero de campa\u00f1a de Trump, Alex Pfeiffer, quien se ocupa de mantener andando la maquinaria de grupo Make America Great Again Inc.<\/p>\n<p>&nbsp;<\/p>\n<p>Se espera que Biden hable hoy desde Las Vegas, Nevada, en un discurso en el que abordar\u00e1 la reducci\u00f3n de costos para las familias en medio de la actual inflaci\u00f3n econ\u00f3mica.<\/p>\n<p><strong><em><u>Fecha de publicaci\u00f3n<\/u><\/em><\/strong><strong><em><u> martes 19 de marzo de 2024 VOA<\/u><\/em><\/strong><\/p>\n","protected":false},"excerpt":{"rendered":"<p>La campa\u00f1a de reelecci\u00f3n del presidente dem\u00f3crata Joe Biden, junto a la vicepresidenta Kamala Harris,&#8230;<\/p>\n","protected":false},"author":1,"featured_media":185805,"comment_status":"open","ping_status":"open","sticky":false,"template":"","format":"standard","meta":{"_monsterinsights_skip_tracking":false,"_monsterinsights_sitenote_active":false,"_monsterinsights_sitenote_note":"","_monsterinsights_sitenote_category":0,"footnotes":""},"categories":[3],"tags":[1916,111],"class_list":["post"],"yoast_head":" \n<title>Sonora en Equipo. Biden se lanza a la caza del voto latino con una campa\u00f1a centrada en &quot;los temas que m\u00e1s les importan&quot; MUNDO<\/title>\n<meta name=\"description\" content=\"La campa\u00f1a de reelecci\u00f3n del presidente dem\u00f3crata Joe Biden, junto a la vicepresidenta Kamala Harris, lanz\u00f3 este martes la iniciativa &#039;Una opci\u00f3n&#039;, con la En Sonora en Equipo publicamos toda la informaci\u00f3n de Sonora, M\u00e9xico y el Mundo de manera oportuna y busca que la libertad de expresi\u00f3n sea real. Visita nuestro medio informativo publicado desde Hermosillo, Sonora. %\" \/>\n<meta name=\"robots\" content=\"index, follow, max-snippet:-1, max-image-preview:large, max-video-preview:-1\" \/>\n<link rel=\"canonical\" href=\"https:\/\/www.sonoraenequipo.com.mx\/biden-se-lanza-a-la-caza-del-voto-latino-con-una-campana-centrada-en-los-temas-que-mas-les-importan\/\" \/>\n<meta property=\"og:locale\" content=\"es_ES\" \/>\n<meta property=\"og:type\" content=\"article\" \/>\n<meta property=\"og:title\" content=\"Sonora en Equipo. Biden se lanza a la caza del voto latino con una campa\u00f1a centrada en &quot;los temas que m\u00e1s les importan&quot; MUNDO\" \/>\n<meta property=\"og:description\" content=\"La campa\u00f1a de reelecci\u00f3n del presidente dem\u00f3crata Joe Biden, junto a la vicepresidenta Kamala Harris, lanz\u00f3 este martes la iniciativa &#039;Una opci\u00f3n&#039;, con la En Sonora en Equipo publicamos toda la informaci\u00f3n de Sonora, M\u00e9xico y el Mundo de manera oportuna y busca que la libertad de expresi\u00f3n sea real. Visita nuestro medio informativo publicado desde Hermosillo, Sonora. %\" \/>\n<meta property=\"og:url\" content=\"https:\/\/www.sonoraenequipo.com.mx\/biden-se-lanza-a-la-caza-del-voto-latino-con-una-campana-centrada-en-los-temas-que-mas-les-importan\/\" \/>\n<meta property=\"og:site_name\" content=\"Sonora en Equipo.\" \/>\n<meta property=\"article:publisher\" content=\"https:\/\/www.facebook.com\/SonoraEE\/\" \/>\n<meta property=\"article:author\" content=\"https:\/\/www.facebook.com\/SonoraEE\" \/>\n<meta property=\"article:published_time\" content=\"2024-03-19T21:20:53+00:00\" \/>\n<meta property=\"og:image\" content=\"https:\/\/www.sonoraenequipo.com.mx\/storage\/2024\/03\/biden.jpg\" \/>\n\t<meta property=\"og:image:width\" content=\"600\" \/>\n\t<meta property=\"og:image:height\" content=\"337\" \/>\n\t<meta property=\"og:image:type\" content=\"image\/jpeg\" \/>\n<meta name=\"author\" content=\"enequipo\" \/>\n<meta name=\"twitter:card\" content=\"summary_large_image\" \/>\n<meta name=\"twitter:creator\" content=\"@sonoraenequipo\" \/>\n<meta name=\"twitter:site\" content=\"@sonoraenequipo\" \/>\n<meta name=\"twitter:label1\" content=\"Escrito por\" \/>\n\t<meta name=\"twitter:data1\" content=\"enequipo\" \/>\n\t<meta name=\"twitter:label2\" content=\"Tiempo de lectura\" \/>\n\t<meta name=\"twitter:data2\" content=\"2 minutos\" \/>\n<script type=\"application\/ld+json\" class=\"yoast-schema-graph\">{\"@context\":\"https:\/\/schema.org\",\"@graph\":[{\"@type\":\"Article\",\"@id\":\"https:\/\/www.sonoraenequipo.com.mx\/biden-se-lanza-a-la-caza-del-voto-latino-con-una-campana-centrada-en-los-temas-que-mas-les-importan\/#article\",\"isPartOf\":{\"@id\":\"https:\/\/www.sonoraenequipo.com.mx\/biden-se-lanza-a-la-caza-del-voto-latino-con-una-campana-centrada-en-los-temas-que-mas-les-importan\/\"},\"author\":{\"name\":\"enequipo\",\"@id\":\"https:\/\/www.sonoraenequipo.com.mx\/#\/schema\/person\/50102df0fb23a8fa9e8effad8fa81386\"},\"headline\":\"Biden se lanza a la caza del voto latino con una campa\u00f1a centrada en \u00ablos temas que m\u00e1s les importan\u00bb\",\"datePublished\":\"2024-03-19T21:20:53+00:00\",\"mainEntityOfPage\":{\"@id\":\"https:\/\/www.sonoraenequipo.com.mx\/biden-se-lanza-a-la-caza-del-voto-latino-con-una-campana-centrada-en-los-temas-que-mas-les-importan\/\"},\"wordCount\":365,\"commentCount\":0,\"publisher\":{\"@id\":\"https:\/\/www.sonoraenequipo.com.mx\/#organization\"},\"image\":{\"@id\":\"https:\/\/www.sonoraenequipo.com.mx\/biden-se-lanza-a-la-caza-del-voto-latino-con-una-campana-centrada-en-los-temas-que-mas-les-importan\/#primaryimage\"},\"thumbnailUrl\":\"https:\/\/www.sonoraenequipo.com.mx\/storage\/2024\/03\/biden.jpg\",\"keywords\":[\"EE UU\",\"elecciones\"],\"articleSection\":[\"MUNDO\"],\"inLanguage\":\"es\",\"potentialAction\":[{\"@type\":\"CommentAction\",\"name\":\"Comment\",\"target\":[\"https:\/\/www.sonoraenequipo.com.mx\/biden-se-lanza-a-la-caza-del-voto-latino-con-una-campana-centrada-en-los-temas-que-mas-les-importan\/#respond\"]}]},{\"@type\":\"WebPage\",\"@id\":\"https:\/\/www.sonoraenequipo.com.mx\/biden-se-lanza-a-la-caza-del-voto-latino-con-una-campana-centrada-en-los-temas-que-mas-les-importan\/\",\"url\":\"https:\/\/www.sonoraenequipo.com.mx\/biden-se-lanza-a-la-caza-del-voto-latino-con-una-campana-centrada-en-los-temas-que-mas-les-importan\/\",\"name\":\"Sonora en Equipo. Biden se lanza a la caza del voto latino con una campa\u00f1a centrada en \\\"los temas que m\u00e1s les importan\\\" MUNDO\",\"isPartOf\":{\"@id\":\"https:\/\/www.sonoraenequipo.com.mx\/#website\"},\"primaryImageOfPage\":{\"@id\":\"https:\/\/www.sonoraenequipo.com.mx\/biden-se-lanza-a-la-caza-del-voto-latino-con-una-campana-centrada-en-los-temas-que-mas-les-importan\/#primaryimage\"},\"image\":{\"@id\":\"https:\/\/www.sonoraenequipo.com.mx\/biden-se-lanza-a-la-caza-del-voto-latino-con-una-campana-centrada-en-los-temas-que-mas-les-importan\/#primaryimage\"},\"thumbnailUrl\":\"https:\/\/www.sonoraenequipo.com.mx\/storage\/2024\/03\/biden.jpg\",\"datePublished\":\"2024-03-19T21:20:53+00:00\",\"description\":\"La campa\u00f1a de reelecci\u00f3n del presidente dem\u00f3crata Joe Biden, junto a la vicepresidenta Kamala Harris, lanz\u00f3 este martes la iniciativa 'Una opci\u00f3n', con la En Sonora en Equipo publicamos toda la informaci\u00f3n de Sonora, M\u00e9xico y el Mundo de manera oportuna y busca que la libertad de expresi\u00f3n sea real. Visita nuestro medio informativo publicado desde Hermosillo, Sonora. %\",\"breadcrumb\":{\"@id\":\"https:\/\/www.sonoraenequipo.com.mx\/biden-se-lanza-a-la-caza-del-voto-latino-con-una-campana-centrada-en-los-temas-que-mas-les-importan\/#breadcrumb\"},\"inLanguage\":\"es\",\"potentialAction\":[{\"@type\":\"ReadAction\",\"target\":[\"https:\/\/www.sonoraenequipo.com.mx\/biden-se-lanza-a-la-caza-del-voto-latino-con-una-campana-centrada-en-los-temas-que-mas-les-importan\/\"]}]},{\"@type\":\"ImageObject\",\"inLanguage\":\"es\",\"@id\":\"https:\/\/www.sonoraenequipo.com.mx\/biden-se-lanza-a-la-caza-del-voto-latino-con-una-campana-centrada-en-los-temas-que-mas-les-importan\/#primaryimage\",\"url\":\"https:\/\/www.sonoraenequipo.com.mx\/storage\/2024\/03\/biden.jpg\",\"contentUrl\":\"https:\/\/www.sonoraenequipo.com.mx\/storage\/2024\/03\/biden.jpg\",\"width\":600,\"height\":337,\"caption\":\"Imagen: Reuters\"},{\"@type\":\"BreadcrumbList\",\"@id\":\"https:\/\/www.sonoraenequipo.com.mx\/biden-se-lanza-a-la-caza-del-voto-latino-con-una-campana-centrada-en-los-temas-que-mas-les-importan\/#breadcrumb\",\"itemListElement\":[{\"@type\":\"ListItem\",\"position\":1,\"name\":\"Portada\",\"item\":\"https:\/\/www.sonoraenequipo.com.mx\/\"},{\"@type\":\"ListItem\",\"position\":2,\"name\":\"Biden se lanza a la caza del voto latino con una campa\u00f1a centrada en \u00ablos temas que m\u00e1s les importan\u00bb\"}]},{\"@type\":\"WebSite\",\"@id\":\"https:\/\/www.sonoraenequipo.com.mx\/#website\",\"url\":\"https:\/\/www.sonoraenequipo.com.mx\/\",\"name\":\"Sonora en Equipo.\",\"description\":\"Diario en l\u00ednea con Noticias desde Hermosillo, Sonora\",\"publisher\":{\"@id\":\"https:\/\/www.sonoraenequipo.com.mx\/#organization\"},\"potentialAction\":[{\"@type\":\"SearchAction\",\"target\":{\"@type\":\"EntryPoint\",\"urlTemplate\":\"https:\/\/www.sonoraenequipo.com.mx\/?s={search_term_string}\"},\"query-input\":{\"@type\":\"PropertyValueSpecification\",\"valueRequired\":true,\"valueName\":\"search_term_string\"}}],\"inLanguage\":\"es\"},{\"@type\":\"Organization\",\"@id\":\"https:\/\/www.sonoraenequipo.com.mx\/#organization\",\"name\":\"Sonoraenequipo.com.mx\",\"url\":\"https:\/\/www.sonoraenequipo.com.mx\/\",\"logo\":{\"@type\":\"ImageObject\",\"inLanguage\":\"es\",\"@id\":\"https:\/\/www.sonoraenequipo.com.mx\/#\/schema\/logo\/image\/\",\"url\":\"https:\/\/www.sonoraenequipo.com.mx\/storage\/2019\/01\/sonoraenequipo_opt.png\",\"contentUrl\":\"https:\/\/www.sonoraenequipo.com.mx\/storage\/2019\/01\/sonoraenequipo_opt.png\",\"width\":375,\"height\":125,\"caption\":\"Sonoraenequipo.com.mx\"},\"image\":{\"@id\":\"https:\/\/www.sonoraenequipo.com.mx\/#\/schema\/logo\/image\/\"},\"sameAs\":[\"https:\/\/www.facebook.com\/SonoraEE\/\",\"https:\/\/x.com\/sonoraenequipo\",\"https:\/\/www.youtube.com\/channel\/UC338nW-lPEYmJQs4ZABQ1SQ\"]},{\"@type\":\"Person\",\"@id\":\"https:\/\/www.sonoraenequipo.com.mx\/#\/schema\/person\/50102df0fb23a8fa9e8effad8fa81386\",\"name\":\"enequipo\",\"image\":{\"@type\":\"ImageObject\",\"inLanguage\":\"es\",\"@id\":\"https:\/\/www.sonoraenequipo.com.mx\/#\/schema\/person\/image\/\",\"url\":\"https:\/\/secure.gravatar.com\/avatar\/049821681b589dabc0bc20695993ccebb09f5b5d4d790cd9251b97faac7c652b?s=96&d=blank&r=g\",\"contentUrl\":\"https:\/\/secure.gravatar.com\/avatar\/049821681b589dabc0bc20695993ccebb09f5b5d4d790cd9251b97faac7c652b?s=96&d=blank&r=g\",\"caption\":\"enequipo\"},\"sameAs\":[\"https:\/\/www.facebook.com\/SonoraEE\"]}]}<\/script>\n ","yoast_head_json":{"title":"Sonora en Equipo. Biden se lanza a la caza del voto latino con una campa\u00f1a centrada en \"los temas que m\u00e1s les importan\" MUNDO","description":"La campa\u00f1a de reelecci\u00f3n del presidente dem\u00f3crata Joe Biden, junto a la vicepresidenta Kamala Harris, lanz\u00f3 este martes la iniciativa 'Una opci\u00f3n', con la En Sonora en Equipo publicamos toda la informaci\u00f3n de Sonora, M\u00e9xico y el Mundo de manera oportuna y busca que la libertad de expresi\u00f3n sea real. Visita nuestro medio informativo publicado desde Hermosillo, Sonora. %","robots":{"index":"index","follow":"follow","max-snippet":"max-snippet:-1","max-image-preview":"max-image-preview:large","max-video-preview":"max-video-preview:-1"},"canonical":"https:\/\/www.sonoraenequipo.com.mx\/biden-se-lanza-a-la-caza-del-voto-latino-con-una-campana-centrada-en-los-temas-que-mas-les-importan\/","og_locale":"es_ES","og_type":"article","og_title":"Sonora en Equipo. Biden se lanza a la caza del voto latino con una campa\u00f1a centrada en \"los temas que m\u00e1s les importan\" MUNDO","og_description":"La campa\u00f1a de reelecci\u00f3n del presidente dem\u00f3crata Joe Biden, junto a la vicepresidenta Kamala Harris, lanz\u00f3 este martes la iniciativa 'Una opci\u00f3n', con la En Sonora en Equipo publicamos toda la informaci\u00f3n de Sonora, M\u00e9xico y el Mundo de manera oportuna y busca que la libertad de expresi\u00f3n sea real. Visita nuestro medio informativo publicado desde Hermosillo, Sonora. %","og_url":"https:\/\/www.sonoraenequipo.com.mx\/biden-se-lanza-a-la-caza-del-voto-latino-con-una-campana-centrada-en-los-temas-que-mas-les-importan\/","og_site_name":"Sonora en Equipo.","article_publisher":"https:\/\/www.facebook.com\/SonoraEE\/","article_author":"https:\/\/www.facebook.com\/SonoraEE","article_published_time":"2024-03-19T21:20:53+00:00","og_image":[{"width":600,"height":337,"url":"https:\/\/www.sonoraenequipo.com.mx\/storage\/2024\/03\/biden.jpg","type":"image\/jpeg"}],"author":"enequipo","twitter_card":"summary_large_image","twitter_creator":"@sonoraenequipo","twitter_site":"@sonoraenequipo","twitter_misc":{"Escrito por":"enequipo","Tiempo de lectura":"2 minutos"},"schema":{"@context":"https:\/\/schema.org","@graph":[{"@type":"Article","@id":"https:\/\/www.sonoraenequipo.com.mx\/biden-se-lanza-a-la-caza-del-voto-latino-con-una-campana-centrada-en-los-temas-que-mas-les-importan\/#article","isPartOf":{"@id":"https:\/\/www.sonoraenequipo.com.mx\/biden-se-lanza-a-la-caza-del-voto-latino-con-una-campana-centrada-en-los-temas-que-mas-les-importan\/"},"author":{"name":"enequipo","@id":"https:\/\/www.sonoraenequipo.com.mx\/#\/schema\/person\/50102df0fb23a8fa9e8effad8fa81386"},"headline":"Biden se lanza a la caza del voto latino con una campa\u00f1a centrada en \u00ablos temas que m\u00e1s les importan\u00bb","datePublished":"2024-03-19T21:20:53+00:00","mainEntityOfPage":{"@id":"https:\/\/www.sonoraenequipo.com.mx\/biden-se-lanza-a-la-caza-del-voto-latino-con-una-campana-centrada-en-los-temas-que-mas-les-importan\/"},"wordCount":365,"commentCount":0,"publisher":{"@id":"https:\/\/www.sonoraenequipo.com.mx\/#organization"},"image":{"@id":"https:\/\/www.sonoraenequipo.com.mx\/biden-se-lanza-a-la-caza-del-voto-latino-con-una-campana-centrada-en-los-temas-que-mas-les-importan\/#primaryimage"},"thumbnailUrl":"https:\/\/www.sonoraenequipo.com.mx\/storage\/2024\/03\/biden.jpg","keywords":["EE UU","elecciones"],"articleSection":["MUNDO"],"inLanguage":"es","potentialAction":[{"@type":"CommentAction","name":"Comment","target":["https:\/\/www.sonoraenequipo.com.mx\/biden-se-lanza-a-la-caza-del-voto-latino-con-una-campana-centrada-en-los-temas-que-mas-les-importan\/#respond"]}]},{"@type":"WebPage","@id":"https:\/\/www.sonoraenequipo.com.mx\/biden-se-lanza-a-la-caza-del-voto-latino-con-una-campana-centrada-en-los-temas-que-mas-les-importan\/","url":"https:\/\/www.sonoraenequipo.com.mx\/biden-se-lanza-a-la-caza-del-voto-latino-con-una-campana-centrada-en-los-temas-que-mas-les-importan\/","name":"Sonora en Equipo. Biden se lanza a la caza del voto latino con una campa\u00f1a centrada en \"los temas que m\u00e1s les importan\" MUNDO","isPartOf":{"@id":"https:\/\/www.sonoraenequipo.com.mx\/#website"},"primaryImageOfPage":{"@id":"https:\/\/www.sonoraenequipo.com.mx\/biden-se-lanza-a-la-caza-del-voto-latino-con-una-campana-centrada-en-los-temas-que-mas-les-importan\/#primaryimage"},"image":{"@id":"https:\/\/www.sonoraenequipo.com.mx\/biden-se-lanza-a-la-caza-del-voto-latino-con-una-campana-centrada-en-los-temas-que-mas-les-importan\/#primaryimage"},"thumbnailUrl":"https:\/\/www.sonoraenequipo.com.mx\/storage\/2024\/03\/biden.jpg","datePublished":"2024-03-19T21:20:53+00:00","description":"La campa\u00f1a de reelecci\u00f3n del presidente dem\u00f3crata Joe Biden, junto a la vicepresidenta Kamala Harris, lanz\u00f3 este martes la iniciativa 'Una opci\u00f3n', con la En Sonora en Equipo publicamos toda la informaci\u00f3n de Sonora, M\u00e9xico y el Mundo de manera oportuna y busca que la libertad de expresi\u00f3n sea real. Visita nuestro medio informativo publicado desde Hermosillo, Sonora. %","breadcrumb":{"@id":"https:\/\/www.sonoraenequipo.com.mx\/biden-se-lanza-a-la-caza-del-voto-latino-con-una-campana-centrada-en-los-temas-que-mas-les-importan\/#breadcrumb"},"inLanguage":"es","potentialAction":[{"@type":"ReadAction","target":["https:\/\/www.sonoraenequipo.com.mx\/biden-se-lanza-a-la-caza-del-voto-latino-con-una-campana-centrada-en-los-temas-que-mas-les-importan\/"]}]},{"@type":"ImageObject","inLanguage":"es","@id":"https:\/\/www.sonoraenequipo.com.mx\/biden-se-lanza-a-la-caza-del-voto-latino-con-una-campana-centrada-en-los-temas-que-mas-les-importan\/#primaryimage","url":"https:\/\/www.sonoraenequipo.com.mx\/storage\/2024\/03\/biden.jpg","contentUrl":"https:\/\/www.sonoraenequipo.com.mx\/storage\/2024\/03\/biden.jpg","width":600,"height":337,"caption":"Imagen: Reuters"},{"@type":"BreadcrumbList","@id":"https:\/\/www.sonoraenequipo.com.mx\/biden-se-lanza-a-la-caza-del-voto-latino-con-una-campana-centrada-en-los-temas-que-mas-les-importan\/#breadcrumb","itemListElement":[{"@type":"ListItem","position":1,"name":"Portada","item":"https:\/\/www.sonoraenequipo.com.mx\/"},{"@type":"ListItem","position":2,"name":"Biden se lanza a la caza del voto latino con una campa\u00f1a centrada en \u00ablos temas que m\u00e1s les importan\u00bb"}]},{"@type":"WebSite","@id":"https:\/\/www.sonoraenequipo.com.mx\/#website","url":"https:\/\/www.sonoraenequipo.com.mx\/","name":"Sonora en Equipo.","description":"Diario en l\u00ednea con Noticias desde Hermosillo, Sonora","publisher":{"@id":"https:\/\/www.sonoraenequipo.com.mx\/#organization"},"potentialAction":[{"@type":"SearchAction","target":{"@type":"EntryPoint","urlTemplate":"https:\/\/www.sonoraenequipo.com.mx\/?s={search_term_string}"},"query-input":{"@type":"PropertyValueSpecification","valueRequired":true,"valueName":"search_term_string"}}],"inLanguage":"es"},{"@type":"Organization","@id":"https:\/\/www.sonoraenequipo.com.mx\/#organization","name":"Sonoraenequipo.com.mx","url":"https:\/\/www.sonoraenequipo.com.mx\/","logo":{"@type":"ImageObject","inLanguage":"es","@id":"https:\/\/www.sonoraenequipo.com.mx\/#\/schema\/logo\/image\/","url":"https:\/\/www.sonoraenequipo.com.mx\/storage\/2019\/01\/sonoraenequipo_opt.png","contentUrl":"https:\/\/www.sonoraenequipo.com.mx\/storage\/2019\/01\/sonoraenequipo_opt.png","width":375,"height":125,"caption":"Sonoraenequipo.com.mx"},"image":{"@id":"https:\/\/www.sonoraenequipo.com.mx\/#\/schema\/logo\/image\/"},"sameAs":["https:\/\/www.facebook.com\/SonoraEE\/","https:\/\/x.com\/sonoraenequipo","https:\/\/www.youtube.com\/channel\/UC338nW-lPEYmJQs4ZABQ1SQ"]},{"@type":"Person","@id":"https:\/\/www.sonoraenequipo.com.mx\/#\/schema\/person\/50102df0fb23a8fa9e8effad8fa81386","name":"enequipo","image":{"@type":"ImageObject","inLanguage":"es","@id":"https:\/\/www.sonoraenequipo.com.mx\/#\/schema\/person\/image\/","url":"https:\/\/secure.gravatar.com\/avatar\/049821681b589dabc0bc20695993ccebb09f5b5d4d790cd9251b97faac7c652b?s=96&d=blank&r=g","contentUrl":"https:\/\/secure.gravatar.com\/avatar\/049821681b589dabc0bc20695993ccebb09f5b5d4d790cd9251b97faac7c652b?s=96&d=blank&r=g","caption":"enequipo"},"sameAs":["https:\/\/www.facebook.com\/SonoraEE"]}]}},"jetpack_featured_media_url":"https:\/\/www.sonoraenequipo.com.mx\/storage\/2024\/03\/biden.jpg","_links":{"self":[{"href":"https:\/\/www.sonoraenequipo.com.mx\/api\/wp\/v2\/posts\/185803","targetHints":{"allow":["GET"]}}],"collection":[{"href":"https:\/\/www.sonoraenequipo.com.mx\/api\/wp\/v2\/posts"}],"about":[{"href":"https:\/\/www.sonoraenequipo.com.mx\/api\/wp\/v2\/types\/post"}],"author":[{"embeddable":true,"href":"https:\/\/www.sonoraenequipo.com.mx\/api\/wp\/v2\/users\/1"}],"replies":[{"embeddable":true,"href":"https:\/\/www.sonoraenequipo.com.mx\/api\/wp\/v2\/comments?post=185803"}],"version-history":[{"count":1,"href":"https:\/\/www.sonoraenequipo.com.mx\/api\/wp\/v2\/posts\/185803\/revisions"}],"predecessor-version":[{"id":185806,"href":"https:\/\/www.sonoraenequipo.com.mx\/api\/wp\/v2\/posts\/185803\/revisions\/185806"}],"wp:featuredmedia":[{"embeddable":true,"href":"https:\/\/www.sonoraenequipo.com.mx\/api\/wp\/v2\/media\/185805"}],"wp:attachment":[{"href":"https:\/\/www.sonoraenequipo.com.mx\/api\/wp\/v2\/media?parent=185803"}],"wp:term":[{"taxonomy":"category","embeddable":true,"href":"https:\/\/www.sonoraenequipo.com.mx\/api\/wp\/v2\/categories?post=185803"},{"taxonomy":"post_tag","embeddable":true,"href":"https:\/\/www.sonoraenequipo.com.mx\/api\/wp\/v2\/tags?post=185803"}],"curies":[{"name":"wp","href":"https:\/\/api.w.org\/{rel}","templated":true}]}}