{"id":185812,"date":"2024-03-19T11:32:55","date_gmt":"2024-03-19T18:32:55","guid":{"rendered":"https:\/\/www.sonoraenequipo.com.mx\/?p=185812"},"modified":"2024-03-19T16:39:18","modified_gmt":"2024-03-19T23:39:18","slug":"federacion-presenta-informe-de-seguridad-nacional-correspondiente-a-febrero","status":"publish","type":"post","link":"https:\/\/www.sonoraenequipo.com.mx\/federacion-presenta-informe-de-seguridad-nacional-correspondiente-a-febrero\/","title":{"rendered":"Federaci\u00f3n presenta informe de seguridad nacional correspondiente a febrero"},"content":{"rendered":"<p><strong>CIUDAD DE M\u00c9XICO. MX. \u2014<\/strong> El presidente Andr\u00e9s Manuel L\u00f3pez Obrador encabez\u00f3 el informe del Gabinete de Seguridad correspondiente a febrero, mes que registr\u00f3 reducci\u00f3n de 25 por ciento en homicidios dolosos a nivel nacional, de acuerdo con datos del Secretariado Ejecutivo del Sistema Nacional de Seguridad P\u00fablica.<\/p>\n<p>&nbsp;<\/p>\n<p>&nbsp;<\/p>\n<p> <br \/>\nEl promedio diario de v\u00edctimas de homicidio doloso en febrero baj\u00f3 a 79 hechos. El n\u00famero de homicidios dolosos en los 50 municipios prioritarios del pa\u00eds disminuy\u00f3 23.8 por ciento, explic\u00f3 la secretaria de Seguridad y Protecci\u00f3n Ciudadana (SSPC), Rosa Icela Rodr\u00edguez Vel\u00e1zquez.<\/p>\n<p>&nbsp;<\/p>\n<p>&nbsp;<\/p>\n<p>Guanajuato, Estado de M\u00e9xico, Baja California, Chihuahua, Guerrero y Jalisco concentraron el 47.6 por ciento del homicidio doloso. Las dem\u00e1s entidades federativas reportaron tendencia a la baja.<\/p>\n<p>&nbsp;<\/p>\n<p>&nbsp;<\/p>\n<p>En febrero, el secuestro tuvo 80.7 por ciento menos v\u00edctimas, mientras que el feminicidio disminuy\u00f3 41.5 por ciento; el gobierno federal intensifica las acciones de prevenci\u00f3n, persecuci\u00f3n y sanci\u00f3n de la violencia contra las mujeres, indic\u00f3 la titular de SSPC.<\/p>\n<p>&nbsp;<\/p>\n<p>&nbsp;<\/p>\n<p>El robo de veh\u00edculo automotor baj\u00f3 50 por ciento en febrero y el robo total baj\u00f3 30 por ciento, de acuerdo con la informaci\u00f3n recabada de las 32 fiscal\u00edas estatales.<\/p>\n<p>&nbsp;<\/p>\n<p>&nbsp;<\/p>\n<p>Bajaron los delitos del fuero com\u00fan: robo en transporte p\u00fablico individual, robo en transporte p\u00fablico colectivo, robo a casa habitaci\u00f3n, robo de ganado y robo a transe\u00fante. Los robos a negocio y en transporte individual son atendidos prioritariamente a trav\u00e9s de la coordinaci\u00f3n con autoridades estatales.<\/p>\n<p>&nbsp;<\/p>\n<p>&nbsp;<\/p>\n<p>Los delitos del fuero federal mantuvieron una disminuci\u00f3n del 26.1 por ciento en el mes pasado. La incidencia se redujo en delitos contra la salud y los relacionados con delincuencia organizada y armas de fuego y explosivos. La federaci\u00f3n atiende el incremento en il\u00edcitos financieros y fiscales.<\/p>\n<p>&nbsp;<\/p>\n<p>&nbsp;<\/p>\n<p>La funcionaria asegur\u00f3 que el mes pasado el robo de combustible baj\u00f3 94.3 por ciento y en casetas federales se evit\u00f3 la p\u00e9rdida de 2 mil 826 millones de pesos hasta febrero.<\/p>\n<p>&nbsp;<\/p>\n<p>&nbsp;<\/p>\n<p>En carreteras del pa\u00eds, la Guardia Nacional mantiene un despliegue de 759 efectivos adicionales y 354 patrullas para cuidar a automovilistas y transportistas en el Estado de M\u00e9xico, Puebla, Michoac\u00e1n, San Luis Potos\u00ed, Jalisco, Oaxaca, Morelos, Nuevo Le\u00f3n, Veracruz y Tlaxcala, inform\u00f3 el comandante de la Guardia Nacional, David C\u00f3rdova Campos.<\/p>\n<p>&nbsp;<\/p>\n<p>&nbsp;<\/p>\n<p>En el informe conjunto del 5 de marzo al 19 de marzo expuso que la corporaci\u00f3n refuerza prioritariamente las carreteras M\u00e9xico-Quer\u00e9taro, Arco Norte, Amozoc-Perote y Nochixtl\u00e1n-Cuacnopalan.<\/p>\n<p>&nbsp;<\/p>\n<p>&nbsp;<\/p>\n<p>El titular de la Guardia Nacional resalt\u00f3 que el pa\u00eds cuenta con un total de 281 mil 645 elementos del Ej\u00e9rcito y Fuerza A\u00e9rea Mexicana, de la Secretar\u00eda de Marina y de la Guardia Nacional, quienes forman parte de 12 misiones que aseguran la paz y tranquilidad de la poblaci\u00f3n.<\/p>\n<p>&nbsp;<\/p>\n<p>&nbsp;<\/p>\n<p>Entre las principales encomiendas destacan la Estrategia Nacional de Seguridad, el fortalecimiento de aduanas y puertos, la vigilancia del territorio y espacio a\u00e9reo nacional, las operaciones contra el robo de hidrocarburos y la erradicaci\u00f3n intensiva de plant\u00edos il\u00edcitos.<\/p>\n<p>&nbsp;<\/p>\n<p>&nbsp;<\/p>\n<p>El comandante C\u00f3rdova Campos dio cuenta de la detenci\u00f3n de generadores de violencia, los aseguramientos de armas de fuego, cargadores, granadas, cartuchos, drogas qu\u00edmicas, como fentanilo, metanfetamina y coca\u00edna, el decomiso de moneda nacional y d\u00f3lares americanos.<\/p>\n<p>&nbsp;<\/p>\n<p>&nbsp;<\/p>\n<p>Asistieron al reporte de seguridad: los secretarios de la Defensa Nacional, Luis Cresencio Sandoval Gonz\u00e1lez, y de Marina, Jos\u00e9 Rafael Ojeda Dur\u00e1n y el subsecretario de Seguridad P\u00fablica de la SSPC, Luis Rodr\u00edguez Bucio.<\/p>\n<p>&nbsp;<\/p>\n<p>PUBLICADO EL 19 DE MARZO DE 2024\/\/ Con informaci\u00f3n conferencia matutina presidencial)<\/p>\n","protected":false},"excerpt":{"rendered":"<p>CIUDAD DE M\u00c9XICO. MX. \u2014 El presidente Andr\u00e9s Manuel L\u00f3pez Obrador encabez\u00f3 el informe del&#8230;<\/p>\n","protected":false},"author":1,"featured_media":185818,"comment_status":"open","ping_status":"open","sticky":false,"template":"","format":"standard","meta":{"_monsterinsights_skip_tracking":false,"_monsterinsights_sitenote_active":false,"_monsterinsights_sitenote_note":"","_monsterinsights_sitenote_category":0,"footnotes":""},"categories":[5],"tags":[],"class_list":["post"],"yoast_head":" \n<title>Sonora en Equipo. Federaci\u00f3n presenta informe de seguridad nacional correspondiente a febrero Rep\u00fablica<\/title>\n<meta name=\"description\" content=\"CIUDAD DE M\u00c9XICO. MX. \u2014 El presidente Andr\u00e9s Manuel L\u00f3pez Obrador encabez\u00f3 el informe del Gabinete de Seguridad correspondiente a febrero, mes que En Sonora en Equipo publicamos toda la informaci\u00f3n de Sonora, M\u00e9xico y el Mundo de manera oportuna y busca que la libertad de expresi\u00f3n sea real. Visita nuestro medio informativo publicado desde Hermosillo, Sonora. %\" \/>\n<meta name=\"robots\" content=\"index, follow, max-snippet:-1, max-image-preview:large, max-video-preview:-1\" \/>\n<link rel=\"canonical\" href=\"https:\/\/www.sonoraenequipo.com.mx\/federacion-presenta-informe-de-seguridad-nacional-correspondiente-a-febrero\/\" \/>\n<meta property=\"og:locale\" content=\"es_ES\" \/>\n<meta property=\"og:type\" content=\"article\" \/>\n<meta property=\"og:title\" content=\"Sonora en Equipo. Federaci\u00f3n presenta informe de seguridad nacional correspondiente a febrero Rep\u00fablica\" \/>\n<meta property=\"og:description\" content=\"CIUDAD DE M\u00c9XICO. MX. \u2014 El presidente Andr\u00e9s Manuel L\u00f3pez Obrador encabez\u00f3 el informe del Gabinete de Seguridad correspondiente a febrero, mes que En Sonora en Equipo publicamos toda la informaci\u00f3n de Sonora, M\u00e9xico y el Mundo de manera oportuna y busca que la libertad de expresi\u00f3n sea real. Visita nuestro medio informativo publicado desde Hermosillo, Sonora. %\" \/>\n<meta property=\"og:url\" content=\"https:\/\/www.sonoraenequipo.com.mx\/federacion-presenta-informe-de-seguridad-nacional-correspondiente-a-febrero\/\" \/>\n<meta property=\"og:site_name\" content=\"Sonora en Equipo.\" \/>\n<meta property=\"article:publisher\" content=\"https:\/\/www.facebook.com\/SonoraEE\/\" \/>\n<meta property=\"article:author\" content=\"https:\/\/www.facebook.com\/SonoraEE\" \/>\n<meta property=\"article:published_time\" content=\"2024-03-19T18:32:55+00:00\" \/>\n<meta property=\"article:modified_time\" content=\"2024-03-19T23:39:18+00:00\" \/>\n<meta property=\"og:image\" content=\"https:\/\/www.sonoraenequipo.com.mx\/storage\/2024\/03\/Informe-de-seguridad-min-1.jpg\" \/>\n\t<meta property=\"og:image:width\" content=\"849\" \/>\n\t<meta property=\"og:image:height\" content=\"545\" \/>\n\t<meta property=\"og:image:type\" content=\"image\/jpeg\" \/>\n<meta name=\"author\" content=\"enequipo\" \/>\n<meta name=\"twitter:card\" content=\"summary_large_image\" \/>\n<meta name=\"twitter:creator\" content=\"@sonoraenequipo\" \/>\n<meta name=\"twitter:site\" content=\"@sonoraenequipo\" \/>\n<meta name=\"twitter:label1\" content=\"Escrito por\" \/>\n\t<meta name=\"twitter:data1\" content=\"enequipo\" \/>\n\t<meta name=\"twitter:label2\" content=\"Tiempo de lectura\" \/>\n\t<meta name=\"twitter:data2\" content=\"3 minutos\" \/>\n<script type=\"application\/ld+json\" class=\"yoast-schema-graph\">{\"@context\":\"https:\/\/schema.org\",\"@graph\":[{\"@type\":\"Article\",\"@id\":\"https:\/\/www.sonoraenequipo.com.mx\/federacion-presenta-informe-de-seguridad-nacional-correspondiente-a-febrero\/#article\",\"isPartOf\":{\"@id\":\"https:\/\/www.sonoraenequipo.com.mx\/federacion-presenta-informe-de-seguridad-nacional-correspondiente-a-febrero\/\"},\"author\":{\"name\":\"enequipo\",\"@id\":\"https:\/\/www.sonoraenequipo.com.mx\/#\/schema\/person\/50102df0fb23a8fa9e8effad8fa81386\"},\"headline\":\"Federaci\u00f3n presenta informe de seguridad nacional correspondiente a febrero\",\"datePublished\":\"2024-03-19T18:32:55+00:00\",\"dateModified\":\"2024-03-19T23:39:18+00:00\",\"mainEntityOfPage\":{\"@id\":\"https:\/\/www.sonoraenequipo.com.mx\/federacion-presenta-informe-de-seguridad-nacional-correspondiente-a-febrero\/\"},\"wordCount\":633,\"commentCount\":0,\"publisher\":{\"@id\":\"https:\/\/www.sonoraenequipo.com.mx\/#organization\"},\"image\":{\"@id\":\"https:\/\/www.sonoraenequipo.com.mx\/federacion-presenta-informe-de-seguridad-nacional-correspondiente-a-febrero\/#primaryimage\"},\"thumbnailUrl\":\"https:\/\/www.sonoraenequipo.com.mx\/storage\/2024\/03\/Informe-de-seguridad-min-1.jpg\",\"articleSection\":[\"Rep\u00fablica\"],\"inLanguage\":\"es\",\"potentialAction\":[{\"@type\":\"CommentAction\",\"name\":\"Comment\",\"target\":[\"https:\/\/www.sonoraenequipo.com.mx\/federacion-presenta-informe-de-seguridad-nacional-correspondiente-a-febrero\/#respond\"]}]},{\"@type\":\"WebPage\",\"@id\":\"https:\/\/www.sonoraenequipo.com.mx\/federacion-presenta-informe-de-seguridad-nacional-correspondiente-a-febrero\/\",\"url\":\"https:\/\/www.sonoraenequipo.com.mx\/federacion-presenta-informe-de-seguridad-nacional-correspondiente-a-febrero\/\",\"name\":\"Sonora en Equipo. Federaci\u00f3n presenta informe de seguridad nacional correspondiente a febrero Rep\u00fablica\",\"isPartOf\":{\"@id\":\"https:\/\/www.sonoraenequipo.com.mx\/#website\"},\"primaryImageOfPage\":{\"@id\":\"https:\/\/www.sonoraenequipo.com.mx\/federacion-presenta-informe-de-seguridad-nacional-correspondiente-a-febrero\/#primaryimage\"},\"image\":{\"@id\":\"https:\/\/www.sonoraenequipo.com.mx\/federacion-presenta-informe-de-seguridad-nacional-correspondiente-a-febrero\/#primaryimage\"},\"thumbnailUrl\":\"https:\/\/www.sonoraenequipo.com.mx\/storage\/2024\/03\/Informe-de-seguridad-min-1.jpg\",\"datePublished\":\"2024-03-19T18:32:55+00:00\",\"dateModified\":\"2024-03-19T23:39:18+00:00\",\"description\":\"CIUDAD DE M\u00c9XICO. MX. \u2014 El presidente Andr\u00e9s Manuel L\u00f3pez Obrador encabez\u00f3 el informe del Gabinete de Seguridad correspondiente a febrero, mes que En Sonora en Equipo publicamos toda la informaci\u00f3n de Sonora, M\u00e9xico y el Mundo de manera oportuna y busca que la libertad de expresi\u00f3n sea real. Visita nuestro medio informativo publicado desde Hermosillo, Sonora. %\",\"breadcrumb\":{\"@id\":\"https:\/\/www.sonoraenequipo.com.mx\/federacion-presenta-informe-de-seguridad-nacional-correspondiente-a-febrero\/#breadcrumb\"},\"inLanguage\":\"es\",\"potentialAction\":[{\"@type\":\"ReadAction\",\"target\":[\"https:\/\/www.sonoraenequipo.com.mx\/federacion-presenta-informe-de-seguridad-nacional-correspondiente-a-febrero\/\"]}]},{\"@type\":\"ImageObject\",\"inLanguage\":\"es\",\"@id\":\"https:\/\/www.sonoraenequipo.com.mx\/federacion-presenta-informe-de-seguridad-nacional-correspondiente-a-febrero\/#primaryimage\",\"url\":\"https:\/\/www.sonoraenequipo.com.mx\/storage\/2024\/03\/Informe-de-seguridad-min-1.jpg\",\"contentUrl\":\"https:\/\/www.sonoraenequipo.com.mx\/storage\/2024\/03\/Informe-de-seguridad-min-1.jpg\",\"width\":849,\"height\":545},{\"@type\":\"BreadcrumbList\",\"@id\":\"https:\/\/www.sonoraenequipo.com.mx\/federacion-presenta-informe-de-seguridad-nacional-correspondiente-a-febrero\/#breadcrumb\",\"itemListElement\":[{\"@type\":\"ListItem\",\"position\":1,\"name\":\"Portada\",\"item\":\"https:\/\/www.sonoraenequipo.com.mx\/\"},{\"@type\":\"ListItem\",\"position\":2,\"name\":\"Federaci\u00f3n presenta informe de seguridad nacional correspondiente a febrero\"}]},{\"@type\":\"WebSite\",\"@id\":\"https:\/\/www.sonoraenequipo.com.mx\/#website\",\"url\":\"https:\/\/www.sonoraenequipo.com.mx\/\",\"name\":\"Sonora en Equipo.\",\"description\":\"Diario en l\u00ednea con Noticias desde Hermosillo, Sonora\",\"publisher\":{\"@id\":\"https:\/\/www.sonoraenequipo.com.mx\/#organization\"},\"potentialAction\":[{\"@type\":\"SearchAction\",\"target\":{\"@type\":\"EntryPoint\",\"urlTemplate\":\"https:\/\/www.sonoraenequipo.com.mx\/?s={search_term_string}\"},\"query-input\":{\"@type\":\"PropertyValueSpecification\",\"valueRequired\":true,\"valueName\":\"search_term_string\"}}],\"inLanguage\":\"es\"},{\"@type\":\"Organization\",\"@id\":\"https:\/\/www.sonoraenequipo.com.mx\/#organization\",\"name\":\"Sonoraenequipo.com.mx\",\"url\":\"https:\/\/www.sonoraenequipo.com.mx\/\",\"logo\":{\"@type\":\"ImageObject\",\"inLanguage\":\"es\",\"@id\":\"https:\/\/www.sonoraenequipo.com.mx\/#\/schema\/logo\/image\/\",\"url\":\"https:\/\/www.sonoraenequipo.com.mx\/storage\/2019\/01\/sonoraenequipo_opt.png\",\"contentUrl\":\"https:\/\/www.sonoraenequipo.com.mx\/storage\/2019\/01\/sonoraenequipo_opt.png\",\"width\":375,\"height\":125,\"caption\":\"Sonoraenequipo.com.mx\"},\"image\":{\"@id\":\"https:\/\/www.sonoraenequipo.com.mx\/#\/schema\/logo\/image\/\"},\"sameAs\":[\"https:\/\/www.facebook.com\/SonoraEE\/\",\"https:\/\/x.com\/sonoraenequipo\",\"https:\/\/www.youtube.com\/channel\/UC338nW-lPEYmJQs4ZABQ1SQ\"]},{\"@type\":\"Person\",\"@id\":\"https:\/\/www.sonoraenequipo.com.mx\/#\/schema\/person\/50102df0fb23a8fa9e8effad8fa81386\",\"name\":\"enequipo\",\"image\":{\"@type\":\"ImageObject\",\"inLanguage\":\"es\",\"@id\":\"https:\/\/www.sonoraenequipo.com.mx\/#\/schema\/person\/image\/\",\"url\":\"https:\/\/secure.gravatar.com\/avatar\/049821681b589dabc0bc20695993ccebb09f5b5d4d790cd9251b97faac7c652b?s=96&d=blank&r=g\",\"contentUrl\":\"https:\/\/secure.gravatar.com\/avatar\/049821681b589dabc0bc20695993ccebb09f5b5d4d790cd9251b97faac7c652b?s=96&d=blank&r=g\",\"caption\":\"enequipo\"},\"sameAs\":[\"https:\/\/www.facebook.com\/SonoraEE\"]}]}<\/script>\n ","yoast_head_json":{"title":"Sonora en Equipo. Federaci\u00f3n presenta informe de seguridad nacional correspondiente a febrero Rep\u00fablica","description":"CIUDAD DE M\u00c9XICO. MX. \u2014 El presidente Andr\u00e9s Manuel L\u00f3pez Obrador encabez\u00f3 el informe del Gabinete de Seguridad correspondiente a febrero, mes que En Sonora en Equipo publicamos toda la informaci\u00f3n de Sonora, M\u00e9xico y el Mundo de manera oportuna y busca que la libertad de expresi\u00f3n sea real. Visita nuestro medio informativo publicado desde Hermosillo, Sonora. %","robots":{"index":"index","follow":"follow","max-snippet":"max-snippet:-1","max-image-preview":"max-image-preview:large","max-video-preview":"max-video-preview:-1"},"canonical":"https:\/\/www.sonoraenequipo.com.mx\/federacion-presenta-informe-de-seguridad-nacional-correspondiente-a-febrero\/","og_locale":"es_ES","og_type":"article","og_title":"Sonora en Equipo. Federaci\u00f3n presenta informe de seguridad nacional correspondiente a febrero Rep\u00fablica","og_description":"CIUDAD DE M\u00c9XICO. MX. \u2014 El presidente Andr\u00e9s Manuel L\u00f3pez Obrador encabez\u00f3 el informe del Gabinete de Seguridad correspondiente a febrero, mes que En Sonora en Equipo publicamos toda la informaci\u00f3n de Sonora, M\u00e9xico y el Mundo de manera oportuna y busca que la libertad de expresi\u00f3n sea real. Visita nuestro medio informativo publicado desde Hermosillo, Sonora. %","og_url":"https:\/\/www.sonoraenequipo.com.mx\/federacion-presenta-informe-de-seguridad-nacional-correspondiente-a-febrero\/","og_site_name":"Sonora en Equipo.","article_publisher":"https:\/\/www.facebook.com\/SonoraEE\/","article_author":"https:\/\/www.facebook.com\/SonoraEE","article_published_time":"2024-03-19T18:32:55+00:00","article_modified_time":"2024-03-19T23:39:18+00:00","og_image":[{"width":849,"height":545,"url":"https:\/\/www.sonoraenequipo.com.mx\/storage\/2024\/03\/Informe-de-seguridad-min-1.jpg","type":"image\/jpeg"}],"author":"enequipo","twitter_card":"summary_large_image","twitter_creator":"@sonoraenequipo","twitter_site":"@sonoraenequipo","twitter_misc":{"Escrito por":"enequipo","Tiempo de lectura":"3 minutos"},"schema":{"@context":"https:\/\/schema.org","@graph":[{"@type":"Article","@id":"https:\/\/www.sonoraenequipo.com.mx\/federacion-presenta-informe-de-seguridad-nacional-correspondiente-a-febrero\/#article","isPartOf":{"@id":"https:\/\/www.sonoraenequipo.com.mx\/federacion-presenta-informe-de-seguridad-nacional-correspondiente-a-febrero\/"},"author":{"name":"enequipo","@id":"https:\/\/www.sonoraenequipo.com.mx\/#\/schema\/person\/50102df0fb23a8fa9e8effad8fa81386"},"headline":"Federaci\u00f3n presenta informe de seguridad nacional correspondiente a febrero","datePublished":"2024-03-19T18:32:55+00:00","dateModified":"2024-03-19T23:39:18+00:00","mainEntityOfPage":{"@id":"https:\/\/www.sonoraenequipo.com.mx\/federacion-presenta-informe-de-seguridad-nacional-correspondiente-a-febrero\/"},"wordCount":633,"commentCount":0,"publisher":{"@id":"https:\/\/www.sonoraenequipo.com.mx\/#organization"},"image":{"@id":"https:\/\/www.sonoraenequipo.com.mx\/federacion-presenta-informe-de-seguridad-nacional-correspondiente-a-febrero\/#primaryimage"},"thumbnailUrl":"https:\/\/www.sonoraenequipo.com.mx\/storage\/2024\/03\/Informe-de-seguridad-min-1.jpg","articleSection":["Rep\u00fablica"],"inLanguage":"es","potentialAction":[{"@type":"CommentAction","name":"Comment","target":["https:\/\/www.sonoraenequipo.com.mx\/federacion-presenta-informe-de-seguridad-nacional-correspondiente-a-febrero\/#respond"]}]},{"@type":"WebPage","@id":"https:\/\/www.sonoraenequipo.com.mx\/federacion-presenta-informe-de-seguridad-nacional-correspondiente-a-febrero\/","url":"https:\/\/www.sonoraenequipo.com.mx\/federacion-presenta-informe-de-seguridad-nacional-correspondiente-a-febrero\/","name":"Sonora en Equipo. Federaci\u00f3n presenta informe de seguridad nacional correspondiente a febrero Rep\u00fablica","isPartOf":{"@id":"https:\/\/www.sonoraenequipo.com.mx\/#website"},"primaryImageOfPage":{"@id":"https:\/\/www.sonoraenequipo.com.mx\/federacion-presenta-informe-de-seguridad-nacional-correspondiente-a-febrero\/#primaryimage"},"image":{"@id":"https:\/\/www.sonoraenequipo.com.mx\/federacion-presenta-informe-de-seguridad-nacional-correspondiente-a-febrero\/#primaryimage"},"thumbnailUrl":"https:\/\/www.sonoraenequipo.com.mx\/storage\/2024\/03\/Informe-de-seguridad-min-1.jpg","datePublished":"2024-03-19T18:32:55+00:00","dateModified":"2024-03-19T23:39:18+00:00","description":"CIUDAD DE M\u00c9XICO. MX. \u2014 El presidente Andr\u00e9s Manuel L\u00f3pez Obrador encabez\u00f3 el informe del Gabinete de Seguridad correspondiente a febrero, mes que En Sonora en Equipo publicamos toda la informaci\u00f3n de Sonora, M\u00e9xico y el Mundo de manera oportuna y busca que la libertad de expresi\u00f3n sea real. Visita nuestro medio informativo publicado desde Hermosillo, Sonora. %","breadcrumb":{"@id":"https:\/\/www.sonoraenequipo.com.mx\/federacion-presenta-informe-de-seguridad-nacional-correspondiente-a-febrero\/#breadcrumb"},"inLanguage":"es","potentialAction":[{"@type":"ReadAction","target":["https:\/\/www.sonoraenequipo.com.mx\/federacion-presenta-informe-de-seguridad-nacional-correspondiente-a-febrero\/"]}]},{"@type":"ImageObject","inLanguage":"es","@id":"https:\/\/www.sonoraenequipo.com.mx\/federacion-presenta-informe-de-seguridad-nacional-correspondiente-a-febrero\/#primaryimage","url":"https:\/\/www.sonoraenequipo.com.mx\/storage\/2024\/03\/Informe-de-seguridad-min-1.jpg","contentUrl":"https:\/\/www.sonoraenequipo.com.mx\/storage\/2024\/03\/Informe-de-seguridad-min-1.jpg","width":849,"height":545},{"@type":"BreadcrumbList","@id":"https:\/\/www.sonoraenequipo.com.mx\/federacion-presenta-informe-de-seguridad-nacional-correspondiente-a-febrero\/#breadcrumb","itemListElement":[{"@type":"ListItem","position":1,"name":"Portada","item":"https:\/\/www.sonoraenequipo.com.mx\/"},{"@type":"ListItem","position":2,"name":"Federaci\u00f3n presenta informe de seguridad nacional correspondiente a febrero"}]},{"@type":"WebSite","@id":"https:\/\/www.sonoraenequipo.com.mx\/#website","url":"https:\/\/www.sonoraenequipo.com.mx\/","name":"Sonora en Equipo.","description":"Diario en l\u00ednea con Noticias desde Hermosillo, Sonora","publisher":{"@id":"https:\/\/www.sonoraenequipo.com.mx\/#organization"},"potentialAction":[{"@type":"SearchAction","target":{"@type":"EntryPoint","urlTemplate":"https:\/\/www.sonoraenequipo.com.mx\/?s={search_term_string}"},"query-input":{"@type":"PropertyValueSpecification","valueRequired":true,"valueName":"search_term_string"}}],"inLanguage":"es"},{"@type":"Organization","@id":"https:\/\/www.sonoraenequipo.com.mx\/#organization","name":"Sonoraenequipo.com.mx","url":"https:\/\/www.sonoraenequipo.com.mx\/","logo":{"@type":"ImageObject","inLanguage":"es","@id":"https:\/\/www.sonoraenequipo.com.mx\/#\/schema\/logo\/image\/","url":"https:\/\/www.sonoraenequipo.com.mx\/storage\/2019\/01\/sonoraenequipo_opt.png","contentUrl":"https:\/\/www.sonoraenequipo.com.mx\/storage\/2019\/01\/sonoraenequipo_opt.png","width":375,"height":125,"caption":"Sonoraenequipo.com.mx"},"image":{"@id":"https:\/\/www.sonoraenequipo.com.mx\/#\/schema\/logo\/image\/"},"sameAs":["https:\/\/www.facebook.com\/SonoraEE\/","https:\/\/x.com\/sonoraenequipo","https:\/\/www.youtube.com\/channel\/UC338nW-lPEYmJQs4ZABQ1SQ"]},{"@type":"Person","@id":"https:\/\/www.sonoraenequipo.com.mx\/#\/schema\/person\/50102df0fb23a8fa9e8effad8fa81386","name":"enequipo","image":{"@type":"ImageObject","inLanguage":"es","@id":"https:\/\/www.sonoraenequipo.com.mx\/#\/schema\/person\/image\/","url":"https:\/\/secure.gravatar.com\/avatar\/049821681b589dabc0bc20695993ccebb09f5b5d4d790cd9251b97faac7c652b?s=96&d=blank&r=g","contentUrl":"https:\/\/secure.gravatar.com\/avatar\/049821681b589dabc0bc20695993ccebb09f5b5d4d790cd9251b97faac7c652b?s=96&d=blank&r=g","caption":"enequipo"},"sameAs":["https:\/\/www.facebook.com\/SonoraEE"]}]}},"jetpack_featured_media_url":"https:\/\/www.sonoraenequipo.com.mx\/storage\/2024\/03\/Informe-de-seguridad-min-1.jpg","_links":{"self":[{"href":"https:\/\/www.sonoraenequipo.com.mx\/api\/wp\/v2\/posts\/185812","targetHints":{"allow":["GET"]}}],"collection":[{"href":"https:\/\/www.sonoraenequipo.com.mx\/api\/wp\/v2\/posts"}],"about":[{"href":"https:\/\/www.sonoraenequipo.com.mx\/api\/wp\/v2\/types\/post"}],"author":[{"embeddable":true,"href":"https:\/\/www.sonoraenequipo.com.mx\/api\/wp\/v2\/users\/1"}],"replies":[{"embeddable":true,"href":"https:\/\/www.sonoraenequipo.com.mx\/api\/wp\/v2\/comments?post=185812"}],"version-history":[{"count":1,"href":"https:\/\/www.sonoraenequipo.com.mx\/api\/wp\/v2\/posts\/185812\/revisions"}],"predecessor-version":[{"id":185819,"href":"https:\/\/www.sonoraenequipo.com.mx\/api\/wp\/v2\/posts\/185812\/revisions\/185819"}],"wp:featuredmedia":[{"embeddable":true,"href":"https:\/\/www.sonoraenequipo.com.mx\/api\/wp\/v2\/media\/185818"}],"wp:attachment":[{"href":"https:\/\/www.sonoraenequipo.com.mx\/api\/wp\/v2\/media?parent=185812"}],"wp:term":[{"taxonomy":"category","embeddable":true,"href":"https:\/\/www.sonoraenequipo.com.mx\/api\/wp\/v2\/categories?post=185812"},{"taxonomy":"post_tag","embeddable":true,"href":"https:\/\/www.sonoraenequipo.com.mx\/api\/wp\/v2\/tags?post=185812"}],"curies":[{"name":"wp","href":"https:\/\/api.w.org\/{rel}","templated":true}]}}