{"id":185820,"date":"2024-03-19T10:08:25","date_gmt":"2024-03-19T17:08:25","guid":{"rendered":"https:\/\/www.sonoraenequipo.com.mx\/?p=185820"},"modified":"2024-03-19T16:59:32","modified_gmt":"2024-03-19T23:59:32","slug":"presidente-dedica-clase-de-historia-a-francisco-villa-el-revolucionario-del-pueblo","status":"publish","type":"post","link":"https:\/\/www.sonoraenequipo.com.mx\/presidente-dedica-clase-de-historia-a-francisco-villa-el-revolucionario-del-pueblo\/","title":{"rendered":"Presidente dedica clase de historia a Francisco Villa, el Revolucionario del Pueblo"},"content":{"rendered":"<p><strong>CIUDAD DE M\u00c9XICO. MX. \u2014<\/strong> El presidente Andr\u00e9s Manuel L\u00f3pez Obrador expuso en la clase de historia la vida de Francisco Villa (1878-1923), quien padeci\u00f3 desde la infancia y adolescencia las infamias cometidas por hacendados de la \u00e9poca, lo que orill\u00f3 al revolucionario del pueblo a rebelarse contra ellos y el r\u00e9gimen porfirista.<\/p>\n<p> <br \/>\nEn su \u00faltimo libro, \u00a1Gracias!, el mandatario afirm\u00f3 que el suceso que marc\u00f3 la primera aparici\u00f3n importante de Villa en la Revoluci\u00f3n Mexicana fue cuando el 10 de mayo de 1911, bajo las \u00f3rdenes de Pascual Orozco, particip\u00f3 en la batalla de Ciudad Ju\u00e1rez, que ocasion\u00f3 el 31 de mayo de 1911 la renuncia de Porfirio D\u00edaz a la Presidencia tras 34 a\u00f1os de dictadura.<\/p>\n<p>Villa, explic\u00f3, tuvo profundo afecto al presidente Francisco I. Madero y, al ser asesinado el 22 de febrero de 1913 junto con el vicepresidente Jos\u00e9 Mar\u00eda Pino Su\u00e1rez en la Ciudad de M\u00e9xico, el revolucionario se manifest\u00f3 contra el usurpador, Victoriano Huerta, general que particip\u00f3 en la conspiraci\u00f3n y el golpe de Estado contra el gobierno del Ap\u00f3stol de la Democracia.<\/p>\n<p>El 29 de septiembre de 1913 el tambi\u00e9n conocido como el Centauro del Norte organiza y lidera la legendaria Divisi\u00f3n del Norte, un poderoso ej\u00e9rcito de masas formado por agraristas, jornaleros, rancheros, vaqueros, artesanos, obreros, mineros, maestros y arrieros, entre otros.<\/p>\n<p>Al frente de la Divisi\u00f3n del Norte, Villa tom\u00f3 Chihuahua durante la lucha contra el huertismo. Por cuatro semanas, del 8 de diciembre de 1913 al 7 de enero de 1914, se desempe\u00f1\u00f3 como gobernador provisional y aplic\u00f3 en la entidad una pol\u00edtica que resolvi\u00f3 a corto plazo los problemas m\u00e1s urgentes de la poblaci\u00f3n. Al respecto, el jefe del Ejecutivo invit\u00f3 a consultar la obra del historiador Friedrich Katz sobre Villa en ese periodo de gobierno.<\/p>\n<p>A Villa, mencion\u00f3, se le debe la haza\u00f1a de atacar Columbus, Nuevo M\u00e9xico, en Estados Unidos, para impedir lo que consideraba actos de traici\u00f3n a la patria. A partir de ese hecho, en marzo de 1916, el Centauro del Norte se convirti\u00f3 en un s\u00edmbolo de resistencia; miembros del ej\u00e9rcito estadounidense, encabezados por el general John J. Pershing, entraron a M\u00e9xico a fin de perseguir a Villa por todo el territorio nacional, pero nunca pudieron atraparlo. Por ello, el pueblo acu\u00f1\u00f3 la frase:<\/p>\n<p><em><strong>\u00abVilla est\u00e1 en todas partes y en ninguna\u00bb.<\/strong><\/em><\/p>\n<p>El fracaso de esta expedici\u00f3n llamada Punitiva, la cual termin\u00f3 sin \u00e9xito en 1917, expuso que a Estados Unidos no le conven\u00eda una guerra contra M\u00e9xico bajo ninguna circunstancia.<\/p>\n<p><em><strong>\u00abY aunque solo fuera por eso hay que honrar la memoria de Pancho Villa\u00bb<\/strong><\/em>, puntualiz\u00f3 el titular del Ejecutivo.<\/p>\n<p><em><strong>\u201cSobre si Villa fue bueno o malo, bandido social, revolucionario, o temido y cruel, posiblemente fue todo eso, pero no debemos olvidar que las revoluciones, aun con sus nobles fines, las revoluciones armadas siempre han acarreado excesos. (\u2026) Por eso, no a la guerra, s\u00ed a la paz\u201d<\/strong><\/em>, asegur\u00f3.<\/p>\n<p>En conferencia de prensa matutina subray\u00f3 que todas las guerras son irracionales y, aunque no todas las revoluciones fueron deseadas por sus dirigentes, obedecieron a una serie de circunstancias complejas, como en el caso del cura Miguel Hidalgo y Costilla, Benito Ju\u00e1rez Garc\u00eda o el propio Francisco I. Madero.<\/p>\n<p>Jos\u00e9 Doroteo Arango y Ar\u00e1mbula, verdadero nombre de Francisco Villa, naci\u00f3 el 5 de junio de 1878 en San Juan del R\u00edo, Durango, lugar ahora conocido como La Coyotada. Fue asesinado el 20 de julio de 1923 en Hidalgo del Parral, Chihuahua, a consecuencia de una emboscada ejecutada por un grupo de 15 hombres.<\/p>\n<p>Con el prop\u00f3sito de conocer m\u00e1s sobre la vida de Francisco Villa, el presidente tambi\u00e9n recomend\u00f3 a los j\u00f3venes consultar la tesis doctoral La Divisi\u00f3n del Norte, del historiador Pedro Salmer\u00f3n, y el libro La sangre al r\u00edo, de Ra\u00fal Herrera M\u00e1rquez. Sobre los juicios sumarios y los enfrentamientos entre frentes de la Guerra Civil Espa\u00f1ola, sugiri\u00f3 leer la novela titulada Por qui\u00e9n doblan las campanas, de Ernest Hemingway.<\/p>\n<p>El presidente L\u00f3pez Obrador mencion\u00f3 que el objetivo de las c\u00e1psulas de historia es reconocer la herencia cultural de civilizaciones antiguas y las ense\u00f1anzas del noble oficio de la pol\u00edtica, construida por h\u00e9roes nacionales con ideales de justicia, libertad, democracia y soberan\u00eda.<\/p>\n<p><strong><em>\u201cM\u00e9xico es una potencia cultural en el mundo y gracias a eso enfrentamos todos los males y siempre salimos adelante, siempre nos volvemos a poner de pie, por eso nos ha ayudado mucho esa idiosincrasia y nos ayuda mucho tambi\u00e9n, que es lo complementa esa tradici\u00f3n, a esa grandeza cultural, nuestra historia pol\u00edtica, que es excepcional, muy fecunda\u201d,<\/em><\/strong> asever\u00f3.<\/p>\n<p><strong><em>\u201cQuien no sabe de d\u00f3nde viene, dif\u00edcilmente va a saber hacia d\u00f3nde va y esto explica bastante, mucho, el porqu\u00e9 de las pol\u00edticas de nuestro gobierno, en qui\u00e9n nos inspiramos. Desde luego, recogemos lo mejor de lo universal, pero nos nutrimos fundamentalmente de nuestra historia y aqu\u00ed est\u00e1n las mayores ense\u00f1anzas\u201d,<\/em><\/strong> agreg\u00f3.<\/p>\n<p>PUBLICADO EL 19 DE MARZO DE 2024\/\/ Con informaci\u00f3n conferencia matutina)<\/p>\n","protected":false},"excerpt":{"rendered":"<p>CIUDAD DE M\u00c9XICO. MX. \u2014 El presidente Andr\u00e9s Manuel L\u00f3pez Obrador expuso en la clase&#8230;<\/p>\n","protected":false},"author":1,"featured_media":185824,"comment_status":"open","ping_status":"open","sticky":false,"template":"","format":"standard","meta":{"_monsterinsights_skip_tracking":false,"_monsterinsights_sitenote_active":false,"_monsterinsights_sitenote_note":"","_monsterinsights_sitenote_category":0,"footnotes":""},"categories":[5],"tags":[],"class_list":["post"],"yoast_head":" \n<title>Sonora en Equipo. Presidente dedica clase de historia a Francisco Villa, el Revolucionario del Pueblo Rep\u00fablica<\/title>\n<meta name=\"description\" content=\"CIUDAD DE M\u00c9XICO. MX. \u2014 El presidente Andr\u00e9s Manuel L\u00f3pez Obrador expuso en la clase de historia la vida de Francisco Villa (1878-1923), quien padeci\u00f3 En Sonora en Equipo publicamos toda la informaci\u00f3n de Sonora, M\u00e9xico y el Mundo de manera oportuna y busca que la libertad de expresi\u00f3n sea real. Visita nuestro medio informativo publicado desde Hermosillo, Sonora. %\" \/>\n<meta name=\"robots\" content=\"index, follow, max-snippet:-1, max-image-preview:large, max-video-preview:-1\" \/>\n<link rel=\"canonical\" href=\"https:\/\/www.sonoraenequipo.com.mx\/presidente-dedica-clase-de-historia-a-francisco-villa-el-revolucionario-del-pueblo\/\" \/>\n<meta property=\"og:locale\" content=\"es_ES\" \/>\n<meta property=\"og:type\" content=\"article\" \/>\n<meta property=\"og:title\" content=\"Sonora en Equipo. Presidente dedica clase de historia a Francisco Villa, el Revolucionario del Pueblo Rep\u00fablica\" \/>\n<meta property=\"og:description\" content=\"CIUDAD DE M\u00c9XICO. MX. \u2014 El presidente Andr\u00e9s Manuel L\u00f3pez Obrador expuso en la clase de historia la vida de Francisco Villa (1878-1923), quien padeci\u00f3 En Sonora en Equipo publicamos toda la informaci\u00f3n de Sonora, M\u00e9xico y el Mundo de manera oportuna y busca que la libertad de expresi\u00f3n sea real. Visita nuestro medio informativo publicado desde Hermosillo, Sonora. %\" \/>\n<meta property=\"og:url\" content=\"https:\/\/www.sonoraenequipo.com.mx\/presidente-dedica-clase-de-historia-a-francisco-villa-el-revolucionario-del-pueblo\/\" \/>\n<meta property=\"og:site_name\" content=\"Sonora en Equipo.\" \/>\n<meta property=\"article:publisher\" content=\"https:\/\/www.facebook.com\/SonoraEE\/\" \/>\n<meta property=\"article:author\" content=\"https:\/\/www.facebook.com\/SonoraEE\" \/>\n<meta property=\"article:published_time\" content=\"2024-03-19T17:08:25+00:00\" \/>\n<meta property=\"article:modified_time\" content=\"2024-03-19T23:59:32+00:00\" \/>\n<meta property=\"og:image\" content=\"https:\/\/www.sonoraenequipo.com.mx\/storage\/2024\/03\/AMLO.-2024-03-19-min.jpg\" \/>\n\t<meta property=\"og:image:width\" content=\"1003\" \/>\n\t<meta property=\"og:image:height\" content=\"583\" \/>\n\t<meta property=\"og:image:type\" content=\"image\/jpeg\" \/>\n<meta name=\"author\" content=\"enequipo\" \/>\n<meta name=\"twitter:card\" content=\"summary_large_image\" \/>\n<meta name=\"twitter:creator\" content=\"@sonoraenequipo\" \/>\n<meta name=\"twitter:site\" content=\"@sonoraenequipo\" \/>\n<meta name=\"twitter:label1\" content=\"Escrito por\" \/>\n\t<meta name=\"twitter:data1\" content=\"enequipo\" \/>\n\t<meta name=\"twitter:label2\" content=\"Tiempo de lectura\" \/>\n\t<meta name=\"twitter:data2\" content=\"4 minutos\" \/>\n<script type=\"application\/ld+json\" class=\"yoast-schema-graph\">{\"@context\":\"https:\/\/schema.org\",\"@graph\":[{\"@type\":\"Article\",\"@id\":\"https:\/\/www.sonoraenequipo.com.mx\/presidente-dedica-clase-de-historia-a-francisco-villa-el-revolucionario-del-pueblo\/#article\",\"isPartOf\":{\"@id\":\"https:\/\/www.sonoraenequipo.com.mx\/presidente-dedica-clase-de-historia-a-francisco-villa-el-revolucionario-del-pueblo\/\"},\"author\":{\"name\":\"enequipo\",\"@id\":\"https:\/\/www.sonoraenequipo.com.mx\/#\/schema\/person\/50102df0fb23a8fa9e8effad8fa81386\"},\"headline\":\"Presidente dedica clase de historia a Francisco Villa, el Revolucionario del Pueblo\",\"datePublished\":\"2024-03-19T17:08:25+00:00\",\"dateModified\":\"2024-03-19T23:59:32+00:00\",\"mainEntityOfPage\":{\"@id\":\"https:\/\/www.sonoraenequipo.com.mx\/presidente-dedica-clase-de-historia-a-francisco-villa-el-revolucionario-del-pueblo\/\"},\"wordCount\":872,\"commentCount\":0,\"publisher\":{\"@id\":\"https:\/\/www.sonoraenequipo.com.mx\/#organization\"},\"image\":{\"@id\":\"https:\/\/www.sonoraenequipo.com.mx\/presidente-dedica-clase-de-historia-a-francisco-villa-el-revolucionario-del-pueblo\/#primaryimage\"},\"thumbnailUrl\":\"https:\/\/www.sonoraenequipo.com.mx\/storage\/2024\/03\/AMLO.-2024-03-19-min.jpg\",\"articleSection\":[\"Rep\u00fablica\"],\"inLanguage\":\"es\",\"potentialAction\":[{\"@type\":\"CommentAction\",\"name\":\"Comment\",\"target\":[\"https:\/\/www.sonoraenequipo.com.mx\/presidente-dedica-clase-de-historia-a-francisco-villa-el-revolucionario-del-pueblo\/#respond\"]}]},{\"@type\":\"WebPage\",\"@id\":\"https:\/\/www.sonoraenequipo.com.mx\/presidente-dedica-clase-de-historia-a-francisco-villa-el-revolucionario-del-pueblo\/\",\"url\":\"https:\/\/www.sonoraenequipo.com.mx\/presidente-dedica-clase-de-historia-a-francisco-villa-el-revolucionario-del-pueblo\/\",\"name\":\"Sonora en Equipo. Presidente dedica clase de historia a Francisco Villa, el Revolucionario del Pueblo Rep\u00fablica\",\"isPartOf\":{\"@id\":\"https:\/\/www.sonoraenequipo.com.mx\/#website\"},\"primaryImageOfPage\":{\"@id\":\"https:\/\/www.sonoraenequipo.com.mx\/presidente-dedica-clase-de-historia-a-francisco-villa-el-revolucionario-del-pueblo\/#primaryimage\"},\"image\":{\"@id\":\"https:\/\/www.sonoraenequipo.com.mx\/presidente-dedica-clase-de-historia-a-francisco-villa-el-revolucionario-del-pueblo\/#primaryimage\"},\"thumbnailUrl\":\"https:\/\/www.sonoraenequipo.com.mx\/storage\/2024\/03\/AMLO.-2024-03-19-min.jpg\",\"datePublished\":\"2024-03-19T17:08:25+00:00\",\"dateModified\":\"2024-03-19T23:59:32+00:00\",\"description\":\"CIUDAD DE M\u00c9XICO. MX. \u2014 El presidente Andr\u00e9s Manuel L\u00f3pez Obrador expuso en la clase de historia la vida de Francisco Villa (1878-1923), quien padeci\u00f3 En Sonora en Equipo publicamos toda la informaci\u00f3n de Sonora, M\u00e9xico y el Mundo de manera oportuna y busca que la libertad de expresi\u00f3n sea real. Visita nuestro medio informativo publicado desde Hermosillo, Sonora. %\",\"breadcrumb\":{\"@id\":\"https:\/\/www.sonoraenequipo.com.mx\/presidente-dedica-clase-de-historia-a-francisco-villa-el-revolucionario-del-pueblo\/#breadcrumb\"},\"inLanguage\":\"es\",\"potentialAction\":[{\"@type\":\"ReadAction\",\"target\":[\"https:\/\/www.sonoraenequipo.com.mx\/presidente-dedica-clase-de-historia-a-francisco-villa-el-revolucionario-del-pueblo\/\"]}]},{\"@type\":\"ImageObject\",\"inLanguage\":\"es\",\"@id\":\"https:\/\/www.sonoraenequipo.com.mx\/presidente-dedica-clase-de-historia-a-francisco-villa-el-revolucionario-del-pueblo\/#primaryimage\",\"url\":\"https:\/\/www.sonoraenequipo.com.mx\/storage\/2024\/03\/AMLO.-2024-03-19-min.jpg\",\"contentUrl\":\"https:\/\/www.sonoraenequipo.com.mx\/storage\/2024\/03\/AMLO.-2024-03-19-min.jpg\",\"width\":1003,\"height\":583},{\"@type\":\"BreadcrumbList\",\"@id\":\"https:\/\/www.sonoraenequipo.com.mx\/presidente-dedica-clase-de-historia-a-francisco-villa-el-revolucionario-del-pueblo\/#breadcrumb\",\"itemListElement\":[{\"@type\":\"ListItem\",\"position\":1,\"name\":\"Portada\",\"item\":\"https:\/\/www.sonoraenequipo.com.mx\/\"},{\"@type\":\"ListItem\",\"position\":2,\"name\":\"Presidente dedica clase de historia a Francisco Villa, el Revolucionario del Pueblo\"}]},{\"@type\":\"WebSite\",\"@id\":\"https:\/\/www.sonoraenequipo.com.mx\/#website\",\"url\":\"https:\/\/www.sonoraenequipo.com.mx\/\",\"name\":\"Sonora en Equipo.\",\"description\":\"Diario en l\u00ednea con Noticias desde Hermosillo, Sonora\",\"publisher\":{\"@id\":\"https:\/\/www.sonoraenequipo.com.mx\/#organization\"},\"potentialAction\":[{\"@type\":\"SearchAction\",\"target\":{\"@type\":\"EntryPoint\",\"urlTemplate\":\"https:\/\/www.sonoraenequipo.com.mx\/?s={search_term_string}\"},\"query-input\":{\"@type\":\"PropertyValueSpecification\",\"valueRequired\":true,\"valueName\":\"search_term_string\"}}],\"inLanguage\":\"es\"},{\"@type\":\"Organization\",\"@id\":\"https:\/\/www.sonoraenequipo.com.mx\/#organization\",\"name\":\"Sonoraenequipo.com.mx\",\"url\":\"https:\/\/www.sonoraenequipo.com.mx\/\",\"logo\":{\"@type\":\"ImageObject\",\"inLanguage\":\"es\",\"@id\":\"https:\/\/www.sonoraenequipo.com.mx\/#\/schema\/logo\/image\/\",\"url\":\"https:\/\/www.sonoraenequipo.com.mx\/storage\/2019\/01\/sonoraenequipo_opt.png\",\"contentUrl\":\"https:\/\/www.sonoraenequipo.com.mx\/storage\/2019\/01\/sonoraenequipo_opt.png\",\"width\":375,\"height\":125,\"caption\":\"Sonoraenequipo.com.mx\"},\"image\":{\"@id\":\"https:\/\/www.sonoraenequipo.com.mx\/#\/schema\/logo\/image\/\"},\"sameAs\":[\"https:\/\/www.facebook.com\/SonoraEE\/\",\"https:\/\/x.com\/sonoraenequipo\",\"https:\/\/www.youtube.com\/channel\/UC338nW-lPEYmJQs4ZABQ1SQ\"]},{\"@type\":\"Person\",\"@id\":\"https:\/\/www.sonoraenequipo.com.mx\/#\/schema\/person\/50102df0fb23a8fa9e8effad8fa81386\",\"name\":\"enequipo\",\"image\":{\"@type\":\"ImageObject\",\"inLanguage\":\"es\",\"@id\":\"https:\/\/www.sonoraenequipo.com.mx\/#\/schema\/person\/image\/\",\"url\":\"https:\/\/secure.gravatar.com\/avatar\/049821681b589dabc0bc20695993ccebb09f5b5d4d790cd9251b97faac7c652b?s=96&d=blank&r=g\",\"contentUrl\":\"https:\/\/secure.gravatar.com\/avatar\/049821681b589dabc0bc20695993ccebb09f5b5d4d790cd9251b97faac7c652b?s=96&d=blank&r=g\",\"caption\":\"enequipo\"},\"sameAs\":[\"https:\/\/www.facebook.com\/SonoraEE\"]}]}<\/script>\n ","yoast_head_json":{"title":"Sonora en Equipo. Presidente dedica clase de historia a Francisco Villa, el Revolucionario del Pueblo Rep\u00fablica","description":"CIUDAD DE M\u00c9XICO. MX. \u2014 El presidente Andr\u00e9s Manuel L\u00f3pez Obrador expuso en la clase de historia la vida de Francisco Villa (1878-1923), quien padeci\u00f3 En Sonora en Equipo publicamos toda la informaci\u00f3n de Sonora, M\u00e9xico y el Mundo de manera oportuna y busca que la libertad de expresi\u00f3n sea real. Visita nuestro medio informativo publicado desde Hermosillo, Sonora. %","robots":{"index":"index","follow":"follow","max-snippet":"max-snippet:-1","max-image-preview":"max-image-preview:large","max-video-preview":"max-video-preview:-1"},"canonical":"https:\/\/www.sonoraenequipo.com.mx\/presidente-dedica-clase-de-historia-a-francisco-villa-el-revolucionario-del-pueblo\/","og_locale":"es_ES","og_type":"article","og_title":"Sonora en Equipo. Presidente dedica clase de historia a Francisco Villa, el Revolucionario del Pueblo Rep\u00fablica","og_description":"CIUDAD DE M\u00c9XICO. MX. \u2014 El presidente Andr\u00e9s Manuel L\u00f3pez Obrador expuso en la clase de historia la vida de Francisco Villa (1878-1923), quien padeci\u00f3 En Sonora en Equipo publicamos toda la informaci\u00f3n de Sonora, M\u00e9xico y el Mundo de manera oportuna y busca que la libertad de expresi\u00f3n sea real. Visita nuestro medio informativo publicado desde Hermosillo, Sonora. %","og_url":"https:\/\/www.sonoraenequipo.com.mx\/presidente-dedica-clase-de-historia-a-francisco-villa-el-revolucionario-del-pueblo\/","og_site_name":"Sonora en Equipo.","article_publisher":"https:\/\/www.facebook.com\/SonoraEE\/","article_author":"https:\/\/www.facebook.com\/SonoraEE","article_published_time":"2024-03-19T17:08:25+00:00","article_modified_time":"2024-03-19T23:59:32+00:00","og_image":[{"width":1003,"height":583,"url":"https:\/\/www.sonoraenequipo.com.mx\/storage\/2024\/03\/AMLO.-2024-03-19-min.jpg","type":"image\/jpeg"}],"author":"enequipo","twitter_card":"summary_large_image","twitter_creator":"@sonoraenequipo","twitter_site":"@sonoraenequipo","twitter_misc":{"Escrito por":"enequipo","Tiempo de lectura":"4 minutos"},"schema":{"@context":"https:\/\/schema.org","@graph":[{"@type":"Article","@id":"https:\/\/www.sonoraenequipo.com.mx\/presidente-dedica-clase-de-historia-a-francisco-villa-el-revolucionario-del-pueblo\/#article","isPartOf":{"@id":"https:\/\/www.sonoraenequipo.com.mx\/presidente-dedica-clase-de-historia-a-francisco-villa-el-revolucionario-del-pueblo\/"},"author":{"name":"enequipo","@id":"https:\/\/www.sonoraenequipo.com.mx\/#\/schema\/person\/50102df0fb23a8fa9e8effad8fa81386"},"headline":"Presidente dedica clase de historia a Francisco Villa, el Revolucionario del Pueblo","datePublished":"2024-03-19T17:08:25+00:00","dateModified":"2024-03-19T23:59:32+00:00","mainEntityOfPage":{"@id":"https:\/\/www.sonoraenequipo.com.mx\/presidente-dedica-clase-de-historia-a-francisco-villa-el-revolucionario-del-pueblo\/"},"wordCount":872,"commentCount":0,"publisher":{"@id":"https:\/\/www.sonoraenequipo.com.mx\/#organization"},"image":{"@id":"https:\/\/www.sonoraenequipo.com.mx\/presidente-dedica-clase-de-historia-a-francisco-villa-el-revolucionario-del-pueblo\/#primaryimage"},"thumbnailUrl":"https:\/\/www.sonoraenequipo.com.mx\/storage\/2024\/03\/AMLO.-2024-03-19-min.jpg","articleSection":["Rep\u00fablica"],"inLanguage":"es","potentialAction":[{"@type":"CommentAction","name":"Comment","target":["https:\/\/www.sonoraenequipo.com.mx\/presidente-dedica-clase-de-historia-a-francisco-villa-el-revolucionario-del-pueblo\/#respond"]}]},{"@type":"WebPage","@id":"https:\/\/www.sonoraenequipo.com.mx\/presidente-dedica-clase-de-historia-a-francisco-villa-el-revolucionario-del-pueblo\/","url":"https:\/\/www.sonoraenequipo.com.mx\/presidente-dedica-clase-de-historia-a-francisco-villa-el-revolucionario-del-pueblo\/","name":"Sonora en Equipo. Presidente dedica clase de historia a Francisco Villa, el Revolucionario del Pueblo Rep\u00fablica","isPartOf":{"@id":"https:\/\/www.sonoraenequipo.com.mx\/#website"},"primaryImageOfPage":{"@id":"https:\/\/www.sonoraenequipo.com.mx\/presidente-dedica-clase-de-historia-a-francisco-villa-el-revolucionario-del-pueblo\/#primaryimage"},"image":{"@id":"https:\/\/www.sonoraenequipo.com.mx\/presidente-dedica-clase-de-historia-a-francisco-villa-el-revolucionario-del-pueblo\/#primaryimage"},"thumbnailUrl":"https:\/\/www.sonoraenequipo.com.mx\/storage\/2024\/03\/AMLO.-2024-03-19-min.jpg","datePublished":"2024-03-19T17:08:25+00:00","dateModified":"2024-03-19T23:59:32+00:00","description":"CIUDAD DE M\u00c9XICO. MX. \u2014 El presidente Andr\u00e9s Manuel L\u00f3pez Obrador expuso en la clase de historia la vida de Francisco Villa (1878-1923), quien padeci\u00f3 En Sonora en Equipo publicamos toda la informaci\u00f3n de Sonora, M\u00e9xico y el Mundo de manera oportuna y busca que la libertad de expresi\u00f3n sea real. Visita nuestro medio informativo publicado desde Hermosillo, Sonora. %","breadcrumb":{"@id":"https:\/\/www.sonoraenequipo.com.mx\/presidente-dedica-clase-de-historia-a-francisco-villa-el-revolucionario-del-pueblo\/#breadcrumb"},"inLanguage":"es","potentialAction":[{"@type":"ReadAction","target":["https:\/\/www.sonoraenequipo.com.mx\/presidente-dedica-clase-de-historia-a-francisco-villa-el-revolucionario-del-pueblo\/"]}]},{"@type":"ImageObject","inLanguage":"es","@id":"https:\/\/www.sonoraenequipo.com.mx\/presidente-dedica-clase-de-historia-a-francisco-villa-el-revolucionario-del-pueblo\/#primaryimage","url":"https:\/\/www.sonoraenequipo.com.mx\/storage\/2024\/03\/AMLO.-2024-03-19-min.jpg","contentUrl":"https:\/\/www.sonoraenequipo.com.mx\/storage\/2024\/03\/AMLO.-2024-03-19-min.jpg","width":1003,"height":583},{"@type":"BreadcrumbList","@id":"https:\/\/www.sonoraenequipo.com.mx\/presidente-dedica-clase-de-historia-a-francisco-villa-el-revolucionario-del-pueblo\/#breadcrumb","itemListElement":[{"@type":"ListItem","position":1,"name":"Portada","item":"https:\/\/www.sonoraenequipo.com.mx\/"},{"@type":"ListItem","position":2,"name":"Presidente dedica clase de historia a Francisco Villa, el Revolucionario del Pueblo"}]},{"@type":"WebSite","@id":"https:\/\/www.sonoraenequipo.com.mx\/#website","url":"https:\/\/www.sonoraenequipo.com.mx\/","name":"Sonora en Equipo.","description":"Diario en l\u00ednea con Noticias desde Hermosillo, Sonora","publisher":{"@id":"https:\/\/www.sonoraenequipo.com.mx\/#organization"},"potentialAction":[{"@type":"SearchAction","target":{"@type":"EntryPoint","urlTemplate":"https:\/\/www.sonoraenequipo.com.mx\/?s={search_term_string}"},"query-input":{"@type":"PropertyValueSpecification","valueRequired":true,"valueName":"search_term_string"}}],"inLanguage":"es"},{"@type":"Organization","@id":"https:\/\/www.sonoraenequipo.com.mx\/#organization","name":"Sonoraenequipo.com.mx","url":"https:\/\/www.sonoraenequipo.com.mx\/","logo":{"@type":"ImageObject","inLanguage":"es","@id":"https:\/\/www.sonoraenequipo.com.mx\/#\/schema\/logo\/image\/","url":"https:\/\/www.sonoraenequipo.com.mx\/storage\/2019\/01\/sonoraenequipo_opt.png","contentUrl":"https:\/\/www.sonoraenequipo.com.mx\/storage\/2019\/01\/sonoraenequipo_opt.png","width":375,"height":125,"caption":"Sonoraenequipo.com.mx"},"image":{"@id":"https:\/\/www.sonoraenequipo.com.mx\/#\/schema\/logo\/image\/"},"sameAs":["https:\/\/www.facebook.com\/SonoraEE\/","https:\/\/x.com\/sonoraenequipo","https:\/\/www.youtube.com\/channel\/UC338nW-lPEYmJQs4ZABQ1SQ"]},{"@type":"Person","@id":"https:\/\/www.sonoraenequipo.com.mx\/#\/schema\/person\/50102df0fb23a8fa9e8effad8fa81386","name":"enequipo","image":{"@type":"ImageObject","inLanguage":"es","@id":"https:\/\/www.sonoraenequipo.com.mx\/#\/schema\/person\/image\/","url":"https:\/\/secure.gravatar.com\/avatar\/049821681b589dabc0bc20695993ccebb09f5b5d4d790cd9251b97faac7c652b?s=96&d=blank&r=g","contentUrl":"https:\/\/secure.gravatar.com\/avatar\/049821681b589dabc0bc20695993ccebb09f5b5d4d790cd9251b97faac7c652b?s=96&d=blank&r=g","caption":"enequipo"},"sameAs":["https:\/\/www.facebook.com\/SonoraEE"]}]}},"jetpack_featured_media_url":"https:\/\/www.sonoraenequipo.com.mx\/storage\/2024\/03\/AMLO.-2024-03-19-min.jpg","_links":{"self":[{"href":"https:\/\/www.sonoraenequipo.com.mx\/api\/wp\/v2\/posts\/185820","targetHints":{"allow":["GET"]}}],"collection":[{"href":"https:\/\/www.sonoraenequipo.com.mx\/api\/wp\/v2\/posts"}],"about":[{"href":"https:\/\/www.sonoraenequipo.com.mx\/api\/wp\/v2\/types\/post"}],"author":[{"embeddable":true,"href":"https:\/\/www.sonoraenequipo.com.mx\/api\/wp\/v2\/users\/1"}],"replies":[{"embeddable":true,"href":"https:\/\/www.sonoraenequipo.com.mx\/api\/wp\/v2\/comments?post=185820"}],"version-history":[{"count":2,"href":"https:\/\/www.sonoraenequipo.com.mx\/api\/wp\/v2\/posts\/185820\/revisions"}],"predecessor-version":[{"id":185827,"href":"https:\/\/www.sonoraenequipo.com.mx\/api\/wp\/v2\/posts\/185820\/revisions\/185827"}],"wp:featuredmedia":[{"embeddable":true,"href":"https:\/\/www.sonoraenequipo.com.mx\/api\/wp\/v2\/media\/185824"}],"wp:attachment":[{"href":"https:\/\/www.sonoraenequipo.com.mx\/api\/wp\/v2\/media?parent=185820"}],"wp:term":[{"taxonomy":"category","embeddable":true,"href":"https:\/\/www.sonoraenequipo.com.mx\/api\/wp\/v2\/categories?post=185820"},{"taxonomy":"post_tag","embeddable":true,"href":"https:\/\/www.sonoraenequipo.com.mx\/api\/wp\/v2\/tags?post=185820"}],"curies":[{"name":"wp","href":"https:\/\/api.w.org\/{rel}","templated":true}]}}