{"id":185830,"date":"2024-03-19T12:38:29","date_gmt":"2024-03-19T19:38:29","guid":{"rendered":"https:\/\/www.sonoraenequipo.com.mx\/?p=185830"},"modified":"2024-03-19T19:42:28","modified_gmt":"2024-03-20T02:42:28","slug":"sin-una-remediacion-efectiva-en-2030-desaparecera-el-lago-de-patzcuaro","status":"publish","type":"post","link":"https:\/\/www.sonoraenequipo.com.mx\/sin-una-remediacion-efectiva-en-2030-desaparecera-el-lago-de-patzcuaro\/","title":{"rendered":"Sin una remediaci\u00f3n efectiva, en 2030 desaparecer\u00e1 el Lago de P\u00e1tzcuaro"},"content":{"rendered":"<p><strong>P\u00c1TZCUARO, MICHOAC\u00c1N. MX. \u2014<\/strong> Si no se toman hoy medidas efectivas de corto, mediano y largo plazo a trav\u00e9s de proyectos financiados por los distintos \u00e1mbitos de gobierno, las empresas particulares y con la participaci\u00f3n de la academia, las comunidades originarias y todos los habitantes de la cuenca, en 2030 desaparecer\u00e1 el lago de P\u00e1tzcuaro expresaron los participantes en el Encuentro Ciudadano Regional celebrado en esta ciudad por la Fundaci\u00f3n Desarrollo Sustentable y Cambio Clim\u00e1tico y la Coordinaci\u00f3n de Organizaciones de la Sociedad Civil, con el objetivo de vislumbrar planes para su rescate.<\/p>\n<p> <\/p>\n<p>Uno de los principales reclamos es que a lo largo de muchos a\u00f1os gobiernos y pol\u00edticos han llegado a presuntamente realizar un rescate del Lago desde su propia visi\u00f3n, sin incluir en la toma de decisiones a los conocedores ancestrales de la cuenca, mucho menos, hacerlos part\u00edcipes de la forma de c\u00f3mo emplear los recursos que se han ejercido, porque hay programas que realizan, pero no son la soluci\u00f3n. <strong><em>\u201cVenimos y hacemos foros y nom\u00e1s estamos preocupados, pero no nos ocupamos\u201d,<\/em><\/strong> dijo uno de los ponentes.<\/p>\n<p>Raymundo Ocampo Ontiveros, afirm\u00f3 que el problema es sist\u00e9mico y tiene que ver con la cultura porque nunca se ha propiciado un di\u00e1logo con las comunidades a las cuales se les sigue tratando como menores de edad, sin capacidad para discutir las soluciones del problema. Se tiene que dar un di\u00e1logo entre iguales, porque la gente, todos, hombres, mujeres, artesanos, pescadores, agricultores, j\u00f3venes, ni\u00f1os, todos tienen algo que decir.<\/p>\n<p>El ingeniero Joaqu\u00edn Felipe Pacheco expres\u00f3 que se tienen<strong><em> \u201cm\u00e1s de 50 a\u00f1os haciendo foros sin ning\u00fan resultado. Ah\u00ed est\u00e1 el enfermo, moribundo; hay muchos intereses econ\u00f3micos y pol\u00edticos y un desgaste an\u00edmico de los habitantes de esta cuenca al creer en este tipo de eventos, sin remediar la problem\u00e1tica\u201d que tiene que ver con \u201ctanto azolve del lago a trav\u00e9s de los fen\u00f3menos naturales como el aire y el agua que acarrean residuos, la agricultura, la tala clandestina y las cinco fallas geol\u00f3gicas por donde el agua se est\u00e1 escapando\u201d.<\/em><\/strong><\/p>\n<p>No venimos a politizar ni a buscar chamba, agreg\u00f3 el ingeniero, pero <em><strong>\u201cvenimos a cumplir esa obligaci\u00f3n moral que tenemos todos los profesionistas porque en 2030 o en menos tiempo se desaparece el lago de P\u00e1tzcuaro si no actuamos como debe de ser\u201d.<\/strong><\/em><\/p>\n<p>Luis Gerardo Rubiera Eslava, representante del coordinador en Michoac\u00e1n de la campa\u00f1a de la candidata Claudia Sheinbaum, Diego Hern\u00e1ndez, destac\u00f3 que entre la problem\u00e1tica han encontrado la deforestaci\u00f3n masiva del bosque para la plantaci\u00f3n de aguacate; el huachicoleo de agua del lago para la plantaci\u00f3n de berries y aguacate; la falta de mantenimiento de las plantas tratadoras de agua, algunas que no funcionan como la de Janitzio y otras como la de P\u00e1tzcuaro que trabajan al 30% y; el taponamiento de los manantiales que surten de agua al lago y las dem\u00e1s cuencas y subcuencas.<\/p>\n<p><strong>\u201cYa no tenemos achoque o ajolote de P\u00e1tzcuaro ni el sabroso pescado blanco\u201d,<\/strong> se quej\u00f3 el maestro de educaci\u00f3n b\u00e1sica Armando S\u00e1nchez Arias, porque la contaminaci\u00f3n de las aguas y ahora su escasez han acabado con la fauna del cuerpo de agua, y as\u00ed como el lago se est\u00e1 quedando sin el l\u00edquido, terci\u00f3 Leticia Pati\u00f1o S\u00e1nchez, pronto los municipios y comunidades se quedar\u00e1n 3 d\u00edas sin agua como ocurre en otros lugares, por lo que llam\u00f3 a cuidarla porque <strong><em>\u201ctiramos casi el 90 por ciento que se utiliza en los servicios p\u00fablicos, ya sea para ba\u00f1arnos, utilizar la lavadora y en los sanitarios\u201d.<\/em><\/strong><\/p>\n<p>Rubiera Eslava record\u00f3 la importancia que tiene el involucramiento de los ciudadanos y remarc\u00f3 como un caso excepcional el de la comunidad de Santa Fe de la Laguna, donde a trav\u00e9s de faenas, los pobladores se han involucrado activamente en dar mantenimiento y conservar toda esa regi\u00f3n del lago, donde el cuerpo de agua tiene un buen nivel y cuidado de las especies nativas.<\/p>\n<p>Adem\u00e1s, record\u00f3, consiguieron que el gobierno estatal otorgara un presupuesto de 11 millones de pesos para adquirir tres m\u00e1quinas de agua dulce, adem\u00e1s de trabajar en el desazolve del muelle que antes s\u00f3lo realizaba la cooperativa, para quitar el lirio acu\u00e1tico.<\/p>\n<p>El presidente de la Fundaci\u00f3n Desarrollo Sustentable y Cambio Clim\u00e1tico, Omar Guadarrama Cedillo expres\u00f3 que necesitamos socializar la problem\u00e1tica, que la sociedad se entere de sus efectos nocivos por el descuido del ambiente y tambi\u00e9n necesitamos organizarnos para demandar la soluci\u00f3n de nuestros problemas m\u00e1s urgentes y que m\u00e1s que el del Lago de P\u00e1tzcuaro que es urgente el d\u00eda de hoy, por lo que llam\u00f3 a dar seguimiento a los foros que se est\u00e1n realizando y participar en las soluciones.<\/p>\n<p>Tambi\u00e9n participaron la secretaria general de la Fundaci\u00f3n, Guadalupe S\u00e1nchez Gama; el coordinador de las Organizaciones de la Sociedad Civil, Juan Manuel Valenzuela Villegas; y el coordinador de las Organizaciones en el estado de Hidalgo, V\u00edctor G\u00f3mez Navarro; el profesor Cecilio Hern\u00e1ndez Tadeo, coordinador de la Regi\u00f3n Lacustre en el municipio de P\u00e1tzcuaro y Janeth Guadalupe Granados Bravo, coordinadora de J\u00f3venes de Comunidades Originarias, entre otros.<\/p>\n<p>PUBLICADO EL 19 DE MARZO DE 2024\/\/ Con informaci\u00f3n Fundaci\u00f3n Desarrollo Sustentable y Cambio Clim\u00e1tico)<\/p>\n","protected":false},"excerpt":{"rendered":"<p>P\u00c1TZCUARO, MICHOAC\u00c1N. MX. \u2014 Si no se toman hoy medidas efectivas de corto, mediano y&#8230;<\/p>\n","protected":false},"author":1,"featured_media":185831,"comment_status":"open","ping_status":"open","sticky":false,"template":"","format":"standard","meta":{"_monsterinsights_skip_tracking":false,"_monsterinsights_sitenote_active":false,"_monsterinsights_sitenote_note":"","_monsterinsights_sitenote_category":0,"footnotes":""},"categories":[5],"tags":[],"class_list":["post"],"yoast_head":" \n<title>Sonora en Equipo. Sin una remediaci\u00f3n efectiva, en 2030 desaparecer\u00e1 el Lago de P\u00e1tzcuaro Rep\u00fablica<\/title>\n<meta name=\"description\" content=\"P\u00c1TZCUARO, MICHOAC\u00c1N. MX. \u2014 Si no se toman hoy medidas efectivas de corto, mediano y largo plazo a trav\u00e9s de proyectos financiados por los distintos En Sonora en Equipo publicamos toda la informaci\u00f3n de Sonora, M\u00e9xico y el Mundo de manera oportuna y busca que la libertad de expresi\u00f3n sea real. Visita nuestro medio informativo publicado desde Hermosillo, Sonora. %\" \/>\n<meta name=\"robots\" content=\"index, follow, max-snippet:-1, max-image-preview:large, max-video-preview:-1\" \/>\n<link rel=\"canonical\" href=\"https:\/\/www.sonoraenequipo.com.mx\/sin-una-remediacion-efectiva-en-2030-desaparecera-el-lago-de-patzcuaro\/\" \/>\n<meta property=\"og:locale\" content=\"es_ES\" \/>\n<meta property=\"og:type\" content=\"article\" \/>\n<meta property=\"og:title\" content=\"Sonora en Equipo. Sin una remediaci\u00f3n efectiva, en 2030 desaparecer\u00e1 el Lago de P\u00e1tzcuaro Rep\u00fablica\" \/>\n<meta property=\"og:description\" content=\"P\u00c1TZCUARO, MICHOAC\u00c1N. MX. \u2014 Si no se toman hoy medidas efectivas de corto, mediano y largo plazo a trav\u00e9s de proyectos financiados por los distintos En Sonora en Equipo publicamos toda la informaci\u00f3n de Sonora, M\u00e9xico y el Mundo de manera oportuna y busca que la libertad de expresi\u00f3n sea real. Visita nuestro medio informativo publicado desde Hermosillo, Sonora. %\" \/>\n<meta property=\"og:url\" content=\"https:\/\/www.sonoraenequipo.com.mx\/sin-una-remediacion-efectiva-en-2030-desaparecera-el-lago-de-patzcuaro\/\" \/>\n<meta property=\"og:site_name\" content=\"Sonora en Equipo.\" \/>\n<meta property=\"article:publisher\" content=\"https:\/\/www.facebook.com\/SonoraEE\/\" \/>\n<meta property=\"article:author\" content=\"https:\/\/www.facebook.com\/SonoraEE\" \/>\n<meta property=\"article:published_time\" content=\"2024-03-19T19:38:29+00:00\" \/>\n<meta property=\"article:modified_time\" content=\"2024-03-20T02:42:28+00:00\" \/>\n<meta property=\"og:image\" content=\"https:\/\/www.sonoraenequipo.com.mx\/storage\/2024\/03\/lago-de-Pazcuaro-min.jpg\" \/>\n\t<meta property=\"og:image:width\" content=\"895\" \/>\n\t<meta property=\"og:image:height\" content=\"498\" \/>\n\t<meta property=\"og:image:type\" content=\"image\/jpeg\" \/>\n<meta name=\"author\" content=\"enequipo\" \/>\n<meta name=\"twitter:card\" content=\"summary_large_image\" \/>\n<meta name=\"twitter:creator\" content=\"@sonoraenequipo\" \/>\n<meta name=\"twitter:site\" content=\"@sonoraenequipo\" \/>\n<meta name=\"twitter:label1\" content=\"Escrito por\" \/>\n\t<meta name=\"twitter:data1\" content=\"enequipo\" \/>\n\t<meta name=\"twitter:label2\" content=\"Tiempo de lectura\" \/>\n\t<meta name=\"twitter:data2\" content=\"5 minutos\" \/>\n<script type=\"application\/ld+json\" class=\"yoast-schema-graph\">{\"@context\":\"https:\/\/schema.org\",\"@graph\":[{\"@type\":\"Article\",\"@id\":\"https:\/\/www.sonoraenequipo.com.mx\/sin-una-remediacion-efectiva-en-2030-desaparecera-el-lago-de-patzcuaro\/#article\",\"isPartOf\":{\"@id\":\"https:\/\/www.sonoraenequipo.com.mx\/sin-una-remediacion-efectiva-en-2030-desaparecera-el-lago-de-patzcuaro\/\"},\"author\":{\"name\":\"enequipo\",\"@id\":\"https:\/\/www.sonoraenequipo.com.mx\/#\/schema\/person\/50102df0fb23a8fa9e8effad8fa81386\"},\"headline\":\"Sin una remediaci\u00f3n efectiva, en 2030 desaparecer\u00e1 el Lago de P\u00e1tzcuaro\",\"datePublished\":\"2024-03-19T19:38:29+00:00\",\"dateModified\":\"2024-03-20T02:42:28+00:00\",\"mainEntityOfPage\":{\"@id\":\"https:\/\/www.sonoraenequipo.com.mx\/sin-una-remediacion-efectiva-en-2030-desaparecera-el-lago-de-patzcuaro\/\"},\"wordCount\":933,\"commentCount\":0,\"publisher\":{\"@id\":\"https:\/\/www.sonoraenequipo.com.mx\/#organization\"},\"image\":{\"@id\":\"https:\/\/www.sonoraenequipo.com.mx\/sin-una-remediacion-efectiva-en-2030-desaparecera-el-lago-de-patzcuaro\/#primaryimage\"},\"thumbnailUrl\":\"https:\/\/www.sonoraenequipo.com.mx\/storage\/2024\/03\/lago-de-Pazcuaro-min.jpg\",\"articleSection\":[\"Rep\u00fablica\"],\"inLanguage\":\"es\",\"potentialAction\":[{\"@type\":\"CommentAction\",\"name\":\"Comment\",\"target\":[\"https:\/\/www.sonoraenequipo.com.mx\/sin-una-remediacion-efectiva-en-2030-desaparecera-el-lago-de-patzcuaro\/#respond\"]}]},{\"@type\":\"WebPage\",\"@id\":\"https:\/\/www.sonoraenequipo.com.mx\/sin-una-remediacion-efectiva-en-2030-desaparecera-el-lago-de-patzcuaro\/\",\"url\":\"https:\/\/www.sonoraenequipo.com.mx\/sin-una-remediacion-efectiva-en-2030-desaparecera-el-lago-de-patzcuaro\/\",\"name\":\"Sonora en Equipo. Sin una remediaci\u00f3n efectiva, en 2030 desaparecer\u00e1 el Lago de P\u00e1tzcuaro Rep\u00fablica\",\"isPartOf\":{\"@id\":\"https:\/\/www.sonoraenequipo.com.mx\/#website\"},\"primaryImageOfPage\":{\"@id\":\"https:\/\/www.sonoraenequipo.com.mx\/sin-una-remediacion-efectiva-en-2030-desaparecera-el-lago-de-patzcuaro\/#primaryimage\"},\"image\":{\"@id\":\"https:\/\/www.sonoraenequipo.com.mx\/sin-una-remediacion-efectiva-en-2030-desaparecera-el-lago-de-patzcuaro\/#primaryimage\"},\"thumbnailUrl\":\"https:\/\/www.sonoraenequipo.com.mx\/storage\/2024\/03\/lago-de-Pazcuaro-min.jpg\",\"datePublished\":\"2024-03-19T19:38:29+00:00\",\"dateModified\":\"2024-03-20T02:42:28+00:00\",\"description\":\"P\u00c1TZCUARO, MICHOAC\u00c1N. MX. \u2014 Si no se toman hoy medidas efectivas de corto, mediano y largo plazo a trav\u00e9s de proyectos financiados por los distintos En Sonora en Equipo publicamos toda la informaci\u00f3n de Sonora, M\u00e9xico y el Mundo de manera oportuna y busca que la libertad de expresi\u00f3n sea real. Visita nuestro medio informativo publicado desde Hermosillo, Sonora. %\",\"breadcrumb\":{\"@id\":\"https:\/\/www.sonoraenequipo.com.mx\/sin-una-remediacion-efectiva-en-2030-desaparecera-el-lago-de-patzcuaro\/#breadcrumb\"},\"inLanguage\":\"es\",\"potentialAction\":[{\"@type\":\"ReadAction\",\"target\":[\"https:\/\/www.sonoraenequipo.com.mx\/sin-una-remediacion-efectiva-en-2030-desaparecera-el-lago-de-patzcuaro\/\"]}]},{\"@type\":\"ImageObject\",\"inLanguage\":\"es\",\"@id\":\"https:\/\/www.sonoraenequipo.com.mx\/sin-una-remediacion-efectiva-en-2030-desaparecera-el-lago-de-patzcuaro\/#primaryimage\",\"url\":\"https:\/\/www.sonoraenequipo.com.mx\/storage\/2024\/03\/lago-de-Pazcuaro-min.jpg\",\"contentUrl\":\"https:\/\/www.sonoraenequipo.com.mx\/storage\/2024\/03\/lago-de-Pazcuaro-min.jpg\",\"width\":895,\"height\":498},{\"@type\":\"BreadcrumbList\",\"@id\":\"https:\/\/www.sonoraenequipo.com.mx\/sin-una-remediacion-efectiva-en-2030-desaparecera-el-lago-de-patzcuaro\/#breadcrumb\",\"itemListElement\":[{\"@type\":\"ListItem\",\"position\":1,\"name\":\"Portada\",\"item\":\"https:\/\/www.sonoraenequipo.com.mx\/\"},{\"@type\":\"ListItem\",\"position\":2,\"name\":\"Sin una remediaci\u00f3n efectiva, en 2030 desaparecer\u00e1 el Lago de P\u00e1tzcuaro\"}]},{\"@type\":\"WebSite\",\"@id\":\"https:\/\/www.sonoraenequipo.com.mx\/#website\",\"url\":\"https:\/\/www.sonoraenequipo.com.mx\/\",\"name\":\"Sonora en Equipo.\",\"description\":\"Diario en l\u00ednea con Noticias desde Hermosillo, Sonora\",\"publisher\":{\"@id\":\"https:\/\/www.sonoraenequipo.com.mx\/#organization\"},\"potentialAction\":[{\"@type\":\"SearchAction\",\"target\":{\"@type\":\"EntryPoint\",\"urlTemplate\":\"https:\/\/www.sonoraenequipo.com.mx\/?s={search_term_string}\"},\"query-input\":{\"@type\":\"PropertyValueSpecification\",\"valueRequired\":true,\"valueName\":\"search_term_string\"}}],\"inLanguage\":\"es\"},{\"@type\":\"Organization\",\"@id\":\"https:\/\/www.sonoraenequipo.com.mx\/#organization\",\"name\":\"Sonoraenequipo.com.mx\",\"url\":\"https:\/\/www.sonoraenequipo.com.mx\/\",\"logo\":{\"@type\":\"ImageObject\",\"inLanguage\":\"es\",\"@id\":\"https:\/\/www.sonoraenequipo.com.mx\/#\/schema\/logo\/image\/\",\"url\":\"https:\/\/www.sonoraenequipo.com.mx\/storage\/2019\/01\/sonoraenequipo_opt.png\",\"contentUrl\":\"https:\/\/www.sonoraenequipo.com.mx\/storage\/2019\/01\/sonoraenequipo_opt.png\",\"width\":375,\"height\":125,\"caption\":\"Sonoraenequipo.com.mx\"},\"image\":{\"@id\":\"https:\/\/www.sonoraenequipo.com.mx\/#\/schema\/logo\/image\/\"},\"sameAs\":[\"https:\/\/www.facebook.com\/SonoraEE\/\",\"https:\/\/x.com\/sonoraenequipo\",\"https:\/\/www.youtube.com\/channel\/UC338nW-lPEYmJQs4ZABQ1SQ\"]},{\"@type\":\"Person\",\"@id\":\"https:\/\/www.sonoraenequipo.com.mx\/#\/schema\/person\/50102df0fb23a8fa9e8effad8fa81386\",\"name\":\"enequipo\",\"image\":{\"@type\":\"ImageObject\",\"inLanguage\":\"es\",\"@id\":\"https:\/\/www.sonoraenequipo.com.mx\/#\/schema\/person\/image\/\",\"url\":\"https:\/\/secure.gravatar.com\/avatar\/049821681b589dabc0bc20695993ccebb09f5b5d4d790cd9251b97faac7c652b?s=96&d=blank&r=g\",\"contentUrl\":\"https:\/\/secure.gravatar.com\/avatar\/049821681b589dabc0bc20695993ccebb09f5b5d4d790cd9251b97faac7c652b?s=96&d=blank&r=g\",\"caption\":\"enequipo\"},\"sameAs\":[\"https:\/\/www.facebook.com\/SonoraEE\"]}]}<\/script>\n ","yoast_head_json":{"title":"Sonora en Equipo. Sin una remediaci\u00f3n efectiva, en 2030 desaparecer\u00e1 el Lago de P\u00e1tzcuaro Rep\u00fablica","description":"P\u00c1TZCUARO, MICHOAC\u00c1N. MX. \u2014 Si no se toman hoy medidas efectivas de corto, mediano y largo plazo a trav\u00e9s de proyectos financiados por los distintos En Sonora en Equipo publicamos toda la informaci\u00f3n de Sonora, M\u00e9xico y el Mundo de manera oportuna y busca que la libertad de expresi\u00f3n sea real. Visita nuestro medio informativo publicado desde Hermosillo, Sonora. %","robots":{"index":"index","follow":"follow","max-snippet":"max-snippet:-1","max-image-preview":"max-image-preview:large","max-video-preview":"max-video-preview:-1"},"canonical":"https:\/\/www.sonoraenequipo.com.mx\/sin-una-remediacion-efectiva-en-2030-desaparecera-el-lago-de-patzcuaro\/","og_locale":"es_ES","og_type":"article","og_title":"Sonora en Equipo. Sin una remediaci\u00f3n efectiva, en 2030 desaparecer\u00e1 el Lago de P\u00e1tzcuaro Rep\u00fablica","og_description":"P\u00c1TZCUARO, MICHOAC\u00c1N. MX. \u2014 Si no se toman hoy medidas efectivas de corto, mediano y largo plazo a trav\u00e9s de proyectos financiados por los distintos En Sonora en Equipo publicamos toda la informaci\u00f3n de Sonora, M\u00e9xico y el Mundo de manera oportuna y busca que la libertad de expresi\u00f3n sea real. Visita nuestro medio informativo publicado desde Hermosillo, Sonora. %","og_url":"https:\/\/www.sonoraenequipo.com.mx\/sin-una-remediacion-efectiva-en-2030-desaparecera-el-lago-de-patzcuaro\/","og_site_name":"Sonora en Equipo.","article_publisher":"https:\/\/www.facebook.com\/SonoraEE\/","article_author":"https:\/\/www.facebook.com\/SonoraEE","article_published_time":"2024-03-19T19:38:29+00:00","article_modified_time":"2024-03-20T02:42:28+00:00","og_image":[{"width":895,"height":498,"url":"https:\/\/www.sonoraenequipo.com.mx\/storage\/2024\/03\/lago-de-Pazcuaro-min.jpg","type":"image\/jpeg"}],"author":"enequipo","twitter_card":"summary_large_image","twitter_creator":"@sonoraenequipo","twitter_site":"@sonoraenequipo","twitter_misc":{"Escrito por":"enequipo","Tiempo de lectura":"5 minutos"},"schema":{"@context":"https:\/\/schema.org","@graph":[{"@type":"Article","@id":"https:\/\/www.sonoraenequipo.com.mx\/sin-una-remediacion-efectiva-en-2030-desaparecera-el-lago-de-patzcuaro\/#article","isPartOf":{"@id":"https:\/\/www.sonoraenequipo.com.mx\/sin-una-remediacion-efectiva-en-2030-desaparecera-el-lago-de-patzcuaro\/"},"author":{"name":"enequipo","@id":"https:\/\/www.sonoraenequipo.com.mx\/#\/schema\/person\/50102df0fb23a8fa9e8effad8fa81386"},"headline":"Sin una remediaci\u00f3n efectiva, en 2030 desaparecer\u00e1 el Lago de P\u00e1tzcuaro","datePublished":"2024-03-19T19:38:29+00:00","dateModified":"2024-03-20T02:42:28+00:00","mainEntityOfPage":{"@id":"https:\/\/www.sonoraenequipo.com.mx\/sin-una-remediacion-efectiva-en-2030-desaparecera-el-lago-de-patzcuaro\/"},"wordCount":933,"commentCount":0,"publisher":{"@id":"https:\/\/www.sonoraenequipo.com.mx\/#organization"},"image":{"@id":"https:\/\/www.sonoraenequipo.com.mx\/sin-una-remediacion-efectiva-en-2030-desaparecera-el-lago-de-patzcuaro\/#primaryimage"},"thumbnailUrl":"https:\/\/www.sonoraenequipo.com.mx\/storage\/2024\/03\/lago-de-Pazcuaro-min.jpg","articleSection":["Rep\u00fablica"],"inLanguage":"es","potentialAction":[{"@type":"CommentAction","name":"Comment","target":["https:\/\/www.sonoraenequipo.com.mx\/sin-una-remediacion-efectiva-en-2030-desaparecera-el-lago-de-patzcuaro\/#respond"]}]},{"@type":"WebPage","@id":"https:\/\/www.sonoraenequipo.com.mx\/sin-una-remediacion-efectiva-en-2030-desaparecera-el-lago-de-patzcuaro\/","url":"https:\/\/www.sonoraenequipo.com.mx\/sin-una-remediacion-efectiva-en-2030-desaparecera-el-lago-de-patzcuaro\/","name":"Sonora en Equipo. Sin una remediaci\u00f3n efectiva, en 2030 desaparecer\u00e1 el Lago de P\u00e1tzcuaro Rep\u00fablica","isPartOf":{"@id":"https:\/\/www.sonoraenequipo.com.mx\/#website"},"primaryImageOfPage":{"@id":"https:\/\/www.sonoraenequipo.com.mx\/sin-una-remediacion-efectiva-en-2030-desaparecera-el-lago-de-patzcuaro\/#primaryimage"},"image":{"@id":"https:\/\/www.sonoraenequipo.com.mx\/sin-una-remediacion-efectiva-en-2030-desaparecera-el-lago-de-patzcuaro\/#primaryimage"},"thumbnailUrl":"https:\/\/www.sonoraenequipo.com.mx\/storage\/2024\/03\/lago-de-Pazcuaro-min.jpg","datePublished":"2024-03-19T19:38:29+00:00","dateModified":"2024-03-20T02:42:28+00:00","description":"P\u00c1TZCUARO, MICHOAC\u00c1N. MX. \u2014 Si no se toman hoy medidas efectivas de corto, mediano y largo plazo a trav\u00e9s de proyectos financiados por los distintos En Sonora en Equipo publicamos toda la informaci\u00f3n de Sonora, M\u00e9xico y el Mundo de manera oportuna y busca que la libertad de expresi\u00f3n sea real. Visita nuestro medio informativo publicado desde Hermosillo, Sonora. %","breadcrumb":{"@id":"https:\/\/www.sonoraenequipo.com.mx\/sin-una-remediacion-efectiva-en-2030-desaparecera-el-lago-de-patzcuaro\/#breadcrumb"},"inLanguage":"es","potentialAction":[{"@type":"ReadAction","target":["https:\/\/www.sonoraenequipo.com.mx\/sin-una-remediacion-efectiva-en-2030-desaparecera-el-lago-de-patzcuaro\/"]}]},{"@type":"ImageObject","inLanguage":"es","@id":"https:\/\/www.sonoraenequipo.com.mx\/sin-una-remediacion-efectiva-en-2030-desaparecera-el-lago-de-patzcuaro\/#primaryimage","url":"https:\/\/www.sonoraenequipo.com.mx\/storage\/2024\/03\/lago-de-Pazcuaro-min.jpg","contentUrl":"https:\/\/www.sonoraenequipo.com.mx\/storage\/2024\/03\/lago-de-Pazcuaro-min.jpg","width":895,"height":498},{"@type":"BreadcrumbList","@id":"https:\/\/www.sonoraenequipo.com.mx\/sin-una-remediacion-efectiva-en-2030-desaparecera-el-lago-de-patzcuaro\/#breadcrumb","itemListElement":[{"@type":"ListItem","position":1,"name":"Portada","item":"https:\/\/www.sonoraenequipo.com.mx\/"},{"@type":"ListItem","position":2,"name":"Sin una remediaci\u00f3n efectiva, en 2030 desaparecer\u00e1 el Lago de P\u00e1tzcuaro"}]},{"@type":"WebSite","@id":"https:\/\/www.sonoraenequipo.com.mx\/#website","url":"https:\/\/www.sonoraenequipo.com.mx\/","name":"Sonora en Equipo.","description":"Diario en l\u00ednea con Noticias desde Hermosillo, Sonora","publisher":{"@id":"https:\/\/www.sonoraenequipo.com.mx\/#organization"},"potentialAction":[{"@type":"SearchAction","target":{"@type":"EntryPoint","urlTemplate":"https:\/\/www.sonoraenequipo.com.mx\/?s={search_term_string}"},"query-input":{"@type":"PropertyValueSpecification","valueRequired":true,"valueName":"search_term_string"}}],"inLanguage":"es"},{"@type":"Organization","@id":"https:\/\/www.sonoraenequipo.com.mx\/#organization","name":"Sonoraenequipo.com.mx","url":"https:\/\/www.sonoraenequipo.com.mx\/","logo":{"@type":"ImageObject","inLanguage":"es","@id":"https:\/\/www.sonoraenequipo.com.mx\/#\/schema\/logo\/image\/","url":"https:\/\/www.sonoraenequipo.com.mx\/storage\/2019\/01\/sonoraenequipo_opt.png","contentUrl":"https:\/\/www.sonoraenequipo.com.mx\/storage\/2019\/01\/sonoraenequipo_opt.png","width":375,"height":125,"caption":"Sonoraenequipo.com.mx"},"image":{"@id":"https:\/\/www.sonoraenequipo.com.mx\/#\/schema\/logo\/image\/"},"sameAs":["https:\/\/www.facebook.com\/SonoraEE\/","https:\/\/x.com\/sonoraenequipo","https:\/\/www.youtube.com\/channel\/UC338nW-lPEYmJQs4ZABQ1SQ"]},{"@type":"Person","@id":"https:\/\/www.sonoraenequipo.com.mx\/#\/schema\/person\/50102df0fb23a8fa9e8effad8fa81386","name":"enequipo","image":{"@type":"ImageObject","inLanguage":"es","@id":"https:\/\/www.sonoraenequipo.com.mx\/#\/schema\/person\/image\/","url":"https:\/\/secure.gravatar.com\/avatar\/049821681b589dabc0bc20695993ccebb09f5b5d4d790cd9251b97faac7c652b?s=96&d=blank&r=g","contentUrl":"https:\/\/secure.gravatar.com\/avatar\/049821681b589dabc0bc20695993ccebb09f5b5d4d790cd9251b97faac7c652b?s=96&d=blank&r=g","caption":"enequipo"},"sameAs":["https:\/\/www.facebook.com\/SonoraEE"]}]}},"jetpack_featured_media_url":"https:\/\/www.sonoraenequipo.com.mx\/storage\/2024\/03\/lago-de-Pazcuaro-min.jpg","_links":{"self":[{"href":"https:\/\/www.sonoraenequipo.com.mx\/api\/wp\/v2\/posts\/185830","targetHints":{"allow":["GET"]}}],"collection":[{"href":"https:\/\/www.sonoraenequipo.com.mx\/api\/wp\/v2\/posts"}],"about":[{"href":"https:\/\/www.sonoraenequipo.com.mx\/api\/wp\/v2\/types\/post"}],"author":[{"embeddable":true,"href":"https:\/\/www.sonoraenequipo.com.mx\/api\/wp\/v2\/users\/1"}],"replies":[{"embeddable":true,"href":"https:\/\/www.sonoraenequipo.com.mx\/api\/wp\/v2\/comments?post=185830"}],"version-history":[{"count":2,"href":"https:\/\/www.sonoraenequipo.com.mx\/api\/wp\/v2\/posts\/185830\/revisions"}],"predecessor-version":[{"id":185835,"href":"https:\/\/www.sonoraenequipo.com.mx\/api\/wp\/v2\/posts\/185830\/revisions\/185835"}],"wp:featuredmedia":[{"embeddable":true,"href":"https:\/\/www.sonoraenequipo.com.mx\/api\/wp\/v2\/media\/185831"}],"wp:attachment":[{"href":"https:\/\/www.sonoraenequipo.com.mx\/api\/wp\/v2\/media?parent=185830"}],"wp:term":[{"taxonomy":"category","embeddable":true,"href":"https:\/\/www.sonoraenequipo.com.mx\/api\/wp\/v2\/categories?post=185830"},{"taxonomy":"post_tag","embeddable":true,"href":"https:\/\/www.sonoraenequipo.com.mx\/api\/wp\/v2\/tags?post=185830"}],"curies":[{"name":"wp","href":"https:\/\/api.w.org\/{rel}","templated":true}]}}