{"id":185977,"date":"2024-03-21T13:18:30","date_gmt":"2024-03-21T20:18:30","guid":{"rendered":"https:\/\/www.sonoraenequipo.com.mx\/?p=185977"},"modified":"2024-03-21T13:47:48","modified_gmt":"2024-03-21T20:47:48","slug":"llaman-a-mejorar-la-gestion-del-agua-en-un-contexto-de-sequia","status":"publish","type":"post","link":"https:\/\/www.sonoraenequipo.com.mx\/llaman-a-mejorar-la-gestion-del-agua-en-un-contexto-de-sequia\/","title":{"rendered":"Llaman a mejorar la gesti\u00f3n del agua en un contexto de sequ\u00eda"},"content":{"rendered":"<p><span style=\"font-style: inherit; font-weight: inherit;\"><strong>HERMOSILLO, SONORA, MX.\u02d7\u02d7\u02d7 <\/strong>Teniendo como marco el D\u00eda Mundial del Agua, un grupo de acad\u00e9micos, expertos, activistas e integrantes de la Mesa de Agua de la asociaci\u00f3n civil Hermosillo \u00bfC\u00f3mo Vamos?, dieron a conocer la publicaci\u00f3n: \u00abHermosillo ante la Sequ\u00eda Extrema: Plan, Gesti\u00f3n y Gobernanza\u00bb.<\/span><\/p>\n<p><span style=\"font-style: inherit; font-weight: inherit;\">&nbsp;<\/span><\/p>\n<p><span style=\"font-style: inherit; font-weight: inherit;\">Siendo la sequ\u00eda severa que atraviesa el estado de Sonora uno de los temas que m\u00e1s preocupa en la actualidad, junto a la amenaza de agotar las reservas de l\u00edquido vital en las presas que suministran a la capital, nace esta compilaci\u00f3n de trabajos que pretende abordar y deliberar, con una mirada cr\u00edtica, temas y problemas h\u00eddricos que preocupan en la esfera p\u00fablica local, a fin de avanzar en la definici\u00f3n m\u00e1s clara de los desaf\u00edos que enfrentamos y en el dise\u00f1o de pol\u00edticas p\u00fablicas que contribuyan a mejorar la gesti\u00f3n h\u00eddrica.<\/span><\/p>\n<p><span style=\"font-style: inherit; font-weight: inherit;\">&nbsp;<\/span><\/p>\n<p><span style=\"font-style: inherit; font-weight: inherit;\">Durante la presentaci\u00f3n, el Dr. Nicol\u00e1s Pineda Pablos, coordinador de la Mesa Tem\u00e1tica de Agua de Hermosillo \u00bfC\u00f3mo Vamos? y de esta publicaci\u00f3n, asever\u00f3 que los problemas h\u00eddricos de la ciudad de Hermosillo y del estado de Sonora no son solo de presupuesto y de infraestructura; se requiere un cambio de paradigma por otro que incluya los temas ambientales y de la infraestructura verde, as\u00ed como modificaciones en el marco legal que hagan posible la planeaci\u00f3n estrat\u00e9gica m\u00e1s all\u00e1 de los per\u00edodos de gobierno, que se modifique el modelo patrimonialista de gesti\u00f3n del agua en el estado, que descentralice las decisiones dando mayor participaci\u00f3n a las y los usuarios, priorizando la eficiencia y la sustentabilidad sobre los intereses de corto plazo.<\/span><\/p>\n<p><span style=\"font-style: inherit; font-weight: inherit;\">&nbsp;<\/span><\/p>\n<p><span style=\"font-style: inherit; font-weight: inherit;\">Por su parte, Ernesto Urbina Miranda, Director de la asociaci\u00f3n civil Hermosillo \u00bfC\u00f3mo Vamos?, mencion\u00f3 que la idea central de este trabajo es abordar como el principal reto en Sonora, y particularmente en Hermosillo, no es la poca disponibilidad de agua, sino que es un problema de mala gesti\u00f3n y falta de planeaci\u00f3n y gobernanza.<\/span><\/p>\n<p><span style=\"font-style: inherit; font-weight: inherit;\">&nbsp;<\/span><\/p>\n<p><span style=\"font-style: inherit; font-weight: inherit;\">Los 9 art\u00edculos que componen este trabajo son aportaciones de especialistas que cuentan con experiencia en el sector y que se han dedicado a estudiar los problemas del agua y a la b\u00fasqueda de soluciones. Entre los temas abordados destacan los alcances y retos del Plan H\u00eddrico Sonora 2023-2053, publicado a fines del a\u00f1o pasado por el Gobierno del Estado de Sonora, con una lista de obras de infraestructura hidr\u00e1ulica pendientes de realizar en el futuro.<\/span><\/p>\n<p><span style=\"font-style: inherit; font-weight: inherit;\">&nbsp;<\/span><\/p>\n<p><span style=\"font-style: inherit; font-weight: inherit;\">Entre los art\u00edculos que revisan este tema se encuentran: \u00abPlan H\u00eddrico del Estado de Sonora 2023-2053: an\u00e1lisis y alternativas\u00bb de Filiberto Cota Gracia; \u00abInnovaci\u00f3n e inercia en el Plan H\u00eddrico Sonora 2023-2053: una relectura desde la Nueva Econom\u00eda del Agua\u00bb de Am\u00e9rica N. Lutz Ley; \u00abLo bueno, lo malo y lo feo del Plan H\u00eddrico Sonora 2023-2053\u00bb de Luis Alan Navarro Navarro, y \u00abEl Plan H\u00eddrico del Estado de Sonora visto desde el dise\u00f1o de pol\u00edticas p\u00fablicas\u00bb de Alejandro Salazar Adams.<\/span><\/p>\n<p><span style=\"font-style: inherit; font-weight: inherit;\">&nbsp;<\/span><\/p>\n<p><span style=\"font-style: inherit; font-weight: inherit;\">Otros de los temas inclu\u00eddos en el an\u00e1lisis son las deficiencias institucionales y c\u00f3mo mejorar el modelo de gesti\u00f3n del agua en la ciudad de Hermosillo como requisito previo para avanzar en la implementaci\u00f3n de soluciones y con ello, consolidar una ruta de crecimiento sustentable, que contribuya al bienestar y calidad de vida de la poblaci\u00f3n.<\/span><\/p>\n<p><span style=\"font-style: inherit; font-weight: inherit;\">&nbsp;<\/span><\/p>\n<p><span style=\"font-style: inherit; font-weight: inherit;\">Sobre estos temas, destacan los textos \u00ab\u00bfC\u00f3mo va la gesti\u00f3n del agua en la ciudad de Hermosillo? Revisi\u00f3n de indicadores\u00bb de Nicol\u00e1s Pineda; \u00abDiez ideas para mejorar la gobernanza del agua en Sonora\u00bb de Antonio C\u00e1\u00f1ez Cota; \u00ab\u00bfQu\u00e9 hacer frente a la sequ\u00eda en Sonora?\u00bb escrito por Karina L\u00f3pez Ivich, \u00abPropuestas para mejorar la gesti\u00f3n del agua en Hermosillo\u00bb de Victoria Olavarrieta Carmona y \u00abEl federalismo cooperativo, una alternativa frente a la debilidad de los gobiernos locales en materia de la gesti\u00f3n del agua\u00bb por Juan Jaime S\u00e1nchez Meza.<\/span><\/p>\n<p><span style=\"font-style: inherit; font-weight: inherit;\">&nbsp;<\/span><\/p>\n<p><span style=\"font-style: inherit; font-weight: inherit;\">Los integrantes de la Mesa Tem\u00e1tica de Agua de Hermosillo \u00bfC\u00f3mo Vamos? hicieron un llamado a autoridades de los tres niveles de gobierno as\u00ed como a quienes aspiran a ocupar cargos p\u00fablicos a partir del pr\u00f3ximo proceso electoral, a que impulsen un modelo de gesti\u00f3n del agua basado en la coordinaci\u00f3n efectiva, la complementariedad de recursos, el fortalecimiento institucional y la profesionalizaci\u00f3n del sector, dejando fuera cuestiones pol\u00edtico-partidistas.<\/span><\/p>\n<p>&nbsp;<\/p>\n<p><strong>Fecha de publicaci\u00f3n<\/strong><strong> jueves 21 de marzo de 2024<\/strong><\/p>\n","protected":false},"excerpt":{"rendered":"<p>HERMOSILLO, SONORA, MX.\u02d7\u02d7\u02d7 Teniendo como marco el D\u00eda Mundial del Agua, un grupo de acad\u00e9micos,&#8230;<\/p>\n","protected":false},"author":1,"featured_media":185833,"comment_status":"open","ping_status":"open","sticky":false,"template":"","format":"standard","meta":{"_monsterinsights_skip_tracking":false,"_monsterinsights_sitenote_active":false,"_monsterinsights_sitenote_note":"","_monsterinsights_sitenote_category":0,"footnotes":""},"categories":[2216],"tags":[],"class_list":["post"],"yoast_head":" \n<title>Sonora en Equipo. Llaman a mejorar la gesti\u00f3n del agua en un contexto de sequ\u00eda Ciencia y Tecnolog\u00eda<\/title>\n<meta name=\"description\" content=\"HERMOSILLO, SONORA, MX.\u02d7\u02d7\u02d7 Teniendo como marco el D\u00eda Mundial del Agua, un grupo de acad\u00e9micos, expertos, activistas e integrantes de la Mesa de Agua de En Sonora en Equipo publicamos toda la informaci\u00f3n de Sonora, M\u00e9xico y el Mundo de manera oportuna y busca que la libertad de expresi\u00f3n sea real. Visita nuestro medio informativo publicado desde Hermosillo, Sonora. %\" \/>\n<meta name=\"robots\" content=\"index, follow, max-snippet:-1, max-image-preview:large, max-video-preview:-1\" \/>\n<link rel=\"canonical\" href=\"https:\/\/www.sonoraenequipo.com.mx\/llaman-a-mejorar-la-gestion-del-agua-en-un-contexto-de-sequia\/\" \/>\n<meta property=\"og:locale\" content=\"es_ES\" \/>\n<meta property=\"og:type\" content=\"article\" \/>\n<meta property=\"og:title\" content=\"Sonora en Equipo. Llaman a mejorar la gesti\u00f3n del agua en un contexto de sequ\u00eda Ciencia y Tecnolog\u00eda\" \/>\n<meta property=\"og:description\" content=\"HERMOSILLO, SONORA, MX.\u02d7\u02d7\u02d7 Teniendo como marco el D\u00eda Mundial del Agua, un grupo de acad\u00e9micos, expertos, activistas e integrantes de la Mesa de Agua de En Sonora en Equipo publicamos toda la informaci\u00f3n de Sonora, M\u00e9xico y el Mundo de manera oportuna y busca que la libertad de expresi\u00f3n sea real. Visita nuestro medio informativo publicado desde Hermosillo, Sonora. %\" \/>\n<meta property=\"og:url\" content=\"https:\/\/www.sonoraenequipo.com.mx\/llaman-a-mejorar-la-gestion-del-agua-en-un-contexto-de-sequia\/\" \/>\n<meta property=\"og:site_name\" content=\"Sonora en Equipo.\" \/>\n<meta property=\"article:publisher\" content=\"https:\/\/www.facebook.com\/SonoraEE\/\" \/>\n<meta property=\"article:author\" content=\"https:\/\/www.facebook.com\/SonoraEE\" \/>\n<meta property=\"article:published_time\" content=\"2024-03-21T20:18:30+00:00\" \/>\n<meta property=\"article:modified_time\" content=\"2024-03-21T20:47:48+00:00\" \/>\n<meta property=\"og:image\" content=\"https:\/\/www.sonoraenequipo.com.mx\/storage\/2024\/03\/lago-Patzcuaro-Michoacan-min.jpg\" \/>\n\t<meta property=\"og:image:width\" content=\"900\" \/>\n\t<meta property=\"og:image:height\" content=\"600\" \/>\n\t<meta property=\"og:image:type\" content=\"image\/jpeg\" \/>\n<meta name=\"author\" content=\"enequipo\" \/>\n<meta name=\"twitter:card\" content=\"summary_large_image\" \/>\n<meta name=\"twitter:creator\" content=\"@sonoraenequipo\" \/>\n<meta name=\"twitter:site\" content=\"@sonoraenequipo\" \/>\n<meta name=\"twitter:label1\" content=\"Escrito por\" \/>\n\t<meta name=\"twitter:data1\" content=\"enequipo\" \/>\n\t<meta name=\"twitter:label2\" content=\"Tiempo de lectura\" \/>\n\t<meta name=\"twitter:data2\" content=\"4 minutos\" \/>\n<script type=\"application\/ld+json\" class=\"yoast-schema-graph\">{\"@context\":\"https:\/\/schema.org\",\"@graph\":[{\"@type\":\"Article\",\"@id\":\"https:\/\/www.sonoraenequipo.com.mx\/llaman-a-mejorar-la-gestion-del-agua-en-un-contexto-de-sequia\/#article\",\"isPartOf\":{\"@id\":\"https:\/\/www.sonoraenequipo.com.mx\/llaman-a-mejorar-la-gestion-del-agua-en-un-contexto-de-sequia\/\"},\"author\":{\"name\":\"enequipo\",\"@id\":\"https:\/\/www.sonoraenequipo.com.mx\/#\/schema\/person\/50102df0fb23a8fa9e8effad8fa81386\"},\"headline\":\"Llaman a mejorar la gesti\u00f3n del agua en un contexto de sequ\u00eda\",\"datePublished\":\"2024-03-21T20:18:30+00:00\",\"dateModified\":\"2024-03-21T20:47:48+00:00\",\"mainEntityOfPage\":{\"@id\":\"https:\/\/www.sonoraenequipo.com.mx\/llaman-a-mejorar-la-gestion-del-agua-en-un-contexto-de-sequia\/\"},\"wordCount\":792,\"commentCount\":0,\"publisher\":{\"@id\":\"https:\/\/www.sonoraenequipo.com.mx\/#organization\"},\"image\":{\"@id\":\"https:\/\/www.sonoraenequipo.com.mx\/llaman-a-mejorar-la-gestion-del-agua-en-un-contexto-de-sequia\/#primaryimage\"},\"thumbnailUrl\":\"https:\/\/www.sonoraenequipo.com.mx\/storage\/2024\/03\/lago-Patzcuaro-Michoacan-min.jpg\",\"articleSection\":[\"Ciencia y Tecnolog\u00eda\"],\"inLanguage\":\"es\",\"potentialAction\":[{\"@type\":\"CommentAction\",\"name\":\"Comment\",\"target\":[\"https:\/\/www.sonoraenequipo.com.mx\/llaman-a-mejorar-la-gestion-del-agua-en-un-contexto-de-sequia\/#respond\"]}]},{\"@type\":\"WebPage\",\"@id\":\"https:\/\/www.sonoraenequipo.com.mx\/llaman-a-mejorar-la-gestion-del-agua-en-un-contexto-de-sequia\/\",\"url\":\"https:\/\/www.sonoraenequipo.com.mx\/llaman-a-mejorar-la-gestion-del-agua-en-un-contexto-de-sequia\/\",\"name\":\"Sonora en Equipo. Llaman a mejorar la gesti\u00f3n del agua en un contexto de sequ\u00eda Ciencia y Tecnolog\u00eda\",\"isPartOf\":{\"@id\":\"https:\/\/www.sonoraenequipo.com.mx\/#website\"},\"primaryImageOfPage\":{\"@id\":\"https:\/\/www.sonoraenequipo.com.mx\/llaman-a-mejorar-la-gestion-del-agua-en-un-contexto-de-sequia\/#primaryimage\"},\"image\":{\"@id\":\"https:\/\/www.sonoraenequipo.com.mx\/llaman-a-mejorar-la-gestion-del-agua-en-un-contexto-de-sequia\/#primaryimage\"},\"thumbnailUrl\":\"https:\/\/www.sonoraenequipo.com.mx\/storage\/2024\/03\/lago-Patzcuaro-Michoacan-min.jpg\",\"datePublished\":\"2024-03-21T20:18:30+00:00\",\"dateModified\":\"2024-03-21T20:47:48+00:00\",\"description\":\"HERMOSILLO, SONORA, MX.\u02d7\u02d7\u02d7 Teniendo como marco el D\u00eda Mundial del Agua, un grupo de acad\u00e9micos, expertos, activistas e integrantes de la Mesa de Agua de En Sonora en Equipo publicamos toda la informaci\u00f3n de Sonora, M\u00e9xico y el Mundo de manera oportuna y busca que la libertad de expresi\u00f3n sea real. Visita nuestro medio informativo publicado desde Hermosillo, Sonora. %\",\"breadcrumb\":{\"@id\":\"https:\/\/www.sonoraenequipo.com.mx\/llaman-a-mejorar-la-gestion-del-agua-en-un-contexto-de-sequia\/#breadcrumb\"},\"inLanguage\":\"es\",\"potentialAction\":[{\"@type\":\"ReadAction\",\"target\":[\"https:\/\/www.sonoraenequipo.com.mx\/llaman-a-mejorar-la-gestion-del-agua-en-un-contexto-de-sequia\/\"]}]},{\"@type\":\"ImageObject\",\"inLanguage\":\"es\",\"@id\":\"https:\/\/www.sonoraenequipo.com.mx\/llaman-a-mejorar-la-gestion-del-agua-en-un-contexto-de-sequia\/#primaryimage\",\"url\":\"https:\/\/www.sonoraenequipo.com.mx\/storage\/2024\/03\/lago-Patzcuaro-Michoacan-min.jpg\",\"contentUrl\":\"https:\/\/www.sonoraenequipo.com.mx\/storage\/2024\/03\/lago-Patzcuaro-Michoacan-min.jpg\",\"width\":900,\"height\":600},{\"@type\":\"BreadcrumbList\",\"@id\":\"https:\/\/www.sonoraenequipo.com.mx\/llaman-a-mejorar-la-gestion-del-agua-en-un-contexto-de-sequia\/#breadcrumb\",\"itemListElement\":[{\"@type\":\"ListItem\",\"position\":1,\"name\":\"Portada\",\"item\":\"https:\/\/www.sonoraenequipo.com.mx\/\"},{\"@type\":\"ListItem\",\"position\":2,\"name\":\"Llaman a mejorar la gesti\u00f3n del agua en un contexto de sequ\u00eda\"}]},{\"@type\":\"WebSite\",\"@id\":\"https:\/\/www.sonoraenequipo.com.mx\/#website\",\"url\":\"https:\/\/www.sonoraenequipo.com.mx\/\",\"name\":\"Sonora en Equipo.\",\"description\":\"Diario en l\u00ednea con Noticias desde Hermosillo, Sonora\",\"publisher\":{\"@id\":\"https:\/\/www.sonoraenequipo.com.mx\/#organization\"},\"potentialAction\":[{\"@type\":\"SearchAction\",\"target\":{\"@type\":\"EntryPoint\",\"urlTemplate\":\"https:\/\/www.sonoraenequipo.com.mx\/?s={search_term_string}\"},\"query-input\":{\"@type\":\"PropertyValueSpecification\",\"valueRequired\":true,\"valueName\":\"search_term_string\"}}],\"inLanguage\":\"es\"},{\"@type\":\"Organization\",\"@id\":\"https:\/\/www.sonoraenequipo.com.mx\/#organization\",\"name\":\"Sonoraenequipo.com.mx\",\"url\":\"https:\/\/www.sonoraenequipo.com.mx\/\",\"logo\":{\"@type\":\"ImageObject\",\"inLanguage\":\"es\",\"@id\":\"https:\/\/www.sonoraenequipo.com.mx\/#\/schema\/logo\/image\/\",\"url\":\"https:\/\/www.sonoraenequipo.com.mx\/storage\/2019\/01\/sonoraenequipo_opt.png\",\"contentUrl\":\"https:\/\/www.sonoraenequipo.com.mx\/storage\/2019\/01\/sonoraenequipo_opt.png\",\"width\":375,\"height\":125,\"caption\":\"Sonoraenequipo.com.mx\"},\"image\":{\"@id\":\"https:\/\/www.sonoraenequipo.com.mx\/#\/schema\/logo\/image\/\"},\"sameAs\":[\"https:\/\/www.facebook.com\/SonoraEE\/\",\"https:\/\/x.com\/sonoraenequipo\",\"https:\/\/www.youtube.com\/channel\/UC338nW-lPEYmJQs4ZABQ1SQ\"]},{\"@type\":\"Person\",\"@id\":\"https:\/\/www.sonoraenequipo.com.mx\/#\/schema\/person\/50102df0fb23a8fa9e8effad8fa81386\",\"name\":\"enequipo\",\"image\":{\"@type\":\"ImageObject\",\"inLanguage\":\"es\",\"@id\":\"https:\/\/www.sonoraenequipo.com.mx\/#\/schema\/person\/image\/\",\"url\":\"https:\/\/secure.gravatar.com\/avatar\/049821681b589dabc0bc20695993ccebb09f5b5d4d790cd9251b97faac7c652b?s=96&d=blank&r=g\",\"contentUrl\":\"https:\/\/secure.gravatar.com\/avatar\/049821681b589dabc0bc20695993ccebb09f5b5d4d790cd9251b97faac7c652b?s=96&d=blank&r=g\",\"caption\":\"enequipo\"},\"sameAs\":[\"https:\/\/www.facebook.com\/SonoraEE\"]}]}<\/script>\n ","yoast_head_json":{"title":"Sonora en Equipo. Llaman a mejorar la gesti\u00f3n del agua en un contexto de sequ\u00eda Ciencia y Tecnolog\u00eda","description":"HERMOSILLO, SONORA, MX.\u02d7\u02d7\u02d7 Teniendo como marco el D\u00eda Mundial del Agua, un grupo de acad\u00e9micos, expertos, activistas e integrantes de la Mesa de Agua de En Sonora en Equipo publicamos toda la informaci\u00f3n de Sonora, M\u00e9xico y el Mundo de manera oportuna y busca que la libertad de expresi\u00f3n sea real. Visita nuestro medio informativo publicado desde Hermosillo, Sonora. %","robots":{"index":"index","follow":"follow","max-snippet":"max-snippet:-1","max-image-preview":"max-image-preview:large","max-video-preview":"max-video-preview:-1"},"canonical":"https:\/\/www.sonoraenequipo.com.mx\/llaman-a-mejorar-la-gestion-del-agua-en-un-contexto-de-sequia\/","og_locale":"es_ES","og_type":"article","og_title":"Sonora en Equipo. Llaman a mejorar la gesti\u00f3n del agua en un contexto de sequ\u00eda Ciencia y Tecnolog\u00eda","og_description":"HERMOSILLO, SONORA, MX.\u02d7\u02d7\u02d7 Teniendo como marco el D\u00eda Mundial del Agua, un grupo de acad\u00e9micos, expertos, activistas e integrantes de la Mesa de Agua de En Sonora en Equipo publicamos toda la informaci\u00f3n de Sonora, M\u00e9xico y el Mundo de manera oportuna y busca que la libertad de expresi\u00f3n sea real. Visita nuestro medio informativo publicado desde Hermosillo, Sonora. %","og_url":"https:\/\/www.sonoraenequipo.com.mx\/llaman-a-mejorar-la-gestion-del-agua-en-un-contexto-de-sequia\/","og_site_name":"Sonora en Equipo.","article_publisher":"https:\/\/www.facebook.com\/SonoraEE\/","article_author":"https:\/\/www.facebook.com\/SonoraEE","article_published_time":"2024-03-21T20:18:30+00:00","article_modified_time":"2024-03-21T20:47:48+00:00","og_image":[{"width":900,"height":600,"url":"https:\/\/www.sonoraenequipo.com.mx\/storage\/2024\/03\/lago-Patzcuaro-Michoacan-min.jpg","type":"image\/jpeg"}],"author":"enequipo","twitter_card":"summary_large_image","twitter_creator":"@sonoraenequipo","twitter_site":"@sonoraenequipo","twitter_misc":{"Escrito por":"enequipo","Tiempo de lectura":"4 minutos"},"schema":{"@context":"https:\/\/schema.org","@graph":[{"@type":"Article","@id":"https:\/\/www.sonoraenequipo.com.mx\/llaman-a-mejorar-la-gestion-del-agua-en-un-contexto-de-sequia\/#article","isPartOf":{"@id":"https:\/\/www.sonoraenequipo.com.mx\/llaman-a-mejorar-la-gestion-del-agua-en-un-contexto-de-sequia\/"},"author":{"name":"enequipo","@id":"https:\/\/www.sonoraenequipo.com.mx\/#\/schema\/person\/50102df0fb23a8fa9e8effad8fa81386"},"headline":"Llaman a mejorar la gesti\u00f3n del agua en un contexto de sequ\u00eda","datePublished":"2024-03-21T20:18:30+00:00","dateModified":"2024-03-21T20:47:48+00:00","mainEntityOfPage":{"@id":"https:\/\/www.sonoraenequipo.com.mx\/llaman-a-mejorar-la-gestion-del-agua-en-un-contexto-de-sequia\/"},"wordCount":792,"commentCount":0,"publisher":{"@id":"https:\/\/www.sonoraenequipo.com.mx\/#organization"},"image":{"@id":"https:\/\/www.sonoraenequipo.com.mx\/llaman-a-mejorar-la-gestion-del-agua-en-un-contexto-de-sequia\/#primaryimage"},"thumbnailUrl":"https:\/\/www.sonoraenequipo.com.mx\/storage\/2024\/03\/lago-Patzcuaro-Michoacan-min.jpg","articleSection":["Ciencia y Tecnolog\u00eda"],"inLanguage":"es","potentialAction":[{"@type":"CommentAction","name":"Comment","target":["https:\/\/www.sonoraenequipo.com.mx\/llaman-a-mejorar-la-gestion-del-agua-en-un-contexto-de-sequia\/#respond"]}]},{"@type":"WebPage","@id":"https:\/\/www.sonoraenequipo.com.mx\/llaman-a-mejorar-la-gestion-del-agua-en-un-contexto-de-sequia\/","url":"https:\/\/www.sonoraenequipo.com.mx\/llaman-a-mejorar-la-gestion-del-agua-en-un-contexto-de-sequia\/","name":"Sonora en Equipo. Llaman a mejorar la gesti\u00f3n del agua en un contexto de sequ\u00eda Ciencia y Tecnolog\u00eda","isPartOf":{"@id":"https:\/\/www.sonoraenequipo.com.mx\/#website"},"primaryImageOfPage":{"@id":"https:\/\/www.sonoraenequipo.com.mx\/llaman-a-mejorar-la-gestion-del-agua-en-un-contexto-de-sequia\/#primaryimage"},"image":{"@id":"https:\/\/www.sonoraenequipo.com.mx\/llaman-a-mejorar-la-gestion-del-agua-en-un-contexto-de-sequia\/#primaryimage"},"thumbnailUrl":"https:\/\/www.sonoraenequipo.com.mx\/storage\/2024\/03\/lago-Patzcuaro-Michoacan-min.jpg","datePublished":"2024-03-21T20:18:30+00:00","dateModified":"2024-03-21T20:47:48+00:00","description":"HERMOSILLO, SONORA, MX.\u02d7\u02d7\u02d7 Teniendo como marco el D\u00eda Mundial del Agua, un grupo de acad\u00e9micos, expertos, activistas e integrantes de la Mesa de Agua de En Sonora en Equipo publicamos toda la informaci\u00f3n de Sonora, M\u00e9xico y el Mundo de manera oportuna y busca que la libertad de expresi\u00f3n sea real. Visita nuestro medio informativo publicado desde Hermosillo, Sonora. %","breadcrumb":{"@id":"https:\/\/www.sonoraenequipo.com.mx\/llaman-a-mejorar-la-gestion-del-agua-en-un-contexto-de-sequia\/#breadcrumb"},"inLanguage":"es","potentialAction":[{"@type":"ReadAction","target":["https:\/\/www.sonoraenequipo.com.mx\/llaman-a-mejorar-la-gestion-del-agua-en-un-contexto-de-sequia\/"]}]},{"@type":"ImageObject","inLanguage":"es","@id":"https:\/\/www.sonoraenequipo.com.mx\/llaman-a-mejorar-la-gestion-del-agua-en-un-contexto-de-sequia\/#primaryimage","url":"https:\/\/www.sonoraenequipo.com.mx\/storage\/2024\/03\/lago-Patzcuaro-Michoacan-min.jpg","contentUrl":"https:\/\/www.sonoraenequipo.com.mx\/storage\/2024\/03\/lago-Patzcuaro-Michoacan-min.jpg","width":900,"height":600},{"@type":"BreadcrumbList","@id":"https:\/\/www.sonoraenequipo.com.mx\/llaman-a-mejorar-la-gestion-del-agua-en-un-contexto-de-sequia\/#breadcrumb","itemListElement":[{"@type":"ListItem","position":1,"name":"Portada","item":"https:\/\/www.sonoraenequipo.com.mx\/"},{"@type":"ListItem","position":2,"name":"Llaman a mejorar la gesti\u00f3n del agua en un contexto de sequ\u00eda"}]},{"@type":"WebSite","@id":"https:\/\/www.sonoraenequipo.com.mx\/#website","url":"https:\/\/www.sonoraenequipo.com.mx\/","name":"Sonora en Equipo.","description":"Diario en l\u00ednea con Noticias desde Hermosillo, Sonora","publisher":{"@id":"https:\/\/www.sonoraenequipo.com.mx\/#organization"},"potentialAction":[{"@type":"SearchAction","target":{"@type":"EntryPoint","urlTemplate":"https:\/\/www.sonoraenequipo.com.mx\/?s={search_term_string}"},"query-input":{"@type":"PropertyValueSpecification","valueRequired":true,"valueName":"search_term_string"}}],"inLanguage":"es"},{"@type":"Organization","@id":"https:\/\/www.sonoraenequipo.com.mx\/#organization","name":"Sonoraenequipo.com.mx","url":"https:\/\/www.sonoraenequipo.com.mx\/","logo":{"@type":"ImageObject","inLanguage":"es","@id":"https:\/\/www.sonoraenequipo.com.mx\/#\/schema\/logo\/image\/","url":"https:\/\/www.sonoraenequipo.com.mx\/storage\/2019\/01\/sonoraenequipo_opt.png","contentUrl":"https:\/\/www.sonoraenequipo.com.mx\/storage\/2019\/01\/sonoraenequipo_opt.png","width":375,"height":125,"caption":"Sonoraenequipo.com.mx"},"image":{"@id":"https:\/\/www.sonoraenequipo.com.mx\/#\/schema\/logo\/image\/"},"sameAs":["https:\/\/www.facebook.com\/SonoraEE\/","https:\/\/x.com\/sonoraenequipo","https:\/\/www.youtube.com\/channel\/UC338nW-lPEYmJQs4ZABQ1SQ"]},{"@type":"Person","@id":"https:\/\/www.sonoraenequipo.com.mx\/#\/schema\/person\/50102df0fb23a8fa9e8effad8fa81386","name":"enequipo","image":{"@type":"ImageObject","inLanguage":"es","@id":"https:\/\/www.sonoraenequipo.com.mx\/#\/schema\/person\/image\/","url":"https:\/\/secure.gravatar.com\/avatar\/049821681b589dabc0bc20695993ccebb09f5b5d4d790cd9251b97faac7c652b?s=96&d=blank&r=g","contentUrl":"https:\/\/secure.gravatar.com\/avatar\/049821681b589dabc0bc20695993ccebb09f5b5d4d790cd9251b97faac7c652b?s=96&d=blank&r=g","caption":"enequipo"},"sameAs":["https:\/\/www.facebook.com\/SonoraEE"]}]}},"jetpack_featured_media_url":"https:\/\/www.sonoraenequipo.com.mx\/storage\/2024\/03\/lago-Patzcuaro-Michoacan-min.jpg","_links":{"self":[{"href":"https:\/\/www.sonoraenequipo.com.mx\/api\/wp\/v2\/posts\/185977","targetHints":{"allow":["GET"]}}],"collection":[{"href":"https:\/\/www.sonoraenequipo.com.mx\/api\/wp\/v2\/posts"}],"about":[{"href":"https:\/\/www.sonoraenequipo.com.mx\/api\/wp\/v2\/types\/post"}],"author":[{"embeddable":true,"href":"https:\/\/www.sonoraenequipo.com.mx\/api\/wp\/v2\/users\/1"}],"replies":[{"embeddable":true,"href":"https:\/\/www.sonoraenequipo.com.mx\/api\/wp\/v2\/comments?post=185977"}],"version-history":[{"count":2,"href":"https:\/\/www.sonoraenequipo.com.mx\/api\/wp\/v2\/posts\/185977\/revisions"}],"predecessor-version":[{"id":185986,"href":"https:\/\/www.sonoraenequipo.com.mx\/api\/wp\/v2\/posts\/185977\/revisions\/185986"}],"wp:featuredmedia":[{"embeddable":true,"href":"https:\/\/www.sonoraenequipo.com.mx\/api\/wp\/v2\/media\/185833"}],"wp:attachment":[{"href":"https:\/\/www.sonoraenequipo.com.mx\/api\/wp\/v2\/media?parent=185977"}],"wp:term":[{"taxonomy":"category","embeddable":true,"href":"https:\/\/www.sonoraenequipo.com.mx\/api\/wp\/v2\/categories?post=185977"},{"taxonomy":"post_tag","embeddable":true,"href":"https:\/\/www.sonoraenequipo.com.mx\/api\/wp\/v2\/tags?post=185977"}],"curies":[{"name":"wp","href":"https:\/\/api.w.org\/{rel}","templated":true}]}}