{"id":185987,"date":"2024-03-21T13:52:03","date_gmt":"2024-03-21T20:52:03","guid":{"rendered":"https:\/\/www.sonoraenequipo.com.mx\/?p=185987"},"modified":"2024-03-21T13:52:03","modified_gmt":"2024-03-21T20:52:03","slug":"conmemoran-en-cajeme-el-218-aniversario-del-natalicio-de-benito-juarez","status":"publish","type":"post","link":"https:\/\/www.sonoraenequipo.com.mx\/conmemoran-en-cajeme-el-218-aniversario-del-natalicio-de-benito-juarez\/","title":{"rendered":"Conmemoran en Cajeme el 218 aniversario del natalicio de Benito Ju\u00e1rez"},"content":{"rendered":"<p><strong>CAJEME, SONORA, MX.\u02d7\u02d7\u02d7 <\/strong>A trav\u00e9s de una ceremonia c\u00edvica en el monumento erigido al Benem\u00e9rito de las Am\u00e9ricas se conmemor\u00f3 el 218 aniversario del natalicio de Benito Ju\u00e1rez.<\/p>\n<p>&nbsp;<\/p>\n<p>Para iniciar el acto protocolario se llev\u00f3 a cabo Honores a la Bandera y la entonaci\u00f3n del Himno Nacional con la gallarda participaci\u00f3n de la escolta de Seguridad P\u00fablica y la banda de guerra del 60 Batall\u00f3n de Infanter\u00eda.<\/p>\n<p>&nbsp;<\/p>\n<p>Durante el evento se realizaron semblanzas significativas del Expresidente de M\u00e9xico. Destacaron su frase c\u00e9lebre: \u201cEntre los individuos como entre las naciones, el derecho al respeto ajeno es la paz\u201d.<\/p>\n<p>&nbsp;<\/p>\n<p>Adem\u00e1s de las innumerables contribuciones que hizo Benito Ju\u00e1rez Garc\u00eda, dejando as\u00ed un legado hist\u00f3rico para el pa\u00eds.<\/p>\n<p>&nbsp;<\/p>\n<p>Benito Ju\u00e1rez fue presidente de M\u00e9xico durante el periodo de 1867 &#8211; 1872, contribuyendo al pa\u00eds con las Leyes de Reforma que separaron al Clero del Estado, otorgando laicidad del estado.<\/p>\n<p>&nbsp;<\/p>\n<p>Tambi\u00e9n se le atribuye a Benito Ju\u00e1rez uno de los desarrollos m\u00e1s importantes de M\u00e9xico durante su gesti\u00f3n, y quien estuvo a favor de la igualdad y los derechos humanos.<\/p>\n<p>&nbsp;<\/p>\n<p>Al igual que la fundaci\u00f3n de escuelas normales, la reorganizaci\u00f3n de la Guardia Nacional, entre otros.<\/p>\n<p><strong>Fecha de publicaci\u00f3n<\/strong><strong> jueves 21 de marzo de 2024<\/strong><\/p>\n","protected":false},"excerpt":{"rendered":"<p>CAJEME, SONORA, MX.\u02d7\u02d7\u02d7 A trav\u00e9s de una ceremonia c\u00edvica en el monumento erigido al Benem\u00e9rito&#8230;<\/p>\n","protected":false},"author":1,"featured_media":185988,"comment_status":"open","ping_status":"open","sticky":false,"template":"","format":"standard","meta":{"_monsterinsights_skip_tracking":false,"_monsterinsights_sitenote_active":false,"_monsterinsights_sitenote_note":"","_monsterinsights_sitenote_category":0,"footnotes":""},"categories":[4],"tags":[4919],"class_list":["post"],"yoast_head":" \n<title>Sonora en Equipo. Conmemoran en Cajeme el 218 aniversario del natalicio de Benito Ju\u00e1rez Municipios<\/title>\n<meta name=\"description\" content=\"CAJEME, SONORA, MX.\u02d7\u02d7\u02d7 A trav\u00e9s de una ceremonia c\u00edvica en el monumento erigido al Benem\u00e9rito de las Am\u00e9ricas se conmemor\u00f3 el 218 aniversario del En Sonora en Equipo publicamos toda la informaci\u00f3n de Sonora, M\u00e9xico y el Mundo de manera oportuna y busca que la libertad de expresi\u00f3n sea real. Visita nuestro medio informativo publicado desde Hermosillo, Sonora. %\" \/>\n<meta name=\"robots\" content=\"index, follow, max-snippet:-1, max-image-preview:large, max-video-preview:-1\" \/>\n<link rel=\"canonical\" href=\"https:\/\/www.sonoraenequipo.com.mx\/conmemoran-en-cajeme-el-218-aniversario-del-natalicio-de-benito-juarez\/\" \/>\n<meta property=\"og:locale\" content=\"es_ES\" \/>\n<meta property=\"og:type\" content=\"article\" \/>\n<meta property=\"og:title\" content=\"Sonora en Equipo. Conmemoran en Cajeme el 218 aniversario del natalicio de Benito Ju\u00e1rez Municipios\" \/>\n<meta property=\"og:description\" content=\"CAJEME, SONORA, MX.\u02d7\u02d7\u02d7 A trav\u00e9s de una ceremonia c\u00edvica en el monumento erigido al Benem\u00e9rito de las Am\u00e9ricas se conmemor\u00f3 el 218 aniversario del En Sonora en Equipo publicamos toda la informaci\u00f3n de Sonora, M\u00e9xico y el Mundo de manera oportuna y busca que la libertad de expresi\u00f3n sea real. Visita nuestro medio informativo publicado desde Hermosillo, Sonora. %\" \/>\n<meta property=\"og:url\" content=\"https:\/\/www.sonoraenequipo.com.mx\/conmemoran-en-cajeme-el-218-aniversario-del-natalicio-de-benito-juarez\/\" \/>\n<meta property=\"og:site_name\" content=\"Sonora en Equipo.\" \/>\n<meta property=\"article:publisher\" content=\"https:\/\/www.facebook.com\/SonoraEE\/\" \/>\n<meta property=\"article:author\" content=\"https:\/\/www.facebook.com\/SonoraEE\" \/>\n<meta property=\"article:published_time\" content=\"2024-03-21T20:52:03+00:00\" \/>\n<meta property=\"og:image\" content=\"https:\/\/www.sonoraenequipo.com.mx\/storage\/2024\/03\/juarez-conmemoracion.jpg\" \/>\n\t<meta property=\"og:image:width\" content=\"600\" \/>\n\t<meta property=\"og:image:height\" content=\"400\" \/>\n\t<meta property=\"og:image:type\" content=\"image\/jpeg\" \/>\n<meta name=\"author\" content=\"enequipo\" \/>\n<meta name=\"twitter:card\" content=\"summary_large_image\" \/>\n<meta name=\"twitter:creator\" content=\"@sonoraenequipo\" \/>\n<meta name=\"twitter:site\" content=\"@sonoraenequipo\" \/>\n<meta name=\"twitter:label1\" content=\"Escrito por\" \/>\n\t<meta name=\"twitter:data1\" content=\"enequipo\" \/>\n\t<meta name=\"twitter:label2\" content=\"Tiempo de lectura\" \/>\n\t<meta name=\"twitter:data2\" content=\"1 minuto\" \/>\n<script type=\"application\/ld+json\" class=\"yoast-schema-graph\">{\"@context\":\"https:\/\/schema.org\",\"@graph\":[{\"@type\":\"Article\",\"@id\":\"https:\/\/www.sonoraenequipo.com.mx\/conmemoran-en-cajeme-el-218-aniversario-del-natalicio-de-benito-juarez\/#article\",\"isPartOf\":{\"@id\":\"https:\/\/www.sonoraenequipo.com.mx\/conmemoran-en-cajeme-el-218-aniversario-del-natalicio-de-benito-juarez\/\"},\"author\":{\"name\":\"enequipo\",\"@id\":\"https:\/\/www.sonoraenequipo.com.mx\/#\/schema\/person\/50102df0fb23a8fa9e8effad8fa81386\"},\"headline\":\"Conmemoran en Cajeme el 218 aniversario del natalicio de Benito Ju\u00e1rez\",\"datePublished\":\"2024-03-21T20:52:03+00:00\",\"mainEntityOfPage\":{\"@id\":\"https:\/\/www.sonoraenequipo.com.mx\/conmemoran-en-cajeme-el-218-aniversario-del-natalicio-de-benito-juarez\/\"},\"wordCount\":240,\"commentCount\":0,\"publisher\":{\"@id\":\"https:\/\/www.sonoraenequipo.com.mx\/#organization\"},\"image\":{\"@id\":\"https:\/\/www.sonoraenequipo.com.mx\/conmemoran-en-cajeme-el-218-aniversario-del-natalicio-de-benito-juarez\/#primaryimage\"},\"thumbnailUrl\":\"https:\/\/www.sonoraenequipo.com.mx\/storage\/2024\/03\/juarez-conmemoracion.jpg\",\"keywords\":[\"Benito Ju\u00e1rez\"],\"articleSection\":[\"Municipios\"],\"inLanguage\":\"es\",\"potentialAction\":[{\"@type\":\"CommentAction\",\"name\":\"Comment\",\"target\":[\"https:\/\/www.sonoraenequipo.com.mx\/conmemoran-en-cajeme-el-218-aniversario-del-natalicio-de-benito-juarez\/#respond\"]}]},{\"@type\":\"WebPage\",\"@id\":\"https:\/\/www.sonoraenequipo.com.mx\/conmemoran-en-cajeme-el-218-aniversario-del-natalicio-de-benito-juarez\/\",\"url\":\"https:\/\/www.sonoraenequipo.com.mx\/conmemoran-en-cajeme-el-218-aniversario-del-natalicio-de-benito-juarez\/\",\"name\":\"Sonora en Equipo. Conmemoran en Cajeme el 218 aniversario del natalicio de Benito Ju\u00e1rez Municipios\",\"isPartOf\":{\"@id\":\"https:\/\/www.sonoraenequipo.com.mx\/#website\"},\"primaryImageOfPage\":{\"@id\":\"https:\/\/www.sonoraenequipo.com.mx\/conmemoran-en-cajeme-el-218-aniversario-del-natalicio-de-benito-juarez\/#primaryimage\"},\"image\":{\"@id\":\"https:\/\/www.sonoraenequipo.com.mx\/conmemoran-en-cajeme-el-218-aniversario-del-natalicio-de-benito-juarez\/#primaryimage\"},\"thumbnailUrl\":\"https:\/\/www.sonoraenequipo.com.mx\/storage\/2024\/03\/juarez-conmemoracion.jpg\",\"datePublished\":\"2024-03-21T20:52:03+00:00\",\"description\":\"CAJEME, SONORA, MX.\u02d7\u02d7\u02d7 A trav\u00e9s de una ceremonia c\u00edvica en el monumento erigido al Benem\u00e9rito de las Am\u00e9ricas se conmemor\u00f3 el 218 aniversario del En Sonora en Equipo publicamos toda la informaci\u00f3n de Sonora, M\u00e9xico y el Mundo de manera oportuna y busca que la libertad de expresi\u00f3n sea real. Visita nuestro medio informativo publicado desde Hermosillo, Sonora. %\",\"breadcrumb\":{\"@id\":\"https:\/\/www.sonoraenequipo.com.mx\/conmemoran-en-cajeme-el-218-aniversario-del-natalicio-de-benito-juarez\/#breadcrumb\"},\"inLanguage\":\"es\",\"potentialAction\":[{\"@type\":\"ReadAction\",\"target\":[\"https:\/\/www.sonoraenequipo.com.mx\/conmemoran-en-cajeme-el-218-aniversario-del-natalicio-de-benito-juarez\/\"]}]},{\"@type\":\"ImageObject\",\"inLanguage\":\"es\",\"@id\":\"https:\/\/www.sonoraenequipo.com.mx\/conmemoran-en-cajeme-el-218-aniversario-del-natalicio-de-benito-juarez\/#primaryimage\",\"url\":\"https:\/\/www.sonoraenequipo.com.mx\/storage\/2024\/03\/juarez-conmemoracion.jpg\",\"contentUrl\":\"https:\/\/www.sonoraenequipo.com.mx\/storage\/2024\/03\/juarez-conmemoracion.jpg\",\"width\":600,\"height\":400},{\"@type\":\"BreadcrumbList\",\"@id\":\"https:\/\/www.sonoraenequipo.com.mx\/conmemoran-en-cajeme-el-218-aniversario-del-natalicio-de-benito-juarez\/#breadcrumb\",\"itemListElement\":[{\"@type\":\"ListItem\",\"position\":1,\"name\":\"Portada\",\"item\":\"https:\/\/www.sonoraenequipo.com.mx\/\"},{\"@type\":\"ListItem\",\"position\":2,\"name\":\"Conmemoran en Cajeme el 218 aniversario del natalicio de Benito Ju\u00e1rez\"}]},{\"@type\":\"WebSite\",\"@id\":\"https:\/\/www.sonoraenequipo.com.mx\/#website\",\"url\":\"https:\/\/www.sonoraenequipo.com.mx\/\",\"name\":\"Sonora en Equipo.\",\"description\":\"Diario en l\u00ednea con Noticias desde Hermosillo, Sonora\",\"publisher\":{\"@id\":\"https:\/\/www.sonoraenequipo.com.mx\/#organization\"},\"potentialAction\":[{\"@type\":\"SearchAction\",\"target\":{\"@type\":\"EntryPoint\",\"urlTemplate\":\"https:\/\/www.sonoraenequipo.com.mx\/?s={search_term_string}\"},\"query-input\":{\"@type\":\"PropertyValueSpecification\",\"valueRequired\":true,\"valueName\":\"search_term_string\"}}],\"inLanguage\":\"es\"},{\"@type\":\"Organization\",\"@id\":\"https:\/\/www.sonoraenequipo.com.mx\/#organization\",\"name\":\"Sonoraenequipo.com.mx\",\"url\":\"https:\/\/www.sonoraenequipo.com.mx\/\",\"logo\":{\"@type\":\"ImageObject\",\"inLanguage\":\"es\",\"@id\":\"https:\/\/www.sonoraenequipo.com.mx\/#\/schema\/logo\/image\/\",\"url\":\"https:\/\/www.sonoraenequipo.com.mx\/storage\/2019\/01\/sonoraenequipo_opt.png\",\"contentUrl\":\"https:\/\/www.sonoraenequipo.com.mx\/storage\/2019\/01\/sonoraenequipo_opt.png\",\"width\":375,\"height\":125,\"caption\":\"Sonoraenequipo.com.mx\"},\"image\":{\"@id\":\"https:\/\/www.sonoraenequipo.com.mx\/#\/schema\/logo\/image\/\"},\"sameAs\":[\"https:\/\/www.facebook.com\/SonoraEE\/\",\"https:\/\/x.com\/sonoraenequipo\",\"https:\/\/www.youtube.com\/channel\/UC338nW-lPEYmJQs4ZABQ1SQ\"]},{\"@type\":\"Person\",\"@id\":\"https:\/\/www.sonoraenequipo.com.mx\/#\/schema\/person\/50102df0fb23a8fa9e8effad8fa81386\",\"name\":\"enequipo\",\"image\":{\"@type\":\"ImageObject\",\"inLanguage\":\"es\",\"@id\":\"https:\/\/www.sonoraenequipo.com.mx\/#\/schema\/person\/image\/\",\"url\":\"https:\/\/secure.gravatar.com\/avatar\/049821681b589dabc0bc20695993ccebb09f5b5d4d790cd9251b97faac7c652b?s=96&d=blank&r=g\",\"contentUrl\":\"https:\/\/secure.gravatar.com\/avatar\/049821681b589dabc0bc20695993ccebb09f5b5d4d790cd9251b97faac7c652b?s=96&d=blank&r=g\",\"caption\":\"enequipo\"},\"sameAs\":[\"https:\/\/www.facebook.com\/SonoraEE\"]}]}<\/script>\n ","yoast_head_json":{"title":"Sonora en Equipo. Conmemoran en Cajeme el 218 aniversario del natalicio de Benito Ju\u00e1rez Municipios","description":"CAJEME, SONORA, MX.\u02d7\u02d7\u02d7 A trav\u00e9s de una ceremonia c\u00edvica en el monumento erigido al Benem\u00e9rito de las Am\u00e9ricas se conmemor\u00f3 el 218 aniversario del En Sonora en Equipo publicamos toda la informaci\u00f3n de Sonora, M\u00e9xico y el Mundo de manera oportuna y busca que la libertad de expresi\u00f3n sea real. Visita nuestro medio informativo publicado desde Hermosillo, Sonora. %","robots":{"index":"index","follow":"follow","max-snippet":"max-snippet:-1","max-image-preview":"max-image-preview:large","max-video-preview":"max-video-preview:-1"},"canonical":"https:\/\/www.sonoraenequipo.com.mx\/conmemoran-en-cajeme-el-218-aniversario-del-natalicio-de-benito-juarez\/","og_locale":"es_ES","og_type":"article","og_title":"Sonora en Equipo. Conmemoran en Cajeme el 218 aniversario del natalicio de Benito Ju\u00e1rez Municipios","og_description":"CAJEME, SONORA, MX.\u02d7\u02d7\u02d7 A trav\u00e9s de una ceremonia c\u00edvica en el monumento erigido al Benem\u00e9rito de las Am\u00e9ricas se conmemor\u00f3 el 218 aniversario del En Sonora en Equipo publicamos toda la informaci\u00f3n de Sonora, M\u00e9xico y el Mundo de manera oportuna y busca que la libertad de expresi\u00f3n sea real. Visita nuestro medio informativo publicado desde Hermosillo, Sonora. %","og_url":"https:\/\/www.sonoraenequipo.com.mx\/conmemoran-en-cajeme-el-218-aniversario-del-natalicio-de-benito-juarez\/","og_site_name":"Sonora en Equipo.","article_publisher":"https:\/\/www.facebook.com\/SonoraEE\/","article_author":"https:\/\/www.facebook.com\/SonoraEE","article_published_time":"2024-03-21T20:52:03+00:00","og_image":[{"width":600,"height":400,"url":"https:\/\/www.sonoraenequipo.com.mx\/storage\/2024\/03\/juarez-conmemoracion.jpg","type":"image\/jpeg"}],"author":"enequipo","twitter_card":"summary_large_image","twitter_creator":"@sonoraenequipo","twitter_site":"@sonoraenequipo","twitter_misc":{"Escrito por":"enequipo","Tiempo de lectura":"1 minuto"},"schema":{"@context":"https:\/\/schema.org","@graph":[{"@type":"Article","@id":"https:\/\/www.sonoraenequipo.com.mx\/conmemoran-en-cajeme-el-218-aniversario-del-natalicio-de-benito-juarez\/#article","isPartOf":{"@id":"https:\/\/www.sonoraenequipo.com.mx\/conmemoran-en-cajeme-el-218-aniversario-del-natalicio-de-benito-juarez\/"},"author":{"name":"enequipo","@id":"https:\/\/www.sonoraenequipo.com.mx\/#\/schema\/person\/50102df0fb23a8fa9e8effad8fa81386"},"headline":"Conmemoran en Cajeme el 218 aniversario del natalicio de Benito Ju\u00e1rez","datePublished":"2024-03-21T20:52:03+00:00","mainEntityOfPage":{"@id":"https:\/\/www.sonoraenequipo.com.mx\/conmemoran-en-cajeme-el-218-aniversario-del-natalicio-de-benito-juarez\/"},"wordCount":240,"commentCount":0,"publisher":{"@id":"https:\/\/www.sonoraenequipo.com.mx\/#organization"},"image":{"@id":"https:\/\/www.sonoraenequipo.com.mx\/conmemoran-en-cajeme-el-218-aniversario-del-natalicio-de-benito-juarez\/#primaryimage"},"thumbnailUrl":"https:\/\/www.sonoraenequipo.com.mx\/storage\/2024\/03\/juarez-conmemoracion.jpg","keywords":["Benito Ju\u00e1rez"],"articleSection":["Municipios"],"inLanguage":"es","potentialAction":[{"@type":"CommentAction","name":"Comment","target":["https:\/\/www.sonoraenequipo.com.mx\/conmemoran-en-cajeme-el-218-aniversario-del-natalicio-de-benito-juarez\/#respond"]}]},{"@type":"WebPage","@id":"https:\/\/www.sonoraenequipo.com.mx\/conmemoran-en-cajeme-el-218-aniversario-del-natalicio-de-benito-juarez\/","url":"https:\/\/www.sonoraenequipo.com.mx\/conmemoran-en-cajeme-el-218-aniversario-del-natalicio-de-benito-juarez\/","name":"Sonora en Equipo. Conmemoran en Cajeme el 218 aniversario del natalicio de Benito Ju\u00e1rez Municipios","isPartOf":{"@id":"https:\/\/www.sonoraenequipo.com.mx\/#website"},"primaryImageOfPage":{"@id":"https:\/\/www.sonoraenequipo.com.mx\/conmemoran-en-cajeme-el-218-aniversario-del-natalicio-de-benito-juarez\/#primaryimage"},"image":{"@id":"https:\/\/www.sonoraenequipo.com.mx\/conmemoran-en-cajeme-el-218-aniversario-del-natalicio-de-benito-juarez\/#primaryimage"},"thumbnailUrl":"https:\/\/www.sonoraenequipo.com.mx\/storage\/2024\/03\/juarez-conmemoracion.jpg","datePublished":"2024-03-21T20:52:03+00:00","description":"CAJEME, SONORA, MX.\u02d7\u02d7\u02d7 A trav\u00e9s de una ceremonia c\u00edvica en el monumento erigido al Benem\u00e9rito de las Am\u00e9ricas se conmemor\u00f3 el 218 aniversario del En Sonora en Equipo publicamos toda la informaci\u00f3n de Sonora, M\u00e9xico y el Mundo de manera oportuna y busca que la libertad de expresi\u00f3n sea real. Visita nuestro medio informativo publicado desde Hermosillo, Sonora. %","breadcrumb":{"@id":"https:\/\/www.sonoraenequipo.com.mx\/conmemoran-en-cajeme-el-218-aniversario-del-natalicio-de-benito-juarez\/#breadcrumb"},"inLanguage":"es","potentialAction":[{"@type":"ReadAction","target":["https:\/\/www.sonoraenequipo.com.mx\/conmemoran-en-cajeme-el-218-aniversario-del-natalicio-de-benito-juarez\/"]}]},{"@type":"ImageObject","inLanguage":"es","@id":"https:\/\/www.sonoraenequipo.com.mx\/conmemoran-en-cajeme-el-218-aniversario-del-natalicio-de-benito-juarez\/#primaryimage","url":"https:\/\/www.sonoraenequipo.com.mx\/storage\/2024\/03\/juarez-conmemoracion.jpg","contentUrl":"https:\/\/www.sonoraenequipo.com.mx\/storage\/2024\/03\/juarez-conmemoracion.jpg","width":600,"height":400},{"@type":"BreadcrumbList","@id":"https:\/\/www.sonoraenequipo.com.mx\/conmemoran-en-cajeme-el-218-aniversario-del-natalicio-de-benito-juarez\/#breadcrumb","itemListElement":[{"@type":"ListItem","position":1,"name":"Portada","item":"https:\/\/www.sonoraenequipo.com.mx\/"},{"@type":"ListItem","position":2,"name":"Conmemoran en Cajeme el 218 aniversario del natalicio de Benito Ju\u00e1rez"}]},{"@type":"WebSite","@id":"https:\/\/www.sonoraenequipo.com.mx\/#website","url":"https:\/\/www.sonoraenequipo.com.mx\/","name":"Sonora en Equipo.","description":"Diario en l\u00ednea con Noticias desde Hermosillo, Sonora","publisher":{"@id":"https:\/\/www.sonoraenequipo.com.mx\/#organization"},"potentialAction":[{"@type":"SearchAction","target":{"@type":"EntryPoint","urlTemplate":"https:\/\/www.sonoraenequipo.com.mx\/?s={search_term_string}"},"query-input":{"@type":"PropertyValueSpecification","valueRequired":true,"valueName":"search_term_string"}}],"inLanguage":"es"},{"@type":"Organization","@id":"https:\/\/www.sonoraenequipo.com.mx\/#organization","name":"Sonoraenequipo.com.mx","url":"https:\/\/www.sonoraenequipo.com.mx\/","logo":{"@type":"ImageObject","inLanguage":"es","@id":"https:\/\/www.sonoraenequipo.com.mx\/#\/schema\/logo\/image\/","url":"https:\/\/www.sonoraenequipo.com.mx\/storage\/2019\/01\/sonoraenequipo_opt.png","contentUrl":"https:\/\/www.sonoraenequipo.com.mx\/storage\/2019\/01\/sonoraenequipo_opt.png","width":375,"height":125,"caption":"Sonoraenequipo.com.mx"},"image":{"@id":"https:\/\/www.sonoraenequipo.com.mx\/#\/schema\/logo\/image\/"},"sameAs":["https:\/\/www.facebook.com\/SonoraEE\/","https:\/\/x.com\/sonoraenequipo","https:\/\/www.youtube.com\/channel\/UC338nW-lPEYmJQs4ZABQ1SQ"]},{"@type":"Person","@id":"https:\/\/www.sonoraenequipo.com.mx\/#\/schema\/person\/50102df0fb23a8fa9e8effad8fa81386","name":"enequipo","image":{"@type":"ImageObject","inLanguage":"es","@id":"https:\/\/www.sonoraenequipo.com.mx\/#\/schema\/person\/image\/","url":"https:\/\/secure.gravatar.com\/avatar\/049821681b589dabc0bc20695993ccebb09f5b5d4d790cd9251b97faac7c652b?s=96&d=blank&r=g","contentUrl":"https:\/\/secure.gravatar.com\/avatar\/049821681b589dabc0bc20695993ccebb09f5b5d4d790cd9251b97faac7c652b?s=96&d=blank&r=g","caption":"enequipo"},"sameAs":["https:\/\/www.facebook.com\/SonoraEE"]}]}},"jetpack_featured_media_url":"https:\/\/www.sonoraenequipo.com.mx\/storage\/2024\/03\/juarez-conmemoracion.jpg","_links":{"self":[{"href":"https:\/\/www.sonoraenequipo.com.mx\/api\/wp\/v2\/posts\/185987","targetHints":{"allow":["GET"]}}],"collection":[{"href":"https:\/\/www.sonoraenequipo.com.mx\/api\/wp\/v2\/posts"}],"about":[{"href":"https:\/\/www.sonoraenequipo.com.mx\/api\/wp\/v2\/types\/post"}],"author":[{"embeddable":true,"href":"https:\/\/www.sonoraenequipo.com.mx\/api\/wp\/v2\/users\/1"}],"replies":[{"embeddable":true,"href":"https:\/\/www.sonoraenequipo.com.mx\/api\/wp\/v2\/comments?post=185987"}],"version-history":[{"count":1,"href":"https:\/\/www.sonoraenequipo.com.mx\/api\/wp\/v2\/posts\/185987\/revisions"}],"predecessor-version":[{"id":185989,"href":"https:\/\/www.sonoraenequipo.com.mx\/api\/wp\/v2\/posts\/185987\/revisions\/185989"}],"wp:featuredmedia":[{"embeddable":true,"href":"https:\/\/www.sonoraenequipo.com.mx\/api\/wp\/v2\/media\/185988"}],"wp:attachment":[{"href":"https:\/\/www.sonoraenequipo.com.mx\/api\/wp\/v2\/media?parent=185987"}],"wp:term":[{"taxonomy":"category","embeddable":true,"href":"https:\/\/www.sonoraenequipo.com.mx\/api\/wp\/v2\/categories?post=185987"},{"taxonomy":"post_tag","embeddable":true,"href":"https:\/\/www.sonoraenequipo.com.mx\/api\/wp\/v2\/tags?post=185987"}],"curies":[{"name":"wp","href":"https:\/\/api.w.org\/{rel}","templated":true}]}}