{"id":185990,"date":"2024-03-21T14:12:48","date_gmt":"2024-03-21T21:12:48","guid":{"rendered":"https:\/\/www.sonoraenequipo.com.mx\/?p=185990"},"modified":"2024-03-21T14:12:48","modified_gmt":"2024-03-21T21:12:48","slug":"capturado-y-vinculado-por-intento-de-feminicidio-contra-su-exsuegra","status":"publish","type":"post","link":"https:\/\/www.sonoraenequipo.com.mx\/capturado-y-vinculado-por-intento-de-feminicidio-contra-su-exsuegra\/","title":{"rendered":"Capturado y vinculado por intento de feminicidio contra su exsuegra"},"content":{"rendered":"<p><strong>SAN LUIS R\u00cdO COLORADO, SONORA, MX.\u02d7\u02d7\u02d7 <\/strong>Por su probable responsabilidad en el intento de feminicidio de su exsuegra, la Fiscal\u00eda General de Justicia del Estado de Sonora (FGJES) obtuvo de un Juez la vinculaci\u00f3n a proceso para N\u00e9stor Juli\u00e1n \u201cN\u201d con prisi\u00f3n preventiva justificada como medida cautelar.<\/p>\n<p>&nbsp;<\/p>\n<p>Las indagatorias con perspectiva de g\u00e9nero, realizadas para la integraci\u00f3n de la carpeta de investigaci\u00f3n, determinaron que el imputado atac\u00f3 a Bianca Anah\u00ed \u201cN\u201d el 28 de febrero de este a\u00f1o en el municipio de San Ignacio R\u00edo Muerto.<\/p>\n<p>&nbsp;<\/p>\n<p>El sujeto le dio alcance en una motocicleta y la atac\u00f3 con un machete, provoc\u00e1ndole varias heridas en el cuello, brazo izquierdo, abdomen y otras partes del cuerpo. Durante el ataque, le expres\u00f3 que la matar\u00eda, debido a problemas personales.<\/p>\n<p>&nbsp;<\/p>\n<p>La v\u00edctima logr\u00f3 escapar corriendo de la zona y pudo refugiarse en casa de un familiar, donde recibi\u00f3 los primeros auxilios. Posteriormente, fue trasladada para recibir atenci\u00f3n m\u00e9dica y logr\u00f3 salvar la vida.<\/p>\n<p>&nbsp;<\/p>\n<p>Elementos de la Agencia Ministerial de Investigaci\u00f3n Criminal (AMIC) capturaron al sujeto con base en un mandato judicial, posteriormente, fue presentado ante un Juez quien dict\u00f3 la vinculaci\u00f3n a proceso y la prisi\u00f3n preventiva.<\/p>\n<p>&nbsp;<\/p>\n<p>La Fiscal\u00eda General de Justicia del Estado de Sonora (FGJES) reafirma su compromiso de investigar, detener y esclarecer a quienes cometan delitos por raz\u00f3n de g\u00e9nero, garantizando el acceso a la justicia para que las mujeres en la entidad puedan tener una vida libre de violencia.<\/p>\n<p><strong>Fecha de publicaci\u00f3n<\/strong><strong> jueves 21 de marzo de 2024<\/strong><\/p>\n","protected":false},"excerpt":{"rendered":"<p>SAN LUIS R\u00cdO COLORADO, SONORA, MX.\u02d7\u02d7\u02d7 Por su probable responsabilidad en el intento de feminicidio&#8230;<\/p>\n","protected":false},"author":1,"featured_media":185991,"comment_status":"open","ping_status":"open","sticky":false,"template":"","format":"standard","meta":{"_monsterinsights_skip_tracking":false,"_monsterinsights_sitenote_active":false,"_monsterinsights_sitenote_note":"","_monsterinsights_sitenote_category":0,"footnotes":""},"categories":[3144],"tags":[299,7406],"class_list":["post"],"yoast_head":" \n<title>Sonora en Equipo. Capturado y vinculado por intento de feminicidio contra su exsuegra Polic\u00edaca<\/title>\n<meta name=\"description\" content=\"SAN LUIS R\u00cdO COLORADO, SONORA, MX.\u02d7\u02d7\u02d7 Por su probable responsabilidad en el intento de feminicidio de su exsuegra, la Fiscal\u00eda General de Justicia del En Sonora en Equipo publicamos toda la informaci\u00f3n de Sonora, M\u00e9xico y el Mundo de manera oportuna y busca que la libertad de expresi\u00f3n sea real. Visita nuestro medio informativo publicado desde Hermosillo, Sonora. %\" \/>\n<meta name=\"robots\" content=\"index, follow, max-snippet:-1, max-image-preview:large, max-video-preview:-1\" \/>\n<link rel=\"canonical\" href=\"https:\/\/www.sonoraenequipo.com.mx\/capturado-y-vinculado-por-intento-de-feminicidio-contra-su-exsuegra\/\" \/>\n<meta property=\"og:locale\" content=\"es_ES\" \/>\n<meta property=\"og:type\" content=\"article\" \/>\n<meta property=\"og:title\" content=\"Sonora en Equipo. Capturado y vinculado por intento de feminicidio contra su exsuegra Polic\u00edaca\" \/>\n<meta property=\"og:description\" content=\"SAN LUIS R\u00cdO COLORADO, SONORA, MX.\u02d7\u02d7\u02d7 Por su probable responsabilidad en el intento de feminicidio de su exsuegra, la Fiscal\u00eda General de Justicia del En Sonora en Equipo publicamos toda la informaci\u00f3n de Sonora, M\u00e9xico y el Mundo de manera oportuna y busca que la libertad de expresi\u00f3n sea real. Visita nuestro medio informativo publicado desde Hermosillo, Sonora. %\" \/>\n<meta property=\"og:url\" content=\"https:\/\/www.sonoraenequipo.com.mx\/capturado-y-vinculado-por-intento-de-feminicidio-contra-su-exsuegra\/\" \/>\n<meta property=\"og:site_name\" content=\"Sonora en Equipo.\" \/>\n<meta property=\"article:publisher\" content=\"https:\/\/www.facebook.com\/SonoraEE\/\" \/>\n<meta property=\"article:author\" content=\"https:\/\/www.facebook.com\/SonoraEE\" \/>\n<meta property=\"article:published_time\" content=\"2024-03-21T21:12:48+00:00\" \/>\n<meta property=\"og:image\" content=\"https:\/\/www.sonoraenequipo.com.mx\/storage\/2024\/03\/FEMINICIDA-EXSUEGRA.jpg\" \/>\n\t<meta property=\"og:image:width\" content=\"600\" \/>\n\t<meta property=\"og:image:height\" content=\"400\" \/>\n\t<meta property=\"og:image:type\" content=\"image\/jpeg\" \/>\n<meta name=\"author\" content=\"enequipo\" \/>\n<meta name=\"twitter:card\" content=\"summary_large_image\" \/>\n<meta name=\"twitter:creator\" content=\"@sonoraenequipo\" \/>\n<meta name=\"twitter:site\" content=\"@sonoraenequipo\" \/>\n<meta name=\"twitter:label1\" content=\"Escrito por\" \/>\n\t<meta name=\"twitter:data1\" content=\"enequipo\" \/>\n\t<meta name=\"twitter:label2\" content=\"Tiempo de lectura\" \/>\n\t<meta name=\"twitter:data2\" content=\"1 minuto\" \/>\n<script type=\"application\/ld+json\" class=\"yoast-schema-graph\">{\"@context\":\"https:\/\/schema.org\",\"@graph\":[{\"@type\":\"Article\",\"@id\":\"https:\/\/www.sonoraenequipo.com.mx\/capturado-y-vinculado-por-intento-de-feminicidio-contra-su-exsuegra\/#article\",\"isPartOf\":{\"@id\":\"https:\/\/www.sonoraenequipo.com.mx\/capturado-y-vinculado-por-intento-de-feminicidio-contra-su-exsuegra\/\"},\"author\":{\"name\":\"enequipo\",\"@id\":\"https:\/\/www.sonoraenequipo.com.mx\/#\/schema\/person\/50102df0fb23a8fa9e8effad8fa81386\"},\"headline\":\"Capturado y vinculado por intento de feminicidio contra su exsuegra\",\"datePublished\":\"2024-03-21T21:12:48+00:00\",\"mainEntityOfPage\":{\"@id\":\"https:\/\/www.sonoraenequipo.com.mx\/capturado-y-vinculado-por-intento-de-feminicidio-contra-su-exsuegra\/\"},\"wordCount\":283,\"commentCount\":0,\"publisher\":{\"@id\":\"https:\/\/www.sonoraenequipo.com.mx\/#organization\"},\"image\":{\"@id\":\"https:\/\/www.sonoraenequipo.com.mx\/capturado-y-vinculado-por-intento-de-feminicidio-contra-su-exsuegra\/#primaryimage\"},\"thumbnailUrl\":\"https:\/\/www.sonoraenequipo.com.mx\/storage\/2024\/03\/FEMINICIDA-EXSUEGRA.jpg\",\"keywords\":[\"inseguridad\",\"slrc\"],\"articleSection\":[\"Polic\u00edaca\"],\"inLanguage\":\"es\",\"potentialAction\":[{\"@type\":\"CommentAction\",\"name\":\"Comment\",\"target\":[\"https:\/\/www.sonoraenequipo.com.mx\/capturado-y-vinculado-por-intento-de-feminicidio-contra-su-exsuegra\/#respond\"]}]},{\"@type\":\"WebPage\",\"@id\":\"https:\/\/www.sonoraenequipo.com.mx\/capturado-y-vinculado-por-intento-de-feminicidio-contra-su-exsuegra\/\",\"url\":\"https:\/\/www.sonoraenequipo.com.mx\/capturado-y-vinculado-por-intento-de-feminicidio-contra-su-exsuegra\/\",\"name\":\"Sonora en Equipo. Capturado y vinculado por intento de feminicidio contra su exsuegra Polic\u00edaca\",\"isPartOf\":{\"@id\":\"https:\/\/www.sonoraenequipo.com.mx\/#website\"},\"primaryImageOfPage\":{\"@id\":\"https:\/\/www.sonoraenequipo.com.mx\/capturado-y-vinculado-por-intento-de-feminicidio-contra-su-exsuegra\/#primaryimage\"},\"image\":{\"@id\":\"https:\/\/www.sonoraenequipo.com.mx\/capturado-y-vinculado-por-intento-de-feminicidio-contra-su-exsuegra\/#primaryimage\"},\"thumbnailUrl\":\"https:\/\/www.sonoraenequipo.com.mx\/storage\/2024\/03\/FEMINICIDA-EXSUEGRA.jpg\",\"datePublished\":\"2024-03-21T21:12:48+00:00\",\"description\":\"SAN LUIS R\u00cdO COLORADO, SONORA, MX.\u02d7\u02d7\u02d7 Por su probable responsabilidad en el intento de feminicidio de su exsuegra, la Fiscal\u00eda General de Justicia del En Sonora en Equipo publicamos toda la informaci\u00f3n de Sonora, M\u00e9xico y el Mundo de manera oportuna y busca que la libertad de expresi\u00f3n sea real. Visita nuestro medio informativo publicado desde Hermosillo, Sonora. %\",\"breadcrumb\":{\"@id\":\"https:\/\/www.sonoraenequipo.com.mx\/capturado-y-vinculado-por-intento-de-feminicidio-contra-su-exsuegra\/#breadcrumb\"},\"inLanguage\":\"es\",\"potentialAction\":[{\"@type\":\"ReadAction\",\"target\":[\"https:\/\/www.sonoraenequipo.com.mx\/capturado-y-vinculado-por-intento-de-feminicidio-contra-su-exsuegra\/\"]}]},{\"@type\":\"ImageObject\",\"inLanguage\":\"es\",\"@id\":\"https:\/\/www.sonoraenequipo.com.mx\/capturado-y-vinculado-por-intento-de-feminicidio-contra-su-exsuegra\/#primaryimage\",\"url\":\"https:\/\/www.sonoraenequipo.com.mx\/storage\/2024\/03\/FEMINICIDA-EXSUEGRA.jpg\",\"contentUrl\":\"https:\/\/www.sonoraenequipo.com.mx\/storage\/2024\/03\/FEMINICIDA-EXSUEGRA.jpg\",\"width\":600,\"height\":400},{\"@type\":\"BreadcrumbList\",\"@id\":\"https:\/\/www.sonoraenequipo.com.mx\/capturado-y-vinculado-por-intento-de-feminicidio-contra-su-exsuegra\/#breadcrumb\",\"itemListElement\":[{\"@type\":\"ListItem\",\"position\":1,\"name\":\"Portada\",\"item\":\"https:\/\/www.sonoraenequipo.com.mx\/\"},{\"@type\":\"ListItem\",\"position\":2,\"name\":\"Capturado y vinculado por intento de feminicidio contra su exsuegra\"}]},{\"@type\":\"WebSite\",\"@id\":\"https:\/\/www.sonoraenequipo.com.mx\/#website\",\"url\":\"https:\/\/www.sonoraenequipo.com.mx\/\",\"name\":\"Sonora en Equipo.\",\"description\":\"Diario en l\u00ednea con Noticias desde Hermosillo, Sonora\",\"publisher\":{\"@id\":\"https:\/\/www.sonoraenequipo.com.mx\/#organization\"},\"potentialAction\":[{\"@type\":\"SearchAction\",\"target\":{\"@type\":\"EntryPoint\",\"urlTemplate\":\"https:\/\/www.sonoraenequipo.com.mx\/?s={search_term_string}\"},\"query-input\":{\"@type\":\"PropertyValueSpecification\",\"valueRequired\":true,\"valueName\":\"search_term_string\"}}],\"inLanguage\":\"es\"},{\"@type\":\"Organization\",\"@id\":\"https:\/\/www.sonoraenequipo.com.mx\/#organization\",\"name\":\"Sonoraenequipo.com.mx\",\"url\":\"https:\/\/www.sonoraenequipo.com.mx\/\",\"logo\":{\"@type\":\"ImageObject\",\"inLanguage\":\"es\",\"@id\":\"https:\/\/www.sonoraenequipo.com.mx\/#\/schema\/logo\/image\/\",\"url\":\"https:\/\/www.sonoraenequipo.com.mx\/storage\/2019\/01\/sonoraenequipo_opt.png\",\"contentUrl\":\"https:\/\/www.sonoraenequipo.com.mx\/storage\/2019\/01\/sonoraenequipo_opt.png\",\"width\":375,\"height\":125,\"caption\":\"Sonoraenequipo.com.mx\"},\"image\":{\"@id\":\"https:\/\/www.sonoraenequipo.com.mx\/#\/schema\/logo\/image\/\"},\"sameAs\":[\"https:\/\/www.facebook.com\/SonoraEE\/\",\"https:\/\/x.com\/sonoraenequipo\",\"https:\/\/www.youtube.com\/channel\/UC338nW-lPEYmJQs4ZABQ1SQ\"]},{\"@type\":\"Person\",\"@id\":\"https:\/\/www.sonoraenequipo.com.mx\/#\/schema\/person\/50102df0fb23a8fa9e8effad8fa81386\",\"name\":\"enequipo\",\"image\":{\"@type\":\"ImageObject\",\"inLanguage\":\"es\",\"@id\":\"https:\/\/www.sonoraenequipo.com.mx\/#\/schema\/person\/image\/\",\"url\":\"https:\/\/secure.gravatar.com\/avatar\/049821681b589dabc0bc20695993ccebb09f5b5d4d790cd9251b97faac7c652b?s=96&d=blank&r=g\",\"contentUrl\":\"https:\/\/secure.gravatar.com\/avatar\/049821681b589dabc0bc20695993ccebb09f5b5d4d790cd9251b97faac7c652b?s=96&d=blank&r=g\",\"caption\":\"enequipo\"},\"sameAs\":[\"https:\/\/www.facebook.com\/SonoraEE\"]}]}<\/script>\n ","yoast_head_json":{"title":"Sonora en Equipo. Capturado y vinculado por intento de feminicidio contra su exsuegra Polic\u00edaca","description":"SAN LUIS R\u00cdO COLORADO, SONORA, MX.\u02d7\u02d7\u02d7 Por su probable responsabilidad en el intento de feminicidio de su exsuegra, la Fiscal\u00eda General de Justicia del En Sonora en Equipo publicamos toda la informaci\u00f3n de Sonora, M\u00e9xico y el Mundo de manera oportuna y busca que la libertad de expresi\u00f3n sea real. Visita nuestro medio informativo publicado desde Hermosillo, Sonora. %","robots":{"index":"index","follow":"follow","max-snippet":"max-snippet:-1","max-image-preview":"max-image-preview:large","max-video-preview":"max-video-preview:-1"},"canonical":"https:\/\/www.sonoraenequipo.com.mx\/capturado-y-vinculado-por-intento-de-feminicidio-contra-su-exsuegra\/","og_locale":"es_ES","og_type":"article","og_title":"Sonora en Equipo. Capturado y vinculado por intento de feminicidio contra su exsuegra Polic\u00edaca","og_description":"SAN LUIS R\u00cdO COLORADO, SONORA, MX.\u02d7\u02d7\u02d7 Por su probable responsabilidad en el intento de feminicidio de su exsuegra, la Fiscal\u00eda General de Justicia del En Sonora en Equipo publicamos toda la informaci\u00f3n de Sonora, M\u00e9xico y el Mundo de manera oportuna y busca que la libertad de expresi\u00f3n sea real. Visita nuestro medio informativo publicado desde Hermosillo, Sonora. %","og_url":"https:\/\/www.sonoraenequipo.com.mx\/capturado-y-vinculado-por-intento-de-feminicidio-contra-su-exsuegra\/","og_site_name":"Sonora en Equipo.","article_publisher":"https:\/\/www.facebook.com\/SonoraEE\/","article_author":"https:\/\/www.facebook.com\/SonoraEE","article_published_time":"2024-03-21T21:12:48+00:00","og_image":[{"width":600,"height":400,"url":"https:\/\/www.sonoraenequipo.com.mx\/storage\/2024\/03\/FEMINICIDA-EXSUEGRA.jpg","type":"image\/jpeg"}],"author":"enequipo","twitter_card":"summary_large_image","twitter_creator":"@sonoraenequipo","twitter_site":"@sonoraenequipo","twitter_misc":{"Escrito por":"enequipo","Tiempo de lectura":"1 minuto"},"schema":{"@context":"https:\/\/schema.org","@graph":[{"@type":"Article","@id":"https:\/\/www.sonoraenequipo.com.mx\/capturado-y-vinculado-por-intento-de-feminicidio-contra-su-exsuegra\/#article","isPartOf":{"@id":"https:\/\/www.sonoraenequipo.com.mx\/capturado-y-vinculado-por-intento-de-feminicidio-contra-su-exsuegra\/"},"author":{"name":"enequipo","@id":"https:\/\/www.sonoraenequipo.com.mx\/#\/schema\/person\/50102df0fb23a8fa9e8effad8fa81386"},"headline":"Capturado y vinculado por intento de feminicidio contra su exsuegra","datePublished":"2024-03-21T21:12:48+00:00","mainEntityOfPage":{"@id":"https:\/\/www.sonoraenequipo.com.mx\/capturado-y-vinculado-por-intento-de-feminicidio-contra-su-exsuegra\/"},"wordCount":283,"commentCount":0,"publisher":{"@id":"https:\/\/www.sonoraenequipo.com.mx\/#organization"},"image":{"@id":"https:\/\/www.sonoraenequipo.com.mx\/capturado-y-vinculado-por-intento-de-feminicidio-contra-su-exsuegra\/#primaryimage"},"thumbnailUrl":"https:\/\/www.sonoraenequipo.com.mx\/storage\/2024\/03\/FEMINICIDA-EXSUEGRA.jpg","keywords":["inseguridad","slrc"],"articleSection":["Polic\u00edaca"],"inLanguage":"es","potentialAction":[{"@type":"CommentAction","name":"Comment","target":["https:\/\/www.sonoraenequipo.com.mx\/capturado-y-vinculado-por-intento-de-feminicidio-contra-su-exsuegra\/#respond"]}]},{"@type":"WebPage","@id":"https:\/\/www.sonoraenequipo.com.mx\/capturado-y-vinculado-por-intento-de-feminicidio-contra-su-exsuegra\/","url":"https:\/\/www.sonoraenequipo.com.mx\/capturado-y-vinculado-por-intento-de-feminicidio-contra-su-exsuegra\/","name":"Sonora en Equipo. Capturado y vinculado por intento de feminicidio contra su exsuegra Polic\u00edaca","isPartOf":{"@id":"https:\/\/www.sonoraenequipo.com.mx\/#website"},"primaryImageOfPage":{"@id":"https:\/\/www.sonoraenequipo.com.mx\/capturado-y-vinculado-por-intento-de-feminicidio-contra-su-exsuegra\/#primaryimage"},"image":{"@id":"https:\/\/www.sonoraenequipo.com.mx\/capturado-y-vinculado-por-intento-de-feminicidio-contra-su-exsuegra\/#primaryimage"},"thumbnailUrl":"https:\/\/www.sonoraenequipo.com.mx\/storage\/2024\/03\/FEMINICIDA-EXSUEGRA.jpg","datePublished":"2024-03-21T21:12:48+00:00","description":"SAN LUIS R\u00cdO COLORADO, SONORA, MX.\u02d7\u02d7\u02d7 Por su probable responsabilidad en el intento de feminicidio de su exsuegra, la Fiscal\u00eda General de Justicia del En Sonora en Equipo publicamos toda la informaci\u00f3n de Sonora, M\u00e9xico y el Mundo de manera oportuna y busca que la libertad de expresi\u00f3n sea real. Visita nuestro medio informativo publicado desde Hermosillo, Sonora. %","breadcrumb":{"@id":"https:\/\/www.sonoraenequipo.com.mx\/capturado-y-vinculado-por-intento-de-feminicidio-contra-su-exsuegra\/#breadcrumb"},"inLanguage":"es","potentialAction":[{"@type":"ReadAction","target":["https:\/\/www.sonoraenequipo.com.mx\/capturado-y-vinculado-por-intento-de-feminicidio-contra-su-exsuegra\/"]}]},{"@type":"ImageObject","inLanguage":"es","@id":"https:\/\/www.sonoraenequipo.com.mx\/capturado-y-vinculado-por-intento-de-feminicidio-contra-su-exsuegra\/#primaryimage","url":"https:\/\/www.sonoraenequipo.com.mx\/storage\/2024\/03\/FEMINICIDA-EXSUEGRA.jpg","contentUrl":"https:\/\/www.sonoraenequipo.com.mx\/storage\/2024\/03\/FEMINICIDA-EXSUEGRA.jpg","width":600,"height":400},{"@type":"BreadcrumbList","@id":"https:\/\/www.sonoraenequipo.com.mx\/capturado-y-vinculado-por-intento-de-feminicidio-contra-su-exsuegra\/#breadcrumb","itemListElement":[{"@type":"ListItem","position":1,"name":"Portada","item":"https:\/\/www.sonoraenequipo.com.mx\/"},{"@type":"ListItem","position":2,"name":"Capturado y vinculado por intento de feminicidio contra su exsuegra"}]},{"@type":"WebSite","@id":"https:\/\/www.sonoraenequipo.com.mx\/#website","url":"https:\/\/www.sonoraenequipo.com.mx\/","name":"Sonora en Equipo.","description":"Diario en l\u00ednea con Noticias desde Hermosillo, Sonora","publisher":{"@id":"https:\/\/www.sonoraenequipo.com.mx\/#organization"},"potentialAction":[{"@type":"SearchAction","target":{"@type":"EntryPoint","urlTemplate":"https:\/\/www.sonoraenequipo.com.mx\/?s={search_term_string}"},"query-input":{"@type":"PropertyValueSpecification","valueRequired":true,"valueName":"search_term_string"}}],"inLanguage":"es"},{"@type":"Organization","@id":"https:\/\/www.sonoraenequipo.com.mx\/#organization","name":"Sonoraenequipo.com.mx","url":"https:\/\/www.sonoraenequipo.com.mx\/","logo":{"@type":"ImageObject","inLanguage":"es","@id":"https:\/\/www.sonoraenequipo.com.mx\/#\/schema\/logo\/image\/","url":"https:\/\/www.sonoraenequipo.com.mx\/storage\/2019\/01\/sonoraenequipo_opt.png","contentUrl":"https:\/\/www.sonoraenequipo.com.mx\/storage\/2019\/01\/sonoraenequipo_opt.png","width":375,"height":125,"caption":"Sonoraenequipo.com.mx"},"image":{"@id":"https:\/\/www.sonoraenequipo.com.mx\/#\/schema\/logo\/image\/"},"sameAs":["https:\/\/www.facebook.com\/SonoraEE\/","https:\/\/x.com\/sonoraenequipo","https:\/\/www.youtube.com\/channel\/UC338nW-lPEYmJQs4ZABQ1SQ"]},{"@type":"Person","@id":"https:\/\/www.sonoraenequipo.com.mx\/#\/schema\/person\/50102df0fb23a8fa9e8effad8fa81386","name":"enequipo","image":{"@type":"ImageObject","inLanguage":"es","@id":"https:\/\/www.sonoraenequipo.com.mx\/#\/schema\/person\/image\/","url":"https:\/\/secure.gravatar.com\/avatar\/049821681b589dabc0bc20695993ccebb09f5b5d4d790cd9251b97faac7c652b?s=96&d=blank&r=g","contentUrl":"https:\/\/secure.gravatar.com\/avatar\/049821681b589dabc0bc20695993ccebb09f5b5d4d790cd9251b97faac7c652b?s=96&d=blank&r=g","caption":"enequipo"},"sameAs":["https:\/\/www.facebook.com\/SonoraEE"]}]}},"jetpack_featured_media_url":"https:\/\/www.sonoraenequipo.com.mx\/storage\/2024\/03\/FEMINICIDA-EXSUEGRA.jpg","_links":{"self":[{"href":"https:\/\/www.sonoraenequipo.com.mx\/api\/wp\/v2\/posts\/185990","targetHints":{"allow":["GET"]}}],"collection":[{"href":"https:\/\/www.sonoraenequipo.com.mx\/api\/wp\/v2\/posts"}],"about":[{"href":"https:\/\/www.sonoraenequipo.com.mx\/api\/wp\/v2\/types\/post"}],"author":[{"embeddable":true,"href":"https:\/\/www.sonoraenequipo.com.mx\/api\/wp\/v2\/users\/1"}],"replies":[{"embeddable":true,"href":"https:\/\/www.sonoraenequipo.com.mx\/api\/wp\/v2\/comments?post=185990"}],"version-history":[{"count":1,"href":"https:\/\/www.sonoraenequipo.com.mx\/api\/wp\/v2\/posts\/185990\/revisions"}],"predecessor-version":[{"id":185992,"href":"https:\/\/www.sonoraenequipo.com.mx\/api\/wp\/v2\/posts\/185990\/revisions\/185992"}],"wp:featuredmedia":[{"embeddable":true,"href":"https:\/\/www.sonoraenequipo.com.mx\/api\/wp\/v2\/media\/185991"}],"wp:attachment":[{"href":"https:\/\/www.sonoraenequipo.com.mx\/api\/wp\/v2\/media?parent=185990"}],"wp:term":[{"taxonomy":"category","embeddable":true,"href":"https:\/\/www.sonoraenequipo.com.mx\/api\/wp\/v2\/categories?post=185990"},{"taxonomy":"post_tag","embeddable":true,"href":"https:\/\/www.sonoraenequipo.com.mx\/api\/wp\/v2\/tags?post=185990"}],"curies":[{"name":"wp","href":"https:\/\/api.w.org\/{rel}","templated":true}]}}