{"id":185997,"date":"2024-03-21T15:17:36","date_gmt":"2024-03-21T22:17:36","guid":{"rendered":"https:\/\/www.sonoraenequipo.com.mx\/?p=185997"},"modified":"2024-03-21T19:34:39","modified_gmt":"2024-03-22T02:34:39","slug":"economia-mexicana-crecio-2-4-durante-febrero-estima-el-inegi","status":"publish","type":"post","link":"https:\/\/www.sonoraenequipo.com.mx\/economia-mexicana-crecio-2-4-durante-febrero-estima-el-inegi\/","title":{"rendered":"Econom\u00eda mexicana creci\u00f3 2.4% durante febrero, estima el INEGI"},"content":{"rendered":"<p><strong>CIUDAD DE M\u00c9XICO. MX. \u2014<\/strong> El Instituto Nacional de Estad\u00edstica y Geograf\u00eda (Inegi) anuncia este mi\u00e9rcoles que la econom\u00eda mexicana ha crecido anualmente hasta un 2.4% en febrero, gracias al incremento en las actividades secundarias y terciarias.<\/p>\n<p>&nbsp;<\/p>\n<p> <br \/>\nSeg\u00fan las cifras preliminares emitidas por el Inegi, el Indicador Oportuno de la Actividad Econ\u00f3mica (IOAE) estima anticipadamente el desempe\u00f1o econ\u00f3mico antes de la publicaci\u00f3n del Indicador Global de la Actividad Econ\u00f3mica (IGAE), que es un referente del Producto Interno Bruto (PIB) mensual.<\/p>\n<p>&nbsp;<\/p>\n<p>El IOAE sugiere que durante el pen\u00faltimo mes del a\u00f1o 2023, la econom\u00eda mexicana habr\u00eda registrado un crecimiento ligero del 0.3% respecto a enero. Esta cifra se sustenta en un aumento mensual del 0.3% en el sector secundario (que incluye miner\u00eda, construcci\u00f3n y manufactura, entre otros) y un incremento similar del 0.3% en las actividades terciarias (como comercio, turismo y comunicaciones).<\/p>\n<p>&nbsp;<\/p>\n<p>En comparaci\u00f3n con febrero del a\u00f1o anterior, el indicador estim\u00f3 un aumento del 2.4% en la econom\u00eda mexicana, con un crecimiento del 2.3% en las actividades secundarias y del 2.6% en las terciarias.<\/p>\n<p>&nbsp;<\/p>\n<p>El IGAE, que se publica aproximadamente ocho semanas despu\u00e9s del IOAE, es un indicador preliminar de distintos sectores que muestra la tendencia o direcci\u00f3n que la econom\u00eda mexicana tendr\u00e1 en el corto plazo. Estas cifras revelan un panorama alentador para la econom\u00eda mexicana en febrero, aunque se espera que los datos definitivos se den a conocer con el tiempo y con mayor precisi\u00f3n por parte del Inegi.<\/p>\n<p>&nbsp;<\/p>\n<p>&nbsp;<\/p>\n<p>PUBLICADO EL 21 DE MARZO DE 2024\/)<\/p>\n","protected":false},"excerpt":{"rendered":"<p>CIUDAD DE M\u00c9XICO. MX. \u2014 El Instituto Nacional de Estad\u00edstica y Geograf\u00eda (Inegi) anuncia este&#8230;<\/p>\n","protected":false},"author":1,"featured_media":186004,"comment_status":"open","ping_status":"open","sticky":false,"template":"","format":"standard","meta":{"_monsterinsights_skip_tracking":false,"_monsterinsights_sitenote_active":false,"_monsterinsights_sitenote_note":"","_monsterinsights_sitenote_category":0,"footnotes":""},"categories":[5],"tags":[],"class_list":["post"],"yoast_head":" \n<title>Sonora en Equipo. Econom\u00eda mexicana creci\u00f3 2.4% durante febrero, estima el INEGI Rep\u00fablica<\/title>\n<meta name=\"description\" content=\"CIUDAD DE M\u00c9XICO. MX. \u2014 El Instituto Nacional de Estad\u00edstica y Geograf\u00eda (Inegi) anuncia este mi\u00e9rcoles que la econom\u00eda mexicana ha crecido anualmente En Sonora en Equipo publicamos toda la informaci\u00f3n de Sonora, M\u00e9xico y el Mundo de manera oportuna y busca que la libertad de expresi\u00f3n sea real. Visita nuestro medio informativo publicado desde Hermosillo, Sonora. %\" \/>\n<meta name=\"robots\" content=\"index, follow, max-snippet:-1, max-image-preview:large, max-video-preview:-1\" \/>\n<link rel=\"canonical\" href=\"https:\/\/www.sonoraenequipo.com.mx\/economia-mexicana-crecio-2-4-durante-febrero-estima-el-inegi\/\" \/>\n<meta property=\"og:locale\" content=\"es_ES\" \/>\n<meta property=\"og:type\" content=\"article\" \/>\n<meta property=\"og:title\" content=\"Sonora en Equipo. Econom\u00eda mexicana creci\u00f3 2.4% durante febrero, estima el INEGI Rep\u00fablica\" \/>\n<meta property=\"og:description\" content=\"CIUDAD DE M\u00c9XICO. MX. \u2014 El Instituto Nacional de Estad\u00edstica y Geograf\u00eda (Inegi) anuncia este mi\u00e9rcoles que la econom\u00eda mexicana ha crecido anualmente En Sonora en Equipo publicamos toda la informaci\u00f3n de Sonora, M\u00e9xico y el Mundo de manera oportuna y busca que la libertad de expresi\u00f3n sea real. Visita nuestro medio informativo publicado desde Hermosillo, Sonora. %\" \/>\n<meta property=\"og:url\" content=\"https:\/\/www.sonoraenequipo.com.mx\/economia-mexicana-crecio-2-4-durante-febrero-estima-el-inegi\/\" \/>\n<meta property=\"og:site_name\" content=\"Sonora en Equipo.\" \/>\n<meta property=\"article:publisher\" content=\"https:\/\/www.facebook.com\/SonoraEE\/\" \/>\n<meta property=\"article:author\" content=\"https:\/\/www.facebook.com\/SonoraEE\" \/>\n<meta property=\"article:published_time\" content=\"2024-03-21T22:17:36+00:00\" \/>\n<meta property=\"article:modified_time\" content=\"2024-03-22T02:34:39+00:00\" \/>\n<meta property=\"og:image\" content=\"https:\/\/www.sonoraenequipo.com.mx\/storage\/2024\/03\/inegi-min.jpg\" \/>\n\t<meta property=\"og:image:width\" content=\"887\" \/>\n\t<meta property=\"og:image:height\" content=\"516\" \/>\n\t<meta property=\"og:image:type\" content=\"image\/jpeg\" \/>\n<meta name=\"author\" content=\"enequipo\" \/>\n<meta name=\"twitter:card\" content=\"summary_large_image\" \/>\n<meta name=\"twitter:creator\" content=\"@sonoraenequipo\" \/>\n<meta name=\"twitter:site\" content=\"@sonoraenequipo\" \/>\n<meta name=\"twitter:label1\" content=\"Escrito por\" \/>\n\t<meta name=\"twitter:data1\" content=\"enequipo\" \/>\n\t<meta name=\"twitter:label2\" content=\"Tiempo de lectura\" \/>\n\t<meta name=\"twitter:data2\" content=\"1 minuto\" \/>\n<script type=\"application\/ld+json\" class=\"yoast-schema-graph\">{\"@context\":\"https:\/\/schema.org\",\"@graph\":[{\"@type\":\"Article\",\"@id\":\"https:\/\/www.sonoraenequipo.com.mx\/economia-mexicana-crecio-2-4-durante-febrero-estima-el-inegi\/#article\",\"isPartOf\":{\"@id\":\"https:\/\/www.sonoraenequipo.com.mx\/economia-mexicana-crecio-2-4-durante-febrero-estima-el-inegi\/\"},\"author\":{\"name\":\"enequipo\",\"@id\":\"https:\/\/www.sonoraenequipo.com.mx\/#\/schema\/person\/50102df0fb23a8fa9e8effad8fa81386\"},\"headline\":\"Econom\u00eda mexicana creci\u00f3 2.4% durante febrero, estima el INEGI\",\"datePublished\":\"2024-03-21T22:17:36+00:00\",\"dateModified\":\"2024-03-22T02:34:39+00:00\",\"mainEntityOfPage\":{\"@id\":\"https:\/\/www.sonoraenequipo.com.mx\/economia-mexicana-crecio-2-4-durante-febrero-estima-el-inegi\/\"},\"wordCount\":277,\"commentCount\":0,\"publisher\":{\"@id\":\"https:\/\/www.sonoraenequipo.com.mx\/#organization\"},\"image\":{\"@id\":\"https:\/\/www.sonoraenequipo.com.mx\/economia-mexicana-crecio-2-4-durante-febrero-estima-el-inegi\/#primaryimage\"},\"thumbnailUrl\":\"https:\/\/www.sonoraenequipo.com.mx\/storage\/2024\/03\/inegi-min.jpg\",\"articleSection\":[\"Rep\u00fablica\"],\"inLanguage\":\"es\",\"potentialAction\":[{\"@type\":\"CommentAction\",\"name\":\"Comment\",\"target\":[\"https:\/\/www.sonoraenequipo.com.mx\/economia-mexicana-crecio-2-4-durante-febrero-estima-el-inegi\/#respond\"]}]},{\"@type\":\"WebPage\",\"@id\":\"https:\/\/www.sonoraenequipo.com.mx\/economia-mexicana-crecio-2-4-durante-febrero-estima-el-inegi\/\",\"url\":\"https:\/\/www.sonoraenequipo.com.mx\/economia-mexicana-crecio-2-4-durante-febrero-estima-el-inegi\/\",\"name\":\"Sonora en Equipo. Econom\u00eda mexicana creci\u00f3 2.4% durante febrero, estima el INEGI Rep\u00fablica\",\"isPartOf\":{\"@id\":\"https:\/\/www.sonoraenequipo.com.mx\/#website\"},\"primaryImageOfPage\":{\"@id\":\"https:\/\/www.sonoraenequipo.com.mx\/economia-mexicana-crecio-2-4-durante-febrero-estima-el-inegi\/#primaryimage\"},\"image\":{\"@id\":\"https:\/\/www.sonoraenequipo.com.mx\/economia-mexicana-crecio-2-4-durante-febrero-estima-el-inegi\/#primaryimage\"},\"thumbnailUrl\":\"https:\/\/www.sonoraenequipo.com.mx\/storage\/2024\/03\/inegi-min.jpg\",\"datePublished\":\"2024-03-21T22:17:36+00:00\",\"dateModified\":\"2024-03-22T02:34:39+00:00\",\"description\":\"CIUDAD DE M\u00c9XICO. MX. \u2014 El Instituto Nacional de Estad\u00edstica y Geograf\u00eda (Inegi) anuncia este mi\u00e9rcoles que la econom\u00eda mexicana ha crecido anualmente En Sonora en Equipo publicamos toda la informaci\u00f3n de Sonora, M\u00e9xico y el Mundo de manera oportuna y busca que la libertad de expresi\u00f3n sea real. Visita nuestro medio informativo publicado desde Hermosillo, Sonora. %\",\"breadcrumb\":{\"@id\":\"https:\/\/www.sonoraenequipo.com.mx\/economia-mexicana-crecio-2-4-durante-febrero-estima-el-inegi\/#breadcrumb\"},\"inLanguage\":\"es\",\"potentialAction\":[{\"@type\":\"ReadAction\",\"target\":[\"https:\/\/www.sonoraenequipo.com.mx\/economia-mexicana-crecio-2-4-durante-febrero-estima-el-inegi\/\"]}]},{\"@type\":\"ImageObject\",\"inLanguage\":\"es\",\"@id\":\"https:\/\/www.sonoraenequipo.com.mx\/economia-mexicana-crecio-2-4-durante-febrero-estima-el-inegi\/#primaryimage\",\"url\":\"https:\/\/www.sonoraenequipo.com.mx\/storage\/2024\/03\/inegi-min.jpg\",\"contentUrl\":\"https:\/\/www.sonoraenequipo.com.mx\/storage\/2024\/03\/inegi-min.jpg\",\"width\":887,\"height\":516},{\"@type\":\"BreadcrumbList\",\"@id\":\"https:\/\/www.sonoraenequipo.com.mx\/economia-mexicana-crecio-2-4-durante-febrero-estima-el-inegi\/#breadcrumb\",\"itemListElement\":[{\"@type\":\"ListItem\",\"position\":1,\"name\":\"Portada\",\"item\":\"https:\/\/www.sonoraenequipo.com.mx\/\"},{\"@type\":\"ListItem\",\"position\":2,\"name\":\"Econom\u00eda mexicana creci\u00f3 2.4% durante febrero, estima el INEGI\"}]},{\"@type\":\"WebSite\",\"@id\":\"https:\/\/www.sonoraenequipo.com.mx\/#website\",\"url\":\"https:\/\/www.sonoraenequipo.com.mx\/\",\"name\":\"Sonora en Equipo.\",\"description\":\"Diario en l\u00ednea con Noticias desde Hermosillo, Sonora\",\"publisher\":{\"@id\":\"https:\/\/www.sonoraenequipo.com.mx\/#organization\"},\"potentialAction\":[{\"@type\":\"SearchAction\",\"target\":{\"@type\":\"EntryPoint\",\"urlTemplate\":\"https:\/\/www.sonoraenequipo.com.mx\/?s={search_term_string}\"},\"query-input\":{\"@type\":\"PropertyValueSpecification\",\"valueRequired\":true,\"valueName\":\"search_term_string\"}}],\"inLanguage\":\"es\"},{\"@type\":\"Organization\",\"@id\":\"https:\/\/www.sonoraenequipo.com.mx\/#organization\",\"name\":\"Sonoraenequipo.com.mx\",\"url\":\"https:\/\/www.sonoraenequipo.com.mx\/\",\"logo\":{\"@type\":\"ImageObject\",\"inLanguage\":\"es\",\"@id\":\"https:\/\/www.sonoraenequipo.com.mx\/#\/schema\/logo\/image\/\",\"url\":\"https:\/\/www.sonoraenequipo.com.mx\/storage\/2019\/01\/sonoraenequipo_opt.png\",\"contentUrl\":\"https:\/\/www.sonoraenequipo.com.mx\/storage\/2019\/01\/sonoraenequipo_opt.png\",\"width\":375,\"height\":125,\"caption\":\"Sonoraenequipo.com.mx\"},\"image\":{\"@id\":\"https:\/\/www.sonoraenequipo.com.mx\/#\/schema\/logo\/image\/\"},\"sameAs\":[\"https:\/\/www.facebook.com\/SonoraEE\/\",\"https:\/\/x.com\/sonoraenequipo\",\"https:\/\/www.youtube.com\/channel\/UC338nW-lPEYmJQs4ZABQ1SQ\"]},{\"@type\":\"Person\",\"@id\":\"https:\/\/www.sonoraenequipo.com.mx\/#\/schema\/person\/50102df0fb23a8fa9e8effad8fa81386\",\"name\":\"enequipo\",\"image\":{\"@type\":\"ImageObject\",\"inLanguage\":\"es\",\"@id\":\"https:\/\/www.sonoraenequipo.com.mx\/#\/schema\/person\/image\/\",\"url\":\"https:\/\/secure.gravatar.com\/avatar\/049821681b589dabc0bc20695993ccebb09f5b5d4d790cd9251b97faac7c652b?s=96&d=blank&r=g\",\"contentUrl\":\"https:\/\/secure.gravatar.com\/avatar\/049821681b589dabc0bc20695993ccebb09f5b5d4d790cd9251b97faac7c652b?s=96&d=blank&r=g\",\"caption\":\"enequipo\"},\"sameAs\":[\"https:\/\/www.facebook.com\/SonoraEE\"]}]}<\/script>\n ","yoast_head_json":{"title":"Sonora en Equipo. Econom\u00eda mexicana creci\u00f3 2.4% durante febrero, estima el INEGI Rep\u00fablica","description":"CIUDAD DE M\u00c9XICO. MX. \u2014 El Instituto Nacional de Estad\u00edstica y Geograf\u00eda (Inegi) anuncia este mi\u00e9rcoles que la econom\u00eda mexicana ha crecido anualmente En Sonora en Equipo publicamos toda la informaci\u00f3n de Sonora, M\u00e9xico y el Mundo de manera oportuna y busca que la libertad de expresi\u00f3n sea real. Visita nuestro medio informativo publicado desde Hermosillo, Sonora. %","robots":{"index":"index","follow":"follow","max-snippet":"max-snippet:-1","max-image-preview":"max-image-preview:large","max-video-preview":"max-video-preview:-1"},"canonical":"https:\/\/www.sonoraenequipo.com.mx\/economia-mexicana-crecio-2-4-durante-febrero-estima-el-inegi\/","og_locale":"es_ES","og_type":"article","og_title":"Sonora en Equipo. Econom\u00eda mexicana creci\u00f3 2.4% durante febrero, estima el INEGI Rep\u00fablica","og_description":"CIUDAD DE M\u00c9XICO. MX. \u2014 El Instituto Nacional de Estad\u00edstica y Geograf\u00eda (Inegi) anuncia este mi\u00e9rcoles que la econom\u00eda mexicana ha crecido anualmente En Sonora en Equipo publicamos toda la informaci\u00f3n de Sonora, M\u00e9xico y el Mundo de manera oportuna y busca que la libertad de expresi\u00f3n sea real. Visita nuestro medio informativo publicado desde Hermosillo, Sonora. %","og_url":"https:\/\/www.sonoraenequipo.com.mx\/economia-mexicana-crecio-2-4-durante-febrero-estima-el-inegi\/","og_site_name":"Sonora en Equipo.","article_publisher":"https:\/\/www.facebook.com\/SonoraEE\/","article_author":"https:\/\/www.facebook.com\/SonoraEE","article_published_time":"2024-03-21T22:17:36+00:00","article_modified_time":"2024-03-22T02:34:39+00:00","og_image":[{"width":887,"height":516,"url":"https:\/\/www.sonoraenequipo.com.mx\/storage\/2024\/03\/inegi-min.jpg","type":"image\/jpeg"}],"author":"enequipo","twitter_card":"summary_large_image","twitter_creator":"@sonoraenequipo","twitter_site":"@sonoraenequipo","twitter_misc":{"Escrito por":"enequipo","Tiempo de lectura":"1 minuto"},"schema":{"@context":"https:\/\/schema.org","@graph":[{"@type":"Article","@id":"https:\/\/www.sonoraenequipo.com.mx\/economia-mexicana-crecio-2-4-durante-febrero-estima-el-inegi\/#article","isPartOf":{"@id":"https:\/\/www.sonoraenequipo.com.mx\/economia-mexicana-crecio-2-4-durante-febrero-estima-el-inegi\/"},"author":{"name":"enequipo","@id":"https:\/\/www.sonoraenequipo.com.mx\/#\/schema\/person\/50102df0fb23a8fa9e8effad8fa81386"},"headline":"Econom\u00eda mexicana creci\u00f3 2.4% durante febrero, estima el INEGI","datePublished":"2024-03-21T22:17:36+00:00","dateModified":"2024-03-22T02:34:39+00:00","mainEntityOfPage":{"@id":"https:\/\/www.sonoraenequipo.com.mx\/economia-mexicana-crecio-2-4-durante-febrero-estima-el-inegi\/"},"wordCount":277,"commentCount":0,"publisher":{"@id":"https:\/\/www.sonoraenequipo.com.mx\/#organization"},"image":{"@id":"https:\/\/www.sonoraenequipo.com.mx\/economia-mexicana-crecio-2-4-durante-febrero-estima-el-inegi\/#primaryimage"},"thumbnailUrl":"https:\/\/www.sonoraenequipo.com.mx\/storage\/2024\/03\/inegi-min.jpg","articleSection":["Rep\u00fablica"],"inLanguage":"es","potentialAction":[{"@type":"CommentAction","name":"Comment","target":["https:\/\/www.sonoraenequipo.com.mx\/economia-mexicana-crecio-2-4-durante-febrero-estima-el-inegi\/#respond"]}]},{"@type":"WebPage","@id":"https:\/\/www.sonoraenequipo.com.mx\/economia-mexicana-crecio-2-4-durante-febrero-estima-el-inegi\/","url":"https:\/\/www.sonoraenequipo.com.mx\/economia-mexicana-crecio-2-4-durante-febrero-estima-el-inegi\/","name":"Sonora en Equipo. Econom\u00eda mexicana creci\u00f3 2.4% durante febrero, estima el INEGI Rep\u00fablica","isPartOf":{"@id":"https:\/\/www.sonoraenequipo.com.mx\/#website"},"primaryImageOfPage":{"@id":"https:\/\/www.sonoraenequipo.com.mx\/economia-mexicana-crecio-2-4-durante-febrero-estima-el-inegi\/#primaryimage"},"image":{"@id":"https:\/\/www.sonoraenequipo.com.mx\/economia-mexicana-crecio-2-4-durante-febrero-estima-el-inegi\/#primaryimage"},"thumbnailUrl":"https:\/\/www.sonoraenequipo.com.mx\/storage\/2024\/03\/inegi-min.jpg","datePublished":"2024-03-21T22:17:36+00:00","dateModified":"2024-03-22T02:34:39+00:00","description":"CIUDAD DE M\u00c9XICO. MX. \u2014 El Instituto Nacional de Estad\u00edstica y Geograf\u00eda (Inegi) anuncia este mi\u00e9rcoles que la econom\u00eda mexicana ha crecido anualmente En Sonora en Equipo publicamos toda la informaci\u00f3n de Sonora, M\u00e9xico y el Mundo de manera oportuna y busca que la libertad de expresi\u00f3n sea real. Visita nuestro medio informativo publicado desde Hermosillo, Sonora. %","breadcrumb":{"@id":"https:\/\/www.sonoraenequipo.com.mx\/economia-mexicana-crecio-2-4-durante-febrero-estima-el-inegi\/#breadcrumb"},"inLanguage":"es","potentialAction":[{"@type":"ReadAction","target":["https:\/\/www.sonoraenequipo.com.mx\/economia-mexicana-crecio-2-4-durante-febrero-estima-el-inegi\/"]}]},{"@type":"ImageObject","inLanguage":"es","@id":"https:\/\/www.sonoraenequipo.com.mx\/economia-mexicana-crecio-2-4-durante-febrero-estima-el-inegi\/#primaryimage","url":"https:\/\/www.sonoraenequipo.com.mx\/storage\/2024\/03\/inegi-min.jpg","contentUrl":"https:\/\/www.sonoraenequipo.com.mx\/storage\/2024\/03\/inegi-min.jpg","width":887,"height":516},{"@type":"BreadcrumbList","@id":"https:\/\/www.sonoraenequipo.com.mx\/economia-mexicana-crecio-2-4-durante-febrero-estima-el-inegi\/#breadcrumb","itemListElement":[{"@type":"ListItem","position":1,"name":"Portada","item":"https:\/\/www.sonoraenequipo.com.mx\/"},{"@type":"ListItem","position":2,"name":"Econom\u00eda mexicana creci\u00f3 2.4% durante febrero, estima el INEGI"}]},{"@type":"WebSite","@id":"https:\/\/www.sonoraenequipo.com.mx\/#website","url":"https:\/\/www.sonoraenequipo.com.mx\/","name":"Sonora en Equipo.","description":"Diario en l\u00ednea con Noticias desde Hermosillo, Sonora","publisher":{"@id":"https:\/\/www.sonoraenequipo.com.mx\/#organization"},"potentialAction":[{"@type":"SearchAction","target":{"@type":"EntryPoint","urlTemplate":"https:\/\/www.sonoraenequipo.com.mx\/?s={search_term_string}"},"query-input":{"@type":"PropertyValueSpecification","valueRequired":true,"valueName":"search_term_string"}}],"inLanguage":"es"},{"@type":"Organization","@id":"https:\/\/www.sonoraenequipo.com.mx\/#organization","name":"Sonoraenequipo.com.mx","url":"https:\/\/www.sonoraenequipo.com.mx\/","logo":{"@type":"ImageObject","inLanguage":"es","@id":"https:\/\/www.sonoraenequipo.com.mx\/#\/schema\/logo\/image\/","url":"https:\/\/www.sonoraenequipo.com.mx\/storage\/2019\/01\/sonoraenequipo_opt.png","contentUrl":"https:\/\/www.sonoraenequipo.com.mx\/storage\/2019\/01\/sonoraenequipo_opt.png","width":375,"height":125,"caption":"Sonoraenequipo.com.mx"},"image":{"@id":"https:\/\/www.sonoraenequipo.com.mx\/#\/schema\/logo\/image\/"},"sameAs":["https:\/\/www.facebook.com\/SonoraEE\/","https:\/\/x.com\/sonoraenequipo","https:\/\/www.youtube.com\/channel\/UC338nW-lPEYmJQs4ZABQ1SQ"]},{"@type":"Person","@id":"https:\/\/www.sonoraenequipo.com.mx\/#\/schema\/person\/50102df0fb23a8fa9e8effad8fa81386","name":"enequipo","image":{"@type":"ImageObject","inLanguage":"es","@id":"https:\/\/www.sonoraenequipo.com.mx\/#\/schema\/person\/image\/","url":"https:\/\/secure.gravatar.com\/avatar\/049821681b589dabc0bc20695993ccebb09f5b5d4d790cd9251b97faac7c652b?s=96&d=blank&r=g","contentUrl":"https:\/\/secure.gravatar.com\/avatar\/049821681b589dabc0bc20695993ccebb09f5b5d4d790cd9251b97faac7c652b?s=96&d=blank&r=g","caption":"enequipo"},"sameAs":["https:\/\/www.facebook.com\/SonoraEE"]}]}},"jetpack_featured_media_url":"https:\/\/www.sonoraenequipo.com.mx\/storage\/2024\/03\/inegi-min.jpg","_links":{"self":[{"href":"https:\/\/www.sonoraenequipo.com.mx\/api\/wp\/v2\/posts\/185997","targetHints":{"allow":["GET"]}}],"collection":[{"href":"https:\/\/www.sonoraenequipo.com.mx\/api\/wp\/v2\/posts"}],"about":[{"href":"https:\/\/www.sonoraenequipo.com.mx\/api\/wp\/v2\/types\/post"}],"author":[{"embeddable":true,"href":"https:\/\/www.sonoraenequipo.com.mx\/api\/wp\/v2\/users\/1"}],"replies":[{"embeddable":true,"href":"https:\/\/www.sonoraenequipo.com.mx\/api\/wp\/v2\/comments?post=185997"}],"version-history":[{"count":1,"href":"https:\/\/www.sonoraenequipo.com.mx\/api\/wp\/v2\/posts\/185997\/revisions"}],"predecessor-version":[{"id":186002,"href":"https:\/\/www.sonoraenequipo.com.mx\/api\/wp\/v2\/posts\/185997\/revisions\/186002"}],"wp:featuredmedia":[{"embeddable":true,"href":"https:\/\/www.sonoraenequipo.com.mx\/api\/wp\/v2\/media\/186004"}],"wp:attachment":[{"href":"https:\/\/www.sonoraenequipo.com.mx\/api\/wp\/v2\/media?parent=185997"}],"wp:term":[{"taxonomy":"category","embeddable":true,"href":"https:\/\/www.sonoraenequipo.com.mx\/api\/wp\/v2\/categories?post=185997"},{"taxonomy":"post_tag","embeddable":true,"href":"https:\/\/www.sonoraenequipo.com.mx\/api\/wp\/v2\/tags?post=185997"}],"curies":[{"name":"wp","href":"https:\/\/api.w.org\/{rel}","templated":true}]}}