{"id":186007,"date":"2024-03-21T16:10:14","date_gmt":"2024-03-21T23:10:14","guid":{"rendered":"https:\/\/www.sonoraenequipo.com.mx\/?p=186007"},"modified":"2024-03-21T19:46:09","modified_gmt":"2024-03-22T02:46:09","slug":"que-pasaria-si-desaparecen-los-poderes-en-los-estados-como-plantean-los-senadores","status":"publish","type":"post","link":"https:\/\/www.sonoraenequipo.com.mx\/que-pasaria-si-desaparecen-los-poderes-en-los-estados-como-plantean-los-senadores\/","title":{"rendered":"\u00bfQu\u00e9 pasar\u00eda si desaparecen los poderes en los estados, como plantean los senadores?"},"content":{"rendered":"<p><strong>CIUDAD DE M\u00c9XICO. MX. \u2014<\/strong> La desaparici\u00f3n de los poderes estatales constituye un recurso excepcional, contemplado en la Constituci\u00f3n, para salvaguardar el orden pol\u00edtico en una entidad federativa. Este t\u00e9rmino alude a la extinci\u00f3n o p\u00e9rdida de la capacidad de ejercer el poder pol\u00edtico por parte del gobernador o gobernadora, as\u00ed como de las funciones p\u00fablicas estatales por parte de un cuerpo colegiado que ejerza el Poder Legislativo o Judicial.<\/p>\n<p> <\/p>\n<p>Corresponde exclusivamente a la C\u00e1mara de Senadores determinar que se ha configurado la desaparici\u00f3n de los poderes Legislativo, Ejecutivo y Judicial de un Estado y hacer la declaratoria de que debe nombrarse un gobernador provisional.<\/p>\n<p>Se configura la desaparici\u00f3n de los poderes de un Estado \u00fanicamente en los casos de que los titulares de los poderes constitucionales:<\/p>\n<p>I.- Quebrantaren los principios del r\u00e9gimen federal.<\/p>\n<p>II.- Abandonaren el ejercicio de sus funciones, a no ser que medie causa de fuerza mayor.<\/p>\n<p>III.- Estuvieren imposibilitados f\u00edsicamente para el ejercicio de las funciones inherentes a sus cargos o con motivo de situaciones o conflictos causados o propiciados por ellos mismos, que afecten la vida del Estado, impidiendo la plena vigencia del orden jur\u00eddico.<\/p>\n<p>IV.- Prorrogaren su permanencia en sus cargos despu\u00e9s de fenecido el per\u00edodo para el que fueron electos o nombrados y no se hubieran celebrado elecciones para elegir a los nuevos titulares.<\/p>\n<p>V.- Promovieren o adoptaren forma de gobierno o base de organizaci\u00f3n pol\u00edtica distintas de las fijadas en los art\u00edculos 40 y 115 de la Constituci\u00f3n General de la Rep\u00fablica.<\/p>\n<p>Si el Senado determina que han desaparecido los poderes constitucionales proceder\u00e1 a formular la declaratoria de que se est\u00e1 en el caso de nombrar gobernador provisional; para este efecto solicitar\u00e1 del presidente de la Rep\u00fablica la presentaci\u00f3n de una terna para que, de entre las personas que la compongan, se haga el nombramiento respectivo. La presentaci\u00f3n de la terna se har\u00e1 dentro de los tres d\u00edas siguientes a la solicitud del Senado.<\/p>\n<p>En ning\u00fan caso se podr\u00e1 nombrar al gobernador provisional de entre las personas que formaron parte de los poderes desaparecidos en el momento de la declaratoria.<\/p>\n<p>PUBLICADO EL 21 DE MARZO DE 2024 Con informaci\u00f3n de<\/p>\n","protected":false},"excerpt":{"rendered":"<p>CIUDAD DE M\u00c9XICO. MX. \u2014 La desaparici\u00f3n de los poderes estatales constituye un recurso excepcional,&#8230;<\/p>\n","protected":false},"author":1,"featured_media":186008,"comment_status":"open","ping_status":"open","sticky":false,"template":"","format":"standard","meta":{"_monsterinsights_skip_tracking":false,"_monsterinsights_sitenote_active":false,"_monsterinsights_sitenote_note":"","_monsterinsights_sitenote_category":0,"footnotes":""},"categories":[5],"tags":[],"class_list":["post"],"yoast_head":" \n<title>Sonora en Equipo. \u00bfQu\u00e9 pasar\u00eda si desaparecen los poderes en los estados, como plantean los senadores? Rep\u00fablica<\/title>\n<meta name=\"description\" content=\"CIUDAD DE M\u00c9XICO. MX. \u2014 La desaparici\u00f3n de los poderes estatales constituye un recurso excepcional, contemplado en la Constituci\u00f3n, para salvaguardar el En Sonora en Equipo publicamos toda la informaci\u00f3n de Sonora, M\u00e9xico y el Mundo de manera oportuna y busca que la libertad de expresi\u00f3n sea real. Visita nuestro medio informativo publicado desde Hermosillo, Sonora. %\" \/>\n<meta name=\"robots\" content=\"index, follow, max-snippet:-1, max-image-preview:large, max-video-preview:-1\" \/>\n<link rel=\"canonical\" href=\"https:\/\/www.sonoraenequipo.com.mx\/que-pasaria-si-desaparecen-los-poderes-en-los-estados-como-plantean-los-senadores\/\" \/>\n<meta property=\"og:locale\" content=\"es_ES\" \/>\n<meta property=\"og:type\" content=\"article\" \/>\n<meta property=\"og:title\" content=\"Sonora en Equipo. \u00bfQu\u00e9 pasar\u00eda si desaparecen los poderes en los estados, como plantean los senadores? Rep\u00fablica\" \/>\n<meta property=\"og:description\" content=\"CIUDAD DE M\u00c9XICO. MX. \u2014 La desaparici\u00f3n de los poderes estatales constituye un recurso excepcional, contemplado en la Constituci\u00f3n, para salvaguardar el En Sonora en Equipo publicamos toda la informaci\u00f3n de Sonora, M\u00e9xico y el Mundo de manera oportuna y busca que la libertad de expresi\u00f3n sea real. Visita nuestro medio informativo publicado desde Hermosillo, Sonora. %\" \/>\n<meta property=\"og:url\" content=\"https:\/\/www.sonoraenequipo.com.mx\/que-pasaria-si-desaparecen-los-poderes-en-los-estados-como-plantean-los-senadores\/\" \/>\n<meta property=\"og:site_name\" content=\"Sonora en Equipo.\" \/>\n<meta property=\"article:publisher\" content=\"https:\/\/www.facebook.com\/SonoraEE\/\" \/>\n<meta property=\"article:author\" content=\"https:\/\/www.facebook.com\/SonoraEE\" \/>\n<meta property=\"article:published_time\" content=\"2024-03-21T23:10:14+00:00\" \/>\n<meta property=\"article:modified_time\" content=\"2024-03-22T02:46:09+00:00\" \/>\n<meta property=\"og:image\" content=\"https:\/\/www.sonoraenequipo.com.mx\/storage\/2024\/03\/Desaparecer-poderes-min.jpg\" \/>\n\t<meta property=\"og:image:width\" content=\"650\" \/>\n\t<meta property=\"og:image:height\" content=\"433\" \/>\n\t<meta property=\"og:image:type\" content=\"image\/jpeg\" \/>\n<meta name=\"author\" content=\"enequipo\" \/>\n<meta name=\"twitter:card\" content=\"summary_large_image\" \/>\n<meta name=\"twitter:creator\" content=\"@sonoraenequipo\" \/>\n<meta name=\"twitter:site\" content=\"@sonoraenequipo\" \/>\n<meta name=\"twitter:label1\" content=\"Escrito por\" \/>\n\t<meta name=\"twitter:data1\" content=\"enequipo\" \/>\n\t<meta name=\"twitter:label2\" content=\"Tiempo de lectura\" \/>\n\t<meta name=\"twitter:data2\" content=\"2 minutos\" \/>\n<script type=\"application\/ld+json\" class=\"yoast-schema-graph\">{\"@context\":\"https:\/\/schema.org\",\"@graph\":[{\"@type\":\"Article\",\"@id\":\"https:\/\/www.sonoraenequipo.com.mx\/que-pasaria-si-desaparecen-los-poderes-en-los-estados-como-plantean-los-senadores\/#article\",\"isPartOf\":{\"@id\":\"https:\/\/www.sonoraenequipo.com.mx\/que-pasaria-si-desaparecen-los-poderes-en-los-estados-como-plantean-los-senadores\/\"},\"author\":{\"name\":\"enequipo\",\"@id\":\"https:\/\/www.sonoraenequipo.com.mx\/#\/schema\/person\/50102df0fb23a8fa9e8effad8fa81386\"},\"headline\":\"\u00bfQu\u00e9 pasar\u00eda si desaparecen los poderes en los estados, como plantean los senadores?\",\"datePublished\":\"2024-03-21T23:10:14+00:00\",\"dateModified\":\"2024-03-22T02:46:09+00:00\",\"mainEntityOfPage\":{\"@id\":\"https:\/\/www.sonoraenequipo.com.mx\/que-pasaria-si-desaparecen-los-poderes-en-los-estados-como-plantean-los-senadores\/\"},\"wordCount\":400,\"commentCount\":0,\"publisher\":{\"@id\":\"https:\/\/www.sonoraenequipo.com.mx\/#organization\"},\"image\":{\"@id\":\"https:\/\/www.sonoraenequipo.com.mx\/que-pasaria-si-desaparecen-los-poderes-en-los-estados-como-plantean-los-senadores\/#primaryimage\"},\"thumbnailUrl\":\"https:\/\/www.sonoraenequipo.com.mx\/storage\/2024\/03\/Desaparecer-poderes-min.jpg\",\"articleSection\":[\"Rep\u00fablica\"],\"inLanguage\":\"es\",\"potentialAction\":[{\"@type\":\"CommentAction\",\"name\":\"Comment\",\"target\":[\"https:\/\/www.sonoraenequipo.com.mx\/que-pasaria-si-desaparecen-los-poderes-en-los-estados-como-plantean-los-senadores\/#respond\"]}]},{\"@type\":\"WebPage\",\"@id\":\"https:\/\/www.sonoraenequipo.com.mx\/que-pasaria-si-desaparecen-los-poderes-en-los-estados-como-plantean-los-senadores\/\",\"url\":\"https:\/\/www.sonoraenequipo.com.mx\/que-pasaria-si-desaparecen-los-poderes-en-los-estados-como-plantean-los-senadores\/\",\"name\":\"Sonora en Equipo. \u00bfQu\u00e9 pasar\u00eda si desaparecen los poderes en los estados, como plantean los senadores? Rep\u00fablica\",\"isPartOf\":{\"@id\":\"https:\/\/www.sonoraenequipo.com.mx\/#website\"},\"primaryImageOfPage\":{\"@id\":\"https:\/\/www.sonoraenequipo.com.mx\/que-pasaria-si-desaparecen-los-poderes-en-los-estados-como-plantean-los-senadores\/#primaryimage\"},\"image\":{\"@id\":\"https:\/\/www.sonoraenequipo.com.mx\/que-pasaria-si-desaparecen-los-poderes-en-los-estados-como-plantean-los-senadores\/#primaryimage\"},\"thumbnailUrl\":\"https:\/\/www.sonoraenequipo.com.mx\/storage\/2024\/03\/Desaparecer-poderes-min.jpg\",\"datePublished\":\"2024-03-21T23:10:14+00:00\",\"dateModified\":\"2024-03-22T02:46:09+00:00\",\"description\":\"CIUDAD DE M\u00c9XICO. MX. \u2014 La desaparici\u00f3n de los poderes estatales constituye un recurso excepcional, contemplado en la Constituci\u00f3n, para salvaguardar el En Sonora en Equipo publicamos toda la informaci\u00f3n de Sonora, M\u00e9xico y el Mundo de manera oportuna y busca que la libertad de expresi\u00f3n sea real. Visita nuestro medio informativo publicado desde Hermosillo, Sonora. %\",\"breadcrumb\":{\"@id\":\"https:\/\/www.sonoraenequipo.com.mx\/que-pasaria-si-desaparecen-los-poderes-en-los-estados-como-plantean-los-senadores\/#breadcrumb\"},\"inLanguage\":\"es\",\"potentialAction\":[{\"@type\":\"ReadAction\",\"target\":[\"https:\/\/www.sonoraenequipo.com.mx\/que-pasaria-si-desaparecen-los-poderes-en-los-estados-como-plantean-los-senadores\/\"]}]},{\"@type\":\"ImageObject\",\"inLanguage\":\"es\",\"@id\":\"https:\/\/www.sonoraenequipo.com.mx\/que-pasaria-si-desaparecen-los-poderes-en-los-estados-como-plantean-los-senadores\/#primaryimage\",\"url\":\"https:\/\/www.sonoraenequipo.com.mx\/storage\/2024\/03\/Desaparecer-poderes-min.jpg\",\"contentUrl\":\"https:\/\/www.sonoraenequipo.com.mx\/storage\/2024\/03\/Desaparecer-poderes-min.jpg\",\"width\":650,\"height\":433},{\"@type\":\"BreadcrumbList\",\"@id\":\"https:\/\/www.sonoraenequipo.com.mx\/que-pasaria-si-desaparecen-los-poderes-en-los-estados-como-plantean-los-senadores\/#breadcrumb\",\"itemListElement\":[{\"@type\":\"ListItem\",\"position\":1,\"name\":\"Portada\",\"item\":\"https:\/\/www.sonoraenequipo.com.mx\/\"},{\"@type\":\"ListItem\",\"position\":2,\"name\":\"\u00bfQu\u00e9 pasar\u00eda si desaparecen los poderes en los estados, como plantean los senadores?\"}]},{\"@type\":\"WebSite\",\"@id\":\"https:\/\/www.sonoraenequipo.com.mx\/#website\",\"url\":\"https:\/\/www.sonoraenequipo.com.mx\/\",\"name\":\"Sonora en Equipo.\",\"description\":\"Diario en l\u00ednea con Noticias desde Hermosillo, Sonora\",\"publisher\":{\"@id\":\"https:\/\/www.sonoraenequipo.com.mx\/#organization\"},\"potentialAction\":[{\"@type\":\"SearchAction\",\"target\":{\"@type\":\"EntryPoint\",\"urlTemplate\":\"https:\/\/www.sonoraenequipo.com.mx\/?s={search_term_string}\"},\"query-input\":{\"@type\":\"PropertyValueSpecification\",\"valueRequired\":true,\"valueName\":\"search_term_string\"}}],\"inLanguage\":\"es\"},{\"@type\":\"Organization\",\"@id\":\"https:\/\/www.sonoraenequipo.com.mx\/#organization\",\"name\":\"Sonoraenequipo.com.mx\",\"url\":\"https:\/\/www.sonoraenequipo.com.mx\/\",\"logo\":{\"@type\":\"ImageObject\",\"inLanguage\":\"es\",\"@id\":\"https:\/\/www.sonoraenequipo.com.mx\/#\/schema\/logo\/image\/\",\"url\":\"https:\/\/www.sonoraenequipo.com.mx\/storage\/2019\/01\/sonoraenequipo_opt.png\",\"contentUrl\":\"https:\/\/www.sonoraenequipo.com.mx\/storage\/2019\/01\/sonoraenequipo_opt.png\",\"width\":375,\"height\":125,\"caption\":\"Sonoraenequipo.com.mx\"},\"image\":{\"@id\":\"https:\/\/www.sonoraenequipo.com.mx\/#\/schema\/logo\/image\/\"},\"sameAs\":[\"https:\/\/www.facebook.com\/SonoraEE\/\",\"https:\/\/x.com\/sonoraenequipo\",\"https:\/\/www.youtube.com\/channel\/UC338nW-lPEYmJQs4ZABQ1SQ\"]},{\"@type\":\"Person\",\"@id\":\"https:\/\/www.sonoraenequipo.com.mx\/#\/schema\/person\/50102df0fb23a8fa9e8effad8fa81386\",\"name\":\"enequipo\",\"image\":{\"@type\":\"ImageObject\",\"inLanguage\":\"es\",\"@id\":\"https:\/\/www.sonoraenequipo.com.mx\/#\/schema\/person\/image\/\",\"url\":\"https:\/\/secure.gravatar.com\/avatar\/049821681b589dabc0bc20695993ccebb09f5b5d4d790cd9251b97faac7c652b?s=96&d=blank&r=g\",\"contentUrl\":\"https:\/\/secure.gravatar.com\/avatar\/049821681b589dabc0bc20695993ccebb09f5b5d4d790cd9251b97faac7c652b?s=96&d=blank&r=g\",\"caption\":\"enequipo\"},\"sameAs\":[\"https:\/\/www.facebook.com\/SonoraEE\"]}]}<\/script>\n ","yoast_head_json":{"title":"Sonora en Equipo. \u00bfQu\u00e9 pasar\u00eda si desaparecen los poderes en los estados, como plantean los senadores? Rep\u00fablica","description":"CIUDAD DE M\u00c9XICO. MX. \u2014 La desaparici\u00f3n de los poderes estatales constituye un recurso excepcional, contemplado en la Constituci\u00f3n, para salvaguardar el En Sonora en Equipo publicamos toda la informaci\u00f3n de Sonora, M\u00e9xico y el Mundo de manera oportuna y busca que la libertad de expresi\u00f3n sea real. Visita nuestro medio informativo publicado desde Hermosillo, Sonora. %","robots":{"index":"index","follow":"follow","max-snippet":"max-snippet:-1","max-image-preview":"max-image-preview:large","max-video-preview":"max-video-preview:-1"},"canonical":"https:\/\/www.sonoraenequipo.com.mx\/que-pasaria-si-desaparecen-los-poderes-en-los-estados-como-plantean-los-senadores\/","og_locale":"es_ES","og_type":"article","og_title":"Sonora en Equipo. \u00bfQu\u00e9 pasar\u00eda si desaparecen los poderes en los estados, como plantean los senadores? Rep\u00fablica","og_description":"CIUDAD DE M\u00c9XICO. MX. \u2014 La desaparici\u00f3n de los poderes estatales constituye un recurso excepcional, contemplado en la Constituci\u00f3n, para salvaguardar el En Sonora en Equipo publicamos toda la informaci\u00f3n de Sonora, M\u00e9xico y el Mundo de manera oportuna y busca que la libertad de expresi\u00f3n sea real. Visita nuestro medio informativo publicado desde Hermosillo, Sonora. %","og_url":"https:\/\/www.sonoraenequipo.com.mx\/que-pasaria-si-desaparecen-los-poderes-en-los-estados-como-plantean-los-senadores\/","og_site_name":"Sonora en Equipo.","article_publisher":"https:\/\/www.facebook.com\/SonoraEE\/","article_author":"https:\/\/www.facebook.com\/SonoraEE","article_published_time":"2024-03-21T23:10:14+00:00","article_modified_time":"2024-03-22T02:46:09+00:00","og_image":[{"width":650,"height":433,"url":"https:\/\/www.sonoraenequipo.com.mx\/storage\/2024\/03\/Desaparecer-poderes-min.jpg","type":"image\/jpeg"}],"author":"enequipo","twitter_card":"summary_large_image","twitter_creator":"@sonoraenequipo","twitter_site":"@sonoraenequipo","twitter_misc":{"Escrito por":"enequipo","Tiempo de lectura":"2 minutos"},"schema":{"@context":"https:\/\/schema.org","@graph":[{"@type":"Article","@id":"https:\/\/www.sonoraenequipo.com.mx\/que-pasaria-si-desaparecen-los-poderes-en-los-estados-como-plantean-los-senadores\/#article","isPartOf":{"@id":"https:\/\/www.sonoraenequipo.com.mx\/que-pasaria-si-desaparecen-los-poderes-en-los-estados-como-plantean-los-senadores\/"},"author":{"name":"enequipo","@id":"https:\/\/www.sonoraenequipo.com.mx\/#\/schema\/person\/50102df0fb23a8fa9e8effad8fa81386"},"headline":"\u00bfQu\u00e9 pasar\u00eda si desaparecen los poderes en los estados, como plantean los senadores?","datePublished":"2024-03-21T23:10:14+00:00","dateModified":"2024-03-22T02:46:09+00:00","mainEntityOfPage":{"@id":"https:\/\/www.sonoraenequipo.com.mx\/que-pasaria-si-desaparecen-los-poderes-en-los-estados-como-plantean-los-senadores\/"},"wordCount":400,"commentCount":0,"publisher":{"@id":"https:\/\/www.sonoraenequipo.com.mx\/#organization"},"image":{"@id":"https:\/\/www.sonoraenequipo.com.mx\/que-pasaria-si-desaparecen-los-poderes-en-los-estados-como-plantean-los-senadores\/#primaryimage"},"thumbnailUrl":"https:\/\/www.sonoraenequipo.com.mx\/storage\/2024\/03\/Desaparecer-poderes-min.jpg","articleSection":["Rep\u00fablica"],"inLanguage":"es","potentialAction":[{"@type":"CommentAction","name":"Comment","target":["https:\/\/www.sonoraenequipo.com.mx\/que-pasaria-si-desaparecen-los-poderes-en-los-estados-como-plantean-los-senadores\/#respond"]}]},{"@type":"WebPage","@id":"https:\/\/www.sonoraenequipo.com.mx\/que-pasaria-si-desaparecen-los-poderes-en-los-estados-como-plantean-los-senadores\/","url":"https:\/\/www.sonoraenequipo.com.mx\/que-pasaria-si-desaparecen-los-poderes-en-los-estados-como-plantean-los-senadores\/","name":"Sonora en Equipo. \u00bfQu\u00e9 pasar\u00eda si desaparecen los poderes en los estados, como plantean los senadores? Rep\u00fablica","isPartOf":{"@id":"https:\/\/www.sonoraenequipo.com.mx\/#website"},"primaryImageOfPage":{"@id":"https:\/\/www.sonoraenequipo.com.mx\/que-pasaria-si-desaparecen-los-poderes-en-los-estados-como-plantean-los-senadores\/#primaryimage"},"image":{"@id":"https:\/\/www.sonoraenequipo.com.mx\/que-pasaria-si-desaparecen-los-poderes-en-los-estados-como-plantean-los-senadores\/#primaryimage"},"thumbnailUrl":"https:\/\/www.sonoraenequipo.com.mx\/storage\/2024\/03\/Desaparecer-poderes-min.jpg","datePublished":"2024-03-21T23:10:14+00:00","dateModified":"2024-03-22T02:46:09+00:00","description":"CIUDAD DE M\u00c9XICO. MX. \u2014 La desaparici\u00f3n de los poderes estatales constituye un recurso excepcional, contemplado en la Constituci\u00f3n, para salvaguardar el En Sonora en Equipo publicamos toda la informaci\u00f3n de Sonora, M\u00e9xico y el Mundo de manera oportuna y busca que la libertad de expresi\u00f3n sea real. Visita nuestro medio informativo publicado desde Hermosillo, Sonora. %","breadcrumb":{"@id":"https:\/\/www.sonoraenequipo.com.mx\/que-pasaria-si-desaparecen-los-poderes-en-los-estados-como-plantean-los-senadores\/#breadcrumb"},"inLanguage":"es","potentialAction":[{"@type":"ReadAction","target":["https:\/\/www.sonoraenequipo.com.mx\/que-pasaria-si-desaparecen-los-poderes-en-los-estados-como-plantean-los-senadores\/"]}]},{"@type":"ImageObject","inLanguage":"es","@id":"https:\/\/www.sonoraenequipo.com.mx\/que-pasaria-si-desaparecen-los-poderes-en-los-estados-como-plantean-los-senadores\/#primaryimage","url":"https:\/\/www.sonoraenequipo.com.mx\/storage\/2024\/03\/Desaparecer-poderes-min.jpg","contentUrl":"https:\/\/www.sonoraenequipo.com.mx\/storage\/2024\/03\/Desaparecer-poderes-min.jpg","width":650,"height":433},{"@type":"BreadcrumbList","@id":"https:\/\/www.sonoraenequipo.com.mx\/que-pasaria-si-desaparecen-los-poderes-en-los-estados-como-plantean-los-senadores\/#breadcrumb","itemListElement":[{"@type":"ListItem","position":1,"name":"Portada","item":"https:\/\/www.sonoraenequipo.com.mx\/"},{"@type":"ListItem","position":2,"name":"\u00bfQu\u00e9 pasar\u00eda si desaparecen los poderes en los estados, como plantean los senadores?"}]},{"@type":"WebSite","@id":"https:\/\/www.sonoraenequipo.com.mx\/#website","url":"https:\/\/www.sonoraenequipo.com.mx\/","name":"Sonora en Equipo.","description":"Diario en l\u00ednea con Noticias desde Hermosillo, Sonora","publisher":{"@id":"https:\/\/www.sonoraenequipo.com.mx\/#organization"},"potentialAction":[{"@type":"SearchAction","target":{"@type":"EntryPoint","urlTemplate":"https:\/\/www.sonoraenequipo.com.mx\/?s={search_term_string}"},"query-input":{"@type":"PropertyValueSpecification","valueRequired":true,"valueName":"search_term_string"}}],"inLanguage":"es"},{"@type":"Organization","@id":"https:\/\/www.sonoraenequipo.com.mx\/#organization","name":"Sonoraenequipo.com.mx","url":"https:\/\/www.sonoraenequipo.com.mx\/","logo":{"@type":"ImageObject","inLanguage":"es","@id":"https:\/\/www.sonoraenequipo.com.mx\/#\/schema\/logo\/image\/","url":"https:\/\/www.sonoraenequipo.com.mx\/storage\/2019\/01\/sonoraenequipo_opt.png","contentUrl":"https:\/\/www.sonoraenequipo.com.mx\/storage\/2019\/01\/sonoraenequipo_opt.png","width":375,"height":125,"caption":"Sonoraenequipo.com.mx"},"image":{"@id":"https:\/\/www.sonoraenequipo.com.mx\/#\/schema\/logo\/image\/"},"sameAs":["https:\/\/www.facebook.com\/SonoraEE\/","https:\/\/x.com\/sonoraenequipo","https:\/\/www.youtube.com\/channel\/UC338nW-lPEYmJQs4ZABQ1SQ"]},{"@type":"Person","@id":"https:\/\/www.sonoraenequipo.com.mx\/#\/schema\/person\/50102df0fb23a8fa9e8effad8fa81386","name":"enequipo","image":{"@type":"ImageObject","inLanguage":"es","@id":"https:\/\/www.sonoraenequipo.com.mx\/#\/schema\/person\/image\/","url":"https:\/\/secure.gravatar.com\/avatar\/049821681b589dabc0bc20695993ccebb09f5b5d4d790cd9251b97faac7c652b?s=96&d=blank&r=g","contentUrl":"https:\/\/secure.gravatar.com\/avatar\/049821681b589dabc0bc20695993ccebb09f5b5d4d790cd9251b97faac7c652b?s=96&d=blank&r=g","caption":"enequipo"},"sameAs":["https:\/\/www.facebook.com\/SonoraEE"]}]}},"jetpack_featured_media_url":"https:\/\/www.sonoraenequipo.com.mx\/storage\/2024\/03\/Desaparecer-poderes-min.jpg","_links":{"self":[{"href":"https:\/\/www.sonoraenequipo.com.mx\/api\/wp\/v2\/posts\/186007","targetHints":{"allow":["GET"]}}],"collection":[{"href":"https:\/\/www.sonoraenequipo.com.mx\/api\/wp\/v2\/posts"}],"about":[{"href":"https:\/\/www.sonoraenequipo.com.mx\/api\/wp\/v2\/types\/post"}],"author":[{"embeddable":true,"href":"https:\/\/www.sonoraenequipo.com.mx\/api\/wp\/v2\/users\/1"}],"replies":[{"embeddable":true,"href":"https:\/\/www.sonoraenequipo.com.mx\/api\/wp\/v2\/comments?post=186007"}],"version-history":[{"count":2,"href":"https:\/\/www.sonoraenequipo.com.mx\/api\/wp\/v2\/posts\/186007\/revisions"}],"predecessor-version":[{"id":186010,"href":"https:\/\/www.sonoraenequipo.com.mx\/api\/wp\/v2\/posts\/186007\/revisions\/186010"}],"wp:featuredmedia":[{"embeddable":true,"href":"https:\/\/www.sonoraenequipo.com.mx\/api\/wp\/v2\/media\/186008"}],"wp:attachment":[{"href":"https:\/\/www.sonoraenequipo.com.mx\/api\/wp\/v2\/media?parent=186007"}],"wp:term":[{"taxonomy":"category","embeddable":true,"href":"https:\/\/www.sonoraenequipo.com.mx\/api\/wp\/v2\/categories?post=186007"},{"taxonomy":"post_tag","embeddable":true,"href":"https:\/\/www.sonoraenequipo.com.mx\/api\/wp\/v2\/tags?post=186007"}],"curies":[{"name":"wp","href":"https:\/\/api.w.org\/{rel}","templated":true}]}}