{"id":186013,"date":"2024-03-21T18:38:00","date_gmt":"2024-03-22T01:38:00","guid":{"rendered":"https:\/\/www.sonoraenequipo.com.mx\/?p=186013"},"modified":"2024-03-21T22:39:16","modified_gmt":"2024-03-22T05:39:16","slug":"revisara-ine-escritura-del-nombre-de-alvarez-maynez-en-la-boleta","status":"publish","type":"post","link":"https:\/\/www.sonoraenequipo.com.mx\/revisara-ine-escritura-del-nombre-de-alvarez-maynez-en-la-boleta\/","title":{"rendered":"Revisar\u00e1 INE escritura del nombre de \u00c1lvarez M\u00e1ynez en la boleta"},"content":{"rendered":"<p><strong>CIUDAD DE M\u00c9XICO. MX.\u2014<\/strong> El Consejo General del Instituto Nacional Electoral (INE) tendr\u00e1 que resolver si hay manera de corregir que el segundo apellido del candidato de Movimiento Ciudadano a la presidencia de la Rep\u00fablica, Jorge \u00c1lvarez M\u00e1ynez, aparezca con el acento en la boleta electoral.<\/p>\n<p> <\/p>\n<p>La sala superior del Tribunal Electoral del Poder Judicial de la Federaci\u00f3n determin\u00f3 en la sesi\u00f3n p\u00fablica de hoy que la decisi\u00f3n no puede resolverla una direcci\u00f3n ejecutiva del instituto electoral, sino los consejeros en una sesi\u00f3n del consejo general.<\/p>\n<p>De ese modo, el tribunal revoc\u00f3 el acuerdo del INE y le orden\u00f3 que revisara este caso que fue impugnado por el partido naranja.<\/p>\n<p>El abanderado presidencial solicit\u00f3 la correcci\u00f3n y recibi\u00f3 respuesta de la Direcci\u00f3n Ejecutiva de Organizaci\u00f3n Electoral una negativa, lo que \u00c1lvarez M\u00e1ynez impugn\u00f3 ante la Sala Superior del Tribunal Electoral del Poder Judicial de la Federaci\u00f3n.<\/p>\n<p>A pesar de que la impresi\u00f3n de las boletas presidenciales arranc\u00f3 desde el 1 de marzo y los partidos pol\u00edticos tuvieron conocimiento de su dise\u00f1o e impresi\u00f3n que fue aprobada por el Consejo General, el candidato de Movimiento Ciudadano aleg\u00f3 que su apellido no ten\u00eda acento, lo que no impugn\u00f3 ni se\u00f1al\u00f3 el representante del partido Miguel Castro Rend\u00f3n en ning\u00fan momento.<\/p>\n<p>PUBLICADO EL 21 DE MARZO DE 2024\/)<\/p>\n","protected":false},"excerpt":{"rendered":"<p>CIUDAD DE M\u00c9XICO. MX.\u2014 El Consejo General del Instituto Nacional Electoral (INE) tendr\u00e1 que resolver&#8230;<\/p>\n","protected":false},"author":1,"featured_media":186015,"comment_status":"open","ping_status":"open","sticky":false,"template":"","format":"standard","meta":{"_monsterinsights_skip_tracking":false,"_monsterinsights_sitenote_active":false,"_monsterinsights_sitenote_note":"","_monsterinsights_sitenote_category":0,"footnotes":""},"categories":[9400],"tags":[],"class_list":["post"],"yoast_head":" \n<title>Sonora en Equipo. Revisar\u00e1 INE escritura del nombre de \u00c1lvarez M\u00e1ynez en la boleta ELECCI\u00d3NES<\/title>\n<meta name=\"description\" content=\"CIUDAD DE M\u00c9XICO. MX.\u2014 El Consejo General del Instituto Nacional Electoral (INE) tendr\u00e1 que resolver si hay manera de corregir que el segundo apellido del En Sonora en Equipo publicamos toda la informaci\u00f3n de Sonora, M\u00e9xico y el Mundo de manera oportuna y busca que la libertad de expresi\u00f3n sea real. Visita nuestro medio informativo publicado desde Hermosillo, Sonora. %\" \/>\n<meta name=\"robots\" content=\"index, follow, max-snippet:-1, max-image-preview:large, max-video-preview:-1\" \/>\n<link rel=\"canonical\" href=\"https:\/\/www.sonoraenequipo.com.mx\/revisara-ine-escritura-del-nombre-de-alvarez-maynez-en-la-boleta\/\" \/>\n<meta property=\"og:locale\" content=\"es_ES\" \/>\n<meta property=\"og:type\" content=\"article\" \/>\n<meta property=\"og:title\" content=\"Sonora en Equipo. Revisar\u00e1 INE escritura del nombre de \u00c1lvarez M\u00e1ynez en la boleta ELECCI\u00d3NES\" \/>\n<meta property=\"og:description\" content=\"CIUDAD DE M\u00c9XICO. MX.\u2014 El Consejo General del Instituto Nacional Electoral (INE) tendr\u00e1 que resolver si hay manera de corregir que el segundo apellido del En Sonora en Equipo publicamos toda la informaci\u00f3n de Sonora, M\u00e9xico y el Mundo de manera oportuna y busca que la libertad de expresi\u00f3n sea real. Visita nuestro medio informativo publicado desde Hermosillo, Sonora. %\" \/>\n<meta property=\"og:url\" content=\"https:\/\/www.sonoraenequipo.com.mx\/revisara-ine-escritura-del-nombre-de-alvarez-maynez-en-la-boleta\/\" \/>\n<meta property=\"og:site_name\" content=\"Sonora en Equipo.\" \/>\n<meta property=\"article:publisher\" content=\"https:\/\/www.facebook.com\/SonoraEE\/\" \/>\n<meta property=\"article:author\" content=\"https:\/\/www.facebook.com\/SonoraEE\" \/>\n<meta property=\"article:published_time\" content=\"2024-03-22T01:38:00+00:00\" \/>\n<meta property=\"article:modified_time\" content=\"2024-03-22T05:39:16+00:00\" \/>\n<meta property=\"og:image\" content=\"https:\/\/www.sonoraenequipo.com.mx\/storage\/2024\/03\/ine_maynez-min.jpg\" \/>\n\t<meta property=\"og:image:width\" content=\"1024\" \/>\n\t<meta property=\"og:image:height\" content=\"682\" \/>\n\t<meta property=\"og:image:type\" content=\"image\/jpeg\" \/>\n<meta name=\"author\" content=\"enequipo\" \/>\n<meta name=\"twitter:card\" content=\"summary_large_image\" \/>\n<meta name=\"twitter:creator\" content=\"@sonoraenequipo\" \/>\n<meta name=\"twitter:site\" content=\"@sonoraenequipo\" \/>\n<meta name=\"twitter:label1\" content=\"Escrito por\" \/>\n\t<meta name=\"twitter:data1\" content=\"enequipo\" \/>\n\t<meta name=\"twitter:label2\" content=\"Tiempo de lectura\" \/>\n\t<meta name=\"twitter:data2\" content=\"1 minuto\" \/>\n<script type=\"application\/ld+json\" class=\"yoast-schema-graph\">{\"@context\":\"https:\/\/schema.org\",\"@graph\":[{\"@type\":\"Article\",\"@id\":\"https:\/\/www.sonoraenequipo.com.mx\/revisara-ine-escritura-del-nombre-de-alvarez-maynez-en-la-boleta\/#article\",\"isPartOf\":{\"@id\":\"https:\/\/www.sonoraenequipo.com.mx\/revisara-ine-escritura-del-nombre-de-alvarez-maynez-en-la-boleta\/\"},\"author\":{\"name\":\"enequipo\",\"@id\":\"https:\/\/www.sonoraenequipo.com.mx\/#\/schema\/person\/50102df0fb23a8fa9e8effad8fa81386\"},\"headline\":\"Revisar\u00e1 INE escritura del nombre de \u00c1lvarez M\u00e1ynez en la boleta\",\"datePublished\":\"2024-03-22T01:38:00+00:00\",\"dateModified\":\"2024-03-22T05:39:16+00:00\",\"mainEntityOfPage\":{\"@id\":\"https:\/\/www.sonoraenequipo.com.mx\/revisara-ine-escritura-del-nombre-de-alvarez-maynez-en-la-boleta\/\"},\"wordCount\":246,\"commentCount\":0,\"publisher\":{\"@id\":\"https:\/\/www.sonoraenequipo.com.mx\/#organization\"},\"image\":{\"@id\":\"https:\/\/www.sonoraenequipo.com.mx\/revisara-ine-escritura-del-nombre-de-alvarez-maynez-en-la-boleta\/#primaryimage\"},\"thumbnailUrl\":\"https:\/\/www.sonoraenequipo.com.mx\/storage\/2024\/03\/ine_maynez-min.jpg\",\"articleSection\":[\"ELECCI\u00d3NES\"],\"inLanguage\":\"es\",\"potentialAction\":[{\"@type\":\"CommentAction\",\"name\":\"Comment\",\"target\":[\"https:\/\/www.sonoraenequipo.com.mx\/revisara-ine-escritura-del-nombre-de-alvarez-maynez-en-la-boleta\/#respond\"]}]},{\"@type\":\"WebPage\",\"@id\":\"https:\/\/www.sonoraenequipo.com.mx\/revisara-ine-escritura-del-nombre-de-alvarez-maynez-en-la-boleta\/\",\"url\":\"https:\/\/www.sonoraenequipo.com.mx\/revisara-ine-escritura-del-nombre-de-alvarez-maynez-en-la-boleta\/\",\"name\":\"Sonora en Equipo. Revisar\u00e1 INE escritura del nombre de \u00c1lvarez M\u00e1ynez en la boleta ELECCI\u00d3NES\",\"isPartOf\":{\"@id\":\"https:\/\/www.sonoraenequipo.com.mx\/#website\"},\"primaryImageOfPage\":{\"@id\":\"https:\/\/www.sonoraenequipo.com.mx\/revisara-ine-escritura-del-nombre-de-alvarez-maynez-en-la-boleta\/#primaryimage\"},\"image\":{\"@id\":\"https:\/\/www.sonoraenequipo.com.mx\/revisara-ine-escritura-del-nombre-de-alvarez-maynez-en-la-boleta\/#primaryimage\"},\"thumbnailUrl\":\"https:\/\/www.sonoraenequipo.com.mx\/storage\/2024\/03\/ine_maynez-min.jpg\",\"datePublished\":\"2024-03-22T01:38:00+00:00\",\"dateModified\":\"2024-03-22T05:39:16+00:00\",\"description\":\"CIUDAD DE M\u00c9XICO. MX.\u2014 El Consejo General del Instituto Nacional Electoral (INE) tendr\u00e1 que resolver si hay manera de corregir que el segundo apellido del En Sonora en Equipo publicamos toda la informaci\u00f3n de Sonora, M\u00e9xico y el Mundo de manera oportuna y busca que la libertad de expresi\u00f3n sea real. Visita nuestro medio informativo publicado desde Hermosillo, Sonora. %\",\"breadcrumb\":{\"@id\":\"https:\/\/www.sonoraenequipo.com.mx\/revisara-ine-escritura-del-nombre-de-alvarez-maynez-en-la-boleta\/#breadcrumb\"},\"inLanguage\":\"es\",\"potentialAction\":[{\"@type\":\"ReadAction\",\"target\":[\"https:\/\/www.sonoraenequipo.com.mx\/revisara-ine-escritura-del-nombre-de-alvarez-maynez-en-la-boleta\/\"]}]},{\"@type\":\"ImageObject\",\"inLanguage\":\"es\",\"@id\":\"https:\/\/www.sonoraenequipo.com.mx\/revisara-ine-escritura-del-nombre-de-alvarez-maynez-en-la-boleta\/#primaryimage\",\"url\":\"https:\/\/www.sonoraenequipo.com.mx\/storage\/2024\/03\/ine_maynez-min.jpg\",\"contentUrl\":\"https:\/\/www.sonoraenequipo.com.mx\/storage\/2024\/03\/ine_maynez-min.jpg\",\"width\":1024,\"height\":682},{\"@type\":\"BreadcrumbList\",\"@id\":\"https:\/\/www.sonoraenequipo.com.mx\/revisara-ine-escritura-del-nombre-de-alvarez-maynez-en-la-boleta\/#breadcrumb\",\"itemListElement\":[{\"@type\":\"ListItem\",\"position\":1,\"name\":\"Portada\",\"item\":\"https:\/\/www.sonoraenequipo.com.mx\/\"},{\"@type\":\"ListItem\",\"position\":2,\"name\":\"Revisar\u00e1 INE escritura del nombre de \u00c1lvarez M\u00e1ynez en la boleta\"}]},{\"@type\":\"WebSite\",\"@id\":\"https:\/\/www.sonoraenequipo.com.mx\/#website\",\"url\":\"https:\/\/www.sonoraenequipo.com.mx\/\",\"name\":\"Sonora en Equipo.\",\"description\":\"Diario en l\u00ednea con Noticias desde Hermosillo, Sonora\",\"publisher\":{\"@id\":\"https:\/\/www.sonoraenequipo.com.mx\/#organization\"},\"potentialAction\":[{\"@type\":\"SearchAction\",\"target\":{\"@type\":\"EntryPoint\",\"urlTemplate\":\"https:\/\/www.sonoraenequipo.com.mx\/?s={search_term_string}\"},\"query-input\":{\"@type\":\"PropertyValueSpecification\",\"valueRequired\":true,\"valueName\":\"search_term_string\"}}],\"inLanguage\":\"es\"},{\"@type\":\"Organization\",\"@id\":\"https:\/\/www.sonoraenequipo.com.mx\/#organization\",\"name\":\"Sonoraenequipo.com.mx\",\"url\":\"https:\/\/www.sonoraenequipo.com.mx\/\",\"logo\":{\"@type\":\"ImageObject\",\"inLanguage\":\"es\",\"@id\":\"https:\/\/www.sonoraenequipo.com.mx\/#\/schema\/logo\/image\/\",\"url\":\"https:\/\/www.sonoraenequipo.com.mx\/storage\/2019\/01\/sonoraenequipo_opt.png\",\"contentUrl\":\"https:\/\/www.sonoraenequipo.com.mx\/storage\/2019\/01\/sonoraenequipo_opt.png\",\"width\":375,\"height\":125,\"caption\":\"Sonoraenequipo.com.mx\"},\"image\":{\"@id\":\"https:\/\/www.sonoraenequipo.com.mx\/#\/schema\/logo\/image\/\"},\"sameAs\":[\"https:\/\/www.facebook.com\/SonoraEE\/\",\"https:\/\/x.com\/sonoraenequipo\",\"https:\/\/www.youtube.com\/channel\/UC338nW-lPEYmJQs4ZABQ1SQ\"]},{\"@type\":\"Person\",\"@id\":\"https:\/\/www.sonoraenequipo.com.mx\/#\/schema\/person\/50102df0fb23a8fa9e8effad8fa81386\",\"name\":\"enequipo\",\"image\":{\"@type\":\"ImageObject\",\"inLanguage\":\"es\",\"@id\":\"https:\/\/www.sonoraenequipo.com.mx\/#\/schema\/person\/image\/\",\"url\":\"https:\/\/secure.gravatar.com\/avatar\/049821681b589dabc0bc20695993ccebb09f5b5d4d790cd9251b97faac7c652b?s=96&d=blank&r=g\",\"contentUrl\":\"https:\/\/secure.gravatar.com\/avatar\/049821681b589dabc0bc20695993ccebb09f5b5d4d790cd9251b97faac7c652b?s=96&d=blank&r=g\",\"caption\":\"enequipo\"},\"sameAs\":[\"https:\/\/www.facebook.com\/SonoraEE\"]}]}<\/script>\n ","yoast_head_json":{"title":"Sonora en Equipo. Revisar\u00e1 INE escritura del nombre de \u00c1lvarez M\u00e1ynez en la boleta ELECCI\u00d3NES","description":"CIUDAD DE M\u00c9XICO. MX.\u2014 El Consejo General del Instituto Nacional Electoral (INE) tendr\u00e1 que resolver si hay manera de corregir que el segundo apellido del En Sonora en Equipo publicamos toda la informaci\u00f3n de Sonora, M\u00e9xico y el Mundo de manera oportuna y busca que la libertad de expresi\u00f3n sea real. Visita nuestro medio informativo publicado desde Hermosillo, Sonora. %","robots":{"index":"index","follow":"follow","max-snippet":"max-snippet:-1","max-image-preview":"max-image-preview:large","max-video-preview":"max-video-preview:-1"},"canonical":"https:\/\/www.sonoraenequipo.com.mx\/revisara-ine-escritura-del-nombre-de-alvarez-maynez-en-la-boleta\/","og_locale":"es_ES","og_type":"article","og_title":"Sonora en Equipo. Revisar\u00e1 INE escritura del nombre de \u00c1lvarez M\u00e1ynez en la boleta ELECCI\u00d3NES","og_description":"CIUDAD DE M\u00c9XICO. MX.\u2014 El Consejo General del Instituto Nacional Electoral (INE) tendr\u00e1 que resolver si hay manera de corregir que el segundo apellido del En Sonora en Equipo publicamos toda la informaci\u00f3n de Sonora, M\u00e9xico y el Mundo de manera oportuna y busca que la libertad de expresi\u00f3n sea real. Visita nuestro medio informativo publicado desde Hermosillo, Sonora. %","og_url":"https:\/\/www.sonoraenequipo.com.mx\/revisara-ine-escritura-del-nombre-de-alvarez-maynez-en-la-boleta\/","og_site_name":"Sonora en Equipo.","article_publisher":"https:\/\/www.facebook.com\/SonoraEE\/","article_author":"https:\/\/www.facebook.com\/SonoraEE","article_published_time":"2024-03-22T01:38:00+00:00","article_modified_time":"2024-03-22T05:39:16+00:00","og_image":[{"width":1024,"height":682,"url":"https:\/\/www.sonoraenequipo.com.mx\/storage\/2024\/03\/ine_maynez-min.jpg","type":"image\/jpeg"}],"author":"enequipo","twitter_card":"summary_large_image","twitter_creator":"@sonoraenequipo","twitter_site":"@sonoraenequipo","twitter_misc":{"Escrito por":"enequipo","Tiempo de lectura":"1 minuto"},"schema":{"@context":"https:\/\/schema.org","@graph":[{"@type":"Article","@id":"https:\/\/www.sonoraenequipo.com.mx\/revisara-ine-escritura-del-nombre-de-alvarez-maynez-en-la-boleta\/#article","isPartOf":{"@id":"https:\/\/www.sonoraenequipo.com.mx\/revisara-ine-escritura-del-nombre-de-alvarez-maynez-en-la-boleta\/"},"author":{"name":"enequipo","@id":"https:\/\/www.sonoraenequipo.com.mx\/#\/schema\/person\/50102df0fb23a8fa9e8effad8fa81386"},"headline":"Revisar\u00e1 INE escritura del nombre de \u00c1lvarez M\u00e1ynez en la boleta","datePublished":"2024-03-22T01:38:00+00:00","dateModified":"2024-03-22T05:39:16+00:00","mainEntityOfPage":{"@id":"https:\/\/www.sonoraenequipo.com.mx\/revisara-ine-escritura-del-nombre-de-alvarez-maynez-en-la-boleta\/"},"wordCount":246,"commentCount":0,"publisher":{"@id":"https:\/\/www.sonoraenequipo.com.mx\/#organization"},"image":{"@id":"https:\/\/www.sonoraenequipo.com.mx\/revisara-ine-escritura-del-nombre-de-alvarez-maynez-en-la-boleta\/#primaryimage"},"thumbnailUrl":"https:\/\/www.sonoraenequipo.com.mx\/storage\/2024\/03\/ine_maynez-min.jpg","articleSection":["ELECCI\u00d3NES"],"inLanguage":"es","potentialAction":[{"@type":"CommentAction","name":"Comment","target":["https:\/\/www.sonoraenequipo.com.mx\/revisara-ine-escritura-del-nombre-de-alvarez-maynez-en-la-boleta\/#respond"]}]},{"@type":"WebPage","@id":"https:\/\/www.sonoraenequipo.com.mx\/revisara-ine-escritura-del-nombre-de-alvarez-maynez-en-la-boleta\/","url":"https:\/\/www.sonoraenequipo.com.mx\/revisara-ine-escritura-del-nombre-de-alvarez-maynez-en-la-boleta\/","name":"Sonora en Equipo. Revisar\u00e1 INE escritura del nombre de \u00c1lvarez M\u00e1ynez en la boleta ELECCI\u00d3NES","isPartOf":{"@id":"https:\/\/www.sonoraenequipo.com.mx\/#website"},"primaryImageOfPage":{"@id":"https:\/\/www.sonoraenequipo.com.mx\/revisara-ine-escritura-del-nombre-de-alvarez-maynez-en-la-boleta\/#primaryimage"},"image":{"@id":"https:\/\/www.sonoraenequipo.com.mx\/revisara-ine-escritura-del-nombre-de-alvarez-maynez-en-la-boleta\/#primaryimage"},"thumbnailUrl":"https:\/\/www.sonoraenequipo.com.mx\/storage\/2024\/03\/ine_maynez-min.jpg","datePublished":"2024-03-22T01:38:00+00:00","dateModified":"2024-03-22T05:39:16+00:00","description":"CIUDAD DE M\u00c9XICO. MX.\u2014 El Consejo General del Instituto Nacional Electoral (INE) tendr\u00e1 que resolver si hay manera de corregir que el segundo apellido del En Sonora en Equipo publicamos toda la informaci\u00f3n de Sonora, M\u00e9xico y el Mundo de manera oportuna y busca que la libertad de expresi\u00f3n sea real. Visita nuestro medio informativo publicado desde Hermosillo, Sonora. %","breadcrumb":{"@id":"https:\/\/www.sonoraenequipo.com.mx\/revisara-ine-escritura-del-nombre-de-alvarez-maynez-en-la-boleta\/#breadcrumb"},"inLanguage":"es","potentialAction":[{"@type":"ReadAction","target":["https:\/\/www.sonoraenequipo.com.mx\/revisara-ine-escritura-del-nombre-de-alvarez-maynez-en-la-boleta\/"]}]},{"@type":"ImageObject","inLanguage":"es","@id":"https:\/\/www.sonoraenequipo.com.mx\/revisara-ine-escritura-del-nombre-de-alvarez-maynez-en-la-boleta\/#primaryimage","url":"https:\/\/www.sonoraenequipo.com.mx\/storage\/2024\/03\/ine_maynez-min.jpg","contentUrl":"https:\/\/www.sonoraenequipo.com.mx\/storage\/2024\/03\/ine_maynez-min.jpg","width":1024,"height":682},{"@type":"BreadcrumbList","@id":"https:\/\/www.sonoraenequipo.com.mx\/revisara-ine-escritura-del-nombre-de-alvarez-maynez-en-la-boleta\/#breadcrumb","itemListElement":[{"@type":"ListItem","position":1,"name":"Portada","item":"https:\/\/www.sonoraenequipo.com.mx\/"},{"@type":"ListItem","position":2,"name":"Revisar\u00e1 INE escritura del nombre de \u00c1lvarez M\u00e1ynez en la boleta"}]},{"@type":"WebSite","@id":"https:\/\/www.sonoraenequipo.com.mx\/#website","url":"https:\/\/www.sonoraenequipo.com.mx\/","name":"Sonora en Equipo.","description":"Diario en l\u00ednea con Noticias desde Hermosillo, Sonora","publisher":{"@id":"https:\/\/www.sonoraenequipo.com.mx\/#organization"},"potentialAction":[{"@type":"SearchAction","target":{"@type":"EntryPoint","urlTemplate":"https:\/\/www.sonoraenequipo.com.mx\/?s={search_term_string}"},"query-input":{"@type":"PropertyValueSpecification","valueRequired":true,"valueName":"search_term_string"}}],"inLanguage":"es"},{"@type":"Organization","@id":"https:\/\/www.sonoraenequipo.com.mx\/#organization","name":"Sonoraenequipo.com.mx","url":"https:\/\/www.sonoraenequipo.com.mx\/","logo":{"@type":"ImageObject","inLanguage":"es","@id":"https:\/\/www.sonoraenequipo.com.mx\/#\/schema\/logo\/image\/","url":"https:\/\/www.sonoraenequipo.com.mx\/storage\/2019\/01\/sonoraenequipo_opt.png","contentUrl":"https:\/\/www.sonoraenequipo.com.mx\/storage\/2019\/01\/sonoraenequipo_opt.png","width":375,"height":125,"caption":"Sonoraenequipo.com.mx"},"image":{"@id":"https:\/\/www.sonoraenequipo.com.mx\/#\/schema\/logo\/image\/"},"sameAs":["https:\/\/www.facebook.com\/SonoraEE\/","https:\/\/x.com\/sonoraenequipo","https:\/\/www.youtube.com\/channel\/UC338nW-lPEYmJQs4ZABQ1SQ"]},{"@type":"Person","@id":"https:\/\/www.sonoraenequipo.com.mx\/#\/schema\/person\/50102df0fb23a8fa9e8effad8fa81386","name":"enequipo","image":{"@type":"ImageObject","inLanguage":"es","@id":"https:\/\/www.sonoraenequipo.com.mx\/#\/schema\/person\/image\/","url":"https:\/\/secure.gravatar.com\/avatar\/049821681b589dabc0bc20695993ccebb09f5b5d4d790cd9251b97faac7c652b?s=96&d=blank&r=g","contentUrl":"https:\/\/secure.gravatar.com\/avatar\/049821681b589dabc0bc20695993ccebb09f5b5d4d790cd9251b97faac7c652b?s=96&d=blank&r=g","caption":"enequipo"},"sameAs":["https:\/\/www.facebook.com\/SonoraEE"]}]}},"jetpack_featured_media_url":"https:\/\/www.sonoraenequipo.com.mx\/storage\/2024\/03\/ine_maynez-min.jpg","_links":{"self":[{"href":"https:\/\/www.sonoraenequipo.com.mx\/api\/wp\/v2\/posts\/186013","targetHints":{"allow":["GET"]}}],"collection":[{"href":"https:\/\/www.sonoraenequipo.com.mx\/api\/wp\/v2\/posts"}],"about":[{"href":"https:\/\/www.sonoraenequipo.com.mx\/api\/wp\/v2\/types\/post"}],"author":[{"embeddable":true,"href":"https:\/\/www.sonoraenequipo.com.mx\/api\/wp\/v2\/users\/1"}],"replies":[{"embeddable":true,"href":"https:\/\/www.sonoraenequipo.com.mx\/api\/wp\/v2\/comments?post=186013"}],"version-history":[{"count":2,"href":"https:\/\/www.sonoraenequipo.com.mx\/api\/wp\/v2\/posts\/186013\/revisions"}],"predecessor-version":[{"id":186031,"href":"https:\/\/www.sonoraenequipo.com.mx\/api\/wp\/v2\/posts\/186013\/revisions\/186031"}],"wp:featuredmedia":[{"embeddable":true,"href":"https:\/\/www.sonoraenequipo.com.mx\/api\/wp\/v2\/media\/186015"}],"wp:attachment":[{"href":"https:\/\/www.sonoraenequipo.com.mx\/api\/wp\/v2\/media?parent=186013"}],"wp:term":[{"taxonomy":"category","embeddable":true,"href":"https:\/\/www.sonoraenequipo.com.mx\/api\/wp\/v2\/categories?post=186013"},{"taxonomy":"post_tag","embeddable":true,"href":"https:\/\/www.sonoraenequipo.com.mx\/api\/wp\/v2\/tags?post=186013"}],"curies":[{"name":"wp","href":"https:\/\/api.w.org\/{rel}","templated":true}]}}