{"id":186016,"date":"2024-03-21T20:17:53","date_gmt":"2024-03-22T03:17:53","guid":{"rendered":"https:\/\/www.sonoraenequipo.com.mx\/?p=186016"},"modified":"2024-03-21T20:05:30","modified_gmt":"2024-03-22T03:05:30","slug":"banxico-reduce-su-tasa-de-interes-de-referencia-al-11-primera-baja-en-3-anos","status":"publish","type":"post","link":"https:\/\/www.sonoraenequipo.com.mx\/banxico-reduce-su-tasa-de-interes-de-referencia-al-11-primera-baja-en-3-anos\/","title":{"rendered":"Banxico reduce su tasa de inter\u00e9s de referencia al 11%; primera baja en 3 a\u00f1os"},"content":{"rendered":"<p><strong>CIUDAD DE M\u00c9XICO. MX.\u2014<\/strong> La Junta de Gobierno del Banco de M\u00e9xico (Banxico) ha anunciado una reducci\u00f3n de 25 puntos base en su tasa de inter\u00e9s interbancaria, llev\u00e1ndola al 11%. Este recorte marca la primera disminuci\u00f3n desde febrero de 2021, en respuesta a los niveles de inflaci\u00f3n presentes en el mercado.<\/p>\n<p>&nbsp;<\/p>\n<p> <\/p>\n<p>El banco central, bajo el liderazgo de Victoria Rodr\u00edguez Ceja, hab\u00eda establecido previamente la tasa de referencia en un 4%, antes de elevarla gradualmente hasta alcanzar su nivel m\u00e1s alto en marzo de 2023.<\/p>\n<p>&nbsp;<\/p>\n<p>La decisi\u00f3n de reducir la tasa de inter\u00e9s se tom\u00f3 tras una evaluaci\u00f3n de la mitigaci\u00f3n de los efectos inflacionarios y sus determinantes, as\u00ed como del comportamiento de las expectativas a mediano y largo plazo y el proceso de formaci\u00f3n de precios.<\/p>\n<p>&nbsp;<\/p>\n<p>La Junta de Gobierno del Banxico reconoci\u00f3 el proceso de desinflaci\u00f3n desde su \u00faltima modificaci\u00f3n en la tasa de referencia. Sin embargo, se destacaron retos y riesgos persistentes que justifican continuar con una gesti\u00f3n prudente de la pol\u00edtica monetaria.<\/p>\n<p>&nbsp;<\/p>\n<p>En consecuencia, y con la presencia de todos sus miembros, la Junta de Gobierno decidi\u00f3 por mayor\u00eda reducir en 25 puntos base el objetivo para la tasa de inter\u00e9s interbancaria a un d\u00eda, situ\u00e1ndola en el 11%.<\/p>\n<p>&nbsp;<\/p>\n<p>\u00abCon esta decisi\u00f3n, la postura monetaria se mantiene restrictiva y continuar\u00e1 siendo conducente a la convergencia de la inflaci\u00f3n hacia la meta del 3% en el horizonte de pron\u00f3stico\u00bb, coment\u00f3 un portavoz del banco central.<\/p>\n<p>&nbsp;<\/p>\n<p>Se subray\u00f3 que Banxico seguir\u00e1 monitoreando de cerca las presiones inflacionarias, as\u00ed como todos los factores que afectan la trayectoria esperada de la inflaci\u00f3n y sus expectativas.<\/p>\n<p>&nbsp;<\/p>\n<p>PUBLICADO EL 21 DE MARZO DE 2024\/ Con informaci\u00f3n de<\/p>\n","protected":false},"excerpt":{"rendered":"<p>CIUDAD DE M\u00c9XICO. MX.\u2014 La Junta de Gobierno del Banco de M\u00e9xico (Banxico) ha anunciado&#8230;<\/p>\n","protected":false},"author":1,"featured_media":185999,"comment_status":"open","ping_status":"open","sticky":false,"template":"","format":"standard","meta":{"_monsterinsights_skip_tracking":false,"_monsterinsights_sitenote_active":false,"_monsterinsights_sitenote_note":"","_monsterinsights_sitenote_category":0,"footnotes":""},"categories":[5],"tags":[],"class_list":["post"],"yoast_head":" \n<title>Sonora en Equipo. Banxico reduce su tasa de inter\u00e9s de referencia al 11%; primera baja en 3 a\u00f1os Rep\u00fablica<\/title>\n<meta name=\"description\" content=\"CIUDAD DE M\u00c9XICO. MX.\u2014 La Junta de Gobierno del Banco de M\u00e9xico (Banxico) ha anunciado una reducci\u00f3n de 25 puntos base en su tasa de inter\u00e9s En Sonora en Equipo publicamos toda la informaci\u00f3n de Sonora, M\u00e9xico y el Mundo de manera oportuna y busca que la libertad de expresi\u00f3n sea real. Visita nuestro medio informativo publicado desde Hermosillo, Sonora. %\" \/>\n<meta name=\"robots\" content=\"index, follow, max-snippet:-1, max-image-preview:large, max-video-preview:-1\" \/>\n<link rel=\"canonical\" href=\"https:\/\/www.sonoraenequipo.com.mx\/banxico-reduce-su-tasa-de-interes-de-referencia-al-11-primera-baja-en-3-anos\/\" \/>\n<meta property=\"og:locale\" content=\"es_ES\" \/>\n<meta property=\"og:type\" content=\"article\" \/>\n<meta property=\"og:title\" content=\"Sonora en Equipo. Banxico reduce su tasa de inter\u00e9s de referencia al 11%; primera baja en 3 a\u00f1os Rep\u00fablica\" \/>\n<meta property=\"og:description\" content=\"CIUDAD DE M\u00c9XICO. MX.\u2014 La Junta de Gobierno del Banco de M\u00e9xico (Banxico) ha anunciado una reducci\u00f3n de 25 puntos base en su tasa de inter\u00e9s En Sonora en Equipo publicamos toda la informaci\u00f3n de Sonora, M\u00e9xico y el Mundo de manera oportuna y busca que la libertad de expresi\u00f3n sea real. Visita nuestro medio informativo publicado desde Hermosillo, Sonora. %\" \/>\n<meta property=\"og:url\" content=\"https:\/\/www.sonoraenequipo.com.mx\/banxico-reduce-su-tasa-de-interes-de-referencia-al-11-primera-baja-en-3-anos\/\" \/>\n<meta property=\"og:site_name\" content=\"Sonora en Equipo.\" \/>\n<meta property=\"article:publisher\" content=\"https:\/\/www.facebook.com\/SonoraEE\/\" \/>\n<meta property=\"article:author\" content=\"https:\/\/www.facebook.com\/SonoraEE\" \/>\n<meta property=\"article:published_time\" content=\"2024-03-22T03:17:53+00:00\" \/>\n<meta property=\"og:image\" content=\"https:\/\/www.sonoraenequipo.com.mx\/storage\/2024\/03\/Banxico-min.jpg\" \/>\n\t<meta property=\"og:image:width\" content=\"900\" \/>\n\t<meta property=\"og:image:height\" content=\"496\" \/>\n\t<meta property=\"og:image:type\" content=\"image\/jpeg\" \/>\n<meta name=\"author\" content=\"enequipo\" \/>\n<meta name=\"twitter:card\" content=\"summary_large_image\" \/>\n<meta name=\"twitter:creator\" content=\"@sonoraenequipo\" \/>\n<meta name=\"twitter:site\" content=\"@sonoraenequipo\" \/>\n<meta name=\"twitter:label1\" content=\"Escrito por\" \/>\n\t<meta name=\"twitter:data1\" content=\"enequipo\" \/>\n\t<meta name=\"twitter:label2\" content=\"Tiempo de lectura\" \/>\n\t<meta name=\"twitter:data2\" content=\"2 minutos\" \/>\n<script type=\"application\/ld+json\" class=\"yoast-schema-graph\">{\"@context\":\"https:\/\/schema.org\",\"@graph\":[{\"@type\":\"Article\",\"@id\":\"https:\/\/www.sonoraenequipo.com.mx\/banxico-reduce-su-tasa-de-interes-de-referencia-al-11-primera-baja-en-3-anos\/#article\",\"isPartOf\":{\"@id\":\"https:\/\/www.sonoraenequipo.com.mx\/banxico-reduce-su-tasa-de-interes-de-referencia-al-11-primera-baja-en-3-anos\/\"},\"author\":{\"name\":\"enequipo\",\"@id\":\"https:\/\/www.sonoraenequipo.com.mx\/#\/schema\/person\/50102df0fb23a8fa9e8effad8fa81386\"},\"headline\":\"Banxico reduce su tasa de inter\u00e9s de referencia al 11%; primera baja en 3 a\u00f1os\",\"datePublished\":\"2024-03-22T03:17:53+00:00\",\"mainEntityOfPage\":{\"@id\":\"https:\/\/www.sonoraenequipo.com.mx\/banxico-reduce-su-tasa-de-interes-de-referencia-al-11-primera-baja-en-3-anos\/\"},\"wordCount\":315,\"commentCount\":0,\"publisher\":{\"@id\":\"https:\/\/www.sonoraenequipo.com.mx\/#organization\"},\"image\":{\"@id\":\"https:\/\/www.sonoraenequipo.com.mx\/banxico-reduce-su-tasa-de-interes-de-referencia-al-11-primera-baja-en-3-anos\/#primaryimage\"},\"thumbnailUrl\":\"https:\/\/www.sonoraenequipo.com.mx\/storage\/2024\/03\/Banxico-min.jpg\",\"articleSection\":[\"Rep\u00fablica\"],\"inLanguage\":\"es\",\"potentialAction\":[{\"@type\":\"CommentAction\",\"name\":\"Comment\",\"target\":[\"https:\/\/www.sonoraenequipo.com.mx\/banxico-reduce-su-tasa-de-interes-de-referencia-al-11-primera-baja-en-3-anos\/#respond\"]}]},{\"@type\":\"WebPage\",\"@id\":\"https:\/\/www.sonoraenequipo.com.mx\/banxico-reduce-su-tasa-de-interes-de-referencia-al-11-primera-baja-en-3-anos\/\",\"url\":\"https:\/\/www.sonoraenequipo.com.mx\/banxico-reduce-su-tasa-de-interes-de-referencia-al-11-primera-baja-en-3-anos\/\",\"name\":\"Sonora en Equipo. Banxico reduce su tasa de inter\u00e9s de referencia al 11%; primera baja en 3 a\u00f1os Rep\u00fablica\",\"isPartOf\":{\"@id\":\"https:\/\/www.sonoraenequipo.com.mx\/#website\"},\"primaryImageOfPage\":{\"@id\":\"https:\/\/www.sonoraenequipo.com.mx\/banxico-reduce-su-tasa-de-interes-de-referencia-al-11-primera-baja-en-3-anos\/#primaryimage\"},\"image\":{\"@id\":\"https:\/\/www.sonoraenequipo.com.mx\/banxico-reduce-su-tasa-de-interes-de-referencia-al-11-primera-baja-en-3-anos\/#primaryimage\"},\"thumbnailUrl\":\"https:\/\/www.sonoraenequipo.com.mx\/storage\/2024\/03\/Banxico-min.jpg\",\"datePublished\":\"2024-03-22T03:17:53+00:00\",\"description\":\"CIUDAD DE M\u00c9XICO. MX.\u2014 La Junta de Gobierno del Banco de M\u00e9xico (Banxico) ha anunciado una reducci\u00f3n de 25 puntos base en su tasa de inter\u00e9s En Sonora en Equipo publicamos toda la informaci\u00f3n de Sonora, M\u00e9xico y el Mundo de manera oportuna y busca que la libertad de expresi\u00f3n sea real. Visita nuestro medio informativo publicado desde Hermosillo, Sonora. %\",\"breadcrumb\":{\"@id\":\"https:\/\/www.sonoraenequipo.com.mx\/banxico-reduce-su-tasa-de-interes-de-referencia-al-11-primera-baja-en-3-anos\/#breadcrumb\"},\"inLanguage\":\"es\",\"potentialAction\":[{\"@type\":\"ReadAction\",\"target\":[\"https:\/\/www.sonoraenequipo.com.mx\/banxico-reduce-su-tasa-de-interes-de-referencia-al-11-primera-baja-en-3-anos\/\"]}]},{\"@type\":\"ImageObject\",\"inLanguage\":\"es\",\"@id\":\"https:\/\/www.sonoraenequipo.com.mx\/banxico-reduce-su-tasa-de-interes-de-referencia-al-11-primera-baja-en-3-anos\/#primaryimage\",\"url\":\"https:\/\/www.sonoraenequipo.com.mx\/storage\/2024\/03\/Banxico-min.jpg\",\"contentUrl\":\"https:\/\/www.sonoraenequipo.com.mx\/storage\/2024\/03\/Banxico-min.jpg\",\"width\":900,\"height\":496},{\"@type\":\"BreadcrumbList\",\"@id\":\"https:\/\/www.sonoraenequipo.com.mx\/banxico-reduce-su-tasa-de-interes-de-referencia-al-11-primera-baja-en-3-anos\/#breadcrumb\",\"itemListElement\":[{\"@type\":\"ListItem\",\"position\":1,\"name\":\"Portada\",\"item\":\"https:\/\/www.sonoraenequipo.com.mx\/\"},{\"@type\":\"ListItem\",\"position\":2,\"name\":\"Banxico reduce su tasa de inter\u00e9s de referencia al 11%; primera baja en 3 a\u00f1os\"}]},{\"@type\":\"WebSite\",\"@id\":\"https:\/\/www.sonoraenequipo.com.mx\/#website\",\"url\":\"https:\/\/www.sonoraenequipo.com.mx\/\",\"name\":\"Sonora en Equipo.\",\"description\":\"Diario en l\u00ednea con Noticias desde Hermosillo, Sonora\",\"publisher\":{\"@id\":\"https:\/\/www.sonoraenequipo.com.mx\/#organization\"},\"potentialAction\":[{\"@type\":\"SearchAction\",\"target\":{\"@type\":\"EntryPoint\",\"urlTemplate\":\"https:\/\/www.sonoraenequipo.com.mx\/?s={search_term_string}\"},\"query-input\":{\"@type\":\"PropertyValueSpecification\",\"valueRequired\":true,\"valueName\":\"search_term_string\"}}],\"inLanguage\":\"es\"},{\"@type\":\"Organization\",\"@id\":\"https:\/\/www.sonoraenequipo.com.mx\/#organization\",\"name\":\"Sonoraenequipo.com.mx\",\"url\":\"https:\/\/www.sonoraenequipo.com.mx\/\",\"logo\":{\"@type\":\"ImageObject\",\"inLanguage\":\"es\",\"@id\":\"https:\/\/www.sonoraenequipo.com.mx\/#\/schema\/logo\/image\/\",\"url\":\"https:\/\/www.sonoraenequipo.com.mx\/storage\/2019\/01\/sonoraenequipo_opt.png\",\"contentUrl\":\"https:\/\/www.sonoraenequipo.com.mx\/storage\/2019\/01\/sonoraenequipo_opt.png\",\"width\":375,\"height\":125,\"caption\":\"Sonoraenequipo.com.mx\"},\"image\":{\"@id\":\"https:\/\/www.sonoraenequipo.com.mx\/#\/schema\/logo\/image\/\"},\"sameAs\":[\"https:\/\/www.facebook.com\/SonoraEE\/\",\"https:\/\/x.com\/sonoraenequipo\",\"https:\/\/www.youtube.com\/channel\/UC338nW-lPEYmJQs4ZABQ1SQ\"]},{\"@type\":\"Person\",\"@id\":\"https:\/\/www.sonoraenequipo.com.mx\/#\/schema\/person\/50102df0fb23a8fa9e8effad8fa81386\",\"name\":\"enequipo\",\"image\":{\"@type\":\"ImageObject\",\"inLanguage\":\"es\",\"@id\":\"https:\/\/www.sonoraenequipo.com.mx\/#\/schema\/person\/image\/\",\"url\":\"https:\/\/secure.gravatar.com\/avatar\/049821681b589dabc0bc20695993ccebb09f5b5d4d790cd9251b97faac7c652b?s=96&d=blank&r=g\",\"contentUrl\":\"https:\/\/secure.gravatar.com\/avatar\/049821681b589dabc0bc20695993ccebb09f5b5d4d790cd9251b97faac7c652b?s=96&d=blank&r=g\",\"caption\":\"enequipo\"},\"sameAs\":[\"https:\/\/www.facebook.com\/SonoraEE\"]}]}<\/script>\n ","yoast_head_json":{"title":"Sonora en Equipo. Banxico reduce su tasa de inter\u00e9s de referencia al 11%; primera baja en 3 a\u00f1os Rep\u00fablica","description":"CIUDAD DE M\u00c9XICO. MX.\u2014 La Junta de Gobierno del Banco de M\u00e9xico (Banxico) ha anunciado una reducci\u00f3n de 25 puntos base en su tasa de inter\u00e9s En Sonora en Equipo publicamos toda la informaci\u00f3n de Sonora, M\u00e9xico y el Mundo de manera oportuna y busca que la libertad de expresi\u00f3n sea real. Visita nuestro medio informativo publicado desde Hermosillo, Sonora. %","robots":{"index":"index","follow":"follow","max-snippet":"max-snippet:-1","max-image-preview":"max-image-preview:large","max-video-preview":"max-video-preview:-1"},"canonical":"https:\/\/www.sonoraenequipo.com.mx\/banxico-reduce-su-tasa-de-interes-de-referencia-al-11-primera-baja-en-3-anos\/","og_locale":"es_ES","og_type":"article","og_title":"Sonora en Equipo. Banxico reduce su tasa de inter\u00e9s de referencia al 11%; primera baja en 3 a\u00f1os Rep\u00fablica","og_description":"CIUDAD DE M\u00c9XICO. MX.\u2014 La Junta de Gobierno del Banco de M\u00e9xico (Banxico) ha anunciado una reducci\u00f3n de 25 puntos base en su tasa de inter\u00e9s En Sonora en Equipo publicamos toda la informaci\u00f3n de Sonora, M\u00e9xico y el Mundo de manera oportuna y busca que la libertad de expresi\u00f3n sea real. Visita nuestro medio informativo publicado desde Hermosillo, Sonora. %","og_url":"https:\/\/www.sonoraenequipo.com.mx\/banxico-reduce-su-tasa-de-interes-de-referencia-al-11-primera-baja-en-3-anos\/","og_site_name":"Sonora en Equipo.","article_publisher":"https:\/\/www.facebook.com\/SonoraEE\/","article_author":"https:\/\/www.facebook.com\/SonoraEE","article_published_time":"2024-03-22T03:17:53+00:00","og_image":[{"width":900,"height":496,"url":"https:\/\/www.sonoraenequipo.com.mx\/storage\/2024\/03\/Banxico-min.jpg","type":"image\/jpeg"}],"author":"enequipo","twitter_card":"summary_large_image","twitter_creator":"@sonoraenequipo","twitter_site":"@sonoraenequipo","twitter_misc":{"Escrito por":"enequipo","Tiempo de lectura":"2 minutos"},"schema":{"@context":"https:\/\/schema.org","@graph":[{"@type":"Article","@id":"https:\/\/www.sonoraenequipo.com.mx\/banxico-reduce-su-tasa-de-interes-de-referencia-al-11-primera-baja-en-3-anos\/#article","isPartOf":{"@id":"https:\/\/www.sonoraenequipo.com.mx\/banxico-reduce-su-tasa-de-interes-de-referencia-al-11-primera-baja-en-3-anos\/"},"author":{"name":"enequipo","@id":"https:\/\/www.sonoraenequipo.com.mx\/#\/schema\/person\/50102df0fb23a8fa9e8effad8fa81386"},"headline":"Banxico reduce su tasa de inter\u00e9s de referencia al 11%; primera baja en 3 a\u00f1os","datePublished":"2024-03-22T03:17:53+00:00","mainEntityOfPage":{"@id":"https:\/\/www.sonoraenequipo.com.mx\/banxico-reduce-su-tasa-de-interes-de-referencia-al-11-primera-baja-en-3-anos\/"},"wordCount":315,"commentCount":0,"publisher":{"@id":"https:\/\/www.sonoraenequipo.com.mx\/#organization"},"image":{"@id":"https:\/\/www.sonoraenequipo.com.mx\/banxico-reduce-su-tasa-de-interes-de-referencia-al-11-primera-baja-en-3-anos\/#primaryimage"},"thumbnailUrl":"https:\/\/www.sonoraenequipo.com.mx\/storage\/2024\/03\/Banxico-min.jpg","articleSection":["Rep\u00fablica"],"inLanguage":"es","potentialAction":[{"@type":"CommentAction","name":"Comment","target":["https:\/\/www.sonoraenequipo.com.mx\/banxico-reduce-su-tasa-de-interes-de-referencia-al-11-primera-baja-en-3-anos\/#respond"]}]},{"@type":"WebPage","@id":"https:\/\/www.sonoraenequipo.com.mx\/banxico-reduce-su-tasa-de-interes-de-referencia-al-11-primera-baja-en-3-anos\/","url":"https:\/\/www.sonoraenequipo.com.mx\/banxico-reduce-su-tasa-de-interes-de-referencia-al-11-primera-baja-en-3-anos\/","name":"Sonora en Equipo. Banxico reduce su tasa de inter\u00e9s de referencia al 11%; primera baja en 3 a\u00f1os Rep\u00fablica","isPartOf":{"@id":"https:\/\/www.sonoraenequipo.com.mx\/#website"},"primaryImageOfPage":{"@id":"https:\/\/www.sonoraenequipo.com.mx\/banxico-reduce-su-tasa-de-interes-de-referencia-al-11-primera-baja-en-3-anos\/#primaryimage"},"image":{"@id":"https:\/\/www.sonoraenequipo.com.mx\/banxico-reduce-su-tasa-de-interes-de-referencia-al-11-primera-baja-en-3-anos\/#primaryimage"},"thumbnailUrl":"https:\/\/www.sonoraenequipo.com.mx\/storage\/2024\/03\/Banxico-min.jpg","datePublished":"2024-03-22T03:17:53+00:00","description":"CIUDAD DE M\u00c9XICO. MX.\u2014 La Junta de Gobierno del Banco de M\u00e9xico (Banxico) ha anunciado una reducci\u00f3n de 25 puntos base en su tasa de inter\u00e9s En Sonora en Equipo publicamos toda la informaci\u00f3n de Sonora, M\u00e9xico y el Mundo de manera oportuna y busca que la libertad de expresi\u00f3n sea real. Visita nuestro medio informativo publicado desde Hermosillo, Sonora. %","breadcrumb":{"@id":"https:\/\/www.sonoraenequipo.com.mx\/banxico-reduce-su-tasa-de-interes-de-referencia-al-11-primera-baja-en-3-anos\/#breadcrumb"},"inLanguage":"es","potentialAction":[{"@type":"ReadAction","target":["https:\/\/www.sonoraenequipo.com.mx\/banxico-reduce-su-tasa-de-interes-de-referencia-al-11-primera-baja-en-3-anos\/"]}]},{"@type":"ImageObject","inLanguage":"es","@id":"https:\/\/www.sonoraenequipo.com.mx\/banxico-reduce-su-tasa-de-interes-de-referencia-al-11-primera-baja-en-3-anos\/#primaryimage","url":"https:\/\/www.sonoraenequipo.com.mx\/storage\/2024\/03\/Banxico-min.jpg","contentUrl":"https:\/\/www.sonoraenequipo.com.mx\/storage\/2024\/03\/Banxico-min.jpg","width":900,"height":496},{"@type":"BreadcrumbList","@id":"https:\/\/www.sonoraenequipo.com.mx\/banxico-reduce-su-tasa-de-interes-de-referencia-al-11-primera-baja-en-3-anos\/#breadcrumb","itemListElement":[{"@type":"ListItem","position":1,"name":"Portada","item":"https:\/\/www.sonoraenequipo.com.mx\/"},{"@type":"ListItem","position":2,"name":"Banxico reduce su tasa de inter\u00e9s de referencia al 11%; primera baja en 3 a\u00f1os"}]},{"@type":"WebSite","@id":"https:\/\/www.sonoraenequipo.com.mx\/#website","url":"https:\/\/www.sonoraenequipo.com.mx\/","name":"Sonora en Equipo.","description":"Diario en l\u00ednea con Noticias desde Hermosillo, Sonora","publisher":{"@id":"https:\/\/www.sonoraenequipo.com.mx\/#organization"},"potentialAction":[{"@type":"SearchAction","target":{"@type":"EntryPoint","urlTemplate":"https:\/\/www.sonoraenequipo.com.mx\/?s={search_term_string}"},"query-input":{"@type":"PropertyValueSpecification","valueRequired":true,"valueName":"search_term_string"}}],"inLanguage":"es"},{"@type":"Organization","@id":"https:\/\/www.sonoraenequipo.com.mx\/#organization","name":"Sonoraenequipo.com.mx","url":"https:\/\/www.sonoraenequipo.com.mx\/","logo":{"@type":"ImageObject","inLanguage":"es","@id":"https:\/\/www.sonoraenequipo.com.mx\/#\/schema\/logo\/image\/","url":"https:\/\/www.sonoraenequipo.com.mx\/storage\/2019\/01\/sonoraenequipo_opt.png","contentUrl":"https:\/\/www.sonoraenequipo.com.mx\/storage\/2019\/01\/sonoraenequipo_opt.png","width":375,"height":125,"caption":"Sonoraenequipo.com.mx"},"image":{"@id":"https:\/\/www.sonoraenequipo.com.mx\/#\/schema\/logo\/image\/"},"sameAs":["https:\/\/www.facebook.com\/SonoraEE\/","https:\/\/x.com\/sonoraenequipo","https:\/\/www.youtube.com\/channel\/UC338nW-lPEYmJQs4ZABQ1SQ"]},{"@type":"Person","@id":"https:\/\/www.sonoraenequipo.com.mx\/#\/schema\/person\/50102df0fb23a8fa9e8effad8fa81386","name":"enequipo","image":{"@type":"ImageObject","inLanguage":"es","@id":"https:\/\/www.sonoraenequipo.com.mx\/#\/schema\/person\/image\/","url":"https:\/\/secure.gravatar.com\/avatar\/049821681b589dabc0bc20695993ccebb09f5b5d4d790cd9251b97faac7c652b?s=96&d=blank&r=g","contentUrl":"https:\/\/secure.gravatar.com\/avatar\/049821681b589dabc0bc20695993ccebb09f5b5d4d790cd9251b97faac7c652b?s=96&d=blank&r=g","caption":"enequipo"},"sameAs":["https:\/\/www.facebook.com\/SonoraEE"]}]}},"jetpack_featured_media_url":"https:\/\/www.sonoraenequipo.com.mx\/storage\/2024\/03\/Banxico-min.jpg","_links":{"self":[{"href":"https:\/\/www.sonoraenequipo.com.mx\/api\/wp\/v2\/posts\/186016","targetHints":{"allow":["GET"]}}],"collection":[{"href":"https:\/\/www.sonoraenequipo.com.mx\/api\/wp\/v2\/posts"}],"about":[{"href":"https:\/\/www.sonoraenequipo.com.mx\/api\/wp\/v2\/types\/post"}],"author":[{"embeddable":true,"href":"https:\/\/www.sonoraenequipo.com.mx\/api\/wp\/v2\/users\/1"}],"replies":[{"embeddable":true,"href":"https:\/\/www.sonoraenequipo.com.mx\/api\/wp\/v2\/comments?post=186016"}],"version-history":[{"count":1,"href":"https:\/\/www.sonoraenequipo.com.mx\/api\/wp\/v2\/posts\/186016\/revisions"}],"predecessor-version":[{"id":186017,"href":"https:\/\/www.sonoraenequipo.com.mx\/api\/wp\/v2\/posts\/186016\/revisions\/186017"}],"wp:featuredmedia":[{"embeddable":true,"href":"https:\/\/www.sonoraenequipo.com.mx\/api\/wp\/v2\/media\/185999"}],"wp:attachment":[{"href":"https:\/\/www.sonoraenequipo.com.mx\/api\/wp\/v2\/media?parent=186016"}],"wp:term":[{"taxonomy":"category","embeddable":true,"href":"https:\/\/www.sonoraenequipo.com.mx\/api\/wp\/v2\/categories?post=186016"},{"taxonomy":"post_tag","embeddable":true,"href":"https:\/\/www.sonoraenequipo.com.mx\/api\/wp\/v2\/tags?post=186016"}],"curies":[{"name":"wp","href":"https:\/\/api.w.org\/{rel}","templated":true}]}}