{"id":186018,"date":"2024-03-21T18:15:47","date_gmt":"2024-03-22T01:15:47","guid":{"rendered":"https:\/\/www.sonoraenequipo.com.mx\/?p=186018"},"modified":"2024-03-21T22:20:23","modified_gmt":"2024-03-22T05:20:23","slug":"chumel-torres-dice-que-no-le-pagara-nada-a-gloria-trevi-tras-perder-demanda","status":"publish","type":"post","link":"https:\/\/www.sonoraenequipo.com.mx\/chumel-torres-dice-que-no-le-pagara-nada-a-gloria-trevi-tras-perder-demanda\/","title":{"rendered":"Chumel Torres dice que no le pagar\u00e1 nada a Gloria Trevi tras perder demanda"},"content":{"rendered":"<p><strong>CIUDAD DE M\u00c9XICO. MX.\u2014<\/strong> Tras darse a conocer que Gloria Trevi gan\u00f3 una demanda a Chumel Torres por el plagio de su canci\u00f3n <strong>\u00abTodos me miran\u00bb<\/strong>, el comunicador se pronunci\u00f3 en redes sociales<\/p>\n<p>&nbsp;<\/p>\n<p> <\/p>\n<p>La cantante hab\u00eda iniciado una demanda en contra de Chumel por el uso indebido de una sus canciones:<strong><em> \u2018Todos me miran\u2019,<\/em> <\/strong>con una letra modificada, para criticar a Manuel Velasco.<\/p>\n<p>&nbsp;<\/p>\n<p>Tras darse a conocer que deber\u00eda pagar 500 mil pesos, el conductor de El Pulso de la Rep\u00fablica respondi\u00f3 a la defensa de la int\u00e9rprete, indicando que \u00e9l no tiene que pagarle absolutamente nada, y explic\u00f3 la raz\u00f3n.<\/p>\n<p>&nbsp;<\/p>\n<p><strong>\u00abNo tengo que pagarle nada a nadie. El alegato no procede porque nunca se lucr\u00f3 con los videos, porque nunca estuvieron monetizados. No soy nuevo en esto, cari\u00f1os<\/strong>\u201d, escribi\u00f3.<\/p>\n<p>&nbsp;<\/p>\n<p>Incluso sugiri\u00f3 que \u00abcontraten mejores abogados para que no hagan el oso. No se metan con los nerds. We\u2019re fucking smart\u00bb, remat\u00f3.<\/p>\n<p>&nbsp;<\/p>\n<p>A trav\u00e9s de un comunicado, los abogados de Gloria Trevi aseguraron que la demanda por plagio hab\u00eda concluido a favor de la regiomontana. \u201cSe ha resuelto la infracci\u00f3n en materia de comercio que promovi\u00f3 (Gloria Trevi) en contra de Jos\u00e9 Manuel Torres Morales, conocido p\u00fablicamente como Chumel Torres, tramitada ante el Instituto Mexicano de Propiedad Industrial\u201d, detallaron el martes.<\/p>\n<p>&nbsp;<\/p>\n<p>&nbsp;<\/p>\n<p>&nbsp;<\/p>\n<p>PUBLICADO EL 21 DE MARZO DE 2024\/)<\/p>\n","protected":false},"excerpt":{"rendered":"<p>CIUDAD DE M\u00c9XICO. MX.\u2014 Tras darse a conocer que Gloria Trevi gan\u00f3 una demanda a&#8230;<\/p>\n","protected":false},"author":1,"featured_media":186005,"comment_status":"open","ping_status":"open","sticky":false,"template":"","format":"standard","meta":{"_monsterinsights_skip_tracking":false,"_monsterinsights_sitenote_active":false,"_monsterinsights_sitenote_note":"","_monsterinsights_sitenote_category":0,"footnotes":""},"categories":[2987],"tags":[],"class_list":["post"],"yoast_head":" \n<title>Sonora en Equipo. Chumel Torres dice que no le pagar\u00e1 nada a Gloria Trevi tras perder demanda Showbiz<\/title>\n<meta name=\"description\" content=\"CIUDAD DE M\u00c9XICO. MX.\u2014 Tras darse a conocer que Gloria Trevi gan\u00f3 una demanda a Chumel Torres por el plagio de su canci\u00f3n &quot;Todos me miran&quot;, el comunicador En Sonora en Equipo publicamos toda la informaci\u00f3n de Sonora, M\u00e9xico y el Mundo de manera oportuna y busca que la libertad de expresi\u00f3n sea real. Visita nuestro medio informativo publicado desde Hermosillo, Sonora. %\" \/>\n<meta name=\"robots\" content=\"index, follow, max-snippet:-1, max-image-preview:large, max-video-preview:-1\" \/>\n<link rel=\"canonical\" href=\"https:\/\/www.sonoraenequipo.com.mx\/chumel-torres-dice-que-no-le-pagara-nada-a-gloria-trevi-tras-perder-demanda\/\" \/>\n<meta property=\"og:locale\" content=\"es_ES\" \/>\n<meta property=\"og:type\" content=\"article\" \/>\n<meta property=\"og:title\" content=\"Sonora en Equipo. Chumel Torres dice que no le pagar\u00e1 nada a Gloria Trevi tras perder demanda Showbiz\" \/>\n<meta property=\"og:description\" content=\"CIUDAD DE M\u00c9XICO. MX.\u2014 Tras darse a conocer que Gloria Trevi gan\u00f3 una demanda a Chumel Torres por el plagio de su canci\u00f3n &quot;Todos me miran&quot;, el comunicador En Sonora en Equipo publicamos toda la informaci\u00f3n de Sonora, M\u00e9xico y el Mundo de manera oportuna y busca que la libertad de expresi\u00f3n sea real. Visita nuestro medio informativo publicado desde Hermosillo, Sonora. %\" \/>\n<meta property=\"og:url\" content=\"https:\/\/www.sonoraenequipo.com.mx\/chumel-torres-dice-que-no-le-pagara-nada-a-gloria-trevi-tras-perder-demanda\/\" \/>\n<meta property=\"og:site_name\" content=\"Sonora en Equipo.\" \/>\n<meta property=\"article:publisher\" content=\"https:\/\/www.facebook.com\/SonoraEE\/\" \/>\n<meta property=\"article:author\" content=\"https:\/\/www.facebook.com\/SonoraEE\" \/>\n<meta property=\"article:published_time\" content=\"2024-03-22T01:15:47+00:00\" \/>\n<meta property=\"article:modified_time\" content=\"2024-03-22T05:20:23+00:00\" \/>\n<meta property=\"og:image\" content=\"https:\/\/www.sonoraenequipo.com.mx\/storage\/2024\/03\/torres-gloria-trevi-min.jpg\" \/>\n\t<meta property=\"og:image:width\" content=\"900\" \/>\n\t<meta property=\"og:image:height\" content=\"461\" \/>\n\t<meta property=\"og:image:type\" content=\"image\/jpeg\" \/>\n<meta name=\"author\" content=\"enequipo\" \/>\n<meta name=\"twitter:card\" content=\"summary_large_image\" \/>\n<meta name=\"twitter:creator\" content=\"@sonoraenequipo\" \/>\n<meta name=\"twitter:site\" content=\"@sonoraenequipo\" \/>\n<meta name=\"twitter:label1\" content=\"Escrito por\" \/>\n\t<meta name=\"twitter:data1\" content=\"enequipo\" \/>\n\t<meta name=\"twitter:label2\" content=\"Tiempo de lectura\" \/>\n\t<meta name=\"twitter:data2\" content=\"1 minuto\" \/>\n<script type=\"application\/ld+json\" class=\"yoast-schema-graph\">{\"@context\":\"https:\/\/schema.org\",\"@graph\":[{\"@type\":\"Article\",\"@id\":\"https:\/\/www.sonoraenequipo.com.mx\/chumel-torres-dice-que-no-le-pagara-nada-a-gloria-trevi-tras-perder-demanda\/#article\",\"isPartOf\":{\"@id\":\"https:\/\/www.sonoraenequipo.com.mx\/chumel-torres-dice-que-no-le-pagara-nada-a-gloria-trevi-tras-perder-demanda\/\"},\"author\":{\"name\":\"enequipo\",\"@id\":\"https:\/\/www.sonoraenequipo.com.mx\/#\/schema\/person\/50102df0fb23a8fa9e8effad8fa81386\"},\"headline\":\"Chumel Torres dice que no le pagar\u00e1 nada a Gloria Trevi tras perder demanda\",\"datePublished\":\"2024-03-22T01:15:47+00:00\",\"dateModified\":\"2024-03-22T05:20:23+00:00\",\"mainEntityOfPage\":{\"@id\":\"https:\/\/www.sonoraenequipo.com.mx\/chumel-torres-dice-que-no-le-pagara-nada-a-gloria-trevi-tras-perder-demanda\/\"},\"wordCount\":250,\"commentCount\":0,\"publisher\":{\"@id\":\"https:\/\/www.sonoraenequipo.com.mx\/#organization\"},\"image\":{\"@id\":\"https:\/\/www.sonoraenequipo.com.mx\/chumel-torres-dice-que-no-le-pagara-nada-a-gloria-trevi-tras-perder-demanda\/#primaryimage\"},\"thumbnailUrl\":\"https:\/\/www.sonoraenequipo.com.mx\/storage\/2024\/03\/torres-gloria-trevi-min.jpg\",\"articleSection\":[\"Showbiz\"],\"inLanguage\":\"es\",\"potentialAction\":[{\"@type\":\"CommentAction\",\"name\":\"Comment\",\"target\":[\"https:\/\/www.sonoraenequipo.com.mx\/chumel-torres-dice-que-no-le-pagara-nada-a-gloria-trevi-tras-perder-demanda\/#respond\"]}]},{\"@type\":\"WebPage\",\"@id\":\"https:\/\/www.sonoraenequipo.com.mx\/chumel-torres-dice-que-no-le-pagara-nada-a-gloria-trevi-tras-perder-demanda\/\",\"url\":\"https:\/\/www.sonoraenequipo.com.mx\/chumel-torres-dice-que-no-le-pagara-nada-a-gloria-trevi-tras-perder-demanda\/\",\"name\":\"Sonora en Equipo. Chumel Torres dice que no le pagar\u00e1 nada a Gloria Trevi tras perder demanda Showbiz\",\"isPartOf\":{\"@id\":\"https:\/\/www.sonoraenequipo.com.mx\/#website\"},\"primaryImageOfPage\":{\"@id\":\"https:\/\/www.sonoraenequipo.com.mx\/chumel-torres-dice-que-no-le-pagara-nada-a-gloria-trevi-tras-perder-demanda\/#primaryimage\"},\"image\":{\"@id\":\"https:\/\/www.sonoraenequipo.com.mx\/chumel-torres-dice-que-no-le-pagara-nada-a-gloria-trevi-tras-perder-demanda\/#primaryimage\"},\"thumbnailUrl\":\"https:\/\/www.sonoraenequipo.com.mx\/storage\/2024\/03\/torres-gloria-trevi-min.jpg\",\"datePublished\":\"2024-03-22T01:15:47+00:00\",\"dateModified\":\"2024-03-22T05:20:23+00:00\",\"description\":\"CIUDAD DE M\u00c9XICO. MX.\u2014 Tras darse a conocer que Gloria Trevi gan\u00f3 una demanda a Chumel Torres por el plagio de su canci\u00f3n \\\"Todos me miran\\\", el comunicador En Sonora en Equipo publicamos toda la informaci\u00f3n de Sonora, M\u00e9xico y el Mundo de manera oportuna y busca que la libertad de expresi\u00f3n sea real. Visita nuestro medio informativo publicado desde Hermosillo, Sonora. %\",\"breadcrumb\":{\"@id\":\"https:\/\/www.sonoraenequipo.com.mx\/chumel-torres-dice-que-no-le-pagara-nada-a-gloria-trevi-tras-perder-demanda\/#breadcrumb\"},\"inLanguage\":\"es\",\"potentialAction\":[{\"@type\":\"ReadAction\",\"target\":[\"https:\/\/www.sonoraenequipo.com.mx\/chumel-torres-dice-que-no-le-pagara-nada-a-gloria-trevi-tras-perder-demanda\/\"]}]},{\"@type\":\"ImageObject\",\"inLanguage\":\"es\",\"@id\":\"https:\/\/www.sonoraenequipo.com.mx\/chumel-torres-dice-que-no-le-pagara-nada-a-gloria-trevi-tras-perder-demanda\/#primaryimage\",\"url\":\"https:\/\/www.sonoraenequipo.com.mx\/storage\/2024\/03\/torres-gloria-trevi-min.jpg\",\"contentUrl\":\"https:\/\/www.sonoraenequipo.com.mx\/storage\/2024\/03\/torres-gloria-trevi-min.jpg\",\"width\":900,\"height\":461},{\"@type\":\"BreadcrumbList\",\"@id\":\"https:\/\/www.sonoraenequipo.com.mx\/chumel-torres-dice-que-no-le-pagara-nada-a-gloria-trevi-tras-perder-demanda\/#breadcrumb\",\"itemListElement\":[{\"@type\":\"ListItem\",\"position\":1,\"name\":\"Portada\",\"item\":\"https:\/\/www.sonoraenequipo.com.mx\/\"},{\"@type\":\"ListItem\",\"position\":2,\"name\":\"Chumel Torres dice que no le pagar\u00e1 nada a Gloria Trevi tras perder demanda\"}]},{\"@type\":\"WebSite\",\"@id\":\"https:\/\/www.sonoraenequipo.com.mx\/#website\",\"url\":\"https:\/\/www.sonoraenequipo.com.mx\/\",\"name\":\"Sonora en Equipo.\",\"description\":\"Diario en l\u00ednea con Noticias desde Hermosillo, Sonora\",\"publisher\":{\"@id\":\"https:\/\/www.sonoraenequipo.com.mx\/#organization\"},\"potentialAction\":[{\"@type\":\"SearchAction\",\"target\":{\"@type\":\"EntryPoint\",\"urlTemplate\":\"https:\/\/www.sonoraenequipo.com.mx\/?s={search_term_string}\"},\"query-input\":{\"@type\":\"PropertyValueSpecification\",\"valueRequired\":true,\"valueName\":\"search_term_string\"}}],\"inLanguage\":\"es\"},{\"@type\":\"Organization\",\"@id\":\"https:\/\/www.sonoraenequipo.com.mx\/#organization\",\"name\":\"Sonoraenequipo.com.mx\",\"url\":\"https:\/\/www.sonoraenequipo.com.mx\/\",\"logo\":{\"@type\":\"ImageObject\",\"inLanguage\":\"es\",\"@id\":\"https:\/\/www.sonoraenequipo.com.mx\/#\/schema\/logo\/image\/\",\"url\":\"https:\/\/www.sonoraenequipo.com.mx\/storage\/2019\/01\/sonoraenequipo_opt.png\",\"contentUrl\":\"https:\/\/www.sonoraenequipo.com.mx\/storage\/2019\/01\/sonoraenequipo_opt.png\",\"width\":375,\"height\":125,\"caption\":\"Sonoraenequipo.com.mx\"},\"image\":{\"@id\":\"https:\/\/www.sonoraenequipo.com.mx\/#\/schema\/logo\/image\/\"},\"sameAs\":[\"https:\/\/www.facebook.com\/SonoraEE\/\",\"https:\/\/x.com\/sonoraenequipo\",\"https:\/\/www.youtube.com\/channel\/UC338nW-lPEYmJQs4ZABQ1SQ\"]},{\"@type\":\"Person\",\"@id\":\"https:\/\/www.sonoraenequipo.com.mx\/#\/schema\/person\/50102df0fb23a8fa9e8effad8fa81386\",\"name\":\"enequipo\",\"image\":{\"@type\":\"ImageObject\",\"inLanguage\":\"es\",\"@id\":\"https:\/\/www.sonoraenequipo.com.mx\/#\/schema\/person\/image\/\",\"url\":\"https:\/\/secure.gravatar.com\/avatar\/049821681b589dabc0bc20695993ccebb09f5b5d4d790cd9251b97faac7c652b?s=96&d=blank&r=g\",\"contentUrl\":\"https:\/\/secure.gravatar.com\/avatar\/049821681b589dabc0bc20695993ccebb09f5b5d4d790cd9251b97faac7c652b?s=96&d=blank&r=g\",\"caption\":\"enequipo\"},\"sameAs\":[\"https:\/\/www.facebook.com\/SonoraEE\"]}]}<\/script>\n ","yoast_head_json":{"title":"Sonora en Equipo. Chumel Torres dice que no le pagar\u00e1 nada a Gloria Trevi tras perder demanda Showbiz","description":"CIUDAD DE M\u00c9XICO. MX.\u2014 Tras darse a conocer que Gloria Trevi gan\u00f3 una demanda a Chumel Torres por el plagio de su canci\u00f3n \"Todos me miran\", el comunicador En Sonora en Equipo publicamos toda la informaci\u00f3n de Sonora, M\u00e9xico y el Mundo de manera oportuna y busca que la libertad de expresi\u00f3n sea real. Visita nuestro medio informativo publicado desde Hermosillo, Sonora. %","robots":{"index":"index","follow":"follow","max-snippet":"max-snippet:-1","max-image-preview":"max-image-preview:large","max-video-preview":"max-video-preview:-1"},"canonical":"https:\/\/www.sonoraenequipo.com.mx\/chumel-torres-dice-que-no-le-pagara-nada-a-gloria-trevi-tras-perder-demanda\/","og_locale":"es_ES","og_type":"article","og_title":"Sonora en Equipo. Chumel Torres dice que no le pagar\u00e1 nada a Gloria Trevi tras perder demanda Showbiz","og_description":"CIUDAD DE M\u00c9XICO. MX.\u2014 Tras darse a conocer que Gloria Trevi gan\u00f3 una demanda a Chumel Torres por el plagio de su canci\u00f3n \"Todos me miran\", el comunicador En Sonora en Equipo publicamos toda la informaci\u00f3n de Sonora, M\u00e9xico y el Mundo de manera oportuna y busca que la libertad de expresi\u00f3n sea real. Visita nuestro medio informativo publicado desde Hermosillo, Sonora. %","og_url":"https:\/\/www.sonoraenequipo.com.mx\/chumel-torres-dice-que-no-le-pagara-nada-a-gloria-trevi-tras-perder-demanda\/","og_site_name":"Sonora en Equipo.","article_publisher":"https:\/\/www.facebook.com\/SonoraEE\/","article_author":"https:\/\/www.facebook.com\/SonoraEE","article_published_time":"2024-03-22T01:15:47+00:00","article_modified_time":"2024-03-22T05:20:23+00:00","og_image":[{"width":900,"height":461,"url":"https:\/\/www.sonoraenequipo.com.mx\/storage\/2024\/03\/torres-gloria-trevi-min.jpg","type":"image\/jpeg"}],"author":"enequipo","twitter_card":"summary_large_image","twitter_creator":"@sonoraenequipo","twitter_site":"@sonoraenequipo","twitter_misc":{"Escrito por":"enequipo","Tiempo de lectura":"1 minuto"},"schema":{"@context":"https:\/\/schema.org","@graph":[{"@type":"Article","@id":"https:\/\/www.sonoraenequipo.com.mx\/chumel-torres-dice-que-no-le-pagara-nada-a-gloria-trevi-tras-perder-demanda\/#article","isPartOf":{"@id":"https:\/\/www.sonoraenequipo.com.mx\/chumel-torres-dice-que-no-le-pagara-nada-a-gloria-trevi-tras-perder-demanda\/"},"author":{"name":"enequipo","@id":"https:\/\/www.sonoraenequipo.com.mx\/#\/schema\/person\/50102df0fb23a8fa9e8effad8fa81386"},"headline":"Chumel Torres dice que no le pagar\u00e1 nada a Gloria Trevi tras perder demanda","datePublished":"2024-03-22T01:15:47+00:00","dateModified":"2024-03-22T05:20:23+00:00","mainEntityOfPage":{"@id":"https:\/\/www.sonoraenequipo.com.mx\/chumel-torres-dice-que-no-le-pagara-nada-a-gloria-trevi-tras-perder-demanda\/"},"wordCount":250,"commentCount":0,"publisher":{"@id":"https:\/\/www.sonoraenequipo.com.mx\/#organization"},"image":{"@id":"https:\/\/www.sonoraenequipo.com.mx\/chumel-torres-dice-que-no-le-pagara-nada-a-gloria-trevi-tras-perder-demanda\/#primaryimage"},"thumbnailUrl":"https:\/\/www.sonoraenequipo.com.mx\/storage\/2024\/03\/torres-gloria-trevi-min.jpg","articleSection":["Showbiz"],"inLanguage":"es","potentialAction":[{"@type":"CommentAction","name":"Comment","target":["https:\/\/www.sonoraenequipo.com.mx\/chumel-torres-dice-que-no-le-pagara-nada-a-gloria-trevi-tras-perder-demanda\/#respond"]}]},{"@type":"WebPage","@id":"https:\/\/www.sonoraenequipo.com.mx\/chumel-torres-dice-que-no-le-pagara-nada-a-gloria-trevi-tras-perder-demanda\/","url":"https:\/\/www.sonoraenequipo.com.mx\/chumel-torres-dice-que-no-le-pagara-nada-a-gloria-trevi-tras-perder-demanda\/","name":"Sonora en Equipo. Chumel Torres dice que no le pagar\u00e1 nada a Gloria Trevi tras perder demanda Showbiz","isPartOf":{"@id":"https:\/\/www.sonoraenequipo.com.mx\/#website"},"primaryImageOfPage":{"@id":"https:\/\/www.sonoraenequipo.com.mx\/chumel-torres-dice-que-no-le-pagara-nada-a-gloria-trevi-tras-perder-demanda\/#primaryimage"},"image":{"@id":"https:\/\/www.sonoraenequipo.com.mx\/chumel-torres-dice-que-no-le-pagara-nada-a-gloria-trevi-tras-perder-demanda\/#primaryimage"},"thumbnailUrl":"https:\/\/www.sonoraenequipo.com.mx\/storage\/2024\/03\/torres-gloria-trevi-min.jpg","datePublished":"2024-03-22T01:15:47+00:00","dateModified":"2024-03-22T05:20:23+00:00","description":"CIUDAD DE M\u00c9XICO. MX.\u2014 Tras darse a conocer que Gloria Trevi gan\u00f3 una demanda a Chumel Torres por el plagio de su canci\u00f3n \"Todos me miran\", el comunicador En Sonora en Equipo publicamos toda la informaci\u00f3n de Sonora, M\u00e9xico y el Mundo de manera oportuna y busca que la libertad de expresi\u00f3n sea real. Visita nuestro medio informativo publicado desde Hermosillo, Sonora. %","breadcrumb":{"@id":"https:\/\/www.sonoraenequipo.com.mx\/chumel-torres-dice-que-no-le-pagara-nada-a-gloria-trevi-tras-perder-demanda\/#breadcrumb"},"inLanguage":"es","potentialAction":[{"@type":"ReadAction","target":["https:\/\/www.sonoraenequipo.com.mx\/chumel-torres-dice-que-no-le-pagara-nada-a-gloria-trevi-tras-perder-demanda\/"]}]},{"@type":"ImageObject","inLanguage":"es","@id":"https:\/\/www.sonoraenequipo.com.mx\/chumel-torres-dice-que-no-le-pagara-nada-a-gloria-trevi-tras-perder-demanda\/#primaryimage","url":"https:\/\/www.sonoraenequipo.com.mx\/storage\/2024\/03\/torres-gloria-trevi-min.jpg","contentUrl":"https:\/\/www.sonoraenequipo.com.mx\/storage\/2024\/03\/torres-gloria-trevi-min.jpg","width":900,"height":461},{"@type":"BreadcrumbList","@id":"https:\/\/www.sonoraenequipo.com.mx\/chumel-torres-dice-que-no-le-pagara-nada-a-gloria-trevi-tras-perder-demanda\/#breadcrumb","itemListElement":[{"@type":"ListItem","position":1,"name":"Portada","item":"https:\/\/www.sonoraenequipo.com.mx\/"},{"@type":"ListItem","position":2,"name":"Chumel Torres dice que no le pagar\u00e1 nada a Gloria Trevi tras perder demanda"}]},{"@type":"WebSite","@id":"https:\/\/www.sonoraenequipo.com.mx\/#website","url":"https:\/\/www.sonoraenequipo.com.mx\/","name":"Sonora en Equipo.","description":"Diario en l\u00ednea con Noticias desde Hermosillo, Sonora","publisher":{"@id":"https:\/\/www.sonoraenequipo.com.mx\/#organization"},"potentialAction":[{"@type":"SearchAction","target":{"@type":"EntryPoint","urlTemplate":"https:\/\/www.sonoraenequipo.com.mx\/?s={search_term_string}"},"query-input":{"@type":"PropertyValueSpecification","valueRequired":true,"valueName":"search_term_string"}}],"inLanguage":"es"},{"@type":"Organization","@id":"https:\/\/www.sonoraenequipo.com.mx\/#organization","name":"Sonoraenequipo.com.mx","url":"https:\/\/www.sonoraenequipo.com.mx\/","logo":{"@type":"ImageObject","inLanguage":"es","@id":"https:\/\/www.sonoraenequipo.com.mx\/#\/schema\/logo\/image\/","url":"https:\/\/www.sonoraenequipo.com.mx\/storage\/2019\/01\/sonoraenequipo_opt.png","contentUrl":"https:\/\/www.sonoraenequipo.com.mx\/storage\/2019\/01\/sonoraenequipo_opt.png","width":375,"height":125,"caption":"Sonoraenequipo.com.mx"},"image":{"@id":"https:\/\/www.sonoraenequipo.com.mx\/#\/schema\/logo\/image\/"},"sameAs":["https:\/\/www.facebook.com\/SonoraEE\/","https:\/\/x.com\/sonoraenequipo","https:\/\/www.youtube.com\/channel\/UC338nW-lPEYmJQs4ZABQ1SQ"]},{"@type":"Person","@id":"https:\/\/www.sonoraenequipo.com.mx\/#\/schema\/person\/50102df0fb23a8fa9e8effad8fa81386","name":"enequipo","image":{"@type":"ImageObject","inLanguage":"es","@id":"https:\/\/www.sonoraenequipo.com.mx\/#\/schema\/person\/image\/","url":"https:\/\/secure.gravatar.com\/avatar\/049821681b589dabc0bc20695993ccebb09f5b5d4d790cd9251b97faac7c652b?s=96&d=blank&r=g","contentUrl":"https:\/\/secure.gravatar.com\/avatar\/049821681b589dabc0bc20695993ccebb09f5b5d4d790cd9251b97faac7c652b?s=96&d=blank&r=g","caption":"enequipo"},"sameAs":["https:\/\/www.facebook.com\/SonoraEE"]}]}},"jetpack_featured_media_url":"https:\/\/www.sonoraenequipo.com.mx\/storage\/2024\/03\/torres-gloria-trevi-min.jpg","_links":{"self":[{"href":"https:\/\/www.sonoraenequipo.com.mx\/api\/wp\/v2\/posts\/186018","targetHints":{"allow":["GET"]}}],"collection":[{"href":"https:\/\/www.sonoraenequipo.com.mx\/api\/wp\/v2\/posts"}],"about":[{"href":"https:\/\/www.sonoraenequipo.com.mx\/api\/wp\/v2\/types\/post"}],"author":[{"embeddable":true,"href":"https:\/\/www.sonoraenequipo.com.mx\/api\/wp\/v2\/users\/1"}],"replies":[{"embeddable":true,"href":"https:\/\/www.sonoraenequipo.com.mx\/api\/wp\/v2\/comments?post=186018"}],"version-history":[{"count":1,"href":"https:\/\/www.sonoraenequipo.com.mx\/api\/wp\/v2\/posts\/186018\/revisions"}],"predecessor-version":[{"id":186026,"href":"https:\/\/www.sonoraenequipo.com.mx\/api\/wp\/v2\/posts\/186018\/revisions\/186026"}],"wp:featuredmedia":[{"embeddable":true,"href":"https:\/\/www.sonoraenequipo.com.mx\/api\/wp\/v2\/media\/186005"}],"wp:attachment":[{"href":"https:\/\/www.sonoraenequipo.com.mx\/api\/wp\/v2\/media?parent=186018"}],"wp:term":[{"taxonomy":"category","embeddable":true,"href":"https:\/\/www.sonoraenequipo.com.mx\/api\/wp\/v2\/categories?post=186018"},{"taxonomy":"post_tag","embeddable":true,"href":"https:\/\/www.sonoraenequipo.com.mx\/api\/wp\/v2\/tags?post=186018"}],"curies":[{"name":"wp","href":"https:\/\/api.w.org\/{rel}","templated":true}]}}