{"id":186148,"date":"2024-03-23T09:07:13","date_gmt":"2024-03-23T16:07:13","guid":{"rendered":"https:\/\/www.sonoraenequipo.com.mx\/?p=186148"},"modified":"2024-03-23T19:27:58","modified_gmt":"2024-03-24T02:27:58","slug":"ricky-martin-revelo-que-su-padre-lo-animo-a-salir-del-closet","status":"publish","type":"post","link":"https:\/\/www.sonoraenequipo.com.mx\/ricky-martin-revelo-que-su-padre-lo-animo-a-salir-del-closet\/","title":{"rendered":"Ricky Martin revel\u00f3 que su padre lo anim\u00f3 a salir del cl\u00f3set"},"content":{"rendered":"<p><strong>NUEVA YORK, ESTADOS UNIDOS.<\/strong> \u2014 El cantante puertorrique\u00f1o Ricky Martin revel\u00f3 este jueves en una entrevista de radio en Estados Unidos que su padre lo anim\u00f3 a contarle al mundo que era homosexual por el bien de sus hijos, una confesi\u00f3n que har\u00eda en 2010 y que recuerda con alivio.<\/p>\n<p>&nbsp;<\/p>\n<p> <\/p>\n<p>En el programa del presentador Andy Cohen en la cadena SiriusXM, Martin explic\u00f3 que su equipo le dec\u00eda que salir del cl\u00f3set acabar\u00eda con su carrera, pero su padre, Enrique, lo alent\u00f3 en sentido contrario: <strong><em>\u201cEspecialmente cuando me convert\u00ed en padre. Me dijo: \u2018\u00bfqu\u00e9 vas a ense\u00f1ar a tus hijos, a mentir?\u2019\u201d.<\/em><\/strong><\/p>\n<p>&nbsp;<\/p>\n<p>El progenitor de Martin, que es psic\u00f3logo, le recomend\u00f3 \u201cser abierto\u201d y se ofreci\u00f3 a ayudarlo, ante lo que el artista, algo abrumado, le dijo que necesitaba un tiempo para pensar la forma de dar la noticia, que finalmente fue en una carta compartida en sus redes sociales.<\/p>\n<p>&nbsp;<\/p>\n<p>&nbsp;<\/p>\n<p>El autor de \u00e9xitos como \u201cLivin la vida loca\u201d, de 52 a\u00f1os, que se divorci\u00f3 en 2023 del artista sirio-sueco Jwan Yosef tras seis a\u00f1os de matrimonio y es padre de cuatro hijos, asegur\u00f3 que enviar aquel mensaje fue algo \u201cincre\u00edble\u201d, y brome\u00f3 con que le gustar\u00eda hacerlo m\u00e1s veces.<\/p>\n<p>&nbsp;<\/p>\n<p>&nbsp;<\/p>\n<p>Martin esquiv\u00f3 durante a\u00f1os las especulaciones sobre su sexualidad y se\u00f1al\u00f3 que su equipo profesional le instaba a esconderse, dici\u00e9ndole: <strong><em>\u201cVa a ser el final de tu carrera. No tienes que cont\u00e1rselo al mundo. Tus amigos y familia lo saben, \u00bfpor qu\u00e9 tienes que decirlo ante una c\u00e1mara?\u201d.<\/em><\/strong><\/p>\n<p>&nbsp;<\/p>\n<p>&nbsp;<\/p>\n<p>PUBLICADO EL 23 DE MARZO DE 2024 Con informaci\u00f3n de EFE)<\/p>\n","protected":false},"excerpt":{"rendered":"<p>NUEVA YORK, ESTADOS UNIDOS. \u2014 El cantante puertorrique\u00f1o Ricky Martin revel\u00f3 este jueves en una&#8230;<\/p>\n","protected":false},"author":1,"featured_media":186149,"comment_status":"open","ping_status":"open","sticky":false,"template":"","format":"standard","meta":{"_monsterinsights_skip_tracking":false,"_monsterinsights_sitenote_active":false,"_monsterinsights_sitenote_note":"","_monsterinsights_sitenote_category":0,"footnotes":""},"categories":[2987],"tags":[],"class_list":["post"],"yoast_head":" \n<title>Sonora en Equipo. Ricky Martin revel\u00f3 que su padre lo anim\u00f3 a salir del cl\u00f3set Showbiz<\/title>\n<meta name=\"description\" content=\"NUEVA YORK, ESTADOS UNIDOS. \u2014 El cantante puertorrique\u00f1o Ricky Martin revel\u00f3 este jueves en una entrevista de radio en Estados Unidos que su padre lo En Sonora en Equipo publicamos toda la informaci\u00f3n de Sonora, M\u00e9xico y el Mundo de manera oportuna y busca que la libertad de expresi\u00f3n sea real. Visita nuestro medio informativo publicado desde Hermosillo, Sonora. %\" \/>\n<meta name=\"robots\" content=\"index, follow, max-snippet:-1, max-image-preview:large, max-video-preview:-1\" \/>\n<link rel=\"canonical\" href=\"https:\/\/www.sonoraenequipo.com.mx\/ricky-martin-revelo-que-su-padre-lo-animo-a-salir-del-closet\/\" \/>\n<meta property=\"og:locale\" content=\"es_ES\" \/>\n<meta property=\"og:type\" content=\"article\" \/>\n<meta property=\"og:title\" content=\"Sonora en Equipo. Ricky Martin revel\u00f3 que su padre lo anim\u00f3 a salir del cl\u00f3set Showbiz\" \/>\n<meta property=\"og:description\" content=\"NUEVA YORK, ESTADOS UNIDOS. \u2014 El cantante puertorrique\u00f1o Ricky Martin revel\u00f3 este jueves en una entrevista de radio en Estados Unidos que su padre lo En Sonora en Equipo publicamos toda la informaci\u00f3n de Sonora, M\u00e9xico y el Mundo de manera oportuna y busca que la libertad de expresi\u00f3n sea real. Visita nuestro medio informativo publicado desde Hermosillo, Sonora. %\" \/>\n<meta property=\"og:url\" content=\"https:\/\/www.sonoraenequipo.com.mx\/ricky-martin-revelo-que-su-padre-lo-animo-a-salir-del-closet\/\" \/>\n<meta property=\"og:site_name\" content=\"Sonora en Equipo.\" \/>\n<meta property=\"article:publisher\" content=\"https:\/\/www.facebook.com\/SonoraEE\/\" \/>\n<meta property=\"article:author\" content=\"https:\/\/www.facebook.com\/SonoraEE\" \/>\n<meta property=\"article:published_time\" content=\"2024-03-23T16:07:13+00:00\" \/>\n<meta property=\"article:modified_time\" content=\"2024-03-24T02:27:58+00:00\" \/>\n<meta property=\"og:image\" content=\"https:\/\/www.sonoraenequipo.com.mx\/storage\/2024\/03\/riki-martin-min.jpg\" \/>\n\t<meta property=\"og:image:width\" content=\"900\" \/>\n\t<meta property=\"og:image:height\" content=\"515\" \/>\n\t<meta property=\"og:image:type\" content=\"image\/jpeg\" \/>\n<meta name=\"author\" content=\"enequipo\" \/>\n<meta name=\"twitter:card\" content=\"summary_large_image\" \/>\n<meta name=\"twitter:creator\" content=\"@sonoraenequipo\" \/>\n<meta name=\"twitter:site\" content=\"@sonoraenequipo\" \/>\n<meta name=\"twitter:label1\" content=\"Escrito por\" \/>\n\t<meta name=\"twitter:data1\" content=\"enequipo\" \/>\n\t<meta name=\"twitter:label2\" content=\"Tiempo de lectura\" \/>\n\t<meta name=\"twitter:data2\" content=\"1 minuto\" \/>\n<script type=\"application\/ld+json\" class=\"yoast-schema-graph\">{\"@context\":\"https:\/\/schema.org\",\"@graph\":[{\"@type\":\"Article\",\"@id\":\"https:\/\/www.sonoraenequipo.com.mx\/ricky-martin-revelo-que-su-padre-lo-animo-a-salir-del-closet\/#article\",\"isPartOf\":{\"@id\":\"https:\/\/www.sonoraenequipo.com.mx\/ricky-martin-revelo-que-su-padre-lo-animo-a-salir-del-closet\/\"},\"author\":{\"name\":\"enequipo\",\"@id\":\"https:\/\/www.sonoraenequipo.com.mx\/#\/schema\/person\/50102df0fb23a8fa9e8effad8fa81386\"},\"headline\":\"Ricky Martin revel\u00f3 que su padre lo anim\u00f3 a salir del cl\u00f3set\",\"datePublished\":\"2024-03-23T16:07:13+00:00\",\"dateModified\":\"2024-03-24T02:27:58+00:00\",\"mainEntityOfPage\":{\"@id\":\"https:\/\/www.sonoraenequipo.com.mx\/ricky-martin-revelo-que-su-padre-lo-animo-a-salir-del-closet\/\"},\"wordCount\":293,\"commentCount\":0,\"publisher\":{\"@id\":\"https:\/\/www.sonoraenequipo.com.mx\/#organization\"},\"image\":{\"@id\":\"https:\/\/www.sonoraenequipo.com.mx\/ricky-martin-revelo-que-su-padre-lo-animo-a-salir-del-closet\/#primaryimage\"},\"thumbnailUrl\":\"https:\/\/www.sonoraenequipo.com.mx\/storage\/2024\/03\/riki-martin-min.jpg\",\"articleSection\":[\"Showbiz\"],\"inLanguage\":\"es\",\"potentialAction\":[{\"@type\":\"CommentAction\",\"name\":\"Comment\",\"target\":[\"https:\/\/www.sonoraenequipo.com.mx\/ricky-martin-revelo-que-su-padre-lo-animo-a-salir-del-closet\/#respond\"]}]},{\"@type\":\"WebPage\",\"@id\":\"https:\/\/www.sonoraenequipo.com.mx\/ricky-martin-revelo-que-su-padre-lo-animo-a-salir-del-closet\/\",\"url\":\"https:\/\/www.sonoraenequipo.com.mx\/ricky-martin-revelo-que-su-padre-lo-animo-a-salir-del-closet\/\",\"name\":\"Sonora en Equipo. Ricky Martin revel\u00f3 que su padre lo anim\u00f3 a salir del cl\u00f3set Showbiz\",\"isPartOf\":{\"@id\":\"https:\/\/www.sonoraenequipo.com.mx\/#website\"},\"primaryImageOfPage\":{\"@id\":\"https:\/\/www.sonoraenequipo.com.mx\/ricky-martin-revelo-que-su-padre-lo-animo-a-salir-del-closet\/#primaryimage\"},\"image\":{\"@id\":\"https:\/\/www.sonoraenequipo.com.mx\/ricky-martin-revelo-que-su-padre-lo-animo-a-salir-del-closet\/#primaryimage\"},\"thumbnailUrl\":\"https:\/\/www.sonoraenequipo.com.mx\/storage\/2024\/03\/riki-martin-min.jpg\",\"datePublished\":\"2024-03-23T16:07:13+00:00\",\"dateModified\":\"2024-03-24T02:27:58+00:00\",\"description\":\"NUEVA YORK, ESTADOS UNIDOS. \u2014 El cantante puertorrique\u00f1o Ricky Martin revel\u00f3 este jueves en una entrevista de radio en Estados Unidos que su padre lo En Sonora en Equipo publicamos toda la informaci\u00f3n de Sonora, M\u00e9xico y el Mundo de manera oportuna y busca que la libertad de expresi\u00f3n sea real. Visita nuestro medio informativo publicado desde Hermosillo, Sonora. %\",\"breadcrumb\":{\"@id\":\"https:\/\/www.sonoraenequipo.com.mx\/ricky-martin-revelo-que-su-padre-lo-animo-a-salir-del-closet\/#breadcrumb\"},\"inLanguage\":\"es\",\"potentialAction\":[{\"@type\":\"ReadAction\",\"target\":[\"https:\/\/www.sonoraenequipo.com.mx\/ricky-martin-revelo-que-su-padre-lo-animo-a-salir-del-closet\/\"]}]},{\"@type\":\"ImageObject\",\"inLanguage\":\"es\",\"@id\":\"https:\/\/www.sonoraenequipo.com.mx\/ricky-martin-revelo-que-su-padre-lo-animo-a-salir-del-closet\/#primaryimage\",\"url\":\"https:\/\/www.sonoraenequipo.com.mx\/storage\/2024\/03\/riki-martin-min.jpg\",\"contentUrl\":\"https:\/\/www.sonoraenequipo.com.mx\/storage\/2024\/03\/riki-martin-min.jpg\",\"width\":900,\"height\":515},{\"@type\":\"BreadcrumbList\",\"@id\":\"https:\/\/www.sonoraenequipo.com.mx\/ricky-martin-revelo-que-su-padre-lo-animo-a-salir-del-closet\/#breadcrumb\",\"itemListElement\":[{\"@type\":\"ListItem\",\"position\":1,\"name\":\"Portada\",\"item\":\"https:\/\/www.sonoraenequipo.com.mx\/\"},{\"@type\":\"ListItem\",\"position\":2,\"name\":\"Ricky Martin revel\u00f3 que su padre lo anim\u00f3 a salir del cl\u00f3set\"}]},{\"@type\":\"WebSite\",\"@id\":\"https:\/\/www.sonoraenequipo.com.mx\/#website\",\"url\":\"https:\/\/www.sonoraenequipo.com.mx\/\",\"name\":\"Sonora en Equipo.\",\"description\":\"Diario en l\u00ednea con Noticias desde Hermosillo, Sonora\",\"publisher\":{\"@id\":\"https:\/\/www.sonoraenequipo.com.mx\/#organization\"},\"potentialAction\":[{\"@type\":\"SearchAction\",\"target\":{\"@type\":\"EntryPoint\",\"urlTemplate\":\"https:\/\/www.sonoraenequipo.com.mx\/?s={search_term_string}\"},\"query-input\":{\"@type\":\"PropertyValueSpecification\",\"valueRequired\":true,\"valueName\":\"search_term_string\"}}],\"inLanguage\":\"es\"},{\"@type\":\"Organization\",\"@id\":\"https:\/\/www.sonoraenequipo.com.mx\/#organization\",\"name\":\"Sonoraenequipo.com.mx\",\"url\":\"https:\/\/www.sonoraenequipo.com.mx\/\",\"logo\":{\"@type\":\"ImageObject\",\"inLanguage\":\"es\",\"@id\":\"https:\/\/www.sonoraenequipo.com.mx\/#\/schema\/logo\/image\/\",\"url\":\"https:\/\/www.sonoraenequipo.com.mx\/storage\/2019\/01\/sonoraenequipo_opt.png\",\"contentUrl\":\"https:\/\/www.sonoraenequipo.com.mx\/storage\/2019\/01\/sonoraenequipo_opt.png\",\"width\":375,\"height\":125,\"caption\":\"Sonoraenequipo.com.mx\"},\"image\":{\"@id\":\"https:\/\/www.sonoraenequipo.com.mx\/#\/schema\/logo\/image\/\"},\"sameAs\":[\"https:\/\/www.facebook.com\/SonoraEE\/\",\"https:\/\/x.com\/sonoraenequipo\",\"https:\/\/www.youtube.com\/channel\/UC338nW-lPEYmJQs4ZABQ1SQ\"]},{\"@type\":\"Person\",\"@id\":\"https:\/\/www.sonoraenequipo.com.mx\/#\/schema\/person\/50102df0fb23a8fa9e8effad8fa81386\",\"name\":\"enequipo\",\"image\":{\"@type\":\"ImageObject\",\"inLanguage\":\"es\",\"@id\":\"https:\/\/www.sonoraenequipo.com.mx\/#\/schema\/person\/image\/\",\"url\":\"https:\/\/secure.gravatar.com\/avatar\/049821681b589dabc0bc20695993ccebb09f5b5d4d790cd9251b97faac7c652b?s=96&d=blank&r=g\",\"contentUrl\":\"https:\/\/secure.gravatar.com\/avatar\/049821681b589dabc0bc20695993ccebb09f5b5d4d790cd9251b97faac7c652b?s=96&d=blank&r=g\",\"caption\":\"enequipo\"},\"sameAs\":[\"https:\/\/www.facebook.com\/SonoraEE\"]}]}<\/script>\n ","yoast_head_json":{"title":"Sonora en Equipo. Ricky Martin revel\u00f3 que su padre lo anim\u00f3 a salir del cl\u00f3set Showbiz","description":"NUEVA YORK, ESTADOS UNIDOS. \u2014 El cantante puertorrique\u00f1o Ricky Martin revel\u00f3 este jueves en una entrevista de radio en Estados Unidos que su padre lo En Sonora en Equipo publicamos toda la informaci\u00f3n de Sonora, M\u00e9xico y el Mundo de manera oportuna y busca que la libertad de expresi\u00f3n sea real. Visita nuestro medio informativo publicado desde Hermosillo, Sonora. %","robots":{"index":"index","follow":"follow","max-snippet":"max-snippet:-1","max-image-preview":"max-image-preview:large","max-video-preview":"max-video-preview:-1"},"canonical":"https:\/\/www.sonoraenequipo.com.mx\/ricky-martin-revelo-que-su-padre-lo-animo-a-salir-del-closet\/","og_locale":"es_ES","og_type":"article","og_title":"Sonora en Equipo. Ricky Martin revel\u00f3 que su padre lo anim\u00f3 a salir del cl\u00f3set Showbiz","og_description":"NUEVA YORK, ESTADOS UNIDOS. \u2014 El cantante puertorrique\u00f1o Ricky Martin revel\u00f3 este jueves en una entrevista de radio en Estados Unidos que su padre lo En Sonora en Equipo publicamos toda la informaci\u00f3n de Sonora, M\u00e9xico y el Mundo de manera oportuna y busca que la libertad de expresi\u00f3n sea real. Visita nuestro medio informativo publicado desde Hermosillo, Sonora. %","og_url":"https:\/\/www.sonoraenequipo.com.mx\/ricky-martin-revelo-que-su-padre-lo-animo-a-salir-del-closet\/","og_site_name":"Sonora en Equipo.","article_publisher":"https:\/\/www.facebook.com\/SonoraEE\/","article_author":"https:\/\/www.facebook.com\/SonoraEE","article_published_time":"2024-03-23T16:07:13+00:00","article_modified_time":"2024-03-24T02:27:58+00:00","og_image":[{"width":900,"height":515,"url":"https:\/\/www.sonoraenequipo.com.mx\/storage\/2024\/03\/riki-martin-min.jpg","type":"image\/jpeg"}],"author":"enequipo","twitter_card":"summary_large_image","twitter_creator":"@sonoraenequipo","twitter_site":"@sonoraenequipo","twitter_misc":{"Escrito por":"enequipo","Tiempo de lectura":"1 minuto"},"schema":{"@context":"https:\/\/schema.org","@graph":[{"@type":"Article","@id":"https:\/\/www.sonoraenequipo.com.mx\/ricky-martin-revelo-que-su-padre-lo-animo-a-salir-del-closet\/#article","isPartOf":{"@id":"https:\/\/www.sonoraenequipo.com.mx\/ricky-martin-revelo-que-su-padre-lo-animo-a-salir-del-closet\/"},"author":{"name":"enequipo","@id":"https:\/\/www.sonoraenequipo.com.mx\/#\/schema\/person\/50102df0fb23a8fa9e8effad8fa81386"},"headline":"Ricky Martin revel\u00f3 que su padre lo anim\u00f3 a salir del cl\u00f3set","datePublished":"2024-03-23T16:07:13+00:00","dateModified":"2024-03-24T02:27:58+00:00","mainEntityOfPage":{"@id":"https:\/\/www.sonoraenequipo.com.mx\/ricky-martin-revelo-que-su-padre-lo-animo-a-salir-del-closet\/"},"wordCount":293,"commentCount":0,"publisher":{"@id":"https:\/\/www.sonoraenequipo.com.mx\/#organization"},"image":{"@id":"https:\/\/www.sonoraenequipo.com.mx\/ricky-martin-revelo-que-su-padre-lo-animo-a-salir-del-closet\/#primaryimage"},"thumbnailUrl":"https:\/\/www.sonoraenequipo.com.mx\/storage\/2024\/03\/riki-martin-min.jpg","articleSection":["Showbiz"],"inLanguage":"es","potentialAction":[{"@type":"CommentAction","name":"Comment","target":["https:\/\/www.sonoraenequipo.com.mx\/ricky-martin-revelo-que-su-padre-lo-animo-a-salir-del-closet\/#respond"]}]},{"@type":"WebPage","@id":"https:\/\/www.sonoraenequipo.com.mx\/ricky-martin-revelo-que-su-padre-lo-animo-a-salir-del-closet\/","url":"https:\/\/www.sonoraenequipo.com.mx\/ricky-martin-revelo-que-su-padre-lo-animo-a-salir-del-closet\/","name":"Sonora en Equipo. Ricky Martin revel\u00f3 que su padre lo anim\u00f3 a salir del cl\u00f3set Showbiz","isPartOf":{"@id":"https:\/\/www.sonoraenequipo.com.mx\/#website"},"primaryImageOfPage":{"@id":"https:\/\/www.sonoraenequipo.com.mx\/ricky-martin-revelo-que-su-padre-lo-animo-a-salir-del-closet\/#primaryimage"},"image":{"@id":"https:\/\/www.sonoraenequipo.com.mx\/ricky-martin-revelo-que-su-padre-lo-animo-a-salir-del-closet\/#primaryimage"},"thumbnailUrl":"https:\/\/www.sonoraenequipo.com.mx\/storage\/2024\/03\/riki-martin-min.jpg","datePublished":"2024-03-23T16:07:13+00:00","dateModified":"2024-03-24T02:27:58+00:00","description":"NUEVA YORK, ESTADOS UNIDOS. \u2014 El cantante puertorrique\u00f1o Ricky Martin revel\u00f3 este jueves en una entrevista de radio en Estados Unidos que su padre lo En Sonora en Equipo publicamos toda la informaci\u00f3n de Sonora, M\u00e9xico y el Mundo de manera oportuna y busca que la libertad de expresi\u00f3n sea real. Visita nuestro medio informativo publicado desde Hermosillo, Sonora. %","breadcrumb":{"@id":"https:\/\/www.sonoraenequipo.com.mx\/ricky-martin-revelo-que-su-padre-lo-animo-a-salir-del-closet\/#breadcrumb"},"inLanguage":"es","potentialAction":[{"@type":"ReadAction","target":["https:\/\/www.sonoraenequipo.com.mx\/ricky-martin-revelo-que-su-padre-lo-animo-a-salir-del-closet\/"]}]},{"@type":"ImageObject","inLanguage":"es","@id":"https:\/\/www.sonoraenequipo.com.mx\/ricky-martin-revelo-que-su-padre-lo-animo-a-salir-del-closet\/#primaryimage","url":"https:\/\/www.sonoraenequipo.com.mx\/storage\/2024\/03\/riki-martin-min.jpg","contentUrl":"https:\/\/www.sonoraenequipo.com.mx\/storage\/2024\/03\/riki-martin-min.jpg","width":900,"height":515},{"@type":"BreadcrumbList","@id":"https:\/\/www.sonoraenequipo.com.mx\/ricky-martin-revelo-que-su-padre-lo-animo-a-salir-del-closet\/#breadcrumb","itemListElement":[{"@type":"ListItem","position":1,"name":"Portada","item":"https:\/\/www.sonoraenequipo.com.mx\/"},{"@type":"ListItem","position":2,"name":"Ricky Martin revel\u00f3 que su padre lo anim\u00f3 a salir del cl\u00f3set"}]},{"@type":"WebSite","@id":"https:\/\/www.sonoraenequipo.com.mx\/#website","url":"https:\/\/www.sonoraenequipo.com.mx\/","name":"Sonora en Equipo.","description":"Diario en l\u00ednea con Noticias desde Hermosillo, Sonora","publisher":{"@id":"https:\/\/www.sonoraenequipo.com.mx\/#organization"},"potentialAction":[{"@type":"SearchAction","target":{"@type":"EntryPoint","urlTemplate":"https:\/\/www.sonoraenequipo.com.mx\/?s={search_term_string}"},"query-input":{"@type":"PropertyValueSpecification","valueRequired":true,"valueName":"search_term_string"}}],"inLanguage":"es"},{"@type":"Organization","@id":"https:\/\/www.sonoraenequipo.com.mx\/#organization","name":"Sonoraenequipo.com.mx","url":"https:\/\/www.sonoraenequipo.com.mx\/","logo":{"@type":"ImageObject","inLanguage":"es","@id":"https:\/\/www.sonoraenequipo.com.mx\/#\/schema\/logo\/image\/","url":"https:\/\/www.sonoraenequipo.com.mx\/storage\/2019\/01\/sonoraenequipo_opt.png","contentUrl":"https:\/\/www.sonoraenequipo.com.mx\/storage\/2019\/01\/sonoraenequipo_opt.png","width":375,"height":125,"caption":"Sonoraenequipo.com.mx"},"image":{"@id":"https:\/\/www.sonoraenequipo.com.mx\/#\/schema\/logo\/image\/"},"sameAs":["https:\/\/www.facebook.com\/SonoraEE\/","https:\/\/x.com\/sonoraenequipo","https:\/\/www.youtube.com\/channel\/UC338nW-lPEYmJQs4ZABQ1SQ"]},{"@type":"Person","@id":"https:\/\/www.sonoraenequipo.com.mx\/#\/schema\/person\/50102df0fb23a8fa9e8effad8fa81386","name":"enequipo","image":{"@type":"ImageObject","inLanguage":"es","@id":"https:\/\/www.sonoraenequipo.com.mx\/#\/schema\/person\/image\/","url":"https:\/\/secure.gravatar.com\/avatar\/049821681b589dabc0bc20695993ccebb09f5b5d4d790cd9251b97faac7c652b?s=96&d=blank&r=g","contentUrl":"https:\/\/secure.gravatar.com\/avatar\/049821681b589dabc0bc20695993ccebb09f5b5d4d790cd9251b97faac7c652b?s=96&d=blank&r=g","caption":"enequipo"},"sameAs":["https:\/\/www.facebook.com\/SonoraEE"]}]}},"jetpack_featured_media_url":"https:\/\/www.sonoraenequipo.com.mx\/storage\/2024\/03\/riki-martin-min.jpg","_links":{"self":[{"href":"https:\/\/www.sonoraenequipo.com.mx\/api\/wp\/v2\/posts\/186148","targetHints":{"allow":["GET"]}}],"collection":[{"href":"https:\/\/www.sonoraenequipo.com.mx\/api\/wp\/v2\/posts"}],"about":[{"href":"https:\/\/www.sonoraenequipo.com.mx\/api\/wp\/v2\/types\/post"}],"author":[{"embeddable":true,"href":"https:\/\/www.sonoraenequipo.com.mx\/api\/wp\/v2\/users\/1"}],"replies":[{"embeddable":true,"href":"https:\/\/www.sonoraenequipo.com.mx\/api\/wp\/v2\/comments?post=186148"}],"version-history":[{"count":1,"href":"https:\/\/www.sonoraenequipo.com.mx\/api\/wp\/v2\/posts\/186148\/revisions"}],"predecessor-version":[{"id":186150,"href":"https:\/\/www.sonoraenequipo.com.mx\/api\/wp\/v2\/posts\/186148\/revisions\/186150"}],"wp:featuredmedia":[{"embeddable":true,"href":"https:\/\/www.sonoraenequipo.com.mx\/api\/wp\/v2\/media\/186149"}],"wp:attachment":[{"href":"https:\/\/www.sonoraenequipo.com.mx\/api\/wp\/v2\/media?parent=186148"}],"wp:term":[{"taxonomy":"category","embeddable":true,"href":"https:\/\/www.sonoraenequipo.com.mx\/api\/wp\/v2\/categories?post=186148"},{"taxonomy":"post_tag","embeddable":true,"href":"https:\/\/www.sonoraenequipo.com.mx\/api\/wp\/v2\/tags?post=186148"}],"curies":[{"name":"wp","href":"https:\/\/api.w.org\/{rel}","templated":true}]}}