{"id":186151,"date":"2024-03-23T11:32:00","date_gmt":"2024-03-23T18:32:00","guid":{"rendered":"https:\/\/www.sonoraenequipo.com.mx\/?p=186151"},"modified":"2024-03-23T20:01:50","modified_gmt":"2024-03-24T03:01:50","slug":"shakira-y-las-mujeres-ya-no-lloran-cerrar-un-exitoso-ciclo-de-resiliencia","status":"publish","type":"post","link":"https:\/\/www.sonoraenequipo.com.mx\/shakira-y-las-mujeres-ya-no-lloran-cerrar-un-exitoso-ciclo-de-resiliencia\/","title":{"rendered":"Shakira y \u2018Las mujeres ya no lloran\u2019, cerrar un exitoso ciclo de resiliencia"},"content":{"rendered":"<p>Shakira lanz\u00f3 su nuevo disco Las mujeres ya no lloran, un viaje por el vasto paisaje del pop latinoamericano y sus subg\u00e9neros, tras una \u00e9poca de desahogo marcada por traiciones y desaf\u00edos que la han devuelto a su esencia personal y musical.<\/p>\n<p>&nbsp;<\/p>\n<p> <\/p>\n<p><em><strong>\u201cA la Shakira que empez\u00f3 a hacer este disco le dir\u00eda que mire hacia el futuro, porque lo que viene es muy bueno\u201d,<\/strong><\/em> expres\u00f3 la cantante colombiana en un evento en el Hard Rock Hotel, a las afueras de Miami, en el que present\u00f3 su \u00e1lbum la medianoche del jueves.<\/p>\n<p>&nbsp;<\/p>\n<p>Con canciones que ya han roto todo tipo de r\u00e9cords mundiales, m\u00e1s ocho nuevas, el \u00e1lbum, el primero en siete a\u00f1os, est\u00e1 marcado por la complicada separaci\u00f3n de Shakira del padre de sus hijos, el exfutbolista espa\u00f1ol Gerard Piqu\u00e9, y su posterior recuperaci\u00f3n, en lo que ha descrito como<strong><em> \u201cuna conversaci\u00f3n\u201d<\/em> <\/strong>con sus fans.<\/p>\n<p>&nbsp;<\/p>\n<p>Con <strong><em>\u201c\u00daltima\u201d,<\/em><\/strong> uno de los temas de su duod\u00e9cimo \u00e1lbum, Shakira, seg\u00fan ella misma ha anunciado, pone punto final a sus desahogos musicales por la ruptura de su relaci\u00f3n con Piqu\u00e9 en 2022. \u201cSe me perdi\u00f3 el amor a mitad de camino, c\u00f3mo es que te cansaste de algo tan genuino\u201d, canta la artista colombiana.<\/p>\n<p>&nbsp;<\/p>\n<p>&nbsp;<\/p>\n<p><strong><em>\u201cLo que nos pas\u00f3 ya pas\u00f3 y no tuvo sentido. Y si estuviste confundido ahora yo me siento igual. Seguramente con el tiempo te arrepientas y alg\u00fan d\u00eda quieras volver a tocar mi puerta. Pero ahora he decidido estar sola\u201d<\/em><\/strong>, agrega en la canci\u00f3n<\/p>\n<p>&nbsp;<\/p>\n<p>Sin embargo, en sus cuatro temas en solitario, <em><strong>\u201cNassau\u201d,<\/strong><\/em> <strong><em>\u201cTiempo sin verte\u201d, \u201cD\u00f3nde y cu\u00e1ndo\u201d y \u201cLa \u00faltima\u201d,<\/em><\/strong> Shakira (Barranquilla, 1977) regresa a su esencia musical de fusiones internacionales, con fuerza mel\u00f3dica y, en algunos casos, letras y sonidos desgarradores, m\u00e1s el pop rock que tanto extra\u00f1aban los fans que la acompa\u00f1an desde su primer disco, Pies descalzos (1991).<\/p>\n<p>&nbsp;<\/p>\n<p>Las mujeres ya no lloran, el d\u00e9cimo segundo \u00e1lbum de su carrera, es \u201cconceptual\u201d, se fue desarrollando org\u00e1nicamente, en palabras de la propia Shakira. Se trata, adem\u00e1s, de un disco sobre las etapas que vive un coraz\u00f3n roto, pero tambi\u00e9n de c\u00f3mo se recupera. No todas las canciones son de desamor.<\/p>\n<p>&nbsp;<\/p>\n<p><strong><em>\u201cEspero que hagan este disco suyo y los ayude a transformar el dolor en fuerza, como me ayud\u00f3 a m\u00ed\u201d,<\/em> <\/strong>manifest\u00f3 Shakira minutos antes de dar por lanzada oficialmente esta producci\u00f3n, que ya recibi\u00f3 siete discos de platino por los temas publicados como adelantos a partir de 2022.<\/p>\n<p>&nbsp;<\/p>\n<p>La cantante calific\u00f3 el proyecto como un \u201c<strong><em>testamento a la resiliencia, el empoderamiento y la belleza de la fuerza femenina\u201d<\/em><\/strong> durante el evento en el Hard Rock Hotel.<\/p>\n<p>&nbsp;<\/p>\n<p>Aunque se desconoce si el orden de las canciones tiene un significado, es claro que el presente se impone. Las ocho iniciales son las nuevas, comenzando con \u201cPunter\u00eda\u201d, una colaboraci\u00f3n con la rapera latina Cardi B.<\/p>\n<p>&nbsp;<\/p>\n<p>Le siguen<em><strong> \u201cLa fuerte\u201d,<\/strong><\/em> de nuevo con Bizarrap y el resto de los nuevos temas. Los ocho ya en el mercado aparecen luego, en orden cronol\u00f3gico de lanzamiento, comenzando en 2022 con<strong><em> \u201cTe felicito\u201d<\/em><\/strong> con Rauw Alejandro, con quien tiene una segunda canci\u00f3n, <strong><em>\u201cCohete\u201d, y ese mismo a\u00f1o \u201cMonoton\u00eda\u201d,<\/em><\/strong> su bachata con Ozuna.<\/p>\n<p>&nbsp;<\/p>\n<p>Ya en 2023 lanz\u00f3 \u201c<strong><em>Shakira: Bzrp Music Sessions, Vol. 53\u201d,<\/em><\/strong> que cuenta con cuatro r\u00e9cords Guinness en transmisiones en directo o streaming y adem\u00e1s es la canci\u00f3n latina m\u00e1s vista en YouTube en 24 horas, la que m\u00e1s r\u00e1pido ha alcanzado los 100 millones de visitas en YouTube, la m\u00e1s escuchada en Spotify en 24 horas y la m\u00e1s escuchada en Spotify en una semana.<\/p>\n<p>&nbsp;<\/p>\n<p>&nbsp;<\/p>\n<p>Le siguieron <em><strong>\u201cTQG\u201d<\/strong><\/em> con su compatriota Karol G, \u201c<strong><em>Copa vac\u00eda\u201d<\/em><\/strong> con Manuel Turizo y <em><strong>\u201cAcr\u00f3stico\u201d,<\/strong><\/em> en el que sus hijos Milan y Sasha cantan y tocan instrumentos.<\/p>\n<p>&nbsp;<\/p>\n<p>&nbsp;<\/p>\n<p>&nbsp;<\/p>\n<p>Shakira sorprendi\u00f3 este a\u00f1o con \u201cEl jefe\u201d, su primer tema en el mundo del regional mexicano, una colaboraci\u00f3n con la banda californiana Fuerza Regida.<\/p>\n<p>&nbsp;<\/p>\n<p>&nbsp;<\/p>\n<p>En la misma vena musical est\u00e1 <em><strong>\u201c(Entre par\u00e9ntesis)\u201d,<\/strong><\/em> una de las nuevas, con Grupo Frontera, una banda nacida en Texas en 2019, que se hizo famosa por una colaboraci\u00f3n con Bad Bunny el a\u00f1o pasado.<\/p>\n<p>&nbsp;<\/p>\n<p>&nbsp;<\/p>\n<p>El cierre del disco es un remix del Vol.53 en m\u00fasica electr\u00f3nica (EDM) con el DJ y productor musical holand\u00e9s Ti\u00ebsto, con un sonido triunfal de alguien que fue al infierno y regres\u00f3 mejor que nunca y adue\u00f1\u00e1ndose una vez m\u00e1s de ese grito de guerra para las mujeres traicionadas: <strong><em>\u201cUna loba como yo no est\u00e1 pa&#8217;tipos como t\u00fa\u201d.<\/em><\/strong> Aunque s\u00ed para p\u00fablicos como el que nunca abandon\u00f3 a Shakira.<\/p>\n<p>&nbsp;<\/p>\n<p>&nbsp;<\/p>\n<p>PUBLICADO EL 23 DE MARZO DE 2024 Con informaci\u00f3n de EFE)<\/p>\n","protected":false},"excerpt":{"rendered":"<p>Shakira lanz\u00f3 su nuevo disco Las mujeres ya no lloran, un viaje por el vasto&#8230;<\/p>\n","protected":false},"author":1,"featured_media":186165,"comment_status":"open","ping_status":"open","sticky":false,"template":"","format":"standard","meta":{"_monsterinsights_skip_tracking":false,"_monsterinsights_sitenote_active":false,"_monsterinsights_sitenote_note":"","_monsterinsights_sitenote_category":0,"footnotes":""},"categories":[2987],"tags":[],"class_list":["post"],"yoast_head":" \n<title>Sonora en Equipo. Shakira y \u2018Las mujeres ya no lloran\u2019, cerrar un exitoso ciclo de resiliencia Showbiz<\/title>\n<meta name=\"description\" content=\"Shakira lanz\u00f3 su nuevo disco Las mujeres ya no lloran, un viaje por el vasto paisaje del pop latinoamericano y sus subg\u00e9neros, tras una \u00e9poca de desahogo En Sonora en Equipo publicamos toda la informaci\u00f3n de Sonora, M\u00e9xico y el Mundo de manera oportuna y busca que la libertad de expresi\u00f3n sea real. Visita nuestro medio informativo publicado desde Hermosillo, Sonora. %\" \/>\n<meta name=\"robots\" content=\"index, follow, max-snippet:-1, max-image-preview:large, max-video-preview:-1\" \/>\n<link rel=\"canonical\" href=\"https:\/\/www.sonoraenequipo.com.mx\/shakira-y-las-mujeres-ya-no-lloran-cerrar-un-exitoso-ciclo-de-resiliencia\/\" \/>\n<meta property=\"og:locale\" content=\"es_ES\" \/>\n<meta property=\"og:type\" content=\"article\" \/>\n<meta property=\"og:title\" content=\"Sonora en Equipo. Shakira y \u2018Las mujeres ya no lloran\u2019, cerrar un exitoso ciclo de resiliencia Showbiz\" \/>\n<meta property=\"og:description\" content=\"Shakira lanz\u00f3 su nuevo disco Las mujeres ya no lloran, un viaje por el vasto paisaje del pop latinoamericano y sus subg\u00e9neros, tras una \u00e9poca de desahogo En Sonora en Equipo publicamos toda la informaci\u00f3n de Sonora, M\u00e9xico y el Mundo de manera oportuna y busca que la libertad de expresi\u00f3n sea real. Visita nuestro medio informativo publicado desde Hermosillo, Sonora. %\" \/>\n<meta property=\"og:url\" content=\"https:\/\/www.sonoraenequipo.com.mx\/shakira-y-las-mujeres-ya-no-lloran-cerrar-un-exitoso-ciclo-de-resiliencia\/\" \/>\n<meta property=\"og:site_name\" content=\"Sonora en Equipo.\" \/>\n<meta property=\"article:publisher\" content=\"https:\/\/www.facebook.com\/SonoraEE\/\" \/>\n<meta property=\"article:author\" content=\"https:\/\/www.facebook.com\/SonoraEE\" \/>\n<meta property=\"article:published_time\" content=\"2024-03-23T18:32:00+00:00\" \/>\n<meta property=\"article:modified_time\" content=\"2024-03-24T03:01:50+00:00\" \/>\n<meta property=\"og:image\" content=\"https:\/\/www.sonoraenequipo.com.mx\/storage\/2024\/03\/shakira-min.jpg\" \/>\n\t<meta property=\"og:image:width\" content=\"900\" \/>\n\t<meta property=\"og:image:height\" content=\"515\" \/>\n\t<meta property=\"og:image:type\" content=\"image\/jpeg\" \/>\n<meta name=\"author\" content=\"enequipo\" \/>\n<meta name=\"twitter:card\" content=\"summary_large_image\" \/>\n<meta name=\"twitter:creator\" content=\"@sonoraenequipo\" \/>\n<meta name=\"twitter:site\" content=\"@sonoraenequipo\" \/>\n<meta name=\"twitter:label1\" content=\"Escrito por\" \/>\n\t<meta name=\"twitter:data1\" content=\"enequipo\" \/>\n\t<meta name=\"twitter:label2\" content=\"Tiempo de lectura\" \/>\n\t<meta name=\"twitter:data2\" content=\"4 minutos\" \/>\n<script type=\"application\/ld+json\" class=\"yoast-schema-graph\">{\"@context\":\"https:\/\/schema.org\",\"@graph\":[{\"@type\":\"Article\",\"@id\":\"https:\/\/www.sonoraenequipo.com.mx\/shakira-y-las-mujeres-ya-no-lloran-cerrar-un-exitoso-ciclo-de-resiliencia\/#article\",\"isPartOf\":{\"@id\":\"https:\/\/www.sonoraenequipo.com.mx\/shakira-y-las-mujeres-ya-no-lloran-cerrar-un-exitoso-ciclo-de-resiliencia\/\"},\"author\":{\"name\":\"enequipo\",\"@id\":\"https:\/\/www.sonoraenequipo.com.mx\/#\/schema\/person\/50102df0fb23a8fa9e8effad8fa81386\"},\"headline\":\"Shakira y \u2018Las mujeres ya no lloran\u2019, cerrar un exitoso ciclo de resiliencia\",\"datePublished\":\"2024-03-23T18:32:00+00:00\",\"dateModified\":\"2024-03-24T03:01:50+00:00\",\"mainEntityOfPage\":{\"@id\":\"https:\/\/www.sonoraenequipo.com.mx\/shakira-y-las-mujeres-ya-no-lloran-cerrar-un-exitoso-ciclo-de-resiliencia\/\"},\"wordCount\":835,\"commentCount\":0,\"publisher\":{\"@id\":\"https:\/\/www.sonoraenequipo.com.mx\/#organization\"},\"image\":{\"@id\":\"https:\/\/www.sonoraenequipo.com.mx\/shakira-y-las-mujeres-ya-no-lloran-cerrar-un-exitoso-ciclo-de-resiliencia\/#primaryimage\"},\"thumbnailUrl\":\"https:\/\/www.sonoraenequipo.com.mx\/storage\/2024\/03\/shakira-min.jpg\",\"articleSection\":[\"Showbiz\"],\"inLanguage\":\"es\",\"potentialAction\":[{\"@type\":\"CommentAction\",\"name\":\"Comment\",\"target\":[\"https:\/\/www.sonoraenequipo.com.mx\/shakira-y-las-mujeres-ya-no-lloran-cerrar-un-exitoso-ciclo-de-resiliencia\/#respond\"]}]},{\"@type\":\"WebPage\",\"@id\":\"https:\/\/www.sonoraenequipo.com.mx\/shakira-y-las-mujeres-ya-no-lloran-cerrar-un-exitoso-ciclo-de-resiliencia\/\",\"url\":\"https:\/\/www.sonoraenequipo.com.mx\/shakira-y-las-mujeres-ya-no-lloran-cerrar-un-exitoso-ciclo-de-resiliencia\/\",\"name\":\"Sonora en Equipo. Shakira y \u2018Las mujeres ya no lloran\u2019, cerrar un exitoso ciclo de resiliencia Showbiz\",\"isPartOf\":{\"@id\":\"https:\/\/www.sonoraenequipo.com.mx\/#website\"},\"primaryImageOfPage\":{\"@id\":\"https:\/\/www.sonoraenequipo.com.mx\/shakira-y-las-mujeres-ya-no-lloran-cerrar-un-exitoso-ciclo-de-resiliencia\/#primaryimage\"},\"image\":{\"@id\":\"https:\/\/www.sonoraenequipo.com.mx\/shakira-y-las-mujeres-ya-no-lloran-cerrar-un-exitoso-ciclo-de-resiliencia\/#primaryimage\"},\"thumbnailUrl\":\"https:\/\/www.sonoraenequipo.com.mx\/storage\/2024\/03\/shakira-min.jpg\",\"datePublished\":\"2024-03-23T18:32:00+00:00\",\"dateModified\":\"2024-03-24T03:01:50+00:00\",\"description\":\"Shakira lanz\u00f3 su nuevo disco Las mujeres ya no lloran, un viaje por el vasto paisaje del pop latinoamericano y sus subg\u00e9neros, tras una \u00e9poca de desahogo En Sonora en Equipo publicamos toda la informaci\u00f3n de Sonora, M\u00e9xico y el Mundo de manera oportuna y busca que la libertad de expresi\u00f3n sea real. Visita nuestro medio informativo publicado desde Hermosillo, Sonora. %\",\"breadcrumb\":{\"@id\":\"https:\/\/www.sonoraenequipo.com.mx\/shakira-y-las-mujeres-ya-no-lloran-cerrar-un-exitoso-ciclo-de-resiliencia\/#breadcrumb\"},\"inLanguage\":\"es\",\"potentialAction\":[{\"@type\":\"ReadAction\",\"target\":[\"https:\/\/www.sonoraenequipo.com.mx\/shakira-y-las-mujeres-ya-no-lloran-cerrar-un-exitoso-ciclo-de-resiliencia\/\"]}]},{\"@type\":\"ImageObject\",\"inLanguage\":\"es\",\"@id\":\"https:\/\/www.sonoraenequipo.com.mx\/shakira-y-las-mujeres-ya-no-lloran-cerrar-un-exitoso-ciclo-de-resiliencia\/#primaryimage\",\"url\":\"https:\/\/www.sonoraenequipo.com.mx\/storage\/2024\/03\/shakira-min.jpg\",\"contentUrl\":\"https:\/\/www.sonoraenequipo.com.mx\/storage\/2024\/03\/shakira-min.jpg\",\"width\":900,\"height\":515},{\"@type\":\"BreadcrumbList\",\"@id\":\"https:\/\/www.sonoraenequipo.com.mx\/shakira-y-las-mujeres-ya-no-lloran-cerrar-un-exitoso-ciclo-de-resiliencia\/#breadcrumb\",\"itemListElement\":[{\"@type\":\"ListItem\",\"position\":1,\"name\":\"Portada\",\"item\":\"https:\/\/www.sonoraenequipo.com.mx\/\"},{\"@type\":\"ListItem\",\"position\":2,\"name\":\"Shakira y \u2018Las mujeres ya no lloran\u2019, cerrar un exitoso ciclo de resiliencia\"}]},{\"@type\":\"WebSite\",\"@id\":\"https:\/\/www.sonoraenequipo.com.mx\/#website\",\"url\":\"https:\/\/www.sonoraenequipo.com.mx\/\",\"name\":\"Sonora en Equipo.\",\"description\":\"Diario en l\u00ednea con Noticias desde Hermosillo, Sonora\",\"publisher\":{\"@id\":\"https:\/\/www.sonoraenequipo.com.mx\/#organization\"},\"potentialAction\":[{\"@type\":\"SearchAction\",\"target\":{\"@type\":\"EntryPoint\",\"urlTemplate\":\"https:\/\/www.sonoraenequipo.com.mx\/?s={search_term_string}\"},\"query-input\":{\"@type\":\"PropertyValueSpecification\",\"valueRequired\":true,\"valueName\":\"search_term_string\"}}],\"inLanguage\":\"es\"},{\"@type\":\"Organization\",\"@id\":\"https:\/\/www.sonoraenequipo.com.mx\/#organization\",\"name\":\"Sonoraenequipo.com.mx\",\"url\":\"https:\/\/www.sonoraenequipo.com.mx\/\",\"logo\":{\"@type\":\"ImageObject\",\"inLanguage\":\"es\",\"@id\":\"https:\/\/www.sonoraenequipo.com.mx\/#\/schema\/logo\/image\/\",\"url\":\"https:\/\/www.sonoraenequipo.com.mx\/storage\/2019\/01\/sonoraenequipo_opt.png\",\"contentUrl\":\"https:\/\/www.sonoraenequipo.com.mx\/storage\/2019\/01\/sonoraenequipo_opt.png\",\"width\":375,\"height\":125,\"caption\":\"Sonoraenequipo.com.mx\"},\"image\":{\"@id\":\"https:\/\/www.sonoraenequipo.com.mx\/#\/schema\/logo\/image\/\"},\"sameAs\":[\"https:\/\/www.facebook.com\/SonoraEE\/\",\"https:\/\/x.com\/sonoraenequipo\",\"https:\/\/www.youtube.com\/channel\/UC338nW-lPEYmJQs4ZABQ1SQ\"]},{\"@type\":\"Person\",\"@id\":\"https:\/\/www.sonoraenequipo.com.mx\/#\/schema\/person\/50102df0fb23a8fa9e8effad8fa81386\",\"name\":\"enequipo\",\"image\":{\"@type\":\"ImageObject\",\"inLanguage\":\"es\",\"@id\":\"https:\/\/www.sonoraenequipo.com.mx\/#\/schema\/person\/image\/\",\"url\":\"https:\/\/secure.gravatar.com\/avatar\/049821681b589dabc0bc20695993ccebb09f5b5d4d790cd9251b97faac7c652b?s=96&d=blank&r=g\",\"contentUrl\":\"https:\/\/secure.gravatar.com\/avatar\/049821681b589dabc0bc20695993ccebb09f5b5d4d790cd9251b97faac7c652b?s=96&d=blank&r=g\",\"caption\":\"enequipo\"},\"sameAs\":[\"https:\/\/www.facebook.com\/SonoraEE\"]}]}<\/script>\n ","yoast_head_json":{"title":"Sonora en Equipo. Shakira y \u2018Las mujeres ya no lloran\u2019, cerrar un exitoso ciclo de resiliencia Showbiz","description":"Shakira lanz\u00f3 su nuevo disco Las mujeres ya no lloran, un viaje por el vasto paisaje del pop latinoamericano y sus subg\u00e9neros, tras una \u00e9poca de desahogo En Sonora en Equipo publicamos toda la informaci\u00f3n de Sonora, M\u00e9xico y el Mundo de manera oportuna y busca que la libertad de expresi\u00f3n sea real. Visita nuestro medio informativo publicado desde Hermosillo, Sonora. %","robots":{"index":"index","follow":"follow","max-snippet":"max-snippet:-1","max-image-preview":"max-image-preview:large","max-video-preview":"max-video-preview:-1"},"canonical":"https:\/\/www.sonoraenequipo.com.mx\/shakira-y-las-mujeres-ya-no-lloran-cerrar-un-exitoso-ciclo-de-resiliencia\/","og_locale":"es_ES","og_type":"article","og_title":"Sonora en Equipo. Shakira y \u2018Las mujeres ya no lloran\u2019, cerrar un exitoso ciclo de resiliencia Showbiz","og_description":"Shakira lanz\u00f3 su nuevo disco Las mujeres ya no lloran, un viaje por el vasto paisaje del pop latinoamericano y sus subg\u00e9neros, tras una \u00e9poca de desahogo En Sonora en Equipo publicamos toda la informaci\u00f3n de Sonora, M\u00e9xico y el Mundo de manera oportuna y busca que la libertad de expresi\u00f3n sea real. Visita nuestro medio informativo publicado desde Hermosillo, Sonora. %","og_url":"https:\/\/www.sonoraenequipo.com.mx\/shakira-y-las-mujeres-ya-no-lloran-cerrar-un-exitoso-ciclo-de-resiliencia\/","og_site_name":"Sonora en Equipo.","article_publisher":"https:\/\/www.facebook.com\/SonoraEE\/","article_author":"https:\/\/www.facebook.com\/SonoraEE","article_published_time":"2024-03-23T18:32:00+00:00","article_modified_time":"2024-03-24T03:01:50+00:00","og_image":[{"width":900,"height":515,"url":"https:\/\/www.sonoraenequipo.com.mx\/storage\/2024\/03\/shakira-min.jpg","type":"image\/jpeg"}],"author":"enequipo","twitter_card":"summary_large_image","twitter_creator":"@sonoraenequipo","twitter_site":"@sonoraenequipo","twitter_misc":{"Escrito por":"enequipo","Tiempo de lectura":"4 minutos"},"schema":{"@context":"https:\/\/schema.org","@graph":[{"@type":"Article","@id":"https:\/\/www.sonoraenequipo.com.mx\/shakira-y-las-mujeres-ya-no-lloran-cerrar-un-exitoso-ciclo-de-resiliencia\/#article","isPartOf":{"@id":"https:\/\/www.sonoraenequipo.com.mx\/shakira-y-las-mujeres-ya-no-lloran-cerrar-un-exitoso-ciclo-de-resiliencia\/"},"author":{"name":"enequipo","@id":"https:\/\/www.sonoraenequipo.com.mx\/#\/schema\/person\/50102df0fb23a8fa9e8effad8fa81386"},"headline":"Shakira y \u2018Las mujeres ya no lloran\u2019, cerrar un exitoso ciclo de resiliencia","datePublished":"2024-03-23T18:32:00+00:00","dateModified":"2024-03-24T03:01:50+00:00","mainEntityOfPage":{"@id":"https:\/\/www.sonoraenequipo.com.mx\/shakira-y-las-mujeres-ya-no-lloran-cerrar-un-exitoso-ciclo-de-resiliencia\/"},"wordCount":835,"commentCount":0,"publisher":{"@id":"https:\/\/www.sonoraenequipo.com.mx\/#organization"},"image":{"@id":"https:\/\/www.sonoraenequipo.com.mx\/shakira-y-las-mujeres-ya-no-lloran-cerrar-un-exitoso-ciclo-de-resiliencia\/#primaryimage"},"thumbnailUrl":"https:\/\/www.sonoraenequipo.com.mx\/storage\/2024\/03\/shakira-min.jpg","articleSection":["Showbiz"],"inLanguage":"es","potentialAction":[{"@type":"CommentAction","name":"Comment","target":["https:\/\/www.sonoraenequipo.com.mx\/shakira-y-las-mujeres-ya-no-lloran-cerrar-un-exitoso-ciclo-de-resiliencia\/#respond"]}]},{"@type":"WebPage","@id":"https:\/\/www.sonoraenequipo.com.mx\/shakira-y-las-mujeres-ya-no-lloran-cerrar-un-exitoso-ciclo-de-resiliencia\/","url":"https:\/\/www.sonoraenequipo.com.mx\/shakira-y-las-mujeres-ya-no-lloran-cerrar-un-exitoso-ciclo-de-resiliencia\/","name":"Sonora en Equipo. Shakira y \u2018Las mujeres ya no lloran\u2019, cerrar un exitoso ciclo de resiliencia Showbiz","isPartOf":{"@id":"https:\/\/www.sonoraenequipo.com.mx\/#website"},"primaryImageOfPage":{"@id":"https:\/\/www.sonoraenequipo.com.mx\/shakira-y-las-mujeres-ya-no-lloran-cerrar-un-exitoso-ciclo-de-resiliencia\/#primaryimage"},"image":{"@id":"https:\/\/www.sonoraenequipo.com.mx\/shakira-y-las-mujeres-ya-no-lloran-cerrar-un-exitoso-ciclo-de-resiliencia\/#primaryimage"},"thumbnailUrl":"https:\/\/www.sonoraenequipo.com.mx\/storage\/2024\/03\/shakira-min.jpg","datePublished":"2024-03-23T18:32:00+00:00","dateModified":"2024-03-24T03:01:50+00:00","description":"Shakira lanz\u00f3 su nuevo disco Las mujeres ya no lloran, un viaje por el vasto paisaje del pop latinoamericano y sus subg\u00e9neros, tras una \u00e9poca de desahogo En Sonora en Equipo publicamos toda la informaci\u00f3n de Sonora, M\u00e9xico y el Mundo de manera oportuna y busca que la libertad de expresi\u00f3n sea real. Visita nuestro medio informativo publicado desde Hermosillo, Sonora. %","breadcrumb":{"@id":"https:\/\/www.sonoraenequipo.com.mx\/shakira-y-las-mujeres-ya-no-lloran-cerrar-un-exitoso-ciclo-de-resiliencia\/#breadcrumb"},"inLanguage":"es","potentialAction":[{"@type":"ReadAction","target":["https:\/\/www.sonoraenequipo.com.mx\/shakira-y-las-mujeres-ya-no-lloran-cerrar-un-exitoso-ciclo-de-resiliencia\/"]}]},{"@type":"ImageObject","inLanguage":"es","@id":"https:\/\/www.sonoraenequipo.com.mx\/shakira-y-las-mujeres-ya-no-lloran-cerrar-un-exitoso-ciclo-de-resiliencia\/#primaryimage","url":"https:\/\/www.sonoraenequipo.com.mx\/storage\/2024\/03\/shakira-min.jpg","contentUrl":"https:\/\/www.sonoraenequipo.com.mx\/storage\/2024\/03\/shakira-min.jpg","width":900,"height":515},{"@type":"BreadcrumbList","@id":"https:\/\/www.sonoraenequipo.com.mx\/shakira-y-las-mujeres-ya-no-lloran-cerrar-un-exitoso-ciclo-de-resiliencia\/#breadcrumb","itemListElement":[{"@type":"ListItem","position":1,"name":"Portada","item":"https:\/\/www.sonoraenequipo.com.mx\/"},{"@type":"ListItem","position":2,"name":"Shakira y \u2018Las mujeres ya no lloran\u2019, cerrar un exitoso ciclo de resiliencia"}]},{"@type":"WebSite","@id":"https:\/\/www.sonoraenequipo.com.mx\/#website","url":"https:\/\/www.sonoraenequipo.com.mx\/","name":"Sonora en Equipo.","description":"Diario en l\u00ednea con Noticias desde Hermosillo, Sonora","publisher":{"@id":"https:\/\/www.sonoraenequipo.com.mx\/#organization"},"potentialAction":[{"@type":"SearchAction","target":{"@type":"EntryPoint","urlTemplate":"https:\/\/www.sonoraenequipo.com.mx\/?s={search_term_string}"},"query-input":{"@type":"PropertyValueSpecification","valueRequired":true,"valueName":"search_term_string"}}],"inLanguage":"es"},{"@type":"Organization","@id":"https:\/\/www.sonoraenequipo.com.mx\/#organization","name":"Sonoraenequipo.com.mx","url":"https:\/\/www.sonoraenequipo.com.mx\/","logo":{"@type":"ImageObject","inLanguage":"es","@id":"https:\/\/www.sonoraenequipo.com.mx\/#\/schema\/logo\/image\/","url":"https:\/\/www.sonoraenequipo.com.mx\/storage\/2019\/01\/sonoraenequipo_opt.png","contentUrl":"https:\/\/www.sonoraenequipo.com.mx\/storage\/2019\/01\/sonoraenequipo_opt.png","width":375,"height":125,"caption":"Sonoraenequipo.com.mx"},"image":{"@id":"https:\/\/www.sonoraenequipo.com.mx\/#\/schema\/logo\/image\/"},"sameAs":["https:\/\/www.facebook.com\/SonoraEE\/","https:\/\/x.com\/sonoraenequipo","https:\/\/www.youtube.com\/channel\/UC338nW-lPEYmJQs4ZABQ1SQ"]},{"@type":"Person","@id":"https:\/\/www.sonoraenequipo.com.mx\/#\/schema\/person\/50102df0fb23a8fa9e8effad8fa81386","name":"enequipo","image":{"@type":"ImageObject","inLanguage":"es","@id":"https:\/\/www.sonoraenequipo.com.mx\/#\/schema\/person\/image\/","url":"https:\/\/secure.gravatar.com\/avatar\/049821681b589dabc0bc20695993ccebb09f5b5d4d790cd9251b97faac7c652b?s=96&d=blank&r=g","contentUrl":"https:\/\/secure.gravatar.com\/avatar\/049821681b589dabc0bc20695993ccebb09f5b5d4d790cd9251b97faac7c652b?s=96&d=blank&r=g","caption":"enequipo"},"sameAs":["https:\/\/www.facebook.com\/SonoraEE"]}]}},"jetpack_featured_media_url":"https:\/\/www.sonoraenequipo.com.mx\/storage\/2024\/03\/shakira-min.jpg","_links":{"self":[{"href":"https:\/\/www.sonoraenequipo.com.mx\/api\/wp\/v2\/posts\/186151","targetHints":{"allow":["GET"]}}],"collection":[{"href":"https:\/\/www.sonoraenequipo.com.mx\/api\/wp\/v2\/posts"}],"about":[{"href":"https:\/\/www.sonoraenequipo.com.mx\/api\/wp\/v2\/types\/post"}],"author":[{"embeddable":true,"href":"https:\/\/www.sonoraenequipo.com.mx\/api\/wp\/v2\/users\/1"}],"replies":[{"embeddable":true,"href":"https:\/\/www.sonoraenequipo.com.mx\/api\/wp\/v2\/comments?post=186151"}],"version-history":[{"count":1,"href":"https:\/\/www.sonoraenequipo.com.mx\/api\/wp\/v2\/posts\/186151\/revisions"}],"predecessor-version":[{"id":186167,"href":"https:\/\/www.sonoraenequipo.com.mx\/api\/wp\/v2\/posts\/186151\/revisions\/186167"}],"wp:featuredmedia":[{"embeddable":true,"href":"https:\/\/www.sonoraenequipo.com.mx\/api\/wp\/v2\/media\/186165"}],"wp:attachment":[{"href":"https:\/\/www.sonoraenequipo.com.mx\/api\/wp\/v2\/media?parent=186151"}],"wp:term":[{"taxonomy":"category","embeddable":true,"href":"https:\/\/www.sonoraenequipo.com.mx\/api\/wp\/v2\/categories?post=186151"},{"taxonomy":"post_tag","embeddable":true,"href":"https:\/\/www.sonoraenequipo.com.mx\/api\/wp\/v2\/tags?post=186151"}],"curies":[{"name":"wp","href":"https:\/\/api.w.org\/{rel}","templated":true}]}}