{"id":186173,"date":"2024-03-23T13:15:25","date_gmt":"2024-03-23T20:15:25","guid":{"rendered":"https:\/\/www.sonoraenequipo.com.mx\/?p=186173"},"modified":"2024-03-23T20:28:24","modified_gmt":"2024-03-24T03:28:24","slug":"liberan-a-18-de-las-25-personas-privadas-de-la-libertad-en-culiacan","status":"publish","type":"post","link":"https:\/\/www.sonoraenequipo.com.mx\/liberan-a-18-de-las-25-personas-privadas-de-la-libertad-en-culiacan\/","title":{"rendered":"Liberan a 18 de las 25 personas privadas de la libertad en Culiac\u00e1n"},"content":{"rendered":"<p><strong>MAZATL\u00c1N, SINALOA. MX.<\/strong> \u2014 El gobierno de Sinaloa dio a conocer que 18 personas fueron liberadas sanas y salvas, entre ellos 9 adultos, as\u00ed como 9 ni\u00f1as y ni\u00f1os, que fueron v\u00edctimas de privaci\u00f3n ilegal de la libertad por grupos delincuenciales el s\u00e1bado anterior.<\/p>\n<p>&nbsp;<\/p>\n<p> <\/p>\n<p>El gobernador Rub\u00e9n Rocha Moya precis\u00f3 que ya se les brinda la atenci\u00f3n correspondiente e incluso 13 de ellos se encuentran en sus domicilios en la comunidad de la Noria.<\/p>\n<p>&nbsp;<\/p>\n<p>&nbsp;<\/p>\n<p>El mandatario precis\u00f3 que la fiscal\u00eda general en Sinaloa recibi\u00f3 denuncias de un total de 25 personas que fueron privadas de la libertad en Culiac\u00e1n y a\u00fan faltaba por conocer el paradero de siete.<\/p>\n<p>&nbsp;<\/p>\n<p>&nbsp;<\/p>\n<p>El viernes, destac\u00f3, se implement\u00f3 un intenso operativo de b\u00fasqueda y localizaci\u00f3n por parte de fuerzas de seguridad estatales apoyados por elementos de la Secretar\u00eda de la Defensa Nacional y Armada de M\u00e9xico.<\/p>\n<p>&nbsp;<\/p>\n<p>&nbsp;<\/p>\n<p>Por su parte, el secretario de Seguridad estatal, Gerardo M\u00e9rida S\u00e1nchez, detall\u00f3 que a partir de las cuatro de la madrugada de este s\u00e1bado conocieron la liberaci\u00f3n de las 18 personas, en dos puntos distintos, por el centro de la ciudad y por el sector barrancos, y que se trasladaron a sus domicilios sanos y salvos.<\/p>\n<p>&nbsp;<\/p>\n<p>&nbsp;<\/p>\n<p>Dijo que las v\u00edctimas no quisieron interponer denuncias, aunque se est\u00e1 buscando que lo hagan, pues solo se tiene registro de 25 casos ante la Fiscal\u00eda General del Estado de Sinaloa.<\/p>\n<p>&nbsp;<\/p>\n<p>&nbsp;<\/p>\n<p>M\u00e9rida S\u00e1nchez destac\u00f3 que los operativos policiales, con apoyo de los elementos federales que llegaron a Culiac\u00e1n, continuar\u00e1n con la b\u00fasqueda de las siete personas restantes reportadas como desaparecidas ante la autoridad correspondiente.<\/p>\n<p>&nbsp;<\/p>\n<p>&nbsp;<\/p>\n<p>En los hechos del pasado 22 de marzo, resalt\u00f3 que todav\u00eda quedaban pendientes de recuperar dos adultos del poblado de La Noria, el que result\u00f3 m\u00e1s afectado con un grupo de 15 personas de esa comunidad. A los 13 liberados sanos y salvos se les prest\u00f3 atenci\u00f3n y regresaron a sus domicilios.<\/p>\n<p>&nbsp;<\/p>\n<p>El funcionario expuso que las diferentes fuerzas de seguridad seguir\u00e1n realizando los recorridos en el norte de la capital del estado, ciudad donde se focalizaron los patrones de privaciones de la libertad y donde se registraron los hechos delincuenciales.<\/p>\n<p>&nbsp;<\/p>\n<p>&nbsp;<\/p>\n<p>Dijo que los ciudadanos en Culiac\u00e1n pueden seguir realizando sus actividades de forma normal, porque trabajan permanentemente para garantizar la seguridad de todas las personas, con la participaci\u00f3n de las fuerzas de seguridad p\u00fablica y federal.<\/p>\n<p>&nbsp;<\/p>\n<p>&nbsp;<\/p>\n<p>El vicefiscal general, D\u00e1maso Castro inform\u00f3, en tanto, que por lo menos se realizaron seis reportes de privaci\u00f3n de la libertad en el poblado El Doce, en Sanalona, otro reporte de ausencia fue en La Noria, Imala y por lo cual se abrieron carpetas de investigaci\u00f3n con testimonios y los indicios en los domicilios involucrados.<\/p>\n<p>&nbsp;<\/p>\n<p>&nbsp;<\/p>\n<p>PUBLICADO EL 23 DE MARZO DE 2024 Con informaci\u00f3n de AFP)<\/p>\n","protected":false},"excerpt":{"rendered":"<p>MAZATL\u00c1N, SINALOA. MX. \u2014 El gobierno de Sinaloa dio a conocer que 18 personas fueron&#8230;<\/p>\n","protected":false},"author":1,"featured_media":186174,"comment_status":"open","ping_status":"open","sticky":false,"template":"","format":"standard","meta":{"_monsterinsights_skip_tracking":false,"_monsterinsights_sitenote_active":false,"_monsterinsights_sitenote_note":"","_monsterinsights_sitenote_category":0,"footnotes":""},"categories":[5],"tags":[],"class_list":["post"],"yoast_head":" \n<title>Sonora en Equipo. Liberan a 18 de las 25 personas privadas de la libertad en Culiac\u00e1n Rep\u00fablica<\/title>\n<meta name=\"description\" content=\"MAZATL\u00c1N, SINALOA. MX. \u2014 El gobierno de Sinaloa dio a conocer que 18 personas fueron liberadas sanas y salvas, entre ellos 9 adultos, as\u00ed como 9 ni\u00f1as y En Sonora en Equipo publicamos toda la informaci\u00f3n de Sonora, M\u00e9xico y el Mundo de manera oportuna y busca que la libertad de expresi\u00f3n sea real. Visita nuestro medio informativo publicado desde Hermosillo, Sonora. %\" \/>\n<meta name=\"robots\" content=\"index, follow, max-snippet:-1, max-image-preview:large, max-video-preview:-1\" \/>\n<link rel=\"canonical\" href=\"https:\/\/www.sonoraenequipo.com.mx\/liberan-a-18-de-las-25-personas-privadas-de-la-libertad-en-culiacan\/\" \/>\n<meta property=\"og:locale\" content=\"es_ES\" \/>\n<meta property=\"og:type\" content=\"article\" \/>\n<meta property=\"og:title\" content=\"Sonora en Equipo. Liberan a 18 de las 25 personas privadas de la libertad en Culiac\u00e1n Rep\u00fablica\" \/>\n<meta property=\"og:description\" content=\"MAZATL\u00c1N, SINALOA. MX. \u2014 El gobierno de Sinaloa dio a conocer que 18 personas fueron liberadas sanas y salvas, entre ellos 9 adultos, as\u00ed como 9 ni\u00f1as y En Sonora en Equipo publicamos toda la informaci\u00f3n de Sonora, M\u00e9xico y el Mundo de manera oportuna y busca que la libertad de expresi\u00f3n sea real. Visita nuestro medio informativo publicado desde Hermosillo, Sonora. %\" \/>\n<meta property=\"og:url\" content=\"https:\/\/www.sonoraenequipo.com.mx\/liberan-a-18-de-las-25-personas-privadas-de-la-libertad-en-culiacan\/\" \/>\n<meta property=\"og:site_name\" content=\"Sonora en Equipo.\" \/>\n<meta property=\"article:publisher\" content=\"https:\/\/www.facebook.com\/SonoraEE\/\" \/>\n<meta property=\"article:author\" content=\"https:\/\/www.facebook.com\/SonoraEE\" \/>\n<meta property=\"article:published_time\" content=\"2024-03-23T20:15:25+00:00\" \/>\n<meta property=\"article:modified_time\" content=\"2024-03-24T03:28:24+00:00\" \/>\n<meta property=\"og:image\" content=\"https:\/\/www.sonoraenequipo.com.mx\/storage\/2024\/03\/Localizan-a-18-de-25-personas-secuestras-en-Culiacan-min.jpg\" \/>\n\t<meta property=\"og:image:width\" content=\"884\" \/>\n\t<meta property=\"og:image:height\" content=\"466\" \/>\n\t<meta property=\"og:image:type\" content=\"image\/jpeg\" \/>\n<meta name=\"author\" content=\"enequipo\" \/>\n<meta name=\"twitter:card\" content=\"summary_large_image\" \/>\n<meta name=\"twitter:creator\" content=\"@sonoraenequipo\" \/>\n<meta name=\"twitter:site\" content=\"@sonoraenequipo\" \/>\n<meta name=\"twitter:label1\" content=\"Escrito por\" \/>\n\t<meta name=\"twitter:data1\" content=\"enequipo\" \/>\n\t<meta name=\"twitter:label2\" content=\"Tiempo de lectura\" \/>\n\t<meta name=\"twitter:data2\" content=\"2 minutos\" \/>\n<script type=\"application\/ld+json\" class=\"yoast-schema-graph\">{\"@context\":\"https:\/\/schema.org\",\"@graph\":[{\"@type\":\"Article\",\"@id\":\"https:\/\/www.sonoraenequipo.com.mx\/liberan-a-18-de-las-25-personas-privadas-de-la-libertad-en-culiacan\/#article\",\"isPartOf\":{\"@id\":\"https:\/\/www.sonoraenequipo.com.mx\/liberan-a-18-de-las-25-personas-privadas-de-la-libertad-en-culiacan\/\"},\"author\":{\"name\":\"enequipo\",\"@id\":\"https:\/\/www.sonoraenequipo.com.mx\/#\/schema\/person\/50102df0fb23a8fa9e8effad8fa81386\"},\"headline\":\"Liberan a 18 de las 25 personas privadas de la libertad en Culiac\u00e1n\",\"datePublished\":\"2024-03-23T20:15:25+00:00\",\"dateModified\":\"2024-03-24T03:28:24+00:00\",\"mainEntityOfPage\":{\"@id\":\"https:\/\/www.sonoraenequipo.com.mx\/liberan-a-18-de-las-25-personas-privadas-de-la-libertad-en-culiacan\/\"},\"wordCount\":510,\"commentCount\":0,\"publisher\":{\"@id\":\"https:\/\/www.sonoraenequipo.com.mx\/#organization\"},\"image\":{\"@id\":\"https:\/\/www.sonoraenequipo.com.mx\/liberan-a-18-de-las-25-personas-privadas-de-la-libertad-en-culiacan\/#primaryimage\"},\"thumbnailUrl\":\"https:\/\/www.sonoraenequipo.com.mx\/storage\/2024\/03\/Localizan-a-18-de-25-personas-secuestras-en-Culiacan-min.jpg\",\"articleSection\":[\"Rep\u00fablica\"],\"inLanguage\":\"es\",\"potentialAction\":[{\"@type\":\"CommentAction\",\"name\":\"Comment\",\"target\":[\"https:\/\/www.sonoraenequipo.com.mx\/liberan-a-18-de-las-25-personas-privadas-de-la-libertad-en-culiacan\/#respond\"]}]},{\"@type\":\"WebPage\",\"@id\":\"https:\/\/www.sonoraenequipo.com.mx\/liberan-a-18-de-las-25-personas-privadas-de-la-libertad-en-culiacan\/\",\"url\":\"https:\/\/www.sonoraenequipo.com.mx\/liberan-a-18-de-las-25-personas-privadas-de-la-libertad-en-culiacan\/\",\"name\":\"Sonora en Equipo. Liberan a 18 de las 25 personas privadas de la libertad en Culiac\u00e1n Rep\u00fablica\",\"isPartOf\":{\"@id\":\"https:\/\/www.sonoraenequipo.com.mx\/#website\"},\"primaryImageOfPage\":{\"@id\":\"https:\/\/www.sonoraenequipo.com.mx\/liberan-a-18-de-las-25-personas-privadas-de-la-libertad-en-culiacan\/#primaryimage\"},\"image\":{\"@id\":\"https:\/\/www.sonoraenequipo.com.mx\/liberan-a-18-de-las-25-personas-privadas-de-la-libertad-en-culiacan\/#primaryimage\"},\"thumbnailUrl\":\"https:\/\/www.sonoraenequipo.com.mx\/storage\/2024\/03\/Localizan-a-18-de-25-personas-secuestras-en-Culiacan-min.jpg\",\"datePublished\":\"2024-03-23T20:15:25+00:00\",\"dateModified\":\"2024-03-24T03:28:24+00:00\",\"description\":\"MAZATL\u00c1N, SINALOA. MX. \u2014 El gobierno de Sinaloa dio a conocer que 18 personas fueron liberadas sanas y salvas, entre ellos 9 adultos, as\u00ed como 9 ni\u00f1as y En Sonora en Equipo publicamos toda la informaci\u00f3n de Sonora, M\u00e9xico y el Mundo de manera oportuna y busca que la libertad de expresi\u00f3n sea real. Visita nuestro medio informativo publicado desde Hermosillo, Sonora. %\",\"breadcrumb\":{\"@id\":\"https:\/\/www.sonoraenequipo.com.mx\/liberan-a-18-de-las-25-personas-privadas-de-la-libertad-en-culiacan\/#breadcrumb\"},\"inLanguage\":\"es\",\"potentialAction\":[{\"@type\":\"ReadAction\",\"target\":[\"https:\/\/www.sonoraenequipo.com.mx\/liberan-a-18-de-las-25-personas-privadas-de-la-libertad-en-culiacan\/\"]}]},{\"@type\":\"ImageObject\",\"inLanguage\":\"es\",\"@id\":\"https:\/\/www.sonoraenequipo.com.mx\/liberan-a-18-de-las-25-personas-privadas-de-la-libertad-en-culiacan\/#primaryimage\",\"url\":\"https:\/\/www.sonoraenequipo.com.mx\/storage\/2024\/03\/Localizan-a-18-de-25-personas-secuestras-en-Culiacan-min.jpg\",\"contentUrl\":\"https:\/\/www.sonoraenequipo.com.mx\/storage\/2024\/03\/Localizan-a-18-de-25-personas-secuestras-en-Culiacan-min.jpg\",\"width\":884,\"height\":466},{\"@type\":\"BreadcrumbList\",\"@id\":\"https:\/\/www.sonoraenequipo.com.mx\/liberan-a-18-de-las-25-personas-privadas-de-la-libertad-en-culiacan\/#breadcrumb\",\"itemListElement\":[{\"@type\":\"ListItem\",\"position\":1,\"name\":\"Portada\",\"item\":\"https:\/\/www.sonoraenequipo.com.mx\/\"},{\"@type\":\"ListItem\",\"position\":2,\"name\":\"Liberan a 18 de las 25 personas privadas de la libertad en Culiac\u00e1n\"}]},{\"@type\":\"WebSite\",\"@id\":\"https:\/\/www.sonoraenequipo.com.mx\/#website\",\"url\":\"https:\/\/www.sonoraenequipo.com.mx\/\",\"name\":\"Sonora en Equipo.\",\"description\":\"Diario en l\u00ednea con Noticias desde Hermosillo, Sonora\",\"publisher\":{\"@id\":\"https:\/\/www.sonoraenequipo.com.mx\/#organization\"},\"potentialAction\":[{\"@type\":\"SearchAction\",\"target\":{\"@type\":\"EntryPoint\",\"urlTemplate\":\"https:\/\/www.sonoraenequipo.com.mx\/?s={search_term_string}\"},\"query-input\":{\"@type\":\"PropertyValueSpecification\",\"valueRequired\":true,\"valueName\":\"search_term_string\"}}],\"inLanguage\":\"es\"},{\"@type\":\"Organization\",\"@id\":\"https:\/\/www.sonoraenequipo.com.mx\/#organization\",\"name\":\"Sonoraenequipo.com.mx\",\"url\":\"https:\/\/www.sonoraenequipo.com.mx\/\",\"logo\":{\"@type\":\"ImageObject\",\"inLanguage\":\"es\",\"@id\":\"https:\/\/www.sonoraenequipo.com.mx\/#\/schema\/logo\/image\/\",\"url\":\"https:\/\/www.sonoraenequipo.com.mx\/storage\/2019\/01\/sonoraenequipo_opt.png\",\"contentUrl\":\"https:\/\/www.sonoraenequipo.com.mx\/storage\/2019\/01\/sonoraenequipo_opt.png\",\"width\":375,\"height\":125,\"caption\":\"Sonoraenequipo.com.mx\"},\"image\":{\"@id\":\"https:\/\/www.sonoraenequipo.com.mx\/#\/schema\/logo\/image\/\"},\"sameAs\":[\"https:\/\/www.facebook.com\/SonoraEE\/\",\"https:\/\/x.com\/sonoraenequipo\",\"https:\/\/www.youtube.com\/channel\/UC338nW-lPEYmJQs4ZABQ1SQ\"]},{\"@type\":\"Person\",\"@id\":\"https:\/\/www.sonoraenequipo.com.mx\/#\/schema\/person\/50102df0fb23a8fa9e8effad8fa81386\",\"name\":\"enequipo\",\"image\":{\"@type\":\"ImageObject\",\"inLanguage\":\"es\",\"@id\":\"https:\/\/www.sonoraenequipo.com.mx\/#\/schema\/person\/image\/\",\"url\":\"https:\/\/secure.gravatar.com\/avatar\/049821681b589dabc0bc20695993ccebb09f5b5d4d790cd9251b97faac7c652b?s=96&d=blank&r=g\",\"contentUrl\":\"https:\/\/secure.gravatar.com\/avatar\/049821681b589dabc0bc20695993ccebb09f5b5d4d790cd9251b97faac7c652b?s=96&d=blank&r=g\",\"caption\":\"enequipo\"},\"sameAs\":[\"https:\/\/www.facebook.com\/SonoraEE\"]}]}<\/script>\n ","yoast_head_json":{"title":"Sonora en Equipo. Liberan a 18 de las 25 personas privadas de la libertad en Culiac\u00e1n Rep\u00fablica","description":"MAZATL\u00c1N, SINALOA. MX. \u2014 El gobierno de Sinaloa dio a conocer que 18 personas fueron liberadas sanas y salvas, entre ellos 9 adultos, as\u00ed como 9 ni\u00f1as y En Sonora en Equipo publicamos toda la informaci\u00f3n de Sonora, M\u00e9xico y el Mundo de manera oportuna y busca que la libertad de expresi\u00f3n sea real. Visita nuestro medio informativo publicado desde Hermosillo, Sonora. %","robots":{"index":"index","follow":"follow","max-snippet":"max-snippet:-1","max-image-preview":"max-image-preview:large","max-video-preview":"max-video-preview:-1"},"canonical":"https:\/\/www.sonoraenequipo.com.mx\/liberan-a-18-de-las-25-personas-privadas-de-la-libertad-en-culiacan\/","og_locale":"es_ES","og_type":"article","og_title":"Sonora en Equipo. Liberan a 18 de las 25 personas privadas de la libertad en Culiac\u00e1n Rep\u00fablica","og_description":"MAZATL\u00c1N, SINALOA. MX. \u2014 El gobierno de Sinaloa dio a conocer que 18 personas fueron liberadas sanas y salvas, entre ellos 9 adultos, as\u00ed como 9 ni\u00f1as y En Sonora en Equipo publicamos toda la informaci\u00f3n de Sonora, M\u00e9xico y el Mundo de manera oportuna y busca que la libertad de expresi\u00f3n sea real. Visita nuestro medio informativo publicado desde Hermosillo, Sonora. %","og_url":"https:\/\/www.sonoraenequipo.com.mx\/liberan-a-18-de-las-25-personas-privadas-de-la-libertad-en-culiacan\/","og_site_name":"Sonora en Equipo.","article_publisher":"https:\/\/www.facebook.com\/SonoraEE\/","article_author":"https:\/\/www.facebook.com\/SonoraEE","article_published_time":"2024-03-23T20:15:25+00:00","article_modified_time":"2024-03-24T03:28:24+00:00","og_image":[{"width":884,"height":466,"url":"https:\/\/www.sonoraenequipo.com.mx\/storage\/2024\/03\/Localizan-a-18-de-25-personas-secuestras-en-Culiacan-min.jpg","type":"image\/jpeg"}],"author":"enequipo","twitter_card":"summary_large_image","twitter_creator":"@sonoraenequipo","twitter_site":"@sonoraenequipo","twitter_misc":{"Escrito por":"enequipo","Tiempo de lectura":"2 minutos"},"schema":{"@context":"https:\/\/schema.org","@graph":[{"@type":"Article","@id":"https:\/\/www.sonoraenequipo.com.mx\/liberan-a-18-de-las-25-personas-privadas-de-la-libertad-en-culiacan\/#article","isPartOf":{"@id":"https:\/\/www.sonoraenequipo.com.mx\/liberan-a-18-de-las-25-personas-privadas-de-la-libertad-en-culiacan\/"},"author":{"name":"enequipo","@id":"https:\/\/www.sonoraenequipo.com.mx\/#\/schema\/person\/50102df0fb23a8fa9e8effad8fa81386"},"headline":"Liberan a 18 de las 25 personas privadas de la libertad en Culiac\u00e1n","datePublished":"2024-03-23T20:15:25+00:00","dateModified":"2024-03-24T03:28:24+00:00","mainEntityOfPage":{"@id":"https:\/\/www.sonoraenequipo.com.mx\/liberan-a-18-de-las-25-personas-privadas-de-la-libertad-en-culiacan\/"},"wordCount":510,"commentCount":0,"publisher":{"@id":"https:\/\/www.sonoraenequipo.com.mx\/#organization"},"image":{"@id":"https:\/\/www.sonoraenequipo.com.mx\/liberan-a-18-de-las-25-personas-privadas-de-la-libertad-en-culiacan\/#primaryimage"},"thumbnailUrl":"https:\/\/www.sonoraenequipo.com.mx\/storage\/2024\/03\/Localizan-a-18-de-25-personas-secuestras-en-Culiacan-min.jpg","articleSection":["Rep\u00fablica"],"inLanguage":"es","potentialAction":[{"@type":"CommentAction","name":"Comment","target":["https:\/\/www.sonoraenequipo.com.mx\/liberan-a-18-de-las-25-personas-privadas-de-la-libertad-en-culiacan\/#respond"]}]},{"@type":"WebPage","@id":"https:\/\/www.sonoraenequipo.com.mx\/liberan-a-18-de-las-25-personas-privadas-de-la-libertad-en-culiacan\/","url":"https:\/\/www.sonoraenequipo.com.mx\/liberan-a-18-de-las-25-personas-privadas-de-la-libertad-en-culiacan\/","name":"Sonora en Equipo. Liberan a 18 de las 25 personas privadas de la libertad en Culiac\u00e1n Rep\u00fablica","isPartOf":{"@id":"https:\/\/www.sonoraenequipo.com.mx\/#website"},"primaryImageOfPage":{"@id":"https:\/\/www.sonoraenequipo.com.mx\/liberan-a-18-de-las-25-personas-privadas-de-la-libertad-en-culiacan\/#primaryimage"},"image":{"@id":"https:\/\/www.sonoraenequipo.com.mx\/liberan-a-18-de-las-25-personas-privadas-de-la-libertad-en-culiacan\/#primaryimage"},"thumbnailUrl":"https:\/\/www.sonoraenequipo.com.mx\/storage\/2024\/03\/Localizan-a-18-de-25-personas-secuestras-en-Culiacan-min.jpg","datePublished":"2024-03-23T20:15:25+00:00","dateModified":"2024-03-24T03:28:24+00:00","description":"MAZATL\u00c1N, SINALOA. MX. \u2014 El gobierno de Sinaloa dio a conocer que 18 personas fueron liberadas sanas y salvas, entre ellos 9 adultos, as\u00ed como 9 ni\u00f1as y En Sonora en Equipo publicamos toda la informaci\u00f3n de Sonora, M\u00e9xico y el Mundo de manera oportuna y busca que la libertad de expresi\u00f3n sea real. Visita nuestro medio informativo publicado desde Hermosillo, Sonora. %","breadcrumb":{"@id":"https:\/\/www.sonoraenequipo.com.mx\/liberan-a-18-de-las-25-personas-privadas-de-la-libertad-en-culiacan\/#breadcrumb"},"inLanguage":"es","potentialAction":[{"@type":"ReadAction","target":["https:\/\/www.sonoraenequipo.com.mx\/liberan-a-18-de-las-25-personas-privadas-de-la-libertad-en-culiacan\/"]}]},{"@type":"ImageObject","inLanguage":"es","@id":"https:\/\/www.sonoraenequipo.com.mx\/liberan-a-18-de-las-25-personas-privadas-de-la-libertad-en-culiacan\/#primaryimage","url":"https:\/\/www.sonoraenequipo.com.mx\/storage\/2024\/03\/Localizan-a-18-de-25-personas-secuestras-en-Culiacan-min.jpg","contentUrl":"https:\/\/www.sonoraenequipo.com.mx\/storage\/2024\/03\/Localizan-a-18-de-25-personas-secuestras-en-Culiacan-min.jpg","width":884,"height":466},{"@type":"BreadcrumbList","@id":"https:\/\/www.sonoraenequipo.com.mx\/liberan-a-18-de-las-25-personas-privadas-de-la-libertad-en-culiacan\/#breadcrumb","itemListElement":[{"@type":"ListItem","position":1,"name":"Portada","item":"https:\/\/www.sonoraenequipo.com.mx\/"},{"@type":"ListItem","position":2,"name":"Liberan a 18 de las 25 personas privadas de la libertad en Culiac\u00e1n"}]},{"@type":"WebSite","@id":"https:\/\/www.sonoraenequipo.com.mx\/#website","url":"https:\/\/www.sonoraenequipo.com.mx\/","name":"Sonora en Equipo.","description":"Diario en l\u00ednea con Noticias desde Hermosillo, Sonora","publisher":{"@id":"https:\/\/www.sonoraenequipo.com.mx\/#organization"},"potentialAction":[{"@type":"SearchAction","target":{"@type":"EntryPoint","urlTemplate":"https:\/\/www.sonoraenequipo.com.mx\/?s={search_term_string}"},"query-input":{"@type":"PropertyValueSpecification","valueRequired":true,"valueName":"search_term_string"}}],"inLanguage":"es"},{"@type":"Organization","@id":"https:\/\/www.sonoraenequipo.com.mx\/#organization","name":"Sonoraenequipo.com.mx","url":"https:\/\/www.sonoraenequipo.com.mx\/","logo":{"@type":"ImageObject","inLanguage":"es","@id":"https:\/\/www.sonoraenequipo.com.mx\/#\/schema\/logo\/image\/","url":"https:\/\/www.sonoraenequipo.com.mx\/storage\/2019\/01\/sonoraenequipo_opt.png","contentUrl":"https:\/\/www.sonoraenequipo.com.mx\/storage\/2019\/01\/sonoraenequipo_opt.png","width":375,"height":125,"caption":"Sonoraenequipo.com.mx"},"image":{"@id":"https:\/\/www.sonoraenequipo.com.mx\/#\/schema\/logo\/image\/"},"sameAs":["https:\/\/www.facebook.com\/SonoraEE\/","https:\/\/x.com\/sonoraenequipo","https:\/\/www.youtube.com\/channel\/UC338nW-lPEYmJQs4ZABQ1SQ"]},{"@type":"Person","@id":"https:\/\/www.sonoraenequipo.com.mx\/#\/schema\/person\/50102df0fb23a8fa9e8effad8fa81386","name":"enequipo","image":{"@type":"ImageObject","inLanguage":"es","@id":"https:\/\/www.sonoraenequipo.com.mx\/#\/schema\/person\/image\/","url":"https:\/\/secure.gravatar.com\/avatar\/049821681b589dabc0bc20695993ccebb09f5b5d4d790cd9251b97faac7c652b?s=96&d=blank&r=g","contentUrl":"https:\/\/secure.gravatar.com\/avatar\/049821681b589dabc0bc20695993ccebb09f5b5d4d790cd9251b97faac7c652b?s=96&d=blank&r=g","caption":"enequipo"},"sameAs":["https:\/\/www.facebook.com\/SonoraEE"]}]}},"jetpack_featured_media_url":"https:\/\/www.sonoraenequipo.com.mx\/storage\/2024\/03\/Localizan-a-18-de-25-personas-secuestras-en-Culiacan-min.jpg","_links":{"self":[{"href":"https:\/\/www.sonoraenequipo.com.mx\/api\/wp\/v2\/posts\/186173","targetHints":{"allow":["GET"]}}],"collection":[{"href":"https:\/\/www.sonoraenequipo.com.mx\/api\/wp\/v2\/posts"}],"about":[{"href":"https:\/\/www.sonoraenequipo.com.mx\/api\/wp\/v2\/types\/post"}],"author":[{"embeddable":true,"href":"https:\/\/www.sonoraenequipo.com.mx\/api\/wp\/v2\/users\/1"}],"replies":[{"embeddable":true,"href":"https:\/\/www.sonoraenequipo.com.mx\/api\/wp\/v2\/comments?post=186173"}],"version-history":[{"count":1,"href":"https:\/\/www.sonoraenequipo.com.mx\/api\/wp\/v2\/posts\/186173\/revisions"}],"predecessor-version":[{"id":186175,"href":"https:\/\/www.sonoraenequipo.com.mx\/api\/wp\/v2\/posts\/186173\/revisions\/186175"}],"wp:featuredmedia":[{"embeddable":true,"href":"https:\/\/www.sonoraenequipo.com.mx\/api\/wp\/v2\/media\/186174"}],"wp:attachment":[{"href":"https:\/\/www.sonoraenequipo.com.mx\/api\/wp\/v2\/media?parent=186173"}],"wp:term":[{"taxonomy":"category","embeddable":true,"href":"https:\/\/www.sonoraenequipo.com.mx\/api\/wp\/v2\/categories?post=186173"},{"taxonomy":"post_tag","embeddable":true,"href":"https:\/\/www.sonoraenequipo.com.mx\/api\/wp\/v2\/tags?post=186173"}],"curies":[{"name":"wp","href":"https:\/\/api.w.org\/{rel}","templated":true}]}}