{"id":186176,"date":"2024-03-23T14:54:07","date_gmt":"2024-03-23T21:54:07","guid":{"rendered":"https:\/\/www.sonoraenequipo.com.mx\/?p=186176"},"modified":"2024-03-23T20:39:01","modified_gmt":"2024-03-24T03:39:01","slug":"a-la-derecha-mexicana-le-preocupa-la-fortaleza-de-nuestro-movimiento-sheinbaum","status":"publish","type":"post","link":"https:\/\/www.sonoraenequipo.com.mx\/a-la-derecha-mexicana-le-preocupa-la-fortaleza-de-nuestro-movimiento-sheinbaum\/","title":{"rendered":"A la derecha mexicana le preocupa la fortaleza de nuestro movimiento: Sheinbaum"},"content":{"rendered":"<p><strong>SALTILLO, COAHUILA. MX. \u2014 <em>\u201cEvidentemente a la derecha mexicana y derechas de otros lugares del mundo les preocupa la fortaleza de nuestro movimiento, (y) m\u00e1s all\u00e1 de lo que quieran venir a decir o como quieran venir a apoyar, hay reglas electorales y, en todo caso, le corresponde al Instituto Nacional Electoral emitir una opini\u00f3n\u201d,<\/em><\/strong> asegur\u00f3 Claudia Sheinbaum tras el apoyo que Vox, partido espa\u00f1ol de ultra derecha, ofreci\u00f3 a X\u00f3chitl G\u00e1lvez, abanderada de PRI, PAN y PRD.<\/p>\n<p> <\/p>\n<p>Despu\u00e9s de que La Jornada public\u00f3 un informe interno, donde Vox plantea a la oposici\u00f3n<strong><em> \u201cservir de elemento de apoyo y articulaci\u00f3n, ofreciendo liderazgo, elaborando estrategias y sobre todo dando testimonio de constancia y de lucha\u201d,<\/em><\/strong> en conferencia de prensa Sheinbaum resalt\u00f3 que las campa\u00f1as <em><strong>\u201cde odio\u201d que la derecha mexicana ha impulsado particularmente en la red \u201cno les est\u00e1n funcionando ni les va a funcionar\u201d.<\/strong><\/em><\/p>\n<p>Estas campa\u00f1as \u00ab<em><strong>ya no tienen cabida en nuestro pa\u00eds y nosotros vamos con propuestas, con alegr\u00eda. Los eventos que tenemos son buenos, la gente est\u00e1 contenta, sabe que hay mucho por avanzar, pero est\u00e1n de acuerdo en que siga la transformaci\u00f3n\u201d.<\/strong><\/em><\/p>\n<p>Insisti\u00f3 que ante <em><strong>\u201cla guerra sucia que han promovido desde el frente (opositor) contra el Presidente (Andr\u00e9s Manuel L\u00f3pez Obrador), contra m\u00ed, el pueblo de M\u00e9xico dijo \u2018no queremos campa\u00f1as de lodo, lo que queremos son propuestas\u2019.<\/strong><\/em> La preferencia por continuar y avanzar con la transformaci\u00f3n est\u00e1 m\u00e1s fuerte\u201d.<\/p>\n<p>Agreg\u00f3 que Morena<strong><em> \u201ces un movimiento social muy amplio; es m\u00e1s all\u00e1 de un partido pol\u00edtico, es un sentimiento popular de distintas clases sociales, porque hay empresarios, clases medias, trabajadores, de todas las religiones, los libres pensadores\u201d.<\/em><\/strong><\/p>\n<p>Subray\u00f3 que el movimiento de la cuarta transformaci\u00f3n es<em><strong> \u201cel m\u00e1s importante en el mundo, no solamente en t\u00e9rminos de quien milita en Morena, sino representamos una mayor\u00eda que ha reconocido que la transformaci\u00f3n y lo que llamamos el humanismo mexicano es una alternativa para M\u00e9xico. Eso evidentemente tiene los ojos del mundo en nuestro pa\u00eds, porque no hay movimiento tan importante como el nuestro\u201d.<\/strong><\/em><\/p>\n<p>La candidata morenista consider\u00f3 que la derecha mexicana<em><strong> \u201ctiene un pensamiento conservador, pero no pueden decirlo p\u00fablicamente porque menos gente votar\u00eda por ellos. Entonces tienen que ponerse un disfraz. Ayer dijeron que no van a aceptar el apoyo de Vox, \u201cpero el problema es que ellos no pueden decir qui\u00e9nes son ah\u00ed\u201d.<\/strong><\/em><\/p>\n<p>Sheinbaum, por otro lado, sostuvo que ganar\u00e1 el primer debate del 7 de abril, <em><strong>\u201cas\u00ed hablemos primero, en medio o al final. Vamos a ganar el debate porque tenemos propuesta, porque tenemos cercan\u00eda con el pueblo de M\u00e9xico, porque tenemos honestidad, resultados. Como dice mi eslogan: honestidad, resultados y amor al pueblo, eso es lo que ofrecemos siempre\u201d.<\/strong><\/em><\/p>\n<p>La candidata de Morena, PT y PVEM encabeza un mitin en la plaza central de Ramos Arizpe.<\/p>\n<p>Despu\u00e9s se reunir\u00e1 con trabajadores de Altos Hornos de M\u00e9xico, en Monclova, para dise\u00f1ar un plan de trabajo conjunto.<em><strong> \u201cEllos conocen muy bien la situaci\u00f3n de Altos Hornos y, al mismo tiempo, queremos ver sus necesidades. Necesitamos resolver el problema evidentemente; por supuesto que quien incurri\u00f3 en corrupci\u00f3n tiene que pagar\u201d.<\/strong><\/em><\/p>\n<p>PUBLICADO EL 23 DE MARZO DE 2024 Con informaci\u00f3n de Alma E. Mu\u00f1oz)<\/p>\n","protected":false},"excerpt":{"rendered":"<p>SALTILLO, COAHUILA. MX. \u2014 \u201cEvidentemente a la derecha mexicana y derechas de otros lugares del&#8230;<\/p>\n","protected":false},"author":1,"featured_media":186177,"comment_status":"open","ping_status":"open","sticky":false,"template":"","format":"standard","meta":{"_monsterinsights_skip_tracking":false,"_monsterinsights_sitenote_active":false,"_monsterinsights_sitenote_note":"","_monsterinsights_sitenote_category":0,"footnotes":""},"categories":[5],"tags":[],"class_list":["post"],"yoast_head":" \n<title>Sonora en Equipo. A la derecha mexicana le preocupa la fortaleza de nuestro movimiento: Sheinbaum Rep\u00fablica<\/title>\n<meta name=\"description\" content=\"SALTILLO, COAHUILA. MX. \u2014 \u201cEvidentemente a la derecha mexicana y derechas de otros lugares del mundo les preocupa la fortaleza de nuestro movimiento, (y) En Sonora en Equipo publicamos toda la informaci\u00f3n de Sonora, M\u00e9xico y el Mundo de manera oportuna y busca que la libertad de expresi\u00f3n sea real. Visita nuestro medio informativo publicado desde Hermosillo, Sonora. %\" \/>\n<meta name=\"robots\" content=\"index, follow, max-snippet:-1, max-image-preview:large, max-video-preview:-1\" \/>\n<link rel=\"canonical\" href=\"https:\/\/www.sonoraenequipo.com.mx\/a-la-derecha-mexicana-le-preocupa-la-fortaleza-de-nuestro-movimiento-sheinbaum\/\" \/>\n<meta property=\"og:locale\" content=\"es_ES\" \/>\n<meta property=\"og:type\" content=\"article\" \/>\n<meta property=\"og:title\" content=\"Sonora en Equipo. A la derecha mexicana le preocupa la fortaleza de nuestro movimiento: Sheinbaum Rep\u00fablica\" \/>\n<meta property=\"og:description\" content=\"SALTILLO, COAHUILA. MX. \u2014 \u201cEvidentemente a la derecha mexicana y derechas de otros lugares del mundo les preocupa la fortaleza de nuestro movimiento, (y) En Sonora en Equipo publicamos toda la informaci\u00f3n de Sonora, M\u00e9xico y el Mundo de manera oportuna y busca que la libertad de expresi\u00f3n sea real. Visita nuestro medio informativo publicado desde Hermosillo, Sonora. %\" \/>\n<meta property=\"og:url\" content=\"https:\/\/www.sonoraenequipo.com.mx\/a-la-derecha-mexicana-le-preocupa-la-fortaleza-de-nuestro-movimiento-sheinbaum\/\" \/>\n<meta property=\"og:site_name\" content=\"Sonora en Equipo.\" \/>\n<meta property=\"article:publisher\" content=\"https:\/\/www.facebook.com\/SonoraEE\/\" \/>\n<meta property=\"article:author\" content=\"https:\/\/www.facebook.com\/SonoraEE\" \/>\n<meta property=\"article:published_time\" content=\"2024-03-23T21:54:07+00:00\" \/>\n<meta property=\"article:modified_time\" content=\"2024-03-24T03:39:01+00:00\" \/>\n<meta property=\"og:image\" content=\"https:\/\/www.sonoraenequipo.com.mx\/storage\/2024\/03\/Claudia-Sheinbaum-min-2.jpg\" \/>\n\t<meta property=\"og:image:width\" content=\"892\" \/>\n\t<meta property=\"og:image:height\" content=\"526\" \/>\n\t<meta property=\"og:image:type\" content=\"image\/jpeg\" \/>\n<meta name=\"author\" content=\"enequipo\" \/>\n<meta name=\"twitter:card\" content=\"summary_large_image\" \/>\n<meta name=\"twitter:creator\" content=\"@sonoraenequipo\" \/>\n<meta name=\"twitter:site\" content=\"@sonoraenequipo\" \/>\n<meta name=\"twitter:label1\" content=\"Escrito por\" \/>\n\t<meta name=\"twitter:data1\" content=\"enequipo\" \/>\n\t<meta name=\"twitter:label2\" content=\"Tiempo de lectura\" \/>\n\t<meta name=\"twitter:data2\" content=\"3 minutos\" \/>\n<script type=\"application\/ld+json\" class=\"yoast-schema-graph\">{\"@context\":\"https:\/\/schema.org\",\"@graph\":[{\"@type\":\"Article\",\"@id\":\"https:\/\/www.sonoraenequipo.com.mx\/a-la-derecha-mexicana-le-preocupa-la-fortaleza-de-nuestro-movimiento-sheinbaum\/#article\",\"isPartOf\":{\"@id\":\"https:\/\/www.sonoraenequipo.com.mx\/a-la-derecha-mexicana-le-preocupa-la-fortaleza-de-nuestro-movimiento-sheinbaum\/\"},\"author\":{\"name\":\"enequipo\",\"@id\":\"https:\/\/www.sonoraenequipo.com.mx\/#\/schema\/person\/50102df0fb23a8fa9e8effad8fa81386\"},\"headline\":\"A la derecha mexicana le preocupa la fortaleza de nuestro movimiento: Sheinbaum\",\"datePublished\":\"2024-03-23T21:54:07+00:00\",\"dateModified\":\"2024-03-24T03:39:01+00:00\",\"mainEntityOfPage\":{\"@id\":\"https:\/\/www.sonoraenequipo.com.mx\/a-la-derecha-mexicana-le-preocupa-la-fortaleza-de-nuestro-movimiento-sheinbaum\/\"},\"wordCount\":577,\"commentCount\":0,\"publisher\":{\"@id\":\"https:\/\/www.sonoraenequipo.com.mx\/#organization\"},\"image\":{\"@id\":\"https:\/\/www.sonoraenequipo.com.mx\/a-la-derecha-mexicana-le-preocupa-la-fortaleza-de-nuestro-movimiento-sheinbaum\/#primaryimage\"},\"thumbnailUrl\":\"https:\/\/www.sonoraenequipo.com.mx\/storage\/2024\/03\/Claudia-Sheinbaum-min-2.jpg\",\"articleSection\":[\"Rep\u00fablica\"],\"inLanguage\":\"es\",\"potentialAction\":[{\"@type\":\"CommentAction\",\"name\":\"Comment\",\"target\":[\"https:\/\/www.sonoraenequipo.com.mx\/a-la-derecha-mexicana-le-preocupa-la-fortaleza-de-nuestro-movimiento-sheinbaum\/#respond\"]}]},{\"@type\":\"WebPage\",\"@id\":\"https:\/\/www.sonoraenequipo.com.mx\/a-la-derecha-mexicana-le-preocupa-la-fortaleza-de-nuestro-movimiento-sheinbaum\/\",\"url\":\"https:\/\/www.sonoraenequipo.com.mx\/a-la-derecha-mexicana-le-preocupa-la-fortaleza-de-nuestro-movimiento-sheinbaum\/\",\"name\":\"Sonora en Equipo. A la derecha mexicana le preocupa la fortaleza de nuestro movimiento: Sheinbaum Rep\u00fablica\",\"isPartOf\":{\"@id\":\"https:\/\/www.sonoraenequipo.com.mx\/#website\"},\"primaryImageOfPage\":{\"@id\":\"https:\/\/www.sonoraenequipo.com.mx\/a-la-derecha-mexicana-le-preocupa-la-fortaleza-de-nuestro-movimiento-sheinbaum\/#primaryimage\"},\"image\":{\"@id\":\"https:\/\/www.sonoraenequipo.com.mx\/a-la-derecha-mexicana-le-preocupa-la-fortaleza-de-nuestro-movimiento-sheinbaum\/#primaryimage\"},\"thumbnailUrl\":\"https:\/\/www.sonoraenequipo.com.mx\/storage\/2024\/03\/Claudia-Sheinbaum-min-2.jpg\",\"datePublished\":\"2024-03-23T21:54:07+00:00\",\"dateModified\":\"2024-03-24T03:39:01+00:00\",\"description\":\"SALTILLO, COAHUILA. MX. \u2014 \u201cEvidentemente a la derecha mexicana y derechas de otros lugares del mundo les preocupa la fortaleza de nuestro movimiento, (y) En Sonora en Equipo publicamos toda la informaci\u00f3n de Sonora, M\u00e9xico y el Mundo de manera oportuna y busca que la libertad de expresi\u00f3n sea real. Visita nuestro medio informativo publicado desde Hermosillo, Sonora. %\",\"breadcrumb\":{\"@id\":\"https:\/\/www.sonoraenequipo.com.mx\/a-la-derecha-mexicana-le-preocupa-la-fortaleza-de-nuestro-movimiento-sheinbaum\/#breadcrumb\"},\"inLanguage\":\"es\",\"potentialAction\":[{\"@type\":\"ReadAction\",\"target\":[\"https:\/\/www.sonoraenequipo.com.mx\/a-la-derecha-mexicana-le-preocupa-la-fortaleza-de-nuestro-movimiento-sheinbaum\/\"]}]},{\"@type\":\"ImageObject\",\"inLanguage\":\"es\",\"@id\":\"https:\/\/www.sonoraenequipo.com.mx\/a-la-derecha-mexicana-le-preocupa-la-fortaleza-de-nuestro-movimiento-sheinbaum\/#primaryimage\",\"url\":\"https:\/\/www.sonoraenequipo.com.mx\/storage\/2024\/03\/Claudia-Sheinbaum-min-2.jpg\",\"contentUrl\":\"https:\/\/www.sonoraenequipo.com.mx\/storage\/2024\/03\/Claudia-Sheinbaum-min-2.jpg\",\"width\":892,\"height\":526},{\"@type\":\"BreadcrumbList\",\"@id\":\"https:\/\/www.sonoraenequipo.com.mx\/a-la-derecha-mexicana-le-preocupa-la-fortaleza-de-nuestro-movimiento-sheinbaum\/#breadcrumb\",\"itemListElement\":[{\"@type\":\"ListItem\",\"position\":1,\"name\":\"Portada\",\"item\":\"https:\/\/www.sonoraenequipo.com.mx\/\"},{\"@type\":\"ListItem\",\"position\":2,\"name\":\"A la derecha mexicana le preocupa la fortaleza de nuestro movimiento: Sheinbaum\"}]},{\"@type\":\"WebSite\",\"@id\":\"https:\/\/www.sonoraenequipo.com.mx\/#website\",\"url\":\"https:\/\/www.sonoraenequipo.com.mx\/\",\"name\":\"Sonora en Equipo.\",\"description\":\"Diario en l\u00ednea con Noticias desde Hermosillo, Sonora\",\"publisher\":{\"@id\":\"https:\/\/www.sonoraenequipo.com.mx\/#organization\"},\"potentialAction\":[{\"@type\":\"SearchAction\",\"target\":{\"@type\":\"EntryPoint\",\"urlTemplate\":\"https:\/\/www.sonoraenequipo.com.mx\/?s={search_term_string}\"},\"query-input\":{\"@type\":\"PropertyValueSpecification\",\"valueRequired\":true,\"valueName\":\"search_term_string\"}}],\"inLanguage\":\"es\"},{\"@type\":\"Organization\",\"@id\":\"https:\/\/www.sonoraenequipo.com.mx\/#organization\",\"name\":\"Sonoraenequipo.com.mx\",\"url\":\"https:\/\/www.sonoraenequipo.com.mx\/\",\"logo\":{\"@type\":\"ImageObject\",\"inLanguage\":\"es\",\"@id\":\"https:\/\/www.sonoraenequipo.com.mx\/#\/schema\/logo\/image\/\",\"url\":\"https:\/\/www.sonoraenequipo.com.mx\/storage\/2019\/01\/sonoraenequipo_opt.png\",\"contentUrl\":\"https:\/\/www.sonoraenequipo.com.mx\/storage\/2019\/01\/sonoraenequipo_opt.png\",\"width\":375,\"height\":125,\"caption\":\"Sonoraenequipo.com.mx\"},\"image\":{\"@id\":\"https:\/\/www.sonoraenequipo.com.mx\/#\/schema\/logo\/image\/\"},\"sameAs\":[\"https:\/\/www.facebook.com\/SonoraEE\/\",\"https:\/\/x.com\/sonoraenequipo\",\"https:\/\/www.youtube.com\/channel\/UC338nW-lPEYmJQs4ZABQ1SQ\"]},{\"@type\":\"Person\",\"@id\":\"https:\/\/www.sonoraenequipo.com.mx\/#\/schema\/person\/50102df0fb23a8fa9e8effad8fa81386\",\"name\":\"enequipo\",\"image\":{\"@type\":\"ImageObject\",\"inLanguage\":\"es\",\"@id\":\"https:\/\/www.sonoraenequipo.com.mx\/#\/schema\/person\/image\/\",\"url\":\"https:\/\/secure.gravatar.com\/avatar\/049821681b589dabc0bc20695993ccebb09f5b5d4d790cd9251b97faac7c652b?s=96&d=blank&r=g\",\"contentUrl\":\"https:\/\/secure.gravatar.com\/avatar\/049821681b589dabc0bc20695993ccebb09f5b5d4d790cd9251b97faac7c652b?s=96&d=blank&r=g\",\"caption\":\"enequipo\"},\"sameAs\":[\"https:\/\/www.facebook.com\/SonoraEE\"]}]}<\/script>\n ","yoast_head_json":{"title":"Sonora en Equipo. A la derecha mexicana le preocupa la fortaleza de nuestro movimiento: Sheinbaum Rep\u00fablica","description":"SALTILLO, COAHUILA. MX. \u2014 \u201cEvidentemente a la derecha mexicana y derechas de otros lugares del mundo les preocupa la fortaleza de nuestro movimiento, (y) En Sonora en Equipo publicamos toda la informaci\u00f3n de Sonora, M\u00e9xico y el Mundo de manera oportuna y busca que la libertad de expresi\u00f3n sea real. Visita nuestro medio informativo publicado desde Hermosillo, Sonora. %","robots":{"index":"index","follow":"follow","max-snippet":"max-snippet:-1","max-image-preview":"max-image-preview:large","max-video-preview":"max-video-preview:-1"},"canonical":"https:\/\/www.sonoraenequipo.com.mx\/a-la-derecha-mexicana-le-preocupa-la-fortaleza-de-nuestro-movimiento-sheinbaum\/","og_locale":"es_ES","og_type":"article","og_title":"Sonora en Equipo. A la derecha mexicana le preocupa la fortaleza de nuestro movimiento: Sheinbaum Rep\u00fablica","og_description":"SALTILLO, COAHUILA. MX. \u2014 \u201cEvidentemente a la derecha mexicana y derechas de otros lugares del mundo les preocupa la fortaleza de nuestro movimiento, (y) En Sonora en Equipo publicamos toda la informaci\u00f3n de Sonora, M\u00e9xico y el Mundo de manera oportuna y busca que la libertad de expresi\u00f3n sea real. Visita nuestro medio informativo publicado desde Hermosillo, Sonora. %","og_url":"https:\/\/www.sonoraenequipo.com.mx\/a-la-derecha-mexicana-le-preocupa-la-fortaleza-de-nuestro-movimiento-sheinbaum\/","og_site_name":"Sonora en Equipo.","article_publisher":"https:\/\/www.facebook.com\/SonoraEE\/","article_author":"https:\/\/www.facebook.com\/SonoraEE","article_published_time":"2024-03-23T21:54:07+00:00","article_modified_time":"2024-03-24T03:39:01+00:00","og_image":[{"width":892,"height":526,"url":"https:\/\/www.sonoraenequipo.com.mx\/storage\/2024\/03\/Claudia-Sheinbaum-min-2.jpg","type":"image\/jpeg"}],"author":"enequipo","twitter_card":"summary_large_image","twitter_creator":"@sonoraenequipo","twitter_site":"@sonoraenequipo","twitter_misc":{"Escrito por":"enequipo","Tiempo de lectura":"3 minutos"},"schema":{"@context":"https:\/\/schema.org","@graph":[{"@type":"Article","@id":"https:\/\/www.sonoraenequipo.com.mx\/a-la-derecha-mexicana-le-preocupa-la-fortaleza-de-nuestro-movimiento-sheinbaum\/#article","isPartOf":{"@id":"https:\/\/www.sonoraenequipo.com.mx\/a-la-derecha-mexicana-le-preocupa-la-fortaleza-de-nuestro-movimiento-sheinbaum\/"},"author":{"name":"enequipo","@id":"https:\/\/www.sonoraenequipo.com.mx\/#\/schema\/person\/50102df0fb23a8fa9e8effad8fa81386"},"headline":"A la derecha mexicana le preocupa la fortaleza de nuestro movimiento: Sheinbaum","datePublished":"2024-03-23T21:54:07+00:00","dateModified":"2024-03-24T03:39:01+00:00","mainEntityOfPage":{"@id":"https:\/\/www.sonoraenequipo.com.mx\/a-la-derecha-mexicana-le-preocupa-la-fortaleza-de-nuestro-movimiento-sheinbaum\/"},"wordCount":577,"commentCount":0,"publisher":{"@id":"https:\/\/www.sonoraenequipo.com.mx\/#organization"},"image":{"@id":"https:\/\/www.sonoraenequipo.com.mx\/a-la-derecha-mexicana-le-preocupa-la-fortaleza-de-nuestro-movimiento-sheinbaum\/#primaryimage"},"thumbnailUrl":"https:\/\/www.sonoraenequipo.com.mx\/storage\/2024\/03\/Claudia-Sheinbaum-min-2.jpg","articleSection":["Rep\u00fablica"],"inLanguage":"es","potentialAction":[{"@type":"CommentAction","name":"Comment","target":["https:\/\/www.sonoraenequipo.com.mx\/a-la-derecha-mexicana-le-preocupa-la-fortaleza-de-nuestro-movimiento-sheinbaum\/#respond"]}]},{"@type":"WebPage","@id":"https:\/\/www.sonoraenequipo.com.mx\/a-la-derecha-mexicana-le-preocupa-la-fortaleza-de-nuestro-movimiento-sheinbaum\/","url":"https:\/\/www.sonoraenequipo.com.mx\/a-la-derecha-mexicana-le-preocupa-la-fortaleza-de-nuestro-movimiento-sheinbaum\/","name":"Sonora en Equipo. A la derecha mexicana le preocupa la fortaleza de nuestro movimiento: Sheinbaum Rep\u00fablica","isPartOf":{"@id":"https:\/\/www.sonoraenequipo.com.mx\/#website"},"primaryImageOfPage":{"@id":"https:\/\/www.sonoraenequipo.com.mx\/a-la-derecha-mexicana-le-preocupa-la-fortaleza-de-nuestro-movimiento-sheinbaum\/#primaryimage"},"image":{"@id":"https:\/\/www.sonoraenequipo.com.mx\/a-la-derecha-mexicana-le-preocupa-la-fortaleza-de-nuestro-movimiento-sheinbaum\/#primaryimage"},"thumbnailUrl":"https:\/\/www.sonoraenequipo.com.mx\/storage\/2024\/03\/Claudia-Sheinbaum-min-2.jpg","datePublished":"2024-03-23T21:54:07+00:00","dateModified":"2024-03-24T03:39:01+00:00","description":"SALTILLO, COAHUILA. MX. \u2014 \u201cEvidentemente a la derecha mexicana y derechas de otros lugares del mundo les preocupa la fortaleza de nuestro movimiento, (y) En Sonora en Equipo publicamos toda la informaci\u00f3n de Sonora, M\u00e9xico y el Mundo de manera oportuna y busca que la libertad de expresi\u00f3n sea real. Visita nuestro medio informativo publicado desde Hermosillo, Sonora. %","breadcrumb":{"@id":"https:\/\/www.sonoraenequipo.com.mx\/a-la-derecha-mexicana-le-preocupa-la-fortaleza-de-nuestro-movimiento-sheinbaum\/#breadcrumb"},"inLanguage":"es","potentialAction":[{"@type":"ReadAction","target":["https:\/\/www.sonoraenequipo.com.mx\/a-la-derecha-mexicana-le-preocupa-la-fortaleza-de-nuestro-movimiento-sheinbaum\/"]}]},{"@type":"ImageObject","inLanguage":"es","@id":"https:\/\/www.sonoraenequipo.com.mx\/a-la-derecha-mexicana-le-preocupa-la-fortaleza-de-nuestro-movimiento-sheinbaum\/#primaryimage","url":"https:\/\/www.sonoraenequipo.com.mx\/storage\/2024\/03\/Claudia-Sheinbaum-min-2.jpg","contentUrl":"https:\/\/www.sonoraenequipo.com.mx\/storage\/2024\/03\/Claudia-Sheinbaum-min-2.jpg","width":892,"height":526},{"@type":"BreadcrumbList","@id":"https:\/\/www.sonoraenequipo.com.mx\/a-la-derecha-mexicana-le-preocupa-la-fortaleza-de-nuestro-movimiento-sheinbaum\/#breadcrumb","itemListElement":[{"@type":"ListItem","position":1,"name":"Portada","item":"https:\/\/www.sonoraenequipo.com.mx\/"},{"@type":"ListItem","position":2,"name":"A la derecha mexicana le preocupa la fortaleza de nuestro movimiento: Sheinbaum"}]},{"@type":"WebSite","@id":"https:\/\/www.sonoraenequipo.com.mx\/#website","url":"https:\/\/www.sonoraenequipo.com.mx\/","name":"Sonora en Equipo.","description":"Diario en l\u00ednea con Noticias desde Hermosillo, Sonora","publisher":{"@id":"https:\/\/www.sonoraenequipo.com.mx\/#organization"},"potentialAction":[{"@type":"SearchAction","target":{"@type":"EntryPoint","urlTemplate":"https:\/\/www.sonoraenequipo.com.mx\/?s={search_term_string}"},"query-input":{"@type":"PropertyValueSpecification","valueRequired":true,"valueName":"search_term_string"}}],"inLanguage":"es"},{"@type":"Organization","@id":"https:\/\/www.sonoraenequipo.com.mx\/#organization","name":"Sonoraenequipo.com.mx","url":"https:\/\/www.sonoraenequipo.com.mx\/","logo":{"@type":"ImageObject","inLanguage":"es","@id":"https:\/\/www.sonoraenequipo.com.mx\/#\/schema\/logo\/image\/","url":"https:\/\/www.sonoraenequipo.com.mx\/storage\/2019\/01\/sonoraenequipo_opt.png","contentUrl":"https:\/\/www.sonoraenequipo.com.mx\/storage\/2019\/01\/sonoraenequipo_opt.png","width":375,"height":125,"caption":"Sonoraenequipo.com.mx"},"image":{"@id":"https:\/\/www.sonoraenequipo.com.mx\/#\/schema\/logo\/image\/"},"sameAs":["https:\/\/www.facebook.com\/SonoraEE\/","https:\/\/x.com\/sonoraenequipo","https:\/\/www.youtube.com\/channel\/UC338nW-lPEYmJQs4ZABQ1SQ"]},{"@type":"Person","@id":"https:\/\/www.sonoraenequipo.com.mx\/#\/schema\/person\/50102df0fb23a8fa9e8effad8fa81386","name":"enequipo","image":{"@type":"ImageObject","inLanguage":"es","@id":"https:\/\/www.sonoraenequipo.com.mx\/#\/schema\/person\/image\/","url":"https:\/\/secure.gravatar.com\/avatar\/049821681b589dabc0bc20695993ccebb09f5b5d4d790cd9251b97faac7c652b?s=96&d=blank&r=g","contentUrl":"https:\/\/secure.gravatar.com\/avatar\/049821681b589dabc0bc20695993ccebb09f5b5d4d790cd9251b97faac7c652b?s=96&d=blank&r=g","caption":"enequipo"},"sameAs":["https:\/\/www.facebook.com\/SonoraEE"]}]}},"jetpack_featured_media_url":"https:\/\/www.sonoraenequipo.com.mx\/storage\/2024\/03\/Claudia-Sheinbaum-min-2.jpg","_links":{"self":[{"href":"https:\/\/www.sonoraenequipo.com.mx\/api\/wp\/v2\/posts\/186176","targetHints":{"allow":["GET"]}}],"collection":[{"href":"https:\/\/www.sonoraenequipo.com.mx\/api\/wp\/v2\/posts"}],"about":[{"href":"https:\/\/www.sonoraenequipo.com.mx\/api\/wp\/v2\/types\/post"}],"author":[{"embeddable":true,"href":"https:\/\/www.sonoraenequipo.com.mx\/api\/wp\/v2\/users\/1"}],"replies":[{"embeddable":true,"href":"https:\/\/www.sonoraenequipo.com.mx\/api\/wp\/v2\/comments?post=186176"}],"version-history":[{"count":2,"href":"https:\/\/www.sonoraenequipo.com.mx\/api\/wp\/v2\/posts\/186176\/revisions"}],"predecessor-version":[{"id":186181,"href":"https:\/\/www.sonoraenequipo.com.mx\/api\/wp\/v2\/posts\/186176\/revisions\/186181"}],"wp:featuredmedia":[{"embeddable":true,"href":"https:\/\/www.sonoraenequipo.com.mx\/api\/wp\/v2\/media\/186177"}],"wp:attachment":[{"href":"https:\/\/www.sonoraenequipo.com.mx\/api\/wp\/v2\/media?parent=186176"}],"wp:term":[{"taxonomy":"category","embeddable":true,"href":"https:\/\/www.sonoraenequipo.com.mx\/api\/wp\/v2\/categories?post=186176"},{"taxonomy":"post_tag","embeddable":true,"href":"https:\/\/www.sonoraenequipo.com.mx\/api\/wp\/v2\/tags?post=186176"}],"curies":[{"name":"wp","href":"https:\/\/api.w.org\/{rel}","templated":true}]}}