{"id":186182,"date":"2024-03-23T15:17:44","date_gmt":"2024-03-23T22:17:44","guid":{"rendered":"https:\/\/www.sonoraenequipo.com.mx\/?p=186182"},"modified":"2024-03-23T20:45:40","modified_gmt":"2024-03-24T03:45:40","slug":"al-cumplirse-30-anos-del-asesinato-de-colosio-el-caso-esta-abierto-ahora-se-habla-de-una-accion-concertada","status":"publish","type":"post","link":"https:\/\/www.sonoraenequipo.com.mx\/al-cumplirse-30-anos-del-asesinato-de-colosio-el-caso-esta-abierto-ahora-se-habla-de-una-accion-concertada\/","title":{"rendered":"Al cumplirse 30 a\u00f1os del asesinato de Colosio, el caso est\u00e1 abierto; ahora se habla de una acci\u00f3n concertada"},"content":{"rendered":"<p><strong>CIUDAD DE M\u00c9XICO. MX. \u2014<\/strong> El 23 de marzo de 1994, a las 17:20 horas, Mario Aburto Mart\u00ednez apunt\u00f3 su pistola Taurus, calibre 38 especial y dispar\u00f3 en contra de Luis Donaldo Colosio Murrieta, entonces candidato del PRI a la Presidencia de la Rep\u00fablica. En 2000 se env\u00edo a reserva el expediente de m\u00e1s de 30 mil p\u00e1ginas, con declaraciones y peritajes que conclu\u00edan que el homicidio fue responsabilidad de un asesino solitario. Ahora, a 30 a\u00f1os del crimen, el caso ha sido reabierto porque se considera que se trat\u00f3 de una acci\u00f3n concertada en la que particip\u00f3 al menos un agente de seguridad del Estado.<\/p>\n<p>&nbsp;<\/p>\n<p> <\/p>\n<p>Aburto fue condenado a 45 a\u00f1os de prisi\u00f3n por el delito de homicidio doloso, pero en los pr\u00f3ximos d\u00edas la Suprema Corte de Justicia de la Naci\u00f3n (SCJN) deber\u00e1 decidir si avala una sentencia de amparo que establece que el asesino confeso de Colosio debe cumplir solamente 30 a\u00f1os de su pena, porque debi\u00f3 ser juzgado con base en el C\u00f3digo Penal de Baja California y no en el federal de aquella \u00e9poca.<\/p>\n<p>&nbsp;<\/p>\n<p>&nbsp;<\/p>\n<p>En las constancias de la averiguaci\u00f3n previa 739\/994, Colosio falleci\u00f3 por las lesiones que le causaron dos disparos, el primero, en la cabeza, y el segundo en el abdomen.<\/p>\n<p>&nbsp;<\/p>\n<p>&nbsp;<\/p>\n<p>Horas despu\u00e9s de su detenci\u00f3n, refieren las constancias del expediente, Aburto Mart\u00ednez \u201cdeclar\u00f3 voluntariamente ante el fiscal federal, que efectivamente \u00e9l accion\u00f3 la pistola tipo rev\u00f3lver calibre 38 especial, habiendo logrado impactar con uno de los proyectiles la cabeza del candidato presidencial, y que al disparar en otra segunda ocasi\u00f3n, cuando alguien lo sujetaba e iba cayendo (sic), el impacto dio en el abdomen de Luis Donaldo Colosio Murrieta e inmediatamente varias personas lo sometieron, y lo arrestaron.<\/p>\n<p>&nbsp;<\/p>\n<p><strong><em>\u201cConfesando que dispar\u00f3 en contra del candidato del Partido Revolucionario Institucional, \u2018porque de acuerdo a sus ideas personales, quer\u00eda evitar hechos que pudieran pasar, semejantes a los que ocurrieron en Chiapas\u2019, neg\u00e1ndose rotundamente a proporcionar mayor informaci\u00f3n, \u2018ya que no le importaba su vida ni lo que pudiera pasar.\u2019\u201d<\/em><\/strong><\/p>\n<p>&nbsp;<\/p>\n<h3>Teor\u00eda de los dos tiradores<\/h3>\n<p>&nbsp;<\/p>\n<p>Abel Galv\u00e1n Gallardo, fiscal especial del caso Colosio, dijo a La Jornada que las nuevas investigaciones, iniciadas hace dos a\u00f1os, apuntan a que el abanderado del PRI recibi\u00f3 dos tiros de distintas armas de fuego.<\/p>\n<p>&nbsp;<\/p>\n<p>&nbsp;<\/p>\n<p>Seg\u00fan sus indagatorias, el primer tiro fue realizado por Mario Aburto Mart\u00ednez; el segundo provino de atr\u00e1s hacia delante, es decir, entr\u00f3 por la espalda del pri\u00edsta y penetr\u00f3 el abdomen. Ese tiro, seg\u00fan la FGR, habr\u00eda sido ejecutado por Jorge Antonio S\u00e1nchez Ortega, ex agente del Centro de Investigaci\u00f3n y Seguridad Nacional (Cisen).<\/p>\n<p>&nbsp;<\/p>\n<p>&nbsp;<\/p>\n<p>En marzo de 1994, el reporte ministerial se\u00f1ala que en la zona donde se perpetr\u00f3 la agresi\u00f3n contra Colosio, un campo deportivo en la colonia Lomas Taurinas, del municipio de Tijuana, Baja California, se logr\u00f3 el aseguramiento del arma que al parecer fue usada para ocasionar las lesiones a Luis Donaldo Colosio; arma que consiste en una pistola marca Taurus, tipo rev\u00f3lver, calibre 38 especial, de manufactura brasile\u00f1a, con cachas de madera de color caf\u00e9, abastecido con dos cartuchos del mismo calibre, \u00fatiles, y dos m\u00e1s percutidos, y se logr\u00f3 asegurar una ojiva rodeada de sustancia pastosa de color rojiso (sic); existiendo la posibilidad de que fue disparado por el arma se\u00f1alada.<\/p>\n<p>&nbsp;<\/p>\n<p>&nbsp;<\/p>\n<p>En la p\u00e1gina 35 del primer tomo de la indagatoria iniciada en 1994 se menciona que los peritos de la entonces Procuradur\u00eda General de la Rep\u00fablica (PGR) determinaron que Mario Aburto Mart\u00ednez y Jorge Antonio S\u00e1nchez Ortega dieron positivas las pruebas de radizonato de sodio o prueba de Harrison Gilroy.<\/p>\n<p>&nbsp;<\/p>\n<p>&nbsp;<\/p>\n<p>S\u00e1nchez Ortega, entonces agente del Cisen, fue liberado. Las indagatorias realizadas hasta 2000 concluyeron que no hab\u00eda tenido participaci\u00f3n en el ataque contra el entonces candidato pri\u00edsta.<\/p>\n<p>&nbsp;<\/p>\n<p>&nbsp;<\/p>\n<p>Sin embargo, a principios de 2024 la Fiscal\u00eda Especial para el caso Colosio solicit\u00f3 orden de captura en contra del ex agente del Cisen, petici\u00f3n ministerial que fue inicialmente negada, y se promovi\u00f3 un recurso de revisi\u00f3n, que a\u00fan no se resuelve.<\/p>\n<p>&nbsp;<\/p>\n<p>&nbsp;<\/p>\n<p>Para el fiscal Abel Galv\u00e1n Gallardo, en el ataque contra Colosio utilizaron armas de fuego Aburto y S\u00e1nchez Ortega: son entes que participaron en coautor\u00eda, pero con dispositivos distintos. La ojiva que se encuentra en el piso en su momento es la que lesiona el cr\u00e1neo.<\/p>\n<p>&nbsp;<\/p>\n<p>&nbsp;<\/p>\n<p>Las investigaciones realizadas hasta 2000 establecieron que la ojiva localizada en el piso de tierra donde fue herido Colosio correspond\u00eda a la que se dispar\u00f3 a la cabeza del candidato.<\/p>\n<p>&nbsp;<\/p>\n<p>&nbsp;<\/p>\n<p>Para Galv\u00e1n Gallardo, la ojiva corresponde a la accionada al abdomen de Colosio, pero los dict\u00e1menes de anta\u00f1o y pruebas que se han practicado al d\u00eda de hoy, vienen a fortalecer nuestra teor\u00eda del caso: la participaci\u00f3n de un segundo tirador.<\/p>\n<p>&nbsp;<\/p>\n<p>El caso Colosio, del que han corrido r\u00edos de tinta en estas tres d\u00e9cadas, sigue en curso. El \u00fanico sentenciado ha sido Mario Aburto Mart\u00ednez y podr\u00eda recuperar su libertad si la Corte as\u00ed lo determina, el pr\u00f3ximo mes. De lo contrario, deber\u00e1 permanecer encarcelado hasta marzo de 2039.<\/p>\n<p>&nbsp;<\/p>\n<p>&nbsp;<\/p>\n<p>PUBLICADO EL 23 DE MARZO DE 2024 Con informaci\u00f3n de Gustavo Castillo Garc\u00eda)<\/p>\n","protected":false},"excerpt":{"rendered":"<p>CIUDAD DE M\u00c9XICO. MX. \u2014 El 23 de marzo de 1994, a las 17:20 horas,&#8230;<\/p>\n","protected":false},"author":1,"featured_media":186156,"comment_status":"open","ping_status":"open","sticky":false,"template":"","format":"standard","meta":{"_monsterinsights_skip_tracking":false,"_monsterinsights_sitenote_active":false,"_monsterinsights_sitenote_note":"","_monsterinsights_sitenote_category":0,"footnotes":""},"categories":[12],"tags":[],"class_list":["post"],"yoast_head":" \n<title>Sonora en Equipo. Al cumplirse 30 a\u00f1os del asesinato de Colosio, el caso est\u00e1 abierto; ahora se habla de una acci\u00f3n concertada Especiales<\/title>\n<meta name=\"description\" content=\"CIUDAD DE M\u00c9XICO. MX. \u2014 El 23 de marzo de 1994, a las 17:20 horas, Mario Aburto Mart\u00ednez apunt\u00f3 su pistola Taurus, calibre 38 especial y dispar\u00f3 en contra En Sonora en Equipo publicamos toda la informaci\u00f3n de Sonora, M\u00e9xico y el Mundo de manera oportuna y busca que la libertad de expresi\u00f3n sea real. Visita nuestro medio informativo publicado desde Hermosillo, Sonora. %\" \/>\n<meta name=\"robots\" content=\"index, follow, max-snippet:-1, max-image-preview:large, max-video-preview:-1\" \/>\n<link rel=\"canonical\" href=\"https:\/\/www.sonoraenequipo.com.mx\/al-cumplirse-30-anos-del-asesinato-de-colosio-el-caso-esta-abierto-ahora-se-habla-de-una-accion-concertada\/\" \/>\n<meta property=\"og:locale\" content=\"es_ES\" \/>\n<meta property=\"og:type\" content=\"article\" \/>\n<meta property=\"og:title\" content=\"Sonora en Equipo. Al cumplirse 30 a\u00f1os del asesinato de Colosio, el caso est\u00e1 abierto; ahora se habla de una acci\u00f3n concertada Especiales\" \/>\n<meta property=\"og:description\" content=\"CIUDAD DE M\u00c9XICO. MX. \u2014 El 23 de marzo de 1994, a las 17:20 horas, Mario Aburto Mart\u00ednez apunt\u00f3 su pistola Taurus, calibre 38 especial y dispar\u00f3 en contra En Sonora en Equipo publicamos toda la informaci\u00f3n de Sonora, M\u00e9xico y el Mundo de manera oportuna y busca que la libertad de expresi\u00f3n sea real. Visita nuestro medio informativo publicado desde Hermosillo, Sonora. %\" \/>\n<meta property=\"og:url\" content=\"https:\/\/www.sonoraenequipo.com.mx\/al-cumplirse-30-anos-del-asesinato-de-colosio-el-caso-esta-abierto-ahora-se-habla-de-una-accion-concertada\/\" \/>\n<meta property=\"og:site_name\" content=\"Sonora en Equipo.\" \/>\n<meta property=\"article:publisher\" content=\"https:\/\/www.facebook.com\/SonoraEE\/\" \/>\n<meta property=\"article:author\" content=\"https:\/\/www.facebook.com\/SonoraEE\" \/>\n<meta property=\"article:published_time\" content=\"2024-03-23T22:17:44+00:00\" \/>\n<meta property=\"article:modified_time\" content=\"2024-03-24T03:45:40+00:00\" \/>\n<meta property=\"og:image\" content=\"https:\/\/www.sonoraenequipo.com.mx\/storage\/2024\/03\/Luis-Donaldo-Colosio-Murrieta-min.jpg\" \/>\n\t<meta property=\"og:image:width\" content=\"900\" \/>\n\t<meta property=\"og:image:height\" content=\"544\" \/>\n\t<meta property=\"og:image:type\" content=\"image\/jpeg\" \/>\n<meta name=\"author\" content=\"enequipo\" \/>\n<meta name=\"twitter:card\" content=\"summary_large_image\" \/>\n<meta name=\"twitter:creator\" content=\"@sonoraenequipo\" \/>\n<meta name=\"twitter:site\" content=\"@sonoraenequipo\" \/>\n<meta name=\"twitter:label1\" content=\"Escrito por\" \/>\n\t<meta name=\"twitter:data1\" content=\"enequipo\" \/>\n\t<meta name=\"twitter:label2\" content=\"Tiempo de lectura\" \/>\n\t<meta name=\"twitter:data2\" content=\"5 minutos\" \/>\n<script type=\"application\/ld+json\" class=\"yoast-schema-graph\">{\"@context\":\"https:\/\/schema.org\",\"@graph\":[{\"@type\":\"Article\",\"@id\":\"https:\/\/www.sonoraenequipo.com.mx\/al-cumplirse-30-anos-del-asesinato-de-colosio-el-caso-esta-abierto-ahora-se-habla-de-una-accion-concertada\/#article\",\"isPartOf\":{\"@id\":\"https:\/\/www.sonoraenequipo.com.mx\/al-cumplirse-30-anos-del-asesinato-de-colosio-el-caso-esta-abierto-ahora-se-habla-de-una-accion-concertada\/\"},\"author\":{\"name\":\"enequipo\",\"@id\":\"https:\/\/www.sonoraenequipo.com.mx\/#\/schema\/person\/50102df0fb23a8fa9e8effad8fa81386\"},\"headline\":\"Al cumplirse 30 a\u00f1os del asesinato de Colosio, el caso est\u00e1 abierto; ahora se habla de una acci\u00f3n concertada\",\"datePublished\":\"2024-03-23T22:17:44+00:00\",\"dateModified\":\"2024-03-24T03:45:40+00:00\",\"mainEntityOfPage\":{\"@id\":\"https:\/\/www.sonoraenequipo.com.mx\/al-cumplirse-30-anos-del-asesinato-de-colosio-el-caso-esta-abierto-ahora-se-habla-de-una-accion-concertada\/\"},\"wordCount\":937,\"commentCount\":0,\"publisher\":{\"@id\":\"https:\/\/www.sonoraenequipo.com.mx\/#organization\"},\"image\":{\"@id\":\"https:\/\/www.sonoraenequipo.com.mx\/al-cumplirse-30-anos-del-asesinato-de-colosio-el-caso-esta-abierto-ahora-se-habla-de-una-accion-concertada\/#primaryimage\"},\"thumbnailUrl\":\"https:\/\/www.sonoraenequipo.com.mx\/storage\/2024\/03\/Luis-Donaldo-Colosio-Murrieta-min.jpg\",\"articleSection\":[\"Especiales\"],\"inLanguage\":\"es\",\"potentialAction\":[{\"@type\":\"CommentAction\",\"name\":\"Comment\",\"target\":[\"https:\/\/www.sonoraenequipo.com.mx\/al-cumplirse-30-anos-del-asesinato-de-colosio-el-caso-esta-abierto-ahora-se-habla-de-una-accion-concertada\/#respond\"]}]},{\"@type\":\"WebPage\",\"@id\":\"https:\/\/www.sonoraenequipo.com.mx\/al-cumplirse-30-anos-del-asesinato-de-colosio-el-caso-esta-abierto-ahora-se-habla-de-una-accion-concertada\/\",\"url\":\"https:\/\/www.sonoraenequipo.com.mx\/al-cumplirse-30-anos-del-asesinato-de-colosio-el-caso-esta-abierto-ahora-se-habla-de-una-accion-concertada\/\",\"name\":\"Sonora en Equipo. Al cumplirse 30 a\u00f1os del asesinato de Colosio, el caso est\u00e1 abierto; ahora se habla de una acci\u00f3n concertada Especiales\",\"isPartOf\":{\"@id\":\"https:\/\/www.sonoraenequipo.com.mx\/#website\"},\"primaryImageOfPage\":{\"@id\":\"https:\/\/www.sonoraenequipo.com.mx\/al-cumplirse-30-anos-del-asesinato-de-colosio-el-caso-esta-abierto-ahora-se-habla-de-una-accion-concertada\/#primaryimage\"},\"image\":{\"@id\":\"https:\/\/www.sonoraenequipo.com.mx\/al-cumplirse-30-anos-del-asesinato-de-colosio-el-caso-esta-abierto-ahora-se-habla-de-una-accion-concertada\/#primaryimage\"},\"thumbnailUrl\":\"https:\/\/www.sonoraenequipo.com.mx\/storage\/2024\/03\/Luis-Donaldo-Colosio-Murrieta-min.jpg\",\"datePublished\":\"2024-03-23T22:17:44+00:00\",\"dateModified\":\"2024-03-24T03:45:40+00:00\",\"description\":\"CIUDAD DE M\u00c9XICO. MX. \u2014 El 23 de marzo de 1994, a las 17:20 horas, Mario Aburto Mart\u00ednez apunt\u00f3 su pistola Taurus, calibre 38 especial y dispar\u00f3 en contra En Sonora en Equipo publicamos toda la informaci\u00f3n de Sonora, M\u00e9xico y el Mundo de manera oportuna y busca que la libertad de expresi\u00f3n sea real. Visita nuestro medio informativo publicado desde Hermosillo, Sonora. %\",\"breadcrumb\":{\"@id\":\"https:\/\/www.sonoraenequipo.com.mx\/al-cumplirse-30-anos-del-asesinato-de-colosio-el-caso-esta-abierto-ahora-se-habla-de-una-accion-concertada\/#breadcrumb\"},\"inLanguage\":\"es\",\"potentialAction\":[{\"@type\":\"ReadAction\",\"target\":[\"https:\/\/www.sonoraenequipo.com.mx\/al-cumplirse-30-anos-del-asesinato-de-colosio-el-caso-esta-abierto-ahora-se-habla-de-una-accion-concertada\/\"]}]},{\"@type\":\"ImageObject\",\"inLanguage\":\"es\",\"@id\":\"https:\/\/www.sonoraenequipo.com.mx\/al-cumplirse-30-anos-del-asesinato-de-colosio-el-caso-esta-abierto-ahora-se-habla-de-una-accion-concertada\/#primaryimage\",\"url\":\"https:\/\/www.sonoraenequipo.com.mx\/storage\/2024\/03\/Luis-Donaldo-Colosio-Murrieta-min.jpg\",\"contentUrl\":\"https:\/\/www.sonoraenequipo.com.mx\/storage\/2024\/03\/Luis-Donaldo-Colosio-Murrieta-min.jpg\",\"width\":900,\"height\":544},{\"@type\":\"BreadcrumbList\",\"@id\":\"https:\/\/www.sonoraenequipo.com.mx\/al-cumplirse-30-anos-del-asesinato-de-colosio-el-caso-esta-abierto-ahora-se-habla-de-una-accion-concertada\/#breadcrumb\",\"itemListElement\":[{\"@type\":\"ListItem\",\"position\":1,\"name\":\"Portada\",\"item\":\"https:\/\/www.sonoraenequipo.com.mx\/\"},{\"@type\":\"ListItem\",\"position\":2,\"name\":\"Al cumplirse 30 a\u00f1os del asesinato de Colosio, el caso est\u00e1 abierto; ahora se habla de una acci\u00f3n concertada\"}]},{\"@type\":\"WebSite\",\"@id\":\"https:\/\/www.sonoraenequipo.com.mx\/#website\",\"url\":\"https:\/\/www.sonoraenequipo.com.mx\/\",\"name\":\"Sonora en Equipo.\",\"description\":\"Diario en l\u00ednea con Noticias desde Hermosillo, Sonora\",\"publisher\":{\"@id\":\"https:\/\/www.sonoraenequipo.com.mx\/#organization\"},\"potentialAction\":[{\"@type\":\"SearchAction\",\"target\":{\"@type\":\"EntryPoint\",\"urlTemplate\":\"https:\/\/www.sonoraenequipo.com.mx\/?s={search_term_string}\"},\"query-input\":{\"@type\":\"PropertyValueSpecification\",\"valueRequired\":true,\"valueName\":\"search_term_string\"}}],\"inLanguage\":\"es\"},{\"@type\":\"Organization\",\"@id\":\"https:\/\/www.sonoraenequipo.com.mx\/#organization\",\"name\":\"Sonoraenequipo.com.mx\",\"url\":\"https:\/\/www.sonoraenequipo.com.mx\/\",\"logo\":{\"@type\":\"ImageObject\",\"inLanguage\":\"es\",\"@id\":\"https:\/\/www.sonoraenequipo.com.mx\/#\/schema\/logo\/image\/\",\"url\":\"https:\/\/www.sonoraenequipo.com.mx\/storage\/2019\/01\/sonoraenequipo_opt.png\",\"contentUrl\":\"https:\/\/www.sonoraenequipo.com.mx\/storage\/2019\/01\/sonoraenequipo_opt.png\",\"width\":375,\"height\":125,\"caption\":\"Sonoraenequipo.com.mx\"},\"image\":{\"@id\":\"https:\/\/www.sonoraenequipo.com.mx\/#\/schema\/logo\/image\/\"},\"sameAs\":[\"https:\/\/www.facebook.com\/SonoraEE\/\",\"https:\/\/x.com\/sonoraenequipo\",\"https:\/\/www.youtube.com\/channel\/UC338nW-lPEYmJQs4ZABQ1SQ\"]},{\"@type\":\"Person\",\"@id\":\"https:\/\/www.sonoraenequipo.com.mx\/#\/schema\/person\/50102df0fb23a8fa9e8effad8fa81386\",\"name\":\"enequipo\",\"image\":{\"@type\":\"ImageObject\",\"inLanguage\":\"es\",\"@id\":\"https:\/\/www.sonoraenequipo.com.mx\/#\/schema\/person\/image\/\",\"url\":\"https:\/\/secure.gravatar.com\/avatar\/049821681b589dabc0bc20695993ccebb09f5b5d4d790cd9251b97faac7c652b?s=96&d=blank&r=g\",\"contentUrl\":\"https:\/\/secure.gravatar.com\/avatar\/049821681b589dabc0bc20695993ccebb09f5b5d4d790cd9251b97faac7c652b?s=96&d=blank&r=g\",\"caption\":\"enequipo\"},\"sameAs\":[\"https:\/\/www.facebook.com\/SonoraEE\"]}]}<\/script>\n ","yoast_head_json":{"title":"Sonora en Equipo. Al cumplirse 30 a\u00f1os del asesinato de Colosio, el caso est\u00e1 abierto; ahora se habla de una acci\u00f3n concertada Especiales","description":"CIUDAD DE M\u00c9XICO. MX. \u2014 El 23 de marzo de 1994, a las 17:20 horas, Mario Aburto Mart\u00ednez apunt\u00f3 su pistola Taurus, calibre 38 especial y dispar\u00f3 en contra En Sonora en Equipo publicamos toda la informaci\u00f3n de Sonora, M\u00e9xico y el Mundo de manera oportuna y busca que la libertad de expresi\u00f3n sea real. Visita nuestro medio informativo publicado desde Hermosillo, Sonora. %","robots":{"index":"index","follow":"follow","max-snippet":"max-snippet:-1","max-image-preview":"max-image-preview:large","max-video-preview":"max-video-preview:-1"},"canonical":"https:\/\/www.sonoraenequipo.com.mx\/al-cumplirse-30-anos-del-asesinato-de-colosio-el-caso-esta-abierto-ahora-se-habla-de-una-accion-concertada\/","og_locale":"es_ES","og_type":"article","og_title":"Sonora en Equipo. Al cumplirse 30 a\u00f1os del asesinato de Colosio, el caso est\u00e1 abierto; ahora se habla de una acci\u00f3n concertada Especiales","og_description":"CIUDAD DE M\u00c9XICO. MX. \u2014 El 23 de marzo de 1994, a las 17:20 horas, Mario Aburto Mart\u00ednez apunt\u00f3 su pistola Taurus, calibre 38 especial y dispar\u00f3 en contra En Sonora en Equipo publicamos toda la informaci\u00f3n de Sonora, M\u00e9xico y el Mundo de manera oportuna y busca que la libertad de expresi\u00f3n sea real. Visita nuestro medio informativo publicado desde Hermosillo, Sonora. %","og_url":"https:\/\/www.sonoraenequipo.com.mx\/al-cumplirse-30-anos-del-asesinato-de-colosio-el-caso-esta-abierto-ahora-se-habla-de-una-accion-concertada\/","og_site_name":"Sonora en Equipo.","article_publisher":"https:\/\/www.facebook.com\/SonoraEE\/","article_author":"https:\/\/www.facebook.com\/SonoraEE","article_published_time":"2024-03-23T22:17:44+00:00","article_modified_time":"2024-03-24T03:45:40+00:00","og_image":[{"width":900,"height":544,"url":"https:\/\/www.sonoraenequipo.com.mx\/storage\/2024\/03\/Luis-Donaldo-Colosio-Murrieta-min.jpg","type":"image\/jpeg"}],"author":"enequipo","twitter_card":"summary_large_image","twitter_creator":"@sonoraenequipo","twitter_site":"@sonoraenequipo","twitter_misc":{"Escrito por":"enequipo","Tiempo de lectura":"5 minutos"},"schema":{"@context":"https:\/\/schema.org","@graph":[{"@type":"Article","@id":"https:\/\/www.sonoraenequipo.com.mx\/al-cumplirse-30-anos-del-asesinato-de-colosio-el-caso-esta-abierto-ahora-se-habla-de-una-accion-concertada\/#article","isPartOf":{"@id":"https:\/\/www.sonoraenequipo.com.mx\/al-cumplirse-30-anos-del-asesinato-de-colosio-el-caso-esta-abierto-ahora-se-habla-de-una-accion-concertada\/"},"author":{"name":"enequipo","@id":"https:\/\/www.sonoraenequipo.com.mx\/#\/schema\/person\/50102df0fb23a8fa9e8effad8fa81386"},"headline":"Al cumplirse 30 a\u00f1os del asesinato de Colosio, el caso est\u00e1 abierto; ahora se habla de una acci\u00f3n concertada","datePublished":"2024-03-23T22:17:44+00:00","dateModified":"2024-03-24T03:45:40+00:00","mainEntityOfPage":{"@id":"https:\/\/www.sonoraenequipo.com.mx\/al-cumplirse-30-anos-del-asesinato-de-colosio-el-caso-esta-abierto-ahora-se-habla-de-una-accion-concertada\/"},"wordCount":937,"commentCount":0,"publisher":{"@id":"https:\/\/www.sonoraenequipo.com.mx\/#organization"},"image":{"@id":"https:\/\/www.sonoraenequipo.com.mx\/al-cumplirse-30-anos-del-asesinato-de-colosio-el-caso-esta-abierto-ahora-se-habla-de-una-accion-concertada\/#primaryimage"},"thumbnailUrl":"https:\/\/www.sonoraenequipo.com.mx\/storage\/2024\/03\/Luis-Donaldo-Colosio-Murrieta-min.jpg","articleSection":["Especiales"],"inLanguage":"es","potentialAction":[{"@type":"CommentAction","name":"Comment","target":["https:\/\/www.sonoraenequipo.com.mx\/al-cumplirse-30-anos-del-asesinato-de-colosio-el-caso-esta-abierto-ahora-se-habla-de-una-accion-concertada\/#respond"]}]},{"@type":"WebPage","@id":"https:\/\/www.sonoraenequipo.com.mx\/al-cumplirse-30-anos-del-asesinato-de-colosio-el-caso-esta-abierto-ahora-se-habla-de-una-accion-concertada\/","url":"https:\/\/www.sonoraenequipo.com.mx\/al-cumplirse-30-anos-del-asesinato-de-colosio-el-caso-esta-abierto-ahora-se-habla-de-una-accion-concertada\/","name":"Sonora en Equipo. Al cumplirse 30 a\u00f1os del asesinato de Colosio, el caso est\u00e1 abierto; ahora se habla de una acci\u00f3n concertada Especiales","isPartOf":{"@id":"https:\/\/www.sonoraenequipo.com.mx\/#website"},"primaryImageOfPage":{"@id":"https:\/\/www.sonoraenequipo.com.mx\/al-cumplirse-30-anos-del-asesinato-de-colosio-el-caso-esta-abierto-ahora-se-habla-de-una-accion-concertada\/#primaryimage"},"image":{"@id":"https:\/\/www.sonoraenequipo.com.mx\/al-cumplirse-30-anos-del-asesinato-de-colosio-el-caso-esta-abierto-ahora-se-habla-de-una-accion-concertada\/#primaryimage"},"thumbnailUrl":"https:\/\/www.sonoraenequipo.com.mx\/storage\/2024\/03\/Luis-Donaldo-Colosio-Murrieta-min.jpg","datePublished":"2024-03-23T22:17:44+00:00","dateModified":"2024-03-24T03:45:40+00:00","description":"CIUDAD DE M\u00c9XICO. MX. \u2014 El 23 de marzo de 1994, a las 17:20 horas, Mario Aburto Mart\u00ednez apunt\u00f3 su pistola Taurus, calibre 38 especial y dispar\u00f3 en contra En Sonora en Equipo publicamos toda la informaci\u00f3n de Sonora, M\u00e9xico y el Mundo de manera oportuna y busca que la libertad de expresi\u00f3n sea real. Visita nuestro medio informativo publicado desde Hermosillo, Sonora. %","breadcrumb":{"@id":"https:\/\/www.sonoraenequipo.com.mx\/al-cumplirse-30-anos-del-asesinato-de-colosio-el-caso-esta-abierto-ahora-se-habla-de-una-accion-concertada\/#breadcrumb"},"inLanguage":"es","potentialAction":[{"@type":"ReadAction","target":["https:\/\/www.sonoraenequipo.com.mx\/al-cumplirse-30-anos-del-asesinato-de-colosio-el-caso-esta-abierto-ahora-se-habla-de-una-accion-concertada\/"]}]},{"@type":"ImageObject","inLanguage":"es","@id":"https:\/\/www.sonoraenequipo.com.mx\/al-cumplirse-30-anos-del-asesinato-de-colosio-el-caso-esta-abierto-ahora-se-habla-de-una-accion-concertada\/#primaryimage","url":"https:\/\/www.sonoraenequipo.com.mx\/storage\/2024\/03\/Luis-Donaldo-Colosio-Murrieta-min.jpg","contentUrl":"https:\/\/www.sonoraenequipo.com.mx\/storage\/2024\/03\/Luis-Donaldo-Colosio-Murrieta-min.jpg","width":900,"height":544},{"@type":"BreadcrumbList","@id":"https:\/\/www.sonoraenequipo.com.mx\/al-cumplirse-30-anos-del-asesinato-de-colosio-el-caso-esta-abierto-ahora-se-habla-de-una-accion-concertada\/#breadcrumb","itemListElement":[{"@type":"ListItem","position":1,"name":"Portada","item":"https:\/\/www.sonoraenequipo.com.mx\/"},{"@type":"ListItem","position":2,"name":"Al cumplirse 30 a\u00f1os del asesinato de Colosio, el caso est\u00e1 abierto; ahora se habla de una acci\u00f3n concertada"}]},{"@type":"WebSite","@id":"https:\/\/www.sonoraenequipo.com.mx\/#website","url":"https:\/\/www.sonoraenequipo.com.mx\/","name":"Sonora en Equipo.","description":"Diario en l\u00ednea con Noticias desde Hermosillo, Sonora","publisher":{"@id":"https:\/\/www.sonoraenequipo.com.mx\/#organization"},"potentialAction":[{"@type":"SearchAction","target":{"@type":"EntryPoint","urlTemplate":"https:\/\/www.sonoraenequipo.com.mx\/?s={search_term_string}"},"query-input":{"@type":"PropertyValueSpecification","valueRequired":true,"valueName":"search_term_string"}}],"inLanguage":"es"},{"@type":"Organization","@id":"https:\/\/www.sonoraenequipo.com.mx\/#organization","name":"Sonoraenequipo.com.mx","url":"https:\/\/www.sonoraenequipo.com.mx\/","logo":{"@type":"ImageObject","inLanguage":"es","@id":"https:\/\/www.sonoraenequipo.com.mx\/#\/schema\/logo\/image\/","url":"https:\/\/www.sonoraenequipo.com.mx\/storage\/2019\/01\/sonoraenequipo_opt.png","contentUrl":"https:\/\/www.sonoraenequipo.com.mx\/storage\/2019\/01\/sonoraenequipo_opt.png","width":375,"height":125,"caption":"Sonoraenequipo.com.mx"},"image":{"@id":"https:\/\/www.sonoraenequipo.com.mx\/#\/schema\/logo\/image\/"},"sameAs":["https:\/\/www.facebook.com\/SonoraEE\/","https:\/\/x.com\/sonoraenequipo","https:\/\/www.youtube.com\/channel\/UC338nW-lPEYmJQs4ZABQ1SQ"]},{"@type":"Person","@id":"https:\/\/www.sonoraenequipo.com.mx\/#\/schema\/person\/50102df0fb23a8fa9e8effad8fa81386","name":"enequipo","image":{"@type":"ImageObject","inLanguage":"es","@id":"https:\/\/www.sonoraenequipo.com.mx\/#\/schema\/person\/image\/","url":"https:\/\/secure.gravatar.com\/avatar\/049821681b589dabc0bc20695993ccebb09f5b5d4d790cd9251b97faac7c652b?s=96&d=blank&r=g","contentUrl":"https:\/\/secure.gravatar.com\/avatar\/049821681b589dabc0bc20695993ccebb09f5b5d4d790cd9251b97faac7c652b?s=96&d=blank&r=g","caption":"enequipo"},"sameAs":["https:\/\/www.facebook.com\/SonoraEE"]}]}},"jetpack_featured_media_url":"https:\/\/www.sonoraenequipo.com.mx\/storage\/2024\/03\/Luis-Donaldo-Colosio-Murrieta-min.jpg","_links":{"self":[{"href":"https:\/\/www.sonoraenequipo.com.mx\/api\/wp\/v2\/posts\/186182","targetHints":{"allow":["GET"]}}],"collection":[{"href":"https:\/\/www.sonoraenequipo.com.mx\/api\/wp\/v2\/posts"}],"about":[{"href":"https:\/\/www.sonoraenequipo.com.mx\/api\/wp\/v2\/types\/post"}],"author":[{"embeddable":true,"href":"https:\/\/www.sonoraenequipo.com.mx\/api\/wp\/v2\/users\/1"}],"replies":[{"embeddable":true,"href":"https:\/\/www.sonoraenequipo.com.mx\/api\/wp\/v2\/comments?post=186182"}],"version-history":[{"count":1,"href":"https:\/\/www.sonoraenequipo.com.mx\/api\/wp\/v2\/posts\/186182\/revisions"}],"predecessor-version":[{"id":186183,"href":"https:\/\/www.sonoraenequipo.com.mx\/api\/wp\/v2\/posts\/186182\/revisions\/186183"}],"wp:featuredmedia":[{"embeddable":true,"href":"https:\/\/www.sonoraenequipo.com.mx\/api\/wp\/v2\/media\/186156"}],"wp:attachment":[{"href":"https:\/\/www.sonoraenequipo.com.mx\/api\/wp\/v2\/media?parent=186182"}],"wp:term":[{"taxonomy":"category","embeddable":true,"href":"https:\/\/www.sonoraenequipo.com.mx\/api\/wp\/v2\/categories?post=186182"},{"taxonomy":"post_tag","embeddable":true,"href":"https:\/\/www.sonoraenequipo.com.mx\/api\/wp\/v2\/tags?post=186182"}],"curies":[{"name":"wp","href":"https:\/\/api.w.org\/{rel}","templated":true}]}}