{"id":186184,"date":"2024-03-23T10:08:16","date_gmt":"2024-03-23T17:08:16","guid":{"rendered":"https:\/\/www.sonoraenequipo.com.mx\/?p=186184"},"modified":"2024-03-23T20:52:37","modified_gmt":"2024-03-24T03:52:37","slug":"putin-promete-castigar-a-los-culpables-del-atentado-en-moscu-que-dejo-133-muertos","status":"publish","type":"post","link":"https:\/\/www.sonoraenequipo.com.mx\/putin-promete-castigar-a-los-culpables-del-atentado-en-moscu-que-dejo-133-muertos\/","title":{"rendered":"Putin promete castigar a los culpables del atentado en Mosc\u00fa que dej\u00f3 133 muertos"},"content":{"rendered":"<p><strong>MOSC\u00da, RUSIA. \u2014<\/strong> Vladimir Putin prometi\u00f3 el s\u00e1bado <strong><em>\u201ccastigar\u201d<\/em><\/strong> a los responsables del atentado que dej\u00f3 la v\u00edspera al menos 133 muertos en Mosc\u00fa, y asegur\u00f3 que los sospechosos fueron detenidos cuando hu\u00edan a Ucrania, sin mencionar la reivindicaci\u00f3n del grupo yihadista Estado Isl\u00e1mico (EI).<\/p>\n<p> <\/p>\n<p>Ucrania ha negado en firme cualquier v\u00ednculo con el ataque y afirma que Rusia, cuya ofensiva combate desde hace m\u00e1s de dos a\u00f1os, busca apenas la forma de echarle la culpa.<\/p>\n<p>En el Crocus City Hall, un centro de entretenimiento en la periferia de Mosc\u00fa fue objeto de un atentado el cual se considera como el m\u00e1s sangriento en Rusia desde hace dos d\u00e9cadas, as\u00ed como el m\u00e1s mort\u00edfero reivindicado en Europa por el Estado Isl\u00e1mico.<\/p>\n<p>El presidente ruso dijo en un discurso televisado que los cuatro atacantes fueron detenidos cuando<strong><em> \u201cse dirig\u00edan a Ucrania, donde seg\u00fan los datos preliminares [de los investigadores] se hab\u00eda preparado una \u2018ventana\u2019 para que pudieran cruzar la frontera\u201d.<\/em><\/strong><\/p>\n<p>Putin respald\u00f3 as\u00ed la versi\u00f3n expuesta poco antes por sus servicios de seguridad, el FSB. En ning\u00fan momento de su discurso mencion\u00f3 la reivindicaci\u00f3n del grupo yihadista Estado Isl\u00e1mico, difundida el viernes por la noche y reiterada este s\u00e1bado.<\/p>\n<p><strong><em>\u201cEl ataque fue conducido por cuatro combatientes del EI, armados de ametralladoras, una pistola, cuchillos y bombas incendiarias\u201d<\/em><\/strong>, afirm\u00f3 la organizaci\u00f3n yihadista en una de sus cuentas de Telegram, y a\u00f1adi\u00f3 que el ataque se inscribe en el contexto de \u201cla guerra\u201d con <em><strong>\u201clos pa\u00edses que combaten al islam\u201d.<\/strong><\/em><\/p>\n<p>Putin, reci\u00e9n reelecto por otros seis a\u00f1os, calific\u00f3 el drama de <em><strong>\u201cacto terrorista salvaje\u201d<\/strong><\/em>, prometi\u00f3 castigar a todos los responsables y decret\u00f3 este domingo como d\u00eda de luto nacional.<\/p>\n<p>Poco antes, el Kremlin hab\u00eda anunciado la detenci\u00f3n de 11 personas, entre ellas<strong><em> \u201clos cuatro terroristas directamente implicados en el atentado\u201d.<\/em><\/strong><\/p>\n<p>Esas cuatro personas fueron detenidas en la regi\u00f3n de Briansk, en la frontera con Ucrania y Bielorrusia, precis\u00f3 luego el Comit\u00e9 de Investigaci\u00f3n ruso, competente en este tipo de cr\u00edmenes.<\/p>\n<p>El atentado tuvo lugar el viernes antes de un recital del grupo de rock ruso Piknik, en una sala de conciertos del Crocus City Hall, en Krasnogorsk, un suburbio del noroeste de Mosc\u00fa.<\/p>\n<p>El FSB afirm\u00f3 que los sospechosos ten\u00edan \u201ccontactos\u201d en Ucrania, confrontada desde 2022 a una intervenci\u00f3n militar rusa, y planeaban huir a este pa\u00eds tras el ataque, pero no ofreci\u00f3 pruebas de este supuesto v\u00ednculo ni dio detalles sobre su naturaleza.<\/p>\n<p>El asesor presidencial ucraniano Mijailo Podoliak desminti\u00f3 la acusaci\u00f3n de Rusia y escribi\u00f3 en la red social X que<strong><em> \u201clas versiones de los servicios especiales rusos sobre Ucrania son absolutamente insostenibles y absurdas\u201d.<\/em><\/strong><\/p>\n<p>El balance de muertos subi\u00f3 el s\u00e1bado a 133, seg\u00fan las autoridades, y podr\u00eda seguir aumentando, ya que la b\u00fasqueda continuar\u00e1 a\u00fan varios d\u00edas entre los restos del edificio, devorado por las llamas y cuya cubierta se derrumb\u00f3 parcialmente.<\/p>\n<p>Los asaltantes emplearon armas autom\u00e1ticas y provocaron un gran incendio con l\u00edquido inflamable, seg\u00fan los investigadores.<\/p>\n<p>Seg\u00fan los primeros elementos de la investigaci\u00f3n, las personas murieron por <strong><em>\u201cheridas de bala\u201d<\/em> <\/strong>y por inhalar humo del incendio.<\/p>\n<p>El EI, que Rusia combate en Siria y est\u00e1 activo tambi\u00e9n en el C\u00e1ucaso ruso, cometi\u00f3 ya atentados en el pa\u00eds desde finales de los a\u00f1os 2010, pero nunca reivindic\u00f3 un atentado de semejante alcance.<\/p>\n<p>La reivindicaci\u00f3n del grupo yihadista suscita no obstante algunas interrogantes.<\/p>\n<p>Seg\u00fan medios rusos y el diputado Alexander Jinstein, algunos de los sospechosos son originarios de Tayikist\u00e1n.<\/p>\n<p>Estados Unidos asegur\u00f3 el viernes que hab\u00eda advertido a Rusia, a inicios de marzo, sobre un posible ataque <strong><em>\u201cterrorista\u201d<\/em><\/strong> en un lugar de Mosc\u00fa con \u201cgrandes concentraciones\u201d de gente, dijo la portavoz del Consejo de Seguridad Nacional de Washington, Adrienne Watson.<\/p>\n<p>La polic\u00eda y las fuerzas especiales rusas siguen desplegadas el s\u00e1bado frente al incendiado recinto, donde cientos de rescatistas recog\u00edan los escombros en busca de m\u00e1s v\u00edctimas.<\/p>\n<p>En la ma\u00f1ana del s\u00e1bado, largas filas de espera se formaron frente a algunos centros para donar sangre en Mosc\u00fa, seg\u00fan im\u00e1genes de medios estatales rusos. En algunas paradas de autob\u00fas aparecieron tambi\u00e9n carteles con la inscripci\u00f3n \u201cEstamos de luto 22\/03\/2024\u201d.<\/p>\n<p>Varios eventos p\u00fablicos fueron anulados en el pa\u00eds, como el amistoso previsto el lunes en Mosc\u00fa entre las selecciones de Rusia y Paraguay.<\/p>\n<p>PUBLICADO EL 23 DE MARZO DE 2024 Con informaci\u00f3n de AFP)<\/p>\n","protected":false},"excerpt":{"rendered":"<p>MOSC\u00da, RUSIA. \u2014 Vladimir Putin prometi\u00f3 el s\u00e1bado \u201ccastigar\u201d a los responsables del atentado que&#8230;<\/p>\n","protected":false},"author":1,"featured_media":186163,"comment_status":"open","ping_status":"open","sticky":false,"template":"","format":"standard","meta":{"_monsterinsights_skip_tracking":false,"_monsterinsights_sitenote_active":false,"_monsterinsights_sitenote_note":"","_monsterinsights_sitenote_category":0,"footnotes":""},"categories":[3],"tags":[],"class_list":["post"],"yoast_head":" \n<title>Sonora en Equipo. Putin promete castigar a los culpables del atentado en Mosc\u00fa que dej\u00f3 133 muertos MUNDO<\/title>\n<meta name=\"description\" content=\"MOSC\u00da, RUSIA. \u2014 Vladimir Putin prometi\u00f3 el s\u00e1bado \u201ccastigar\u201d a los responsables del atentado que dej\u00f3 la v\u00edspera al menos 133 muertos en Mosc\u00fa, y asegur\u00f3 En Sonora en Equipo publicamos toda la informaci\u00f3n de Sonora, M\u00e9xico y el Mundo de manera oportuna y busca que la libertad de expresi\u00f3n sea real. Visita nuestro medio informativo publicado desde Hermosillo, Sonora. %\" \/>\n<meta name=\"robots\" content=\"index, follow, max-snippet:-1, max-image-preview:large, max-video-preview:-1\" \/>\n<link rel=\"canonical\" href=\"https:\/\/www.sonoraenequipo.com.mx\/putin-promete-castigar-a-los-culpables-del-atentado-en-moscu-que-dejo-133-muertos\/\" \/>\n<meta property=\"og:locale\" content=\"es_ES\" \/>\n<meta property=\"og:type\" content=\"article\" \/>\n<meta property=\"og:title\" content=\"Sonora en Equipo. Putin promete castigar a los culpables del atentado en Mosc\u00fa que dej\u00f3 133 muertos MUNDO\" \/>\n<meta property=\"og:description\" content=\"MOSC\u00da, RUSIA. \u2014 Vladimir Putin prometi\u00f3 el s\u00e1bado \u201ccastigar\u201d a los responsables del atentado que dej\u00f3 la v\u00edspera al menos 133 muertos en Mosc\u00fa, y asegur\u00f3 En Sonora en Equipo publicamos toda la informaci\u00f3n de Sonora, M\u00e9xico y el Mundo de manera oportuna y busca que la libertad de expresi\u00f3n sea real. Visita nuestro medio informativo publicado desde Hermosillo, Sonora. %\" \/>\n<meta property=\"og:url\" content=\"https:\/\/www.sonoraenequipo.com.mx\/putin-promete-castigar-a-los-culpables-del-atentado-en-moscu-que-dejo-133-muertos\/\" \/>\n<meta property=\"og:site_name\" content=\"Sonora en Equipo.\" \/>\n<meta property=\"article:publisher\" content=\"https:\/\/www.facebook.com\/SonoraEE\/\" \/>\n<meta property=\"article:author\" content=\"https:\/\/www.facebook.com\/SonoraEE\" \/>\n<meta property=\"article:published_time\" content=\"2024-03-23T17:08:16+00:00\" \/>\n<meta property=\"article:modified_time\" content=\"2024-03-24T03:52:37+00:00\" \/>\n<meta property=\"og:image\" content=\"https:\/\/www.sonoraenequipo.com.mx\/storage\/2024\/03\/VladimirPutin_AFP-min.jpg\" \/>\n\t<meta property=\"og:image:width\" content=\"900\" \/>\n\t<meta property=\"og:image:height\" content=\"474\" \/>\n\t<meta property=\"og:image:type\" content=\"image\/jpeg\" \/>\n<meta name=\"author\" content=\"enequipo\" \/>\n<meta name=\"twitter:card\" content=\"summary_large_image\" \/>\n<meta name=\"twitter:creator\" content=\"@sonoraenequipo\" \/>\n<meta name=\"twitter:site\" content=\"@sonoraenequipo\" \/>\n<meta name=\"twitter:label1\" content=\"Escrito por\" \/>\n\t<meta name=\"twitter:data1\" content=\"enequipo\" \/>\n\t<meta name=\"twitter:label2\" content=\"Tiempo de lectura\" \/>\n\t<meta name=\"twitter:data2\" content=\"4 minutos\" \/>\n<script type=\"application\/ld+json\" class=\"yoast-schema-graph\">{\"@context\":\"https:\/\/schema.org\",\"@graph\":[{\"@type\":\"Article\",\"@id\":\"https:\/\/www.sonoraenequipo.com.mx\/putin-promete-castigar-a-los-culpables-del-atentado-en-moscu-que-dejo-133-muertos\/#article\",\"isPartOf\":{\"@id\":\"https:\/\/www.sonoraenequipo.com.mx\/putin-promete-castigar-a-los-culpables-del-atentado-en-moscu-que-dejo-133-muertos\/\"},\"author\":{\"name\":\"enequipo\",\"@id\":\"https:\/\/www.sonoraenequipo.com.mx\/#\/schema\/person\/50102df0fb23a8fa9e8effad8fa81386\"},\"headline\":\"Putin promete castigar a los culpables del atentado en Mosc\u00fa que dej\u00f3 133 muertos\",\"datePublished\":\"2024-03-23T17:08:16+00:00\",\"dateModified\":\"2024-03-24T03:52:37+00:00\",\"mainEntityOfPage\":{\"@id\":\"https:\/\/www.sonoraenequipo.com.mx\/putin-promete-castigar-a-los-culpables-del-atentado-en-moscu-que-dejo-133-muertos\/\"},\"wordCount\":788,\"commentCount\":0,\"publisher\":{\"@id\":\"https:\/\/www.sonoraenequipo.com.mx\/#organization\"},\"image\":{\"@id\":\"https:\/\/www.sonoraenequipo.com.mx\/putin-promete-castigar-a-los-culpables-del-atentado-en-moscu-que-dejo-133-muertos\/#primaryimage\"},\"thumbnailUrl\":\"https:\/\/www.sonoraenequipo.com.mx\/storage\/2024\/03\/VladimirPutin_AFP-min.jpg\",\"articleSection\":[\"MUNDO\"],\"inLanguage\":\"es\",\"potentialAction\":[{\"@type\":\"CommentAction\",\"name\":\"Comment\",\"target\":[\"https:\/\/www.sonoraenequipo.com.mx\/putin-promete-castigar-a-los-culpables-del-atentado-en-moscu-que-dejo-133-muertos\/#respond\"]}]},{\"@type\":\"WebPage\",\"@id\":\"https:\/\/www.sonoraenequipo.com.mx\/putin-promete-castigar-a-los-culpables-del-atentado-en-moscu-que-dejo-133-muertos\/\",\"url\":\"https:\/\/www.sonoraenequipo.com.mx\/putin-promete-castigar-a-los-culpables-del-atentado-en-moscu-que-dejo-133-muertos\/\",\"name\":\"Sonora en Equipo. Putin promete castigar a los culpables del atentado en Mosc\u00fa que dej\u00f3 133 muertos MUNDO\",\"isPartOf\":{\"@id\":\"https:\/\/www.sonoraenequipo.com.mx\/#website\"},\"primaryImageOfPage\":{\"@id\":\"https:\/\/www.sonoraenequipo.com.mx\/putin-promete-castigar-a-los-culpables-del-atentado-en-moscu-que-dejo-133-muertos\/#primaryimage\"},\"image\":{\"@id\":\"https:\/\/www.sonoraenequipo.com.mx\/putin-promete-castigar-a-los-culpables-del-atentado-en-moscu-que-dejo-133-muertos\/#primaryimage\"},\"thumbnailUrl\":\"https:\/\/www.sonoraenequipo.com.mx\/storage\/2024\/03\/VladimirPutin_AFP-min.jpg\",\"datePublished\":\"2024-03-23T17:08:16+00:00\",\"dateModified\":\"2024-03-24T03:52:37+00:00\",\"description\":\"MOSC\u00da, RUSIA. \u2014 Vladimir Putin prometi\u00f3 el s\u00e1bado \u201ccastigar\u201d a los responsables del atentado que dej\u00f3 la v\u00edspera al menos 133 muertos en Mosc\u00fa, y asegur\u00f3 En Sonora en Equipo publicamos toda la informaci\u00f3n de Sonora, M\u00e9xico y el Mundo de manera oportuna y busca que la libertad de expresi\u00f3n sea real. Visita nuestro medio informativo publicado desde Hermosillo, Sonora. %\",\"breadcrumb\":{\"@id\":\"https:\/\/www.sonoraenequipo.com.mx\/putin-promete-castigar-a-los-culpables-del-atentado-en-moscu-que-dejo-133-muertos\/#breadcrumb\"},\"inLanguage\":\"es\",\"potentialAction\":[{\"@type\":\"ReadAction\",\"target\":[\"https:\/\/www.sonoraenequipo.com.mx\/putin-promete-castigar-a-los-culpables-del-atentado-en-moscu-que-dejo-133-muertos\/\"]}]},{\"@type\":\"ImageObject\",\"inLanguage\":\"es\",\"@id\":\"https:\/\/www.sonoraenequipo.com.mx\/putin-promete-castigar-a-los-culpables-del-atentado-en-moscu-que-dejo-133-muertos\/#primaryimage\",\"url\":\"https:\/\/www.sonoraenequipo.com.mx\/storage\/2024\/03\/VladimirPutin_AFP-min.jpg\",\"contentUrl\":\"https:\/\/www.sonoraenequipo.com.mx\/storage\/2024\/03\/VladimirPutin_AFP-min.jpg\",\"width\":900,\"height\":474},{\"@type\":\"BreadcrumbList\",\"@id\":\"https:\/\/www.sonoraenequipo.com.mx\/putin-promete-castigar-a-los-culpables-del-atentado-en-moscu-que-dejo-133-muertos\/#breadcrumb\",\"itemListElement\":[{\"@type\":\"ListItem\",\"position\":1,\"name\":\"Portada\",\"item\":\"https:\/\/www.sonoraenequipo.com.mx\/\"},{\"@type\":\"ListItem\",\"position\":2,\"name\":\"Putin promete castigar a los culpables del atentado en Mosc\u00fa que dej\u00f3 133 muertos\"}]},{\"@type\":\"WebSite\",\"@id\":\"https:\/\/www.sonoraenequipo.com.mx\/#website\",\"url\":\"https:\/\/www.sonoraenequipo.com.mx\/\",\"name\":\"Sonora en Equipo.\",\"description\":\"Diario en l\u00ednea con Noticias desde Hermosillo, Sonora\",\"publisher\":{\"@id\":\"https:\/\/www.sonoraenequipo.com.mx\/#organization\"},\"potentialAction\":[{\"@type\":\"SearchAction\",\"target\":{\"@type\":\"EntryPoint\",\"urlTemplate\":\"https:\/\/www.sonoraenequipo.com.mx\/?s={search_term_string}\"},\"query-input\":{\"@type\":\"PropertyValueSpecification\",\"valueRequired\":true,\"valueName\":\"search_term_string\"}}],\"inLanguage\":\"es\"},{\"@type\":\"Organization\",\"@id\":\"https:\/\/www.sonoraenequipo.com.mx\/#organization\",\"name\":\"Sonoraenequipo.com.mx\",\"url\":\"https:\/\/www.sonoraenequipo.com.mx\/\",\"logo\":{\"@type\":\"ImageObject\",\"inLanguage\":\"es\",\"@id\":\"https:\/\/www.sonoraenequipo.com.mx\/#\/schema\/logo\/image\/\",\"url\":\"https:\/\/www.sonoraenequipo.com.mx\/storage\/2019\/01\/sonoraenequipo_opt.png\",\"contentUrl\":\"https:\/\/www.sonoraenequipo.com.mx\/storage\/2019\/01\/sonoraenequipo_opt.png\",\"width\":375,\"height\":125,\"caption\":\"Sonoraenequipo.com.mx\"},\"image\":{\"@id\":\"https:\/\/www.sonoraenequipo.com.mx\/#\/schema\/logo\/image\/\"},\"sameAs\":[\"https:\/\/www.facebook.com\/SonoraEE\/\",\"https:\/\/x.com\/sonoraenequipo\",\"https:\/\/www.youtube.com\/channel\/UC338nW-lPEYmJQs4ZABQ1SQ\"]},{\"@type\":\"Person\",\"@id\":\"https:\/\/www.sonoraenequipo.com.mx\/#\/schema\/person\/50102df0fb23a8fa9e8effad8fa81386\",\"name\":\"enequipo\",\"image\":{\"@type\":\"ImageObject\",\"inLanguage\":\"es\",\"@id\":\"https:\/\/www.sonoraenequipo.com.mx\/#\/schema\/person\/image\/\",\"url\":\"https:\/\/secure.gravatar.com\/avatar\/049821681b589dabc0bc20695993ccebb09f5b5d4d790cd9251b97faac7c652b?s=96&d=blank&r=g\",\"contentUrl\":\"https:\/\/secure.gravatar.com\/avatar\/049821681b589dabc0bc20695993ccebb09f5b5d4d790cd9251b97faac7c652b?s=96&d=blank&r=g\",\"caption\":\"enequipo\"},\"sameAs\":[\"https:\/\/www.facebook.com\/SonoraEE\"]}]}<\/script>\n ","yoast_head_json":{"title":"Sonora en Equipo. Putin promete castigar a los culpables del atentado en Mosc\u00fa que dej\u00f3 133 muertos MUNDO","description":"MOSC\u00da, RUSIA. \u2014 Vladimir Putin prometi\u00f3 el s\u00e1bado \u201ccastigar\u201d a los responsables del atentado que dej\u00f3 la v\u00edspera al menos 133 muertos en Mosc\u00fa, y asegur\u00f3 En Sonora en Equipo publicamos toda la informaci\u00f3n de Sonora, M\u00e9xico y el Mundo de manera oportuna y busca que la libertad de expresi\u00f3n sea real. Visita nuestro medio informativo publicado desde Hermosillo, Sonora. %","robots":{"index":"index","follow":"follow","max-snippet":"max-snippet:-1","max-image-preview":"max-image-preview:large","max-video-preview":"max-video-preview:-1"},"canonical":"https:\/\/www.sonoraenequipo.com.mx\/putin-promete-castigar-a-los-culpables-del-atentado-en-moscu-que-dejo-133-muertos\/","og_locale":"es_ES","og_type":"article","og_title":"Sonora en Equipo. Putin promete castigar a los culpables del atentado en Mosc\u00fa que dej\u00f3 133 muertos MUNDO","og_description":"MOSC\u00da, RUSIA. \u2014 Vladimir Putin prometi\u00f3 el s\u00e1bado \u201ccastigar\u201d a los responsables del atentado que dej\u00f3 la v\u00edspera al menos 133 muertos en Mosc\u00fa, y asegur\u00f3 En Sonora en Equipo publicamos toda la informaci\u00f3n de Sonora, M\u00e9xico y el Mundo de manera oportuna y busca que la libertad de expresi\u00f3n sea real. Visita nuestro medio informativo publicado desde Hermosillo, Sonora. %","og_url":"https:\/\/www.sonoraenequipo.com.mx\/putin-promete-castigar-a-los-culpables-del-atentado-en-moscu-que-dejo-133-muertos\/","og_site_name":"Sonora en Equipo.","article_publisher":"https:\/\/www.facebook.com\/SonoraEE\/","article_author":"https:\/\/www.facebook.com\/SonoraEE","article_published_time":"2024-03-23T17:08:16+00:00","article_modified_time":"2024-03-24T03:52:37+00:00","og_image":[{"width":900,"height":474,"url":"https:\/\/www.sonoraenequipo.com.mx\/storage\/2024\/03\/VladimirPutin_AFP-min.jpg","type":"image\/jpeg"}],"author":"enequipo","twitter_card":"summary_large_image","twitter_creator":"@sonoraenequipo","twitter_site":"@sonoraenequipo","twitter_misc":{"Escrito por":"enequipo","Tiempo de lectura":"4 minutos"},"schema":{"@context":"https:\/\/schema.org","@graph":[{"@type":"Article","@id":"https:\/\/www.sonoraenequipo.com.mx\/putin-promete-castigar-a-los-culpables-del-atentado-en-moscu-que-dejo-133-muertos\/#article","isPartOf":{"@id":"https:\/\/www.sonoraenequipo.com.mx\/putin-promete-castigar-a-los-culpables-del-atentado-en-moscu-que-dejo-133-muertos\/"},"author":{"name":"enequipo","@id":"https:\/\/www.sonoraenequipo.com.mx\/#\/schema\/person\/50102df0fb23a8fa9e8effad8fa81386"},"headline":"Putin promete castigar a los culpables del atentado en Mosc\u00fa que dej\u00f3 133 muertos","datePublished":"2024-03-23T17:08:16+00:00","dateModified":"2024-03-24T03:52:37+00:00","mainEntityOfPage":{"@id":"https:\/\/www.sonoraenequipo.com.mx\/putin-promete-castigar-a-los-culpables-del-atentado-en-moscu-que-dejo-133-muertos\/"},"wordCount":788,"commentCount":0,"publisher":{"@id":"https:\/\/www.sonoraenequipo.com.mx\/#organization"},"image":{"@id":"https:\/\/www.sonoraenequipo.com.mx\/putin-promete-castigar-a-los-culpables-del-atentado-en-moscu-que-dejo-133-muertos\/#primaryimage"},"thumbnailUrl":"https:\/\/www.sonoraenequipo.com.mx\/storage\/2024\/03\/VladimirPutin_AFP-min.jpg","articleSection":["MUNDO"],"inLanguage":"es","potentialAction":[{"@type":"CommentAction","name":"Comment","target":["https:\/\/www.sonoraenequipo.com.mx\/putin-promete-castigar-a-los-culpables-del-atentado-en-moscu-que-dejo-133-muertos\/#respond"]}]},{"@type":"WebPage","@id":"https:\/\/www.sonoraenequipo.com.mx\/putin-promete-castigar-a-los-culpables-del-atentado-en-moscu-que-dejo-133-muertos\/","url":"https:\/\/www.sonoraenequipo.com.mx\/putin-promete-castigar-a-los-culpables-del-atentado-en-moscu-que-dejo-133-muertos\/","name":"Sonora en Equipo. Putin promete castigar a los culpables del atentado en Mosc\u00fa que dej\u00f3 133 muertos MUNDO","isPartOf":{"@id":"https:\/\/www.sonoraenequipo.com.mx\/#website"},"primaryImageOfPage":{"@id":"https:\/\/www.sonoraenequipo.com.mx\/putin-promete-castigar-a-los-culpables-del-atentado-en-moscu-que-dejo-133-muertos\/#primaryimage"},"image":{"@id":"https:\/\/www.sonoraenequipo.com.mx\/putin-promete-castigar-a-los-culpables-del-atentado-en-moscu-que-dejo-133-muertos\/#primaryimage"},"thumbnailUrl":"https:\/\/www.sonoraenequipo.com.mx\/storage\/2024\/03\/VladimirPutin_AFP-min.jpg","datePublished":"2024-03-23T17:08:16+00:00","dateModified":"2024-03-24T03:52:37+00:00","description":"MOSC\u00da, RUSIA. \u2014 Vladimir Putin prometi\u00f3 el s\u00e1bado \u201ccastigar\u201d a los responsables del atentado que dej\u00f3 la v\u00edspera al menos 133 muertos en Mosc\u00fa, y asegur\u00f3 En Sonora en Equipo publicamos toda la informaci\u00f3n de Sonora, M\u00e9xico y el Mundo de manera oportuna y busca que la libertad de expresi\u00f3n sea real. Visita nuestro medio informativo publicado desde Hermosillo, Sonora. %","breadcrumb":{"@id":"https:\/\/www.sonoraenequipo.com.mx\/putin-promete-castigar-a-los-culpables-del-atentado-en-moscu-que-dejo-133-muertos\/#breadcrumb"},"inLanguage":"es","potentialAction":[{"@type":"ReadAction","target":["https:\/\/www.sonoraenequipo.com.mx\/putin-promete-castigar-a-los-culpables-del-atentado-en-moscu-que-dejo-133-muertos\/"]}]},{"@type":"ImageObject","inLanguage":"es","@id":"https:\/\/www.sonoraenequipo.com.mx\/putin-promete-castigar-a-los-culpables-del-atentado-en-moscu-que-dejo-133-muertos\/#primaryimage","url":"https:\/\/www.sonoraenequipo.com.mx\/storage\/2024\/03\/VladimirPutin_AFP-min.jpg","contentUrl":"https:\/\/www.sonoraenequipo.com.mx\/storage\/2024\/03\/VladimirPutin_AFP-min.jpg","width":900,"height":474},{"@type":"BreadcrumbList","@id":"https:\/\/www.sonoraenequipo.com.mx\/putin-promete-castigar-a-los-culpables-del-atentado-en-moscu-que-dejo-133-muertos\/#breadcrumb","itemListElement":[{"@type":"ListItem","position":1,"name":"Portada","item":"https:\/\/www.sonoraenequipo.com.mx\/"},{"@type":"ListItem","position":2,"name":"Putin promete castigar a los culpables del atentado en Mosc\u00fa que dej\u00f3 133 muertos"}]},{"@type":"WebSite","@id":"https:\/\/www.sonoraenequipo.com.mx\/#website","url":"https:\/\/www.sonoraenequipo.com.mx\/","name":"Sonora en Equipo.","description":"Diario en l\u00ednea con Noticias desde Hermosillo, Sonora","publisher":{"@id":"https:\/\/www.sonoraenequipo.com.mx\/#organization"},"potentialAction":[{"@type":"SearchAction","target":{"@type":"EntryPoint","urlTemplate":"https:\/\/www.sonoraenequipo.com.mx\/?s={search_term_string}"},"query-input":{"@type":"PropertyValueSpecification","valueRequired":true,"valueName":"search_term_string"}}],"inLanguage":"es"},{"@type":"Organization","@id":"https:\/\/www.sonoraenequipo.com.mx\/#organization","name":"Sonoraenequipo.com.mx","url":"https:\/\/www.sonoraenequipo.com.mx\/","logo":{"@type":"ImageObject","inLanguage":"es","@id":"https:\/\/www.sonoraenequipo.com.mx\/#\/schema\/logo\/image\/","url":"https:\/\/www.sonoraenequipo.com.mx\/storage\/2019\/01\/sonoraenequipo_opt.png","contentUrl":"https:\/\/www.sonoraenequipo.com.mx\/storage\/2019\/01\/sonoraenequipo_opt.png","width":375,"height":125,"caption":"Sonoraenequipo.com.mx"},"image":{"@id":"https:\/\/www.sonoraenequipo.com.mx\/#\/schema\/logo\/image\/"},"sameAs":["https:\/\/www.facebook.com\/SonoraEE\/","https:\/\/x.com\/sonoraenequipo","https:\/\/www.youtube.com\/channel\/UC338nW-lPEYmJQs4ZABQ1SQ"]},{"@type":"Person","@id":"https:\/\/www.sonoraenequipo.com.mx\/#\/schema\/person\/50102df0fb23a8fa9e8effad8fa81386","name":"enequipo","image":{"@type":"ImageObject","inLanguage":"es","@id":"https:\/\/www.sonoraenequipo.com.mx\/#\/schema\/person\/image\/","url":"https:\/\/secure.gravatar.com\/avatar\/049821681b589dabc0bc20695993ccebb09f5b5d4d790cd9251b97faac7c652b?s=96&d=blank&r=g","contentUrl":"https:\/\/secure.gravatar.com\/avatar\/049821681b589dabc0bc20695993ccebb09f5b5d4d790cd9251b97faac7c652b?s=96&d=blank&r=g","caption":"enequipo"},"sameAs":["https:\/\/www.facebook.com\/SonoraEE"]}]}},"jetpack_featured_media_url":"https:\/\/www.sonoraenequipo.com.mx\/storage\/2024\/03\/VladimirPutin_AFP-min.jpg","_links":{"self":[{"href":"https:\/\/www.sonoraenequipo.com.mx\/api\/wp\/v2\/posts\/186184","targetHints":{"allow":["GET"]}}],"collection":[{"href":"https:\/\/www.sonoraenequipo.com.mx\/api\/wp\/v2\/posts"}],"about":[{"href":"https:\/\/www.sonoraenequipo.com.mx\/api\/wp\/v2\/types\/post"}],"author":[{"embeddable":true,"href":"https:\/\/www.sonoraenequipo.com.mx\/api\/wp\/v2\/users\/1"}],"replies":[{"embeddable":true,"href":"https:\/\/www.sonoraenequipo.com.mx\/api\/wp\/v2\/comments?post=186184"}],"version-history":[{"count":2,"href":"https:\/\/www.sonoraenequipo.com.mx\/api\/wp\/v2\/posts\/186184\/revisions"}],"predecessor-version":[{"id":186186,"href":"https:\/\/www.sonoraenequipo.com.mx\/api\/wp\/v2\/posts\/186184\/revisions\/186186"}],"wp:featuredmedia":[{"embeddable":true,"href":"https:\/\/www.sonoraenequipo.com.mx\/api\/wp\/v2\/media\/186163"}],"wp:attachment":[{"href":"https:\/\/www.sonoraenequipo.com.mx\/api\/wp\/v2\/media?parent=186184"}],"wp:term":[{"taxonomy":"category","embeddable":true,"href":"https:\/\/www.sonoraenequipo.com.mx\/api\/wp\/v2\/categories?post=186184"},{"taxonomy":"post_tag","embeddable":true,"href":"https:\/\/www.sonoraenequipo.com.mx\/api\/wp\/v2\/tags?post=186184"}],"curies":[{"name":"wp","href":"https:\/\/api.w.org\/{rel}","templated":true}]}}