{"id":186187,"date":"2024-03-23T10:28:00","date_gmt":"2024-03-23T17:28:00","guid":{"rendered":"https:\/\/www.sonoraenequipo.com.mx\/?p=186187"},"modified":"2024-03-23T20:58:59","modified_gmt":"2024-03-24T03:58:59","slug":"vamos-a-ganar-el-debate-sheinbaum-sobre-el-primero-de-3-ejercicios-previo-a-la-eleccion","status":"publish","type":"post","link":"https:\/\/www.sonoraenequipo.com.mx\/vamos-a-ganar-el-debate-sheinbaum-sobre-el-primero-de-3-ejercicios-previo-a-la-eleccion\/","title":{"rendered":"\u201cVamos a ganar el debate\u201d: Sheinbaum sobre el primero de 3 ejercicios previo a la elecci\u00f3n"},"content":{"rendered":"<p><strong>SALTILLO, COAHUILA.MX. \u2014<\/strong> Claudia Sheinbaum, candidata presidencial de Morena asegur\u00f3 que ella va a ganar el primero de 3 debates previo a la votaci\u00f3n del 2 de junio.<\/p>\n<p>Lo anterior, en conferencia de prensa desde Saltillo, Coahuila, desde donde dijo que:<\/p>\n<p><em><strong>\u201cVamos a ganar el debate, as\u00ed hablemos primero, en medio o al final, vamos a ganar el debate, porque tenemos propuesta, porque tenemos la cercan\u00eda con el pueblo de M\u00e9xico\u2019\u2019.<\/strong><\/em><\/p>\n<p>Esto, debido a que el Instituto Nacional Electoral (INE) defini\u00f3 ayer el orden de participaci\u00f3n de los candidatos y moderadores en del debate <em><strong>\u201cLa sociedad que queremos<\/strong><\/em>\u201d que tendr\u00e1 lugar el 7 de abril.<\/p>\n<p>Sheinbaum Pardo abrir\u00e1 la sesi\u00f3n, seguida del emecista Jorge \u00c1lvarez M\u00e1ynez y cerrar\u00e1 X\u00f3chitl G\u00e1lvez, aspirante de la alianza \u2018Fuerza y Coraz\u00f3n por M\u00e9xico\u2019 (PAN, PRI y PRD).<\/p>\n<p>Adem\u00e1s de hablar del debate, la aspirante de \u201cSigamos Haciendo Historia\u201d asegur\u00f3 que en la entidad continuar\u00e1 el proyecto \u201cAgua Saludable\u201d:<\/p>\n<p><strong><em>\u2019\u2019Coahuila tiene un potencial enorme para la atracci\u00f3n de inversiones, pero tenemos que resolver el problema de infraestructura y particularmente de agua y en el caso del agua no solo es nuevas fuentes de abastecimiento sino tambi\u00e9n un reordenamiento de lo que se usa en el riego agr\u00edcola\u201d.<\/em><\/strong><\/p>\n<blockquote class=\"twitter-tweet\" data-width=\"550\" data-dnt=\"true\">\n<p lang=\"es\" dir=\"ltr\">Dejamos Nuevo Le\u00f3n, me voy muy contenta por todo el amor y expresiones de cari\u00f1o, que nos demostraron en estos tres d\u00edas. Tomamos carretera rumbo a Coahuila, hoy estaremos en: Ramos, Arizpe, Monclova y San Pedro; ma\u00f1ana en Torre\u00f3n. \u00a1Seguimos! \u2764\ufe0f <a href=\"https:\/\/t.co\/LOj1JH8pLL\">pic.twitter.com\/LOj1JH8pLL<\/a><\/p>\n<p>&mdash; Claudia Sheinbaum Pardo (@Claudiashein) <a href=\"https:\/\/twitter.com\/Claudiashein\/status\/1771575316353273975?ref_src=twsrc%5Etfw\">March 23, 2024<\/a><\/p><\/blockquote>\n<p><script async src=\"https:\/\/platform.twitter.com\/widgets.js\" charset=\"utf-8\"><\/script><\/p>\n<p>Adem\u00e1s, subray\u00f3 que el proyecto que ella encabeza lograr\u00e1 la presidencia pese a lo que calific\u00f3 como<em><strong> \u201cGuerra Sucia\u201d<\/strong><\/em> por parte de la Oposici\u00f3n:<\/p>\n<p><strong><em>\u2019\u2019Las campa\u00f1as sucias, la guerra sucia que han promovido desde la oposici\u00f3n, desde el Frente, desde el PRIAN no ha tenido resultados, el pueblo de M\u00e9xico est\u00e1 mucho m\u00e1s despierto, entonces esta campa\u00f1a contra el presidente, contra m\u00ed que pensaron que nos iba a afectar, al contrario, el pueblo de M\u00e9xico dijo: \u2018Eso no queremos, no queremos guerras sucias, campa\u00f1as de lodo, lo que queremos son propuestas\u2019 y muestra el despertar de la gente\u2019\u2019.<\/em><\/strong><\/p>\n<p>Sheinbaum Pardo realiza este fin de semana una gira de trabajo por Coahuila; hoy estar\u00e1 tambi\u00e9n en Ramos, Arizpe, Monclova y San Pedro, y ma\u00f1ana en Torre\u00f3n.<\/p>\n<p>PUBLICADO EL 23 DE MARZO DE 2024 Con informaci\u00f3n de Luis Vald\u00e9s)<\/p>\n","protected":false},"excerpt":{"rendered":"<p>SALTILLO, COAHUILA.MX. \u2014 Claudia Sheinbaum, candidata presidencial de Morena asegur\u00f3 que ella va a ganar&#8230;<\/p>\n","protected":false},"author":1,"featured_media":186178,"comment_status":"open","ping_status":"open","sticky":false,"template":"","format":"standard","meta":{"_monsterinsights_skip_tracking":false,"_monsterinsights_sitenote_active":false,"_monsterinsights_sitenote_note":"","_monsterinsights_sitenote_category":0,"footnotes":""},"categories":[5],"tags":[],"class_list":["post"],"yoast_head":" \n<title>Sonora en Equipo. \u201cVamos a ganar el debate\u201d: Sheinbaum sobre el primero de 3 ejercicios previo a la elecci\u00f3n Rep\u00fablica<\/title>\n<meta name=\"description\" content=\"SALTILLO, COAHUILA.MX. \u2014 Claudia Sheinbaum, candidata presidencial de Morena asegur\u00f3 que ella va a ganar el primero de 3 debates previo a la votaci\u00f3n del En Sonora en Equipo publicamos toda la informaci\u00f3n de Sonora, M\u00e9xico y el Mundo de manera oportuna y busca que la libertad de expresi\u00f3n sea real. Visita nuestro medio informativo publicado desde Hermosillo, Sonora. %\" \/>\n<meta name=\"robots\" content=\"index, follow, max-snippet:-1, max-image-preview:large, max-video-preview:-1\" \/>\n<link rel=\"canonical\" href=\"https:\/\/www.sonoraenequipo.com.mx\/vamos-a-ganar-el-debate-sheinbaum-sobre-el-primero-de-3-ejercicios-previo-a-la-eleccion\/\" \/>\n<meta property=\"og:locale\" content=\"es_ES\" \/>\n<meta property=\"og:type\" content=\"article\" \/>\n<meta property=\"og:title\" content=\"Sonora en Equipo. \u201cVamos a ganar el debate\u201d: Sheinbaum sobre el primero de 3 ejercicios previo a la elecci\u00f3n Rep\u00fablica\" \/>\n<meta property=\"og:description\" content=\"SALTILLO, COAHUILA.MX. \u2014 Claudia Sheinbaum, candidata presidencial de Morena asegur\u00f3 que ella va a ganar el primero de 3 debates previo a la votaci\u00f3n del En Sonora en Equipo publicamos toda la informaci\u00f3n de Sonora, M\u00e9xico y el Mundo de manera oportuna y busca que la libertad de expresi\u00f3n sea real. Visita nuestro medio informativo publicado desde Hermosillo, Sonora. %\" \/>\n<meta property=\"og:url\" content=\"https:\/\/www.sonoraenequipo.com.mx\/vamos-a-ganar-el-debate-sheinbaum-sobre-el-primero-de-3-ejercicios-previo-a-la-eleccion\/\" \/>\n<meta property=\"og:site_name\" content=\"Sonora en Equipo.\" \/>\n<meta property=\"article:publisher\" content=\"https:\/\/www.facebook.com\/SonoraEE\/\" \/>\n<meta property=\"article:author\" content=\"https:\/\/www.facebook.com\/SonoraEE\" \/>\n<meta property=\"article:published_time\" content=\"2024-03-23T17:28:00+00:00\" \/>\n<meta property=\"article:modified_time\" content=\"2024-03-24T03:58:59+00:00\" \/>\n<meta property=\"og:image\" content=\"https:\/\/www.sonoraenequipo.com.mx\/storage\/2024\/03\/Claudia-Sheinbaum-Pardo.-candidata-min.jpg\" \/>\n\t<meta property=\"og:image:width\" content=\"900\" \/>\n\t<meta property=\"og:image:height\" content=\"506\" \/>\n\t<meta property=\"og:image:type\" content=\"image\/jpeg\" \/>\n<meta name=\"author\" content=\"enequipo\" \/>\n<meta name=\"twitter:card\" content=\"summary_large_image\" \/>\n<meta name=\"twitter:creator\" content=\"@sonoraenequipo\" \/>\n<meta name=\"twitter:site\" content=\"@sonoraenequipo\" \/>\n<meta name=\"twitter:label1\" content=\"Escrito por\" \/>\n\t<meta name=\"twitter:data1\" content=\"enequipo\" \/>\n\t<meta name=\"twitter:label2\" content=\"Tiempo de lectura\" \/>\n\t<meta name=\"twitter:data2\" content=\"2 minutos\" \/>\n<script type=\"application\/ld+json\" class=\"yoast-schema-graph\">{\"@context\":\"https:\/\/schema.org\",\"@graph\":[{\"@type\":\"Article\",\"@id\":\"https:\/\/www.sonoraenequipo.com.mx\/vamos-a-ganar-el-debate-sheinbaum-sobre-el-primero-de-3-ejercicios-previo-a-la-eleccion\/#article\",\"isPartOf\":{\"@id\":\"https:\/\/www.sonoraenequipo.com.mx\/vamos-a-ganar-el-debate-sheinbaum-sobre-el-primero-de-3-ejercicios-previo-a-la-eleccion\/\"},\"author\":{\"name\":\"enequipo\",\"@id\":\"https:\/\/www.sonoraenequipo.com.mx\/#\/schema\/person\/50102df0fb23a8fa9e8effad8fa81386\"},\"headline\":\"\u201cVamos a ganar el debate\u201d: Sheinbaum sobre el primero de 3 ejercicios previo a la elecci\u00f3n\",\"datePublished\":\"2024-03-23T17:28:00+00:00\",\"dateModified\":\"2024-03-24T03:58:59+00:00\",\"mainEntityOfPage\":{\"@id\":\"https:\/\/www.sonoraenequipo.com.mx\/vamos-a-ganar-el-debate-sheinbaum-sobre-el-primero-de-3-ejercicios-previo-a-la-eleccion\/\"},\"wordCount\":383,\"commentCount\":0,\"publisher\":{\"@id\":\"https:\/\/www.sonoraenequipo.com.mx\/#organization\"},\"image\":{\"@id\":\"https:\/\/www.sonoraenequipo.com.mx\/vamos-a-ganar-el-debate-sheinbaum-sobre-el-primero-de-3-ejercicios-previo-a-la-eleccion\/#primaryimage\"},\"thumbnailUrl\":\"https:\/\/www.sonoraenequipo.com.mx\/storage\/2024\/03\/Claudia-Sheinbaum-Pardo.-candidata-min.jpg\",\"articleSection\":[\"Rep\u00fablica\"],\"inLanguage\":\"es\",\"potentialAction\":[{\"@type\":\"CommentAction\",\"name\":\"Comment\",\"target\":[\"https:\/\/www.sonoraenequipo.com.mx\/vamos-a-ganar-el-debate-sheinbaum-sobre-el-primero-de-3-ejercicios-previo-a-la-eleccion\/#respond\"]}]},{\"@type\":\"WebPage\",\"@id\":\"https:\/\/www.sonoraenequipo.com.mx\/vamos-a-ganar-el-debate-sheinbaum-sobre-el-primero-de-3-ejercicios-previo-a-la-eleccion\/\",\"url\":\"https:\/\/www.sonoraenequipo.com.mx\/vamos-a-ganar-el-debate-sheinbaum-sobre-el-primero-de-3-ejercicios-previo-a-la-eleccion\/\",\"name\":\"Sonora en Equipo. \u201cVamos a ganar el debate\u201d: Sheinbaum sobre el primero de 3 ejercicios previo a la elecci\u00f3n Rep\u00fablica\",\"isPartOf\":{\"@id\":\"https:\/\/www.sonoraenequipo.com.mx\/#website\"},\"primaryImageOfPage\":{\"@id\":\"https:\/\/www.sonoraenequipo.com.mx\/vamos-a-ganar-el-debate-sheinbaum-sobre-el-primero-de-3-ejercicios-previo-a-la-eleccion\/#primaryimage\"},\"image\":{\"@id\":\"https:\/\/www.sonoraenequipo.com.mx\/vamos-a-ganar-el-debate-sheinbaum-sobre-el-primero-de-3-ejercicios-previo-a-la-eleccion\/#primaryimage\"},\"thumbnailUrl\":\"https:\/\/www.sonoraenequipo.com.mx\/storage\/2024\/03\/Claudia-Sheinbaum-Pardo.-candidata-min.jpg\",\"datePublished\":\"2024-03-23T17:28:00+00:00\",\"dateModified\":\"2024-03-24T03:58:59+00:00\",\"description\":\"SALTILLO, COAHUILA.MX. \u2014 Claudia Sheinbaum, candidata presidencial de Morena asegur\u00f3 que ella va a ganar el primero de 3 debates previo a la votaci\u00f3n del En Sonora en Equipo publicamos toda la informaci\u00f3n de Sonora, M\u00e9xico y el Mundo de manera oportuna y busca que la libertad de expresi\u00f3n sea real. Visita nuestro medio informativo publicado desde Hermosillo, Sonora. %\",\"breadcrumb\":{\"@id\":\"https:\/\/www.sonoraenequipo.com.mx\/vamos-a-ganar-el-debate-sheinbaum-sobre-el-primero-de-3-ejercicios-previo-a-la-eleccion\/#breadcrumb\"},\"inLanguage\":\"es\",\"potentialAction\":[{\"@type\":\"ReadAction\",\"target\":[\"https:\/\/www.sonoraenequipo.com.mx\/vamos-a-ganar-el-debate-sheinbaum-sobre-el-primero-de-3-ejercicios-previo-a-la-eleccion\/\"]}]},{\"@type\":\"ImageObject\",\"inLanguage\":\"es\",\"@id\":\"https:\/\/www.sonoraenequipo.com.mx\/vamos-a-ganar-el-debate-sheinbaum-sobre-el-primero-de-3-ejercicios-previo-a-la-eleccion\/#primaryimage\",\"url\":\"https:\/\/www.sonoraenequipo.com.mx\/storage\/2024\/03\/Claudia-Sheinbaum-Pardo.-candidata-min.jpg\",\"contentUrl\":\"https:\/\/www.sonoraenequipo.com.mx\/storage\/2024\/03\/Claudia-Sheinbaum-Pardo.-candidata-min.jpg\",\"width\":900,\"height\":506},{\"@type\":\"BreadcrumbList\",\"@id\":\"https:\/\/www.sonoraenequipo.com.mx\/vamos-a-ganar-el-debate-sheinbaum-sobre-el-primero-de-3-ejercicios-previo-a-la-eleccion\/#breadcrumb\",\"itemListElement\":[{\"@type\":\"ListItem\",\"position\":1,\"name\":\"Portada\",\"item\":\"https:\/\/www.sonoraenequipo.com.mx\/\"},{\"@type\":\"ListItem\",\"position\":2,\"name\":\"\u201cVamos a ganar el debate\u201d: Sheinbaum sobre el primero de 3 ejercicios previo a la elecci\u00f3n\"}]},{\"@type\":\"WebSite\",\"@id\":\"https:\/\/www.sonoraenequipo.com.mx\/#website\",\"url\":\"https:\/\/www.sonoraenequipo.com.mx\/\",\"name\":\"Sonora en Equipo.\",\"description\":\"Diario en l\u00ednea con Noticias desde Hermosillo, Sonora\",\"publisher\":{\"@id\":\"https:\/\/www.sonoraenequipo.com.mx\/#organization\"},\"potentialAction\":[{\"@type\":\"SearchAction\",\"target\":{\"@type\":\"EntryPoint\",\"urlTemplate\":\"https:\/\/www.sonoraenequipo.com.mx\/?s={search_term_string}\"},\"query-input\":{\"@type\":\"PropertyValueSpecification\",\"valueRequired\":true,\"valueName\":\"search_term_string\"}}],\"inLanguage\":\"es\"},{\"@type\":\"Organization\",\"@id\":\"https:\/\/www.sonoraenequipo.com.mx\/#organization\",\"name\":\"Sonoraenequipo.com.mx\",\"url\":\"https:\/\/www.sonoraenequipo.com.mx\/\",\"logo\":{\"@type\":\"ImageObject\",\"inLanguage\":\"es\",\"@id\":\"https:\/\/www.sonoraenequipo.com.mx\/#\/schema\/logo\/image\/\",\"url\":\"https:\/\/www.sonoraenequipo.com.mx\/storage\/2019\/01\/sonoraenequipo_opt.png\",\"contentUrl\":\"https:\/\/www.sonoraenequipo.com.mx\/storage\/2019\/01\/sonoraenequipo_opt.png\",\"width\":375,\"height\":125,\"caption\":\"Sonoraenequipo.com.mx\"},\"image\":{\"@id\":\"https:\/\/www.sonoraenequipo.com.mx\/#\/schema\/logo\/image\/\"},\"sameAs\":[\"https:\/\/www.facebook.com\/SonoraEE\/\",\"https:\/\/x.com\/sonoraenequipo\",\"https:\/\/www.youtube.com\/channel\/UC338nW-lPEYmJQs4ZABQ1SQ\"]},{\"@type\":\"Person\",\"@id\":\"https:\/\/www.sonoraenequipo.com.mx\/#\/schema\/person\/50102df0fb23a8fa9e8effad8fa81386\",\"name\":\"enequipo\",\"image\":{\"@type\":\"ImageObject\",\"inLanguage\":\"es\",\"@id\":\"https:\/\/www.sonoraenequipo.com.mx\/#\/schema\/person\/image\/\",\"url\":\"https:\/\/secure.gravatar.com\/avatar\/049821681b589dabc0bc20695993ccebb09f5b5d4d790cd9251b97faac7c652b?s=96&d=blank&r=g\",\"contentUrl\":\"https:\/\/secure.gravatar.com\/avatar\/049821681b589dabc0bc20695993ccebb09f5b5d4d790cd9251b97faac7c652b?s=96&d=blank&r=g\",\"caption\":\"enequipo\"},\"sameAs\":[\"https:\/\/www.facebook.com\/SonoraEE\"]}]}<\/script>\n ","yoast_head_json":{"title":"Sonora en Equipo. \u201cVamos a ganar el debate\u201d: Sheinbaum sobre el primero de 3 ejercicios previo a la elecci\u00f3n Rep\u00fablica","description":"SALTILLO, COAHUILA.MX. \u2014 Claudia Sheinbaum, candidata presidencial de Morena asegur\u00f3 que ella va a ganar el primero de 3 debates previo a la votaci\u00f3n del En Sonora en Equipo publicamos toda la informaci\u00f3n de Sonora, M\u00e9xico y el Mundo de manera oportuna y busca que la libertad de expresi\u00f3n sea real. Visita nuestro medio informativo publicado desde Hermosillo, Sonora. %","robots":{"index":"index","follow":"follow","max-snippet":"max-snippet:-1","max-image-preview":"max-image-preview:large","max-video-preview":"max-video-preview:-1"},"canonical":"https:\/\/www.sonoraenequipo.com.mx\/vamos-a-ganar-el-debate-sheinbaum-sobre-el-primero-de-3-ejercicios-previo-a-la-eleccion\/","og_locale":"es_ES","og_type":"article","og_title":"Sonora en Equipo. \u201cVamos a ganar el debate\u201d: Sheinbaum sobre el primero de 3 ejercicios previo a la elecci\u00f3n Rep\u00fablica","og_description":"SALTILLO, COAHUILA.MX. \u2014 Claudia Sheinbaum, candidata presidencial de Morena asegur\u00f3 que ella va a ganar el primero de 3 debates previo a la votaci\u00f3n del En Sonora en Equipo publicamos toda la informaci\u00f3n de Sonora, M\u00e9xico y el Mundo de manera oportuna y busca que la libertad de expresi\u00f3n sea real. Visita nuestro medio informativo publicado desde Hermosillo, Sonora. %","og_url":"https:\/\/www.sonoraenequipo.com.mx\/vamos-a-ganar-el-debate-sheinbaum-sobre-el-primero-de-3-ejercicios-previo-a-la-eleccion\/","og_site_name":"Sonora en Equipo.","article_publisher":"https:\/\/www.facebook.com\/SonoraEE\/","article_author":"https:\/\/www.facebook.com\/SonoraEE","article_published_time":"2024-03-23T17:28:00+00:00","article_modified_time":"2024-03-24T03:58:59+00:00","og_image":[{"width":900,"height":506,"url":"https:\/\/www.sonoraenequipo.com.mx\/storage\/2024\/03\/Claudia-Sheinbaum-Pardo.-candidata-min.jpg","type":"image\/jpeg"}],"author":"enequipo","twitter_card":"summary_large_image","twitter_creator":"@sonoraenequipo","twitter_site":"@sonoraenequipo","twitter_misc":{"Escrito por":"enequipo","Tiempo de lectura":"2 minutos"},"schema":{"@context":"https:\/\/schema.org","@graph":[{"@type":"Article","@id":"https:\/\/www.sonoraenequipo.com.mx\/vamos-a-ganar-el-debate-sheinbaum-sobre-el-primero-de-3-ejercicios-previo-a-la-eleccion\/#article","isPartOf":{"@id":"https:\/\/www.sonoraenequipo.com.mx\/vamos-a-ganar-el-debate-sheinbaum-sobre-el-primero-de-3-ejercicios-previo-a-la-eleccion\/"},"author":{"name":"enequipo","@id":"https:\/\/www.sonoraenequipo.com.mx\/#\/schema\/person\/50102df0fb23a8fa9e8effad8fa81386"},"headline":"\u201cVamos a ganar el debate\u201d: Sheinbaum sobre el primero de 3 ejercicios previo a la elecci\u00f3n","datePublished":"2024-03-23T17:28:00+00:00","dateModified":"2024-03-24T03:58:59+00:00","mainEntityOfPage":{"@id":"https:\/\/www.sonoraenequipo.com.mx\/vamos-a-ganar-el-debate-sheinbaum-sobre-el-primero-de-3-ejercicios-previo-a-la-eleccion\/"},"wordCount":383,"commentCount":0,"publisher":{"@id":"https:\/\/www.sonoraenequipo.com.mx\/#organization"},"image":{"@id":"https:\/\/www.sonoraenequipo.com.mx\/vamos-a-ganar-el-debate-sheinbaum-sobre-el-primero-de-3-ejercicios-previo-a-la-eleccion\/#primaryimage"},"thumbnailUrl":"https:\/\/www.sonoraenequipo.com.mx\/storage\/2024\/03\/Claudia-Sheinbaum-Pardo.-candidata-min.jpg","articleSection":["Rep\u00fablica"],"inLanguage":"es","potentialAction":[{"@type":"CommentAction","name":"Comment","target":["https:\/\/www.sonoraenequipo.com.mx\/vamos-a-ganar-el-debate-sheinbaum-sobre-el-primero-de-3-ejercicios-previo-a-la-eleccion\/#respond"]}]},{"@type":"WebPage","@id":"https:\/\/www.sonoraenequipo.com.mx\/vamos-a-ganar-el-debate-sheinbaum-sobre-el-primero-de-3-ejercicios-previo-a-la-eleccion\/","url":"https:\/\/www.sonoraenequipo.com.mx\/vamos-a-ganar-el-debate-sheinbaum-sobre-el-primero-de-3-ejercicios-previo-a-la-eleccion\/","name":"Sonora en Equipo. \u201cVamos a ganar el debate\u201d: Sheinbaum sobre el primero de 3 ejercicios previo a la elecci\u00f3n Rep\u00fablica","isPartOf":{"@id":"https:\/\/www.sonoraenequipo.com.mx\/#website"},"primaryImageOfPage":{"@id":"https:\/\/www.sonoraenequipo.com.mx\/vamos-a-ganar-el-debate-sheinbaum-sobre-el-primero-de-3-ejercicios-previo-a-la-eleccion\/#primaryimage"},"image":{"@id":"https:\/\/www.sonoraenequipo.com.mx\/vamos-a-ganar-el-debate-sheinbaum-sobre-el-primero-de-3-ejercicios-previo-a-la-eleccion\/#primaryimage"},"thumbnailUrl":"https:\/\/www.sonoraenequipo.com.mx\/storage\/2024\/03\/Claudia-Sheinbaum-Pardo.-candidata-min.jpg","datePublished":"2024-03-23T17:28:00+00:00","dateModified":"2024-03-24T03:58:59+00:00","description":"SALTILLO, COAHUILA.MX. \u2014 Claudia Sheinbaum, candidata presidencial de Morena asegur\u00f3 que ella va a ganar el primero de 3 debates previo a la votaci\u00f3n del En Sonora en Equipo publicamos toda la informaci\u00f3n de Sonora, M\u00e9xico y el Mundo de manera oportuna y busca que la libertad de expresi\u00f3n sea real. Visita nuestro medio informativo publicado desde Hermosillo, Sonora. %","breadcrumb":{"@id":"https:\/\/www.sonoraenequipo.com.mx\/vamos-a-ganar-el-debate-sheinbaum-sobre-el-primero-de-3-ejercicios-previo-a-la-eleccion\/#breadcrumb"},"inLanguage":"es","potentialAction":[{"@type":"ReadAction","target":["https:\/\/www.sonoraenequipo.com.mx\/vamos-a-ganar-el-debate-sheinbaum-sobre-el-primero-de-3-ejercicios-previo-a-la-eleccion\/"]}]},{"@type":"ImageObject","inLanguage":"es","@id":"https:\/\/www.sonoraenequipo.com.mx\/vamos-a-ganar-el-debate-sheinbaum-sobre-el-primero-de-3-ejercicios-previo-a-la-eleccion\/#primaryimage","url":"https:\/\/www.sonoraenequipo.com.mx\/storage\/2024\/03\/Claudia-Sheinbaum-Pardo.-candidata-min.jpg","contentUrl":"https:\/\/www.sonoraenequipo.com.mx\/storage\/2024\/03\/Claudia-Sheinbaum-Pardo.-candidata-min.jpg","width":900,"height":506},{"@type":"BreadcrumbList","@id":"https:\/\/www.sonoraenequipo.com.mx\/vamos-a-ganar-el-debate-sheinbaum-sobre-el-primero-de-3-ejercicios-previo-a-la-eleccion\/#breadcrumb","itemListElement":[{"@type":"ListItem","position":1,"name":"Portada","item":"https:\/\/www.sonoraenequipo.com.mx\/"},{"@type":"ListItem","position":2,"name":"\u201cVamos a ganar el debate\u201d: Sheinbaum sobre el primero de 3 ejercicios previo a la elecci\u00f3n"}]},{"@type":"WebSite","@id":"https:\/\/www.sonoraenequipo.com.mx\/#website","url":"https:\/\/www.sonoraenequipo.com.mx\/","name":"Sonora en Equipo.","description":"Diario en l\u00ednea con Noticias desde Hermosillo, Sonora","publisher":{"@id":"https:\/\/www.sonoraenequipo.com.mx\/#organization"},"potentialAction":[{"@type":"SearchAction","target":{"@type":"EntryPoint","urlTemplate":"https:\/\/www.sonoraenequipo.com.mx\/?s={search_term_string}"},"query-input":{"@type":"PropertyValueSpecification","valueRequired":true,"valueName":"search_term_string"}}],"inLanguage":"es"},{"@type":"Organization","@id":"https:\/\/www.sonoraenequipo.com.mx\/#organization","name":"Sonoraenequipo.com.mx","url":"https:\/\/www.sonoraenequipo.com.mx\/","logo":{"@type":"ImageObject","inLanguage":"es","@id":"https:\/\/www.sonoraenequipo.com.mx\/#\/schema\/logo\/image\/","url":"https:\/\/www.sonoraenequipo.com.mx\/storage\/2019\/01\/sonoraenequipo_opt.png","contentUrl":"https:\/\/www.sonoraenequipo.com.mx\/storage\/2019\/01\/sonoraenequipo_opt.png","width":375,"height":125,"caption":"Sonoraenequipo.com.mx"},"image":{"@id":"https:\/\/www.sonoraenequipo.com.mx\/#\/schema\/logo\/image\/"},"sameAs":["https:\/\/www.facebook.com\/SonoraEE\/","https:\/\/x.com\/sonoraenequipo","https:\/\/www.youtube.com\/channel\/UC338nW-lPEYmJQs4ZABQ1SQ"]},{"@type":"Person","@id":"https:\/\/www.sonoraenequipo.com.mx\/#\/schema\/person\/50102df0fb23a8fa9e8effad8fa81386","name":"enequipo","image":{"@type":"ImageObject","inLanguage":"es","@id":"https:\/\/www.sonoraenequipo.com.mx\/#\/schema\/person\/image\/","url":"https:\/\/secure.gravatar.com\/avatar\/049821681b589dabc0bc20695993ccebb09f5b5d4d790cd9251b97faac7c652b?s=96&d=blank&r=g","contentUrl":"https:\/\/secure.gravatar.com\/avatar\/049821681b589dabc0bc20695993ccebb09f5b5d4d790cd9251b97faac7c652b?s=96&d=blank&r=g","caption":"enequipo"},"sameAs":["https:\/\/www.facebook.com\/SonoraEE"]}]}},"jetpack_featured_media_url":"https:\/\/www.sonoraenequipo.com.mx\/storage\/2024\/03\/Claudia-Sheinbaum-Pardo.-candidata-min.jpg","_links":{"self":[{"href":"https:\/\/www.sonoraenequipo.com.mx\/api\/wp\/v2\/posts\/186187","targetHints":{"allow":["GET"]}}],"collection":[{"href":"https:\/\/www.sonoraenequipo.com.mx\/api\/wp\/v2\/posts"}],"about":[{"href":"https:\/\/www.sonoraenequipo.com.mx\/api\/wp\/v2\/types\/post"}],"author":[{"embeddable":true,"href":"https:\/\/www.sonoraenequipo.com.mx\/api\/wp\/v2\/users\/1"}],"replies":[{"embeddable":true,"href":"https:\/\/www.sonoraenequipo.com.mx\/api\/wp\/v2\/comments?post=186187"}],"version-history":[{"count":2,"href":"https:\/\/www.sonoraenequipo.com.mx\/api\/wp\/v2\/posts\/186187\/revisions"}],"predecessor-version":[{"id":186189,"href":"https:\/\/www.sonoraenequipo.com.mx\/api\/wp\/v2\/posts\/186187\/revisions\/186189"}],"wp:featuredmedia":[{"embeddable":true,"href":"https:\/\/www.sonoraenequipo.com.mx\/api\/wp\/v2\/media\/186178"}],"wp:attachment":[{"href":"https:\/\/www.sonoraenequipo.com.mx\/api\/wp\/v2\/media?parent=186187"}],"wp:term":[{"taxonomy":"category","embeddable":true,"href":"https:\/\/www.sonoraenequipo.com.mx\/api\/wp\/v2\/categories?post=186187"},{"taxonomy":"post_tag","embeddable":true,"href":"https:\/\/www.sonoraenequipo.com.mx\/api\/wp\/v2\/tags?post=186187"}],"curies":[{"name":"wp","href":"https:\/\/api.w.org\/{rel}","templated":true}]}}