{"id":186204,"date":"2024-03-24T12:08:44","date_gmt":"2024-03-24T19:08:44","guid":{"rendered":"https:\/\/www.sonoraenequipo.com.mx\/?p=186204"},"modified":"2024-03-24T12:08:44","modified_gmt":"2024-03-24T19:08:44","slug":"nombra-la-coalicion-fycm-coordinadores-de-campana-permanente-en-sonora","status":"publish","type":"post","link":"https:\/\/www.sonoraenequipo.com.mx\/nombra-la-coalicion-fycm-coordinadores-de-campana-permanente-en-sonora\/","title":{"rendered":"Nombra la coalici\u00f3n (FyCM) coordinadores de campa\u00f1a permanente en Sonora"},"content":{"rendered":"<p><strong>HERMOSILLO, SONORA, MX.\u02d7\u02d7\u02d7<\/strong>Con el objetivo de fortalecer la presencia de los candidatos al senado en los municipios de Sonora y hacer uso de las plataformas digitales, se nombraron a los coordinadores de campa\u00f1a permanente que trabajar\u00e1n en representaci\u00f3n de la coalici\u00f3n Fuerza y Coraz\u00f3n por M\u00e9xico (FyCM) \u00a0en lo local.<\/p>\n<p>&nbsp;<\/p>\n<p>&nbsp;<\/p>\n<p>&nbsp;<\/p>\n<p>Los Comit\u00e9s Municipales de la Campa\u00f1a Permanente est\u00e1n conformados por integrantes de la coalici\u00f3n Fuerza y Coraz\u00f3n por Sonora, y en representaci\u00f3n por PRI, la secretaria general, Iris S\u00e1nchez Chiu, Celina Aldana como enlace estatal del PAN e Iliana Rodr\u00edguez como enlace del PRD y de los xochitlovers representados por la sociedad civil.<\/p>\n<p>&nbsp;<\/p>\n<p>&nbsp;<\/p>\n<p>&nbsp;<\/p>\n<p>Iris S\u00e1nchez Chiu, coordinadora de la campa\u00f1a estatal permanente y secretaria general del Partido Revolucionario Institucional (PRI) en Sonora, precis\u00f3 que el prop\u00f3sito de los nombramientos es el de fortalecer los esfuerzos de la campa\u00f1a que tanto los candidatos al Senado como la candidata a la presidencia, X\u00f3chitl G\u00e1lvez, emprenden por todo el pa\u00eds y el estado.<\/p>\n<p>&nbsp;<\/p>\n<p>&nbsp;<\/p>\n<p>&nbsp;<\/p>\n<p>Destac\u00f3 que se busca hacer uso de las nuevas tecnolog\u00edas para mantener presencia permanente de las y los candidatos en los encuentros con ciudadanos en cada municipio del estado.<\/p>\n<p>&nbsp;<\/p>\n<p>&nbsp;<\/p>\n<p>&nbsp;<\/p>\n<p>\u201cQuienes hemos sido nombrados con una responsabilidad en la campa\u00f1a permanente, tanto en la estatal como en lo municipal, sabemos que ahorita las cosas no est\u00e1n bien y debe de componerse el rumbo y para que las cosas buenas pasen, en esta tarea promoveremos las propuestas con el uso de las plataformas digitales y activismo pol\u00edtico que mantengan representaci\u00f3n de nuestros candidatos al Senado, en los 72 municipios\u201d, enfatiz\u00f3.<\/p>\n<p>&nbsp;<\/p>\n<p>&nbsp;<\/p>\n<p>&nbsp;<\/p>\n<p>Manlio Fabio Beltrones e Iris S\u00e1nchez Chiu en presencia del dirigente estatal del PRI Sonora, Rogelio D\u00edaz Brown, hicieron entrega de los nombramientos de quienes representan a los comit\u00e9s municipales de la campa\u00f1a permanente en donde destac\u00f3 a los municipios de Hermosillo, Cajeme, Nogales, San Luis R\u00edo Colorado, Guaymas, Agua Prieta, Caborca, Huatabampo, Puerto Pe\u00f1asco, Magdalena, \u00cdmuris, \u00c1lamos y dem\u00e1s municipios.<\/p>\n<p>&nbsp;<\/p>\n<p>&nbsp;<\/p>\n<p>&nbsp;<\/p>\n<p>El candidato al Senado de la Rep\u00fablica por Sonora, Manlio Fabio Beltrones reconoci\u00f3 que la organizaci\u00f3n que se tiene en los municipios por representar los ideales que la coalici\u00f3n tiene, rinde frutos positivos que se ver\u00e1n reflejados el pr\u00f3ximo 2 de junio en las urnas.<\/p>\n<p>&nbsp;<\/p>\n<p>&nbsp;<\/p>\n<p>&nbsp;<\/p>\n<p>\u201cEn el recorrido que hemos hecho, lo primero que hemos tenido que hacer es comentar por qu\u00e9 \u00edbamos juntos PRI, PAN y PRD y qu\u00e9 \u00edbamos a hacer juntos para resolver muchas de las cosas y creo que lo importante de ello es que organizados como ya lo estamos y de manera permanente como se est\u00e1 haciendo en este momento, es que estemos en todas nuestras ciudades y podamos llevar nuestro proyecto a todas las familias de Sonora\u201d, destac\u00f3.<\/p>\n<p>&nbsp;<\/p>\n<p>&nbsp;<\/p>\n<p>&nbsp;<\/p>\n<p>Precis\u00f3 que la presencia en los municipios se reforzar\u00e1 con la participaci\u00f3n de los candidatos a alcaldes y sus planillas.<\/p>\n<p>&nbsp;<\/p>\n<p>&nbsp;<\/p>\n<p>&nbsp;<\/p>\n<p>\u201cEso hace la campa\u00f1a permanente, que mientras no estamos ah\u00ed, ustedes nos ayudan y hacen el mejor equipo. Poco a poco vamos a ir haciendo un cuerpo todav\u00eda m\u00e1s s\u00f3lido para poder hacer que esta campa\u00f1a vaya hacia adelante y sea una campa\u00f1a triunfadora\u201d, asever\u00f3.<\/p>\n<p>&nbsp;<\/p>\n<p>&nbsp;<\/p>\n<p>&nbsp;<\/p>\n<p>La candidata Lilly T\u00e9llez enfatiz\u00f3 a los coordinadores de campa\u00f1a sin candidato que durante los pr\u00f3ximos tres meses se debe luchar al triple por recuperar al pa\u00eds.<\/p>\n<p>&nbsp;<\/p>\n<p>&nbsp;<\/p>\n<p>&nbsp;<\/p>\n<p>\u201cS\u00ed se puede sacar adelante a nuestro pa\u00eds, echarle ganas, es dif\u00edcil con los problemones que estamos enfrentando, pero, a los sonorenses nos pueden decir de todo, pero nadie nos puede regatear que somos valientes, no somos agachados, los sonorenses tenemos tanto coraz\u00f3n que nos alcanza para todo M\u00e9xico, somos ejemplo y as\u00ed ha sido hist\u00f3ricamente\u201d, indic\u00f3.<\/p>\n<p><strong>Fecha de publicaci\u00f3n<\/strong><strong> domingo 24 de marzo de 2024<\/strong><\/p>\n<p>&nbsp;<\/p>\n","protected":false},"excerpt":{"rendered":"<p>HERMOSILLO, SONORA, MX.\u02d7\u02d7\u02d7Con el objetivo de fortalecer la presencia de los candidatos al senado en&#8230;<\/p>\n","protected":false},"author":1,"featured_media":186205,"comment_status":"open","ping_status":"open","sticky":false,"template":"","format":"standard","meta":{"_monsterinsights_skip_tracking":false,"_monsterinsights_sitenote_active":false,"_monsterinsights_sitenote_note":"","_monsterinsights_sitenote_category":0,"footnotes":""},"categories":[9400],"tags":[7497,8280],"class_list":["post"],"yoast_head":" \n<title>Sonora en Equipo. Nombra la coalici\u00f3n (FyCM) coordinadores de campa\u00f1a permanente en Sonora ELECCI\u00d3NES<\/title>\n<meta name=\"description\" content=\"HERMOSILLO, SONORA, MX.\u02d7\u02d7\u02d7Con el objetivo de fortalecer la presencia de los candidatos al senado en los municipios de Sonora y hacer uso de las En Sonora en Equipo publicamos toda la informaci\u00f3n de Sonora, M\u00e9xico y el Mundo de manera oportuna y busca que la libertad de expresi\u00f3n sea real. Visita nuestro medio informativo publicado desde Hermosillo, Sonora. %\" \/>\n<meta name=\"robots\" content=\"index, follow, max-snippet:-1, max-image-preview:large, max-video-preview:-1\" \/>\n<link rel=\"canonical\" href=\"https:\/\/www.sonoraenequipo.com.mx\/nombra-la-coalicion-fycm-coordinadores-de-campana-permanente-en-sonora\/\" \/>\n<meta property=\"og:locale\" content=\"es_ES\" \/>\n<meta property=\"og:type\" content=\"article\" \/>\n<meta property=\"og:title\" content=\"Sonora en Equipo. Nombra la coalici\u00f3n (FyCM) coordinadores de campa\u00f1a permanente en Sonora ELECCI\u00d3NES\" \/>\n<meta property=\"og:description\" content=\"HERMOSILLO, SONORA, MX.\u02d7\u02d7\u02d7Con el objetivo de fortalecer la presencia de los candidatos al senado en los municipios de Sonora y hacer uso de las En Sonora en Equipo publicamos toda la informaci\u00f3n de Sonora, M\u00e9xico y el Mundo de manera oportuna y busca que la libertad de expresi\u00f3n sea real. Visita nuestro medio informativo publicado desde Hermosillo, Sonora. %\" \/>\n<meta property=\"og:url\" content=\"https:\/\/www.sonoraenequipo.com.mx\/nombra-la-coalicion-fycm-coordinadores-de-campana-permanente-en-sonora\/\" \/>\n<meta property=\"og:site_name\" content=\"Sonora en Equipo.\" \/>\n<meta property=\"article:publisher\" content=\"https:\/\/www.facebook.com\/SonoraEE\/\" \/>\n<meta property=\"article:author\" content=\"https:\/\/www.facebook.com\/SonoraEE\" \/>\n<meta property=\"article:published_time\" content=\"2024-03-24T19:08:44+00:00\" \/>\n<meta property=\"og:image\" content=\"https:\/\/www.sonoraenequipo.com.mx\/storage\/2024\/03\/pri.jpg\" \/>\n\t<meta property=\"og:image:width\" content=\"600\" \/>\n\t<meta property=\"og:image:height\" content=\"400\" \/>\n\t<meta property=\"og:image:type\" content=\"image\/jpeg\" \/>\n<meta name=\"author\" content=\"enequipo\" \/>\n<meta name=\"twitter:card\" content=\"summary_large_image\" \/>\n<meta name=\"twitter:creator\" content=\"@sonoraenequipo\" \/>\n<meta name=\"twitter:site\" content=\"@sonoraenequipo\" \/>\n<meta name=\"twitter:label1\" content=\"Escrito por\" \/>\n\t<meta name=\"twitter:data1\" content=\"enequipo\" \/>\n\t<meta name=\"twitter:label2\" content=\"Tiempo de lectura\" \/>\n\t<meta name=\"twitter:data2\" content=\"3 minutos\" \/>\n<script type=\"application\/ld+json\" class=\"yoast-schema-graph\">{\"@context\":\"https:\/\/schema.org\",\"@graph\":[{\"@type\":\"Article\",\"@id\":\"https:\/\/www.sonoraenequipo.com.mx\/nombra-la-coalicion-fycm-coordinadores-de-campana-permanente-en-sonora\/#article\",\"isPartOf\":{\"@id\":\"https:\/\/www.sonoraenequipo.com.mx\/nombra-la-coalicion-fycm-coordinadores-de-campana-permanente-en-sonora\/\"},\"author\":{\"name\":\"enequipo\",\"@id\":\"https:\/\/www.sonoraenequipo.com.mx\/#\/schema\/person\/50102df0fb23a8fa9e8effad8fa81386\"},\"headline\":\"Nombra la coalici\u00f3n (FyCM) coordinadores de campa\u00f1a permanente en Sonora\",\"datePublished\":\"2024-03-24T19:08:44+00:00\",\"mainEntityOfPage\":{\"@id\":\"https:\/\/www.sonoraenequipo.com.mx\/nombra-la-coalicion-fycm-coordinadores-de-campana-permanente-en-sonora\/\"},\"wordCount\":699,\"commentCount\":0,\"publisher\":{\"@id\":\"https:\/\/www.sonoraenequipo.com.mx\/#organization\"},\"image\":{\"@id\":\"https:\/\/www.sonoraenequipo.com.mx\/nombra-la-coalicion-fycm-coordinadores-de-campana-permanente-en-sonora\/#primaryimage\"},\"thumbnailUrl\":\"https:\/\/www.sonoraenequipo.com.mx\/storage\/2024\/03\/pri.jpg\",\"keywords\":[\"2024\",\"PEF\"],\"articleSection\":[\"ELECCI\u00d3NES\"],\"inLanguage\":\"es\",\"potentialAction\":[{\"@type\":\"CommentAction\",\"name\":\"Comment\",\"target\":[\"https:\/\/www.sonoraenequipo.com.mx\/nombra-la-coalicion-fycm-coordinadores-de-campana-permanente-en-sonora\/#respond\"]}]},{\"@type\":\"WebPage\",\"@id\":\"https:\/\/www.sonoraenequipo.com.mx\/nombra-la-coalicion-fycm-coordinadores-de-campana-permanente-en-sonora\/\",\"url\":\"https:\/\/www.sonoraenequipo.com.mx\/nombra-la-coalicion-fycm-coordinadores-de-campana-permanente-en-sonora\/\",\"name\":\"Sonora en Equipo. Nombra la coalici\u00f3n (FyCM) coordinadores de campa\u00f1a permanente en Sonora ELECCI\u00d3NES\",\"isPartOf\":{\"@id\":\"https:\/\/www.sonoraenequipo.com.mx\/#website\"},\"primaryImageOfPage\":{\"@id\":\"https:\/\/www.sonoraenequipo.com.mx\/nombra-la-coalicion-fycm-coordinadores-de-campana-permanente-en-sonora\/#primaryimage\"},\"image\":{\"@id\":\"https:\/\/www.sonoraenequipo.com.mx\/nombra-la-coalicion-fycm-coordinadores-de-campana-permanente-en-sonora\/#primaryimage\"},\"thumbnailUrl\":\"https:\/\/www.sonoraenequipo.com.mx\/storage\/2024\/03\/pri.jpg\",\"datePublished\":\"2024-03-24T19:08:44+00:00\",\"description\":\"HERMOSILLO, SONORA, MX.\u02d7\u02d7\u02d7Con el objetivo de fortalecer la presencia de los candidatos al senado en los municipios de Sonora y hacer uso de las En Sonora en Equipo publicamos toda la informaci\u00f3n de Sonora, M\u00e9xico y el Mundo de manera oportuna y busca que la libertad de expresi\u00f3n sea real. Visita nuestro medio informativo publicado desde Hermosillo, Sonora. %\",\"breadcrumb\":{\"@id\":\"https:\/\/www.sonoraenequipo.com.mx\/nombra-la-coalicion-fycm-coordinadores-de-campana-permanente-en-sonora\/#breadcrumb\"},\"inLanguage\":\"es\",\"potentialAction\":[{\"@type\":\"ReadAction\",\"target\":[\"https:\/\/www.sonoraenequipo.com.mx\/nombra-la-coalicion-fycm-coordinadores-de-campana-permanente-en-sonora\/\"]}]},{\"@type\":\"ImageObject\",\"inLanguage\":\"es\",\"@id\":\"https:\/\/www.sonoraenequipo.com.mx\/nombra-la-coalicion-fycm-coordinadores-de-campana-permanente-en-sonora\/#primaryimage\",\"url\":\"https:\/\/www.sonoraenequipo.com.mx\/storage\/2024\/03\/pri.jpg\",\"contentUrl\":\"https:\/\/www.sonoraenequipo.com.mx\/storage\/2024\/03\/pri.jpg\",\"width\":600,\"height\":400},{\"@type\":\"BreadcrumbList\",\"@id\":\"https:\/\/www.sonoraenequipo.com.mx\/nombra-la-coalicion-fycm-coordinadores-de-campana-permanente-en-sonora\/#breadcrumb\",\"itemListElement\":[{\"@type\":\"ListItem\",\"position\":1,\"name\":\"Portada\",\"item\":\"https:\/\/www.sonoraenequipo.com.mx\/\"},{\"@type\":\"ListItem\",\"position\":2,\"name\":\"Nombra la coalici\u00f3n (FyCM) coordinadores de campa\u00f1a permanente en Sonora\"}]},{\"@type\":\"WebSite\",\"@id\":\"https:\/\/www.sonoraenequipo.com.mx\/#website\",\"url\":\"https:\/\/www.sonoraenequipo.com.mx\/\",\"name\":\"Sonora en Equipo.\",\"description\":\"Diario en l\u00ednea con Noticias desde Hermosillo, Sonora\",\"publisher\":{\"@id\":\"https:\/\/www.sonoraenequipo.com.mx\/#organization\"},\"potentialAction\":[{\"@type\":\"SearchAction\",\"target\":{\"@type\":\"EntryPoint\",\"urlTemplate\":\"https:\/\/www.sonoraenequipo.com.mx\/?s={search_term_string}\"},\"query-input\":{\"@type\":\"PropertyValueSpecification\",\"valueRequired\":true,\"valueName\":\"search_term_string\"}}],\"inLanguage\":\"es\"},{\"@type\":\"Organization\",\"@id\":\"https:\/\/www.sonoraenequipo.com.mx\/#organization\",\"name\":\"Sonoraenequipo.com.mx\",\"url\":\"https:\/\/www.sonoraenequipo.com.mx\/\",\"logo\":{\"@type\":\"ImageObject\",\"inLanguage\":\"es\",\"@id\":\"https:\/\/www.sonoraenequipo.com.mx\/#\/schema\/logo\/image\/\",\"url\":\"https:\/\/www.sonoraenequipo.com.mx\/storage\/2019\/01\/sonoraenequipo_opt.png\",\"contentUrl\":\"https:\/\/www.sonoraenequipo.com.mx\/storage\/2019\/01\/sonoraenequipo_opt.png\",\"width\":375,\"height\":125,\"caption\":\"Sonoraenequipo.com.mx\"},\"image\":{\"@id\":\"https:\/\/www.sonoraenequipo.com.mx\/#\/schema\/logo\/image\/\"},\"sameAs\":[\"https:\/\/www.facebook.com\/SonoraEE\/\",\"https:\/\/x.com\/sonoraenequipo\",\"https:\/\/www.youtube.com\/channel\/UC338nW-lPEYmJQs4ZABQ1SQ\"]},{\"@type\":\"Person\",\"@id\":\"https:\/\/www.sonoraenequipo.com.mx\/#\/schema\/person\/50102df0fb23a8fa9e8effad8fa81386\",\"name\":\"enequipo\",\"image\":{\"@type\":\"ImageObject\",\"inLanguage\":\"es\",\"@id\":\"https:\/\/www.sonoraenequipo.com.mx\/#\/schema\/person\/image\/\",\"url\":\"https:\/\/secure.gravatar.com\/avatar\/049821681b589dabc0bc20695993ccebb09f5b5d4d790cd9251b97faac7c652b?s=96&d=blank&r=g\",\"contentUrl\":\"https:\/\/secure.gravatar.com\/avatar\/049821681b589dabc0bc20695993ccebb09f5b5d4d790cd9251b97faac7c652b?s=96&d=blank&r=g\",\"caption\":\"enequipo\"},\"sameAs\":[\"https:\/\/www.facebook.com\/SonoraEE\"]}]}<\/script>\n ","yoast_head_json":{"title":"Sonora en Equipo. Nombra la coalici\u00f3n (FyCM) coordinadores de campa\u00f1a permanente en Sonora ELECCI\u00d3NES","description":"HERMOSILLO, SONORA, MX.\u02d7\u02d7\u02d7Con el objetivo de fortalecer la presencia de los candidatos al senado en los municipios de Sonora y hacer uso de las En Sonora en Equipo publicamos toda la informaci\u00f3n de Sonora, M\u00e9xico y el Mundo de manera oportuna y busca que la libertad de expresi\u00f3n sea real. Visita nuestro medio informativo publicado desde Hermosillo, Sonora. %","robots":{"index":"index","follow":"follow","max-snippet":"max-snippet:-1","max-image-preview":"max-image-preview:large","max-video-preview":"max-video-preview:-1"},"canonical":"https:\/\/www.sonoraenequipo.com.mx\/nombra-la-coalicion-fycm-coordinadores-de-campana-permanente-en-sonora\/","og_locale":"es_ES","og_type":"article","og_title":"Sonora en Equipo. Nombra la coalici\u00f3n (FyCM) coordinadores de campa\u00f1a permanente en Sonora ELECCI\u00d3NES","og_description":"HERMOSILLO, SONORA, MX.\u02d7\u02d7\u02d7Con el objetivo de fortalecer la presencia de los candidatos al senado en los municipios de Sonora y hacer uso de las En Sonora en Equipo publicamos toda la informaci\u00f3n de Sonora, M\u00e9xico y el Mundo de manera oportuna y busca que la libertad de expresi\u00f3n sea real. Visita nuestro medio informativo publicado desde Hermosillo, Sonora. %","og_url":"https:\/\/www.sonoraenequipo.com.mx\/nombra-la-coalicion-fycm-coordinadores-de-campana-permanente-en-sonora\/","og_site_name":"Sonora en Equipo.","article_publisher":"https:\/\/www.facebook.com\/SonoraEE\/","article_author":"https:\/\/www.facebook.com\/SonoraEE","article_published_time":"2024-03-24T19:08:44+00:00","og_image":[{"width":600,"height":400,"url":"https:\/\/www.sonoraenequipo.com.mx\/storage\/2024\/03\/pri.jpg","type":"image\/jpeg"}],"author":"enequipo","twitter_card":"summary_large_image","twitter_creator":"@sonoraenequipo","twitter_site":"@sonoraenequipo","twitter_misc":{"Escrito por":"enequipo","Tiempo de lectura":"3 minutos"},"schema":{"@context":"https:\/\/schema.org","@graph":[{"@type":"Article","@id":"https:\/\/www.sonoraenequipo.com.mx\/nombra-la-coalicion-fycm-coordinadores-de-campana-permanente-en-sonora\/#article","isPartOf":{"@id":"https:\/\/www.sonoraenequipo.com.mx\/nombra-la-coalicion-fycm-coordinadores-de-campana-permanente-en-sonora\/"},"author":{"name":"enequipo","@id":"https:\/\/www.sonoraenequipo.com.mx\/#\/schema\/person\/50102df0fb23a8fa9e8effad8fa81386"},"headline":"Nombra la coalici\u00f3n (FyCM) coordinadores de campa\u00f1a permanente en Sonora","datePublished":"2024-03-24T19:08:44+00:00","mainEntityOfPage":{"@id":"https:\/\/www.sonoraenequipo.com.mx\/nombra-la-coalicion-fycm-coordinadores-de-campana-permanente-en-sonora\/"},"wordCount":699,"commentCount":0,"publisher":{"@id":"https:\/\/www.sonoraenequipo.com.mx\/#organization"},"image":{"@id":"https:\/\/www.sonoraenequipo.com.mx\/nombra-la-coalicion-fycm-coordinadores-de-campana-permanente-en-sonora\/#primaryimage"},"thumbnailUrl":"https:\/\/www.sonoraenequipo.com.mx\/storage\/2024\/03\/pri.jpg","keywords":["2024","PEF"],"articleSection":["ELECCI\u00d3NES"],"inLanguage":"es","potentialAction":[{"@type":"CommentAction","name":"Comment","target":["https:\/\/www.sonoraenequipo.com.mx\/nombra-la-coalicion-fycm-coordinadores-de-campana-permanente-en-sonora\/#respond"]}]},{"@type":"WebPage","@id":"https:\/\/www.sonoraenequipo.com.mx\/nombra-la-coalicion-fycm-coordinadores-de-campana-permanente-en-sonora\/","url":"https:\/\/www.sonoraenequipo.com.mx\/nombra-la-coalicion-fycm-coordinadores-de-campana-permanente-en-sonora\/","name":"Sonora en Equipo. Nombra la coalici\u00f3n (FyCM) coordinadores de campa\u00f1a permanente en Sonora ELECCI\u00d3NES","isPartOf":{"@id":"https:\/\/www.sonoraenequipo.com.mx\/#website"},"primaryImageOfPage":{"@id":"https:\/\/www.sonoraenequipo.com.mx\/nombra-la-coalicion-fycm-coordinadores-de-campana-permanente-en-sonora\/#primaryimage"},"image":{"@id":"https:\/\/www.sonoraenequipo.com.mx\/nombra-la-coalicion-fycm-coordinadores-de-campana-permanente-en-sonora\/#primaryimage"},"thumbnailUrl":"https:\/\/www.sonoraenequipo.com.mx\/storage\/2024\/03\/pri.jpg","datePublished":"2024-03-24T19:08:44+00:00","description":"HERMOSILLO, SONORA, MX.\u02d7\u02d7\u02d7Con el objetivo de fortalecer la presencia de los candidatos al senado en los municipios de Sonora y hacer uso de las En Sonora en Equipo publicamos toda la informaci\u00f3n de Sonora, M\u00e9xico y el Mundo de manera oportuna y busca que la libertad de expresi\u00f3n sea real. Visita nuestro medio informativo publicado desde Hermosillo, Sonora. %","breadcrumb":{"@id":"https:\/\/www.sonoraenequipo.com.mx\/nombra-la-coalicion-fycm-coordinadores-de-campana-permanente-en-sonora\/#breadcrumb"},"inLanguage":"es","potentialAction":[{"@type":"ReadAction","target":["https:\/\/www.sonoraenequipo.com.mx\/nombra-la-coalicion-fycm-coordinadores-de-campana-permanente-en-sonora\/"]}]},{"@type":"ImageObject","inLanguage":"es","@id":"https:\/\/www.sonoraenequipo.com.mx\/nombra-la-coalicion-fycm-coordinadores-de-campana-permanente-en-sonora\/#primaryimage","url":"https:\/\/www.sonoraenequipo.com.mx\/storage\/2024\/03\/pri.jpg","contentUrl":"https:\/\/www.sonoraenequipo.com.mx\/storage\/2024\/03\/pri.jpg","width":600,"height":400},{"@type":"BreadcrumbList","@id":"https:\/\/www.sonoraenequipo.com.mx\/nombra-la-coalicion-fycm-coordinadores-de-campana-permanente-en-sonora\/#breadcrumb","itemListElement":[{"@type":"ListItem","position":1,"name":"Portada","item":"https:\/\/www.sonoraenequipo.com.mx\/"},{"@type":"ListItem","position":2,"name":"Nombra la coalici\u00f3n (FyCM) coordinadores de campa\u00f1a permanente en Sonora"}]},{"@type":"WebSite","@id":"https:\/\/www.sonoraenequipo.com.mx\/#website","url":"https:\/\/www.sonoraenequipo.com.mx\/","name":"Sonora en Equipo.","description":"Diario en l\u00ednea con Noticias desde Hermosillo, Sonora","publisher":{"@id":"https:\/\/www.sonoraenequipo.com.mx\/#organization"},"potentialAction":[{"@type":"SearchAction","target":{"@type":"EntryPoint","urlTemplate":"https:\/\/www.sonoraenequipo.com.mx\/?s={search_term_string}"},"query-input":{"@type":"PropertyValueSpecification","valueRequired":true,"valueName":"search_term_string"}}],"inLanguage":"es"},{"@type":"Organization","@id":"https:\/\/www.sonoraenequipo.com.mx\/#organization","name":"Sonoraenequipo.com.mx","url":"https:\/\/www.sonoraenequipo.com.mx\/","logo":{"@type":"ImageObject","inLanguage":"es","@id":"https:\/\/www.sonoraenequipo.com.mx\/#\/schema\/logo\/image\/","url":"https:\/\/www.sonoraenequipo.com.mx\/storage\/2019\/01\/sonoraenequipo_opt.png","contentUrl":"https:\/\/www.sonoraenequipo.com.mx\/storage\/2019\/01\/sonoraenequipo_opt.png","width":375,"height":125,"caption":"Sonoraenequipo.com.mx"},"image":{"@id":"https:\/\/www.sonoraenequipo.com.mx\/#\/schema\/logo\/image\/"},"sameAs":["https:\/\/www.facebook.com\/SonoraEE\/","https:\/\/x.com\/sonoraenequipo","https:\/\/www.youtube.com\/channel\/UC338nW-lPEYmJQs4ZABQ1SQ"]},{"@type":"Person","@id":"https:\/\/www.sonoraenequipo.com.mx\/#\/schema\/person\/50102df0fb23a8fa9e8effad8fa81386","name":"enequipo","image":{"@type":"ImageObject","inLanguage":"es","@id":"https:\/\/www.sonoraenequipo.com.mx\/#\/schema\/person\/image\/","url":"https:\/\/secure.gravatar.com\/avatar\/049821681b589dabc0bc20695993ccebb09f5b5d4d790cd9251b97faac7c652b?s=96&d=blank&r=g","contentUrl":"https:\/\/secure.gravatar.com\/avatar\/049821681b589dabc0bc20695993ccebb09f5b5d4d790cd9251b97faac7c652b?s=96&d=blank&r=g","caption":"enequipo"},"sameAs":["https:\/\/www.facebook.com\/SonoraEE"]}]}},"jetpack_featured_media_url":"https:\/\/www.sonoraenequipo.com.mx\/storage\/2024\/03\/pri.jpg","_links":{"self":[{"href":"https:\/\/www.sonoraenequipo.com.mx\/api\/wp\/v2\/posts\/186204","targetHints":{"allow":["GET"]}}],"collection":[{"href":"https:\/\/www.sonoraenequipo.com.mx\/api\/wp\/v2\/posts"}],"about":[{"href":"https:\/\/www.sonoraenequipo.com.mx\/api\/wp\/v2\/types\/post"}],"author":[{"embeddable":true,"href":"https:\/\/www.sonoraenequipo.com.mx\/api\/wp\/v2\/users\/1"}],"replies":[{"embeddable":true,"href":"https:\/\/www.sonoraenequipo.com.mx\/api\/wp\/v2\/comments?post=186204"}],"version-history":[{"count":1,"href":"https:\/\/www.sonoraenequipo.com.mx\/api\/wp\/v2\/posts\/186204\/revisions"}],"predecessor-version":[{"id":186206,"href":"https:\/\/www.sonoraenequipo.com.mx\/api\/wp\/v2\/posts\/186204\/revisions\/186206"}],"wp:featuredmedia":[{"embeddable":true,"href":"https:\/\/www.sonoraenequipo.com.mx\/api\/wp\/v2\/media\/186205"}],"wp:attachment":[{"href":"https:\/\/www.sonoraenequipo.com.mx\/api\/wp\/v2\/media?parent=186204"}],"wp:term":[{"taxonomy":"category","embeddable":true,"href":"https:\/\/www.sonoraenequipo.com.mx\/api\/wp\/v2\/categories?post=186204"},{"taxonomy":"post_tag","embeddable":true,"href":"https:\/\/www.sonoraenequipo.com.mx\/api\/wp\/v2\/tags?post=186204"}],"curies":[{"name":"wp","href":"https:\/\/api.w.org\/{rel}","templated":true}]}}