{"id":186280,"date":"2024-03-25T09:10:57","date_gmt":"2024-03-25T16:10:57","guid":{"rendered":"https:\/\/www.sonoraenequipo.com.mx\/?p=186280"},"modified":"2024-03-25T15:58:37","modified_gmt":"2024-03-25T22:58:37","slug":"conferencia-del-8-de-abril-se-realizara-en-mazatlan-por-eclipse-solar-total","status":"publish","type":"post","link":"https:\/\/www.sonoraenequipo.com.mx\/conferencia-del-8-de-abril-se-realizara-en-mazatlan-por-eclipse-solar-total\/","title":{"rendered":"Conferencia del 8 de abril se realizar\u00e1 en Mazatl\u00e1n por eclipse solar total"},"content":{"rendered":"<p><strong>CIUDAD DE M\u00c9XICO. MX. \u2014<\/strong> El presidente Andr\u00e9s Manuel L\u00f3pez Obrador anunci\u00f3 que la conferencia de prensa matutina del lunes 8 de abril se llevar\u00e1 a cabo en Mazatl\u00e1n, Sinaloa, con motivo del eclipse solar total que se apreciar\u00e1 desde esa parte de la entidad.<\/p>\n<p> <br \/>\nEn el di\u00e1logo con representantes de los medios, expertas y expertos del Consejo Nacional de Humanidades, Ciencias y Tecnolog\u00edas (CONAHCYT) dar\u00e1n una explicaci\u00f3n detallada de este fen\u00f3meno \u00fanico que ocurrir\u00e1 en el norte del continente americano, indic\u00f3 el mandatario.<\/p>\n<p><em><strong>\u201cEs algo que no se ve todos los d\u00edas, entonces s\u00ed es algo importante para todos. Claro, es una franja que atraviesa nuestro pa\u00eds, hay otros lugares tambi\u00e9n que se va a ver muy bien y es una muy buena experiencia; es como ver un cometa\u201d,<\/strong><\/em> mencion\u00f3.<\/p>\n<p>Seg\u00fan estimaciones astron\u00f3micas, Mazatl\u00e1n y municipios aleda\u00f1os ser\u00e1n las ubicaciones ideales para observar este evento. El eclipse iniciar\u00e1 a las 10:51:22, hora local, mientras que la fase total empezar\u00e1 a las 12:07:24 y terminar\u00e1 a las 12:11:43.<\/p>\n<p>El mandatario plante\u00f3 que el eclipse solar total sea transmitido en vivo para el disfrute de las y los mexicanos.<\/p>\n<p>PUBLICADO EL 25 DE MARZO DE 2024 Con informaci\u00f3n de conferencia matutinapresidencial)<\/p>\n","protected":false},"excerpt":{"rendered":"<p>CIUDAD DE M\u00c9XICO. MX. \u2014 El presidente Andr\u00e9s Manuel L\u00f3pez Obrador anunci\u00f3 que la conferencia&#8230;<\/p>\n","protected":false},"author":1,"featured_media":186276,"comment_status":"open","ping_status":"open","sticky":false,"template":"","format":"standard","meta":{"_monsterinsights_skip_tracking":false,"_monsterinsights_sitenote_active":false,"_monsterinsights_sitenote_note":"","_monsterinsights_sitenote_category":0,"footnotes":""},"categories":[5],"tags":[],"class_list":["post"],"yoast_head":" \n<title>Sonora en Equipo. Conferencia del 8 de abril se realizar\u00e1 en Mazatl\u00e1n por eclipse solar total Rep\u00fablica<\/title>\n<meta name=\"description\" content=\"CIUDAD DE M\u00c9XICO. MX. \u2014 El presidente Andr\u00e9s Manuel L\u00f3pez Obrador anunci\u00f3 que la conferencia de prensa matutina del lunes 8 de abril se llevar\u00e1 a cabo en En Sonora en Equipo publicamos toda la informaci\u00f3n de Sonora, M\u00e9xico y el Mundo de manera oportuna y busca que la libertad de expresi\u00f3n sea real. Visita nuestro medio informativo publicado desde Hermosillo, Sonora. %\" \/>\n<meta name=\"robots\" content=\"index, follow, max-snippet:-1, max-image-preview:large, max-video-preview:-1\" \/>\n<link rel=\"canonical\" href=\"https:\/\/www.sonoraenequipo.com.mx\/conferencia-del-8-de-abril-se-realizara-en-mazatlan-por-eclipse-solar-total\/\" \/>\n<meta property=\"og:locale\" content=\"es_ES\" \/>\n<meta property=\"og:type\" content=\"article\" \/>\n<meta property=\"og:title\" content=\"Sonora en Equipo. Conferencia del 8 de abril se realizar\u00e1 en Mazatl\u00e1n por eclipse solar total Rep\u00fablica\" \/>\n<meta property=\"og:description\" content=\"CIUDAD DE M\u00c9XICO. MX. \u2014 El presidente Andr\u00e9s Manuel L\u00f3pez Obrador anunci\u00f3 que la conferencia de prensa matutina del lunes 8 de abril se llevar\u00e1 a cabo en En Sonora en Equipo publicamos toda la informaci\u00f3n de Sonora, M\u00e9xico y el Mundo de manera oportuna y busca que la libertad de expresi\u00f3n sea real. Visita nuestro medio informativo publicado desde Hermosillo, Sonora. %\" \/>\n<meta property=\"og:url\" content=\"https:\/\/www.sonoraenequipo.com.mx\/conferencia-del-8-de-abril-se-realizara-en-mazatlan-por-eclipse-solar-total\/\" \/>\n<meta property=\"og:site_name\" content=\"Sonora en Equipo.\" \/>\n<meta property=\"article:publisher\" content=\"https:\/\/www.facebook.com\/SonoraEE\/\" \/>\n<meta property=\"article:author\" content=\"https:\/\/www.facebook.com\/SonoraEE\" \/>\n<meta property=\"article:published_time\" content=\"2024-03-25T16:10:57+00:00\" \/>\n<meta property=\"article:modified_time\" content=\"2024-03-25T22:58:37+00:00\" \/>\n<meta property=\"og:image\" content=\"https:\/\/www.sonoraenequipo.com.mx\/storage\/2024\/03\/2024-03-25-Conferencia-de-prensa-matutina-Palacio-Nacional-Foto-01-min.jpg\" \/>\n\t<meta property=\"og:image:width\" content=\"1502\" \/>\n\t<meta property=\"og:image:height\" content=\"1000\" \/>\n\t<meta property=\"og:image:type\" content=\"image\/jpeg\" \/>\n<meta name=\"author\" content=\"enequipo\" \/>\n<meta name=\"twitter:card\" content=\"summary_large_image\" \/>\n<meta name=\"twitter:creator\" content=\"@sonoraenequipo\" \/>\n<meta name=\"twitter:site\" content=\"@sonoraenequipo\" \/>\n<meta name=\"twitter:label1\" content=\"Escrito por\" \/>\n\t<meta name=\"twitter:data1\" content=\"enequipo\" \/>\n\t<meta name=\"twitter:label2\" content=\"Tiempo de lectura\" \/>\n\t<meta name=\"twitter:data2\" content=\"1 minuto\" \/>\n<script type=\"application\/ld+json\" class=\"yoast-schema-graph\">{\"@context\":\"https:\/\/schema.org\",\"@graph\":[{\"@type\":\"Article\",\"@id\":\"https:\/\/www.sonoraenequipo.com.mx\/conferencia-del-8-de-abril-se-realizara-en-mazatlan-por-eclipse-solar-total\/#article\",\"isPartOf\":{\"@id\":\"https:\/\/www.sonoraenequipo.com.mx\/conferencia-del-8-de-abril-se-realizara-en-mazatlan-por-eclipse-solar-total\/\"},\"author\":{\"name\":\"enequipo\",\"@id\":\"https:\/\/www.sonoraenequipo.com.mx\/#\/schema\/person\/50102df0fb23a8fa9e8effad8fa81386\"},\"headline\":\"Conferencia del 8 de abril se realizar\u00e1 en Mazatl\u00e1n por eclipse solar total\",\"datePublished\":\"2024-03-25T16:10:57+00:00\",\"dateModified\":\"2024-03-25T22:58:37+00:00\",\"mainEntityOfPage\":{\"@id\":\"https:\/\/www.sonoraenequipo.com.mx\/conferencia-del-8-de-abril-se-realizara-en-mazatlan-por-eclipse-solar-total\/\"},\"wordCount\":224,\"commentCount\":0,\"publisher\":{\"@id\":\"https:\/\/www.sonoraenequipo.com.mx\/#organization\"},\"image\":{\"@id\":\"https:\/\/www.sonoraenequipo.com.mx\/conferencia-del-8-de-abril-se-realizara-en-mazatlan-por-eclipse-solar-total\/#primaryimage\"},\"thumbnailUrl\":\"https:\/\/www.sonoraenequipo.com.mx\/storage\/2024\/03\/2024-03-25-Conferencia-de-prensa-matutina-Palacio-Nacional-Foto-01-min.jpg\",\"articleSection\":[\"Rep\u00fablica\"],\"inLanguage\":\"es\",\"potentialAction\":[{\"@type\":\"CommentAction\",\"name\":\"Comment\",\"target\":[\"https:\/\/www.sonoraenequipo.com.mx\/conferencia-del-8-de-abril-se-realizara-en-mazatlan-por-eclipse-solar-total\/#respond\"]}]},{\"@type\":\"WebPage\",\"@id\":\"https:\/\/www.sonoraenequipo.com.mx\/conferencia-del-8-de-abril-se-realizara-en-mazatlan-por-eclipse-solar-total\/\",\"url\":\"https:\/\/www.sonoraenequipo.com.mx\/conferencia-del-8-de-abril-se-realizara-en-mazatlan-por-eclipse-solar-total\/\",\"name\":\"Sonora en Equipo. Conferencia del 8 de abril se realizar\u00e1 en Mazatl\u00e1n por eclipse solar total Rep\u00fablica\",\"isPartOf\":{\"@id\":\"https:\/\/www.sonoraenequipo.com.mx\/#website\"},\"primaryImageOfPage\":{\"@id\":\"https:\/\/www.sonoraenequipo.com.mx\/conferencia-del-8-de-abril-se-realizara-en-mazatlan-por-eclipse-solar-total\/#primaryimage\"},\"image\":{\"@id\":\"https:\/\/www.sonoraenequipo.com.mx\/conferencia-del-8-de-abril-se-realizara-en-mazatlan-por-eclipse-solar-total\/#primaryimage\"},\"thumbnailUrl\":\"https:\/\/www.sonoraenequipo.com.mx\/storage\/2024\/03\/2024-03-25-Conferencia-de-prensa-matutina-Palacio-Nacional-Foto-01-min.jpg\",\"datePublished\":\"2024-03-25T16:10:57+00:00\",\"dateModified\":\"2024-03-25T22:58:37+00:00\",\"description\":\"CIUDAD DE M\u00c9XICO. MX. \u2014 El presidente Andr\u00e9s Manuel L\u00f3pez Obrador anunci\u00f3 que la conferencia de prensa matutina del lunes 8 de abril se llevar\u00e1 a cabo en En Sonora en Equipo publicamos toda la informaci\u00f3n de Sonora, M\u00e9xico y el Mundo de manera oportuna y busca que la libertad de expresi\u00f3n sea real. Visita nuestro medio informativo publicado desde Hermosillo, Sonora. %\",\"breadcrumb\":{\"@id\":\"https:\/\/www.sonoraenequipo.com.mx\/conferencia-del-8-de-abril-se-realizara-en-mazatlan-por-eclipse-solar-total\/#breadcrumb\"},\"inLanguage\":\"es\",\"potentialAction\":[{\"@type\":\"ReadAction\",\"target\":[\"https:\/\/www.sonoraenequipo.com.mx\/conferencia-del-8-de-abril-se-realizara-en-mazatlan-por-eclipse-solar-total\/\"]}]},{\"@type\":\"ImageObject\",\"inLanguage\":\"es\",\"@id\":\"https:\/\/www.sonoraenequipo.com.mx\/conferencia-del-8-de-abril-se-realizara-en-mazatlan-por-eclipse-solar-total\/#primaryimage\",\"url\":\"https:\/\/www.sonoraenequipo.com.mx\/storage\/2024\/03\/2024-03-25-Conferencia-de-prensa-matutina-Palacio-Nacional-Foto-01-min.jpg\",\"contentUrl\":\"https:\/\/www.sonoraenequipo.com.mx\/storage\/2024\/03\/2024-03-25-Conferencia-de-prensa-matutina-Palacio-Nacional-Foto-01-min.jpg\",\"width\":1502,\"height\":1000},{\"@type\":\"BreadcrumbList\",\"@id\":\"https:\/\/www.sonoraenequipo.com.mx\/conferencia-del-8-de-abril-se-realizara-en-mazatlan-por-eclipse-solar-total\/#breadcrumb\",\"itemListElement\":[{\"@type\":\"ListItem\",\"position\":1,\"name\":\"Portada\",\"item\":\"https:\/\/www.sonoraenequipo.com.mx\/\"},{\"@type\":\"ListItem\",\"position\":2,\"name\":\"Conferencia del 8 de abril se realizar\u00e1 en Mazatl\u00e1n por eclipse solar total\"}]},{\"@type\":\"WebSite\",\"@id\":\"https:\/\/www.sonoraenequipo.com.mx\/#website\",\"url\":\"https:\/\/www.sonoraenequipo.com.mx\/\",\"name\":\"Sonora en Equipo.\",\"description\":\"Diario en l\u00ednea con Noticias desde Hermosillo, Sonora\",\"publisher\":{\"@id\":\"https:\/\/www.sonoraenequipo.com.mx\/#organization\"},\"potentialAction\":[{\"@type\":\"SearchAction\",\"target\":{\"@type\":\"EntryPoint\",\"urlTemplate\":\"https:\/\/www.sonoraenequipo.com.mx\/?s={search_term_string}\"},\"query-input\":{\"@type\":\"PropertyValueSpecification\",\"valueRequired\":true,\"valueName\":\"search_term_string\"}}],\"inLanguage\":\"es\"},{\"@type\":\"Organization\",\"@id\":\"https:\/\/www.sonoraenequipo.com.mx\/#organization\",\"name\":\"Sonoraenequipo.com.mx\",\"url\":\"https:\/\/www.sonoraenequipo.com.mx\/\",\"logo\":{\"@type\":\"ImageObject\",\"inLanguage\":\"es\",\"@id\":\"https:\/\/www.sonoraenequipo.com.mx\/#\/schema\/logo\/image\/\",\"url\":\"https:\/\/www.sonoraenequipo.com.mx\/storage\/2019\/01\/sonoraenequipo_opt.png\",\"contentUrl\":\"https:\/\/www.sonoraenequipo.com.mx\/storage\/2019\/01\/sonoraenequipo_opt.png\",\"width\":375,\"height\":125,\"caption\":\"Sonoraenequipo.com.mx\"},\"image\":{\"@id\":\"https:\/\/www.sonoraenequipo.com.mx\/#\/schema\/logo\/image\/\"},\"sameAs\":[\"https:\/\/www.facebook.com\/SonoraEE\/\",\"https:\/\/x.com\/sonoraenequipo\",\"https:\/\/www.youtube.com\/channel\/UC338nW-lPEYmJQs4ZABQ1SQ\"]},{\"@type\":\"Person\",\"@id\":\"https:\/\/www.sonoraenequipo.com.mx\/#\/schema\/person\/50102df0fb23a8fa9e8effad8fa81386\",\"name\":\"enequipo\",\"image\":{\"@type\":\"ImageObject\",\"inLanguage\":\"es\",\"@id\":\"https:\/\/www.sonoraenequipo.com.mx\/#\/schema\/person\/image\/\",\"url\":\"https:\/\/secure.gravatar.com\/avatar\/049821681b589dabc0bc20695993ccebb09f5b5d4d790cd9251b97faac7c652b?s=96&d=blank&r=g\",\"contentUrl\":\"https:\/\/secure.gravatar.com\/avatar\/049821681b589dabc0bc20695993ccebb09f5b5d4d790cd9251b97faac7c652b?s=96&d=blank&r=g\",\"caption\":\"enequipo\"},\"sameAs\":[\"https:\/\/www.facebook.com\/SonoraEE\"]}]}<\/script>\n ","yoast_head_json":{"title":"Sonora en Equipo. Conferencia del 8 de abril se realizar\u00e1 en Mazatl\u00e1n por eclipse solar total Rep\u00fablica","description":"CIUDAD DE M\u00c9XICO. MX. \u2014 El presidente Andr\u00e9s Manuel L\u00f3pez Obrador anunci\u00f3 que la conferencia de prensa matutina del lunes 8 de abril se llevar\u00e1 a cabo en En Sonora en Equipo publicamos toda la informaci\u00f3n de Sonora, M\u00e9xico y el Mundo de manera oportuna y busca que la libertad de expresi\u00f3n sea real. Visita nuestro medio informativo publicado desde Hermosillo, Sonora. %","robots":{"index":"index","follow":"follow","max-snippet":"max-snippet:-1","max-image-preview":"max-image-preview:large","max-video-preview":"max-video-preview:-1"},"canonical":"https:\/\/www.sonoraenequipo.com.mx\/conferencia-del-8-de-abril-se-realizara-en-mazatlan-por-eclipse-solar-total\/","og_locale":"es_ES","og_type":"article","og_title":"Sonora en Equipo. Conferencia del 8 de abril se realizar\u00e1 en Mazatl\u00e1n por eclipse solar total Rep\u00fablica","og_description":"CIUDAD DE M\u00c9XICO. MX. \u2014 El presidente Andr\u00e9s Manuel L\u00f3pez Obrador anunci\u00f3 que la conferencia de prensa matutina del lunes 8 de abril se llevar\u00e1 a cabo en En Sonora en Equipo publicamos toda la informaci\u00f3n de Sonora, M\u00e9xico y el Mundo de manera oportuna y busca que la libertad de expresi\u00f3n sea real. Visita nuestro medio informativo publicado desde Hermosillo, Sonora. %","og_url":"https:\/\/www.sonoraenequipo.com.mx\/conferencia-del-8-de-abril-se-realizara-en-mazatlan-por-eclipse-solar-total\/","og_site_name":"Sonora en Equipo.","article_publisher":"https:\/\/www.facebook.com\/SonoraEE\/","article_author":"https:\/\/www.facebook.com\/SonoraEE","article_published_time":"2024-03-25T16:10:57+00:00","article_modified_time":"2024-03-25T22:58:37+00:00","og_image":[{"width":1502,"height":1000,"url":"https:\/\/www.sonoraenequipo.com.mx\/storage\/2024\/03\/2024-03-25-Conferencia-de-prensa-matutina-Palacio-Nacional-Foto-01-min.jpg","type":"image\/jpeg"}],"author":"enequipo","twitter_card":"summary_large_image","twitter_creator":"@sonoraenequipo","twitter_site":"@sonoraenequipo","twitter_misc":{"Escrito por":"enequipo","Tiempo de lectura":"1 minuto"},"schema":{"@context":"https:\/\/schema.org","@graph":[{"@type":"Article","@id":"https:\/\/www.sonoraenequipo.com.mx\/conferencia-del-8-de-abril-se-realizara-en-mazatlan-por-eclipse-solar-total\/#article","isPartOf":{"@id":"https:\/\/www.sonoraenequipo.com.mx\/conferencia-del-8-de-abril-se-realizara-en-mazatlan-por-eclipse-solar-total\/"},"author":{"name":"enequipo","@id":"https:\/\/www.sonoraenequipo.com.mx\/#\/schema\/person\/50102df0fb23a8fa9e8effad8fa81386"},"headline":"Conferencia del 8 de abril se realizar\u00e1 en Mazatl\u00e1n por eclipse solar total","datePublished":"2024-03-25T16:10:57+00:00","dateModified":"2024-03-25T22:58:37+00:00","mainEntityOfPage":{"@id":"https:\/\/www.sonoraenequipo.com.mx\/conferencia-del-8-de-abril-se-realizara-en-mazatlan-por-eclipse-solar-total\/"},"wordCount":224,"commentCount":0,"publisher":{"@id":"https:\/\/www.sonoraenequipo.com.mx\/#organization"},"image":{"@id":"https:\/\/www.sonoraenequipo.com.mx\/conferencia-del-8-de-abril-se-realizara-en-mazatlan-por-eclipse-solar-total\/#primaryimage"},"thumbnailUrl":"https:\/\/www.sonoraenequipo.com.mx\/storage\/2024\/03\/2024-03-25-Conferencia-de-prensa-matutina-Palacio-Nacional-Foto-01-min.jpg","articleSection":["Rep\u00fablica"],"inLanguage":"es","potentialAction":[{"@type":"CommentAction","name":"Comment","target":["https:\/\/www.sonoraenequipo.com.mx\/conferencia-del-8-de-abril-se-realizara-en-mazatlan-por-eclipse-solar-total\/#respond"]}]},{"@type":"WebPage","@id":"https:\/\/www.sonoraenequipo.com.mx\/conferencia-del-8-de-abril-se-realizara-en-mazatlan-por-eclipse-solar-total\/","url":"https:\/\/www.sonoraenequipo.com.mx\/conferencia-del-8-de-abril-se-realizara-en-mazatlan-por-eclipse-solar-total\/","name":"Sonora en Equipo. Conferencia del 8 de abril se realizar\u00e1 en Mazatl\u00e1n por eclipse solar total Rep\u00fablica","isPartOf":{"@id":"https:\/\/www.sonoraenequipo.com.mx\/#website"},"primaryImageOfPage":{"@id":"https:\/\/www.sonoraenequipo.com.mx\/conferencia-del-8-de-abril-se-realizara-en-mazatlan-por-eclipse-solar-total\/#primaryimage"},"image":{"@id":"https:\/\/www.sonoraenequipo.com.mx\/conferencia-del-8-de-abril-se-realizara-en-mazatlan-por-eclipse-solar-total\/#primaryimage"},"thumbnailUrl":"https:\/\/www.sonoraenequipo.com.mx\/storage\/2024\/03\/2024-03-25-Conferencia-de-prensa-matutina-Palacio-Nacional-Foto-01-min.jpg","datePublished":"2024-03-25T16:10:57+00:00","dateModified":"2024-03-25T22:58:37+00:00","description":"CIUDAD DE M\u00c9XICO. MX. \u2014 El presidente Andr\u00e9s Manuel L\u00f3pez Obrador anunci\u00f3 que la conferencia de prensa matutina del lunes 8 de abril se llevar\u00e1 a cabo en En Sonora en Equipo publicamos toda la informaci\u00f3n de Sonora, M\u00e9xico y el Mundo de manera oportuna y busca que la libertad de expresi\u00f3n sea real. Visita nuestro medio informativo publicado desde Hermosillo, Sonora. %","breadcrumb":{"@id":"https:\/\/www.sonoraenequipo.com.mx\/conferencia-del-8-de-abril-se-realizara-en-mazatlan-por-eclipse-solar-total\/#breadcrumb"},"inLanguage":"es","potentialAction":[{"@type":"ReadAction","target":["https:\/\/www.sonoraenequipo.com.mx\/conferencia-del-8-de-abril-se-realizara-en-mazatlan-por-eclipse-solar-total\/"]}]},{"@type":"ImageObject","inLanguage":"es","@id":"https:\/\/www.sonoraenequipo.com.mx\/conferencia-del-8-de-abril-se-realizara-en-mazatlan-por-eclipse-solar-total\/#primaryimage","url":"https:\/\/www.sonoraenequipo.com.mx\/storage\/2024\/03\/2024-03-25-Conferencia-de-prensa-matutina-Palacio-Nacional-Foto-01-min.jpg","contentUrl":"https:\/\/www.sonoraenequipo.com.mx\/storage\/2024\/03\/2024-03-25-Conferencia-de-prensa-matutina-Palacio-Nacional-Foto-01-min.jpg","width":1502,"height":1000},{"@type":"BreadcrumbList","@id":"https:\/\/www.sonoraenequipo.com.mx\/conferencia-del-8-de-abril-se-realizara-en-mazatlan-por-eclipse-solar-total\/#breadcrumb","itemListElement":[{"@type":"ListItem","position":1,"name":"Portada","item":"https:\/\/www.sonoraenequipo.com.mx\/"},{"@type":"ListItem","position":2,"name":"Conferencia del 8 de abril se realizar\u00e1 en Mazatl\u00e1n por eclipse solar total"}]},{"@type":"WebSite","@id":"https:\/\/www.sonoraenequipo.com.mx\/#website","url":"https:\/\/www.sonoraenequipo.com.mx\/","name":"Sonora en Equipo.","description":"Diario en l\u00ednea con Noticias desde Hermosillo, Sonora","publisher":{"@id":"https:\/\/www.sonoraenequipo.com.mx\/#organization"},"potentialAction":[{"@type":"SearchAction","target":{"@type":"EntryPoint","urlTemplate":"https:\/\/www.sonoraenequipo.com.mx\/?s={search_term_string}"},"query-input":{"@type":"PropertyValueSpecification","valueRequired":true,"valueName":"search_term_string"}}],"inLanguage":"es"},{"@type":"Organization","@id":"https:\/\/www.sonoraenequipo.com.mx\/#organization","name":"Sonoraenequipo.com.mx","url":"https:\/\/www.sonoraenequipo.com.mx\/","logo":{"@type":"ImageObject","inLanguage":"es","@id":"https:\/\/www.sonoraenequipo.com.mx\/#\/schema\/logo\/image\/","url":"https:\/\/www.sonoraenequipo.com.mx\/storage\/2019\/01\/sonoraenequipo_opt.png","contentUrl":"https:\/\/www.sonoraenequipo.com.mx\/storage\/2019\/01\/sonoraenequipo_opt.png","width":375,"height":125,"caption":"Sonoraenequipo.com.mx"},"image":{"@id":"https:\/\/www.sonoraenequipo.com.mx\/#\/schema\/logo\/image\/"},"sameAs":["https:\/\/www.facebook.com\/SonoraEE\/","https:\/\/x.com\/sonoraenequipo","https:\/\/www.youtube.com\/channel\/UC338nW-lPEYmJQs4ZABQ1SQ"]},{"@type":"Person","@id":"https:\/\/www.sonoraenequipo.com.mx\/#\/schema\/person\/50102df0fb23a8fa9e8effad8fa81386","name":"enequipo","image":{"@type":"ImageObject","inLanguage":"es","@id":"https:\/\/www.sonoraenequipo.com.mx\/#\/schema\/person\/image\/","url":"https:\/\/secure.gravatar.com\/avatar\/049821681b589dabc0bc20695993ccebb09f5b5d4d790cd9251b97faac7c652b?s=96&d=blank&r=g","contentUrl":"https:\/\/secure.gravatar.com\/avatar\/049821681b589dabc0bc20695993ccebb09f5b5d4d790cd9251b97faac7c652b?s=96&d=blank&r=g","caption":"enequipo"},"sameAs":["https:\/\/www.facebook.com\/SonoraEE"]}]}},"jetpack_featured_media_url":"https:\/\/www.sonoraenequipo.com.mx\/storage\/2024\/03\/2024-03-25-Conferencia-de-prensa-matutina-Palacio-Nacional-Foto-01-min.jpg","_links":{"self":[{"href":"https:\/\/www.sonoraenequipo.com.mx\/api\/wp\/v2\/posts\/186280","targetHints":{"allow":["GET"]}}],"collection":[{"href":"https:\/\/www.sonoraenequipo.com.mx\/api\/wp\/v2\/posts"}],"about":[{"href":"https:\/\/www.sonoraenequipo.com.mx\/api\/wp\/v2\/types\/post"}],"author":[{"embeddable":true,"href":"https:\/\/www.sonoraenequipo.com.mx\/api\/wp\/v2\/users\/1"}],"replies":[{"embeddable":true,"href":"https:\/\/www.sonoraenequipo.com.mx\/api\/wp\/v2\/comments?post=186280"}],"version-history":[{"count":2,"href":"https:\/\/www.sonoraenequipo.com.mx\/api\/wp\/v2\/posts\/186280\/revisions"}],"predecessor-version":[{"id":186289,"href":"https:\/\/www.sonoraenequipo.com.mx\/api\/wp\/v2\/posts\/186280\/revisions\/186289"}],"wp:featuredmedia":[{"embeddable":true,"href":"https:\/\/www.sonoraenequipo.com.mx\/api\/wp\/v2\/media\/186276"}],"wp:attachment":[{"href":"https:\/\/www.sonoraenequipo.com.mx\/api\/wp\/v2\/media?parent=186280"}],"wp:term":[{"taxonomy":"category","embeddable":true,"href":"https:\/\/www.sonoraenequipo.com.mx\/api\/wp\/v2\/categories?post=186280"},{"taxonomy":"post_tag","embeddable":true,"href":"https:\/\/www.sonoraenequipo.com.mx\/api\/wp\/v2\/tags?post=186280"}],"curies":[{"name":"wp","href":"https:\/\/api.w.org\/{rel}","templated":true}]}}