{"id":186312,"date":"2024-03-25T11:29:00","date_gmt":"2024-03-25T18:29:00","guid":{"rendered":"https:\/\/www.sonoraenequipo.com.mx\/?p=186312"},"modified":"2024-03-29T20:08:10","modified_gmt":"2024-03-30T03:08:10","slug":"expropiacion-petrolera-decision-trascendental-de-lazaro-cardenas-presidente","status":"publish","type":"post","link":"https:\/\/www.sonoraenequipo.com.mx\/expropiacion-petrolera-decision-trascendental-de-lazaro-cardenas-presidente\/","title":{"rendered":"Expropiaci\u00f3n Petrolera, decisi\u00f3n trascendental de L\u00e1zaro C\u00e1rdenas: presidente"},"content":{"rendered":"<p>CIUDAD DE M\u00c9XICO. MX. \u2014 En la tercera etapa de su gobierno, L\u00e1zaro C\u00e1rdenas del R\u00edo (1895-1970) consolid\u00f3 la Expropiaci\u00f3n Petrolera, decisi\u00f3n hist\u00f3rica fundamental que independiz\u00f3 a M\u00e9xico de empresas extranjeras que ten\u00edan concesi\u00f3n sobre el petr\u00f3leo y le devolvi\u00f3 al pueblo este recurso natural, relat\u00f3 el presidente Andr\u00e9s Manuel L\u00f3pez Obrador.<\/p>\n<p>&nbsp;<\/p>\n<p>&nbsp;<\/p>\n<p> <br \/>\n<strong><em>\u201cYa que la gente, sobre todo los de abajo, est\u00e1n con \u00e9l y hay organizaci\u00f3n, entonces empieza a recuperar los bienes que se hab\u00edan entregado durante el porfiriato a extranjeros y as\u00ed es como se lleva a cabo la Expropiaci\u00f3n Petrolera\u201d<\/em><\/strong>, subray\u00f3.<\/p>\n<p>&nbsp;<\/p>\n<p>La medida anunciada el 18 de marzo de 1938 tuvo el respaldo de la mayor\u00eda de la gente. En la primera clase sobre C\u00e1rdenas, el jefe del Ejecutivo expuso que el expresidente atendi\u00f3 las demandas de campesinos y obreros e impuls\u00f3 la formaci\u00f3n de sindicatos nacionales.<\/p>\n<p>&nbsp;<\/p>\n<p>&nbsp;<\/p>\n<p>Durante la segunda sesi\u00f3n en conferencia matutina detall\u00f3 que las fotos de la \u00e9poca muestran el apoyo excepcional de mujeres y hombres ind\u00edgenas, campesinos, obreros, maestros, empleados e integrantes de la clase media baja.<\/p>\n<p>&nbsp;<\/p>\n<p>&nbsp;<\/p>\n<p><em><strong>\u201cFue el pueblo raso el que apoy\u00f3 y cooper\u00f3 con el gobierno para el pago de las indemnizaciones a las compa\u00f1\u00edas petroleras extranjeras. C\u00f3mo olvidar que tantas mujeres pobres donaron parte de sus bienes hasta animales de patio y sus humildes alhajas que pose\u00edan\u201d<\/strong><\/em>, indic\u00f3.<\/p>\n<p>&nbsp;<\/p>\n<p>&nbsp;<\/p>\n<p>Adem\u00e1s del respaldo popular, el sexenio del general C\u00e1rdenas (1934-1940) cont\u00f3 con una circunstancia externa favorable: el gobierno de Estados Unidos, encabezado por el presidente Franklin Delano Roosevelt, explic\u00f3 el mandatario a partir de la lectura del cap\u00edtulo \u2018El Humanismo Mexicano\u2019 de su \u00faltimo libro: \u00a1Gracias!<\/p>\n<p>&nbsp;<\/p>\n<p>&nbsp;<\/p>\n<p>Roosevelt impuls\u00f3 una pol\u00edtica de buena vecindad con pa\u00edses del continente americano, lo que qued\u00f3 demostrado en el respeto a la soberan\u00eda de M\u00e9xico durante la Expropiaci\u00f3n Petrolera, expuso el mandatario en la c\u00e1psula de historia dedicada a la juventud mexicana.<\/p>\n<p>&nbsp;<\/p>\n<p>&nbsp;<\/p>\n<p>Un personaje que abon\u00f3 a esta buena relaci\u00f3n entre naciones fue el embajador de Estados Unidos en M\u00e9xico, Josephus Daniels, quien afirm\u00f3 que el presidente C\u00e1rdenas tuvo raz\u00f3n al promover que la riqueza del subsuelo se convirtiera en parte de la econom\u00eda mexicana y que la crisis petrolera se deb\u00eda a la negativa sistem\u00e1tica de empresas extranjeras a modificar su visi\u00f3n.<\/p>\n<p>&nbsp;<\/p>\n<p>&nbsp;<\/p>\n<p>Al ser un pol\u00edtico visionario, el presidente C\u00e1rdenas puso en pr\u00e1ctica una pol\u00edtica eficaz, supo administrar el tiempo y entender las coyunturas pol\u00edticas y sociales que viv\u00eda M\u00e9xico en el contexto internacional previo al decreto de la Expropiaci\u00f3n Petrolera, indic\u00f3 el jefe del Ejecutivo.<\/p>\n<p>&nbsp;<\/p>\n<p>&nbsp;<\/p>\n<p>\u00abHicimos consideraciones de las circunstancias que podr\u00edan presentarse si Gobiernos como los de Inglaterra y Estados Unidos, interesados en respaldar a las empresas petroleras, presionaban al Gobierno de M\u00e9xico con medidas violentas; pero tomamos tambi\u00e9n en cuenta que se presenta ya la amenaza de una nueva guerra mundial con las provocaciones que desarrolla el imperialismo nazi-fascista, y que esto los detendr\u00eda de agredir a M\u00e9xico, en el caso de decretar la expropiaci\u00f3n\u00bb, anot\u00f3 C\u00e1rdenas en su diario despu\u00e9s de una conversaci\u00f3n con su maestro, amigo y compa\u00f1ero, el general Francisco J. M\u00fagica.<\/p>\n<p>&nbsp;<\/p>\n<p>&nbsp;<\/p>\n<p>La decisi\u00f3n del general C\u00e1rdenas fue extraordinaria para el desarrollo de M\u00e9xico. Sin embargo, enfrent\u00f3 el cuestionamiento de conservadores que se opusieron a la expropiaci\u00f3n del petr\u00f3leo, aun cuando no afectaba a intereses privados nacionales.<\/p>\n<p>&nbsp;<\/p>\n<p>&nbsp;<\/p>\n<p>Ma\u00f1ana, 26 de marzo, el presidente L\u00f3pez Obrador abordar\u00e1 este momento en la tercera y \u00faltima clase de historia sobre L\u00e1zaro C\u00e1rdenas del R\u00edo.<\/p>\n<p>&nbsp;<\/p>\n<p>&nbsp;<\/p>\n<p>Ante representantes de medios de comunicaci\u00f3n reiter\u00f3 que las clases de historia exaltan la grandeza cultural y la excepcional historia pol\u00edtica de M\u00e9xico.<\/p>\n<p>&nbsp;<\/p>\n<p>&nbsp;<\/p>\n<p><em><strong>\u201cEl actor, el protagonista principal de toda esta historia, siempre ha sido el pueblo de M\u00e9xico; es el motor del cambio, pero ha habido dirigentes excepcionales, que tambi\u00e9n no los tienen en otros pa\u00edses. Por eso tenemos que recordarlos porque todos ellos nos dejaron ense\u00f1anzas que son muy valiosas para enfrentar el presente y tener un mejor porvenir\u201d<\/strong><\/em>, asever\u00f3.<\/p>\n<p>&nbsp;<\/p>\n<p>&nbsp;<\/p>\n<p>PUBLICADO EL 25 DE MARZO DE 2024 Con informaci\u00f3n de conferencia matutina)<\/p>\n","protected":false},"excerpt":{"rendered":"<p>CIUDAD DE M\u00c9XICO. MX. \u2014 En la tercera etapa de su gobierno, L\u00e1zaro C\u00e1rdenas del&#8230;<\/p>\n","protected":false},"author":1,"featured_media":0,"comment_status":"open","ping_status":"open","sticky":false,"template":"","format":"standard","meta":{"_monsterinsights_skip_tracking":false,"_monsterinsights_sitenote_active":false,"_monsterinsights_sitenote_note":"","_monsterinsights_sitenote_category":0,"footnotes":""},"categories":[5],"tags":[],"class_list":["post"],"yoast_head":" \n<title>Sonora en Equipo. Expropiaci\u00f3n Petrolera, decisi\u00f3n trascendental de L\u00e1zaro C\u00e1rdenas: presidente Rep\u00fablica<\/title>\n<meta name=\"description\" content=\"CIUDAD DE M\u00c9XICO. MX. \u2014 En la tercera etapa de su gobierno, L\u00e1zaro C\u00e1rdenas del R\u00edo (1895-1970) consolid\u00f3 la Expropiaci\u00f3n Petrolera, decisi\u00f3n hist\u00f3rica En Sonora en Equipo publicamos toda la informaci\u00f3n de Sonora, M\u00e9xico y el Mundo de manera oportuna y busca que la libertad de expresi\u00f3n sea real. Visita nuestro medio informativo publicado desde Hermosillo, Sonora. %\" \/>\n<meta name=\"robots\" content=\"index, follow, max-snippet:-1, max-image-preview:large, max-video-preview:-1\" \/>\n<link rel=\"canonical\" href=\"https:\/\/www.sonoraenequipo.com.mx\/expropiacion-petrolera-decision-trascendental-de-lazaro-cardenas-presidente\/\" \/>\n<meta property=\"og:locale\" content=\"es_ES\" \/>\n<meta property=\"og:type\" content=\"article\" \/>\n<meta property=\"og:title\" content=\"Sonora en Equipo. Expropiaci\u00f3n Petrolera, decisi\u00f3n trascendental de L\u00e1zaro C\u00e1rdenas: presidente Rep\u00fablica\" \/>\n<meta property=\"og:description\" content=\"CIUDAD DE M\u00c9XICO. MX. \u2014 En la tercera etapa de su gobierno, L\u00e1zaro C\u00e1rdenas del R\u00edo (1895-1970) consolid\u00f3 la Expropiaci\u00f3n Petrolera, decisi\u00f3n hist\u00f3rica En Sonora en Equipo publicamos toda la informaci\u00f3n de Sonora, M\u00e9xico y el Mundo de manera oportuna y busca que la libertad de expresi\u00f3n sea real. Visita nuestro medio informativo publicado desde Hermosillo, Sonora. %\" \/>\n<meta property=\"og:url\" content=\"https:\/\/www.sonoraenequipo.com.mx\/expropiacion-petrolera-decision-trascendental-de-lazaro-cardenas-presidente\/\" \/>\n<meta property=\"og:site_name\" content=\"Sonora en Equipo.\" \/>\n<meta property=\"article:publisher\" content=\"https:\/\/www.facebook.com\/SonoraEE\/\" \/>\n<meta property=\"article:author\" content=\"https:\/\/www.facebook.com\/SonoraEE\" \/>\n<meta property=\"article:published_time\" content=\"2024-03-25T18:29:00+00:00\" \/>\n<meta property=\"article:modified_time\" content=\"2024-03-30T03:08:10+00:00\" \/>\n<meta name=\"author\" content=\"enequipo\" \/>\n<meta name=\"twitter:card\" content=\"summary_large_image\" \/>\n<meta name=\"twitter:creator\" content=\"@sonoraenequipo\" \/>\n<meta name=\"twitter:site\" content=\"@sonoraenequipo\" \/>\n<meta name=\"twitter:label1\" content=\"Escrito por\" \/>\n\t<meta name=\"twitter:data1\" content=\"enequipo\" \/>\n\t<meta name=\"twitter:label2\" content=\"Tiempo de lectura\" \/>\n\t<meta name=\"twitter:data2\" content=\"4 minutos\" \/>\n<script type=\"application\/ld+json\" class=\"yoast-schema-graph\">{\"@context\":\"https:\/\/schema.org\",\"@graph\":[{\"@type\":\"Article\",\"@id\":\"https:\/\/www.sonoraenequipo.com.mx\/expropiacion-petrolera-decision-trascendental-de-lazaro-cardenas-presidente\/#article\",\"isPartOf\":{\"@id\":\"https:\/\/www.sonoraenequipo.com.mx\/expropiacion-petrolera-decision-trascendental-de-lazaro-cardenas-presidente\/\"},\"author\":{\"name\":\"enequipo\",\"@id\":\"https:\/\/www.sonoraenequipo.com.mx\/#\/schema\/person\/50102df0fb23a8fa9e8effad8fa81386\"},\"headline\":\"Expropiaci\u00f3n Petrolera, decisi\u00f3n trascendental de L\u00e1zaro C\u00e1rdenas: presidente\",\"datePublished\":\"2024-03-25T18:29:00+00:00\",\"dateModified\":\"2024-03-30T03:08:10+00:00\",\"mainEntityOfPage\":{\"@id\":\"https:\/\/www.sonoraenequipo.com.mx\/expropiacion-petrolera-decision-trascendental-de-lazaro-cardenas-presidente\/\"},\"wordCount\":768,\"commentCount\":0,\"publisher\":{\"@id\":\"https:\/\/www.sonoraenequipo.com.mx\/#organization\"},\"articleSection\":[\"Rep\u00fablica\"],\"inLanguage\":\"es\",\"potentialAction\":[{\"@type\":\"CommentAction\",\"name\":\"Comment\",\"target\":[\"https:\/\/www.sonoraenequipo.com.mx\/expropiacion-petrolera-decision-trascendental-de-lazaro-cardenas-presidente\/#respond\"]}]},{\"@type\":\"WebPage\",\"@id\":\"https:\/\/www.sonoraenequipo.com.mx\/expropiacion-petrolera-decision-trascendental-de-lazaro-cardenas-presidente\/\",\"url\":\"https:\/\/www.sonoraenequipo.com.mx\/expropiacion-petrolera-decision-trascendental-de-lazaro-cardenas-presidente\/\",\"name\":\"Sonora en Equipo. Expropiaci\u00f3n Petrolera, decisi\u00f3n trascendental de L\u00e1zaro C\u00e1rdenas: presidente Rep\u00fablica\",\"isPartOf\":{\"@id\":\"https:\/\/www.sonoraenequipo.com.mx\/#website\"},\"datePublished\":\"2024-03-25T18:29:00+00:00\",\"dateModified\":\"2024-03-30T03:08:10+00:00\",\"description\":\"CIUDAD DE M\u00c9XICO. MX. \u2014 En la tercera etapa de su gobierno, L\u00e1zaro C\u00e1rdenas del R\u00edo (1895-1970) consolid\u00f3 la Expropiaci\u00f3n Petrolera, decisi\u00f3n hist\u00f3rica En Sonora en Equipo publicamos toda la informaci\u00f3n de Sonora, M\u00e9xico y el Mundo de manera oportuna y busca que la libertad de expresi\u00f3n sea real. Visita nuestro medio informativo publicado desde Hermosillo, Sonora. %\",\"breadcrumb\":{\"@id\":\"https:\/\/www.sonoraenequipo.com.mx\/expropiacion-petrolera-decision-trascendental-de-lazaro-cardenas-presidente\/#breadcrumb\"},\"inLanguage\":\"es\",\"potentialAction\":[{\"@type\":\"ReadAction\",\"target\":[\"https:\/\/www.sonoraenequipo.com.mx\/expropiacion-petrolera-decision-trascendental-de-lazaro-cardenas-presidente\/\"]}]},{\"@type\":\"BreadcrumbList\",\"@id\":\"https:\/\/www.sonoraenequipo.com.mx\/expropiacion-petrolera-decision-trascendental-de-lazaro-cardenas-presidente\/#breadcrumb\",\"itemListElement\":[{\"@type\":\"ListItem\",\"position\":1,\"name\":\"Portada\",\"item\":\"https:\/\/www.sonoraenequipo.com.mx\/\"},{\"@type\":\"ListItem\",\"position\":2,\"name\":\"Expropiaci\u00f3n Petrolera, decisi\u00f3n trascendental de L\u00e1zaro C\u00e1rdenas: presidente\"}]},{\"@type\":\"WebSite\",\"@id\":\"https:\/\/www.sonoraenequipo.com.mx\/#website\",\"url\":\"https:\/\/www.sonoraenequipo.com.mx\/\",\"name\":\"Sonora en Equipo.\",\"description\":\"Diario en l\u00ednea con Noticias desde Hermosillo, Sonora\",\"publisher\":{\"@id\":\"https:\/\/www.sonoraenequipo.com.mx\/#organization\"},\"potentialAction\":[{\"@type\":\"SearchAction\",\"target\":{\"@type\":\"EntryPoint\",\"urlTemplate\":\"https:\/\/www.sonoraenequipo.com.mx\/?s={search_term_string}\"},\"query-input\":{\"@type\":\"PropertyValueSpecification\",\"valueRequired\":true,\"valueName\":\"search_term_string\"}}],\"inLanguage\":\"es\"},{\"@type\":\"Organization\",\"@id\":\"https:\/\/www.sonoraenequipo.com.mx\/#organization\",\"name\":\"Sonoraenequipo.com.mx\",\"url\":\"https:\/\/www.sonoraenequipo.com.mx\/\",\"logo\":{\"@type\":\"ImageObject\",\"inLanguage\":\"es\",\"@id\":\"https:\/\/www.sonoraenequipo.com.mx\/#\/schema\/logo\/image\/\",\"url\":\"https:\/\/www.sonoraenequipo.com.mx\/storage\/2019\/01\/sonoraenequipo_opt.png\",\"contentUrl\":\"https:\/\/www.sonoraenequipo.com.mx\/storage\/2019\/01\/sonoraenequipo_opt.png\",\"width\":375,\"height\":125,\"caption\":\"Sonoraenequipo.com.mx\"},\"image\":{\"@id\":\"https:\/\/www.sonoraenequipo.com.mx\/#\/schema\/logo\/image\/\"},\"sameAs\":[\"https:\/\/www.facebook.com\/SonoraEE\/\",\"https:\/\/x.com\/sonoraenequipo\",\"https:\/\/www.youtube.com\/channel\/UC338nW-lPEYmJQs4ZABQ1SQ\"]},{\"@type\":\"Person\",\"@id\":\"https:\/\/www.sonoraenequipo.com.mx\/#\/schema\/person\/50102df0fb23a8fa9e8effad8fa81386\",\"name\":\"enequipo\",\"image\":{\"@type\":\"ImageObject\",\"inLanguage\":\"es\",\"@id\":\"https:\/\/www.sonoraenequipo.com.mx\/#\/schema\/person\/image\/\",\"url\":\"https:\/\/secure.gravatar.com\/avatar\/049821681b589dabc0bc20695993ccebb09f5b5d4d790cd9251b97faac7c652b?s=96&d=blank&r=g\",\"contentUrl\":\"https:\/\/secure.gravatar.com\/avatar\/049821681b589dabc0bc20695993ccebb09f5b5d4d790cd9251b97faac7c652b?s=96&d=blank&r=g\",\"caption\":\"enequipo\"},\"sameAs\":[\"https:\/\/www.facebook.com\/SonoraEE\"]}]}<\/script>\n ","yoast_head_json":{"title":"Sonora en Equipo. Expropiaci\u00f3n Petrolera, decisi\u00f3n trascendental de L\u00e1zaro C\u00e1rdenas: presidente Rep\u00fablica","description":"CIUDAD DE M\u00c9XICO. MX. \u2014 En la tercera etapa de su gobierno, L\u00e1zaro C\u00e1rdenas del R\u00edo (1895-1970) consolid\u00f3 la Expropiaci\u00f3n Petrolera, decisi\u00f3n hist\u00f3rica En Sonora en Equipo publicamos toda la informaci\u00f3n de Sonora, M\u00e9xico y el Mundo de manera oportuna y busca que la libertad de expresi\u00f3n sea real. Visita nuestro medio informativo publicado desde Hermosillo, Sonora. %","robots":{"index":"index","follow":"follow","max-snippet":"max-snippet:-1","max-image-preview":"max-image-preview:large","max-video-preview":"max-video-preview:-1"},"canonical":"https:\/\/www.sonoraenequipo.com.mx\/expropiacion-petrolera-decision-trascendental-de-lazaro-cardenas-presidente\/","og_locale":"es_ES","og_type":"article","og_title":"Sonora en Equipo. Expropiaci\u00f3n Petrolera, decisi\u00f3n trascendental de L\u00e1zaro C\u00e1rdenas: presidente Rep\u00fablica","og_description":"CIUDAD DE M\u00c9XICO. MX. \u2014 En la tercera etapa de su gobierno, L\u00e1zaro C\u00e1rdenas del R\u00edo (1895-1970) consolid\u00f3 la Expropiaci\u00f3n Petrolera, decisi\u00f3n hist\u00f3rica En Sonora en Equipo publicamos toda la informaci\u00f3n de Sonora, M\u00e9xico y el Mundo de manera oportuna y busca que la libertad de expresi\u00f3n sea real. Visita nuestro medio informativo publicado desde Hermosillo, Sonora. %","og_url":"https:\/\/www.sonoraenequipo.com.mx\/expropiacion-petrolera-decision-trascendental-de-lazaro-cardenas-presidente\/","og_site_name":"Sonora en Equipo.","article_publisher":"https:\/\/www.facebook.com\/SonoraEE\/","article_author":"https:\/\/www.facebook.com\/SonoraEE","article_published_time":"2024-03-25T18:29:00+00:00","article_modified_time":"2024-03-30T03:08:10+00:00","author":"enequipo","twitter_card":"summary_large_image","twitter_creator":"@sonoraenequipo","twitter_site":"@sonoraenequipo","twitter_misc":{"Escrito por":"enequipo","Tiempo de lectura":"4 minutos"},"schema":{"@context":"https:\/\/schema.org","@graph":[{"@type":"Article","@id":"https:\/\/www.sonoraenequipo.com.mx\/expropiacion-petrolera-decision-trascendental-de-lazaro-cardenas-presidente\/#article","isPartOf":{"@id":"https:\/\/www.sonoraenequipo.com.mx\/expropiacion-petrolera-decision-trascendental-de-lazaro-cardenas-presidente\/"},"author":{"name":"enequipo","@id":"https:\/\/www.sonoraenequipo.com.mx\/#\/schema\/person\/50102df0fb23a8fa9e8effad8fa81386"},"headline":"Expropiaci\u00f3n Petrolera, decisi\u00f3n trascendental de L\u00e1zaro C\u00e1rdenas: presidente","datePublished":"2024-03-25T18:29:00+00:00","dateModified":"2024-03-30T03:08:10+00:00","mainEntityOfPage":{"@id":"https:\/\/www.sonoraenequipo.com.mx\/expropiacion-petrolera-decision-trascendental-de-lazaro-cardenas-presidente\/"},"wordCount":768,"commentCount":0,"publisher":{"@id":"https:\/\/www.sonoraenequipo.com.mx\/#organization"},"articleSection":["Rep\u00fablica"],"inLanguage":"es","potentialAction":[{"@type":"CommentAction","name":"Comment","target":["https:\/\/www.sonoraenequipo.com.mx\/expropiacion-petrolera-decision-trascendental-de-lazaro-cardenas-presidente\/#respond"]}]},{"@type":"WebPage","@id":"https:\/\/www.sonoraenequipo.com.mx\/expropiacion-petrolera-decision-trascendental-de-lazaro-cardenas-presidente\/","url":"https:\/\/www.sonoraenequipo.com.mx\/expropiacion-petrolera-decision-trascendental-de-lazaro-cardenas-presidente\/","name":"Sonora en Equipo. Expropiaci\u00f3n Petrolera, decisi\u00f3n trascendental de L\u00e1zaro C\u00e1rdenas: presidente Rep\u00fablica","isPartOf":{"@id":"https:\/\/www.sonoraenequipo.com.mx\/#website"},"datePublished":"2024-03-25T18:29:00+00:00","dateModified":"2024-03-30T03:08:10+00:00","description":"CIUDAD DE M\u00c9XICO. MX. \u2014 En la tercera etapa de su gobierno, L\u00e1zaro C\u00e1rdenas del R\u00edo (1895-1970) consolid\u00f3 la Expropiaci\u00f3n Petrolera, decisi\u00f3n hist\u00f3rica En Sonora en Equipo publicamos toda la informaci\u00f3n de Sonora, M\u00e9xico y el Mundo de manera oportuna y busca que la libertad de expresi\u00f3n sea real. Visita nuestro medio informativo publicado desde Hermosillo, Sonora. %","breadcrumb":{"@id":"https:\/\/www.sonoraenequipo.com.mx\/expropiacion-petrolera-decision-trascendental-de-lazaro-cardenas-presidente\/#breadcrumb"},"inLanguage":"es","potentialAction":[{"@type":"ReadAction","target":["https:\/\/www.sonoraenequipo.com.mx\/expropiacion-petrolera-decision-trascendental-de-lazaro-cardenas-presidente\/"]}]},{"@type":"BreadcrumbList","@id":"https:\/\/www.sonoraenequipo.com.mx\/expropiacion-petrolera-decision-trascendental-de-lazaro-cardenas-presidente\/#breadcrumb","itemListElement":[{"@type":"ListItem","position":1,"name":"Portada","item":"https:\/\/www.sonoraenequipo.com.mx\/"},{"@type":"ListItem","position":2,"name":"Expropiaci\u00f3n Petrolera, decisi\u00f3n trascendental de L\u00e1zaro C\u00e1rdenas: presidente"}]},{"@type":"WebSite","@id":"https:\/\/www.sonoraenequipo.com.mx\/#website","url":"https:\/\/www.sonoraenequipo.com.mx\/","name":"Sonora en Equipo.","description":"Diario en l\u00ednea con Noticias desde Hermosillo, Sonora","publisher":{"@id":"https:\/\/www.sonoraenequipo.com.mx\/#organization"},"potentialAction":[{"@type":"SearchAction","target":{"@type":"EntryPoint","urlTemplate":"https:\/\/www.sonoraenequipo.com.mx\/?s={search_term_string}"},"query-input":{"@type":"PropertyValueSpecification","valueRequired":true,"valueName":"search_term_string"}}],"inLanguage":"es"},{"@type":"Organization","@id":"https:\/\/www.sonoraenequipo.com.mx\/#organization","name":"Sonoraenequipo.com.mx","url":"https:\/\/www.sonoraenequipo.com.mx\/","logo":{"@type":"ImageObject","inLanguage":"es","@id":"https:\/\/www.sonoraenequipo.com.mx\/#\/schema\/logo\/image\/","url":"https:\/\/www.sonoraenequipo.com.mx\/storage\/2019\/01\/sonoraenequipo_opt.png","contentUrl":"https:\/\/www.sonoraenequipo.com.mx\/storage\/2019\/01\/sonoraenequipo_opt.png","width":375,"height":125,"caption":"Sonoraenequipo.com.mx"},"image":{"@id":"https:\/\/www.sonoraenequipo.com.mx\/#\/schema\/logo\/image\/"},"sameAs":["https:\/\/www.facebook.com\/SonoraEE\/","https:\/\/x.com\/sonoraenequipo","https:\/\/www.youtube.com\/channel\/UC338nW-lPEYmJQs4ZABQ1SQ"]},{"@type":"Person","@id":"https:\/\/www.sonoraenequipo.com.mx\/#\/schema\/person\/50102df0fb23a8fa9e8effad8fa81386","name":"enequipo","image":{"@type":"ImageObject","inLanguage":"es","@id":"https:\/\/www.sonoraenequipo.com.mx\/#\/schema\/person\/image\/","url":"https:\/\/secure.gravatar.com\/avatar\/049821681b589dabc0bc20695993ccebb09f5b5d4d790cd9251b97faac7c652b?s=96&d=blank&r=g","contentUrl":"https:\/\/secure.gravatar.com\/avatar\/049821681b589dabc0bc20695993ccebb09f5b5d4d790cd9251b97faac7c652b?s=96&d=blank&r=g","caption":"enequipo"},"sameAs":["https:\/\/www.facebook.com\/SonoraEE"]}]}},"jetpack_featured_media_url":"","_links":{"self":[{"href":"https:\/\/www.sonoraenequipo.com.mx\/api\/wp\/v2\/posts\/186312","targetHints":{"allow":["GET"]}}],"collection":[{"href":"https:\/\/www.sonoraenequipo.com.mx\/api\/wp\/v2\/posts"}],"about":[{"href":"https:\/\/www.sonoraenequipo.com.mx\/api\/wp\/v2\/types\/post"}],"author":[{"embeddable":true,"href":"https:\/\/www.sonoraenequipo.com.mx\/api\/wp\/v2\/users\/1"}],"replies":[{"embeddable":true,"href":"https:\/\/www.sonoraenequipo.com.mx\/api\/wp\/v2\/comments?post=186312"}],"version-history":[{"count":1,"href":"https:\/\/www.sonoraenequipo.com.mx\/api\/wp\/v2\/posts\/186312\/revisions"}],"predecessor-version":[{"id":186546,"href":"https:\/\/www.sonoraenequipo.com.mx\/api\/wp\/v2\/posts\/186312\/revisions\/186546"}],"wp:attachment":[{"href":"https:\/\/www.sonoraenequipo.com.mx\/api\/wp\/v2\/media?parent=186312"}],"wp:term":[{"taxonomy":"category","embeddable":true,"href":"https:\/\/www.sonoraenequipo.com.mx\/api\/wp\/v2\/categories?post=186312"},{"taxonomy":"post_tag","embeddable":true,"href":"https:\/\/www.sonoraenequipo.com.mx\/api\/wp\/v2\/tags?post=186312"}],"curies":[{"name":"wp","href":"https:\/\/api.w.org\/{rel}","templated":true}]}}