{"id":186549,"date":"2024-03-18T20:14:11","date_gmt":"2024-03-19T03:14:11","guid":{"rendered":"https:\/\/www.sonoraenequipo.com.mx\/?p=186549"},"modified":"2024-03-29T20:19:15","modified_gmt":"2024-03-30T03:19:15","slug":"el-gobierno-de-mexico-asegura-que-la-cifra-de-personas-desaparecidas-bajo-a-menos-de-100-000","status":"publish","type":"post","link":"https:\/\/www.sonoraenequipo.com.mx\/el-gobierno-de-mexico-asegura-que-la-cifra-de-personas-desaparecidas-bajo-a-menos-de-100-000\/","title":{"rendered":"El gobierno de M\u00e9xico asegura que la cifra de personas desaparecidas baj\u00f3 a menos de 100.000"},"content":{"rendered":"<p><strong>CIUDAD DE M\u00c9XICO. MX. \u2014\u00a0<\/strong> El gobierno mexicano actualiz\u00f3 el lunes de nuevo a la baja la cifra de desaparecidos que siguen en proceso de b\u00fasqueda por las autoridades y, tras descontar a varios miles que \u2014asegur\u00f3\u2014 ya fueron localizados, inform\u00f3 que hay 99.729 personas sobre las que se desconoce su paradero.<\/p>\n<p>&nbsp;<\/p>\n<p>&nbsp;<\/p>\n<p>Hace siete meses, el gobierno de M\u00e9xico daba cuenta de que casi 111.000 personas estaban reportadas como desaparecidas.<\/p>\n<p>&nbsp;<\/p>\n<p>La secretaria de Gobernaci\u00f3n, Luisa Mar\u00eda Alcalde, present\u00f3 en la conferencia matutina que ofrece cada d\u00eda el presidente Andr\u00e9s Manuel L\u00f3pez Obrador una variedad de cifras que, seg\u00fan sus c\u00e1lculos, resulta en una reducci\u00f3n del n\u00famero de desparecidos, pese a que los distintos estados del pa\u00eds reportaron 9.427 casos m\u00e1s entre agosto del a\u00f1o pasado y el 15 de marzo, como fecha de \u00faltimo corte.<\/p>\n<p>&nbsp;<\/p>\n<p>&nbsp;<\/p>\n<p>El gobierno ha sido blanco de cr\u00edticas de activistas y familiares que ven un posible intento de las autoridades de tratar de bajar el n\u00famero real de desaparecidos, una cifra que se dispar\u00f3 durante la administraci\u00f3n del presidente, quien asumi\u00f3 el poder en diciembre de 2018 y terminar\u00e1 su mandato en septiembre de este a\u00f1o.<\/p>\n<p>&nbsp;<\/p>\n<p>&nbsp;<\/p>\n<p>La secretaria de Gobernaci\u00f3n dijo que la baja en el total de personas en b\u00fasqueda se debe a que las localizadas, ya sea que han sido registradas oficialmente o a\u00fan est\u00e1n por formalizarse, superan a las nuevas desapariciones reportadas.<\/p>\n<p>&nbsp;<\/p>\n<p>&nbsp;<\/p>\n<p>Seg\u00fan las cifras del gobierno, las personas localizadas y as\u00ed registradas son m\u00e1s de 5.500 desde agosto a marzo, a lo que se suman las poco m\u00e1s de 15.100 localizadas, pero no formalizadas.<\/p>\n<p>&nbsp;<\/p>\n<p>&nbsp;<\/p>\n<p>Alcalde apunt\u00f3 en su intervenci\u00f3n que, de entre los que ya fueron ubicados, el 86% no fue v\u00edctima de delito. Estaban en su mayor\u00eda en su domicilio o en alguna direcci\u00f3n alterna.<\/p>\n<p>&nbsp;<\/p>\n<p>&nbsp;<\/p>\n<p>Asimismo, Alcalde indic\u00f3 que solo un 4% de los casos de personas localizadas estuvo relacionado con delitos previstos en la Ley General en Materia de Desaparici\u00f3n Forzada de Personas y Desaparici\u00f3n Cometida por Particulares y que un 10% de los casos fue por otros delitos, principalmente, violencia calificada como \u201cfamiliar\u201d por la funcionaria y que incluye casos de violencia de g\u00e9nero.<\/p>\n<p>&nbsp;<\/p>\n<p>&nbsp;<\/p>\n<p>Familiares de desaparecidos y organizaciones que se dedican a la b\u00fasqueda de personas han reclamado en anteriores ocasiones al gobierno mexicano por no buscar a los desaparecidos en fosas clandestinas a lo largo del pa\u00eds, sino por centrar sus tareas de localizaci\u00f3n en visitas a domicilios.<\/p>\n<p>&nbsp;<\/p>\n<p>&nbsp;<\/p>\n<p>El fen\u00f3meno de las desapariciones en M\u00e9xico se inici\u00f3 entre las d\u00e9cadas de 1960 y 1980, pero las cifras se dispararon a partir de la d\u00e9cada de 2000 con el incremento de las actividades del narcotr\u00e1fico y la guerra contra los c\u00e1rteles que emprendi\u00f3 el gobierno del expresidente Felipe Calder\u00f3n (2006-2012).<\/p>\n<p>&nbsp;<\/p>\n<p>&nbsp;<\/p>\n<p><em><strong>\u201cHasta donde informamos, hab\u00edamos realizado cinco jornadas de b\u00fasqueda, es decir, hemos ido a 111.641 domicilios, visitas\u201d<\/strong><\/em>, asegur\u00f3 la secretaria de Gobernaci\u00f3n en referencia al \u00faltimo reporte de diciembre. E indic\u00f3 que el pasado 7 de marzo se inici\u00f3 la sexta jornada de b\u00fasqueda, en todo el territorio nacional, que se extender\u00e1 hasta el 25 de marzo y que abarcar\u00e1 casi 31.700 domicilios con una movilizaci\u00f3n de 2.771 efectivos.<\/p>\n<p>&nbsp;<\/p>\n<p>&nbsp;<\/p>\n<p>Seg\u00fan Alcalde, aunque el registro de personas desaparecidas fue creado por el gobierno mexicano en 2019, contempla casos desde 1962.<\/p>\n<p>&nbsp;<\/p>\n<p>PUBLICADO EL 27 DE MARZO DE 2024 Con informaci\u00f3n de AP)<\/p>\n","protected":false},"excerpt":{"rendered":"<p>CIUDAD DE M\u00c9XICO. MX. \u2014\u00a0 El gobierno mexicano actualiz\u00f3 el lunes de nuevo a la&#8230;<\/p>\n","protected":false},"author":1,"featured_media":0,"comment_status":"open","ping_status":"open","sticky":false,"template":"","format":"standard","meta":{"_monsterinsights_skip_tracking":false,"_monsterinsights_sitenote_active":false,"_monsterinsights_sitenote_note":"","_monsterinsights_sitenote_category":0,"footnotes":""},"categories":[5],"tags":[],"class_list":["post"],"yoast_head":" \n<title>Sonora en Equipo. El gobierno de M\u00e9xico asegura que la cifra de personas desaparecidas baj\u00f3 a menos de 100.000 Rep\u00fablica<\/title>\n<meta name=\"description\" content=\"CIUDAD DE M\u00c9XICO. MX. \u2014\u00a0 El gobierno mexicano actualiz\u00f3 el lunes de nuevo a la baja la cifra de desaparecidos que siguen en proceso de b\u00fasqueda por las En Sonora en Equipo publicamos toda la informaci\u00f3n de Sonora, M\u00e9xico y el Mundo de manera oportuna y busca que la libertad de expresi\u00f3n sea real. Visita nuestro medio informativo publicado desde Hermosillo, Sonora. %\" \/>\n<meta name=\"robots\" content=\"index, follow, max-snippet:-1, max-image-preview:large, max-video-preview:-1\" \/>\n<link rel=\"canonical\" href=\"https:\/\/www.sonoraenequipo.com.mx\/el-gobierno-de-mexico-asegura-que-la-cifra-de-personas-desaparecidas-bajo-a-menos-de-100-000\/\" \/>\n<meta property=\"og:locale\" content=\"es_ES\" \/>\n<meta property=\"og:type\" content=\"article\" \/>\n<meta property=\"og:title\" content=\"Sonora en Equipo. El gobierno de M\u00e9xico asegura que la cifra de personas desaparecidas baj\u00f3 a menos de 100.000 Rep\u00fablica\" \/>\n<meta property=\"og:description\" content=\"CIUDAD DE M\u00c9XICO. MX. \u2014\u00a0 El gobierno mexicano actualiz\u00f3 el lunes de nuevo a la baja la cifra de desaparecidos que siguen en proceso de b\u00fasqueda por las En Sonora en Equipo publicamos toda la informaci\u00f3n de Sonora, M\u00e9xico y el Mundo de manera oportuna y busca que la libertad de expresi\u00f3n sea real. Visita nuestro medio informativo publicado desde Hermosillo, Sonora. %\" \/>\n<meta property=\"og:url\" content=\"https:\/\/www.sonoraenequipo.com.mx\/el-gobierno-de-mexico-asegura-que-la-cifra-de-personas-desaparecidas-bajo-a-menos-de-100-000\/\" \/>\n<meta property=\"og:site_name\" content=\"Sonora en Equipo.\" \/>\n<meta property=\"article:publisher\" content=\"https:\/\/www.facebook.com\/SonoraEE\/\" \/>\n<meta property=\"article:author\" content=\"https:\/\/www.facebook.com\/SonoraEE\" \/>\n<meta property=\"article:published_time\" content=\"2024-03-19T03:14:11+00:00\" \/>\n<meta property=\"article:modified_time\" content=\"2024-03-30T03:19:15+00:00\" \/>\n<meta name=\"author\" content=\"enequipo\" \/>\n<meta name=\"twitter:card\" content=\"summary_large_image\" \/>\n<meta name=\"twitter:creator\" content=\"@sonoraenequipo\" \/>\n<meta name=\"twitter:site\" content=\"@sonoraenequipo\" \/>\n<meta name=\"twitter:label1\" content=\"Escrito por\" \/>\n\t<meta name=\"twitter:data1\" content=\"enequipo\" \/>\n\t<meta name=\"twitter:label2\" content=\"Tiempo de lectura\" \/>\n\t<meta name=\"twitter:data2\" content=\"3 minutos\" \/>\n<script type=\"application\/ld+json\" class=\"yoast-schema-graph\">{\"@context\":\"https:\/\/schema.org\",\"@graph\":[{\"@type\":\"Article\",\"@id\":\"https:\/\/www.sonoraenequipo.com.mx\/el-gobierno-de-mexico-asegura-que-la-cifra-de-personas-desaparecidas-bajo-a-menos-de-100-000\/#article\",\"isPartOf\":{\"@id\":\"https:\/\/www.sonoraenequipo.com.mx\/el-gobierno-de-mexico-asegura-que-la-cifra-de-personas-desaparecidas-bajo-a-menos-de-100-000\/\"},\"author\":{\"name\":\"enequipo\",\"@id\":\"https:\/\/www.sonoraenequipo.com.mx\/#\/schema\/person\/50102df0fb23a8fa9e8effad8fa81386\"},\"headline\":\"El gobierno de M\u00e9xico asegura que la cifra de personas desaparecidas baj\u00f3 a menos de 100.000\",\"datePublished\":\"2024-03-19T03:14:11+00:00\",\"dateModified\":\"2024-03-30T03:19:15+00:00\",\"mainEntityOfPage\":{\"@id\":\"https:\/\/www.sonoraenequipo.com.mx\/el-gobierno-de-mexico-asegura-que-la-cifra-de-personas-desaparecidas-bajo-a-menos-de-100-000\/\"},\"wordCount\":617,\"commentCount\":0,\"publisher\":{\"@id\":\"https:\/\/www.sonoraenequipo.com.mx\/#organization\"},\"articleSection\":[\"Rep\u00fablica\"],\"inLanguage\":\"es\",\"potentialAction\":[{\"@type\":\"CommentAction\",\"name\":\"Comment\",\"target\":[\"https:\/\/www.sonoraenequipo.com.mx\/el-gobierno-de-mexico-asegura-que-la-cifra-de-personas-desaparecidas-bajo-a-menos-de-100-000\/#respond\"]}]},{\"@type\":\"WebPage\",\"@id\":\"https:\/\/www.sonoraenequipo.com.mx\/el-gobierno-de-mexico-asegura-que-la-cifra-de-personas-desaparecidas-bajo-a-menos-de-100-000\/\",\"url\":\"https:\/\/www.sonoraenequipo.com.mx\/el-gobierno-de-mexico-asegura-que-la-cifra-de-personas-desaparecidas-bajo-a-menos-de-100-000\/\",\"name\":\"Sonora en Equipo. El gobierno de M\u00e9xico asegura que la cifra de personas desaparecidas baj\u00f3 a menos de 100.000 Rep\u00fablica\",\"isPartOf\":{\"@id\":\"https:\/\/www.sonoraenequipo.com.mx\/#website\"},\"datePublished\":\"2024-03-19T03:14:11+00:00\",\"dateModified\":\"2024-03-30T03:19:15+00:00\",\"description\":\"CIUDAD DE M\u00c9XICO. MX. \u2014\u00a0 El gobierno mexicano actualiz\u00f3 el lunes de nuevo a la baja la cifra de desaparecidos que siguen en proceso de b\u00fasqueda por las En Sonora en Equipo publicamos toda la informaci\u00f3n de Sonora, M\u00e9xico y el Mundo de manera oportuna y busca que la libertad de expresi\u00f3n sea real. Visita nuestro medio informativo publicado desde Hermosillo, Sonora. %\",\"breadcrumb\":{\"@id\":\"https:\/\/www.sonoraenequipo.com.mx\/el-gobierno-de-mexico-asegura-que-la-cifra-de-personas-desaparecidas-bajo-a-menos-de-100-000\/#breadcrumb\"},\"inLanguage\":\"es\",\"potentialAction\":[{\"@type\":\"ReadAction\",\"target\":[\"https:\/\/www.sonoraenequipo.com.mx\/el-gobierno-de-mexico-asegura-que-la-cifra-de-personas-desaparecidas-bajo-a-menos-de-100-000\/\"]}]},{\"@type\":\"BreadcrumbList\",\"@id\":\"https:\/\/www.sonoraenequipo.com.mx\/el-gobierno-de-mexico-asegura-que-la-cifra-de-personas-desaparecidas-bajo-a-menos-de-100-000\/#breadcrumb\",\"itemListElement\":[{\"@type\":\"ListItem\",\"position\":1,\"name\":\"Portada\",\"item\":\"https:\/\/www.sonoraenequipo.com.mx\/\"},{\"@type\":\"ListItem\",\"position\":2,\"name\":\"El gobierno de M\u00e9xico asegura que la cifra de personas desaparecidas baj\u00f3 a menos de 100.000\"}]},{\"@type\":\"WebSite\",\"@id\":\"https:\/\/www.sonoraenequipo.com.mx\/#website\",\"url\":\"https:\/\/www.sonoraenequipo.com.mx\/\",\"name\":\"Sonora en Equipo.\",\"description\":\"Diario en l\u00ednea con Noticias desde Hermosillo, Sonora\",\"publisher\":{\"@id\":\"https:\/\/www.sonoraenequipo.com.mx\/#organization\"},\"potentialAction\":[{\"@type\":\"SearchAction\",\"target\":{\"@type\":\"EntryPoint\",\"urlTemplate\":\"https:\/\/www.sonoraenequipo.com.mx\/?s={search_term_string}\"},\"query-input\":{\"@type\":\"PropertyValueSpecification\",\"valueRequired\":true,\"valueName\":\"search_term_string\"}}],\"inLanguage\":\"es\"},{\"@type\":\"Organization\",\"@id\":\"https:\/\/www.sonoraenequipo.com.mx\/#organization\",\"name\":\"Sonoraenequipo.com.mx\",\"url\":\"https:\/\/www.sonoraenequipo.com.mx\/\",\"logo\":{\"@type\":\"ImageObject\",\"inLanguage\":\"es\",\"@id\":\"https:\/\/www.sonoraenequipo.com.mx\/#\/schema\/logo\/image\/\",\"url\":\"https:\/\/www.sonoraenequipo.com.mx\/storage\/2019\/01\/sonoraenequipo_opt.png\",\"contentUrl\":\"https:\/\/www.sonoraenequipo.com.mx\/storage\/2019\/01\/sonoraenequipo_opt.png\",\"width\":375,\"height\":125,\"caption\":\"Sonoraenequipo.com.mx\"},\"image\":{\"@id\":\"https:\/\/www.sonoraenequipo.com.mx\/#\/schema\/logo\/image\/\"},\"sameAs\":[\"https:\/\/www.facebook.com\/SonoraEE\/\",\"https:\/\/x.com\/sonoraenequipo\",\"https:\/\/www.youtube.com\/channel\/UC338nW-lPEYmJQs4ZABQ1SQ\"]},{\"@type\":\"Person\",\"@id\":\"https:\/\/www.sonoraenequipo.com.mx\/#\/schema\/person\/50102df0fb23a8fa9e8effad8fa81386\",\"name\":\"enequipo\",\"image\":{\"@type\":\"ImageObject\",\"inLanguage\":\"es\",\"@id\":\"https:\/\/www.sonoraenequipo.com.mx\/#\/schema\/person\/image\/\",\"url\":\"https:\/\/secure.gravatar.com\/avatar\/049821681b589dabc0bc20695993ccebb09f5b5d4d790cd9251b97faac7c652b?s=96&d=blank&r=g\",\"contentUrl\":\"https:\/\/secure.gravatar.com\/avatar\/049821681b589dabc0bc20695993ccebb09f5b5d4d790cd9251b97faac7c652b?s=96&d=blank&r=g\",\"caption\":\"enequipo\"},\"sameAs\":[\"https:\/\/www.facebook.com\/SonoraEE\"]}]}<\/script>\n ","yoast_head_json":{"title":"Sonora en Equipo. El gobierno de M\u00e9xico asegura que la cifra de personas desaparecidas baj\u00f3 a menos de 100.000 Rep\u00fablica","description":"CIUDAD DE M\u00c9XICO. MX. \u2014\u00a0 El gobierno mexicano actualiz\u00f3 el lunes de nuevo a la baja la cifra de desaparecidos que siguen en proceso de b\u00fasqueda por las En Sonora en Equipo publicamos toda la informaci\u00f3n de Sonora, M\u00e9xico y el Mundo de manera oportuna y busca que la libertad de expresi\u00f3n sea real. Visita nuestro medio informativo publicado desde Hermosillo, Sonora. %","robots":{"index":"index","follow":"follow","max-snippet":"max-snippet:-1","max-image-preview":"max-image-preview:large","max-video-preview":"max-video-preview:-1"},"canonical":"https:\/\/www.sonoraenequipo.com.mx\/el-gobierno-de-mexico-asegura-que-la-cifra-de-personas-desaparecidas-bajo-a-menos-de-100-000\/","og_locale":"es_ES","og_type":"article","og_title":"Sonora en Equipo. El gobierno de M\u00e9xico asegura que la cifra de personas desaparecidas baj\u00f3 a menos de 100.000 Rep\u00fablica","og_description":"CIUDAD DE M\u00c9XICO. MX. \u2014\u00a0 El gobierno mexicano actualiz\u00f3 el lunes de nuevo a la baja la cifra de desaparecidos que siguen en proceso de b\u00fasqueda por las En Sonora en Equipo publicamos toda la informaci\u00f3n de Sonora, M\u00e9xico y el Mundo de manera oportuna y busca que la libertad de expresi\u00f3n sea real. Visita nuestro medio informativo publicado desde Hermosillo, Sonora. %","og_url":"https:\/\/www.sonoraenequipo.com.mx\/el-gobierno-de-mexico-asegura-que-la-cifra-de-personas-desaparecidas-bajo-a-menos-de-100-000\/","og_site_name":"Sonora en Equipo.","article_publisher":"https:\/\/www.facebook.com\/SonoraEE\/","article_author":"https:\/\/www.facebook.com\/SonoraEE","article_published_time":"2024-03-19T03:14:11+00:00","article_modified_time":"2024-03-30T03:19:15+00:00","author":"enequipo","twitter_card":"summary_large_image","twitter_creator":"@sonoraenequipo","twitter_site":"@sonoraenequipo","twitter_misc":{"Escrito por":"enequipo","Tiempo de lectura":"3 minutos"},"schema":{"@context":"https:\/\/schema.org","@graph":[{"@type":"Article","@id":"https:\/\/www.sonoraenequipo.com.mx\/el-gobierno-de-mexico-asegura-que-la-cifra-de-personas-desaparecidas-bajo-a-menos-de-100-000\/#article","isPartOf":{"@id":"https:\/\/www.sonoraenequipo.com.mx\/el-gobierno-de-mexico-asegura-que-la-cifra-de-personas-desaparecidas-bajo-a-menos-de-100-000\/"},"author":{"name":"enequipo","@id":"https:\/\/www.sonoraenequipo.com.mx\/#\/schema\/person\/50102df0fb23a8fa9e8effad8fa81386"},"headline":"El gobierno de M\u00e9xico asegura que la cifra de personas desaparecidas baj\u00f3 a menos de 100.000","datePublished":"2024-03-19T03:14:11+00:00","dateModified":"2024-03-30T03:19:15+00:00","mainEntityOfPage":{"@id":"https:\/\/www.sonoraenequipo.com.mx\/el-gobierno-de-mexico-asegura-que-la-cifra-de-personas-desaparecidas-bajo-a-menos-de-100-000\/"},"wordCount":617,"commentCount":0,"publisher":{"@id":"https:\/\/www.sonoraenequipo.com.mx\/#organization"},"articleSection":["Rep\u00fablica"],"inLanguage":"es","potentialAction":[{"@type":"CommentAction","name":"Comment","target":["https:\/\/www.sonoraenequipo.com.mx\/el-gobierno-de-mexico-asegura-que-la-cifra-de-personas-desaparecidas-bajo-a-menos-de-100-000\/#respond"]}]},{"@type":"WebPage","@id":"https:\/\/www.sonoraenequipo.com.mx\/el-gobierno-de-mexico-asegura-que-la-cifra-de-personas-desaparecidas-bajo-a-menos-de-100-000\/","url":"https:\/\/www.sonoraenequipo.com.mx\/el-gobierno-de-mexico-asegura-que-la-cifra-de-personas-desaparecidas-bajo-a-menos-de-100-000\/","name":"Sonora en Equipo. El gobierno de M\u00e9xico asegura que la cifra de personas desaparecidas baj\u00f3 a menos de 100.000 Rep\u00fablica","isPartOf":{"@id":"https:\/\/www.sonoraenequipo.com.mx\/#website"},"datePublished":"2024-03-19T03:14:11+00:00","dateModified":"2024-03-30T03:19:15+00:00","description":"CIUDAD DE M\u00c9XICO. MX. \u2014\u00a0 El gobierno mexicano actualiz\u00f3 el lunes de nuevo a la baja la cifra de desaparecidos que siguen en proceso de b\u00fasqueda por las En Sonora en Equipo publicamos toda la informaci\u00f3n de Sonora, M\u00e9xico y el Mundo de manera oportuna y busca que la libertad de expresi\u00f3n sea real. Visita nuestro medio informativo publicado desde Hermosillo, Sonora. %","breadcrumb":{"@id":"https:\/\/www.sonoraenequipo.com.mx\/el-gobierno-de-mexico-asegura-que-la-cifra-de-personas-desaparecidas-bajo-a-menos-de-100-000\/#breadcrumb"},"inLanguage":"es","potentialAction":[{"@type":"ReadAction","target":["https:\/\/www.sonoraenequipo.com.mx\/el-gobierno-de-mexico-asegura-que-la-cifra-de-personas-desaparecidas-bajo-a-menos-de-100-000\/"]}]},{"@type":"BreadcrumbList","@id":"https:\/\/www.sonoraenequipo.com.mx\/el-gobierno-de-mexico-asegura-que-la-cifra-de-personas-desaparecidas-bajo-a-menos-de-100-000\/#breadcrumb","itemListElement":[{"@type":"ListItem","position":1,"name":"Portada","item":"https:\/\/www.sonoraenequipo.com.mx\/"},{"@type":"ListItem","position":2,"name":"El gobierno de M\u00e9xico asegura que la cifra de personas desaparecidas baj\u00f3 a menos de 100.000"}]},{"@type":"WebSite","@id":"https:\/\/www.sonoraenequipo.com.mx\/#website","url":"https:\/\/www.sonoraenequipo.com.mx\/","name":"Sonora en Equipo.","description":"Diario en l\u00ednea con Noticias desde Hermosillo, Sonora","publisher":{"@id":"https:\/\/www.sonoraenequipo.com.mx\/#organization"},"potentialAction":[{"@type":"SearchAction","target":{"@type":"EntryPoint","urlTemplate":"https:\/\/www.sonoraenequipo.com.mx\/?s={search_term_string}"},"query-input":{"@type":"PropertyValueSpecification","valueRequired":true,"valueName":"search_term_string"}}],"inLanguage":"es"},{"@type":"Organization","@id":"https:\/\/www.sonoraenequipo.com.mx\/#organization","name":"Sonoraenequipo.com.mx","url":"https:\/\/www.sonoraenequipo.com.mx\/","logo":{"@type":"ImageObject","inLanguage":"es","@id":"https:\/\/www.sonoraenequipo.com.mx\/#\/schema\/logo\/image\/","url":"https:\/\/www.sonoraenequipo.com.mx\/storage\/2019\/01\/sonoraenequipo_opt.png","contentUrl":"https:\/\/www.sonoraenequipo.com.mx\/storage\/2019\/01\/sonoraenequipo_opt.png","width":375,"height":125,"caption":"Sonoraenequipo.com.mx"},"image":{"@id":"https:\/\/www.sonoraenequipo.com.mx\/#\/schema\/logo\/image\/"},"sameAs":["https:\/\/www.facebook.com\/SonoraEE\/","https:\/\/x.com\/sonoraenequipo","https:\/\/www.youtube.com\/channel\/UC338nW-lPEYmJQs4ZABQ1SQ"]},{"@type":"Person","@id":"https:\/\/www.sonoraenequipo.com.mx\/#\/schema\/person\/50102df0fb23a8fa9e8effad8fa81386","name":"enequipo","image":{"@type":"ImageObject","inLanguage":"es","@id":"https:\/\/www.sonoraenequipo.com.mx\/#\/schema\/person\/image\/","url":"https:\/\/secure.gravatar.com\/avatar\/049821681b589dabc0bc20695993ccebb09f5b5d4d790cd9251b97faac7c652b?s=96&d=blank&r=g","contentUrl":"https:\/\/secure.gravatar.com\/avatar\/049821681b589dabc0bc20695993ccebb09f5b5d4d790cd9251b97faac7c652b?s=96&d=blank&r=g","caption":"enequipo"},"sameAs":["https:\/\/www.facebook.com\/SonoraEE"]}]}},"jetpack_featured_media_url":"","_links":{"self":[{"href":"https:\/\/www.sonoraenequipo.com.mx\/api\/wp\/v2\/posts\/186549","targetHints":{"allow":["GET"]}}],"collection":[{"href":"https:\/\/www.sonoraenequipo.com.mx\/api\/wp\/v2\/posts"}],"about":[{"href":"https:\/\/www.sonoraenequipo.com.mx\/api\/wp\/v2\/types\/post"}],"author":[{"embeddable":true,"href":"https:\/\/www.sonoraenequipo.com.mx\/api\/wp\/v2\/users\/1"}],"replies":[{"embeddable":true,"href":"https:\/\/www.sonoraenequipo.com.mx\/api\/wp\/v2\/comments?post=186549"}],"version-history":[{"count":1,"href":"https:\/\/www.sonoraenequipo.com.mx\/api\/wp\/v2\/posts\/186549\/revisions"}],"predecessor-version":[{"id":186550,"href":"https:\/\/www.sonoraenequipo.com.mx\/api\/wp\/v2\/posts\/186549\/revisions\/186550"}],"wp:attachment":[{"href":"https:\/\/www.sonoraenequipo.com.mx\/api\/wp\/v2\/media?parent=186549"}],"wp:term":[{"taxonomy":"category","embeddable":true,"href":"https:\/\/www.sonoraenequipo.com.mx\/api\/wp\/v2\/categories?post=186549"},{"taxonomy":"post_tag","embeddable":true,"href":"https:\/\/www.sonoraenequipo.com.mx\/api\/wp\/v2\/tags?post=186549"}],"curies":[{"name":"wp","href":"https:\/\/api.w.org\/{rel}","templated":true}]}}