{"id":186896,"date":"2024-04-03T15:18:58","date_gmt":"2024-04-03T22:18:58","guid":{"rendered":"https:\/\/www.sonoraenequipo.com.mx\/?p=186896"},"modified":"2024-04-03T16:32:50","modified_gmt":"2024-04-03T23:32:50","slug":"en-sonora-no-hay-zonas-de-riesgo-para-candidatos-dice-iee","status":"publish","type":"post","link":"https:\/\/www.sonoraenequipo.com.mx\/en-sonora-no-hay-zonas-de-riesgo-para-candidatos-dice-iee\/","title":{"rendered":"En Sonora no hay zonas de riesgo para candidatos dice IEE"},"content":{"rendered":"<p><strong>HERMOSILLO, SONORA. MX. \u2014 <\/strong>Con base en el hist\u00f3rico de los procesos electorales locales, en Sonora no hay zonas catalogadas como de riesgo para candidatas y candidatos a cargos de elecci\u00f3n popular, asegur\u00f3 el presidente del Instituto Estatal Electoral y de Participaci\u00f3n Ciudadana (IEEyPC), Nery Ruiz Arvizu.<\/p>\n<p>&nbsp;<\/p>\n<p> <\/p>\n<p>Se\u00f1al\u00f3 que, a pesar de que en el proceso electoral anterior se registr\u00f3 el homicidio de Abel Murrieta, quien contend\u00eda por la alcald\u00eda de Cajeme, pero no representa una zoma marcada con la misma tendencia.<\/p>\n<p>&nbsp;<\/p>\n<p>&nbsp;<\/p>\n<p>Refiri\u00f3 que, previo al inicio de campa\u00f1as se trabaja en coordinaci\u00f3n con las corporaciones de seguridad que integran la Mesa Estatal para la implementaci\u00f3n de los protocolos de protecci\u00f3n, principalmente en la regi\u00f3n noroeste.<\/p>\n<p>&nbsp;<\/p>\n<p>&nbsp;<\/p>\n<p><strong><em>\u201cLa Mesa de Seguridad tiene sus \u00e1reas de riesgo, dependiendo de la materia, en el \u00e1rea electoral nosotros no tenemos ning\u00fan incidente, todav\u00eda la semana que entra nosotros estaremos haciendo recorridos de capacitaci\u00f3n y ah\u00ed ya tendremos m\u00e1s informaci\u00f3n. Evidentemente si hay una regi\u00f3n, digamos, all\u00e1, en la pare de Altar Pitiquito, S\u00e1ric, esa parte, que nos preocupa un poco, pero nada que sea con incidentes que hayan sucedido\u201d.<\/em><\/strong><\/p>\n<p>&nbsp;<\/p>\n<p>&nbsp;<\/p>\n<p>El presidente del \u00f3rgano electoral en Sonora dijo que, la fecha l\u00edmite para la aprobaci\u00f3n de candidaturas es el 19 de abril, y a partir de entonces los partidos pol\u00edticos pueden solicitar protecci\u00f3n para sus contendientes.<\/p>\n<p>&nbsp;<\/p>\n<p>&nbsp;<\/p>\n<p>PUBLICADO EL 03 DE ABRIL DE 2024 Con informaci\u00f3n de \u00c1ngel Lozano)<\/p>\n","protected":false},"excerpt":{"rendered":"<p>HERMOSILLO, SONORA. MX. \u2014 Con base en el hist\u00f3rico de los procesos electorales locales, en&#8230;<\/p>\n","protected":false},"author":1,"featured_media":186897,"comment_status":"open","ping_status":"open","sticky":false,"template":"","format":"standard","meta":{"_monsterinsights_skip_tracking":false,"_monsterinsights_sitenote_active":false,"_monsterinsights_sitenote_note":"","_monsterinsights_sitenote_category":0,"footnotes":""},"categories":[22],"tags":[],"class_list":["post"],"yoast_head":" \n<title>Sonora en Equipo. En Sonora no hay zonas de riesgo para candidatos dice IEE Sonora<\/title>\n<meta name=\"description\" content=\"HERMOSILLO, SONORA. MX. \u2014 Con base en el hist\u00f3rico de los procesos electorales locales, en Sonora no hay zonas catalogadas como de riesgo para candidatas En Sonora en Equipo publicamos toda la informaci\u00f3n de Sonora, M\u00e9xico y el Mundo de manera oportuna y busca que la libertad de expresi\u00f3n sea real. Visita nuestro medio informativo publicado desde Hermosillo, Sonora. %\" \/>\n<meta name=\"robots\" content=\"index, follow, max-snippet:-1, max-image-preview:large, max-video-preview:-1\" \/>\n<link rel=\"canonical\" href=\"https:\/\/www.sonoraenequipo.com.mx\/en-sonora-no-hay-zonas-de-riesgo-para-candidatos-dice-iee\/\" \/>\n<meta property=\"og:locale\" content=\"es_ES\" \/>\n<meta property=\"og:type\" content=\"article\" \/>\n<meta property=\"og:title\" content=\"Sonora en Equipo. En Sonora no hay zonas de riesgo para candidatos dice IEE Sonora\" \/>\n<meta property=\"og:description\" content=\"HERMOSILLO, SONORA. MX. \u2014 Con base en el hist\u00f3rico de los procesos electorales locales, en Sonora no hay zonas catalogadas como de riesgo para candidatas En Sonora en Equipo publicamos toda la informaci\u00f3n de Sonora, M\u00e9xico y el Mundo de manera oportuna y busca que la libertad de expresi\u00f3n sea real. Visita nuestro medio informativo publicado desde Hermosillo, Sonora. %\" \/>\n<meta property=\"og:url\" content=\"https:\/\/www.sonoraenequipo.com.mx\/en-sonora-no-hay-zonas-de-riesgo-para-candidatos-dice-iee\/\" \/>\n<meta property=\"og:site_name\" content=\"Sonora en Equipo.\" \/>\n<meta property=\"article:publisher\" content=\"https:\/\/www.facebook.com\/SonoraEE\/\" \/>\n<meta property=\"article:author\" content=\"https:\/\/www.facebook.com\/SonoraEE\" \/>\n<meta property=\"article:published_time\" content=\"2024-04-03T22:18:58+00:00\" \/>\n<meta property=\"article:modified_time\" content=\"2024-04-03T23:32:50+00:00\" \/>\n<meta property=\"og:image\" content=\"https:\/\/www.sonoraenequipo.com.mx\/storage\/2024\/04\/IEEyPC-Nery-Ruiz-Arvizu-min.jpg\" \/>\n\t<meta property=\"og:image:width\" content=\"889\" \/>\n\t<meta property=\"og:image:height\" content=\"481\" \/>\n\t<meta property=\"og:image:type\" content=\"image\/jpeg\" \/>\n<meta name=\"author\" content=\"enequipo\" \/>\n<meta name=\"twitter:card\" content=\"summary_large_image\" \/>\n<meta name=\"twitter:creator\" content=\"@sonoraenequipo\" \/>\n<meta name=\"twitter:site\" content=\"@sonoraenequipo\" \/>\n<meta name=\"twitter:label1\" content=\"Escrito por\" \/>\n\t<meta name=\"twitter:data1\" content=\"enequipo\" \/>\n\t<meta name=\"twitter:label2\" content=\"Tiempo de lectura\" \/>\n\t<meta name=\"twitter:data2\" content=\"1 minuto\" \/>\n<script type=\"application\/ld+json\" class=\"yoast-schema-graph\">{\"@context\":\"https:\/\/schema.org\",\"@graph\":[{\"@type\":\"Article\",\"@id\":\"https:\/\/www.sonoraenequipo.com.mx\/en-sonora-no-hay-zonas-de-riesgo-para-candidatos-dice-iee\/#article\",\"isPartOf\":{\"@id\":\"https:\/\/www.sonoraenequipo.com.mx\/en-sonora-no-hay-zonas-de-riesgo-para-candidatos-dice-iee\/\"},\"author\":{\"name\":\"enequipo\",\"@id\":\"https:\/\/www.sonoraenequipo.com.mx\/#\/schema\/person\/50102df0fb23a8fa9e8effad8fa81386\"},\"headline\":\"En Sonora no hay zonas de riesgo para candidatos dice IEE\",\"datePublished\":\"2024-04-03T22:18:58+00:00\",\"dateModified\":\"2024-04-03T23:32:50+00:00\",\"mainEntityOfPage\":{\"@id\":\"https:\/\/www.sonoraenequipo.com.mx\/en-sonora-no-hay-zonas-de-riesgo-para-candidatos-dice-iee\/\"},\"wordCount\":272,\"commentCount\":0,\"publisher\":{\"@id\":\"https:\/\/www.sonoraenequipo.com.mx\/#organization\"},\"image\":{\"@id\":\"https:\/\/www.sonoraenequipo.com.mx\/en-sonora-no-hay-zonas-de-riesgo-para-candidatos-dice-iee\/#primaryimage\"},\"thumbnailUrl\":\"https:\/\/www.sonoraenequipo.com.mx\/storage\/2024\/04\/IEEyPC-Nery-Ruiz-Arvizu-min.jpg\",\"articleSection\":[\"Sonora\"],\"inLanguage\":\"es\",\"potentialAction\":[{\"@type\":\"CommentAction\",\"name\":\"Comment\",\"target\":[\"https:\/\/www.sonoraenequipo.com.mx\/en-sonora-no-hay-zonas-de-riesgo-para-candidatos-dice-iee\/#respond\"]}]},{\"@type\":\"WebPage\",\"@id\":\"https:\/\/www.sonoraenequipo.com.mx\/en-sonora-no-hay-zonas-de-riesgo-para-candidatos-dice-iee\/\",\"url\":\"https:\/\/www.sonoraenequipo.com.mx\/en-sonora-no-hay-zonas-de-riesgo-para-candidatos-dice-iee\/\",\"name\":\"Sonora en Equipo. En Sonora no hay zonas de riesgo para candidatos dice IEE Sonora\",\"isPartOf\":{\"@id\":\"https:\/\/www.sonoraenequipo.com.mx\/#website\"},\"primaryImageOfPage\":{\"@id\":\"https:\/\/www.sonoraenequipo.com.mx\/en-sonora-no-hay-zonas-de-riesgo-para-candidatos-dice-iee\/#primaryimage\"},\"image\":{\"@id\":\"https:\/\/www.sonoraenequipo.com.mx\/en-sonora-no-hay-zonas-de-riesgo-para-candidatos-dice-iee\/#primaryimage\"},\"thumbnailUrl\":\"https:\/\/www.sonoraenequipo.com.mx\/storage\/2024\/04\/IEEyPC-Nery-Ruiz-Arvizu-min.jpg\",\"datePublished\":\"2024-04-03T22:18:58+00:00\",\"dateModified\":\"2024-04-03T23:32:50+00:00\",\"description\":\"HERMOSILLO, SONORA. MX. \u2014 Con base en el hist\u00f3rico de los procesos electorales locales, en Sonora no hay zonas catalogadas como de riesgo para candidatas En Sonora en Equipo publicamos toda la informaci\u00f3n de Sonora, M\u00e9xico y el Mundo de manera oportuna y busca que la libertad de expresi\u00f3n sea real. Visita nuestro medio informativo publicado desde Hermosillo, Sonora. %\",\"breadcrumb\":{\"@id\":\"https:\/\/www.sonoraenequipo.com.mx\/en-sonora-no-hay-zonas-de-riesgo-para-candidatos-dice-iee\/#breadcrumb\"},\"inLanguage\":\"es\",\"potentialAction\":[{\"@type\":\"ReadAction\",\"target\":[\"https:\/\/www.sonoraenequipo.com.mx\/en-sonora-no-hay-zonas-de-riesgo-para-candidatos-dice-iee\/\"]}]},{\"@type\":\"ImageObject\",\"inLanguage\":\"es\",\"@id\":\"https:\/\/www.sonoraenequipo.com.mx\/en-sonora-no-hay-zonas-de-riesgo-para-candidatos-dice-iee\/#primaryimage\",\"url\":\"https:\/\/www.sonoraenequipo.com.mx\/storage\/2024\/04\/IEEyPC-Nery-Ruiz-Arvizu-min.jpg\",\"contentUrl\":\"https:\/\/www.sonoraenequipo.com.mx\/storage\/2024\/04\/IEEyPC-Nery-Ruiz-Arvizu-min.jpg\",\"width\":889,\"height\":481},{\"@type\":\"BreadcrumbList\",\"@id\":\"https:\/\/www.sonoraenequipo.com.mx\/en-sonora-no-hay-zonas-de-riesgo-para-candidatos-dice-iee\/#breadcrumb\",\"itemListElement\":[{\"@type\":\"ListItem\",\"position\":1,\"name\":\"Portada\",\"item\":\"https:\/\/www.sonoraenequipo.com.mx\/\"},{\"@type\":\"ListItem\",\"position\":2,\"name\":\"En Sonora no hay zonas de riesgo para candidatos dice IEE\"}]},{\"@type\":\"WebSite\",\"@id\":\"https:\/\/www.sonoraenequipo.com.mx\/#website\",\"url\":\"https:\/\/www.sonoraenequipo.com.mx\/\",\"name\":\"Sonora en Equipo.\",\"description\":\"Diario en l\u00ednea con Noticias desde Hermosillo, Sonora\",\"publisher\":{\"@id\":\"https:\/\/www.sonoraenequipo.com.mx\/#organization\"},\"potentialAction\":[{\"@type\":\"SearchAction\",\"target\":{\"@type\":\"EntryPoint\",\"urlTemplate\":\"https:\/\/www.sonoraenequipo.com.mx\/?s={search_term_string}\"},\"query-input\":{\"@type\":\"PropertyValueSpecification\",\"valueRequired\":true,\"valueName\":\"search_term_string\"}}],\"inLanguage\":\"es\"},{\"@type\":\"Organization\",\"@id\":\"https:\/\/www.sonoraenequipo.com.mx\/#organization\",\"name\":\"Sonoraenequipo.com.mx\",\"url\":\"https:\/\/www.sonoraenequipo.com.mx\/\",\"logo\":{\"@type\":\"ImageObject\",\"inLanguage\":\"es\",\"@id\":\"https:\/\/www.sonoraenequipo.com.mx\/#\/schema\/logo\/image\/\",\"url\":\"https:\/\/www.sonoraenequipo.com.mx\/storage\/2019\/01\/sonoraenequipo_opt.png\",\"contentUrl\":\"https:\/\/www.sonoraenequipo.com.mx\/storage\/2019\/01\/sonoraenequipo_opt.png\",\"width\":375,\"height\":125,\"caption\":\"Sonoraenequipo.com.mx\"},\"image\":{\"@id\":\"https:\/\/www.sonoraenequipo.com.mx\/#\/schema\/logo\/image\/\"},\"sameAs\":[\"https:\/\/www.facebook.com\/SonoraEE\/\",\"https:\/\/x.com\/sonoraenequipo\",\"https:\/\/www.youtube.com\/channel\/UC338nW-lPEYmJQs4ZABQ1SQ\"]},{\"@type\":\"Person\",\"@id\":\"https:\/\/www.sonoraenequipo.com.mx\/#\/schema\/person\/50102df0fb23a8fa9e8effad8fa81386\",\"name\":\"enequipo\",\"image\":{\"@type\":\"ImageObject\",\"inLanguage\":\"es\",\"@id\":\"https:\/\/www.sonoraenequipo.com.mx\/#\/schema\/person\/image\/\",\"url\":\"https:\/\/secure.gravatar.com\/avatar\/049821681b589dabc0bc20695993ccebb09f5b5d4d790cd9251b97faac7c652b?s=96&d=blank&r=g\",\"contentUrl\":\"https:\/\/secure.gravatar.com\/avatar\/049821681b589dabc0bc20695993ccebb09f5b5d4d790cd9251b97faac7c652b?s=96&d=blank&r=g\",\"caption\":\"enequipo\"},\"sameAs\":[\"https:\/\/www.facebook.com\/SonoraEE\"]}]}<\/script>\n ","yoast_head_json":{"title":"Sonora en Equipo. En Sonora no hay zonas de riesgo para candidatos dice IEE Sonora","description":"HERMOSILLO, SONORA. MX. \u2014 Con base en el hist\u00f3rico de los procesos electorales locales, en Sonora no hay zonas catalogadas como de riesgo para candidatas En Sonora en Equipo publicamos toda la informaci\u00f3n de Sonora, M\u00e9xico y el Mundo de manera oportuna y busca que la libertad de expresi\u00f3n sea real. Visita nuestro medio informativo publicado desde Hermosillo, Sonora. %","robots":{"index":"index","follow":"follow","max-snippet":"max-snippet:-1","max-image-preview":"max-image-preview:large","max-video-preview":"max-video-preview:-1"},"canonical":"https:\/\/www.sonoraenequipo.com.mx\/en-sonora-no-hay-zonas-de-riesgo-para-candidatos-dice-iee\/","og_locale":"es_ES","og_type":"article","og_title":"Sonora en Equipo. En Sonora no hay zonas de riesgo para candidatos dice IEE Sonora","og_description":"HERMOSILLO, SONORA. MX. \u2014 Con base en el hist\u00f3rico de los procesos electorales locales, en Sonora no hay zonas catalogadas como de riesgo para candidatas En Sonora en Equipo publicamos toda la informaci\u00f3n de Sonora, M\u00e9xico y el Mundo de manera oportuna y busca que la libertad de expresi\u00f3n sea real. Visita nuestro medio informativo publicado desde Hermosillo, Sonora. %","og_url":"https:\/\/www.sonoraenequipo.com.mx\/en-sonora-no-hay-zonas-de-riesgo-para-candidatos-dice-iee\/","og_site_name":"Sonora en Equipo.","article_publisher":"https:\/\/www.facebook.com\/SonoraEE\/","article_author":"https:\/\/www.facebook.com\/SonoraEE","article_published_time":"2024-04-03T22:18:58+00:00","article_modified_time":"2024-04-03T23:32:50+00:00","og_image":[{"width":889,"height":481,"url":"https:\/\/www.sonoraenequipo.com.mx\/storage\/2024\/04\/IEEyPC-Nery-Ruiz-Arvizu-min.jpg","type":"image\/jpeg"}],"author":"enequipo","twitter_card":"summary_large_image","twitter_creator":"@sonoraenequipo","twitter_site":"@sonoraenequipo","twitter_misc":{"Escrito por":"enequipo","Tiempo de lectura":"1 minuto"},"schema":{"@context":"https:\/\/schema.org","@graph":[{"@type":"Article","@id":"https:\/\/www.sonoraenequipo.com.mx\/en-sonora-no-hay-zonas-de-riesgo-para-candidatos-dice-iee\/#article","isPartOf":{"@id":"https:\/\/www.sonoraenequipo.com.mx\/en-sonora-no-hay-zonas-de-riesgo-para-candidatos-dice-iee\/"},"author":{"name":"enequipo","@id":"https:\/\/www.sonoraenequipo.com.mx\/#\/schema\/person\/50102df0fb23a8fa9e8effad8fa81386"},"headline":"En Sonora no hay zonas de riesgo para candidatos dice IEE","datePublished":"2024-04-03T22:18:58+00:00","dateModified":"2024-04-03T23:32:50+00:00","mainEntityOfPage":{"@id":"https:\/\/www.sonoraenequipo.com.mx\/en-sonora-no-hay-zonas-de-riesgo-para-candidatos-dice-iee\/"},"wordCount":272,"commentCount":0,"publisher":{"@id":"https:\/\/www.sonoraenequipo.com.mx\/#organization"},"image":{"@id":"https:\/\/www.sonoraenequipo.com.mx\/en-sonora-no-hay-zonas-de-riesgo-para-candidatos-dice-iee\/#primaryimage"},"thumbnailUrl":"https:\/\/www.sonoraenequipo.com.mx\/storage\/2024\/04\/IEEyPC-Nery-Ruiz-Arvizu-min.jpg","articleSection":["Sonora"],"inLanguage":"es","potentialAction":[{"@type":"CommentAction","name":"Comment","target":["https:\/\/www.sonoraenequipo.com.mx\/en-sonora-no-hay-zonas-de-riesgo-para-candidatos-dice-iee\/#respond"]}]},{"@type":"WebPage","@id":"https:\/\/www.sonoraenequipo.com.mx\/en-sonora-no-hay-zonas-de-riesgo-para-candidatos-dice-iee\/","url":"https:\/\/www.sonoraenequipo.com.mx\/en-sonora-no-hay-zonas-de-riesgo-para-candidatos-dice-iee\/","name":"Sonora en Equipo. En Sonora no hay zonas de riesgo para candidatos dice IEE Sonora","isPartOf":{"@id":"https:\/\/www.sonoraenequipo.com.mx\/#website"},"primaryImageOfPage":{"@id":"https:\/\/www.sonoraenequipo.com.mx\/en-sonora-no-hay-zonas-de-riesgo-para-candidatos-dice-iee\/#primaryimage"},"image":{"@id":"https:\/\/www.sonoraenequipo.com.mx\/en-sonora-no-hay-zonas-de-riesgo-para-candidatos-dice-iee\/#primaryimage"},"thumbnailUrl":"https:\/\/www.sonoraenequipo.com.mx\/storage\/2024\/04\/IEEyPC-Nery-Ruiz-Arvizu-min.jpg","datePublished":"2024-04-03T22:18:58+00:00","dateModified":"2024-04-03T23:32:50+00:00","description":"HERMOSILLO, SONORA. MX. \u2014 Con base en el hist\u00f3rico de los procesos electorales locales, en Sonora no hay zonas catalogadas como de riesgo para candidatas En Sonora en Equipo publicamos toda la informaci\u00f3n de Sonora, M\u00e9xico y el Mundo de manera oportuna y busca que la libertad de expresi\u00f3n sea real. Visita nuestro medio informativo publicado desde Hermosillo, Sonora. %","breadcrumb":{"@id":"https:\/\/www.sonoraenequipo.com.mx\/en-sonora-no-hay-zonas-de-riesgo-para-candidatos-dice-iee\/#breadcrumb"},"inLanguage":"es","potentialAction":[{"@type":"ReadAction","target":["https:\/\/www.sonoraenequipo.com.mx\/en-sonora-no-hay-zonas-de-riesgo-para-candidatos-dice-iee\/"]}]},{"@type":"ImageObject","inLanguage":"es","@id":"https:\/\/www.sonoraenequipo.com.mx\/en-sonora-no-hay-zonas-de-riesgo-para-candidatos-dice-iee\/#primaryimage","url":"https:\/\/www.sonoraenequipo.com.mx\/storage\/2024\/04\/IEEyPC-Nery-Ruiz-Arvizu-min.jpg","contentUrl":"https:\/\/www.sonoraenequipo.com.mx\/storage\/2024\/04\/IEEyPC-Nery-Ruiz-Arvizu-min.jpg","width":889,"height":481},{"@type":"BreadcrumbList","@id":"https:\/\/www.sonoraenequipo.com.mx\/en-sonora-no-hay-zonas-de-riesgo-para-candidatos-dice-iee\/#breadcrumb","itemListElement":[{"@type":"ListItem","position":1,"name":"Portada","item":"https:\/\/www.sonoraenequipo.com.mx\/"},{"@type":"ListItem","position":2,"name":"En Sonora no hay zonas de riesgo para candidatos dice IEE"}]},{"@type":"WebSite","@id":"https:\/\/www.sonoraenequipo.com.mx\/#website","url":"https:\/\/www.sonoraenequipo.com.mx\/","name":"Sonora en Equipo.","description":"Diario en l\u00ednea con Noticias desde Hermosillo, Sonora","publisher":{"@id":"https:\/\/www.sonoraenequipo.com.mx\/#organization"},"potentialAction":[{"@type":"SearchAction","target":{"@type":"EntryPoint","urlTemplate":"https:\/\/www.sonoraenequipo.com.mx\/?s={search_term_string}"},"query-input":{"@type":"PropertyValueSpecification","valueRequired":true,"valueName":"search_term_string"}}],"inLanguage":"es"},{"@type":"Organization","@id":"https:\/\/www.sonoraenequipo.com.mx\/#organization","name":"Sonoraenequipo.com.mx","url":"https:\/\/www.sonoraenequipo.com.mx\/","logo":{"@type":"ImageObject","inLanguage":"es","@id":"https:\/\/www.sonoraenequipo.com.mx\/#\/schema\/logo\/image\/","url":"https:\/\/www.sonoraenequipo.com.mx\/storage\/2019\/01\/sonoraenequipo_opt.png","contentUrl":"https:\/\/www.sonoraenequipo.com.mx\/storage\/2019\/01\/sonoraenequipo_opt.png","width":375,"height":125,"caption":"Sonoraenequipo.com.mx"},"image":{"@id":"https:\/\/www.sonoraenequipo.com.mx\/#\/schema\/logo\/image\/"},"sameAs":["https:\/\/www.facebook.com\/SonoraEE\/","https:\/\/x.com\/sonoraenequipo","https:\/\/www.youtube.com\/channel\/UC338nW-lPEYmJQs4ZABQ1SQ"]},{"@type":"Person","@id":"https:\/\/www.sonoraenequipo.com.mx\/#\/schema\/person\/50102df0fb23a8fa9e8effad8fa81386","name":"enequipo","image":{"@type":"ImageObject","inLanguage":"es","@id":"https:\/\/www.sonoraenequipo.com.mx\/#\/schema\/person\/image\/","url":"https:\/\/secure.gravatar.com\/avatar\/049821681b589dabc0bc20695993ccebb09f5b5d4d790cd9251b97faac7c652b?s=96&d=blank&r=g","contentUrl":"https:\/\/secure.gravatar.com\/avatar\/049821681b589dabc0bc20695993ccebb09f5b5d4d790cd9251b97faac7c652b?s=96&d=blank&r=g","caption":"enequipo"},"sameAs":["https:\/\/www.facebook.com\/SonoraEE"]}]}},"jetpack_featured_media_url":"https:\/\/www.sonoraenequipo.com.mx\/storage\/2024\/04\/IEEyPC-Nery-Ruiz-Arvizu-min.jpg","_links":{"self":[{"href":"https:\/\/www.sonoraenequipo.com.mx\/api\/wp\/v2\/posts\/186896","targetHints":{"allow":["GET"]}}],"collection":[{"href":"https:\/\/www.sonoraenequipo.com.mx\/api\/wp\/v2\/posts"}],"about":[{"href":"https:\/\/www.sonoraenequipo.com.mx\/api\/wp\/v2\/types\/post"}],"author":[{"embeddable":true,"href":"https:\/\/www.sonoraenequipo.com.mx\/api\/wp\/v2\/users\/1"}],"replies":[{"embeddable":true,"href":"https:\/\/www.sonoraenequipo.com.mx\/api\/wp\/v2\/comments?post=186896"}],"version-history":[{"count":1,"href":"https:\/\/www.sonoraenequipo.com.mx\/api\/wp\/v2\/posts\/186896\/revisions"}],"predecessor-version":[{"id":186904,"href":"https:\/\/www.sonoraenequipo.com.mx\/api\/wp\/v2\/posts\/186896\/revisions\/186904"}],"wp:featuredmedia":[{"embeddable":true,"href":"https:\/\/www.sonoraenequipo.com.mx\/api\/wp\/v2\/media\/186897"}],"wp:attachment":[{"href":"https:\/\/www.sonoraenequipo.com.mx\/api\/wp\/v2\/media?parent=186896"}],"wp:term":[{"taxonomy":"category","embeddable":true,"href":"https:\/\/www.sonoraenequipo.com.mx\/api\/wp\/v2\/categories?post=186896"},{"taxonomy":"post_tag","embeddable":true,"href":"https:\/\/www.sonoraenequipo.com.mx\/api\/wp\/v2\/tags?post=186896"}],"curies":[{"name":"wp","href":"https:\/\/api.w.org\/{rel}","templated":true}]}}