{"id":186913,"date":"2024-04-03T17:22:46","date_gmt":"2024-04-04T00:22:46","guid":{"rendered":"https:\/\/www.sonoraenequipo.com.mx\/?p=186913"},"modified":"2024-04-03T17:30:28","modified_gmt":"2024-04-04T00:30:28","slug":"congreso-de-sonora-realiza-cambios-a-la-ley-del-registro-civil-de-sonora","status":"publish","type":"post","link":"https:\/\/www.sonoraenequipo.com.mx\/congreso-de-sonora-realiza-cambios-a-la-ley-del-registro-civil-de-sonora\/","title":{"rendered":"Congreso de Sonora \u00a0realiza cambios a la ley del Registro Civil"},"content":{"rendered":"<p><strong>HERMOSILLO, SONORA, MX.\u02d7\u02d7\u02d7 <\/strong>El Congreso de Sonora aprob\u00f3 por unanimidad una acci\u00f3n legislativa que permitir\u00e1 garantizar el derecho humano a la personalidad de la ciudadan\u00eda mayor de 60 a\u00f1os que, por diversos motivos, no cuenta con un documento que avale su registro de nacimiento.<\/p>\n<p>&nbsp;<\/p>\n<p>&nbsp;<\/p>\n<p>&nbsp;<\/p>\n<p>Se trata de la reforma al Art\u00edculo 61 de la Ley del Registro Civil del Estado de Sonora, dictaminada por la Comisi\u00f3n de Justicia y Derechos Humanos, en la que se establece el supuesto de que una persona solicitante, cuyos ascendientes hayan fallecido y no cuente con documentos que acrediten su identidad, podr\u00e1 acreditarla con la comparecencia de dos testigos.<\/p>\n<p>&nbsp;<\/p>\n<p>&nbsp;<\/p>\n<p>&nbsp;<\/p>\n<p>El Decreto tambi\u00e9n deroga la fracci\u00f3n segunda del Art\u00edculo 81 y la fracci\u00f3n segunda del Art\u00edculo 84, ambos de la Ley del Registro Civil, en lo relativo al matrimonio de personas menores de edad, ya que contravienen lo dispuesto en la Ley General de Ni\u00f1as, Ni\u00f1os y Adolescentes, y el C\u00f3digo de Familia estatal, ordenamientos que establecen los 18 a\u00f1os como edad m\u00ednima para contraer nupcias.<\/p>\n<p>&nbsp;<\/p>\n<p>&nbsp;<\/p>\n<p>&nbsp;<\/p>\n<p>En esta sesi\u00f3n ordinaria se present\u00f3 una iniciativa con proyecto de decreto que reforma y adiciona diversas disposiciones a la Ley de Acceso de las Mujeres a una Vida Libre de Violencia, como una armonizaci\u00f3n con la ley general en la materia, a efecto de incluir en la primera los Centros de Justicia para Mujeres.<\/p>\n<p>&nbsp;<\/p>\n<p>&nbsp;<\/p>\n<p>&nbsp;<\/p>\n<p>La iniciativa destaca que la inclusi\u00f3n de los centros mencionados en la legislaci\u00f3n local resulta un paso fundamental para garantizar la protecci\u00f3n efectiva de los derechos de las sonorenses, pues al asegurar su institucionalizaci\u00f3n, se da certeza jur\u00eddica a las v\u00edctimas y se legitima la protecci\u00f3n de los derechos de las mujeres, adem\u00e1s de contribuir a la prevenci\u00f3n de la violencia de g\u00e9nero. Se turn\u00f3 para estudio a la Comisi\u00f3n para la Igualdad de G\u00e9nero.<\/p>\n<p>&nbsp;<\/p>\n<p>&nbsp;<\/p>\n<p>&nbsp;<\/p>\n<p>El pleno aprob\u00f3 una propuesta de la Mesa Directiva para sesionar los d\u00edas mi\u00e9rcoles 10, 17 y 24 de abril en lugar de los d\u00edas jueves 11, 18 y 25 del presente. La pr\u00f3xima ordinaria se cit\u00f3 para el martes 9 de abril, a las 11:00 horas.<\/p>\n<p>Garantiza Congreso de Sonora el derecho humano a la identidad de quienes carecen de acta de nacimiento<\/p>\n<p>&nbsp;<\/p>\n<p>&nbsp;<\/p>\n<p>&nbsp;<\/p>\n<p>Hermosillo, Sonora; 3 de abril de 2024.- El Congreso de Sonora aprob\u00f3 por unanimidad una acci\u00f3n legislativa que permitir\u00e1 garantizar el derecho humano a la personalidad de la ciudadan\u00eda mayor de 60 a\u00f1os que, por diversos motivos, no cuenta con un documento que avale su registro de nacimiento.<\/p>\n<p>&nbsp;<\/p>\n<p>&nbsp;<\/p>\n<p>&nbsp;<\/p>\n<p>Se trata de la reforma al Art\u00edculo 61 de la Ley del Registro Civil del Estado de Sonora, dictaminada por la Comisi\u00f3n de Justicia y Derechos Humanos, en la que se establece el supuesto de que una persona solicitante, cuyos ascendientes hayan fallecido y no cuente con documentos que acrediten su identidad, podr\u00e1 acreditarla con la comparecencia de dos testigos.<\/p>\n<p>&nbsp;<\/p>\n<p>&nbsp;<\/p>\n<p>&nbsp;<\/p>\n<p>El Decreto tambi\u00e9n deroga la fracci\u00f3n segunda del Art\u00edculo 81 y la fracci\u00f3n segunda del Art\u00edculo 84, ambos de la Ley del Registro Civil, en lo relativo al matrimonio de personas menores de edad, ya que contravienen lo dispuesto en la Ley General de Ni\u00f1as, Ni\u00f1os y Adolescentes, y el C\u00f3digo de Familia estatal, ordenamientos que establecen los 18 a\u00f1os como edad m\u00ednima para contraer nupcias.<\/p>\n<p>&nbsp;<\/p>\n<p>&nbsp;<\/p>\n<p>&nbsp;<\/p>\n<p>En esta sesi\u00f3n ordinaria se present\u00f3 una iniciativa con proyecto de decreto que reforma y adiciona diversas disposiciones a la Ley de Acceso de las Mujeres a una Vida Libre de Violencia, como una armonizaci\u00f3n con la ley general en la materia, a efecto de incluir en la primera los Centros de Justicia para Mujeres.<\/p>\n<p>&nbsp;<\/p>\n<p>&nbsp;<\/p>\n<p>&nbsp;<\/p>\n<p>La iniciativa destaca que la inclusi\u00f3n de los centros mencionados en la legislaci\u00f3n local resulta un paso fundamental para garantizar la protecci\u00f3n efectiva de los derechos de las sonorenses, pues al asegurar su institucionalizaci\u00f3n, se da certeza jur\u00eddica a las v\u00edctimas y se legitima la protecci\u00f3n de los derechos de las mujeres, adem\u00e1s de contribuir a la prevenci\u00f3n de la violencia de g\u00e9nero. Se turn\u00f3 para estudio a la Comisi\u00f3n para la Igualdad de G\u00e9nero.<\/p>\n<p>&nbsp;<\/p>\n<p>&nbsp;<\/p>\n<p>&nbsp;<\/p>\n<p>El pleno aprob\u00f3 una propuesta de la Mesa Directiva para sesionar los d\u00edas mi\u00e9rcoles 10, 17 y 24 de abril en lugar de los d\u00edas jueves 11, 18 y 25 del presente. La pr\u00f3xima ordinaria se cit\u00f3 para el martes 9 de abril, a las 11:00 horas.<\/p>\n<p><strong>Fecha de publicaci\u00f3n <\/strong><strong>mi\u00e9rcoles 3 de abril de 2024&nbsp; <\/strong><\/p>\n<p>&nbsp;<\/p>\n","protected":false},"excerpt":{"rendered":"<p>HERMOSILLO, SONORA, MX.\u02d7\u02d7\u02d7 El Congreso de Sonora aprob\u00f3 por unanimidad una acci\u00f3n legislativa que permitir\u00e1&#8230;<\/p>\n","protected":false},"author":1,"featured_media":186914,"comment_status":"open","ping_status":"open","sticky":false,"template":"","format":"standard","meta":{"_monsterinsights_skip_tracking":false,"_monsterinsights_sitenote_active":false,"_monsterinsights_sitenote_note":"","_monsterinsights_sitenote_category":0,"footnotes":""},"categories":[3281],"tags":[],"class_list":["post"],"yoast_head":" \n<title>Sonora en Equipo. Congreso de Sonora \u00a0realiza cambios a la ley del Registro Civil Congreso<\/title>\n<meta name=\"description\" content=\"HERMOSILLO, SONORA, MX.\u02d7\u02d7\u02d7 El Congreso de Sonora aprob\u00f3 por unanimidad una acci\u00f3n legislativa que permitir\u00e1 garantizar el derecho humano a la personalidad En Sonora en Equipo publicamos toda la informaci\u00f3n de Sonora, M\u00e9xico y el Mundo de manera oportuna y busca que la libertad de expresi\u00f3n sea real. Visita nuestro medio informativo publicado desde Hermosillo, Sonora. %\" \/>\n<meta name=\"robots\" content=\"index, follow, max-snippet:-1, max-image-preview:large, max-video-preview:-1\" \/>\n<link rel=\"canonical\" href=\"https:\/\/www.sonoraenequipo.com.mx\/congreso-de-sonora-realiza-cambios-a-la-ley-del-registro-civil-de-sonora\/\" \/>\n<meta property=\"og:locale\" content=\"es_ES\" \/>\n<meta property=\"og:type\" content=\"article\" \/>\n<meta property=\"og:title\" content=\"Sonora en Equipo. Congreso de Sonora \u00a0realiza cambios a la ley del Registro Civil Congreso\" \/>\n<meta property=\"og:description\" content=\"HERMOSILLO, SONORA, MX.\u02d7\u02d7\u02d7 El Congreso de Sonora aprob\u00f3 por unanimidad una acci\u00f3n legislativa que permitir\u00e1 garantizar el derecho humano a la personalidad En Sonora en Equipo publicamos toda la informaci\u00f3n de Sonora, M\u00e9xico y el Mundo de manera oportuna y busca que la libertad de expresi\u00f3n sea real. Visita nuestro medio informativo publicado desde Hermosillo, Sonora. %\" \/>\n<meta property=\"og:url\" content=\"https:\/\/www.sonoraenequipo.com.mx\/congreso-de-sonora-realiza-cambios-a-la-ley-del-registro-civil-de-sonora\/\" \/>\n<meta property=\"og:site_name\" content=\"Sonora en Equipo.\" \/>\n<meta property=\"article:publisher\" content=\"https:\/\/www.facebook.com\/SonoraEE\/\" \/>\n<meta property=\"article:author\" content=\"https:\/\/www.facebook.com\/SonoraEE\" \/>\n<meta property=\"article:published_time\" content=\"2024-04-04T00:22:46+00:00\" \/>\n<meta property=\"article:modified_time\" content=\"2024-04-04T00:30:28+00:00\" \/>\n<meta property=\"og:image\" content=\"https:\/\/www.sonoraenequipo.com.mx\/storage\/2024\/04\/sesion030424.jpg\" \/>\n\t<meta property=\"og:image:width\" content=\"967\" \/>\n\t<meta property=\"og:image:height\" content=\"546\" \/>\n\t<meta property=\"og:image:type\" content=\"image\/jpeg\" \/>\n<meta name=\"author\" content=\"enequipo\" \/>\n<meta name=\"twitter:card\" content=\"summary_large_image\" \/>\n<meta name=\"twitter:creator\" content=\"@sonoraenequipo\" \/>\n<meta name=\"twitter:site\" content=\"@sonoraenequipo\" \/>\n<meta name=\"twitter:label1\" content=\"Escrito por\" \/>\n\t<meta name=\"twitter:data1\" content=\"enequipo\" \/>\n\t<meta name=\"twitter:label2\" content=\"Tiempo de lectura\" \/>\n\t<meta name=\"twitter:data2\" content=\"4 minutos\" \/>\n<script type=\"application\/ld+json\" class=\"yoast-schema-graph\">{\"@context\":\"https:\/\/schema.org\",\"@graph\":[{\"@type\":\"Article\",\"@id\":\"https:\/\/www.sonoraenequipo.com.mx\/congreso-de-sonora-realiza-cambios-a-la-ley-del-registro-civil-de-sonora\/#article\",\"isPartOf\":{\"@id\":\"https:\/\/www.sonoraenequipo.com.mx\/congreso-de-sonora-realiza-cambios-a-la-ley-del-registro-civil-de-sonora\/\"},\"author\":{\"name\":\"enequipo\",\"@id\":\"https:\/\/www.sonoraenequipo.com.mx\/#\/schema\/person\/50102df0fb23a8fa9e8effad8fa81386\"},\"headline\":\"Congreso de Sonora \u00a0realiza cambios a la ley del Registro Civil\",\"datePublished\":\"2024-04-04T00:22:46+00:00\",\"dateModified\":\"2024-04-04T00:30:28+00:00\",\"mainEntityOfPage\":{\"@id\":\"https:\/\/www.sonoraenequipo.com.mx\/congreso-de-sonora-realiza-cambios-a-la-ley-del-registro-civil-de-sonora\/\"},\"wordCount\":809,\"commentCount\":0,\"publisher\":{\"@id\":\"https:\/\/www.sonoraenequipo.com.mx\/#organization\"},\"image\":{\"@id\":\"https:\/\/www.sonoraenequipo.com.mx\/congreso-de-sonora-realiza-cambios-a-la-ley-del-registro-civil-de-sonora\/#primaryimage\"},\"thumbnailUrl\":\"https:\/\/www.sonoraenequipo.com.mx\/storage\/2024\/04\/sesion030424.jpg\",\"articleSection\":[\"Congreso\"],\"inLanguage\":\"es\",\"potentialAction\":[{\"@type\":\"CommentAction\",\"name\":\"Comment\",\"target\":[\"https:\/\/www.sonoraenequipo.com.mx\/congreso-de-sonora-realiza-cambios-a-la-ley-del-registro-civil-de-sonora\/#respond\"]}]},{\"@type\":\"WebPage\",\"@id\":\"https:\/\/www.sonoraenequipo.com.mx\/congreso-de-sonora-realiza-cambios-a-la-ley-del-registro-civil-de-sonora\/\",\"url\":\"https:\/\/www.sonoraenequipo.com.mx\/congreso-de-sonora-realiza-cambios-a-la-ley-del-registro-civil-de-sonora\/\",\"name\":\"Sonora en Equipo. Congreso de Sonora \u00a0realiza cambios a la ley del Registro Civil Congreso\",\"isPartOf\":{\"@id\":\"https:\/\/www.sonoraenequipo.com.mx\/#website\"},\"primaryImageOfPage\":{\"@id\":\"https:\/\/www.sonoraenequipo.com.mx\/congreso-de-sonora-realiza-cambios-a-la-ley-del-registro-civil-de-sonora\/#primaryimage\"},\"image\":{\"@id\":\"https:\/\/www.sonoraenequipo.com.mx\/congreso-de-sonora-realiza-cambios-a-la-ley-del-registro-civil-de-sonora\/#primaryimage\"},\"thumbnailUrl\":\"https:\/\/www.sonoraenequipo.com.mx\/storage\/2024\/04\/sesion030424.jpg\",\"datePublished\":\"2024-04-04T00:22:46+00:00\",\"dateModified\":\"2024-04-04T00:30:28+00:00\",\"description\":\"HERMOSILLO, SONORA, MX.\u02d7\u02d7\u02d7 El Congreso de Sonora aprob\u00f3 por unanimidad una acci\u00f3n legislativa que permitir\u00e1 garantizar el derecho humano a la personalidad En Sonora en Equipo publicamos toda la informaci\u00f3n de Sonora, M\u00e9xico y el Mundo de manera oportuna y busca que la libertad de expresi\u00f3n sea real. Visita nuestro medio informativo publicado desde Hermosillo, Sonora. %\",\"breadcrumb\":{\"@id\":\"https:\/\/www.sonoraenequipo.com.mx\/congreso-de-sonora-realiza-cambios-a-la-ley-del-registro-civil-de-sonora\/#breadcrumb\"},\"inLanguage\":\"es\",\"potentialAction\":[{\"@type\":\"ReadAction\",\"target\":[\"https:\/\/www.sonoraenequipo.com.mx\/congreso-de-sonora-realiza-cambios-a-la-ley-del-registro-civil-de-sonora\/\"]}]},{\"@type\":\"ImageObject\",\"inLanguage\":\"es\",\"@id\":\"https:\/\/www.sonoraenequipo.com.mx\/congreso-de-sonora-realiza-cambios-a-la-ley-del-registro-civil-de-sonora\/#primaryimage\",\"url\":\"https:\/\/www.sonoraenequipo.com.mx\/storage\/2024\/04\/sesion030424.jpg\",\"contentUrl\":\"https:\/\/www.sonoraenequipo.com.mx\/storage\/2024\/04\/sesion030424.jpg\",\"width\":967,\"height\":546},{\"@type\":\"BreadcrumbList\",\"@id\":\"https:\/\/www.sonoraenequipo.com.mx\/congreso-de-sonora-realiza-cambios-a-la-ley-del-registro-civil-de-sonora\/#breadcrumb\",\"itemListElement\":[{\"@type\":\"ListItem\",\"position\":1,\"name\":\"Portada\",\"item\":\"https:\/\/www.sonoraenequipo.com.mx\/\"},{\"@type\":\"ListItem\",\"position\":2,\"name\":\"Congreso de Sonora \u00a0realiza cambios a la ley del Registro Civil\"}]},{\"@type\":\"WebSite\",\"@id\":\"https:\/\/www.sonoraenequipo.com.mx\/#website\",\"url\":\"https:\/\/www.sonoraenequipo.com.mx\/\",\"name\":\"Sonora en Equipo.\",\"description\":\"Diario en l\u00ednea con Noticias desde Hermosillo, Sonora\",\"publisher\":{\"@id\":\"https:\/\/www.sonoraenequipo.com.mx\/#organization\"},\"potentialAction\":[{\"@type\":\"SearchAction\",\"target\":{\"@type\":\"EntryPoint\",\"urlTemplate\":\"https:\/\/www.sonoraenequipo.com.mx\/?s={search_term_string}\"},\"query-input\":{\"@type\":\"PropertyValueSpecification\",\"valueRequired\":true,\"valueName\":\"search_term_string\"}}],\"inLanguage\":\"es\"},{\"@type\":\"Organization\",\"@id\":\"https:\/\/www.sonoraenequipo.com.mx\/#organization\",\"name\":\"Sonoraenequipo.com.mx\",\"url\":\"https:\/\/www.sonoraenequipo.com.mx\/\",\"logo\":{\"@type\":\"ImageObject\",\"inLanguage\":\"es\",\"@id\":\"https:\/\/www.sonoraenequipo.com.mx\/#\/schema\/logo\/image\/\",\"url\":\"https:\/\/www.sonoraenequipo.com.mx\/storage\/2019\/01\/sonoraenequipo_opt.png\",\"contentUrl\":\"https:\/\/www.sonoraenequipo.com.mx\/storage\/2019\/01\/sonoraenequipo_opt.png\",\"width\":375,\"height\":125,\"caption\":\"Sonoraenequipo.com.mx\"},\"image\":{\"@id\":\"https:\/\/www.sonoraenequipo.com.mx\/#\/schema\/logo\/image\/\"},\"sameAs\":[\"https:\/\/www.facebook.com\/SonoraEE\/\",\"https:\/\/x.com\/sonoraenequipo\",\"https:\/\/www.youtube.com\/channel\/UC338nW-lPEYmJQs4ZABQ1SQ\"]},{\"@type\":\"Person\",\"@id\":\"https:\/\/www.sonoraenequipo.com.mx\/#\/schema\/person\/50102df0fb23a8fa9e8effad8fa81386\",\"name\":\"enequipo\",\"image\":{\"@type\":\"ImageObject\",\"inLanguage\":\"es\",\"@id\":\"https:\/\/www.sonoraenequipo.com.mx\/#\/schema\/person\/image\/\",\"url\":\"https:\/\/secure.gravatar.com\/avatar\/049821681b589dabc0bc20695993ccebb09f5b5d4d790cd9251b97faac7c652b?s=96&d=blank&r=g\",\"contentUrl\":\"https:\/\/secure.gravatar.com\/avatar\/049821681b589dabc0bc20695993ccebb09f5b5d4d790cd9251b97faac7c652b?s=96&d=blank&r=g\",\"caption\":\"enequipo\"},\"sameAs\":[\"https:\/\/www.facebook.com\/SonoraEE\"]}]}<\/script>\n ","yoast_head_json":{"title":"Sonora en Equipo. Congreso de Sonora \u00a0realiza cambios a la ley del Registro Civil Congreso","description":"HERMOSILLO, SONORA, MX.\u02d7\u02d7\u02d7 El Congreso de Sonora aprob\u00f3 por unanimidad una acci\u00f3n legislativa que permitir\u00e1 garantizar el derecho humano a la personalidad En Sonora en Equipo publicamos toda la informaci\u00f3n de Sonora, M\u00e9xico y el Mundo de manera oportuna y busca que la libertad de expresi\u00f3n sea real. Visita nuestro medio informativo publicado desde Hermosillo, Sonora. %","robots":{"index":"index","follow":"follow","max-snippet":"max-snippet:-1","max-image-preview":"max-image-preview:large","max-video-preview":"max-video-preview:-1"},"canonical":"https:\/\/www.sonoraenequipo.com.mx\/congreso-de-sonora-realiza-cambios-a-la-ley-del-registro-civil-de-sonora\/","og_locale":"es_ES","og_type":"article","og_title":"Sonora en Equipo. Congreso de Sonora \u00a0realiza cambios a la ley del Registro Civil Congreso","og_description":"HERMOSILLO, SONORA, MX.\u02d7\u02d7\u02d7 El Congreso de Sonora aprob\u00f3 por unanimidad una acci\u00f3n legislativa que permitir\u00e1 garantizar el derecho humano a la personalidad En Sonora en Equipo publicamos toda la informaci\u00f3n de Sonora, M\u00e9xico y el Mundo de manera oportuna y busca que la libertad de expresi\u00f3n sea real. Visita nuestro medio informativo publicado desde Hermosillo, Sonora. %","og_url":"https:\/\/www.sonoraenequipo.com.mx\/congreso-de-sonora-realiza-cambios-a-la-ley-del-registro-civil-de-sonora\/","og_site_name":"Sonora en Equipo.","article_publisher":"https:\/\/www.facebook.com\/SonoraEE\/","article_author":"https:\/\/www.facebook.com\/SonoraEE","article_published_time":"2024-04-04T00:22:46+00:00","article_modified_time":"2024-04-04T00:30:28+00:00","og_image":[{"width":967,"height":546,"url":"https:\/\/www.sonoraenequipo.com.mx\/storage\/2024\/04\/sesion030424.jpg","type":"image\/jpeg"}],"author":"enequipo","twitter_card":"summary_large_image","twitter_creator":"@sonoraenequipo","twitter_site":"@sonoraenequipo","twitter_misc":{"Escrito por":"enequipo","Tiempo de lectura":"4 minutos"},"schema":{"@context":"https:\/\/schema.org","@graph":[{"@type":"Article","@id":"https:\/\/www.sonoraenequipo.com.mx\/congreso-de-sonora-realiza-cambios-a-la-ley-del-registro-civil-de-sonora\/#article","isPartOf":{"@id":"https:\/\/www.sonoraenequipo.com.mx\/congreso-de-sonora-realiza-cambios-a-la-ley-del-registro-civil-de-sonora\/"},"author":{"name":"enequipo","@id":"https:\/\/www.sonoraenequipo.com.mx\/#\/schema\/person\/50102df0fb23a8fa9e8effad8fa81386"},"headline":"Congreso de Sonora \u00a0realiza cambios a la ley del Registro Civil","datePublished":"2024-04-04T00:22:46+00:00","dateModified":"2024-04-04T00:30:28+00:00","mainEntityOfPage":{"@id":"https:\/\/www.sonoraenequipo.com.mx\/congreso-de-sonora-realiza-cambios-a-la-ley-del-registro-civil-de-sonora\/"},"wordCount":809,"commentCount":0,"publisher":{"@id":"https:\/\/www.sonoraenequipo.com.mx\/#organization"},"image":{"@id":"https:\/\/www.sonoraenequipo.com.mx\/congreso-de-sonora-realiza-cambios-a-la-ley-del-registro-civil-de-sonora\/#primaryimage"},"thumbnailUrl":"https:\/\/www.sonoraenequipo.com.mx\/storage\/2024\/04\/sesion030424.jpg","articleSection":["Congreso"],"inLanguage":"es","potentialAction":[{"@type":"CommentAction","name":"Comment","target":["https:\/\/www.sonoraenequipo.com.mx\/congreso-de-sonora-realiza-cambios-a-la-ley-del-registro-civil-de-sonora\/#respond"]}]},{"@type":"WebPage","@id":"https:\/\/www.sonoraenequipo.com.mx\/congreso-de-sonora-realiza-cambios-a-la-ley-del-registro-civil-de-sonora\/","url":"https:\/\/www.sonoraenequipo.com.mx\/congreso-de-sonora-realiza-cambios-a-la-ley-del-registro-civil-de-sonora\/","name":"Sonora en Equipo. Congreso de Sonora \u00a0realiza cambios a la ley del Registro Civil Congreso","isPartOf":{"@id":"https:\/\/www.sonoraenequipo.com.mx\/#website"},"primaryImageOfPage":{"@id":"https:\/\/www.sonoraenequipo.com.mx\/congreso-de-sonora-realiza-cambios-a-la-ley-del-registro-civil-de-sonora\/#primaryimage"},"image":{"@id":"https:\/\/www.sonoraenequipo.com.mx\/congreso-de-sonora-realiza-cambios-a-la-ley-del-registro-civil-de-sonora\/#primaryimage"},"thumbnailUrl":"https:\/\/www.sonoraenequipo.com.mx\/storage\/2024\/04\/sesion030424.jpg","datePublished":"2024-04-04T00:22:46+00:00","dateModified":"2024-04-04T00:30:28+00:00","description":"HERMOSILLO, SONORA, MX.\u02d7\u02d7\u02d7 El Congreso de Sonora aprob\u00f3 por unanimidad una acci\u00f3n legislativa que permitir\u00e1 garantizar el derecho humano a la personalidad En Sonora en Equipo publicamos toda la informaci\u00f3n de Sonora, M\u00e9xico y el Mundo de manera oportuna y busca que la libertad de expresi\u00f3n sea real. Visita nuestro medio informativo publicado desde Hermosillo, Sonora. %","breadcrumb":{"@id":"https:\/\/www.sonoraenequipo.com.mx\/congreso-de-sonora-realiza-cambios-a-la-ley-del-registro-civil-de-sonora\/#breadcrumb"},"inLanguage":"es","potentialAction":[{"@type":"ReadAction","target":["https:\/\/www.sonoraenequipo.com.mx\/congreso-de-sonora-realiza-cambios-a-la-ley-del-registro-civil-de-sonora\/"]}]},{"@type":"ImageObject","inLanguage":"es","@id":"https:\/\/www.sonoraenequipo.com.mx\/congreso-de-sonora-realiza-cambios-a-la-ley-del-registro-civil-de-sonora\/#primaryimage","url":"https:\/\/www.sonoraenequipo.com.mx\/storage\/2024\/04\/sesion030424.jpg","contentUrl":"https:\/\/www.sonoraenequipo.com.mx\/storage\/2024\/04\/sesion030424.jpg","width":967,"height":546},{"@type":"BreadcrumbList","@id":"https:\/\/www.sonoraenequipo.com.mx\/congreso-de-sonora-realiza-cambios-a-la-ley-del-registro-civil-de-sonora\/#breadcrumb","itemListElement":[{"@type":"ListItem","position":1,"name":"Portada","item":"https:\/\/www.sonoraenequipo.com.mx\/"},{"@type":"ListItem","position":2,"name":"Congreso de Sonora \u00a0realiza cambios a la ley del Registro Civil"}]},{"@type":"WebSite","@id":"https:\/\/www.sonoraenequipo.com.mx\/#website","url":"https:\/\/www.sonoraenequipo.com.mx\/","name":"Sonora en Equipo.","description":"Diario en l\u00ednea con Noticias desde Hermosillo, Sonora","publisher":{"@id":"https:\/\/www.sonoraenequipo.com.mx\/#organization"},"potentialAction":[{"@type":"SearchAction","target":{"@type":"EntryPoint","urlTemplate":"https:\/\/www.sonoraenequipo.com.mx\/?s={search_term_string}"},"query-input":{"@type":"PropertyValueSpecification","valueRequired":true,"valueName":"search_term_string"}}],"inLanguage":"es"},{"@type":"Organization","@id":"https:\/\/www.sonoraenequipo.com.mx\/#organization","name":"Sonoraenequipo.com.mx","url":"https:\/\/www.sonoraenequipo.com.mx\/","logo":{"@type":"ImageObject","inLanguage":"es","@id":"https:\/\/www.sonoraenequipo.com.mx\/#\/schema\/logo\/image\/","url":"https:\/\/www.sonoraenequipo.com.mx\/storage\/2019\/01\/sonoraenequipo_opt.png","contentUrl":"https:\/\/www.sonoraenequipo.com.mx\/storage\/2019\/01\/sonoraenequipo_opt.png","width":375,"height":125,"caption":"Sonoraenequipo.com.mx"},"image":{"@id":"https:\/\/www.sonoraenequipo.com.mx\/#\/schema\/logo\/image\/"},"sameAs":["https:\/\/www.facebook.com\/SonoraEE\/","https:\/\/x.com\/sonoraenequipo","https:\/\/www.youtube.com\/channel\/UC338nW-lPEYmJQs4ZABQ1SQ"]},{"@type":"Person","@id":"https:\/\/www.sonoraenequipo.com.mx\/#\/schema\/person\/50102df0fb23a8fa9e8effad8fa81386","name":"enequipo","image":{"@type":"ImageObject","inLanguage":"es","@id":"https:\/\/www.sonoraenequipo.com.mx\/#\/schema\/person\/image\/","url":"https:\/\/secure.gravatar.com\/avatar\/049821681b589dabc0bc20695993ccebb09f5b5d4d790cd9251b97faac7c652b?s=96&d=blank&r=g","contentUrl":"https:\/\/secure.gravatar.com\/avatar\/049821681b589dabc0bc20695993ccebb09f5b5d4d790cd9251b97faac7c652b?s=96&d=blank&r=g","caption":"enequipo"},"sameAs":["https:\/\/www.facebook.com\/SonoraEE"]}]}},"jetpack_featured_media_url":"https:\/\/www.sonoraenequipo.com.mx\/storage\/2024\/04\/sesion030424.jpg","_links":{"self":[{"href":"https:\/\/www.sonoraenequipo.com.mx\/api\/wp\/v2\/posts\/186913","targetHints":{"allow":["GET"]}}],"collection":[{"href":"https:\/\/www.sonoraenequipo.com.mx\/api\/wp\/v2\/posts"}],"about":[{"href":"https:\/\/www.sonoraenequipo.com.mx\/api\/wp\/v2\/types\/post"}],"author":[{"embeddable":true,"href":"https:\/\/www.sonoraenequipo.com.mx\/api\/wp\/v2\/users\/1"}],"replies":[{"embeddable":true,"href":"https:\/\/www.sonoraenequipo.com.mx\/api\/wp\/v2\/comments?post=186913"}],"version-history":[{"count":2,"href":"https:\/\/www.sonoraenequipo.com.mx\/api\/wp\/v2\/posts\/186913\/revisions"}],"predecessor-version":[{"id":186916,"href":"https:\/\/www.sonoraenequipo.com.mx\/api\/wp\/v2\/posts\/186913\/revisions\/186916"}],"wp:featuredmedia":[{"embeddable":true,"href":"https:\/\/www.sonoraenequipo.com.mx\/api\/wp\/v2\/media\/186914"}],"wp:attachment":[{"href":"https:\/\/www.sonoraenequipo.com.mx\/api\/wp\/v2\/media?parent=186913"}],"wp:term":[{"taxonomy":"category","embeddable":true,"href":"https:\/\/www.sonoraenequipo.com.mx\/api\/wp\/v2\/categories?post=186913"},{"taxonomy":"post_tag","embeddable":true,"href":"https:\/\/www.sonoraenequipo.com.mx\/api\/wp\/v2\/tags?post=186913"}],"curies":[{"name":"wp","href":"https:\/\/api.w.org\/{rel}","templated":true}]}}