{"id":186923,"date":"2024-04-03T19:09:16","date_gmt":"2024-04-04T02:09:16","guid":{"rendered":"https:\/\/www.sonoraenequipo.com.mx\/?p=186923"},"modified":"2024-04-03T19:09:16","modified_gmt":"2024-04-04T02:09:16","slug":"acompana-gobernador-a-locatarios-en-supervision-de-modernizacion-del-mercado-municipal-en-navojoa","status":"publish","type":"post","link":"https:\/\/www.sonoraenequipo.com.mx\/acompana-gobernador-a-locatarios-en-supervision-de-modernizacion-del-mercado-municipal-en-navojoa\/","title":{"rendered":"Acompa\u00f1a Gobernador a locatarios en supervisi\u00f3n de modernizaci\u00f3n del Mercado Municipal en Navojoa"},"content":{"rendered":"<p>&nbsp;<\/p>\n<p><strong>NAVOJOA, SONORA, MX.\u02d7\u02d7\u02d7 <\/strong>Como parte de los trabajos en materia de salud que se efect\u00faan en la regi\u00f3n del mayo, el gobernador Alfonso Durazo Monta\u00f1o, atendi\u00f3 las acciones prevenci\u00f3n del dengue y rickettsia, adem\u00e1s de acompa\u00f1ar a locatarios del Mercado Municipal de Navojoa, a supervisar las obras de rehabilitaci\u00f3n que se llevan en el inmueble.<\/p>\n<p>&nbsp;<\/p>\n<p>Este programa en el rubro de salud contempla la identificaci\u00f3n de colonias con mayor n\u00famero de ovitrampas positivas, coordinaci\u00f3n con el municipio las jornadas de descacharre, visitas casa por casa por parte del personal del programa para la identificaci\u00f3n de criaderos y mantener un control larvario f\u00edsico como qu\u00edmico con la colocaci\u00f3n de abate, rociado residual domiciliario y nebulizaci\u00f3n especial de insecticidas.<\/p>\n<p>&nbsp;<\/p>\n<p>Para esta tarea se cuenta con una fuerza de trabajo de 230 elementos brigadistas dedicados a mejorar la salud de las personas, siendo que a la semana epidemiol\u00f3gica 10, de 2024, se cuentan con cero casos confirmados de dengue, teniendo como meta que esta tendencia se mantenga en el transcurso del a\u00f1o.<\/p>\n<p>&nbsp;<\/p>\n<p>Como parte de esta gira de trabajo, el gobernador Alfonso Durazo visit\u00f3 las instalaciones del Mercado Municipal en Navojoa, donde supervis\u00f3 el proceso de electrificaci\u00f3n del inmueble.<\/p>\n<p>&nbsp;<\/p>\n<p>De igual forma acudi\u00f3 a la Unidad M\u00f3vil Veterinaria para esterilizaci\u00f3n canina y felina, donde de forma gratuita se brinda informaci\u00f3n y registro, revisi\u00f3n m\u00e9dica veterinaria, vacunaci\u00f3n antirr\u00e1bica y ectodesparasitaci\u00f3n, promoci\u00f3n de la salud y prevenci\u00f3n de enfermedades, as\u00ed como recuperaci\u00f3n y cuidados postquir\u00fargicos.<\/p>\n<p><strong>Fecha de publicaci\u00f3n <\/strong><strong>mi\u00e9rcoles 3 de abril de 2024\u00a0 <\/strong><\/p>\n","protected":false},"excerpt":{"rendered":"<p>&nbsp; NAVOJOA, SONORA, MX.\u02d7\u02d7\u02d7 Como parte de los trabajos en materia de salud que se&#8230;<\/p>\n","protected":false},"author":1,"featured_media":186924,"comment_status":"open","ping_status":"open","sticky":false,"template":"","format":"standard","meta":{"_monsterinsights_skip_tracking":false,"_monsterinsights_sitenote_active":false,"_monsterinsights_sitenote_note":"","_monsterinsights_sitenote_category":0,"footnotes":""},"categories":[4],"tags":[4328,3119],"class_list":["post"],"yoast_head":" \n<title>Sonora en Equipo. Acompa\u00f1a Gobernador a locatarios en supervisi\u00f3n de modernizaci\u00f3n del Mercado Municipal en Navojoa Municipios<\/title>\n<meta name=\"description\" content=\"&nbsp; NAVOJOA, SONORA, MX.\u02d7\u02d7\u02d7 Como parte de los trabajos en materia de salud que se efect\u00faan en la regi\u00f3n del mayo, el gobernador Alfonso Durazo Monta\u00f1o, En Sonora en Equipo publicamos toda la informaci\u00f3n de Sonora, M\u00e9xico y el Mundo de manera oportuna y busca que la libertad de expresi\u00f3n sea real. Visita nuestro medio informativo publicado desde Hermosillo, Sonora. %\" \/>\n<meta name=\"robots\" content=\"index, follow, max-snippet:-1, max-image-preview:large, max-video-preview:-1\" \/>\n<link rel=\"canonical\" href=\"https:\/\/www.sonoraenequipo.com.mx\/acompana-gobernador-a-locatarios-en-supervision-de-modernizacion-del-mercado-municipal-en-navojoa\/\" \/>\n<meta property=\"og:locale\" content=\"es_ES\" \/>\n<meta property=\"og:type\" content=\"article\" \/>\n<meta property=\"og:title\" content=\"Sonora en Equipo. Acompa\u00f1a Gobernador a locatarios en supervisi\u00f3n de modernizaci\u00f3n del Mercado Municipal en Navojoa Municipios\" \/>\n<meta property=\"og:description\" content=\"&nbsp; NAVOJOA, SONORA, MX.\u02d7\u02d7\u02d7 Como parte de los trabajos en materia de salud que se efect\u00faan en la regi\u00f3n del mayo, el gobernador Alfonso Durazo Monta\u00f1o, En Sonora en Equipo publicamos toda la informaci\u00f3n de Sonora, M\u00e9xico y el Mundo de manera oportuna y busca que la libertad de expresi\u00f3n sea real. Visita nuestro medio informativo publicado desde Hermosillo, Sonora. %\" \/>\n<meta property=\"og:url\" content=\"https:\/\/www.sonoraenequipo.com.mx\/acompana-gobernador-a-locatarios-en-supervision-de-modernizacion-del-mercado-municipal-en-navojoa\/\" \/>\n<meta property=\"og:site_name\" content=\"Sonora en Equipo.\" \/>\n<meta property=\"article:publisher\" content=\"https:\/\/www.facebook.com\/SonoraEE\/\" \/>\n<meta property=\"article:author\" content=\"https:\/\/www.facebook.com\/SonoraEE\" \/>\n<meta property=\"article:published_time\" content=\"2024-04-04T02:09:16+00:00\" \/>\n<meta property=\"og:image\" content=\"https:\/\/www.sonoraenequipo.com.mx\/storage\/2024\/04\/mrcado-mpal-navojoa.jpg\" \/>\n\t<meta property=\"og:image:width\" content=\"900\" \/>\n\t<meta property=\"og:image:height\" content=\"600\" \/>\n\t<meta property=\"og:image:type\" content=\"image\/jpeg\" \/>\n<meta name=\"author\" content=\"enequipo\" \/>\n<meta name=\"twitter:card\" content=\"summary_large_image\" \/>\n<meta name=\"twitter:creator\" content=\"@sonoraenequipo\" \/>\n<meta name=\"twitter:site\" content=\"@sonoraenequipo\" \/>\n<meta name=\"twitter:label1\" content=\"Escrito por\" \/>\n\t<meta name=\"twitter:data1\" content=\"enequipo\" \/>\n\t<meta name=\"twitter:label2\" content=\"Tiempo de lectura\" \/>\n\t<meta name=\"twitter:data2\" content=\"1 minuto\" \/>\n<script type=\"application\/ld+json\" class=\"yoast-schema-graph\">{\"@context\":\"https:\/\/schema.org\",\"@graph\":[{\"@type\":\"Article\",\"@id\":\"https:\/\/www.sonoraenequipo.com.mx\/acompana-gobernador-a-locatarios-en-supervision-de-modernizacion-del-mercado-municipal-en-navojoa\/#article\",\"isPartOf\":{\"@id\":\"https:\/\/www.sonoraenequipo.com.mx\/acompana-gobernador-a-locatarios-en-supervision-de-modernizacion-del-mercado-municipal-en-navojoa\/\"},\"author\":{\"name\":\"enequipo\",\"@id\":\"https:\/\/www.sonoraenequipo.com.mx\/#\/schema\/person\/50102df0fb23a8fa9e8effad8fa81386\"},\"headline\":\"Acompa\u00f1a Gobernador a locatarios en supervisi\u00f3n de modernizaci\u00f3n del Mercado Municipal en Navojoa\",\"datePublished\":\"2024-04-04T02:09:16+00:00\",\"mainEntityOfPage\":{\"@id\":\"https:\/\/www.sonoraenequipo.com.mx\/acompana-gobernador-a-locatarios-en-supervision-de-modernizacion-del-mercado-municipal-en-navojoa\/\"},\"wordCount\":297,\"commentCount\":0,\"publisher\":{\"@id\":\"https:\/\/www.sonoraenequipo.com.mx\/#organization\"},\"image\":{\"@id\":\"https:\/\/www.sonoraenequipo.com.mx\/acompana-gobernador-a-locatarios-en-supervision-de-modernizacion-del-mercado-municipal-en-navojoa\/#primaryimage\"},\"thumbnailUrl\":\"https:\/\/www.sonoraenequipo.com.mx\/storage\/2024\/04\/mrcado-mpal-navojoa.jpg\",\"keywords\":[\"Mercado Municipal.\",\"navojoa\"],\"articleSection\":[\"Municipios\"],\"inLanguage\":\"es\",\"potentialAction\":[{\"@type\":\"CommentAction\",\"name\":\"Comment\",\"target\":[\"https:\/\/www.sonoraenequipo.com.mx\/acompana-gobernador-a-locatarios-en-supervision-de-modernizacion-del-mercado-municipal-en-navojoa\/#respond\"]}]},{\"@type\":\"WebPage\",\"@id\":\"https:\/\/www.sonoraenequipo.com.mx\/acompana-gobernador-a-locatarios-en-supervision-de-modernizacion-del-mercado-municipal-en-navojoa\/\",\"url\":\"https:\/\/www.sonoraenequipo.com.mx\/acompana-gobernador-a-locatarios-en-supervision-de-modernizacion-del-mercado-municipal-en-navojoa\/\",\"name\":\"Sonora en Equipo. Acompa\u00f1a Gobernador a locatarios en supervisi\u00f3n de modernizaci\u00f3n del Mercado Municipal en Navojoa Municipios\",\"isPartOf\":{\"@id\":\"https:\/\/www.sonoraenequipo.com.mx\/#website\"},\"primaryImageOfPage\":{\"@id\":\"https:\/\/www.sonoraenequipo.com.mx\/acompana-gobernador-a-locatarios-en-supervision-de-modernizacion-del-mercado-municipal-en-navojoa\/#primaryimage\"},\"image\":{\"@id\":\"https:\/\/www.sonoraenequipo.com.mx\/acompana-gobernador-a-locatarios-en-supervision-de-modernizacion-del-mercado-municipal-en-navojoa\/#primaryimage\"},\"thumbnailUrl\":\"https:\/\/www.sonoraenequipo.com.mx\/storage\/2024\/04\/mrcado-mpal-navojoa.jpg\",\"datePublished\":\"2024-04-04T02:09:16+00:00\",\"description\":\"&nbsp; NAVOJOA, SONORA, MX.\u02d7\u02d7\u02d7 Como parte de los trabajos en materia de salud que se efect\u00faan en la regi\u00f3n del mayo, el gobernador Alfonso Durazo Monta\u00f1o, En Sonora en Equipo publicamos toda la informaci\u00f3n de Sonora, M\u00e9xico y el Mundo de manera oportuna y busca que la libertad de expresi\u00f3n sea real. Visita nuestro medio informativo publicado desde Hermosillo, Sonora. %\",\"breadcrumb\":{\"@id\":\"https:\/\/www.sonoraenequipo.com.mx\/acompana-gobernador-a-locatarios-en-supervision-de-modernizacion-del-mercado-municipal-en-navojoa\/#breadcrumb\"},\"inLanguage\":\"es\",\"potentialAction\":[{\"@type\":\"ReadAction\",\"target\":[\"https:\/\/www.sonoraenequipo.com.mx\/acompana-gobernador-a-locatarios-en-supervision-de-modernizacion-del-mercado-municipal-en-navojoa\/\"]}]},{\"@type\":\"ImageObject\",\"inLanguage\":\"es\",\"@id\":\"https:\/\/www.sonoraenequipo.com.mx\/acompana-gobernador-a-locatarios-en-supervision-de-modernizacion-del-mercado-municipal-en-navojoa\/#primaryimage\",\"url\":\"https:\/\/www.sonoraenequipo.com.mx\/storage\/2024\/04\/mrcado-mpal-navojoa.jpg\",\"contentUrl\":\"https:\/\/www.sonoraenequipo.com.mx\/storage\/2024\/04\/mrcado-mpal-navojoa.jpg\",\"width\":900,\"height\":600},{\"@type\":\"BreadcrumbList\",\"@id\":\"https:\/\/www.sonoraenequipo.com.mx\/acompana-gobernador-a-locatarios-en-supervision-de-modernizacion-del-mercado-municipal-en-navojoa\/#breadcrumb\",\"itemListElement\":[{\"@type\":\"ListItem\",\"position\":1,\"name\":\"Portada\",\"item\":\"https:\/\/www.sonoraenequipo.com.mx\/\"},{\"@type\":\"ListItem\",\"position\":2,\"name\":\"Acompa\u00f1a Gobernador a locatarios en supervisi\u00f3n de modernizaci\u00f3n del Mercado Municipal en Navojoa\"}]},{\"@type\":\"WebSite\",\"@id\":\"https:\/\/www.sonoraenequipo.com.mx\/#website\",\"url\":\"https:\/\/www.sonoraenequipo.com.mx\/\",\"name\":\"Sonora en Equipo.\",\"description\":\"Diario en l\u00ednea con Noticias desde Hermosillo, Sonora\",\"publisher\":{\"@id\":\"https:\/\/www.sonoraenequipo.com.mx\/#organization\"},\"potentialAction\":[{\"@type\":\"SearchAction\",\"target\":{\"@type\":\"EntryPoint\",\"urlTemplate\":\"https:\/\/www.sonoraenequipo.com.mx\/?s={search_term_string}\"},\"query-input\":{\"@type\":\"PropertyValueSpecification\",\"valueRequired\":true,\"valueName\":\"search_term_string\"}}],\"inLanguage\":\"es\"},{\"@type\":\"Organization\",\"@id\":\"https:\/\/www.sonoraenequipo.com.mx\/#organization\",\"name\":\"Sonoraenequipo.com.mx\",\"url\":\"https:\/\/www.sonoraenequipo.com.mx\/\",\"logo\":{\"@type\":\"ImageObject\",\"inLanguage\":\"es\",\"@id\":\"https:\/\/www.sonoraenequipo.com.mx\/#\/schema\/logo\/image\/\",\"url\":\"https:\/\/www.sonoraenequipo.com.mx\/storage\/2019\/01\/sonoraenequipo_opt.png\",\"contentUrl\":\"https:\/\/www.sonoraenequipo.com.mx\/storage\/2019\/01\/sonoraenequipo_opt.png\",\"width\":375,\"height\":125,\"caption\":\"Sonoraenequipo.com.mx\"},\"image\":{\"@id\":\"https:\/\/www.sonoraenequipo.com.mx\/#\/schema\/logo\/image\/\"},\"sameAs\":[\"https:\/\/www.facebook.com\/SonoraEE\/\",\"https:\/\/x.com\/sonoraenequipo\",\"https:\/\/www.youtube.com\/channel\/UC338nW-lPEYmJQs4ZABQ1SQ\"]},{\"@type\":\"Person\",\"@id\":\"https:\/\/www.sonoraenequipo.com.mx\/#\/schema\/person\/50102df0fb23a8fa9e8effad8fa81386\",\"name\":\"enequipo\",\"image\":{\"@type\":\"ImageObject\",\"inLanguage\":\"es\",\"@id\":\"https:\/\/www.sonoraenequipo.com.mx\/#\/schema\/person\/image\/\",\"url\":\"https:\/\/secure.gravatar.com\/avatar\/049821681b589dabc0bc20695993ccebb09f5b5d4d790cd9251b97faac7c652b?s=96&d=blank&r=g\",\"contentUrl\":\"https:\/\/secure.gravatar.com\/avatar\/049821681b589dabc0bc20695993ccebb09f5b5d4d790cd9251b97faac7c652b?s=96&d=blank&r=g\",\"caption\":\"enequipo\"},\"sameAs\":[\"https:\/\/www.facebook.com\/SonoraEE\"]}]}<\/script>\n ","yoast_head_json":{"title":"Sonora en Equipo. Acompa\u00f1a Gobernador a locatarios en supervisi\u00f3n de modernizaci\u00f3n del Mercado Municipal en Navojoa Municipios","description":"&nbsp; NAVOJOA, SONORA, MX.\u02d7\u02d7\u02d7 Como parte de los trabajos en materia de salud que se efect\u00faan en la regi\u00f3n del mayo, el gobernador Alfonso Durazo Monta\u00f1o, En Sonora en Equipo publicamos toda la informaci\u00f3n de Sonora, M\u00e9xico y el Mundo de manera oportuna y busca que la libertad de expresi\u00f3n sea real. Visita nuestro medio informativo publicado desde Hermosillo, Sonora. %","robots":{"index":"index","follow":"follow","max-snippet":"max-snippet:-1","max-image-preview":"max-image-preview:large","max-video-preview":"max-video-preview:-1"},"canonical":"https:\/\/www.sonoraenequipo.com.mx\/acompana-gobernador-a-locatarios-en-supervision-de-modernizacion-del-mercado-municipal-en-navojoa\/","og_locale":"es_ES","og_type":"article","og_title":"Sonora en Equipo. Acompa\u00f1a Gobernador a locatarios en supervisi\u00f3n de modernizaci\u00f3n del Mercado Municipal en Navojoa Municipios","og_description":"&nbsp; NAVOJOA, SONORA, MX.\u02d7\u02d7\u02d7 Como parte de los trabajos en materia de salud que se efect\u00faan en la regi\u00f3n del mayo, el gobernador Alfonso Durazo Monta\u00f1o, En Sonora en Equipo publicamos toda la informaci\u00f3n de Sonora, M\u00e9xico y el Mundo de manera oportuna y busca que la libertad de expresi\u00f3n sea real. Visita nuestro medio informativo publicado desde Hermosillo, Sonora. %","og_url":"https:\/\/www.sonoraenequipo.com.mx\/acompana-gobernador-a-locatarios-en-supervision-de-modernizacion-del-mercado-municipal-en-navojoa\/","og_site_name":"Sonora en Equipo.","article_publisher":"https:\/\/www.facebook.com\/SonoraEE\/","article_author":"https:\/\/www.facebook.com\/SonoraEE","article_published_time":"2024-04-04T02:09:16+00:00","og_image":[{"width":900,"height":600,"url":"https:\/\/www.sonoraenequipo.com.mx\/storage\/2024\/04\/mrcado-mpal-navojoa.jpg","type":"image\/jpeg"}],"author":"enequipo","twitter_card":"summary_large_image","twitter_creator":"@sonoraenequipo","twitter_site":"@sonoraenequipo","twitter_misc":{"Escrito por":"enequipo","Tiempo de lectura":"1 minuto"},"schema":{"@context":"https:\/\/schema.org","@graph":[{"@type":"Article","@id":"https:\/\/www.sonoraenequipo.com.mx\/acompana-gobernador-a-locatarios-en-supervision-de-modernizacion-del-mercado-municipal-en-navojoa\/#article","isPartOf":{"@id":"https:\/\/www.sonoraenequipo.com.mx\/acompana-gobernador-a-locatarios-en-supervision-de-modernizacion-del-mercado-municipal-en-navojoa\/"},"author":{"name":"enequipo","@id":"https:\/\/www.sonoraenequipo.com.mx\/#\/schema\/person\/50102df0fb23a8fa9e8effad8fa81386"},"headline":"Acompa\u00f1a Gobernador a locatarios en supervisi\u00f3n de modernizaci\u00f3n del Mercado Municipal en Navojoa","datePublished":"2024-04-04T02:09:16+00:00","mainEntityOfPage":{"@id":"https:\/\/www.sonoraenequipo.com.mx\/acompana-gobernador-a-locatarios-en-supervision-de-modernizacion-del-mercado-municipal-en-navojoa\/"},"wordCount":297,"commentCount":0,"publisher":{"@id":"https:\/\/www.sonoraenequipo.com.mx\/#organization"},"image":{"@id":"https:\/\/www.sonoraenequipo.com.mx\/acompana-gobernador-a-locatarios-en-supervision-de-modernizacion-del-mercado-municipal-en-navojoa\/#primaryimage"},"thumbnailUrl":"https:\/\/www.sonoraenequipo.com.mx\/storage\/2024\/04\/mrcado-mpal-navojoa.jpg","keywords":["Mercado Municipal.","navojoa"],"articleSection":["Municipios"],"inLanguage":"es","potentialAction":[{"@type":"CommentAction","name":"Comment","target":["https:\/\/www.sonoraenequipo.com.mx\/acompana-gobernador-a-locatarios-en-supervision-de-modernizacion-del-mercado-municipal-en-navojoa\/#respond"]}]},{"@type":"WebPage","@id":"https:\/\/www.sonoraenequipo.com.mx\/acompana-gobernador-a-locatarios-en-supervision-de-modernizacion-del-mercado-municipal-en-navojoa\/","url":"https:\/\/www.sonoraenequipo.com.mx\/acompana-gobernador-a-locatarios-en-supervision-de-modernizacion-del-mercado-municipal-en-navojoa\/","name":"Sonora en Equipo. Acompa\u00f1a Gobernador a locatarios en supervisi\u00f3n de modernizaci\u00f3n del Mercado Municipal en Navojoa Municipios","isPartOf":{"@id":"https:\/\/www.sonoraenequipo.com.mx\/#website"},"primaryImageOfPage":{"@id":"https:\/\/www.sonoraenequipo.com.mx\/acompana-gobernador-a-locatarios-en-supervision-de-modernizacion-del-mercado-municipal-en-navojoa\/#primaryimage"},"image":{"@id":"https:\/\/www.sonoraenequipo.com.mx\/acompana-gobernador-a-locatarios-en-supervision-de-modernizacion-del-mercado-municipal-en-navojoa\/#primaryimage"},"thumbnailUrl":"https:\/\/www.sonoraenequipo.com.mx\/storage\/2024\/04\/mrcado-mpal-navojoa.jpg","datePublished":"2024-04-04T02:09:16+00:00","description":"&nbsp; NAVOJOA, SONORA, MX.\u02d7\u02d7\u02d7 Como parte de los trabajos en materia de salud que se efect\u00faan en la regi\u00f3n del mayo, el gobernador Alfonso Durazo Monta\u00f1o, En Sonora en Equipo publicamos toda la informaci\u00f3n de Sonora, M\u00e9xico y el Mundo de manera oportuna y busca que la libertad de expresi\u00f3n sea real. Visita nuestro medio informativo publicado desde Hermosillo, Sonora. %","breadcrumb":{"@id":"https:\/\/www.sonoraenequipo.com.mx\/acompana-gobernador-a-locatarios-en-supervision-de-modernizacion-del-mercado-municipal-en-navojoa\/#breadcrumb"},"inLanguage":"es","potentialAction":[{"@type":"ReadAction","target":["https:\/\/www.sonoraenequipo.com.mx\/acompana-gobernador-a-locatarios-en-supervision-de-modernizacion-del-mercado-municipal-en-navojoa\/"]}]},{"@type":"ImageObject","inLanguage":"es","@id":"https:\/\/www.sonoraenequipo.com.mx\/acompana-gobernador-a-locatarios-en-supervision-de-modernizacion-del-mercado-municipal-en-navojoa\/#primaryimage","url":"https:\/\/www.sonoraenequipo.com.mx\/storage\/2024\/04\/mrcado-mpal-navojoa.jpg","contentUrl":"https:\/\/www.sonoraenequipo.com.mx\/storage\/2024\/04\/mrcado-mpal-navojoa.jpg","width":900,"height":600},{"@type":"BreadcrumbList","@id":"https:\/\/www.sonoraenequipo.com.mx\/acompana-gobernador-a-locatarios-en-supervision-de-modernizacion-del-mercado-municipal-en-navojoa\/#breadcrumb","itemListElement":[{"@type":"ListItem","position":1,"name":"Portada","item":"https:\/\/www.sonoraenequipo.com.mx\/"},{"@type":"ListItem","position":2,"name":"Acompa\u00f1a Gobernador a locatarios en supervisi\u00f3n de modernizaci\u00f3n del Mercado Municipal en Navojoa"}]},{"@type":"WebSite","@id":"https:\/\/www.sonoraenequipo.com.mx\/#website","url":"https:\/\/www.sonoraenequipo.com.mx\/","name":"Sonora en Equipo.","description":"Diario en l\u00ednea con Noticias desde Hermosillo, Sonora","publisher":{"@id":"https:\/\/www.sonoraenequipo.com.mx\/#organization"},"potentialAction":[{"@type":"SearchAction","target":{"@type":"EntryPoint","urlTemplate":"https:\/\/www.sonoraenequipo.com.mx\/?s={search_term_string}"},"query-input":{"@type":"PropertyValueSpecification","valueRequired":true,"valueName":"search_term_string"}}],"inLanguage":"es"},{"@type":"Organization","@id":"https:\/\/www.sonoraenequipo.com.mx\/#organization","name":"Sonoraenequipo.com.mx","url":"https:\/\/www.sonoraenequipo.com.mx\/","logo":{"@type":"ImageObject","inLanguage":"es","@id":"https:\/\/www.sonoraenequipo.com.mx\/#\/schema\/logo\/image\/","url":"https:\/\/www.sonoraenequipo.com.mx\/storage\/2019\/01\/sonoraenequipo_opt.png","contentUrl":"https:\/\/www.sonoraenequipo.com.mx\/storage\/2019\/01\/sonoraenequipo_opt.png","width":375,"height":125,"caption":"Sonoraenequipo.com.mx"},"image":{"@id":"https:\/\/www.sonoraenequipo.com.mx\/#\/schema\/logo\/image\/"},"sameAs":["https:\/\/www.facebook.com\/SonoraEE\/","https:\/\/x.com\/sonoraenequipo","https:\/\/www.youtube.com\/channel\/UC338nW-lPEYmJQs4ZABQ1SQ"]},{"@type":"Person","@id":"https:\/\/www.sonoraenequipo.com.mx\/#\/schema\/person\/50102df0fb23a8fa9e8effad8fa81386","name":"enequipo","image":{"@type":"ImageObject","inLanguage":"es","@id":"https:\/\/www.sonoraenequipo.com.mx\/#\/schema\/person\/image\/","url":"https:\/\/secure.gravatar.com\/avatar\/049821681b589dabc0bc20695993ccebb09f5b5d4d790cd9251b97faac7c652b?s=96&d=blank&r=g","contentUrl":"https:\/\/secure.gravatar.com\/avatar\/049821681b589dabc0bc20695993ccebb09f5b5d4d790cd9251b97faac7c652b?s=96&d=blank&r=g","caption":"enequipo"},"sameAs":["https:\/\/www.facebook.com\/SonoraEE"]}]}},"jetpack_featured_media_url":"https:\/\/www.sonoraenequipo.com.mx\/storage\/2024\/04\/mrcado-mpal-navojoa.jpg","_links":{"self":[{"href":"https:\/\/www.sonoraenequipo.com.mx\/api\/wp\/v2\/posts\/186923","targetHints":{"allow":["GET"]}}],"collection":[{"href":"https:\/\/www.sonoraenequipo.com.mx\/api\/wp\/v2\/posts"}],"about":[{"href":"https:\/\/www.sonoraenequipo.com.mx\/api\/wp\/v2\/types\/post"}],"author":[{"embeddable":true,"href":"https:\/\/www.sonoraenequipo.com.mx\/api\/wp\/v2\/users\/1"}],"replies":[{"embeddable":true,"href":"https:\/\/www.sonoraenequipo.com.mx\/api\/wp\/v2\/comments?post=186923"}],"version-history":[{"count":1,"href":"https:\/\/www.sonoraenequipo.com.mx\/api\/wp\/v2\/posts\/186923\/revisions"}],"predecessor-version":[{"id":186925,"href":"https:\/\/www.sonoraenequipo.com.mx\/api\/wp\/v2\/posts\/186923\/revisions\/186925"}],"wp:featuredmedia":[{"embeddable":true,"href":"https:\/\/www.sonoraenequipo.com.mx\/api\/wp\/v2\/media\/186924"}],"wp:attachment":[{"href":"https:\/\/www.sonoraenequipo.com.mx\/api\/wp\/v2\/media?parent=186923"}],"wp:term":[{"taxonomy":"category","embeddable":true,"href":"https:\/\/www.sonoraenequipo.com.mx\/api\/wp\/v2\/categories?post=186923"},{"taxonomy":"post_tag","embeddable":true,"href":"https:\/\/www.sonoraenequipo.com.mx\/api\/wp\/v2\/tags?post=186923"}],"curies":[{"name":"wp","href":"https:\/\/api.w.org\/{rel}","templated":true}]}}