{"id":186953,"date":"2024-04-03T22:03:41","date_gmt":"2024-04-04T05:03:41","guid":{"rendered":"https:\/\/www.sonoraenequipo.com.mx\/?p=186953"},"modified":"2024-04-03T22:03:41","modified_gmt":"2024-04-04T05:03:41","slug":"presenta-natalia-rivera-planilla-de-mc-por-alcaldia-de-hermosillo","status":"publish","type":"post","link":"https:\/\/www.sonoraenequipo.com.mx\/presenta-natalia-rivera-planilla-de-mc-por-alcaldia-de-hermosillo\/","title":{"rendered":"Presenta Natalia Rivera planilla de MC por alcald\u00eda de \u00a0Hermosillo"},"content":{"rendered":"<p><strong>HERMOSILLO, SONORA, MX.\u02d7\u02d7\u02d7 <\/strong>Con un proyecto que representa causas sociales con ciudadanas y ciudadanos preocupados y ocupados porque el crecimiento y desarrollo de Hermosillo sea para todos, Natalia Rivera, aspirante a candidata por la Presidencia Municipal, present\u00f3 a las y los integrantes de la Planilla de S\u00edndico y Regidores 2024-2027.<\/p>\n<p>&nbsp;<\/p>\n<p>\u201cFormamos una Planilla, que entiende, que conoce y que sabe c\u00f3mo enfrentar los problemas sociales de hoy en d\u00eda; aqu\u00ed est\u00e1n representadas las causas de miles y miles de ciudadanos que diariamente tienen que levantarse y desafiar la desigualdad, la marginaci\u00f3n y los estragos de ellas\u201d, expres\u00f3 Natalia Rivera.<\/p>\n<p>&nbsp;<\/p>\n<p>C\u00f3mo S\u00edndico Propietario\u00a0 y Suplente, Arturo Quintal Armenta y Francisco C\u00f3rdova Berny; como Regidores Propietarios y Suplentes, Mar\u00eda de Jes\u00fas Mart\u00ednez Alva y Josefina Guti\u00e9rrez Campos; Julio Ernesto Arreola Mend\u00edvil y Roberto Rodr\u00edguez Leyva; Alma Ver\u00f3nica Sesma Valencia y Ana Lucia Contreras Jhonson; Ariel Burgos Ochoa y Juan Carlos Rubio Delgado; Alma Lydia Soto L\u00f3pez y Joceline Abigail Vel\u00e1zquez P\u00e9rez; Francisco Geovanni Castellanos Zamora y Jos\u00e9 \u00c1ngel Spencer\u00a0 Jim\u00e9nez; Josefina Mendoza L\u00f3pez y Aid\u00e9 Catalina Ch\u00e1vez Mart\u00ednez; Alejandro S\u00e1nchez Sarabia y Guillermo Ortiz Le\u00f3n; Hilary Platt L\u00f3pez y\u00a0 Eduwiges Cristina \u00c1lvarez Arriola; Guillermo Esteban Savi\u00f1on Moreno y Luis \u00c1ngel Ram\u00edrez Olgu\u00edn; Mar\u00eda Antonieta Rosas Saavedra y Karem Iran Quiroz Castro; \u00c1ngel Coronel Higuera y Leonel Alfonso Navarro Encinas.<\/p>\n<p>&nbsp;<\/p>\n<p>\u201cCuando dije: No voy, sino \u00a1vamos! Es porque ellos van conmigo. Vamos a hacer una campa\u00f1a desde la rebeld\u00eda, no una campa\u00f1a tradicional, con planillas llenas de pol\u00edticos y cuotas partidistas. Aqu\u00ed vamos a hacer campa\u00f1as desde las ideas y desde las propuestas, en la rebeld\u00eda de hablar con la verdad y decirle a las cosas como son, en la rebeld\u00eda de representar las causas como Hilary de ciudades sustentables, no m\u00e1s ciudades que contaminan, Hilary es una luchadora por la ciudades sustentables y ella va a representar esa causa\u201d.<\/p>\n<p>Natalia Rivera puntualiz\u00f3 que en esta Planilla cada uno de sus integrantes van con rebeld\u00eda, esa rebeld\u00eda que no representa a los intereses de siempre y que por eso esta ciudad est\u00e1 dividida en dos Hermosillos; un Hermosillo que ha crecido porque detr\u00e1s de eso hay intereses, en cambio, hablaremos del otro Hermosillo por los que nunca son escuchados.<\/p>\n<p>\u201cCada uno de ellos, son padres y madres de familia, estudiantes, amas de casa, jornaleras del campo, abogados, maestros, profesionistas, todos ellos, se ganan su sueldo dignamente para sacar adelante a sus familias y aun as\u00ed se dan el tiempo de ver por sus comunidades, por su colonia, por sus vecinos, y ahora, le van a quitar un poco de ese tiempo a dedic\u00e1rselo de tiempo completo a esta ciudad; todo mi reconocimiento, mi gratitud y mi compromiso de estar con ustedes a la altura de lo que ustedes son\u201d, expres\u00f3 la aspirante a candidata a Presidenta Municipal por Hermosillo.<\/p>\n<p>Se cont\u00f3 con la participaci\u00f3n de ciudadanos hermosillenses parte de este proyecto; Manuel Scott, coordinador estatal de Movimiento Ciudadano en Sonora; Jorge Russo, diputado local y coordinador de la Bancada Naranja; Rosa Elena Trujillo, diputada local; el candidato a Senador por Sonora, Ernesto de Lucas Hopkins y su suplente Eva Aldecoa; as\u00ed como los candidatos a Diputados Federales por Hermosillo, Rogelio Cota y Enrique Claussen.<\/p>\n<p><strong>Fecha de publicaci\u00f3n <\/strong><strong>mi\u00e9rcoles 3 de abril de 2024\u00a0 <\/strong><\/p>\n","protected":false},"excerpt":{"rendered":"<p>HERMOSILLO, SONORA, MX.\u02d7\u02d7\u02d7 Con un proyecto que representa causas sociales con ciudadanas y ciudadanos preocupados&#8230;<\/p>\n","protected":false},"author":1,"featured_media":186954,"comment_status":"open","ping_status":"open","sticky":false,"template":"","format":"standard","meta":{"_monsterinsights_skip_tracking":false,"_monsterinsights_sitenote_active":false,"_monsterinsights_sitenote_note":"","_monsterinsights_sitenote_category":0,"footnotes":""},"categories":[9400],"tags":[],"class_list":["post"],"yoast_head":" \n<title>Sonora en Equipo. Presenta Natalia Rivera planilla de MC por alcald\u00eda de \u00a0Hermosillo ELECCI\u00d3NES<\/title>\n<meta name=\"description\" content=\"HERMOSILLO, SONORA, MX.\u02d7\u02d7\u02d7 Con un proyecto que representa causas sociales con ciudadanas y ciudadanos preocupados y ocupados porque el crecimiento y En Sonora en Equipo publicamos toda la informaci\u00f3n de Sonora, M\u00e9xico y el Mundo de manera oportuna y busca que la libertad de expresi\u00f3n sea real. Visita nuestro medio informativo publicado desde Hermosillo, Sonora. %\" \/>\n<meta name=\"robots\" content=\"index, follow, max-snippet:-1, max-image-preview:large, max-video-preview:-1\" \/>\n<link rel=\"canonical\" href=\"https:\/\/www.sonoraenequipo.com.mx\/presenta-natalia-rivera-planilla-de-mc-por-alcaldia-de-hermosillo\/\" \/>\n<meta property=\"og:locale\" content=\"es_ES\" \/>\n<meta property=\"og:type\" content=\"article\" \/>\n<meta property=\"og:title\" content=\"Sonora en Equipo. Presenta Natalia Rivera planilla de MC por alcald\u00eda de \u00a0Hermosillo ELECCI\u00d3NES\" \/>\n<meta property=\"og:description\" content=\"HERMOSILLO, SONORA, MX.\u02d7\u02d7\u02d7 Con un proyecto que representa causas sociales con ciudadanas y ciudadanos preocupados y ocupados porque el crecimiento y En Sonora en Equipo publicamos toda la informaci\u00f3n de Sonora, M\u00e9xico y el Mundo de manera oportuna y busca que la libertad de expresi\u00f3n sea real. Visita nuestro medio informativo publicado desde Hermosillo, Sonora. %\" \/>\n<meta property=\"og:url\" content=\"https:\/\/www.sonoraenequipo.com.mx\/presenta-natalia-rivera-planilla-de-mc-por-alcaldia-de-hermosillo\/\" \/>\n<meta property=\"og:site_name\" content=\"Sonora en Equipo.\" \/>\n<meta property=\"article:publisher\" content=\"https:\/\/www.facebook.com\/SonoraEE\/\" \/>\n<meta property=\"article:author\" content=\"https:\/\/www.facebook.com\/SonoraEE\" \/>\n<meta property=\"article:published_time\" content=\"2024-04-04T05:03:41+00:00\" \/>\n<meta property=\"og:image\" content=\"https:\/\/www.sonoraenequipo.com.mx\/storage\/2024\/04\/mc-planilla.jpg\" \/>\n\t<meta property=\"og:image:width\" content=\"900\" \/>\n\t<meta property=\"og:image:height\" content=\"600\" \/>\n\t<meta property=\"og:image:type\" content=\"image\/jpeg\" \/>\n<meta name=\"author\" content=\"enequipo\" \/>\n<meta name=\"twitter:card\" content=\"summary_large_image\" \/>\n<meta name=\"twitter:creator\" content=\"@sonoraenequipo\" \/>\n<meta name=\"twitter:site\" content=\"@sonoraenequipo\" \/>\n<meta name=\"twitter:label1\" content=\"Escrito por\" \/>\n\t<meta name=\"twitter:data1\" content=\"enequipo\" \/>\n\t<meta name=\"twitter:label2\" content=\"Tiempo de lectura\" \/>\n\t<meta name=\"twitter:data2\" content=\"3 minutos\" \/>\n<script type=\"application\/ld+json\" class=\"yoast-schema-graph\">{\"@context\":\"https:\/\/schema.org\",\"@graph\":[{\"@type\":\"Article\",\"@id\":\"https:\/\/www.sonoraenequipo.com.mx\/presenta-natalia-rivera-planilla-de-mc-por-alcaldia-de-hermosillo\/#article\",\"isPartOf\":{\"@id\":\"https:\/\/www.sonoraenequipo.com.mx\/presenta-natalia-rivera-planilla-de-mc-por-alcaldia-de-hermosillo\/\"},\"author\":{\"name\":\"enequipo\",\"@id\":\"https:\/\/www.sonoraenequipo.com.mx\/#\/schema\/person\/50102df0fb23a8fa9e8effad8fa81386\"},\"headline\":\"Presenta Natalia Rivera planilla de MC por alcald\u00eda de \u00a0Hermosillo\",\"datePublished\":\"2024-04-04T05:03:41+00:00\",\"mainEntityOfPage\":{\"@id\":\"https:\/\/www.sonoraenequipo.com.mx\/presenta-natalia-rivera-planilla-de-mc-por-alcaldia-de-hermosillo\/\"},\"wordCount\":596,\"commentCount\":0,\"publisher\":{\"@id\":\"https:\/\/www.sonoraenequipo.com.mx\/#organization\"},\"image\":{\"@id\":\"https:\/\/www.sonoraenequipo.com.mx\/presenta-natalia-rivera-planilla-de-mc-por-alcaldia-de-hermosillo\/#primaryimage\"},\"thumbnailUrl\":\"https:\/\/www.sonoraenequipo.com.mx\/storage\/2024\/04\/mc-planilla.jpg\",\"articleSection\":[\"ELECCI\u00d3NES\"],\"inLanguage\":\"es\",\"potentialAction\":[{\"@type\":\"CommentAction\",\"name\":\"Comment\",\"target\":[\"https:\/\/www.sonoraenequipo.com.mx\/presenta-natalia-rivera-planilla-de-mc-por-alcaldia-de-hermosillo\/#respond\"]}]},{\"@type\":\"WebPage\",\"@id\":\"https:\/\/www.sonoraenequipo.com.mx\/presenta-natalia-rivera-planilla-de-mc-por-alcaldia-de-hermosillo\/\",\"url\":\"https:\/\/www.sonoraenequipo.com.mx\/presenta-natalia-rivera-planilla-de-mc-por-alcaldia-de-hermosillo\/\",\"name\":\"Sonora en Equipo. Presenta Natalia Rivera planilla de MC por alcald\u00eda de \u00a0Hermosillo ELECCI\u00d3NES\",\"isPartOf\":{\"@id\":\"https:\/\/www.sonoraenequipo.com.mx\/#website\"},\"primaryImageOfPage\":{\"@id\":\"https:\/\/www.sonoraenequipo.com.mx\/presenta-natalia-rivera-planilla-de-mc-por-alcaldia-de-hermosillo\/#primaryimage\"},\"image\":{\"@id\":\"https:\/\/www.sonoraenequipo.com.mx\/presenta-natalia-rivera-planilla-de-mc-por-alcaldia-de-hermosillo\/#primaryimage\"},\"thumbnailUrl\":\"https:\/\/www.sonoraenequipo.com.mx\/storage\/2024\/04\/mc-planilla.jpg\",\"datePublished\":\"2024-04-04T05:03:41+00:00\",\"description\":\"HERMOSILLO, SONORA, MX.\u02d7\u02d7\u02d7 Con un proyecto que representa causas sociales con ciudadanas y ciudadanos preocupados y ocupados porque el crecimiento y En Sonora en Equipo publicamos toda la informaci\u00f3n de Sonora, M\u00e9xico y el Mundo de manera oportuna y busca que la libertad de expresi\u00f3n sea real. Visita nuestro medio informativo publicado desde Hermosillo, Sonora. %\",\"breadcrumb\":{\"@id\":\"https:\/\/www.sonoraenequipo.com.mx\/presenta-natalia-rivera-planilla-de-mc-por-alcaldia-de-hermosillo\/#breadcrumb\"},\"inLanguage\":\"es\",\"potentialAction\":[{\"@type\":\"ReadAction\",\"target\":[\"https:\/\/www.sonoraenequipo.com.mx\/presenta-natalia-rivera-planilla-de-mc-por-alcaldia-de-hermosillo\/\"]}]},{\"@type\":\"ImageObject\",\"inLanguage\":\"es\",\"@id\":\"https:\/\/www.sonoraenequipo.com.mx\/presenta-natalia-rivera-planilla-de-mc-por-alcaldia-de-hermosillo\/#primaryimage\",\"url\":\"https:\/\/www.sonoraenequipo.com.mx\/storage\/2024\/04\/mc-planilla.jpg\",\"contentUrl\":\"https:\/\/www.sonoraenequipo.com.mx\/storage\/2024\/04\/mc-planilla.jpg\",\"width\":900,\"height\":600},{\"@type\":\"BreadcrumbList\",\"@id\":\"https:\/\/www.sonoraenequipo.com.mx\/presenta-natalia-rivera-planilla-de-mc-por-alcaldia-de-hermosillo\/#breadcrumb\",\"itemListElement\":[{\"@type\":\"ListItem\",\"position\":1,\"name\":\"Portada\",\"item\":\"https:\/\/www.sonoraenequipo.com.mx\/\"},{\"@type\":\"ListItem\",\"position\":2,\"name\":\"Presenta Natalia Rivera planilla de MC por alcald\u00eda de \u00a0Hermosillo\"}]},{\"@type\":\"WebSite\",\"@id\":\"https:\/\/www.sonoraenequipo.com.mx\/#website\",\"url\":\"https:\/\/www.sonoraenequipo.com.mx\/\",\"name\":\"Sonora en Equipo.\",\"description\":\"Diario en l\u00ednea con Noticias desde Hermosillo, Sonora\",\"publisher\":{\"@id\":\"https:\/\/www.sonoraenequipo.com.mx\/#organization\"},\"potentialAction\":[{\"@type\":\"SearchAction\",\"target\":{\"@type\":\"EntryPoint\",\"urlTemplate\":\"https:\/\/www.sonoraenequipo.com.mx\/?s={search_term_string}\"},\"query-input\":{\"@type\":\"PropertyValueSpecification\",\"valueRequired\":true,\"valueName\":\"search_term_string\"}}],\"inLanguage\":\"es\"},{\"@type\":\"Organization\",\"@id\":\"https:\/\/www.sonoraenequipo.com.mx\/#organization\",\"name\":\"Sonoraenequipo.com.mx\",\"url\":\"https:\/\/www.sonoraenequipo.com.mx\/\",\"logo\":{\"@type\":\"ImageObject\",\"inLanguage\":\"es\",\"@id\":\"https:\/\/www.sonoraenequipo.com.mx\/#\/schema\/logo\/image\/\",\"url\":\"https:\/\/www.sonoraenequipo.com.mx\/storage\/2019\/01\/sonoraenequipo_opt.png\",\"contentUrl\":\"https:\/\/www.sonoraenequipo.com.mx\/storage\/2019\/01\/sonoraenequipo_opt.png\",\"width\":375,\"height\":125,\"caption\":\"Sonoraenequipo.com.mx\"},\"image\":{\"@id\":\"https:\/\/www.sonoraenequipo.com.mx\/#\/schema\/logo\/image\/\"},\"sameAs\":[\"https:\/\/www.facebook.com\/SonoraEE\/\",\"https:\/\/x.com\/sonoraenequipo\",\"https:\/\/www.youtube.com\/channel\/UC338nW-lPEYmJQs4ZABQ1SQ\"]},{\"@type\":\"Person\",\"@id\":\"https:\/\/www.sonoraenequipo.com.mx\/#\/schema\/person\/50102df0fb23a8fa9e8effad8fa81386\",\"name\":\"enequipo\",\"image\":{\"@type\":\"ImageObject\",\"inLanguage\":\"es\",\"@id\":\"https:\/\/www.sonoraenequipo.com.mx\/#\/schema\/person\/image\/\",\"url\":\"https:\/\/secure.gravatar.com\/avatar\/049821681b589dabc0bc20695993ccebb09f5b5d4d790cd9251b97faac7c652b?s=96&d=blank&r=g\",\"contentUrl\":\"https:\/\/secure.gravatar.com\/avatar\/049821681b589dabc0bc20695993ccebb09f5b5d4d790cd9251b97faac7c652b?s=96&d=blank&r=g\",\"caption\":\"enequipo\"},\"sameAs\":[\"https:\/\/www.facebook.com\/SonoraEE\"]}]}<\/script>\n ","yoast_head_json":{"title":"Sonora en Equipo. Presenta Natalia Rivera planilla de MC por alcald\u00eda de \u00a0Hermosillo ELECCI\u00d3NES","description":"HERMOSILLO, SONORA, MX.\u02d7\u02d7\u02d7 Con un proyecto que representa causas sociales con ciudadanas y ciudadanos preocupados y ocupados porque el crecimiento y En Sonora en Equipo publicamos toda la informaci\u00f3n de Sonora, M\u00e9xico y el Mundo de manera oportuna y busca que la libertad de expresi\u00f3n sea real. Visita nuestro medio informativo publicado desde Hermosillo, Sonora. %","robots":{"index":"index","follow":"follow","max-snippet":"max-snippet:-1","max-image-preview":"max-image-preview:large","max-video-preview":"max-video-preview:-1"},"canonical":"https:\/\/www.sonoraenequipo.com.mx\/presenta-natalia-rivera-planilla-de-mc-por-alcaldia-de-hermosillo\/","og_locale":"es_ES","og_type":"article","og_title":"Sonora en Equipo. Presenta Natalia Rivera planilla de MC por alcald\u00eda de \u00a0Hermosillo ELECCI\u00d3NES","og_description":"HERMOSILLO, SONORA, MX.\u02d7\u02d7\u02d7 Con un proyecto que representa causas sociales con ciudadanas y ciudadanos preocupados y ocupados porque el crecimiento y En Sonora en Equipo publicamos toda la informaci\u00f3n de Sonora, M\u00e9xico y el Mundo de manera oportuna y busca que la libertad de expresi\u00f3n sea real. Visita nuestro medio informativo publicado desde Hermosillo, Sonora. %","og_url":"https:\/\/www.sonoraenequipo.com.mx\/presenta-natalia-rivera-planilla-de-mc-por-alcaldia-de-hermosillo\/","og_site_name":"Sonora en Equipo.","article_publisher":"https:\/\/www.facebook.com\/SonoraEE\/","article_author":"https:\/\/www.facebook.com\/SonoraEE","article_published_time":"2024-04-04T05:03:41+00:00","og_image":[{"width":900,"height":600,"url":"https:\/\/www.sonoraenequipo.com.mx\/storage\/2024\/04\/mc-planilla.jpg","type":"image\/jpeg"}],"author":"enequipo","twitter_card":"summary_large_image","twitter_creator":"@sonoraenequipo","twitter_site":"@sonoraenequipo","twitter_misc":{"Escrito por":"enequipo","Tiempo de lectura":"3 minutos"},"schema":{"@context":"https:\/\/schema.org","@graph":[{"@type":"Article","@id":"https:\/\/www.sonoraenequipo.com.mx\/presenta-natalia-rivera-planilla-de-mc-por-alcaldia-de-hermosillo\/#article","isPartOf":{"@id":"https:\/\/www.sonoraenequipo.com.mx\/presenta-natalia-rivera-planilla-de-mc-por-alcaldia-de-hermosillo\/"},"author":{"name":"enequipo","@id":"https:\/\/www.sonoraenequipo.com.mx\/#\/schema\/person\/50102df0fb23a8fa9e8effad8fa81386"},"headline":"Presenta Natalia Rivera planilla de MC por alcald\u00eda de \u00a0Hermosillo","datePublished":"2024-04-04T05:03:41+00:00","mainEntityOfPage":{"@id":"https:\/\/www.sonoraenequipo.com.mx\/presenta-natalia-rivera-planilla-de-mc-por-alcaldia-de-hermosillo\/"},"wordCount":596,"commentCount":0,"publisher":{"@id":"https:\/\/www.sonoraenequipo.com.mx\/#organization"},"image":{"@id":"https:\/\/www.sonoraenequipo.com.mx\/presenta-natalia-rivera-planilla-de-mc-por-alcaldia-de-hermosillo\/#primaryimage"},"thumbnailUrl":"https:\/\/www.sonoraenequipo.com.mx\/storage\/2024\/04\/mc-planilla.jpg","articleSection":["ELECCI\u00d3NES"],"inLanguage":"es","potentialAction":[{"@type":"CommentAction","name":"Comment","target":["https:\/\/www.sonoraenequipo.com.mx\/presenta-natalia-rivera-planilla-de-mc-por-alcaldia-de-hermosillo\/#respond"]}]},{"@type":"WebPage","@id":"https:\/\/www.sonoraenequipo.com.mx\/presenta-natalia-rivera-planilla-de-mc-por-alcaldia-de-hermosillo\/","url":"https:\/\/www.sonoraenequipo.com.mx\/presenta-natalia-rivera-planilla-de-mc-por-alcaldia-de-hermosillo\/","name":"Sonora en Equipo. Presenta Natalia Rivera planilla de MC por alcald\u00eda de \u00a0Hermosillo ELECCI\u00d3NES","isPartOf":{"@id":"https:\/\/www.sonoraenequipo.com.mx\/#website"},"primaryImageOfPage":{"@id":"https:\/\/www.sonoraenequipo.com.mx\/presenta-natalia-rivera-planilla-de-mc-por-alcaldia-de-hermosillo\/#primaryimage"},"image":{"@id":"https:\/\/www.sonoraenequipo.com.mx\/presenta-natalia-rivera-planilla-de-mc-por-alcaldia-de-hermosillo\/#primaryimage"},"thumbnailUrl":"https:\/\/www.sonoraenequipo.com.mx\/storage\/2024\/04\/mc-planilla.jpg","datePublished":"2024-04-04T05:03:41+00:00","description":"HERMOSILLO, SONORA, MX.\u02d7\u02d7\u02d7 Con un proyecto que representa causas sociales con ciudadanas y ciudadanos preocupados y ocupados porque el crecimiento y En Sonora en Equipo publicamos toda la informaci\u00f3n de Sonora, M\u00e9xico y el Mundo de manera oportuna y busca que la libertad de expresi\u00f3n sea real. Visita nuestro medio informativo publicado desde Hermosillo, Sonora. %","breadcrumb":{"@id":"https:\/\/www.sonoraenequipo.com.mx\/presenta-natalia-rivera-planilla-de-mc-por-alcaldia-de-hermosillo\/#breadcrumb"},"inLanguage":"es","potentialAction":[{"@type":"ReadAction","target":["https:\/\/www.sonoraenequipo.com.mx\/presenta-natalia-rivera-planilla-de-mc-por-alcaldia-de-hermosillo\/"]}]},{"@type":"ImageObject","inLanguage":"es","@id":"https:\/\/www.sonoraenequipo.com.mx\/presenta-natalia-rivera-planilla-de-mc-por-alcaldia-de-hermosillo\/#primaryimage","url":"https:\/\/www.sonoraenequipo.com.mx\/storage\/2024\/04\/mc-planilla.jpg","contentUrl":"https:\/\/www.sonoraenequipo.com.mx\/storage\/2024\/04\/mc-planilla.jpg","width":900,"height":600},{"@type":"BreadcrumbList","@id":"https:\/\/www.sonoraenequipo.com.mx\/presenta-natalia-rivera-planilla-de-mc-por-alcaldia-de-hermosillo\/#breadcrumb","itemListElement":[{"@type":"ListItem","position":1,"name":"Portada","item":"https:\/\/www.sonoraenequipo.com.mx\/"},{"@type":"ListItem","position":2,"name":"Presenta Natalia Rivera planilla de MC por alcald\u00eda de \u00a0Hermosillo"}]},{"@type":"WebSite","@id":"https:\/\/www.sonoraenequipo.com.mx\/#website","url":"https:\/\/www.sonoraenequipo.com.mx\/","name":"Sonora en Equipo.","description":"Diario en l\u00ednea con Noticias desde Hermosillo, Sonora","publisher":{"@id":"https:\/\/www.sonoraenequipo.com.mx\/#organization"},"potentialAction":[{"@type":"SearchAction","target":{"@type":"EntryPoint","urlTemplate":"https:\/\/www.sonoraenequipo.com.mx\/?s={search_term_string}"},"query-input":{"@type":"PropertyValueSpecification","valueRequired":true,"valueName":"search_term_string"}}],"inLanguage":"es"},{"@type":"Organization","@id":"https:\/\/www.sonoraenequipo.com.mx\/#organization","name":"Sonoraenequipo.com.mx","url":"https:\/\/www.sonoraenequipo.com.mx\/","logo":{"@type":"ImageObject","inLanguage":"es","@id":"https:\/\/www.sonoraenequipo.com.mx\/#\/schema\/logo\/image\/","url":"https:\/\/www.sonoraenequipo.com.mx\/storage\/2019\/01\/sonoraenequipo_opt.png","contentUrl":"https:\/\/www.sonoraenequipo.com.mx\/storage\/2019\/01\/sonoraenequipo_opt.png","width":375,"height":125,"caption":"Sonoraenequipo.com.mx"},"image":{"@id":"https:\/\/www.sonoraenequipo.com.mx\/#\/schema\/logo\/image\/"},"sameAs":["https:\/\/www.facebook.com\/SonoraEE\/","https:\/\/x.com\/sonoraenequipo","https:\/\/www.youtube.com\/channel\/UC338nW-lPEYmJQs4ZABQ1SQ"]},{"@type":"Person","@id":"https:\/\/www.sonoraenequipo.com.mx\/#\/schema\/person\/50102df0fb23a8fa9e8effad8fa81386","name":"enequipo","image":{"@type":"ImageObject","inLanguage":"es","@id":"https:\/\/www.sonoraenequipo.com.mx\/#\/schema\/person\/image\/","url":"https:\/\/secure.gravatar.com\/avatar\/049821681b589dabc0bc20695993ccebb09f5b5d4d790cd9251b97faac7c652b?s=96&d=blank&r=g","contentUrl":"https:\/\/secure.gravatar.com\/avatar\/049821681b589dabc0bc20695993ccebb09f5b5d4d790cd9251b97faac7c652b?s=96&d=blank&r=g","caption":"enequipo"},"sameAs":["https:\/\/www.facebook.com\/SonoraEE"]}]}},"jetpack_featured_media_url":"https:\/\/www.sonoraenequipo.com.mx\/storage\/2024\/04\/mc-planilla.jpg","_links":{"self":[{"href":"https:\/\/www.sonoraenequipo.com.mx\/api\/wp\/v2\/posts\/186953","targetHints":{"allow":["GET"]}}],"collection":[{"href":"https:\/\/www.sonoraenequipo.com.mx\/api\/wp\/v2\/posts"}],"about":[{"href":"https:\/\/www.sonoraenequipo.com.mx\/api\/wp\/v2\/types\/post"}],"author":[{"embeddable":true,"href":"https:\/\/www.sonoraenequipo.com.mx\/api\/wp\/v2\/users\/1"}],"replies":[{"embeddable":true,"href":"https:\/\/www.sonoraenequipo.com.mx\/api\/wp\/v2\/comments?post=186953"}],"version-history":[{"count":1,"href":"https:\/\/www.sonoraenequipo.com.mx\/api\/wp\/v2\/posts\/186953\/revisions"}],"predecessor-version":[{"id":186955,"href":"https:\/\/www.sonoraenequipo.com.mx\/api\/wp\/v2\/posts\/186953\/revisions\/186955"}],"wp:featuredmedia":[{"embeddable":true,"href":"https:\/\/www.sonoraenequipo.com.mx\/api\/wp\/v2\/media\/186954"}],"wp:attachment":[{"href":"https:\/\/www.sonoraenequipo.com.mx\/api\/wp\/v2\/media?parent=186953"}],"wp:term":[{"taxonomy":"category","embeddable":true,"href":"https:\/\/www.sonoraenequipo.com.mx\/api\/wp\/v2\/categories?post=186953"},{"taxonomy":"post_tag","embeddable":true,"href":"https:\/\/www.sonoraenequipo.com.mx\/api\/wp\/v2\/tags?post=186953"}],"curies":[{"name":"wp","href":"https:\/\/api.w.org\/{rel}","templated":true}]}}