{"id":186965,"date":"2024-04-04T12:32:35","date_gmt":"2024-04-04T19:32:35","guid":{"rendered":"https:\/\/www.sonoraenequipo.com.mx\/?p=186965"},"modified":"2024-04-04T12:45:22","modified_gmt":"2024-04-04T19:45:22","slug":"monitorea-uanl-mas-de-10-mil-horas-en-radio-y-television-durante-campanas-del-pef-2023-2024","status":"publish","type":"post","link":"https:\/\/www.sonoraenequipo.com.mx\/monitorea-uanl-mas-de-10-mil-horas-en-radio-y-television-durante-campanas-del-pef-2023-2024\/","title":{"rendered":"Monitorea UANL m\u00e1s de 10 mil horas en radio y televisi\u00f3n durante campa\u00f1as del PEF 2023-2024"},"content":{"rendered":"<p>Tiempo total dedicado a campa\u00f1as a la Presidencia fue de 836 horas; a diputaciones, de 170 horas y a senadur\u00edas, de 240 horas<\/p>\n<p>Como parte del monitoreo noticioso de radio y televisi\u00f3n que realiza la Universidad Aut\u00f3noma de Nuevo Le\u00f3n (UANL) durante el Proceso Electoral Federal (PEF) 2023-2024, el Instituto Nacional Electoral (INE) informa que, del inicio de las campa\u00f1as federales al 24 de marzo, se han monitoreado un total de 10 mil 759 horas con 58 minutos y 28 segundos.<\/p>\n<p>De \u00e9stas, 7 mil 78 horas con 53 minutos y 58 segundos corresponden a radio y 3 mil 681 horas con cuatro minutos y 30 segundos a televisi\u00f3n.<\/p>\n<p>En el marco de las campa\u00f1as a la Presidencia, se registraron 35 mil 703 piezas de monitoreo, de las cuales, 26 mil 19 corresponden a radio y 9 mil 684 a televisi\u00f3n. Se dedic\u00f3 el 7.78 % del tiempo total monitoreado a \u00e9stas. El 72.93 % de este tiempo se dedic\u00f3 en radio y el 27.07 % en televisi\u00f3n.<\/p>\n<p>El tiempo total otorgado a las campa\u00f1as a la Presidencia de la Rep\u00fablica fue de 836 horas, 45 minutos y 11 segundos: en radio se dedicaron 610 horas, 14 minutos y 31 segundos y en televisi\u00f3n, 226 horas, 30 minutos y 40 segundos.<\/p>\n<p>La candidatura con m\u00e1s tiempo otorgado en radio y televisi\u00f3n fue Claudia Sheinbaum Pardo y el partido con m\u00e1s tiempo otorgado en ambos medios fue Movimiento Ciudadano (MC). Asimismo, la coalici\u00f3n con m\u00e1s tiempo otorgado en radio y televisi\u00f3n fue \u201cSigamos Haciendo Historia\u201d (SHH).<\/p>\n<p>El g\u00e9nero period\u00edstico m\u00e1s usado en radio y televisi\u00f3n fue nota informativa; el recurso t\u00e9cnico m\u00e1s empleado en radio fue s\u00f3lo cita y en televisi\u00f3n fue voz e imagen y la mayor parte de la informaci\u00f3n emitida en radio y televisi\u00f3n se present\u00f3 sin relaci\u00f3n con el resumen introductorio.<\/p>\n<p>El informe acumulado destaca que la candidatura con mayor n\u00famero de valoraciones positivas y negativas fue Claudia Sheinbaum Pardo; el partido pol\u00edtico con mayor n\u00famero de valoraciones positivas y negativas fue MC y la coalici\u00f3n con mayor n\u00famero de valoraciones positivas y negativas fue SHH.<\/p>\n<p>En el periodo se registr\u00f3 que el enfoque de la cobertura en las valoraciones se centr\u00f3 en ideas, propuestas o mensajes. Hubo 2 mil 602 piezas de monitoreo en las que se hizo un v\u00ednculo entre los actores pol\u00edticos y alg\u00fan tema de inter\u00e9s p\u00fablico.\u00a0 El tema con el que m\u00e1s se les vincul\u00f3 fue inseguridad y paz.<\/p>\n<p>Adem\u00e1s, se registraron seis frases en las que se mencionaron amenazas o agresiones contra las candidaturas. De \u00e9stas, cinco se presentaron en radio y una en televisi\u00f3n. La totalidad de las frases fue para mujeres.<\/p>\n<p>Campa\u00f1a diputaciones federales<\/p>\n<p>En el periodo se registraron 4 mil 649 piezas de monitoreo sobre las campa\u00f1as por diputaciones, de las cuales, 3 mil 702 corresponden a radio y 947 a televisi\u00f3n. Se registr\u00f3 que el 1.58 % del tiempo total monitoreado se dedic\u00f3 a la campa\u00f1a por diputaciones. De \u00e9ste, el 82.99 % se dedic\u00f3 en radio y el 17.01 % en televisi\u00f3n.<\/p>\n<p>El tiempo total otorgado a las campa\u00f1as por diputaciones fue de 170 horas, 31 minutos y 32 segundos. De \u00e9ste, 141 horas, 31 minutos y 39 segundos se dedicaron en radio y 28 horas, 59 minutos y 53 segundos en televisi\u00f3n.<\/p>\n<p>El partido pol\u00edtico con m\u00e1s tiempo otorgado en radio y en televisi\u00f3n fue Morena; la coalici\u00f3n con m\u00e1s tiempo otorgado en radio fue \u201cFuerza y Coraz\u00f3n por M\u00e9xico\u201d (FCM) y en televisi\u00f3n fue SHH.<\/p>\n<p>El g\u00e9nero period\u00edstico con m\u00e1s piezas informativas en radio y televisi\u00f3n fue nota informativa. El recurso t\u00e9cnico m\u00e1s usado en radio fue s\u00f3lo cita y en televisi\u00f3n fue cita e imagen. La mayor parte de la informaci\u00f3n emitida en radio y televisi\u00f3n se present\u00f3 sin relaci\u00f3n con el resumen introductorio.<\/p>\n<p>El partido pol\u00edtico con mayor n\u00famero de valoraciones positivas fue el Partido Acci\u00f3n Nacional (PAN); el que tuvo mayor n\u00famero de valoraciones negativas fue Morena; la coalici\u00f3n con m\u00e1s valoraciones positivas fue FCM y la que tuvo m\u00e1s valoraciones negativas fue SHH.<\/p>\n<p>El enfoque de la cobertura en las valoraciones se centr\u00f3 en elementos personales de las candidaturas. Hubo 372 piezas de monitoreo en las que se hizo un v\u00ednculo entre los actores pol\u00edticos y alg\u00fan tema de inter\u00e9s p\u00fablico. El tema con el que m\u00e1s se les vincul\u00f3 fue inseguridad y paz.<\/p>\n<p>Se registraron 74 frases en las que se mencionaron amenazas o agresiones contra las candidaturas. De \u00e9stas, 67 se presentaron en radio y siete en televisi\u00f3n. Asimismo, 59 fueron para hombres, 15 para mujeres y ninguna para personas de g\u00e9nero no binario.<\/p>\n<p>Campa\u00f1a senadur\u00edas<\/p>\n<p>Del 1 al 24 de marzo de 2024 se registraron 6 mil 345 piezas de monitoreo sobre las campa\u00f1as por senadur\u00edas, de las cuales, 4 mil 961 corresponden a radio y mil 384 a televisi\u00f3n. El 2.23 % del tiempo total monitoreado se dedic\u00f3 a estas campa\u00f1as. El 83.96 % de \u00e9ste se dedic\u00f3 en radio y el 16.04 % en televisi\u00f3n.<\/p>\n<p>El tiempo total otorgado a las campa\u00f1as por senadur\u00edas fue de 240 horas, 19 minutos y 20 segundos, de las cuales, 201 horas, 46 minutos y 54 segundos se dedicaron en radio y 38 horas, 32 minutos y 26 segundos en televisi\u00f3n.<\/p>\n<p>El partido pol\u00edtico con m\u00e1s tiempo otorgado en radio y en televisi\u00f3n fue Morena y la coalici\u00f3n con m\u00e1s tiempo otorgado en ambos medios fue FCM.<\/p>\n<p>El g\u00e9nero period\u00edstico con m\u00e1s piezas informativas en radio y en televisi\u00f3n fue nota informativa. El recurso t\u00e9cnico m\u00e1s usado en radio fue s\u00f3lo cita y en televisi\u00f3n fue cita e imagen. La mayor parte de la informaci\u00f3n emitida en radio y televisi\u00f3n se present\u00f3 sin relaci\u00f3n con el resumen introductorio.<\/p>\n<p>El partido pol\u00edtico con mayor n\u00famero de valoraciones positivas y negativas fue Morena y la coalici\u00f3n con mayor n\u00famero de valoraciones positivas y negativas fue FCM.<\/p>\n<p>El enfoque de la cobertura en las valoraciones se centr\u00f3 en elementos personales de las candidaturas y hubo 440 piezas de monitoreo en las que se hizo un v\u00ednculo entre los actores pol\u00edticos y alg\u00fan tema de inter\u00e9s p\u00fablico. El tema con el que m\u00e1s se les vincul\u00f3 fue inseguridad y paz.<\/p>\n<p>Finalmente, se registraron 13 frases en las que se mencionaron amenazas o agresiones contra las candidaturas. De \u00e9stas, 10 se presentaron en radio y tres en televisi\u00f3n. Asimismo, 10 fueron para hombres, tres para mujeres y ninguna para personas de g\u00e9nero no binario.<\/p>\n<p>El detalle del monitoreo de medios en periodo de campa\u00f1as federales se puede consultar en el micrositio: <a href=\"https:\/\/monitoreo2024.ine.mx\/inicio\">https:\/\/monitoreo2024.ine.mx\/inicio<\/a>.<\/p>\n<p><strong>Fecha de publicaci\u00f3n <\/strong><strong>jueves 4 de abril de 2024\u00a0 <\/strong><\/p>\n","protected":false},"excerpt":{"rendered":"<p>Tiempo total dedicado a campa\u00f1as a la Presidencia fue de 836 horas; a diputaciones, de&#8230;<\/p>\n","protected":false},"author":1,"featured_media":186966,"comment_status":"open","ping_status":"open","sticky":false,"template":"","format":"standard","meta":{"_monsterinsights_skip_tracking":false,"_monsterinsights_sitenote_active":false,"_monsterinsights_sitenote_note":"","_monsterinsights_sitenote_category":0,"footnotes":""},"categories":[9400],"tags":[],"class_list":["post"],"yoast_head":" \n<title>Sonora en Equipo. Monitorea UANL m\u00e1s de 10 mil horas en radio y televisi\u00f3n durante campa\u00f1as del PEF 2023-2024 ELECCI\u00d3NES<\/title>\n<meta name=\"description\" content=\"Tiempo total dedicado a campa\u00f1as a la Presidencia fue de 836 horas; a diputaciones, de 170 horas y a senadur\u00edas, de 240 horas Como parte del monitoreo En Sonora en Equipo publicamos toda la informaci\u00f3n de Sonora, M\u00e9xico y el Mundo de manera oportuna y busca que la libertad de expresi\u00f3n sea real. Visita nuestro medio informativo publicado desde Hermosillo, Sonora. %\" \/>\n<meta name=\"robots\" content=\"index, follow, max-snippet:-1, max-image-preview:large, max-video-preview:-1\" \/>\n<link rel=\"canonical\" href=\"https:\/\/www.sonoraenequipo.com.mx\/monitorea-uanl-mas-de-10-mil-horas-en-radio-y-television-durante-campanas-del-pef-2023-2024\/\" \/>\n<meta property=\"og:locale\" content=\"es_ES\" \/>\n<meta property=\"og:type\" content=\"article\" \/>\n<meta property=\"og:title\" content=\"Sonora en Equipo. Monitorea UANL m\u00e1s de 10 mil horas en radio y televisi\u00f3n durante campa\u00f1as del PEF 2023-2024 ELECCI\u00d3NES\" \/>\n<meta property=\"og:description\" content=\"Tiempo total dedicado a campa\u00f1as a la Presidencia fue de 836 horas; a diputaciones, de 170 horas y a senadur\u00edas, de 240 horas Como parte del monitoreo En Sonora en Equipo publicamos toda la informaci\u00f3n de Sonora, M\u00e9xico y el Mundo de manera oportuna y busca que la libertad de expresi\u00f3n sea real. Visita nuestro medio informativo publicado desde Hermosillo, Sonora. %\" \/>\n<meta property=\"og:url\" content=\"https:\/\/www.sonoraenequipo.com.mx\/monitorea-uanl-mas-de-10-mil-horas-en-radio-y-television-durante-campanas-del-pef-2023-2024\/\" \/>\n<meta property=\"og:site_name\" content=\"Sonora en Equipo.\" \/>\n<meta property=\"article:publisher\" content=\"https:\/\/www.facebook.com\/SonoraEE\/\" \/>\n<meta property=\"article:author\" content=\"https:\/\/www.facebook.com\/SonoraEE\" \/>\n<meta property=\"article:published_time\" content=\"2024-04-04T19:32:35+00:00\" \/>\n<meta property=\"article:modified_time\" content=\"2024-04-04T19:45:22+00:00\" \/>\n<meta property=\"og:image\" content=\"https:\/\/www.sonoraenequipo.com.mx\/storage\/2024\/04\/radio-y-tv.jpg\" \/>\n\t<meta property=\"og:image:width\" content=\"600\" \/>\n\t<meta property=\"og:image:height\" content=\"400\" \/>\n\t<meta property=\"og:image:type\" content=\"image\/jpeg\" \/>\n<meta name=\"author\" content=\"enequipo\" \/>\n<meta name=\"twitter:card\" content=\"summary_large_image\" \/>\n<meta name=\"twitter:creator\" content=\"@sonoraenequipo\" \/>\n<meta name=\"twitter:site\" content=\"@sonoraenequipo\" \/>\n<meta name=\"twitter:label1\" content=\"Escrito por\" \/>\n\t<meta name=\"twitter:data1\" content=\"enequipo\" \/>\n\t<meta name=\"twitter:label2\" content=\"Tiempo de lectura\" \/>\n\t<meta name=\"twitter:data2\" content=\"6 minutos\" \/>\n<script type=\"application\/ld+json\" class=\"yoast-schema-graph\">{\"@context\":\"https:\/\/schema.org\",\"@graph\":[{\"@type\":\"Article\",\"@id\":\"https:\/\/www.sonoraenequipo.com.mx\/monitorea-uanl-mas-de-10-mil-horas-en-radio-y-television-durante-campanas-del-pef-2023-2024\/#article\",\"isPartOf\":{\"@id\":\"https:\/\/www.sonoraenequipo.com.mx\/monitorea-uanl-mas-de-10-mil-horas-en-radio-y-television-durante-campanas-del-pef-2023-2024\/\"},\"author\":{\"name\":\"enequipo\",\"@id\":\"https:\/\/www.sonoraenequipo.com.mx\/#\/schema\/person\/50102df0fb23a8fa9e8effad8fa81386\"},\"headline\":\"Monitorea UANL m\u00e1s de 10 mil horas en radio y televisi\u00f3n durante campa\u00f1as del PEF 2023-2024\",\"datePublished\":\"2024-04-04T19:32:35+00:00\",\"dateModified\":\"2024-04-04T19:45:22+00:00\",\"mainEntityOfPage\":{\"@id\":\"https:\/\/www.sonoraenequipo.com.mx\/monitorea-uanl-mas-de-10-mil-horas-en-radio-y-television-durante-campanas-del-pef-2023-2024\/\"},\"wordCount\":1151,\"commentCount\":0,\"publisher\":{\"@id\":\"https:\/\/www.sonoraenequipo.com.mx\/#organization\"},\"image\":{\"@id\":\"https:\/\/www.sonoraenequipo.com.mx\/monitorea-uanl-mas-de-10-mil-horas-en-radio-y-television-durante-campanas-del-pef-2023-2024\/#primaryimage\"},\"thumbnailUrl\":\"https:\/\/www.sonoraenequipo.com.mx\/storage\/2024\/04\/radio-y-tv.jpg\",\"articleSection\":[\"ELECCI\u00d3NES\"],\"inLanguage\":\"es\",\"potentialAction\":[{\"@type\":\"CommentAction\",\"name\":\"Comment\",\"target\":[\"https:\/\/www.sonoraenequipo.com.mx\/monitorea-uanl-mas-de-10-mil-horas-en-radio-y-television-durante-campanas-del-pef-2023-2024\/#respond\"]}]},{\"@type\":\"WebPage\",\"@id\":\"https:\/\/www.sonoraenequipo.com.mx\/monitorea-uanl-mas-de-10-mil-horas-en-radio-y-television-durante-campanas-del-pef-2023-2024\/\",\"url\":\"https:\/\/www.sonoraenequipo.com.mx\/monitorea-uanl-mas-de-10-mil-horas-en-radio-y-television-durante-campanas-del-pef-2023-2024\/\",\"name\":\"Sonora en Equipo. Monitorea UANL m\u00e1s de 10 mil horas en radio y televisi\u00f3n durante campa\u00f1as del PEF 2023-2024 ELECCI\u00d3NES\",\"isPartOf\":{\"@id\":\"https:\/\/www.sonoraenequipo.com.mx\/#website\"},\"primaryImageOfPage\":{\"@id\":\"https:\/\/www.sonoraenequipo.com.mx\/monitorea-uanl-mas-de-10-mil-horas-en-radio-y-television-durante-campanas-del-pef-2023-2024\/#primaryimage\"},\"image\":{\"@id\":\"https:\/\/www.sonoraenequipo.com.mx\/monitorea-uanl-mas-de-10-mil-horas-en-radio-y-television-durante-campanas-del-pef-2023-2024\/#primaryimage\"},\"thumbnailUrl\":\"https:\/\/www.sonoraenequipo.com.mx\/storage\/2024\/04\/radio-y-tv.jpg\",\"datePublished\":\"2024-04-04T19:32:35+00:00\",\"dateModified\":\"2024-04-04T19:45:22+00:00\",\"description\":\"Tiempo total dedicado a campa\u00f1as a la Presidencia fue de 836 horas; a diputaciones, de 170 horas y a senadur\u00edas, de 240 horas Como parte del monitoreo En Sonora en Equipo publicamos toda la informaci\u00f3n de Sonora, M\u00e9xico y el Mundo de manera oportuna y busca que la libertad de expresi\u00f3n sea real. Visita nuestro medio informativo publicado desde Hermosillo, Sonora. %\",\"breadcrumb\":{\"@id\":\"https:\/\/www.sonoraenequipo.com.mx\/monitorea-uanl-mas-de-10-mil-horas-en-radio-y-television-durante-campanas-del-pef-2023-2024\/#breadcrumb\"},\"inLanguage\":\"es\",\"potentialAction\":[{\"@type\":\"ReadAction\",\"target\":[\"https:\/\/www.sonoraenequipo.com.mx\/monitorea-uanl-mas-de-10-mil-horas-en-radio-y-television-durante-campanas-del-pef-2023-2024\/\"]}]},{\"@type\":\"ImageObject\",\"inLanguage\":\"es\",\"@id\":\"https:\/\/www.sonoraenequipo.com.mx\/monitorea-uanl-mas-de-10-mil-horas-en-radio-y-television-durante-campanas-del-pef-2023-2024\/#primaryimage\",\"url\":\"https:\/\/www.sonoraenequipo.com.mx\/storage\/2024\/04\/radio-y-tv.jpg\",\"contentUrl\":\"https:\/\/www.sonoraenequipo.com.mx\/storage\/2024\/04\/radio-y-tv.jpg\",\"width\":600,\"height\":400},{\"@type\":\"BreadcrumbList\",\"@id\":\"https:\/\/www.sonoraenequipo.com.mx\/monitorea-uanl-mas-de-10-mil-horas-en-radio-y-television-durante-campanas-del-pef-2023-2024\/#breadcrumb\",\"itemListElement\":[{\"@type\":\"ListItem\",\"position\":1,\"name\":\"Portada\",\"item\":\"https:\/\/www.sonoraenequipo.com.mx\/\"},{\"@type\":\"ListItem\",\"position\":2,\"name\":\"Monitorea UANL m\u00e1s de 10 mil horas en radio y televisi\u00f3n durante campa\u00f1as del PEF 2023-2024\"}]},{\"@type\":\"WebSite\",\"@id\":\"https:\/\/www.sonoraenequipo.com.mx\/#website\",\"url\":\"https:\/\/www.sonoraenequipo.com.mx\/\",\"name\":\"Sonora en Equipo.\",\"description\":\"Diario en l\u00ednea con Noticias desde Hermosillo, Sonora\",\"publisher\":{\"@id\":\"https:\/\/www.sonoraenequipo.com.mx\/#organization\"},\"potentialAction\":[{\"@type\":\"SearchAction\",\"target\":{\"@type\":\"EntryPoint\",\"urlTemplate\":\"https:\/\/www.sonoraenequipo.com.mx\/?s={search_term_string}\"},\"query-input\":{\"@type\":\"PropertyValueSpecification\",\"valueRequired\":true,\"valueName\":\"search_term_string\"}}],\"inLanguage\":\"es\"},{\"@type\":\"Organization\",\"@id\":\"https:\/\/www.sonoraenequipo.com.mx\/#organization\",\"name\":\"Sonoraenequipo.com.mx\",\"url\":\"https:\/\/www.sonoraenequipo.com.mx\/\",\"logo\":{\"@type\":\"ImageObject\",\"inLanguage\":\"es\",\"@id\":\"https:\/\/www.sonoraenequipo.com.mx\/#\/schema\/logo\/image\/\",\"url\":\"https:\/\/www.sonoraenequipo.com.mx\/storage\/2019\/01\/sonoraenequipo_opt.png\",\"contentUrl\":\"https:\/\/www.sonoraenequipo.com.mx\/storage\/2019\/01\/sonoraenequipo_opt.png\",\"width\":375,\"height\":125,\"caption\":\"Sonoraenequipo.com.mx\"},\"image\":{\"@id\":\"https:\/\/www.sonoraenequipo.com.mx\/#\/schema\/logo\/image\/\"},\"sameAs\":[\"https:\/\/www.facebook.com\/SonoraEE\/\",\"https:\/\/x.com\/sonoraenequipo\",\"https:\/\/www.youtube.com\/channel\/UC338nW-lPEYmJQs4ZABQ1SQ\"]},{\"@type\":\"Person\",\"@id\":\"https:\/\/www.sonoraenequipo.com.mx\/#\/schema\/person\/50102df0fb23a8fa9e8effad8fa81386\",\"name\":\"enequipo\",\"image\":{\"@type\":\"ImageObject\",\"inLanguage\":\"es\",\"@id\":\"https:\/\/www.sonoraenequipo.com.mx\/#\/schema\/person\/image\/\",\"url\":\"https:\/\/secure.gravatar.com\/avatar\/049821681b589dabc0bc20695993ccebb09f5b5d4d790cd9251b97faac7c652b?s=96&d=blank&r=g\",\"contentUrl\":\"https:\/\/secure.gravatar.com\/avatar\/049821681b589dabc0bc20695993ccebb09f5b5d4d790cd9251b97faac7c652b?s=96&d=blank&r=g\",\"caption\":\"enequipo\"},\"sameAs\":[\"https:\/\/www.facebook.com\/SonoraEE\"]}]}<\/script>\n ","yoast_head_json":{"title":"Sonora en Equipo. Monitorea UANL m\u00e1s de 10 mil horas en radio y televisi\u00f3n durante campa\u00f1as del PEF 2023-2024 ELECCI\u00d3NES","description":"Tiempo total dedicado a campa\u00f1as a la Presidencia fue de 836 horas; a diputaciones, de 170 horas y a senadur\u00edas, de 240 horas Como parte del monitoreo En Sonora en Equipo publicamos toda la informaci\u00f3n de Sonora, M\u00e9xico y el Mundo de manera oportuna y busca que la libertad de expresi\u00f3n sea real. Visita nuestro medio informativo publicado desde Hermosillo, Sonora. %","robots":{"index":"index","follow":"follow","max-snippet":"max-snippet:-1","max-image-preview":"max-image-preview:large","max-video-preview":"max-video-preview:-1"},"canonical":"https:\/\/www.sonoraenequipo.com.mx\/monitorea-uanl-mas-de-10-mil-horas-en-radio-y-television-durante-campanas-del-pef-2023-2024\/","og_locale":"es_ES","og_type":"article","og_title":"Sonora en Equipo. Monitorea UANL m\u00e1s de 10 mil horas en radio y televisi\u00f3n durante campa\u00f1as del PEF 2023-2024 ELECCI\u00d3NES","og_description":"Tiempo total dedicado a campa\u00f1as a la Presidencia fue de 836 horas; a diputaciones, de 170 horas y a senadur\u00edas, de 240 horas Como parte del monitoreo En Sonora en Equipo publicamos toda la informaci\u00f3n de Sonora, M\u00e9xico y el Mundo de manera oportuna y busca que la libertad de expresi\u00f3n sea real. Visita nuestro medio informativo publicado desde Hermosillo, Sonora. %","og_url":"https:\/\/www.sonoraenequipo.com.mx\/monitorea-uanl-mas-de-10-mil-horas-en-radio-y-television-durante-campanas-del-pef-2023-2024\/","og_site_name":"Sonora en Equipo.","article_publisher":"https:\/\/www.facebook.com\/SonoraEE\/","article_author":"https:\/\/www.facebook.com\/SonoraEE","article_published_time":"2024-04-04T19:32:35+00:00","article_modified_time":"2024-04-04T19:45:22+00:00","og_image":[{"width":600,"height":400,"url":"https:\/\/www.sonoraenequipo.com.mx\/storage\/2024\/04\/radio-y-tv.jpg","type":"image\/jpeg"}],"author":"enequipo","twitter_card":"summary_large_image","twitter_creator":"@sonoraenequipo","twitter_site":"@sonoraenequipo","twitter_misc":{"Escrito por":"enequipo","Tiempo de lectura":"6 minutos"},"schema":{"@context":"https:\/\/schema.org","@graph":[{"@type":"Article","@id":"https:\/\/www.sonoraenequipo.com.mx\/monitorea-uanl-mas-de-10-mil-horas-en-radio-y-television-durante-campanas-del-pef-2023-2024\/#article","isPartOf":{"@id":"https:\/\/www.sonoraenequipo.com.mx\/monitorea-uanl-mas-de-10-mil-horas-en-radio-y-television-durante-campanas-del-pef-2023-2024\/"},"author":{"name":"enequipo","@id":"https:\/\/www.sonoraenequipo.com.mx\/#\/schema\/person\/50102df0fb23a8fa9e8effad8fa81386"},"headline":"Monitorea UANL m\u00e1s de 10 mil horas en radio y televisi\u00f3n durante campa\u00f1as del PEF 2023-2024","datePublished":"2024-04-04T19:32:35+00:00","dateModified":"2024-04-04T19:45:22+00:00","mainEntityOfPage":{"@id":"https:\/\/www.sonoraenequipo.com.mx\/monitorea-uanl-mas-de-10-mil-horas-en-radio-y-television-durante-campanas-del-pef-2023-2024\/"},"wordCount":1151,"commentCount":0,"publisher":{"@id":"https:\/\/www.sonoraenequipo.com.mx\/#organization"},"image":{"@id":"https:\/\/www.sonoraenequipo.com.mx\/monitorea-uanl-mas-de-10-mil-horas-en-radio-y-television-durante-campanas-del-pef-2023-2024\/#primaryimage"},"thumbnailUrl":"https:\/\/www.sonoraenequipo.com.mx\/storage\/2024\/04\/radio-y-tv.jpg","articleSection":["ELECCI\u00d3NES"],"inLanguage":"es","potentialAction":[{"@type":"CommentAction","name":"Comment","target":["https:\/\/www.sonoraenequipo.com.mx\/monitorea-uanl-mas-de-10-mil-horas-en-radio-y-television-durante-campanas-del-pef-2023-2024\/#respond"]}]},{"@type":"WebPage","@id":"https:\/\/www.sonoraenequipo.com.mx\/monitorea-uanl-mas-de-10-mil-horas-en-radio-y-television-durante-campanas-del-pef-2023-2024\/","url":"https:\/\/www.sonoraenequipo.com.mx\/monitorea-uanl-mas-de-10-mil-horas-en-radio-y-television-durante-campanas-del-pef-2023-2024\/","name":"Sonora en Equipo. Monitorea UANL m\u00e1s de 10 mil horas en radio y televisi\u00f3n durante campa\u00f1as del PEF 2023-2024 ELECCI\u00d3NES","isPartOf":{"@id":"https:\/\/www.sonoraenequipo.com.mx\/#website"},"primaryImageOfPage":{"@id":"https:\/\/www.sonoraenequipo.com.mx\/monitorea-uanl-mas-de-10-mil-horas-en-radio-y-television-durante-campanas-del-pef-2023-2024\/#primaryimage"},"image":{"@id":"https:\/\/www.sonoraenequipo.com.mx\/monitorea-uanl-mas-de-10-mil-horas-en-radio-y-television-durante-campanas-del-pef-2023-2024\/#primaryimage"},"thumbnailUrl":"https:\/\/www.sonoraenequipo.com.mx\/storage\/2024\/04\/radio-y-tv.jpg","datePublished":"2024-04-04T19:32:35+00:00","dateModified":"2024-04-04T19:45:22+00:00","description":"Tiempo total dedicado a campa\u00f1as a la Presidencia fue de 836 horas; a diputaciones, de 170 horas y a senadur\u00edas, de 240 horas Como parte del monitoreo En Sonora en Equipo publicamos toda la informaci\u00f3n de Sonora, M\u00e9xico y el Mundo de manera oportuna y busca que la libertad de expresi\u00f3n sea real. Visita nuestro medio informativo publicado desde Hermosillo, Sonora. %","breadcrumb":{"@id":"https:\/\/www.sonoraenequipo.com.mx\/monitorea-uanl-mas-de-10-mil-horas-en-radio-y-television-durante-campanas-del-pef-2023-2024\/#breadcrumb"},"inLanguage":"es","potentialAction":[{"@type":"ReadAction","target":["https:\/\/www.sonoraenequipo.com.mx\/monitorea-uanl-mas-de-10-mil-horas-en-radio-y-television-durante-campanas-del-pef-2023-2024\/"]}]},{"@type":"ImageObject","inLanguage":"es","@id":"https:\/\/www.sonoraenequipo.com.mx\/monitorea-uanl-mas-de-10-mil-horas-en-radio-y-television-durante-campanas-del-pef-2023-2024\/#primaryimage","url":"https:\/\/www.sonoraenequipo.com.mx\/storage\/2024\/04\/radio-y-tv.jpg","contentUrl":"https:\/\/www.sonoraenequipo.com.mx\/storage\/2024\/04\/radio-y-tv.jpg","width":600,"height":400},{"@type":"BreadcrumbList","@id":"https:\/\/www.sonoraenequipo.com.mx\/monitorea-uanl-mas-de-10-mil-horas-en-radio-y-television-durante-campanas-del-pef-2023-2024\/#breadcrumb","itemListElement":[{"@type":"ListItem","position":1,"name":"Portada","item":"https:\/\/www.sonoraenequipo.com.mx\/"},{"@type":"ListItem","position":2,"name":"Monitorea UANL m\u00e1s de 10 mil horas en radio y televisi\u00f3n durante campa\u00f1as del PEF 2023-2024"}]},{"@type":"WebSite","@id":"https:\/\/www.sonoraenequipo.com.mx\/#website","url":"https:\/\/www.sonoraenequipo.com.mx\/","name":"Sonora en Equipo.","description":"Diario en l\u00ednea con Noticias desde Hermosillo, Sonora","publisher":{"@id":"https:\/\/www.sonoraenequipo.com.mx\/#organization"},"potentialAction":[{"@type":"SearchAction","target":{"@type":"EntryPoint","urlTemplate":"https:\/\/www.sonoraenequipo.com.mx\/?s={search_term_string}"},"query-input":{"@type":"PropertyValueSpecification","valueRequired":true,"valueName":"search_term_string"}}],"inLanguage":"es"},{"@type":"Organization","@id":"https:\/\/www.sonoraenequipo.com.mx\/#organization","name":"Sonoraenequipo.com.mx","url":"https:\/\/www.sonoraenequipo.com.mx\/","logo":{"@type":"ImageObject","inLanguage":"es","@id":"https:\/\/www.sonoraenequipo.com.mx\/#\/schema\/logo\/image\/","url":"https:\/\/www.sonoraenequipo.com.mx\/storage\/2019\/01\/sonoraenequipo_opt.png","contentUrl":"https:\/\/www.sonoraenequipo.com.mx\/storage\/2019\/01\/sonoraenequipo_opt.png","width":375,"height":125,"caption":"Sonoraenequipo.com.mx"},"image":{"@id":"https:\/\/www.sonoraenequipo.com.mx\/#\/schema\/logo\/image\/"},"sameAs":["https:\/\/www.facebook.com\/SonoraEE\/","https:\/\/x.com\/sonoraenequipo","https:\/\/www.youtube.com\/channel\/UC338nW-lPEYmJQs4ZABQ1SQ"]},{"@type":"Person","@id":"https:\/\/www.sonoraenequipo.com.mx\/#\/schema\/person\/50102df0fb23a8fa9e8effad8fa81386","name":"enequipo","image":{"@type":"ImageObject","inLanguage":"es","@id":"https:\/\/www.sonoraenequipo.com.mx\/#\/schema\/person\/image\/","url":"https:\/\/secure.gravatar.com\/avatar\/049821681b589dabc0bc20695993ccebb09f5b5d4d790cd9251b97faac7c652b?s=96&d=blank&r=g","contentUrl":"https:\/\/secure.gravatar.com\/avatar\/049821681b589dabc0bc20695993ccebb09f5b5d4d790cd9251b97faac7c652b?s=96&d=blank&r=g","caption":"enequipo"},"sameAs":["https:\/\/www.facebook.com\/SonoraEE"]}]}},"jetpack_featured_media_url":"https:\/\/www.sonoraenequipo.com.mx\/storage\/2024\/04\/radio-y-tv.jpg","_links":{"self":[{"href":"https:\/\/www.sonoraenequipo.com.mx\/api\/wp\/v2\/posts\/186965","targetHints":{"allow":["GET"]}}],"collection":[{"href":"https:\/\/www.sonoraenequipo.com.mx\/api\/wp\/v2\/posts"}],"about":[{"href":"https:\/\/www.sonoraenequipo.com.mx\/api\/wp\/v2\/types\/post"}],"author":[{"embeddable":true,"href":"https:\/\/www.sonoraenequipo.com.mx\/api\/wp\/v2\/users\/1"}],"replies":[{"embeddable":true,"href":"https:\/\/www.sonoraenequipo.com.mx\/api\/wp\/v2\/comments?post=186965"}],"version-history":[{"count":2,"href":"https:\/\/www.sonoraenequipo.com.mx\/api\/wp\/v2\/posts\/186965\/revisions"}],"predecessor-version":[{"id":186969,"href":"https:\/\/www.sonoraenequipo.com.mx\/api\/wp\/v2\/posts\/186965\/revisions\/186969"}],"wp:featuredmedia":[{"embeddable":true,"href":"https:\/\/www.sonoraenequipo.com.mx\/api\/wp\/v2\/media\/186966"}],"wp:attachment":[{"href":"https:\/\/www.sonoraenequipo.com.mx\/api\/wp\/v2\/media?parent=186965"}],"wp:term":[{"taxonomy":"category","embeddable":true,"href":"https:\/\/www.sonoraenequipo.com.mx\/api\/wp\/v2\/categories?post=186965"},{"taxonomy":"post_tag","embeddable":true,"href":"https:\/\/www.sonoraenequipo.com.mx\/api\/wp\/v2\/tags?post=186965"}],"curies":[{"name":"wp","href":"https:\/\/api.w.org\/{rel}","templated":true}]}}