{"id":186974,"date":"2024-04-04T13:30:40","date_gmt":"2024-04-04T20:30:40","guid":{"rendered":"https:\/\/www.sonoraenequipo.com.mx\/?p=186974"},"modified":"2024-04-04T13:30:40","modified_gmt":"2024-04-04T20:30:40","slug":"andrea-ibarra-se-cuelga-otro-oro-ahora-equipo-mixto-en-campeonato-de-tiro-de-las-americas","status":"publish","type":"post","link":"https:\/\/www.sonoraenequipo.com.mx\/andrea-ibarra-se-cuelga-otro-oro-ahora-equipo-mixto-en-campeonato-de-tiro-de-las-americas\/","title":{"rendered":"Andrea Ibarra se cuelga otro oro ahora equipo mixto en Campeonato de tiro de las Am\u00e9ricas"},"content":{"rendered":"<p><strong>HERMOSILLO, SONORA, MX.\u02d7\u02d7\u02d7 <\/strong>Por segundo d\u00eda consecutivo Andrea Ibarra subi\u00f3 a lo m\u00e1s alto del podio en el XIV Campeonato de Las Am\u00e9ricas de Tiro Deportivo (Rifle y Pistola) al conseguir este mi\u00e9rcoles la medalla de oro en la modalidad de Equipos Mixtos.<\/p>\n<p>&nbsp;<\/p>\n<p>&nbsp;<\/p>\n<p>&nbsp;<\/p>\n<p>La sonorense Ibarra Miranda hizo dupla con Carlos Gonz\u00e1lez para finalizar en la primera posici\u00f3n en la especialidad de pistola 10 metros en Equipos Mixtos, dentro de la segunda jornada de acciones del certamen que tiene por sede Buenos Aires, Argentina.<\/p>\n<p>&nbsp;<\/p>\n<p>&nbsp;<\/p>\n<p>&nbsp;<\/p>\n<p>Fue la segunda presea del m\u00e1ximo color de Andrea Victoria ya que el martes, al lado de Alejandra Zavala y Alejandra Cervantes, conquist\u00f3 la medalla dorada en Equipos Femenil en la misma prueba de 10 metros aire.<\/p>\n<p>&nbsp;<\/p>\n<p>&nbsp;<\/p>\n<p>&nbsp;<\/p>\n<p>El d\u00fao Ibarra-Gonz\u00e1lez super\u00f3 en la final al equipo ecuatoriano compuesto por Diana Durango y Fernando Pozo 16 puntos a 12, para atrapar su segundo campeonato juntos pues tambi\u00e9n ganaron la medalla de oro en los Juegos Panamericanos Santiago 2023.<\/p>\n<p>&nbsp;<\/p>\n<p>&nbsp;<\/p>\n<p>&nbsp;<\/p>\n<p>Este jueves Andrea Victoria Ibarra Miranda cerrar\u00e1 su actuaci\u00f3n en el Campeonato de Las Am\u00e9ricas de Tiro Deportivo en donde ver\u00e1 actividad en la prueba de pistola en la distancia de 25 metros, en la cual adem\u00e1s competir\u00e1n Alejandra Zavala y Alejandra Cervantes. Los primeros lugares conseguir\u00e1n las plazas ol\u00edmpicas hacia Par\u00eds 2024.<\/p>\n<p><strong>Fecha de publicaci\u00f3n <\/strong><strong>jueves 4 de abril de 2024\u00a0 <\/strong><\/p>\n<p>&nbsp;<\/p>\n","protected":false},"excerpt":{"rendered":"<p>HERMOSILLO, SONORA, MX.\u02d7\u02d7\u02d7 Por segundo d\u00eda consecutivo Andrea Ibarra subi\u00f3 a lo m\u00e1s alto del&#8230;<\/p>\n","protected":false},"author":1,"featured_media":186975,"comment_status":"open","ping_status":"open","sticky":false,"template":"","format":"standard","meta":{"_monsterinsights_skip_tracking":false,"_monsterinsights_sitenote_active":false,"_monsterinsights_sitenote_note":"","_monsterinsights_sitenote_category":0,"footnotes":""},"categories":[10],"tags":[7689,5155],"class_list":["post"],"yoast_head":" \n<title>Sonora en Equipo. Andrea Ibarra se cuelga otro oro ahora equipo mixto en Campeonato de tiro de las Am\u00e9ricas Deportes<\/title>\n<meta name=\"description\" content=\"HERMOSILLO, SONORA, MX.\u02d7\u02d7\u02d7 Por segundo d\u00eda consecutivo Andrea Ibarra subi\u00f3 a lo m\u00e1s alto del podio en el XIV Campeonato de Las Am\u00e9ricas de Tiro Deportivo En Sonora en Equipo publicamos toda la informaci\u00f3n de Sonora, M\u00e9xico y el Mundo de manera oportuna y busca que la libertad de expresi\u00f3n sea real. Visita nuestro medio informativo publicado desde Hermosillo, Sonora. %\" \/>\n<meta name=\"robots\" content=\"index, follow, max-snippet:-1, max-image-preview:large, max-video-preview:-1\" \/>\n<link rel=\"canonical\" href=\"https:\/\/www.sonoraenequipo.com.mx\/andrea-ibarra-se-cuelga-otro-oro-ahora-equipo-mixto-en-campeonato-de-tiro-de-las-americas\/\" \/>\n<meta property=\"og:locale\" content=\"es_ES\" \/>\n<meta property=\"og:type\" content=\"article\" \/>\n<meta property=\"og:title\" content=\"Sonora en Equipo. Andrea Ibarra se cuelga otro oro ahora equipo mixto en Campeonato de tiro de las Am\u00e9ricas Deportes\" \/>\n<meta property=\"og:description\" content=\"HERMOSILLO, SONORA, MX.\u02d7\u02d7\u02d7 Por segundo d\u00eda consecutivo Andrea Ibarra subi\u00f3 a lo m\u00e1s alto del podio en el XIV Campeonato de Las Am\u00e9ricas de Tiro Deportivo En Sonora en Equipo publicamos toda la informaci\u00f3n de Sonora, M\u00e9xico y el Mundo de manera oportuna y busca que la libertad de expresi\u00f3n sea real. Visita nuestro medio informativo publicado desde Hermosillo, Sonora. %\" \/>\n<meta property=\"og:url\" content=\"https:\/\/www.sonoraenequipo.com.mx\/andrea-ibarra-se-cuelga-otro-oro-ahora-equipo-mixto-en-campeonato-de-tiro-de-las-americas\/\" \/>\n<meta property=\"og:site_name\" content=\"Sonora en Equipo.\" \/>\n<meta property=\"article:publisher\" content=\"https:\/\/www.facebook.com\/SonoraEE\/\" \/>\n<meta property=\"article:author\" content=\"https:\/\/www.facebook.com\/SonoraEE\" \/>\n<meta property=\"article:published_time\" content=\"2024-04-04T20:30:40+00:00\" \/>\n<meta property=\"og:image\" content=\"https:\/\/www.sonoraenequipo.com.mx\/storage\/2024\/04\/andrea.jpg\" \/>\n\t<meta property=\"og:image:width\" content=\"900\" \/>\n\t<meta property=\"og:image:height\" content=\"600\" \/>\n\t<meta property=\"og:image:type\" content=\"image\/jpeg\" \/>\n<meta name=\"author\" content=\"enequipo\" \/>\n<meta name=\"twitter:card\" content=\"summary_large_image\" \/>\n<meta name=\"twitter:creator\" content=\"@sonoraenequipo\" \/>\n<meta name=\"twitter:site\" content=\"@sonoraenequipo\" \/>\n<meta name=\"twitter:label1\" content=\"Escrito por\" \/>\n\t<meta name=\"twitter:data1\" content=\"enequipo\" \/>\n\t<meta name=\"twitter:label2\" content=\"Tiempo de lectura\" \/>\n\t<meta name=\"twitter:data2\" content=\"1 minuto\" \/>\n<script type=\"application\/ld+json\" class=\"yoast-schema-graph\">{\"@context\":\"https:\/\/schema.org\",\"@graph\":[{\"@type\":\"Article\",\"@id\":\"https:\/\/www.sonoraenequipo.com.mx\/andrea-ibarra-se-cuelga-otro-oro-ahora-equipo-mixto-en-campeonato-de-tiro-de-las-americas\/#article\",\"isPartOf\":{\"@id\":\"https:\/\/www.sonoraenequipo.com.mx\/andrea-ibarra-se-cuelga-otro-oro-ahora-equipo-mixto-en-campeonato-de-tiro-de-las-americas\/\"},\"author\":{\"name\":\"enequipo\",\"@id\":\"https:\/\/www.sonoraenequipo.com.mx\/#\/schema\/person\/50102df0fb23a8fa9e8effad8fa81386\"},\"headline\":\"Andrea Ibarra se cuelga otro oro ahora equipo mixto en Campeonato de tiro de las Am\u00e9ricas\",\"datePublished\":\"2024-04-04T20:30:40+00:00\",\"mainEntityOfPage\":{\"@id\":\"https:\/\/www.sonoraenequipo.com.mx\/andrea-ibarra-se-cuelga-otro-oro-ahora-equipo-mixto-en-campeonato-de-tiro-de-las-americas\/\"},\"wordCount\":262,\"commentCount\":0,\"publisher\":{\"@id\":\"https:\/\/www.sonoraenequipo.com.mx\/#organization\"},\"image\":{\"@id\":\"https:\/\/www.sonoraenequipo.com.mx\/andrea-ibarra-se-cuelga-otro-oro-ahora-equipo-mixto-en-campeonato-de-tiro-de-las-americas\/#primaryimage\"},\"thumbnailUrl\":\"https:\/\/www.sonoraenequipo.com.mx\/storage\/2024\/04\/andrea.jpg\",\"keywords\":[\"andrea ibarra\",\"tiro\"],\"articleSection\":[\"Deportes\"],\"inLanguage\":\"es\",\"potentialAction\":[{\"@type\":\"CommentAction\",\"name\":\"Comment\",\"target\":[\"https:\/\/www.sonoraenequipo.com.mx\/andrea-ibarra-se-cuelga-otro-oro-ahora-equipo-mixto-en-campeonato-de-tiro-de-las-americas\/#respond\"]}]},{\"@type\":\"WebPage\",\"@id\":\"https:\/\/www.sonoraenequipo.com.mx\/andrea-ibarra-se-cuelga-otro-oro-ahora-equipo-mixto-en-campeonato-de-tiro-de-las-americas\/\",\"url\":\"https:\/\/www.sonoraenequipo.com.mx\/andrea-ibarra-se-cuelga-otro-oro-ahora-equipo-mixto-en-campeonato-de-tiro-de-las-americas\/\",\"name\":\"Sonora en Equipo. Andrea Ibarra se cuelga otro oro ahora equipo mixto en Campeonato de tiro de las Am\u00e9ricas Deportes\",\"isPartOf\":{\"@id\":\"https:\/\/www.sonoraenequipo.com.mx\/#website\"},\"primaryImageOfPage\":{\"@id\":\"https:\/\/www.sonoraenequipo.com.mx\/andrea-ibarra-se-cuelga-otro-oro-ahora-equipo-mixto-en-campeonato-de-tiro-de-las-americas\/#primaryimage\"},\"image\":{\"@id\":\"https:\/\/www.sonoraenequipo.com.mx\/andrea-ibarra-se-cuelga-otro-oro-ahora-equipo-mixto-en-campeonato-de-tiro-de-las-americas\/#primaryimage\"},\"thumbnailUrl\":\"https:\/\/www.sonoraenequipo.com.mx\/storage\/2024\/04\/andrea.jpg\",\"datePublished\":\"2024-04-04T20:30:40+00:00\",\"description\":\"HERMOSILLO, SONORA, MX.\u02d7\u02d7\u02d7 Por segundo d\u00eda consecutivo Andrea Ibarra subi\u00f3 a lo m\u00e1s alto del podio en el XIV Campeonato de Las Am\u00e9ricas de Tiro Deportivo En Sonora en Equipo publicamos toda la informaci\u00f3n de Sonora, M\u00e9xico y el Mundo de manera oportuna y busca que la libertad de expresi\u00f3n sea real. Visita nuestro medio informativo publicado desde Hermosillo, Sonora. %\",\"breadcrumb\":{\"@id\":\"https:\/\/www.sonoraenequipo.com.mx\/andrea-ibarra-se-cuelga-otro-oro-ahora-equipo-mixto-en-campeonato-de-tiro-de-las-americas\/#breadcrumb\"},\"inLanguage\":\"es\",\"potentialAction\":[{\"@type\":\"ReadAction\",\"target\":[\"https:\/\/www.sonoraenequipo.com.mx\/andrea-ibarra-se-cuelga-otro-oro-ahora-equipo-mixto-en-campeonato-de-tiro-de-las-americas\/\"]}]},{\"@type\":\"ImageObject\",\"inLanguage\":\"es\",\"@id\":\"https:\/\/www.sonoraenequipo.com.mx\/andrea-ibarra-se-cuelga-otro-oro-ahora-equipo-mixto-en-campeonato-de-tiro-de-las-americas\/#primaryimage\",\"url\":\"https:\/\/www.sonoraenequipo.com.mx\/storage\/2024\/04\/andrea.jpg\",\"contentUrl\":\"https:\/\/www.sonoraenequipo.com.mx\/storage\/2024\/04\/andrea.jpg\",\"width\":900,\"height\":600},{\"@type\":\"BreadcrumbList\",\"@id\":\"https:\/\/www.sonoraenequipo.com.mx\/andrea-ibarra-se-cuelga-otro-oro-ahora-equipo-mixto-en-campeonato-de-tiro-de-las-americas\/#breadcrumb\",\"itemListElement\":[{\"@type\":\"ListItem\",\"position\":1,\"name\":\"Portada\",\"item\":\"https:\/\/www.sonoraenequipo.com.mx\/\"},{\"@type\":\"ListItem\",\"position\":2,\"name\":\"Andrea Ibarra se cuelga otro oro ahora equipo mixto en Campeonato de tiro de las Am\u00e9ricas\"}]},{\"@type\":\"WebSite\",\"@id\":\"https:\/\/www.sonoraenequipo.com.mx\/#website\",\"url\":\"https:\/\/www.sonoraenequipo.com.mx\/\",\"name\":\"Sonora en Equipo.\",\"description\":\"Diario en l\u00ednea con Noticias desde Hermosillo, Sonora\",\"publisher\":{\"@id\":\"https:\/\/www.sonoraenequipo.com.mx\/#organization\"},\"potentialAction\":[{\"@type\":\"SearchAction\",\"target\":{\"@type\":\"EntryPoint\",\"urlTemplate\":\"https:\/\/www.sonoraenequipo.com.mx\/?s={search_term_string}\"},\"query-input\":{\"@type\":\"PropertyValueSpecification\",\"valueRequired\":true,\"valueName\":\"search_term_string\"}}],\"inLanguage\":\"es\"},{\"@type\":\"Organization\",\"@id\":\"https:\/\/www.sonoraenequipo.com.mx\/#organization\",\"name\":\"Sonoraenequipo.com.mx\",\"url\":\"https:\/\/www.sonoraenequipo.com.mx\/\",\"logo\":{\"@type\":\"ImageObject\",\"inLanguage\":\"es\",\"@id\":\"https:\/\/www.sonoraenequipo.com.mx\/#\/schema\/logo\/image\/\",\"url\":\"https:\/\/www.sonoraenequipo.com.mx\/storage\/2019\/01\/sonoraenequipo_opt.png\",\"contentUrl\":\"https:\/\/www.sonoraenequipo.com.mx\/storage\/2019\/01\/sonoraenequipo_opt.png\",\"width\":375,\"height\":125,\"caption\":\"Sonoraenequipo.com.mx\"},\"image\":{\"@id\":\"https:\/\/www.sonoraenequipo.com.mx\/#\/schema\/logo\/image\/\"},\"sameAs\":[\"https:\/\/www.facebook.com\/SonoraEE\/\",\"https:\/\/x.com\/sonoraenequipo\",\"https:\/\/www.youtube.com\/channel\/UC338nW-lPEYmJQs4ZABQ1SQ\"]},{\"@type\":\"Person\",\"@id\":\"https:\/\/www.sonoraenequipo.com.mx\/#\/schema\/person\/50102df0fb23a8fa9e8effad8fa81386\",\"name\":\"enequipo\",\"image\":{\"@type\":\"ImageObject\",\"inLanguage\":\"es\",\"@id\":\"https:\/\/www.sonoraenequipo.com.mx\/#\/schema\/person\/image\/\",\"url\":\"https:\/\/secure.gravatar.com\/avatar\/049821681b589dabc0bc20695993ccebb09f5b5d4d790cd9251b97faac7c652b?s=96&d=blank&r=g\",\"contentUrl\":\"https:\/\/secure.gravatar.com\/avatar\/049821681b589dabc0bc20695993ccebb09f5b5d4d790cd9251b97faac7c652b?s=96&d=blank&r=g\",\"caption\":\"enequipo\"},\"sameAs\":[\"https:\/\/www.facebook.com\/SonoraEE\"]}]}<\/script>\n ","yoast_head_json":{"title":"Sonora en Equipo. Andrea Ibarra se cuelga otro oro ahora equipo mixto en Campeonato de tiro de las Am\u00e9ricas Deportes","description":"HERMOSILLO, SONORA, MX.\u02d7\u02d7\u02d7 Por segundo d\u00eda consecutivo Andrea Ibarra subi\u00f3 a lo m\u00e1s alto del podio en el XIV Campeonato de Las Am\u00e9ricas de Tiro Deportivo En Sonora en Equipo publicamos toda la informaci\u00f3n de Sonora, M\u00e9xico y el Mundo de manera oportuna y busca que la libertad de expresi\u00f3n sea real. Visita nuestro medio informativo publicado desde Hermosillo, Sonora. %","robots":{"index":"index","follow":"follow","max-snippet":"max-snippet:-1","max-image-preview":"max-image-preview:large","max-video-preview":"max-video-preview:-1"},"canonical":"https:\/\/www.sonoraenequipo.com.mx\/andrea-ibarra-se-cuelga-otro-oro-ahora-equipo-mixto-en-campeonato-de-tiro-de-las-americas\/","og_locale":"es_ES","og_type":"article","og_title":"Sonora en Equipo. Andrea Ibarra se cuelga otro oro ahora equipo mixto en Campeonato de tiro de las Am\u00e9ricas Deportes","og_description":"HERMOSILLO, SONORA, MX.\u02d7\u02d7\u02d7 Por segundo d\u00eda consecutivo Andrea Ibarra subi\u00f3 a lo m\u00e1s alto del podio en el XIV Campeonato de Las Am\u00e9ricas de Tiro Deportivo En Sonora en Equipo publicamos toda la informaci\u00f3n de Sonora, M\u00e9xico y el Mundo de manera oportuna y busca que la libertad de expresi\u00f3n sea real. Visita nuestro medio informativo publicado desde Hermosillo, Sonora. %","og_url":"https:\/\/www.sonoraenequipo.com.mx\/andrea-ibarra-se-cuelga-otro-oro-ahora-equipo-mixto-en-campeonato-de-tiro-de-las-americas\/","og_site_name":"Sonora en Equipo.","article_publisher":"https:\/\/www.facebook.com\/SonoraEE\/","article_author":"https:\/\/www.facebook.com\/SonoraEE","article_published_time":"2024-04-04T20:30:40+00:00","og_image":[{"width":900,"height":600,"url":"https:\/\/www.sonoraenequipo.com.mx\/storage\/2024\/04\/andrea.jpg","type":"image\/jpeg"}],"author":"enequipo","twitter_card":"summary_large_image","twitter_creator":"@sonoraenequipo","twitter_site":"@sonoraenequipo","twitter_misc":{"Escrito por":"enequipo","Tiempo de lectura":"1 minuto"},"schema":{"@context":"https:\/\/schema.org","@graph":[{"@type":"Article","@id":"https:\/\/www.sonoraenequipo.com.mx\/andrea-ibarra-se-cuelga-otro-oro-ahora-equipo-mixto-en-campeonato-de-tiro-de-las-americas\/#article","isPartOf":{"@id":"https:\/\/www.sonoraenequipo.com.mx\/andrea-ibarra-se-cuelga-otro-oro-ahora-equipo-mixto-en-campeonato-de-tiro-de-las-americas\/"},"author":{"name":"enequipo","@id":"https:\/\/www.sonoraenequipo.com.mx\/#\/schema\/person\/50102df0fb23a8fa9e8effad8fa81386"},"headline":"Andrea Ibarra se cuelga otro oro ahora equipo mixto en Campeonato de tiro de las Am\u00e9ricas","datePublished":"2024-04-04T20:30:40+00:00","mainEntityOfPage":{"@id":"https:\/\/www.sonoraenequipo.com.mx\/andrea-ibarra-se-cuelga-otro-oro-ahora-equipo-mixto-en-campeonato-de-tiro-de-las-americas\/"},"wordCount":262,"commentCount":0,"publisher":{"@id":"https:\/\/www.sonoraenequipo.com.mx\/#organization"},"image":{"@id":"https:\/\/www.sonoraenequipo.com.mx\/andrea-ibarra-se-cuelga-otro-oro-ahora-equipo-mixto-en-campeonato-de-tiro-de-las-americas\/#primaryimage"},"thumbnailUrl":"https:\/\/www.sonoraenequipo.com.mx\/storage\/2024\/04\/andrea.jpg","keywords":["andrea ibarra","tiro"],"articleSection":["Deportes"],"inLanguage":"es","potentialAction":[{"@type":"CommentAction","name":"Comment","target":["https:\/\/www.sonoraenequipo.com.mx\/andrea-ibarra-se-cuelga-otro-oro-ahora-equipo-mixto-en-campeonato-de-tiro-de-las-americas\/#respond"]}]},{"@type":"WebPage","@id":"https:\/\/www.sonoraenequipo.com.mx\/andrea-ibarra-se-cuelga-otro-oro-ahora-equipo-mixto-en-campeonato-de-tiro-de-las-americas\/","url":"https:\/\/www.sonoraenequipo.com.mx\/andrea-ibarra-se-cuelga-otro-oro-ahora-equipo-mixto-en-campeonato-de-tiro-de-las-americas\/","name":"Sonora en Equipo. Andrea Ibarra se cuelga otro oro ahora equipo mixto en Campeonato de tiro de las Am\u00e9ricas Deportes","isPartOf":{"@id":"https:\/\/www.sonoraenequipo.com.mx\/#website"},"primaryImageOfPage":{"@id":"https:\/\/www.sonoraenequipo.com.mx\/andrea-ibarra-se-cuelga-otro-oro-ahora-equipo-mixto-en-campeonato-de-tiro-de-las-americas\/#primaryimage"},"image":{"@id":"https:\/\/www.sonoraenequipo.com.mx\/andrea-ibarra-se-cuelga-otro-oro-ahora-equipo-mixto-en-campeonato-de-tiro-de-las-americas\/#primaryimage"},"thumbnailUrl":"https:\/\/www.sonoraenequipo.com.mx\/storage\/2024\/04\/andrea.jpg","datePublished":"2024-04-04T20:30:40+00:00","description":"HERMOSILLO, SONORA, MX.\u02d7\u02d7\u02d7 Por segundo d\u00eda consecutivo Andrea Ibarra subi\u00f3 a lo m\u00e1s alto del podio en el XIV Campeonato de Las Am\u00e9ricas de Tiro Deportivo En Sonora en Equipo publicamos toda la informaci\u00f3n de Sonora, M\u00e9xico y el Mundo de manera oportuna y busca que la libertad de expresi\u00f3n sea real. Visita nuestro medio informativo publicado desde Hermosillo, Sonora. %","breadcrumb":{"@id":"https:\/\/www.sonoraenequipo.com.mx\/andrea-ibarra-se-cuelga-otro-oro-ahora-equipo-mixto-en-campeonato-de-tiro-de-las-americas\/#breadcrumb"},"inLanguage":"es","potentialAction":[{"@type":"ReadAction","target":["https:\/\/www.sonoraenequipo.com.mx\/andrea-ibarra-se-cuelga-otro-oro-ahora-equipo-mixto-en-campeonato-de-tiro-de-las-americas\/"]}]},{"@type":"ImageObject","inLanguage":"es","@id":"https:\/\/www.sonoraenequipo.com.mx\/andrea-ibarra-se-cuelga-otro-oro-ahora-equipo-mixto-en-campeonato-de-tiro-de-las-americas\/#primaryimage","url":"https:\/\/www.sonoraenequipo.com.mx\/storage\/2024\/04\/andrea.jpg","contentUrl":"https:\/\/www.sonoraenequipo.com.mx\/storage\/2024\/04\/andrea.jpg","width":900,"height":600},{"@type":"BreadcrumbList","@id":"https:\/\/www.sonoraenequipo.com.mx\/andrea-ibarra-se-cuelga-otro-oro-ahora-equipo-mixto-en-campeonato-de-tiro-de-las-americas\/#breadcrumb","itemListElement":[{"@type":"ListItem","position":1,"name":"Portada","item":"https:\/\/www.sonoraenequipo.com.mx\/"},{"@type":"ListItem","position":2,"name":"Andrea Ibarra se cuelga otro oro ahora equipo mixto en Campeonato de tiro de las Am\u00e9ricas"}]},{"@type":"WebSite","@id":"https:\/\/www.sonoraenequipo.com.mx\/#website","url":"https:\/\/www.sonoraenequipo.com.mx\/","name":"Sonora en Equipo.","description":"Diario en l\u00ednea con Noticias desde Hermosillo, Sonora","publisher":{"@id":"https:\/\/www.sonoraenequipo.com.mx\/#organization"},"potentialAction":[{"@type":"SearchAction","target":{"@type":"EntryPoint","urlTemplate":"https:\/\/www.sonoraenequipo.com.mx\/?s={search_term_string}"},"query-input":{"@type":"PropertyValueSpecification","valueRequired":true,"valueName":"search_term_string"}}],"inLanguage":"es"},{"@type":"Organization","@id":"https:\/\/www.sonoraenequipo.com.mx\/#organization","name":"Sonoraenequipo.com.mx","url":"https:\/\/www.sonoraenequipo.com.mx\/","logo":{"@type":"ImageObject","inLanguage":"es","@id":"https:\/\/www.sonoraenequipo.com.mx\/#\/schema\/logo\/image\/","url":"https:\/\/www.sonoraenequipo.com.mx\/storage\/2019\/01\/sonoraenequipo_opt.png","contentUrl":"https:\/\/www.sonoraenequipo.com.mx\/storage\/2019\/01\/sonoraenequipo_opt.png","width":375,"height":125,"caption":"Sonoraenequipo.com.mx"},"image":{"@id":"https:\/\/www.sonoraenequipo.com.mx\/#\/schema\/logo\/image\/"},"sameAs":["https:\/\/www.facebook.com\/SonoraEE\/","https:\/\/x.com\/sonoraenequipo","https:\/\/www.youtube.com\/channel\/UC338nW-lPEYmJQs4ZABQ1SQ"]},{"@type":"Person","@id":"https:\/\/www.sonoraenequipo.com.mx\/#\/schema\/person\/50102df0fb23a8fa9e8effad8fa81386","name":"enequipo","image":{"@type":"ImageObject","inLanguage":"es","@id":"https:\/\/www.sonoraenequipo.com.mx\/#\/schema\/person\/image\/","url":"https:\/\/secure.gravatar.com\/avatar\/049821681b589dabc0bc20695993ccebb09f5b5d4d790cd9251b97faac7c652b?s=96&d=blank&r=g","contentUrl":"https:\/\/secure.gravatar.com\/avatar\/049821681b589dabc0bc20695993ccebb09f5b5d4d790cd9251b97faac7c652b?s=96&d=blank&r=g","caption":"enequipo"},"sameAs":["https:\/\/www.facebook.com\/SonoraEE"]}]}},"jetpack_featured_media_url":"https:\/\/www.sonoraenequipo.com.mx\/storage\/2024\/04\/andrea.jpg","_links":{"self":[{"href":"https:\/\/www.sonoraenequipo.com.mx\/api\/wp\/v2\/posts\/186974","targetHints":{"allow":["GET"]}}],"collection":[{"href":"https:\/\/www.sonoraenequipo.com.mx\/api\/wp\/v2\/posts"}],"about":[{"href":"https:\/\/www.sonoraenequipo.com.mx\/api\/wp\/v2\/types\/post"}],"author":[{"embeddable":true,"href":"https:\/\/www.sonoraenequipo.com.mx\/api\/wp\/v2\/users\/1"}],"replies":[{"embeddable":true,"href":"https:\/\/www.sonoraenequipo.com.mx\/api\/wp\/v2\/comments?post=186974"}],"version-history":[{"count":1,"href":"https:\/\/www.sonoraenequipo.com.mx\/api\/wp\/v2\/posts\/186974\/revisions"}],"predecessor-version":[{"id":186976,"href":"https:\/\/www.sonoraenequipo.com.mx\/api\/wp\/v2\/posts\/186974\/revisions\/186976"}],"wp:featuredmedia":[{"embeddable":true,"href":"https:\/\/www.sonoraenequipo.com.mx\/api\/wp\/v2\/media\/186975"}],"wp:attachment":[{"href":"https:\/\/www.sonoraenequipo.com.mx\/api\/wp\/v2\/media?parent=186974"}],"wp:term":[{"taxonomy":"category","embeddable":true,"href":"https:\/\/www.sonoraenequipo.com.mx\/api\/wp\/v2\/categories?post=186974"},{"taxonomy":"post_tag","embeddable":true,"href":"https:\/\/www.sonoraenequipo.com.mx\/api\/wp\/v2\/tags?post=186974"}],"curies":[{"name":"wp","href":"https:\/\/api.w.org\/{rel}","templated":true}]}}