{"id":186982,"date":"2024-04-04T14:28:41","date_gmt":"2024-04-04T21:28:41","guid":{"rendered":"https:\/\/www.sonoraenequipo.com.mx\/?p=186982"},"modified":"2024-04-04T14:28:41","modified_gmt":"2024-04-04T21:28:41","slug":"emite-proteccion-civil-sonora-recomendaciones-por-el-eclipse-del-proximo-lunes-8-de-abril","status":"publish","type":"post","link":"https:\/\/www.sonoraenequipo.com.mx\/emite-proteccion-civil-sonora-recomendaciones-por-el-eclipse-del-proximo-lunes-8-de-abril\/","title":{"rendered":"Emite Protecci\u00f3n Civil Sonora recomendaciones por el eclipse del pr\u00f3ximo lunes 8 de abril"},"content":{"rendered":"<p>&nbsp;<\/p>\n<p>&nbsp;<\/p>\n<p><strong>HERMOSILLO, SONORA, MX.\u02d7\u02d7\u02d7 <\/strong>La Coordinaci\u00f3n Estatal de Protecci\u00f3n Civil (CEPC) Sonora, hace un llamado a la poblaci\u00f3n a no observar de forma directa el eclipse solar del pr\u00f3ximo lunes 8 de abril y, en caso de hacerlo, que sea a trav\u00e9s de t\u00e9cnicas indirectas y seguras.<\/p>\n<p>&nbsp;<\/p>\n<p>&nbsp;<\/p>\n<p>&nbsp;<\/p>\n<p>El fen\u00f3meno iniciar\u00e1 a las 9:57 de la ma\u00f1ana del lunes y se extender\u00e1 hasta las 12:30 horas. El porcentaje de ocultamiento del Sol por la Luna, ser\u00e1 de entre el 70 y el 89 por ciento en los distintos municipios del estado. En el sur de la entidad el porcentaje ser\u00e1 mayor, mientras que en el noroeste ser\u00e1 menor.<\/p>\n<p>&nbsp;<\/p>\n<p>&nbsp;<\/p>\n<p>&nbsp;<\/p>\n<p>Derivado de la evidencia cient\u00edfica sobre da\u00f1os en la salud visual de personas que en a\u00f1os anteriores han observado un eclipse de manera directa, la recomendaci\u00f3n es a utilizar medios indirectos como ver la luz que se filtra en el suelo en la sombra de los \u00e1rboles, al momento del eclipse.<\/p>\n<p>&nbsp;<\/p>\n<p>&nbsp;<\/p>\n<p>&nbsp;<\/p>\n<p>Otra t\u00e9cnica de observaci\u00f3n indirecta del eclipse es utilizar un peque\u00f1o espejo para proyectar en una pared la luz solar y as\u00ed ver la imagen del evento astron\u00f3mico.<\/p>\n<p>&nbsp;<\/p>\n<p>&nbsp;<\/p>\n<p>&nbsp;<\/p>\n<p>Tambi\u00e9n se puede apreciar la forma del eclipse al recortar un c\u00edrculo en una hoja de papel y ver la luz que se proyecta en el suelo. Todas estas t\u00e9cnicas de observaci\u00f3n indirecta son las recomendadas por los especialistas de la Universidad de Sonora consultados sobre este tema.<\/p>\n<p>&nbsp;<\/p>\n<p>&nbsp;<\/p>\n<p>&nbsp;<\/p>\n<p>De acuerdo con expertos, no se debe mirar directo al sol durante el eclipse, ni siquiera con lentes oscuros, telescopios o miralejos, pel\u00edculas veladas, radiograf\u00edas, prism\u00e1ticos, c\u00e1maras fotogr\u00e1ficas ni dem\u00e1s aparatos de ampliaci\u00f3n de im\u00e1genes, ya que implica riesgos a la salud visual.<\/p>\n<p>&nbsp;<\/p>\n<p>&nbsp;<\/p>\n<p>&nbsp;<\/p>\n<p>Quienes deseen observar el eclipse de forma segura, pueden acudir a la Universidad de Sonora (Unison) al Observatorio Solar Carl Sagan, as\u00ed como a la Plaza del Estudiante, el pr\u00f3ximo lunes a partir de las 10 de la ma\u00f1ana, donde tendr\u00e1n a disposici\u00f3n telescopios especializados con la protecci\u00f3n necesaria, as\u00ed como la gu\u00eda del personal especializado.<\/p>\n<p>&nbsp;<\/p>\n<p>&nbsp;<\/p>\n<p>&nbsp;<\/p>\n<p>Adem\u00e1s, a trav\u00e9s de la p\u00e1gina de internet del \u00c1rea de Astronom\u00eda de la Universidad de Sonora, se transmitir\u00e1 el fen\u00f3meno en vivo.<\/p>\n<p><strong>Fecha de publicaci\u00f3n <\/strong><strong>jueves 4 de abril de 2024\u00a0 <\/strong><\/p>\n<p>&nbsp;<\/p>\n","protected":false},"excerpt":{"rendered":"<p>&nbsp; &nbsp; HERMOSILLO, SONORA, MX.\u02d7\u02d7\u02d7 La Coordinaci\u00f3n Estatal de Protecci\u00f3n Civil (CEPC) Sonora, hace un&#8230;<\/p>\n","protected":false},"author":1,"featured_media":185614,"comment_status":"open","ping_status":"open","sticky":false,"template":"","format":"standard","meta":{"_monsterinsights_skip_tracking":false,"_monsterinsights_sitenote_active":false,"_monsterinsights_sitenote_note":"","_monsterinsights_sitenote_category":0,"footnotes":""},"categories":[2216],"tags":[9498],"class_list":["post"],"yoast_head":" \n<title>Sonora en Equipo. Emite Protecci\u00f3n Civil Sonora recomendaciones por el eclipse del pr\u00f3ximo lunes 8 de abril Ciencia y Tecnolog\u00eda<\/title>\n<meta name=\"description\" content=\"&nbsp; &nbsp; HERMOSILLO, SONORA, MX.\u02d7\u02d7\u02d7 La Coordinaci\u00f3n Estatal de Protecci\u00f3n Civil (CEPC) Sonora, hace un llamado a la poblaci\u00f3n a no observar de forma En Sonora en Equipo publicamos toda la informaci\u00f3n de Sonora, M\u00e9xico y el Mundo de manera oportuna y busca que la libertad de expresi\u00f3n sea real. Visita nuestro medio informativo publicado desde Hermosillo, Sonora. %\" \/>\n<meta name=\"robots\" content=\"index, follow, max-snippet:-1, max-image-preview:large, max-video-preview:-1\" \/>\n<link rel=\"canonical\" href=\"https:\/\/www.sonoraenequipo.com.mx\/emite-proteccion-civil-sonora-recomendaciones-por-el-eclipse-del-proximo-lunes-8-de-abril\/\" \/>\n<meta property=\"og:locale\" content=\"es_ES\" \/>\n<meta property=\"og:type\" content=\"article\" \/>\n<meta property=\"og:title\" content=\"Sonora en Equipo. Emite Protecci\u00f3n Civil Sonora recomendaciones por el eclipse del pr\u00f3ximo lunes 8 de abril Ciencia y Tecnolog\u00eda\" \/>\n<meta property=\"og:description\" content=\"&nbsp; &nbsp; HERMOSILLO, SONORA, MX.\u02d7\u02d7\u02d7 La Coordinaci\u00f3n Estatal de Protecci\u00f3n Civil (CEPC) Sonora, hace un llamado a la poblaci\u00f3n a no observar de forma En Sonora en Equipo publicamos toda la informaci\u00f3n de Sonora, M\u00e9xico y el Mundo de manera oportuna y busca que la libertad de expresi\u00f3n sea real. Visita nuestro medio informativo publicado desde Hermosillo, Sonora. %\" \/>\n<meta property=\"og:url\" content=\"https:\/\/www.sonoraenequipo.com.mx\/emite-proteccion-civil-sonora-recomendaciones-por-el-eclipse-del-proximo-lunes-8-de-abril\/\" \/>\n<meta property=\"og:site_name\" content=\"Sonora en Equipo.\" \/>\n<meta property=\"article:publisher\" content=\"https:\/\/www.facebook.com\/SonoraEE\/\" \/>\n<meta property=\"article:author\" content=\"https:\/\/www.facebook.com\/SonoraEE\" \/>\n<meta property=\"article:published_time\" content=\"2024-04-04T21:28:41+00:00\" \/>\n<meta property=\"og:image\" content=\"https:\/\/www.sonoraenequipo.com.mx\/storage\/2024\/03\/eclipse-el-8-de-abril-2024-2-min.jpg\" \/>\n\t<meta property=\"og:image:width\" content=\"1597\" \/>\n\t<meta property=\"og:image:height\" content=\"843\" \/>\n\t<meta property=\"og:image:type\" content=\"image\/jpeg\" \/>\n<meta name=\"author\" content=\"enequipo\" \/>\n<meta name=\"twitter:card\" content=\"summary_large_image\" \/>\n<meta name=\"twitter:creator\" content=\"@sonoraenequipo\" \/>\n<meta name=\"twitter:site\" content=\"@sonoraenequipo\" \/>\n<meta name=\"twitter:label1\" content=\"Escrito por\" \/>\n\t<meta name=\"twitter:data1\" content=\"enequipo\" \/>\n\t<meta name=\"twitter:label2\" content=\"Tiempo de lectura\" \/>\n\t<meta name=\"twitter:data2\" content=\"2 minutos\" \/>\n<script type=\"application\/ld+json\" class=\"yoast-schema-graph\">{\"@context\":\"https:\/\/schema.org\",\"@graph\":[{\"@type\":\"Article\",\"@id\":\"https:\/\/www.sonoraenequipo.com.mx\/emite-proteccion-civil-sonora-recomendaciones-por-el-eclipse-del-proximo-lunes-8-de-abril\/#article\",\"isPartOf\":{\"@id\":\"https:\/\/www.sonoraenequipo.com.mx\/emite-proteccion-civil-sonora-recomendaciones-por-el-eclipse-del-proximo-lunes-8-de-abril\/\"},\"author\":{\"name\":\"enequipo\",\"@id\":\"https:\/\/www.sonoraenequipo.com.mx\/#\/schema\/person\/50102df0fb23a8fa9e8effad8fa81386\"},\"headline\":\"Emite Protecci\u00f3n Civil Sonora recomendaciones por el eclipse del pr\u00f3ximo lunes 8 de abril\",\"datePublished\":\"2024-04-04T21:28:41+00:00\",\"mainEntityOfPage\":{\"@id\":\"https:\/\/www.sonoraenequipo.com.mx\/emite-proteccion-civil-sonora-recomendaciones-por-el-eclipse-del-proximo-lunes-8-de-abril\/\"},\"wordCount\":435,\"commentCount\":0,\"publisher\":{\"@id\":\"https:\/\/www.sonoraenequipo.com.mx\/#organization\"},\"image\":{\"@id\":\"https:\/\/www.sonoraenequipo.com.mx\/emite-proteccion-civil-sonora-recomendaciones-por-el-eclipse-del-proximo-lunes-8-de-abril\/#primaryimage\"},\"thumbnailUrl\":\"https:\/\/www.sonoraenequipo.com.mx\/storage\/2024\/03\/eclipse-el-8-de-abril-2024-2-min.jpg\",\"keywords\":[\"eclipse2024\"],\"articleSection\":[\"Ciencia y Tecnolog\u00eda\"],\"inLanguage\":\"es\",\"potentialAction\":[{\"@type\":\"CommentAction\",\"name\":\"Comment\",\"target\":[\"https:\/\/www.sonoraenequipo.com.mx\/emite-proteccion-civil-sonora-recomendaciones-por-el-eclipse-del-proximo-lunes-8-de-abril\/#respond\"]}]},{\"@type\":\"WebPage\",\"@id\":\"https:\/\/www.sonoraenequipo.com.mx\/emite-proteccion-civil-sonora-recomendaciones-por-el-eclipse-del-proximo-lunes-8-de-abril\/\",\"url\":\"https:\/\/www.sonoraenequipo.com.mx\/emite-proteccion-civil-sonora-recomendaciones-por-el-eclipse-del-proximo-lunes-8-de-abril\/\",\"name\":\"Sonora en Equipo. Emite Protecci\u00f3n Civil Sonora recomendaciones por el eclipse del pr\u00f3ximo lunes 8 de abril Ciencia y Tecnolog\u00eda\",\"isPartOf\":{\"@id\":\"https:\/\/www.sonoraenequipo.com.mx\/#website\"},\"primaryImageOfPage\":{\"@id\":\"https:\/\/www.sonoraenequipo.com.mx\/emite-proteccion-civil-sonora-recomendaciones-por-el-eclipse-del-proximo-lunes-8-de-abril\/#primaryimage\"},\"image\":{\"@id\":\"https:\/\/www.sonoraenequipo.com.mx\/emite-proteccion-civil-sonora-recomendaciones-por-el-eclipse-del-proximo-lunes-8-de-abril\/#primaryimage\"},\"thumbnailUrl\":\"https:\/\/www.sonoraenequipo.com.mx\/storage\/2024\/03\/eclipse-el-8-de-abril-2024-2-min.jpg\",\"datePublished\":\"2024-04-04T21:28:41+00:00\",\"description\":\"&nbsp; &nbsp; HERMOSILLO, SONORA, MX.\u02d7\u02d7\u02d7 La Coordinaci\u00f3n Estatal de Protecci\u00f3n Civil (CEPC) Sonora, hace un llamado a la poblaci\u00f3n a no observar de forma En Sonora en Equipo publicamos toda la informaci\u00f3n de Sonora, M\u00e9xico y el Mundo de manera oportuna y busca que la libertad de expresi\u00f3n sea real. Visita nuestro medio informativo publicado desde Hermosillo, Sonora. %\",\"breadcrumb\":{\"@id\":\"https:\/\/www.sonoraenequipo.com.mx\/emite-proteccion-civil-sonora-recomendaciones-por-el-eclipse-del-proximo-lunes-8-de-abril\/#breadcrumb\"},\"inLanguage\":\"es\",\"potentialAction\":[{\"@type\":\"ReadAction\",\"target\":[\"https:\/\/www.sonoraenequipo.com.mx\/emite-proteccion-civil-sonora-recomendaciones-por-el-eclipse-del-proximo-lunes-8-de-abril\/\"]}]},{\"@type\":\"ImageObject\",\"inLanguage\":\"es\",\"@id\":\"https:\/\/www.sonoraenequipo.com.mx\/emite-proteccion-civil-sonora-recomendaciones-por-el-eclipse-del-proximo-lunes-8-de-abril\/#primaryimage\",\"url\":\"https:\/\/www.sonoraenequipo.com.mx\/storage\/2024\/03\/eclipse-el-8-de-abril-2024-2-min.jpg\",\"contentUrl\":\"https:\/\/www.sonoraenequipo.com.mx\/storage\/2024\/03\/eclipse-el-8-de-abril-2024-2-min.jpg\",\"width\":1597,\"height\":843},{\"@type\":\"BreadcrumbList\",\"@id\":\"https:\/\/www.sonoraenequipo.com.mx\/emite-proteccion-civil-sonora-recomendaciones-por-el-eclipse-del-proximo-lunes-8-de-abril\/#breadcrumb\",\"itemListElement\":[{\"@type\":\"ListItem\",\"position\":1,\"name\":\"Portada\",\"item\":\"https:\/\/www.sonoraenequipo.com.mx\/\"},{\"@type\":\"ListItem\",\"position\":2,\"name\":\"Emite Protecci\u00f3n Civil Sonora recomendaciones por el eclipse del pr\u00f3ximo lunes 8 de abril\"}]},{\"@type\":\"WebSite\",\"@id\":\"https:\/\/www.sonoraenequipo.com.mx\/#website\",\"url\":\"https:\/\/www.sonoraenequipo.com.mx\/\",\"name\":\"Sonora en Equipo.\",\"description\":\"Diario en l\u00ednea con Noticias desde Hermosillo, Sonora\",\"publisher\":{\"@id\":\"https:\/\/www.sonoraenequipo.com.mx\/#organization\"},\"potentialAction\":[{\"@type\":\"SearchAction\",\"target\":{\"@type\":\"EntryPoint\",\"urlTemplate\":\"https:\/\/www.sonoraenequipo.com.mx\/?s={search_term_string}\"},\"query-input\":{\"@type\":\"PropertyValueSpecification\",\"valueRequired\":true,\"valueName\":\"search_term_string\"}}],\"inLanguage\":\"es\"},{\"@type\":\"Organization\",\"@id\":\"https:\/\/www.sonoraenequipo.com.mx\/#organization\",\"name\":\"Sonoraenequipo.com.mx\",\"url\":\"https:\/\/www.sonoraenequipo.com.mx\/\",\"logo\":{\"@type\":\"ImageObject\",\"inLanguage\":\"es\",\"@id\":\"https:\/\/www.sonoraenequipo.com.mx\/#\/schema\/logo\/image\/\",\"url\":\"https:\/\/www.sonoraenequipo.com.mx\/storage\/2019\/01\/sonoraenequipo_opt.png\",\"contentUrl\":\"https:\/\/www.sonoraenequipo.com.mx\/storage\/2019\/01\/sonoraenequipo_opt.png\",\"width\":375,\"height\":125,\"caption\":\"Sonoraenequipo.com.mx\"},\"image\":{\"@id\":\"https:\/\/www.sonoraenequipo.com.mx\/#\/schema\/logo\/image\/\"},\"sameAs\":[\"https:\/\/www.facebook.com\/SonoraEE\/\",\"https:\/\/x.com\/sonoraenequipo\",\"https:\/\/www.youtube.com\/channel\/UC338nW-lPEYmJQs4ZABQ1SQ\"]},{\"@type\":\"Person\",\"@id\":\"https:\/\/www.sonoraenequipo.com.mx\/#\/schema\/person\/50102df0fb23a8fa9e8effad8fa81386\",\"name\":\"enequipo\",\"image\":{\"@type\":\"ImageObject\",\"inLanguage\":\"es\",\"@id\":\"https:\/\/www.sonoraenequipo.com.mx\/#\/schema\/person\/image\/\",\"url\":\"https:\/\/secure.gravatar.com\/avatar\/049821681b589dabc0bc20695993ccebb09f5b5d4d790cd9251b97faac7c652b?s=96&d=blank&r=g\",\"contentUrl\":\"https:\/\/secure.gravatar.com\/avatar\/049821681b589dabc0bc20695993ccebb09f5b5d4d790cd9251b97faac7c652b?s=96&d=blank&r=g\",\"caption\":\"enequipo\"},\"sameAs\":[\"https:\/\/www.facebook.com\/SonoraEE\"]}]}<\/script>\n ","yoast_head_json":{"title":"Sonora en Equipo. Emite Protecci\u00f3n Civil Sonora recomendaciones por el eclipse del pr\u00f3ximo lunes 8 de abril Ciencia y Tecnolog\u00eda","description":"&nbsp; &nbsp; HERMOSILLO, SONORA, MX.\u02d7\u02d7\u02d7 La Coordinaci\u00f3n Estatal de Protecci\u00f3n Civil (CEPC) Sonora, hace un llamado a la poblaci\u00f3n a no observar de forma En Sonora en Equipo publicamos toda la informaci\u00f3n de Sonora, M\u00e9xico y el Mundo de manera oportuna y busca que la libertad de expresi\u00f3n sea real. Visita nuestro medio informativo publicado desde Hermosillo, Sonora. %","robots":{"index":"index","follow":"follow","max-snippet":"max-snippet:-1","max-image-preview":"max-image-preview:large","max-video-preview":"max-video-preview:-1"},"canonical":"https:\/\/www.sonoraenequipo.com.mx\/emite-proteccion-civil-sonora-recomendaciones-por-el-eclipse-del-proximo-lunes-8-de-abril\/","og_locale":"es_ES","og_type":"article","og_title":"Sonora en Equipo. Emite Protecci\u00f3n Civil Sonora recomendaciones por el eclipse del pr\u00f3ximo lunes 8 de abril Ciencia y Tecnolog\u00eda","og_description":"&nbsp; &nbsp; HERMOSILLO, SONORA, MX.\u02d7\u02d7\u02d7 La Coordinaci\u00f3n Estatal de Protecci\u00f3n Civil (CEPC) Sonora, hace un llamado a la poblaci\u00f3n a no observar de forma En Sonora en Equipo publicamos toda la informaci\u00f3n de Sonora, M\u00e9xico y el Mundo de manera oportuna y busca que la libertad de expresi\u00f3n sea real. Visita nuestro medio informativo publicado desde Hermosillo, Sonora. %","og_url":"https:\/\/www.sonoraenequipo.com.mx\/emite-proteccion-civil-sonora-recomendaciones-por-el-eclipse-del-proximo-lunes-8-de-abril\/","og_site_name":"Sonora en Equipo.","article_publisher":"https:\/\/www.facebook.com\/SonoraEE\/","article_author":"https:\/\/www.facebook.com\/SonoraEE","article_published_time":"2024-04-04T21:28:41+00:00","og_image":[{"width":1597,"height":843,"url":"https:\/\/www.sonoraenequipo.com.mx\/storage\/2024\/03\/eclipse-el-8-de-abril-2024-2-min.jpg","type":"image\/jpeg"}],"author":"enequipo","twitter_card":"summary_large_image","twitter_creator":"@sonoraenequipo","twitter_site":"@sonoraenequipo","twitter_misc":{"Escrito por":"enequipo","Tiempo de lectura":"2 minutos"},"schema":{"@context":"https:\/\/schema.org","@graph":[{"@type":"Article","@id":"https:\/\/www.sonoraenequipo.com.mx\/emite-proteccion-civil-sonora-recomendaciones-por-el-eclipse-del-proximo-lunes-8-de-abril\/#article","isPartOf":{"@id":"https:\/\/www.sonoraenequipo.com.mx\/emite-proteccion-civil-sonora-recomendaciones-por-el-eclipse-del-proximo-lunes-8-de-abril\/"},"author":{"name":"enequipo","@id":"https:\/\/www.sonoraenequipo.com.mx\/#\/schema\/person\/50102df0fb23a8fa9e8effad8fa81386"},"headline":"Emite Protecci\u00f3n Civil Sonora recomendaciones por el eclipse del pr\u00f3ximo lunes 8 de abril","datePublished":"2024-04-04T21:28:41+00:00","mainEntityOfPage":{"@id":"https:\/\/www.sonoraenequipo.com.mx\/emite-proteccion-civil-sonora-recomendaciones-por-el-eclipse-del-proximo-lunes-8-de-abril\/"},"wordCount":435,"commentCount":0,"publisher":{"@id":"https:\/\/www.sonoraenequipo.com.mx\/#organization"},"image":{"@id":"https:\/\/www.sonoraenequipo.com.mx\/emite-proteccion-civil-sonora-recomendaciones-por-el-eclipse-del-proximo-lunes-8-de-abril\/#primaryimage"},"thumbnailUrl":"https:\/\/www.sonoraenequipo.com.mx\/storage\/2024\/03\/eclipse-el-8-de-abril-2024-2-min.jpg","keywords":["eclipse2024"],"articleSection":["Ciencia y Tecnolog\u00eda"],"inLanguage":"es","potentialAction":[{"@type":"CommentAction","name":"Comment","target":["https:\/\/www.sonoraenequipo.com.mx\/emite-proteccion-civil-sonora-recomendaciones-por-el-eclipse-del-proximo-lunes-8-de-abril\/#respond"]}]},{"@type":"WebPage","@id":"https:\/\/www.sonoraenequipo.com.mx\/emite-proteccion-civil-sonora-recomendaciones-por-el-eclipse-del-proximo-lunes-8-de-abril\/","url":"https:\/\/www.sonoraenequipo.com.mx\/emite-proteccion-civil-sonora-recomendaciones-por-el-eclipse-del-proximo-lunes-8-de-abril\/","name":"Sonora en Equipo. Emite Protecci\u00f3n Civil Sonora recomendaciones por el eclipse del pr\u00f3ximo lunes 8 de abril Ciencia y Tecnolog\u00eda","isPartOf":{"@id":"https:\/\/www.sonoraenequipo.com.mx\/#website"},"primaryImageOfPage":{"@id":"https:\/\/www.sonoraenequipo.com.mx\/emite-proteccion-civil-sonora-recomendaciones-por-el-eclipse-del-proximo-lunes-8-de-abril\/#primaryimage"},"image":{"@id":"https:\/\/www.sonoraenequipo.com.mx\/emite-proteccion-civil-sonora-recomendaciones-por-el-eclipse-del-proximo-lunes-8-de-abril\/#primaryimage"},"thumbnailUrl":"https:\/\/www.sonoraenequipo.com.mx\/storage\/2024\/03\/eclipse-el-8-de-abril-2024-2-min.jpg","datePublished":"2024-04-04T21:28:41+00:00","description":"&nbsp; &nbsp; HERMOSILLO, SONORA, MX.\u02d7\u02d7\u02d7 La Coordinaci\u00f3n Estatal de Protecci\u00f3n Civil (CEPC) Sonora, hace un llamado a la poblaci\u00f3n a no observar de forma En Sonora en Equipo publicamos toda la informaci\u00f3n de Sonora, M\u00e9xico y el Mundo de manera oportuna y busca que la libertad de expresi\u00f3n sea real. Visita nuestro medio informativo publicado desde Hermosillo, Sonora. %","breadcrumb":{"@id":"https:\/\/www.sonoraenequipo.com.mx\/emite-proteccion-civil-sonora-recomendaciones-por-el-eclipse-del-proximo-lunes-8-de-abril\/#breadcrumb"},"inLanguage":"es","potentialAction":[{"@type":"ReadAction","target":["https:\/\/www.sonoraenequipo.com.mx\/emite-proteccion-civil-sonora-recomendaciones-por-el-eclipse-del-proximo-lunes-8-de-abril\/"]}]},{"@type":"ImageObject","inLanguage":"es","@id":"https:\/\/www.sonoraenequipo.com.mx\/emite-proteccion-civil-sonora-recomendaciones-por-el-eclipse-del-proximo-lunes-8-de-abril\/#primaryimage","url":"https:\/\/www.sonoraenequipo.com.mx\/storage\/2024\/03\/eclipse-el-8-de-abril-2024-2-min.jpg","contentUrl":"https:\/\/www.sonoraenequipo.com.mx\/storage\/2024\/03\/eclipse-el-8-de-abril-2024-2-min.jpg","width":1597,"height":843},{"@type":"BreadcrumbList","@id":"https:\/\/www.sonoraenequipo.com.mx\/emite-proteccion-civil-sonora-recomendaciones-por-el-eclipse-del-proximo-lunes-8-de-abril\/#breadcrumb","itemListElement":[{"@type":"ListItem","position":1,"name":"Portada","item":"https:\/\/www.sonoraenequipo.com.mx\/"},{"@type":"ListItem","position":2,"name":"Emite Protecci\u00f3n Civil Sonora recomendaciones por el eclipse del pr\u00f3ximo lunes 8 de abril"}]},{"@type":"WebSite","@id":"https:\/\/www.sonoraenequipo.com.mx\/#website","url":"https:\/\/www.sonoraenequipo.com.mx\/","name":"Sonora en Equipo.","description":"Diario en l\u00ednea con Noticias desde Hermosillo, Sonora","publisher":{"@id":"https:\/\/www.sonoraenequipo.com.mx\/#organization"},"potentialAction":[{"@type":"SearchAction","target":{"@type":"EntryPoint","urlTemplate":"https:\/\/www.sonoraenequipo.com.mx\/?s={search_term_string}"},"query-input":{"@type":"PropertyValueSpecification","valueRequired":true,"valueName":"search_term_string"}}],"inLanguage":"es"},{"@type":"Organization","@id":"https:\/\/www.sonoraenequipo.com.mx\/#organization","name":"Sonoraenequipo.com.mx","url":"https:\/\/www.sonoraenequipo.com.mx\/","logo":{"@type":"ImageObject","inLanguage":"es","@id":"https:\/\/www.sonoraenequipo.com.mx\/#\/schema\/logo\/image\/","url":"https:\/\/www.sonoraenequipo.com.mx\/storage\/2019\/01\/sonoraenequipo_opt.png","contentUrl":"https:\/\/www.sonoraenequipo.com.mx\/storage\/2019\/01\/sonoraenequipo_opt.png","width":375,"height":125,"caption":"Sonoraenequipo.com.mx"},"image":{"@id":"https:\/\/www.sonoraenequipo.com.mx\/#\/schema\/logo\/image\/"},"sameAs":["https:\/\/www.facebook.com\/SonoraEE\/","https:\/\/x.com\/sonoraenequipo","https:\/\/www.youtube.com\/channel\/UC338nW-lPEYmJQs4ZABQ1SQ"]},{"@type":"Person","@id":"https:\/\/www.sonoraenequipo.com.mx\/#\/schema\/person\/50102df0fb23a8fa9e8effad8fa81386","name":"enequipo","image":{"@type":"ImageObject","inLanguage":"es","@id":"https:\/\/www.sonoraenequipo.com.mx\/#\/schema\/person\/image\/","url":"https:\/\/secure.gravatar.com\/avatar\/049821681b589dabc0bc20695993ccebb09f5b5d4d790cd9251b97faac7c652b?s=96&d=blank&r=g","contentUrl":"https:\/\/secure.gravatar.com\/avatar\/049821681b589dabc0bc20695993ccebb09f5b5d4d790cd9251b97faac7c652b?s=96&d=blank&r=g","caption":"enequipo"},"sameAs":["https:\/\/www.facebook.com\/SonoraEE"]}]}},"jetpack_featured_media_url":"https:\/\/www.sonoraenequipo.com.mx\/storage\/2024\/03\/eclipse-el-8-de-abril-2024-2-min.jpg","_links":{"self":[{"href":"https:\/\/www.sonoraenequipo.com.mx\/api\/wp\/v2\/posts\/186982","targetHints":{"allow":["GET"]}}],"collection":[{"href":"https:\/\/www.sonoraenequipo.com.mx\/api\/wp\/v2\/posts"}],"about":[{"href":"https:\/\/www.sonoraenequipo.com.mx\/api\/wp\/v2\/types\/post"}],"author":[{"embeddable":true,"href":"https:\/\/www.sonoraenequipo.com.mx\/api\/wp\/v2\/users\/1"}],"replies":[{"embeddable":true,"href":"https:\/\/www.sonoraenequipo.com.mx\/api\/wp\/v2\/comments?post=186982"}],"version-history":[{"count":1,"href":"https:\/\/www.sonoraenequipo.com.mx\/api\/wp\/v2\/posts\/186982\/revisions"}],"predecessor-version":[{"id":186983,"href":"https:\/\/www.sonoraenequipo.com.mx\/api\/wp\/v2\/posts\/186982\/revisions\/186983"}],"wp:featuredmedia":[{"embeddable":true,"href":"https:\/\/www.sonoraenequipo.com.mx\/api\/wp\/v2\/media\/185614"}],"wp:attachment":[{"href":"https:\/\/www.sonoraenequipo.com.mx\/api\/wp\/v2\/media?parent=186982"}],"wp:term":[{"taxonomy":"category","embeddable":true,"href":"https:\/\/www.sonoraenequipo.com.mx\/api\/wp\/v2\/categories?post=186982"},{"taxonomy":"post_tag","embeddable":true,"href":"https:\/\/www.sonoraenequipo.com.mx\/api\/wp\/v2\/tags?post=186982"}],"curies":[{"name":"wp","href":"https:\/\/api.w.org\/{rel}","templated":true}]}}