{"id":186986,"date":"2024-04-04T15:20:02","date_gmt":"2024-04-04T22:20:02","guid":{"rendered":"https:\/\/www.sonoraenequipo.com.mx\/?p=186986"},"modified":"2024-04-04T15:20:02","modified_gmt":"2024-04-04T22:20:02","slug":"son-trump-y-biden-los-candidatos-mas-odiados-en-la-historia-de-eu","status":"publish","type":"post","link":"https:\/\/www.sonoraenequipo.com.mx\/son-trump-y-biden-los-candidatos-mas-odiados-en-la-historia-de-eu\/","title":{"rendered":"Son Trump y Biden los candidatos m\u00e1s odiados en la historia de EU"},"content":{"rendered":"<p><strong>WASHINGTON, ESTADOS UNIDOS. \u2014 <\/strong>Casi nunca antes en la historia reciente de Estados Unidos, los dos candidatos presidenciales, el actual mandatario dem\u00f3crata Joe Biden y el expresidente republicano Donald Trump, hab\u00edan despertado tanto rechazo en los votantes, que en una parte importante votar\u00e1n por \u201cel mal menor\u201d y siguen engrosando la lista de indecisos.<\/p>\n<p>&nbsp;<\/p>\n<p> <\/p>\n<p>Seg\u00fan una encuesta publicada este mi\u00e9rcoles por el diario The Wall Street Journal (WSJ), una mayor\u00eda de los votantes considera que ninguno de los candidatos tiene la capacidad mental o forma para ser presidentes. En el caso de Trump (77 a\u00f1os), el 48% considera que s\u00ed puede ejercer al nivel mental que se requiere, mientras que solo el 28% opinan lo mismo de Biden (81 a\u00f1os).<\/p>\n<p>&nbsp;<\/p>\n<p>&nbsp;<\/p>\n<p>El mismo sondeo revela que el 59% tiene una opini\u00f3n desfavorable de Biden, frente al 52% de Trump.<\/p>\n<p>&nbsp;<\/p>\n<p>&nbsp;<\/p>\n<p>Seg\u00fan la media de encuestas realizada por el portal especializado FiveThirtyEight con datos desde 1980, la opini\u00f3n desfavorable hacia los candidatos de este a\u00f1o electoral es solo comparable a la de 2016, cuando se enfrentaron la dem\u00f3crata Hillary Clinton con Trump.<\/p>\n<p>&nbsp;<\/p>\n<p>&nbsp;<\/p>\n<p>Este a\u00f1o, Biden acumula 15 puntos de sentimiento negativo sobre la valoraci\u00f3n positiva en la media de los sondeos, mientras que la diferencia en el caso de Trump es de 10 puntos de m\u00e1s opiniones desfavorables que favorables.<\/p>\n<p>&nbsp;<\/p>\n<p>&nbsp;<\/p>\n<p>No obstante, Trump parece operar en su zona de confort pues, adem\u00e1s de ser un presidente (2017-2021) que no super\u00f3 el 50% de popularidad en los sondeos de Gallup (algo que tampoco ha conseguido Biden) y haber polarizado a los estadounidenses, est\u00e1 acostumbrado a hacer campa\u00f1a con el rechazo garantizado de una gran parte del electorado estadounidense.<\/p>\n<p>&nbsp;<\/p>\n<p>&nbsp;<\/p>\n<p>Algunas casas de encuestas, conocedoras del descontento con que llegar\u00e1n los votantes estadounidenses este a\u00f1o, miden tambi\u00e9n con cu\u00e1nto ah\u00ednco los estadounidenses se oponen a los candidatos.<\/p>\n<p>&nbsp;<\/p>\n<p>&nbsp;<\/p>\n<p>Seg\u00fan la encuesta de finales de marzo de YouGov, el 48% de los que rechazan a Trump lo hacen con \u201ccon fuerza\u201d, mientras que en el caso de Biden el porcentaje es del 45%.<\/p>\n<p>&nbsp;<\/p>\n<p>&nbsp;<\/p>\n<p>Conocer el n\u00famero de <em><strong>\u201chaters\u201d<\/strong><\/em> o detractores de los candidatos es clave para saber hasta qu\u00e9 punto podr\u00e1n convencer a los indecisos, algo que decidir\u00e1 qui\u00e9n ser\u00e1 el presidente de los Estados Unidos hasta 2029.<\/p>\n<p>&nbsp;<\/p>\n<p>&nbsp;<\/p>\n<h3>Ventaja de Trump en los estados bisagra<\/h3>\n<p>&nbsp;<\/p>\n<p>&nbsp;<\/p>\n<p>Seg\u00fan la encuesta de este mi\u00e9rcoles del WSJ, Trump tiene ventaja en seis de siete estados considerados clave para ganar en el sistema de colegio electoral con el que se elige al jefe del Ejecutivo en Estados Unidos, con lo que si esos porcentajes se mantuviera ser\u00eda presidente por segunda vez.<\/p>\n<p>&nbsp;<\/p>\n<p>&nbsp;<\/p>\n<p>Trump supera en intenci\u00f3n de voto a Biden en Arizona, M\u00edchigan, Nevada, Carolina del Norte y Pensilvania, tiene una ventaja dentro del margen de error en Georgia y est\u00e1 t\u00e9cnicamente empatado en Wisconsin.<\/p>\n<p>&nbsp;<\/p>\n<p>&nbsp;<\/p>\n<p>\u201cNo. No est\u00e1 perdiendo. Se est\u00e1 recuperando o empatado. Cuando la gente empiece a enfocarse (en las elecciones) y vean las dos opciones, es obvio que Joe ganar\u00e1 esta elecci\u00f3n\u201d, asegur\u00f3 la primera dama, Jill Biden, en el programa matinal de CBS.<\/p>\n<p>&nbsp;<\/p>\n<p>&nbsp;<\/p>\n<p>El gran lastre para la popularidad de Biden, seg\u00fan el sondeo del conservador WSJ, es la inmigraci\u00f3n y la econom\u00eda, dos temas en los que parece estar mejor posicionado Trump, quien ha prometido deportaciones masivas y pr\u00e1cticamente cerrar el comercio con China con aranceles del 60%.<\/p>\n<p>&nbsp;<\/p>\n<p>&nbsp;<\/p>\n<p>Algunos de los estados clave en los que Biden no consigue remontar han mostrado su rechazo al presidente en el proceso de primarias, con un porcentaje de dem\u00f3cratas mostrando el descontento con su candidato natural en 13% en Michigan o 8% este martes en Wisconsin.<\/p>\n<p>&nbsp;<\/p>\n<p>El rechazo al apoyo estadounidense a Israel en la ofensiva sobre Gaza tambi\u00e9n ha jugado un papel clave en la debilidad que muestra Biden en este a\u00f1o electoral, que los expertos consideran que se decidir\u00e1 por los votos de los indecisos.<\/p>\n<p>&nbsp;<\/p>\n<p>Si Biden perdiera en noviembre ser\u00eda el primer presidente que no logra su reelecci\u00f3n con la econom\u00eda creciendo y alej\u00e1ndose de la recesi\u00f3n.<\/p>\n<p>&nbsp;<\/p>\n<p>&nbsp;<\/p>\n<p>PUBLICADO EL 04 DE ABRIL DE 2024 Con informaci\u00f3n de AFP)<\/p>\n","protected":false},"excerpt":{"rendered":"<p>WASHINGTON, ESTADOS UNIDOS. \u2014 Casi nunca antes en la historia reciente de Estados Unidos, los&#8230;<\/p>\n","protected":false},"author":1,"featured_media":186989,"comment_status":"open","ping_status":"open","sticky":false,"template":"","format":"standard","meta":{"_monsterinsights_skip_tracking":false,"_monsterinsights_sitenote_active":false,"_monsterinsights_sitenote_note":"","_monsterinsights_sitenote_category":0,"footnotes":""},"categories":[3],"tags":[],"class_list":["post"],"yoast_head":" \n<title>Sonora en Equipo. Son Trump y Biden los candidatos m\u00e1s odiados en la historia de EU MUNDO<\/title>\n<meta name=\"description\" content=\"WASHINGTON, ESTADOS UNIDOS. \u2014 Casi nunca antes en la historia reciente de Estados Unidos, los dos candidatos presidenciales, el actual mandatario En Sonora en Equipo publicamos toda la informaci\u00f3n de Sonora, M\u00e9xico y el Mundo de manera oportuna y busca que la libertad de expresi\u00f3n sea real. Visita nuestro medio informativo publicado desde Hermosillo, Sonora. %\" \/>\n<meta name=\"robots\" content=\"index, follow, max-snippet:-1, max-image-preview:large, max-video-preview:-1\" \/>\n<link rel=\"canonical\" href=\"https:\/\/www.sonoraenequipo.com.mx\/son-trump-y-biden-los-candidatos-mas-odiados-en-la-historia-de-eu\/\" \/>\n<meta property=\"og:locale\" content=\"es_ES\" \/>\n<meta property=\"og:type\" content=\"article\" \/>\n<meta property=\"og:title\" content=\"Sonora en Equipo. Son Trump y Biden los candidatos m\u00e1s odiados en la historia de EU MUNDO\" \/>\n<meta property=\"og:description\" content=\"WASHINGTON, ESTADOS UNIDOS. \u2014 Casi nunca antes en la historia reciente de Estados Unidos, los dos candidatos presidenciales, el actual mandatario En Sonora en Equipo publicamos toda la informaci\u00f3n de Sonora, M\u00e9xico y el Mundo de manera oportuna y busca que la libertad de expresi\u00f3n sea real. Visita nuestro medio informativo publicado desde Hermosillo, Sonora. %\" \/>\n<meta property=\"og:url\" content=\"https:\/\/www.sonoraenequipo.com.mx\/son-trump-y-biden-los-candidatos-mas-odiados-en-la-historia-de-eu\/\" \/>\n<meta property=\"og:site_name\" content=\"Sonora en Equipo.\" \/>\n<meta property=\"article:publisher\" content=\"https:\/\/www.facebook.com\/SonoraEE\/\" \/>\n<meta property=\"article:author\" content=\"https:\/\/www.facebook.com\/SonoraEE\" \/>\n<meta property=\"article:published_time\" content=\"2024-04-04T22:20:02+00:00\" \/>\n<meta property=\"og:image\" content=\"https:\/\/www.sonoraenequipo.com.mx\/storage\/2024\/04\/Los-mas-diados-en-Estados-Unidos-min.jpg\" \/>\n\t<meta property=\"og:image:width\" content=\"900\" \/>\n\t<meta property=\"og:image:height\" content=\"547\" \/>\n\t<meta property=\"og:image:type\" content=\"image\/jpeg\" \/>\n<meta name=\"author\" content=\"enequipo\" \/>\n<meta name=\"twitter:card\" content=\"summary_large_image\" \/>\n<meta name=\"twitter:creator\" content=\"@sonoraenequipo\" \/>\n<meta name=\"twitter:site\" content=\"@sonoraenequipo\" \/>\n<meta name=\"twitter:label1\" content=\"Escrito por\" \/>\n\t<meta name=\"twitter:data1\" content=\"enequipo\" \/>\n\t<meta name=\"twitter:label2\" content=\"Tiempo de lectura\" \/>\n\t<meta name=\"twitter:data2\" content=\"4 minutos\" \/>\n<script type=\"application\/ld+json\" class=\"yoast-schema-graph\">{\"@context\":\"https:\/\/schema.org\",\"@graph\":[{\"@type\":\"Article\",\"@id\":\"https:\/\/www.sonoraenequipo.com.mx\/son-trump-y-biden-los-candidatos-mas-odiados-en-la-historia-de-eu\/#article\",\"isPartOf\":{\"@id\":\"https:\/\/www.sonoraenequipo.com.mx\/son-trump-y-biden-los-candidatos-mas-odiados-en-la-historia-de-eu\/\"},\"author\":{\"name\":\"enequipo\",\"@id\":\"https:\/\/www.sonoraenequipo.com.mx\/#\/schema\/person\/50102df0fb23a8fa9e8effad8fa81386\"},\"headline\":\"Son Trump y Biden los candidatos m\u00e1s odiados en la historia de EU\",\"datePublished\":\"2024-04-04T22:20:02+00:00\",\"mainEntityOfPage\":{\"@id\":\"https:\/\/www.sonoraenequipo.com.mx\/son-trump-y-biden-los-candidatos-mas-odiados-en-la-historia-de-eu\/\"},\"wordCount\":741,\"commentCount\":0,\"publisher\":{\"@id\":\"https:\/\/www.sonoraenequipo.com.mx\/#organization\"},\"image\":{\"@id\":\"https:\/\/www.sonoraenequipo.com.mx\/son-trump-y-biden-los-candidatos-mas-odiados-en-la-historia-de-eu\/#primaryimage\"},\"thumbnailUrl\":\"https:\/\/www.sonoraenequipo.com.mx\/storage\/2024\/04\/Los-mas-diados-en-Estados-Unidos-min.jpg\",\"articleSection\":[\"MUNDO\"],\"inLanguage\":\"es\",\"potentialAction\":[{\"@type\":\"CommentAction\",\"name\":\"Comment\",\"target\":[\"https:\/\/www.sonoraenequipo.com.mx\/son-trump-y-biden-los-candidatos-mas-odiados-en-la-historia-de-eu\/#respond\"]}]},{\"@type\":\"WebPage\",\"@id\":\"https:\/\/www.sonoraenequipo.com.mx\/son-trump-y-biden-los-candidatos-mas-odiados-en-la-historia-de-eu\/\",\"url\":\"https:\/\/www.sonoraenequipo.com.mx\/son-trump-y-biden-los-candidatos-mas-odiados-en-la-historia-de-eu\/\",\"name\":\"Sonora en Equipo. Son Trump y Biden los candidatos m\u00e1s odiados en la historia de EU MUNDO\",\"isPartOf\":{\"@id\":\"https:\/\/www.sonoraenequipo.com.mx\/#website\"},\"primaryImageOfPage\":{\"@id\":\"https:\/\/www.sonoraenequipo.com.mx\/son-trump-y-biden-los-candidatos-mas-odiados-en-la-historia-de-eu\/#primaryimage\"},\"image\":{\"@id\":\"https:\/\/www.sonoraenequipo.com.mx\/son-trump-y-biden-los-candidatos-mas-odiados-en-la-historia-de-eu\/#primaryimage\"},\"thumbnailUrl\":\"https:\/\/www.sonoraenequipo.com.mx\/storage\/2024\/04\/Los-mas-diados-en-Estados-Unidos-min.jpg\",\"datePublished\":\"2024-04-04T22:20:02+00:00\",\"description\":\"WASHINGTON, ESTADOS UNIDOS. \u2014 Casi nunca antes en la historia reciente de Estados Unidos, los dos candidatos presidenciales, el actual mandatario En Sonora en Equipo publicamos toda la informaci\u00f3n de Sonora, M\u00e9xico y el Mundo de manera oportuna y busca que la libertad de expresi\u00f3n sea real. Visita nuestro medio informativo publicado desde Hermosillo, Sonora. %\",\"breadcrumb\":{\"@id\":\"https:\/\/www.sonoraenequipo.com.mx\/son-trump-y-biden-los-candidatos-mas-odiados-en-la-historia-de-eu\/#breadcrumb\"},\"inLanguage\":\"es\",\"potentialAction\":[{\"@type\":\"ReadAction\",\"target\":[\"https:\/\/www.sonoraenequipo.com.mx\/son-trump-y-biden-los-candidatos-mas-odiados-en-la-historia-de-eu\/\"]}]},{\"@type\":\"ImageObject\",\"inLanguage\":\"es\",\"@id\":\"https:\/\/www.sonoraenequipo.com.mx\/son-trump-y-biden-los-candidatos-mas-odiados-en-la-historia-de-eu\/#primaryimage\",\"url\":\"https:\/\/www.sonoraenequipo.com.mx\/storage\/2024\/04\/Los-mas-diados-en-Estados-Unidos-min.jpg\",\"contentUrl\":\"https:\/\/www.sonoraenequipo.com.mx\/storage\/2024\/04\/Los-mas-diados-en-Estados-Unidos-min.jpg\",\"width\":900,\"height\":547},{\"@type\":\"BreadcrumbList\",\"@id\":\"https:\/\/www.sonoraenequipo.com.mx\/son-trump-y-biden-los-candidatos-mas-odiados-en-la-historia-de-eu\/#breadcrumb\",\"itemListElement\":[{\"@type\":\"ListItem\",\"position\":1,\"name\":\"Portada\",\"item\":\"https:\/\/www.sonoraenequipo.com.mx\/\"},{\"@type\":\"ListItem\",\"position\":2,\"name\":\"Son Trump y Biden los candidatos m\u00e1s odiados en la historia de EU\"}]},{\"@type\":\"WebSite\",\"@id\":\"https:\/\/www.sonoraenequipo.com.mx\/#website\",\"url\":\"https:\/\/www.sonoraenequipo.com.mx\/\",\"name\":\"Sonora en Equipo.\",\"description\":\"Diario en l\u00ednea con Noticias desde Hermosillo, Sonora\",\"publisher\":{\"@id\":\"https:\/\/www.sonoraenequipo.com.mx\/#organization\"},\"potentialAction\":[{\"@type\":\"SearchAction\",\"target\":{\"@type\":\"EntryPoint\",\"urlTemplate\":\"https:\/\/www.sonoraenequipo.com.mx\/?s={search_term_string}\"},\"query-input\":{\"@type\":\"PropertyValueSpecification\",\"valueRequired\":true,\"valueName\":\"search_term_string\"}}],\"inLanguage\":\"es\"},{\"@type\":\"Organization\",\"@id\":\"https:\/\/www.sonoraenequipo.com.mx\/#organization\",\"name\":\"Sonoraenequipo.com.mx\",\"url\":\"https:\/\/www.sonoraenequipo.com.mx\/\",\"logo\":{\"@type\":\"ImageObject\",\"inLanguage\":\"es\",\"@id\":\"https:\/\/www.sonoraenequipo.com.mx\/#\/schema\/logo\/image\/\",\"url\":\"https:\/\/www.sonoraenequipo.com.mx\/storage\/2019\/01\/sonoraenequipo_opt.png\",\"contentUrl\":\"https:\/\/www.sonoraenequipo.com.mx\/storage\/2019\/01\/sonoraenequipo_opt.png\",\"width\":375,\"height\":125,\"caption\":\"Sonoraenequipo.com.mx\"},\"image\":{\"@id\":\"https:\/\/www.sonoraenequipo.com.mx\/#\/schema\/logo\/image\/\"},\"sameAs\":[\"https:\/\/www.facebook.com\/SonoraEE\/\",\"https:\/\/x.com\/sonoraenequipo\",\"https:\/\/www.youtube.com\/channel\/UC338nW-lPEYmJQs4ZABQ1SQ\"]},{\"@type\":\"Person\",\"@id\":\"https:\/\/www.sonoraenequipo.com.mx\/#\/schema\/person\/50102df0fb23a8fa9e8effad8fa81386\",\"name\":\"enequipo\",\"image\":{\"@type\":\"ImageObject\",\"inLanguage\":\"es\",\"@id\":\"https:\/\/www.sonoraenequipo.com.mx\/#\/schema\/person\/image\/\",\"url\":\"https:\/\/secure.gravatar.com\/avatar\/049821681b589dabc0bc20695993ccebb09f5b5d4d790cd9251b97faac7c652b?s=96&d=blank&r=g\",\"contentUrl\":\"https:\/\/secure.gravatar.com\/avatar\/049821681b589dabc0bc20695993ccebb09f5b5d4d790cd9251b97faac7c652b?s=96&d=blank&r=g\",\"caption\":\"enequipo\"},\"sameAs\":[\"https:\/\/www.facebook.com\/SonoraEE\"]}]}<\/script>\n ","yoast_head_json":{"title":"Sonora en Equipo. Son Trump y Biden los candidatos m\u00e1s odiados en la historia de EU MUNDO","description":"WASHINGTON, ESTADOS UNIDOS. \u2014 Casi nunca antes en la historia reciente de Estados Unidos, los dos candidatos presidenciales, el actual mandatario En Sonora en Equipo publicamos toda la informaci\u00f3n de Sonora, M\u00e9xico y el Mundo de manera oportuna y busca que la libertad de expresi\u00f3n sea real. Visita nuestro medio informativo publicado desde Hermosillo, Sonora. %","robots":{"index":"index","follow":"follow","max-snippet":"max-snippet:-1","max-image-preview":"max-image-preview:large","max-video-preview":"max-video-preview:-1"},"canonical":"https:\/\/www.sonoraenequipo.com.mx\/son-trump-y-biden-los-candidatos-mas-odiados-en-la-historia-de-eu\/","og_locale":"es_ES","og_type":"article","og_title":"Sonora en Equipo. Son Trump y Biden los candidatos m\u00e1s odiados en la historia de EU MUNDO","og_description":"WASHINGTON, ESTADOS UNIDOS. \u2014 Casi nunca antes en la historia reciente de Estados Unidos, los dos candidatos presidenciales, el actual mandatario En Sonora en Equipo publicamos toda la informaci\u00f3n de Sonora, M\u00e9xico y el Mundo de manera oportuna y busca que la libertad de expresi\u00f3n sea real. Visita nuestro medio informativo publicado desde Hermosillo, Sonora. %","og_url":"https:\/\/www.sonoraenequipo.com.mx\/son-trump-y-biden-los-candidatos-mas-odiados-en-la-historia-de-eu\/","og_site_name":"Sonora en Equipo.","article_publisher":"https:\/\/www.facebook.com\/SonoraEE\/","article_author":"https:\/\/www.facebook.com\/SonoraEE","article_published_time":"2024-04-04T22:20:02+00:00","og_image":[{"width":900,"height":547,"url":"https:\/\/www.sonoraenequipo.com.mx\/storage\/2024\/04\/Los-mas-diados-en-Estados-Unidos-min.jpg","type":"image\/jpeg"}],"author":"enequipo","twitter_card":"summary_large_image","twitter_creator":"@sonoraenequipo","twitter_site":"@sonoraenequipo","twitter_misc":{"Escrito por":"enequipo","Tiempo de lectura":"4 minutos"},"schema":{"@context":"https:\/\/schema.org","@graph":[{"@type":"Article","@id":"https:\/\/www.sonoraenequipo.com.mx\/son-trump-y-biden-los-candidatos-mas-odiados-en-la-historia-de-eu\/#article","isPartOf":{"@id":"https:\/\/www.sonoraenequipo.com.mx\/son-trump-y-biden-los-candidatos-mas-odiados-en-la-historia-de-eu\/"},"author":{"name":"enequipo","@id":"https:\/\/www.sonoraenequipo.com.mx\/#\/schema\/person\/50102df0fb23a8fa9e8effad8fa81386"},"headline":"Son Trump y Biden los candidatos m\u00e1s odiados en la historia de EU","datePublished":"2024-04-04T22:20:02+00:00","mainEntityOfPage":{"@id":"https:\/\/www.sonoraenequipo.com.mx\/son-trump-y-biden-los-candidatos-mas-odiados-en-la-historia-de-eu\/"},"wordCount":741,"commentCount":0,"publisher":{"@id":"https:\/\/www.sonoraenequipo.com.mx\/#organization"},"image":{"@id":"https:\/\/www.sonoraenequipo.com.mx\/son-trump-y-biden-los-candidatos-mas-odiados-en-la-historia-de-eu\/#primaryimage"},"thumbnailUrl":"https:\/\/www.sonoraenequipo.com.mx\/storage\/2024\/04\/Los-mas-diados-en-Estados-Unidos-min.jpg","articleSection":["MUNDO"],"inLanguage":"es","potentialAction":[{"@type":"CommentAction","name":"Comment","target":["https:\/\/www.sonoraenequipo.com.mx\/son-trump-y-biden-los-candidatos-mas-odiados-en-la-historia-de-eu\/#respond"]}]},{"@type":"WebPage","@id":"https:\/\/www.sonoraenequipo.com.mx\/son-trump-y-biden-los-candidatos-mas-odiados-en-la-historia-de-eu\/","url":"https:\/\/www.sonoraenequipo.com.mx\/son-trump-y-biden-los-candidatos-mas-odiados-en-la-historia-de-eu\/","name":"Sonora en Equipo. Son Trump y Biden los candidatos m\u00e1s odiados en la historia de EU MUNDO","isPartOf":{"@id":"https:\/\/www.sonoraenequipo.com.mx\/#website"},"primaryImageOfPage":{"@id":"https:\/\/www.sonoraenequipo.com.mx\/son-trump-y-biden-los-candidatos-mas-odiados-en-la-historia-de-eu\/#primaryimage"},"image":{"@id":"https:\/\/www.sonoraenequipo.com.mx\/son-trump-y-biden-los-candidatos-mas-odiados-en-la-historia-de-eu\/#primaryimage"},"thumbnailUrl":"https:\/\/www.sonoraenequipo.com.mx\/storage\/2024\/04\/Los-mas-diados-en-Estados-Unidos-min.jpg","datePublished":"2024-04-04T22:20:02+00:00","description":"WASHINGTON, ESTADOS UNIDOS. \u2014 Casi nunca antes en la historia reciente de Estados Unidos, los dos candidatos presidenciales, el actual mandatario En Sonora en Equipo publicamos toda la informaci\u00f3n de Sonora, M\u00e9xico y el Mundo de manera oportuna y busca que la libertad de expresi\u00f3n sea real. Visita nuestro medio informativo publicado desde Hermosillo, Sonora. %","breadcrumb":{"@id":"https:\/\/www.sonoraenequipo.com.mx\/son-trump-y-biden-los-candidatos-mas-odiados-en-la-historia-de-eu\/#breadcrumb"},"inLanguage":"es","potentialAction":[{"@type":"ReadAction","target":["https:\/\/www.sonoraenequipo.com.mx\/son-trump-y-biden-los-candidatos-mas-odiados-en-la-historia-de-eu\/"]}]},{"@type":"ImageObject","inLanguage":"es","@id":"https:\/\/www.sonoraenequipo.com.mx\/son-trump-y-biden-los-candidatos-mas-odiados-en-la-historia-de-eu\/#primaryimage","url":"https:\/\/www.sonoraenequipo.com.mx\/storage\/2024\/04\/Los-mas-diados-en-Estados-Unidos-min.jpg","contentUrl":"https:\/\/www.sonoraenequipo.com.mx\/storage\/2024\/04\/Los-mas-diados-en-Estados-Unidos-min.jpg","width":900,"height":547},{"@type":"BreadcrumbList","@id":"https:\/\/www.sonoraenequipo.com.mx\/son-trump-y-biden-los-candidatos-mas-odiados-en-la-historia-de-eu\/#breadcrumb","itemListElement":[{"@type":"ListItem","position":1,"name":"Portada","item":"https:\/\/www.sonoraenequipo.com.mx\/"},{"@type":"ListItem","position":2,"name":"Son Trump y Biden los candidatos m\u00e1s odiados en la historia de EU"}]},{"@type":"WebSite","@id":"https:\/\/www.sonoraenequipo.com.mx\/#website","url":"https:\/\/www.sonoraenequipo.com.mx\/","name":"Sonora en Equipo.","description":"Diario en l\u00ednea con Noticias desde Hermosillo, Sonora","publisher":{"@id":"https:\/\/www.sonoraenequipo.com.mx\/#organization"},"potentialAction":[{"@type":"SearchAction","target":{"@type":"EntryPoint","urlTemplate":"https:\/\/www.sonoraenequipo.com.mx\/?s={search_term_string}"},"query-input":{"@type":"PropertyValueSpecification","valueRequired":true,"valueName":"search_term_string"}}],"inLanguage":"es"},{"@type":"Organization","@id":"https:\/\/www.sonoraenequipo.com.mx\/#organization","name":"Sonoraenequipo.com.mx","url":"https:\/\/www.sonoraenequipo.com.mx\/","logo":{"@type":"ImageObject","inLanguage":"es","@id":"https:\/\/www.sonoraenequipo.com.mx\/#\/schema\/logo\/image\/","url":"https:\/\/www.sonoraenequipo.com.mx\/storage\/2019\/01\/sonoraenequipo_opt.png","contentUrl":"https:\/\/www.sonoraenequipo.com.mx\/storage\/2019\/01\/sonoraenequipo_opt.png","width":375,"height":125,"caption":"Sonoraenequipo.com.mx"},"image":{"@id":"https:\/\/www.sonoraenequipo.com.mx\/#\/schema\/logo\/image\/"},"sameAs":["https:\/\/www.facebook.com\/SonoraEE\/","https:\/\/x.com\/sonoraenequipo","https:\/\/www.youtube.com\/channel\/UC338nW-lPEYmJQs4ZABQ1SQ"]},{"@type":"Person","@id":"https:\/\/www.sonoraenequipo.com.mx\/#\/schema\/person\/50102df0fb23a8fa9e8effad8fa81386","name":"enequipo","image":{"@type":"ImageObject","inLanguage":"es","@id":"https:\/\/www.sonoraenequipo.com.mx\/#\/schema\/person\/image\/","url":"https:\/\/secure.gravatar.com\/avatar\/049821681b589dabc0bc20695993ccebb09f5b5d4d790cd9251b97faac7c652b?s=96&d=blank&r=g","contentUrl":"https:\/\/secure.gravatar.com\/avatar\/049821681b589dabc0bc20695993ccebb09f5b5d4d790cd9251b97faac7c652b?s=96&d=blank&r=g","caption":"enequipo"},"sameAs":["https:\/\/www.facebook.com\/SonoraEE"]}]}},"jetpack_featured_media_url":"https:\/\/www.sonoraenequipo.com.mx\/storage\/2024\/04\/Los-mas-diados-en-Estados-Unidos-min.jpg","_links":{"self":[{"href":"https:\/\/www.sonoraenequipo.com.mx\/api\/wp\/v2\/posts\/186986","targetHints":{"allow":["GET"]}}],"collection":[{"href":"https:\/\/www.sonoraenequipo.com.mx\/api\/wp\/v2\/posts"}],"about":[{"href":"https:\/\/www.sonoraenequipo.com.mx\/api\/wp\/v2\/types\/post"}],"author":[{"embeddable":true,"href":"https:\/\/www.sonoraenequipo.com.mx\/api\/wp\/v2\/users\/1"}],"replies":[{"embeddable":true,"href":"https:\/\/www.sonoraenequipo.com.mx\/api\/wp\/v2\/comments?post=186986"}],"version-history":[{"count":1,"href":"https:\/\/www.sonoraenequipo.com.mx\/api\/wp\/v2\/posts\/186986\/revisions"}],"predecessor-version":[{"id":186991,"href":"https:\/\/www.sonoraenequipo.com.mx\/api\/wp\/v2\/posts\/186986\/revisions\/186991"}],"wp:featuredmedia":[{"embeddable":true,"href":"https:\/\/www.sonoraenequipo.com.mx\/api\/wp\/v2\/media\/186989"}],"wp:attachment":[{"href":"https:\/\/www.sonoraenequipo.com.mx\/api\/wp\/v2\/media?parent=186986"}],"wp:term":[{"taxonomy":"category","embeddable":true,"href":"https:\/\/www.sonoraenequipo.com.mx\/api\/wp\/v2\/categories?post=186986"},{"taxonomy":"post_tag","embeddable":true,"href":"https:\/\/www.sonoraenequipo.com.mx\/api\/wp\/v2\/tags?post=186986"}],"curies":[{"name":"wp","href":"https:\/\/api.w.org\/{rel}","templated":true}]}}