{"id":186996,"date":"2024-04-03T21:19:23","date_gmt":"2024-04-04T04:19:23","guid":{"rendered":"https:\/\/www.sonoraenequipo.com.mx\/?p=186996"},"modified":"2024-04-04T15:38:40","modified_gmt":"2024-04-04T22:38:40","slug":"programa-de-regularizacion-de-carros-sigue-sin-cambios","status":"publish","type":"post","link":"https:\/\/www.sonoraenequipo.com.mx\/programa-de-regularizacion-de-carros-sigue-sin-cambios\/","title":{"rendered":"Programa de regularizaci\u00f3n de carros sigue sin cambios"},"content":{"rendered":"<p><strong>HERMOSILLO, SONORA. MX. \u2014 <\/strong>Por el momento se mantendr\u00e1 sin modificaci\u00f3n en el estado el plan operativo del programa de regularizaci\u00f3n de veh\u00edculos usados de procedencia extranjera tras la ampliaci\u00f3n del plazo al 30 de septiembre, puntualiz\u00f3 Benjam\u00edn Gonz\u00e1lez Caballero.<\/p>\n<p> <\/p>\n<p>El coordinador del Centro de Control, Comando, Comunicaci\u00f3n, C\u00f3mputo e Inteligencia C5I, precis\u00f3 que continuar\u00e1n abiertos los cinco m\u00f3dulos fijos en San Luis R\u00edo Colorado, Nogales, Agua Prieta, Hermosillo y Guaymas; adem\u00e1s del m\u00f3dulo itinerante, pero dependiendo de la afluencia que reciban se pudieran cerrar algunos.<\/p>\n<p><em><strong>\u201cVamos a estar trabajando de la misma manera, estamos haciendo un an\u00e1lisis para ver de qu\u00e9 manera vamos a utilizar el Repuve m\u00f3vil para poder mandarlo a aquellos municipios donde hace falta, inclusive si hay una baja o muy poca participaci\u00f3n, o nula participaci\u00f3n en algunos de los m\u00f3dulos que tenemos fijos, pues vamos a tomar la decisi\u00f3n de retirarlo y colocarlo en otro municipio\u201d,<\/strong><\/em><\/p>\n<p>Gonz\u00e1lez Caballero detall\u00f3 que a m\u00e1s de un a\u00f1o que inici\u00f3 este programa en Sonora se han regularizado m\u00e1s de 190 mil autom\u00f3viles, y el requerimiento de citas ha disminuido considerablemente.<\/p>\n<p>El pasado 28 de marzo se public\u00f3 en el Diario Oficial de la Federaci\u00f3n una nueva pr\u00f3rroga del programa que inici\u00f3 en marzo de 2022, con la que se estipula que finalizar\u00e1 en septiembre pr\u00f3ximo.<\/p>\n<p>PUBLICADO EL 04 DE ABRIL DE 2024 Con informaci\u00f3n de GOBSON )<\/p>\n","protected":false},"excerpt":{"rendered":"<p>HERMOSILLO, SONORA. MX. \u2014 Por el momento se mantendr\u00e1 sin modificaci\u00f3n en el estado el&#8230;<\/p>\n","protected":false},"author":1,"featured_media":186988,"comment_status":"open","ping_status":"open","sticky":false,"template":"","format":"standard","meta":{"_monsterinsights_skip_tracking":false,"_monsterinsights_sitenote_active":false,"_monsterinsights_sitenote_note":"","_monsterinsights_sitenote_category":0,"footnotes":""},"categories":[22],"tags":[],"class_list":["post"],"yoast_head":" \n<title>Sonora en Equipo. Programa de regularizaci\u00f3n de carros sigue sin cambios Sonora<\/title>\n<meta name=\"description\" content=\"HERMOSILLO, SONORA. MX. \u2014 Por el momento se mantendr\u00e1 sin modificaci\u00f3n en el estado el plan operativo del programa de regularizaci\u00f3n de veh\u00edculos usados En Sonora en Equipo publicamos toda la informaci\u00f3n de Sonora, M\u00e9xico y el Mundo de manera oportuna y busca que la libertad de expresi\u00f3n sea real. Visita nuestro medio informativo publicado desde Hermosillo, Sonora. %\" \/>\n<meta name=\"robots\" content=\"index, follow, max-snippet:-1, max-image-preview:large, max-video-preview:-1\" \/>\n<link rel=\"canonical\" href=\"https:\/\/www.sonoraenequipo.com.mx\/programa-de-regularizacion-de-carros-sigue-sin-cambios\/\" \/>\n<meta property=\"og:locale\" content=\"es_ES\" \/>\n<meta property=\"og:type\" content=\"article\" \/>\n<meta property=\"og:title\" content=\"Sonora en Equipo. Programa de regularizaci\u00f3n de carros sigue sin cambios Sonora\" \/>\n<meta property=\"og:description\" content=\"HERMOSILLO, SONORA. MX. \u2014 Por el momento se mantendr\u00e1 sin modificaci\u00f3n en el estado el plan operativo del programa de regularizaci\u00f3n de veh\u00edculos usados En Sonora en Equipo publicamos toda la informaci\u00f3n de Sonora, M\u00e9xico y el Mundo de manera oportuna y busca que la libertad de expresi\u00f3n sea real. Visita nuestro medio informativo publicado desde Hermosillo, Sonora. %\" \/>\n<meta property=\"og:url\" content=\"https:\/\/www.sonoraenequipo.com.mx\/programa-de-regularizacion-de-carros-sigue-sin-cambios\/\" \/>\n<meta property=\"og:site_name\" content=\"Sonora en Equipo.\" \/>\n<meta property=\"article:publisher\" content=\"https:\/\/www.facebook.com\/SonoraEE\/\" \/>\n<meta property=\"article:author\" content=\"https:\/\/www.facebook.com\/SonoraEE\" \/>\n<meta property=\"article:published_time\" content=\"2024-04-04T04:19:23+00:00\" \/>\n<meta property=\"article:modified_time\" content=\"2024-04-04T22:38:40+00:00\" \/>\n<meta property=\"og:image\" content=\"https:\/\/www.sonoraenequipo.com.mx\/storage\/2024\/04\/Cambios-Repuve-min.jpg\" \/>\n\t<meta property=\"og:image:width\" content=\"900\" \/>\n\t<meta property=\"og:image:height\" content=\"561\" \/>\n\t<meta property=\"og:image:type\" content=\"image\/jpeg\" \/>\n<meta name=\"author\" content=\"enequipo\" \/>\n<meta name=\"twitter:card\" content=\"summary_large_image\" \/>\n<meta name=\"twitter:creator\" content=\"@sonoraenequipo\" \/>\n<meta name=\"twitter:site\" content=\"@sonoraenequipo\" \/>\n<meta name=\"twitter:label1\" content=\"Escrito por\" \/>\n\t<meta name=\"twitter:data1\" content=\"enequipo\" \/>\n\t<meta name=\"twitter:label2\" content=\"Tiempo de lectura\" \/>\n\t<meta name=\"twitter:data2\" content=\"1 minuto\" \/>\n<script type=\"application\/ld+json\" class=\"yoast-schema-graph\">{\"@context\":\"https:\/\/schema.org\",\"@graph\":[{\"@type\":\"Article\",\"@id\":\"https:\/\/www.sonoraenequipo.com.mx\/programa-de-regularizacion-de-carros-sigue-sin-cambios\/#article\",\"isPartOf\":{\"@id\":\"https:\/\/www.sonoraenequipo.com.mx\/programa-de-regularizacion-de-carros-sigue-sin-cambios\/\"},\"author\":{\"name\":\"enequipo\",\"@id\":\"https:\/\/www.sonoraenequipo.com.mx\/#\/schema\/person\/50102df0fb23a8fa9e8effad8fa81386\"},\"headline\":\"Programa de regularizaci\u00f3n de carros sigue sin cambios\",\"datePublished\":\"2024-04-04T04:19:23+00:00\",\"dateModified\":\"2024-04-04T22:38:40+00:00\",\"mainEntityOfPage\":{\"@id\":\"https:\/\/www.sonoraenequipo.com.mx\/programa-de-regularizacion-de-carros-sigue-sin-cambios\/\"},\"wordCount\":259,\"commentCount\":0,\"publisher\":{\"@id\":\"https:\/\/www.sonoraenequipo.com.mx\/#organization\"},\"image\":{\"@id\":\"https:\/\/www.sonoraenequipo.com.mx\/programa-de-regularizacion-de-carros-sigue-sin-cambios\/#primaryimage\"},\"thumbnailUrl\":\"https:\/\/www.sonoraenequipo.com.mx\/storage\/2024\/04\/Cambios-Repuve-min.jpg\",\"articleSection\":[\"Sonora\"],\"inLanguage\":\"es\",\"potentialAction\":[{\"@type\":\"CommentAction\",\"name\":\"Comment\",\"target\":[\"https:\/\/www.sonoraenequipo.com.mx\/programa-de-regularizacion-de-carros-sigue-sin-cambios\/#respond\"]}]},{\"@type\":\"WebPage\",\"@id\":\"https:\/\/www.sonoraenequipo.com.mx\/programa-de-regularizacion-de-carros-sigue-sin-cambios\/\",\"url\":\"https:\/\/www.sonoraenequipo.com.mx\/programa-de-regularizacion-de-carros-sigue-sin-cambios\/\",\"name\":\"Sonora en Equipo. Programa de regularizaci\u00f3n de carros sigue sin cambios Sonora\",\"isPartOf\":{\"@id\":\"https:\/\/www.sonoraenequipo.com.mx\/#website\"},\"primaryImageOfPage\":{\"@id\":\"https:\/\/www.sonoraenequipo.com.mx\/programa-de-regularizacion-de-carros-sigue-sin-cambios\/#primaryimage\"},\"image\":{\"@id\":\"https:\/\/www.sonoraenequipo.com.mx\/programa-de-regularizacion-de-carros-sigue-sin-cambios\/#primaryimage\"},\"thumbnailUrl\":\"https:\/\/www.sonoraenequipo.com.mx\/storage\/2024\/04\/Cambios-Repuve-min.jpg\",\"datePublished\":\"2024-04-04T04:19:23+00:00\",\"dateModified\":\"2024-04-04T22:38:40+00:00\",\"description\":\"HERMOSILLO, SONORA. MX. \u2014 Por el momento se mantendr\u00e1 sin modificaci\u00f3n en el estado el plan operativo del programa de regularizaci\u00f3n de veh\u00edculos usados En Sonora en Equipo publicamos toda la informaci\u00f3n de Sonora, M\u00e9xico y el Mundo de manera oportuna y busca que la libertad de expresi\u00f3n sea real. Visita nuestro medio informativo publicado desde Hermosillo, Sonora. %\",\"breadcrumb\":{\"@id\":\"https:\/\/www.sonoraenequipo.com.mx\/programa-de-regularizacion-de-carros-sigue-sin-cambios\/#breadcrumb\"},\"inLanguage\":\"es\",\"potentialAction\":[{\"@type\":\"ReadAction\",\"target\":[\"https:\/\/www.sonoraenequipo.com.mx\/programa-de-regularizacion-de-carros-sigue-sin-cambios\/\"]}]},{\"@type\":\"ImageObject\",\"inLanguage\":\"es\",\"@id\":\"https:\/\/www.sonoraenequipo.com.mx\/programa-de-regularizacion-de-carros-sigue-sin-cambios\/#primaryimage\",\"url\":\"https:\/\/www.sonoraenequipo.com.mx\/storage\/2024\/04\/Cambios-Repuve-min.jpg\",\"contentUrl\":\"https:\/\/www.sonoraenequipo.com.mx\/storage\/2024\/04\/Cambios-Repuve-min.jpg\",\"width\":900,\"height\":561},{\"@type\":\"BreadcrumbList\",\"@id\":\"https:\/\/www.sonoraenequipo.com.mx\/programa-de-regularizacion-de-carros-sigue-sin-cambios\/#breadcrumb\",\"itemListElement\":[{\"@type\":\"ListItem\",\"position\":1,\"name\":\"Portada\",\"item\":\"https:\/\/www.sonoraenequipo.com.mx\/\"},{\"@type\":\"ListItem\",\"position\":2,\"name\":\"Programa de regularizaci\u00f3n de carros sigue sin cambios\"}]},{\"@type\":\"WebSite\",\"@id\":\"https:\/\/www.sonoraenequipo.com.mx\/#website\",\"url\":\"https:\/\/www.sonoraenequipo.com.mx\/\",\"name\":\"Sonora en Equipo.\",\"description\":\"Diario en l\u00ednea con Noticias desde Hermosillo, Sonora\",\"publisher\":{\"@id\":\"https:\/\/www.sonoraenequipo.com.mx\/#organization\"},\"potentialAction\":[{\"@type\":\"SearchAction\",\"target\":{\"@type\":\"EntryPoint\",\"urlTemplate\":\"https:\/\/www.sonoraenequipo.com.mx\/?s={search_term_string}\"},\"query-input\":{\"@type\":\"PropertyValueSpecification\",\"valueRequired\":true,\"valueName\":\"search_term_string\"}}],\"inLanguage\":\"es\"},{\"@type\":\"Organization\",\"@id\":\"https:\/\/www.sonoraenequipo.com.mx\/#organization\",\"name\":\"Sonoraenequipo.com.mx\",\"url\":\"https:\/\/www.sonoraenequipo.com.mx\/\",\"logo\":{\"@type\":\"ImageObject\",\"inLanguage\":\"es\",\"@id\":\"https:\/\/www.sonoraenequipo.com.mx\/#\/schema\/logo\/image\/\",\"url\":\"https:\/\/www.sonoraenequipo.com.mx\/storage\/2019\/01\/sonoraenequipo_opt.png\",\"contentUrl\":\"https:\/\/www.sonoraenequipo.com.mx\/storage\/2019\/01\/sonoraenequipo_opt.png\",\"width\":375,\"height\":125,\"caption\":\"Sonoraenequipo.com.mx\"},\"image\":{\"@id\":\"https:\/\/www.sonoraenequipo.com.mx\/#\/schema\/logo\/image\/\"},\"sameAs\":[\"https:\/\/www.facebook.com\/SonoraEE\/\",\"https:\/\/x.com\/sonoraenequipo\",\"https:\/\/www.youtube.com\/channel\/UC338nW-lPEYmJQs4ZABQ1SQ\"]},{\"@type\":\"Person\",\"@id\":\"https:\/\/www.sonoraenequipo.com.mx\/#\/schema\/person\/50102df0fb23a8fa9e8effad8fa81386\",\"name\":\"enequipo\",\"image\":{\"@type\":\"ImageObject\",\"inLanguage\":\"es\",\"@id\":\"https:\/\/www.sonoraenequipo.com.mx\/#\/schema\/person\/image\/\",\"url\":\"https:\/\/secure.gravatar.com\/avatar\/049821681b589dabc0bc20695993ccebb09f5b5d4d790cd9251b97faac7c652b?s=96&d=blank&r=g\",\"contentUrl\":\"https:\/\/secure.gravatar.com\/avatar\/049821681b589dabc0bc20695993ccebb09f5b5d4d790cd9251b97faac7c652b?s=96&d=blank&r=g\",\"caption\":\"enequipo\"},\"sameAs\":[\"https:\/\/www.facebook.com\/SonoraEE\"]}]}<\/script>\n ","yoast_head_json":{"title":"Sonora en Equipo. Programa de regularizaci\u00f3n de carros sigue sin cambios Sonora","description":"HERMOSILLO, SONORA. MX. \u2014 Por el momento se mantendr\u00e1 sin modificaci\u00f3n en el estado el plan operativo del programa de regularizaci\u00f3n de veh\u00edculos usados En Sonora en Equipo publicamos toda la informaci\u00f3n de Sonora, M\u00e9xico y el Mundo de manera oportuna y busca que la libertad de expresi\u00f3n sea real. Visita nuestro medio informativo publicado desde Hermosillo, Sonora. %","robots":{"index":"index","follow":"follow","max-snippet":"max-snippet:-1","max-image-preview":"max-image-preview:large","max-video-preview":"max-video-preview:-1"},"canonical":"https:\/\/www.sonoraenequipo.com.mx\/programa-de-regularizacion-de-carros-sigue-sin-cambios\/","og_locale":"es_ES","og_type":"article","og_title":"Sonora en Equipo. Programa de regularizaci\u00f3n de carros sigue sin cambios Sonora","og_description":"HERMOSILLO, SONORA. MX. \u2014 Por el momento se mantendr\u00e1 sin modificaci\u00f3n en el estado el plan operativo del programa de regularizaci\u00f3n de veh\u00edculos usados En Sonora en Equipo publicamos toda la informaci\u00f3n de Sonora, M\u00e9xico y el Mundo de manera oportuna y busca que la libertad de expresi\u00f3n sea real. Visita nuestro medio informativo publicado desde Hermosillo, Sonora. %","og_url":"https:\/\/www.sonoraenequipo.com.mx\/programa-de-regularizacion-de-carros-sigue-sin-cambios\/","og_site_name":"Sonora en Equipo.","article_publisher":"https:\/\/www.facebook.com\/SonoraEE\/","article_author":"https:\/\/www.facebook.com\/SonoraEE","article_published_time":"2024-04-04T04:19:23+00:00","article_modified_time":"2024-04-04T22:38:40+00:00","og_image":[{"width":900,"height":561,"url":"https:\/\/www.sonoraenequipo.com.mx\/storage\/2024\/04\/Cambios-Repuve-min.jpg","type":"image\/jpeg"}],"author":"enequipo","twitter_card":"summary_large_image","twitter_creator":"@sonoraenequipo","twitter_site":"@sonoraenequipo","twitter_misc":{"Escrito por":"enequipo","Tiempo de lectura":"1 minuto"},"schema":{"@context":"https:\/\/schema.org","@graph":[{"@type":"Article","@id":"https:\/\/www.sonoraenequipo.com.mx\/programa-de-regularizacion-de-carros-sigue-sin-cambios\/#article","isPartOf":{"@id":"https:\/\/www.sonoraenequipo.com.mx\/programa-de-regularizacion-de-carros-sigue-sin-cambios\/"},"author":{"name":"enequipo","@id":"https:\/\/www.sonoraenequipo.com.mx\/#\/schema\/person\/50102df0fb23a8fa9e8effad8fa81386"},"headline":"Programa de regularizaci\u00f3n de carros sigue sin cambios","datePublished":"2024-04-04T04:19:23+00:00","dateModified":"2024-04-04T22:38:40+00:00","mainEntityOfPage":{"@id":"https:\/\/www.sonoraenequipo.com.mx\/programa-de-regularizacion-de-carros-sigue-sin-cambios\/"},"wordCount":259,"commentCount":0,"publisher":{"@id":"https:\/\/www.sonoraenequipo.com.mx\/#organization"},"image":{"@id":"https:\/\/www.sonoraenequipo.com.mx\/programa-de-regularizacion-de-carros-sigue-sin-cambios\/#primaryimage"},"thumbnailUrl":"https:\/\/www.sonoraenequipo.com.mx\/storage\/2024\/04\/Cambios-Repuve-min.jpg","articleSection":["Sonora"],"inLanguage":"es","potentialAction":[{"@type":"CommentAction","name":"Comment","target":["https:\/\/www.sonoraenequipo.com.mx\/programa-de-regularizacion-de-carros-sigue-sin-cambios\/#respond"]}]},{"@type":"WebPage","@id":"https:\/\/www.sonoraenequipo.com.mx\/programa-de-regularizacion-de-carros-sigue-sin-cambios\/","url":"https:\/\/www.sonoraenequipo.com.mx\/programa-de-regularizacion-de-carros-sigue-sin-cambios\/","name":"Sonora en Equipo. Programa de regularizaci\u00f3n de carros sigue sin cambios Sonora","isPartOf":{"@id":"https:\/\/www.sonoraenequipo.com.mx\/#website"},"primaryImageOfPage":{"@id":"https:\/\/www.sonoraenequipo.com.mx\/programa-de-regularizacion-de-carros-sigue-sin-cambios\/#primaryimage"},"image":{"@id":"https:\/\/www.sonoraenequipo.com.mx\/programa-de-regularizacion-de-carros-sigue-sin-cambios\/#primaryimage"},"thumbnailUrl":"https:\/\/www.sonoraenequipo.com.mx\/storage\/2024\/04\/Cambios-Repuve-min.jpg","datePublished":"2024-04-04T04:19:23+00:00","dateModified":"2024-04-04T22:38:40+00:00","description":"HERMOSILLO, SONORA. MX. \u2014 Por el momento se mantendr\u00e1 sin modificaci\u00f3n en el estado el plan operativo del programa de regularizaci\u00f3n de veh\u00edculos usados En Sonora en Equipo publicamos toda la informaci\u00f3n de Sonora, M\u00e9xico y el Mundo de manera oportuna y busca que la libertad de expresi\u00f3n sea real. Visita nuestro medio informativo publicado desde Hermosillo, Sonora. %","breadcrumb":{"@id":"https:\/\/www.sonoraenequipo.com.mx\/programa-de-regularizacion-de-carros-sigue-sin-cambios\/#breadcrumb"},"inLanguage":"es","potentialAction":[{"@type":"ReadAction","target":["https:\/\/www.sonoraenequipo.com.mx\/programa-de-regularizacion-de-carros-sigue-sin-cambios\/"]}]},{"@type":"ImageObject","inLanguage":"es","@id":"https:\/\/www.sonoraenequipo.com.mx\/programa-de-regularizacion-de-carros-sigue-sin-cambios\/#primaryimage","url":"https:\/\/www.sonoraenequipo.com.mx\/storage\/2024\/04\/Cambios-Repuve-min.jpg","contentUrl":"https:\/\/www.sonoraenequipo.com.mx\/storage\/2024\/04\/Cambios-Repuve-min.jpg","width":900,"height":561},{"@type":"BreadcrumbList","@id":"https:\/\/www.sonoraenequipo.com.mx\/programa-de-regularizacion-de-carros-sigue-sin-cambios\/#breadcrumb","itemListElement":[{"@type":"ListItem","position":1,"name":"Portada","item":"https:\/\/www.sonoraenequipo.com.mx\/"},{"@type":"ListItem","position":2,"name":"Programa de regularizaci\u00f3n de carros sigue sin cambios"}]},{"@type":"WebSite","@id":"https:\/\/www.sonoraenequipo.com.mx\/#website","url":"https:\/\/www.sonoraenequipo.com.mx\/","name":"Sonora en Equipo.","description":"Diario en l\u00ednea con Noticias desde Hermosillo, Sonora","publisher":{"@id":"https:\/\/www.sonoraenequipo.com.mx\/#organization"},"potentialAction":[{"@type":"SearchAction","target":{"@type":"EntryPoint","urlTemplate":"https:\/\/www.sonoraenequipo.com.mx\/?s={search_term_string}"},"query-input":{"@type":"PropertyValueSpecification","valueRequired":true,"valueName":"search_term_string"}}],"inLanguage":"es"},{"@type":"Organization","@id":"https:\/\/www.sonoraenequipo.com.mx\/#organization","name":"Sonoraenequipo.com.mx","url":"https:\/\/www.sonoraenequipo.com.mx\/","logo":{"@type":"ImageObject","inLanguage":"es","@id":"https:\/\/www.sonoraenequipo.com.mx\/#\/schema\/logo\/image\/","url":"https:\/\/www.sonoraenequipo.com.mx\/storage\/2019\/01\/sonoraenequipo_opt.png","contentUrl":"https:\/\/www.sonoraenequipo.com.mx\/storage\/2019\/01\/sonoraenequipo_opt.png","width":375,"height":125,"caption":"Sonoraenequipo.com.mx"},"image":{"@id":"https:\/\/www.sonoraenequipo.com.mx\/#\/schema\/logo\/image\/"},"sameAs":["https:\/\/www.facebook.com\/SonoraEE\/","https:\/\/x.com\/sonoraenequipo","https:\/\/www.youtube.com\/channel\/UC338nW-lPEYmJQs4ZABQ1SQ"]},{"@type":"Person","@id":"https:\/\/www.sonoraenequipo.com.mx\/#\/schema\/person\/50102df0fb23a8fa9e8effad8fa81386","name":"enequipo","image":{"@type":"ImageObject","inLanguage":"es","@id":"https:\/\/www.sonoraenequipo.com.mx\/#\/schema\/person\/image\/","url":"https:\/\/secure.gravatar.com\/avatar\/049821681b589dabc0bc20695993ccebb09f5b5d4d790cd9251b97faac7c652b?s=96&d=blank&r=g","contentUrl":"https:\/\/secure.gravatar.com\/avatar\/049821681b589dabc0bc20695993ccebb09f5b5d4d790cd9251b97faac7c652b?s=96&d=blank&r=g","caption":"enequipo"},"sameAs":["https:\/\/www.facebook.com\/SonoraEE"]}]}},"jetpack_featured_media_url":"https:\/\/www.sonoraenequipo.com.mx\/storage\/2024\/04\/Cambios-Repuve-min.jpg","_links":{"self":[{"href":"https:\/\/www.sonoraenequipo.com.mx\/api\/wp\/v2\/posts\/186996","targetHints":{"allow":["GET"]}}],"collection":[{"href":"https:\/\/www.sonoraenequipo.com.mx\/api\/wp\/v2\/posts"}],"about":[{"href":"https:\/\/www.sonoraenequipo.com.mx\/api\/wp\/v2\/types\/post"}],"author":[{"embeddable":true,"href":"https:\/\/www.sonoraenequipo.com.mx\/api\/wp\/v2\/users\/1"}],"replies":[{"embeddable":true,"href":"https:\/\/www.sonoraenequipo.com.mx\/api\/wp\/v2\/comments?post=186996"}],"version-history":[{"count":2,"href":"https:\/\/www.sonoraenequipo.com.mx\/api\/wp\/v2\/posts\/186996\/revisions"}],"predecessor-version":[{"id":186999,"href":"https:\/\/www.sonoraenequipo.com.mx\/api\/wp\/v2\/posts\/186996\/revisions\/186999"}],"wp:featuredmedia":[{"embeddable":true,"href":"https:\/\/www.sonoraenequipo.com.mx\/api\/wp\/v2\/media\/186988"}],"wp:attachment":[{"href":"https:\/\/www.sonoraenequipo.com.mx\/api\/wp\/v2\/media?parent=186996"}],"wp:term":[{"taxonomy":"category","embeddable":true,"href":"https:\/\/www.sonoraenequipo.com.mx\/api\/wp\/v2\/categories?post=186996"},{"taxonomy":"post_tag","embeddable":true,"href":"https:\/\/www.sonoraenequipo.com.mx\/api\/wp\/v2\/tags?post=186996"}],"curies":[{"name":"wp","href":"https:\/\/api.w.org\/{rel}","templated":true}]}}