{"id":187000,"date":"2024-04-03T23:39:14","date_gmt":"2024-04-04T06:39:14","guid":{"rendered":"https:\/\/www.sonoraenequipo.com.mx\/?p=187000"},"modified":"2024-04-04T15:43:57","modified_gmt":"2024-04-04T22:43:57","slug":"hay-6-casos-del-sindrome-de-guillain-barre-en-sinaloa","status":"publish","type":"post","link":"https:\/\/www.sonoraenequipo.com.mx\/hay-6-casos-del-sindrome-de-guillain-barre-en-sinaloa\/","title":{"rendered":"Hay 6 casos del s\u00edndrome de Guillain-Barr\u00e9 en Sinaloa"},"content":{"rendered":"<p><strong>CULIAC\u00c1N, SINALOA. MX. \u2014<\/strong> En Sinaloa hay seis casos con el s\u00edndrome de Guillain-Barr\u00e9, inform\u00f3 el secretario de Salud de Sinaloa, Cuitl\u00e1huac Gonz\u00e1lez Galindo.<\/p>\n<p>&nbsp;<\/p>\n<p> <\/p>\n<p>El especialista explic\u00f3 que este padecimiento se relaciona con problemas inmunol\u00f3gicos, en una respuesta del cuerpo por destruir ciertas zonas de determinaciones nerviosas; lo anterior, derivado de infecciones virales o bacterianas.<\/p>\n<p>&nbsp;<\/p>\n<p>&nbsp;<\/p>\n<p><em><strong>\u201cLo que se sabe es que Guillain-Barr\u00e9 tiene mucho que ver con infecciones virales o bacterianas. No es una enfermedad nueva, en Sinaloa ahorita hay seis casos, no tenemos defunciones por esa causa y son enfermedades que se presentan de manera extraordinaria\u201d,<\/strong><\/em> dio a conocer.<\/p>\n<p>&nbsp;<\/p>\n<p>En el caso de estos seis pacientes, Cuitl\u00e1huac Gonz\u00e1lez precis\u00f3 que son de Culiac\u00e1n, Guasave y Los Mochis, se tiene identificada la causa, los s\u00edntomas, se report\u00f3 y acudieron a las cl\u00ednicas.<\/p>\n<p>&nbsp;<\/p>\n<p>&nbsp;<\/p>\n<p><em><strong>\u201cSon pacientes que est\u00e1n bien, no hay de funciones en Sinaloa por Guillain-Barr\u00e9, rondan entre los 25 y 55 a\u00f1os\u201d,<\/strong><\/em> dijo.<\/p>\n<p>&nbsp;<\/p>\n<p>&nbsp;<\/p>\n<p>Al respecto, el secretario de Salud descart\u00f3 que se pueda presentar un brote como el que sucedi\u00f3 en el estado de Tlaxcala hace unas semanas, donde se detectaron 84 casos confirmados, derivado del mal manejo en la venta de carne de pollo en diversos establecimientos, lo que implic\u00f3 la clausura de 30 poller\u00edas.<\/p>\n<p>&nbsp;<\/p>\n<p>&nbsp;<\/p>\n<p>Dijo que en lo que respecta a Sinaloa, para prevenir esto se cuenta con la Comisi\u00f3n Estatal para la Protecci\u00f3n contra Riesgos Sanitarios (Coepriss), la dependencia encargada de hacer inspecciones.<\/p>\n<p>&nbsp;<\/p>\n<p>&nbsp;<\/p>\n<p><em><strong>\u201cLos protocolos deben de seguir, lo que pas\u00f3 en Tlaxcala pas\u00f3 all\u00e1, puede pasar aqu\u00ed, no solo eso, pueden venir otras enfermedades, como diarreicas, por alguna causa que tenga que ver con alimentos, por lo que Coepriss debe fortalecer los cuidados de los puestos y restaurantes\u201d,<\/strong><\/em> sostuvo.<\/p>\n<p>&nbsp;<\/p>\n<p>&nbsp;<\/p>\n<p>El funcionario de salud indic\u00f3 que esta regulaci\u00f3n en el estado es de manera permanente en puestos y restaurantes, y esto es justo lo que ayuda a que no se presenten enfermedades virales en la entidad.<\/p>\n<p>&nbsp;<\/p>\n<p>&nbsp;<\/p>\n<p>PUBLICADO EL 03 DE ABRIL DE 2024\/ Con informaci\u00f3n de Josue David Pi\u00f1a Valenzuela)<\/p>\n","protected":false},"excerpt":{"rendered":"<p>CULIAC\u00c1N, SINALOA. MX. \u2014 En Sinaloa hay seis casos con el s\u00edndrome de Guillain-Barr\u00e9, inform\u00f3&#8230;<\/p>\n","protected":false},"author":1,"featured_media":186928,"comment_status":"open","ping_status":"open","sticky":false,"template":"","format":"standard","meta":{"_monsterinsights_skip_tracking":false,"_monsterinsights_sitenote_active":false,"_monsterinsights_sitenote_note":"","_monsterinsights_sitenote_category":0,"footnotes":""},"categories":[5],"tags":[],"class_list":["post"],"yoast_head":" \n<title>Sonora en Equipo. Hay 6 casos del s\u00edndrome de Guillain-Barr\u00e9 en Sinaloa Rep\u00fablica<\/title>\n<meta name=\"description\" content=\"CULIAC\u00c1N, SINALOA. MX. \u2014 En Sinaloa hay seis casos con el s\u00edndrome de Guillain-Barr\u00e9, inform\u00f3 el secretario de Salud de Sinaloa, Cuitl\u00e1huac Gonz\u00e1lez En Sonora en Equipo publicamos toda la informaci\u00f3n de Sonora, M\u00e9xico y el Mundo de manera oportuna y busca que la libertad de expresi\u00f3n sea real. Visita nuestro medio informativo publicado desde Hermosillo, Sonora. %\" \/>\n<meta name=\"robots\" content=\"index, follow, max-snippet:-1, max-image-preview:large, max-video-preview:-1\" \/>\n<link rel=\"canonical\" href=\"https:\/\/www.sonoraenequipo.com.mx\/hay-6-casos-del-sindrome-de-guillain-barre-en-sinaloa\/\" \/>\n<meta property=\"og:locale\" content=\"es_ES\" \/>\n<meta property=\"og:type\" content=\"article\" \/>\n<meta property=\"og:title\" content=\"Sonora en Equipo. Hay 6 casos del s\u00edndrome de Guillain-Barr\u00e9 en Sinaloa Rep\u00fablica\" \/>\n<meta property=\"og:description\" content=\"CULIAC\u00c1N, SINALOA. MX. \u2014 En Sinaloa hay seis casos con el s\u00edndrome de Guillain-Barr\u00e9, inform\u00f3 el secretario de Salud de Sinaloa, Cuitl\u00e1huac Gonz\u00e1lez En Sonora en Equipo publicamos toda la informaci\u00f3n de Sonora, M\u00e9xico y el Mundo de manera oportuna y busca que la libertad de expresi\u00f3n sea real. Visita nuestro medio informativo publicado desde Hermosillo, Sonora. %\" \/>\n<meta property=\"og:url\" content=\"https:\/\/www.sonoraenequipo.com.mx\/hay-6-casos-del-sindrome-de-guillain-barre-en-sinaloa\/\" \/>\n<meta property=\"og:site_name\" content=\"Sonora en Equipo.\" \/>\n<meta property=\"article:publisher\" content=\"https:\/\/www.facebook.com\/SonoraEE\/\" \/>\n<meta property=\"article:author\" content=\"https:\/\/www.facebook.com\/SonoraEE\" \/>\n<meta property=\"article:published_time\" content=\"2024-04-04T06:39:14+00:00\" \/>\n<meta property=\"article:modified_time\" content=\"2024-04-04T22:43:57+00:00\" \/>\n<meta property=\"og:image\" content=\"https:\/\/www.sonoraenequipo.com.mx\/storage\/2024\/04\/cuitlahuac-gonzalez-secretario-de-Salud-de-Sinalo-min.jpg\" \/>\n\t<meta property=\"og:image:width\" content=\"900\" \/>\n\t<meta property=\"og:image:height\" content=\"546\" \/>\n\t<meta property=\"og:image:type\" content=\"image\/jpeg\" \/>\n<meta name=\"author\" content=\"enequipo\" \/>\n<meta name=\"twitter:card\" content=\"summary_large_image\" \/>\n<meta name=\"twitter:creator\" content=\"@sonoraenequipo\" \/>\n<meta name=\"twitter:site\" content=\"@sonoraenequipo\" \/>\n<meta name=\"twitter:label1\" content=\"Escrito por\" \/>\n\t<meta name=\"twitter:data1\" content=\"enequipo\" \/>\n\t<meta name=\"twitter:label2\" content=\"Tiempo de lectura\" \/>\n\t<meta name=\"twitter:data2\" content=\"2 minutos\" \/>\n<script type=\"application\/ld+json\" class=\"yoast-schema-graph\">{\"@context\":\"https:\/\/schema.org\",\"@graph\":[{\"@type\":\"Article\",\"@id\":\"https:\/\/www.sonoraenequipo.com.mx\/hay-6-casos-del-sindrome-de-guillain-barre-en-sinaloa\/#article\",\"isPartOf\":{\"@id\":\"https:\/\/www.sonoraenequipo.com.mx\/hay-6-casos-del-sindrome-de-guillain-barre-en-sinaloa\/\"},\"author\":{\"name\":\"enequipo\",\"@id\":\"https:\/\/www.sonoraenequipo.com.mx\/#\/schema\/person\/50102df0fb23a8fa9e8effad8fa81386\"},\"headline\":\"Hay 6 casos del s\u00edndrome de Guillain-Barr\u00e9 en Sinaloa\",\"datePublished\":\"2024-04-04T06:39:14+00:00\",\"dateModified\":\"2024-04-04T22:43:57+00:00\",\"mainEntityOfPage\":{\"@id\":\"https:\/\/www.sonoraenequipo.com.mx\/hay-6-casos-del-sindrome-de-guillain-barre-en-sinaloa\/\"},\"wordCount\":369,\"commentCount\":0,\"publisher\":{\"@id\":\"https:\/\/www.sonoraenequipo.com.mx\/#organization\"},\"image\":{\"@id\":\"https:\/\/www.sonoraenequipo.com.mx\/hay-6-casos-del-sindrome-de-guillain-barre-en-sinaloa\/#primaryimage\"},\"thumbnailUrl\":\"https:\/\/www.sonoraenequipo.com.mx\/storage\/2024\/04\/cuitlahuac-gonzalez-secretario-de-Salud-de-Sinalo-min.jpg\",\"articleSection\":[\"Rep\u00fablica\"],\"inLanguage\":\"es\",\"potentialAction\":[{\"@type\":\"CommentAction\",\"name\":\"Comment\",\"target\":[\"https:\/\/www.sonoraenequipo.com.mx\/hay-6-casos-del-sindrome-de-guillain-barre-en-sinaloa\/#respond\"]}]},{\"@type\":\"WebPage\",\"@id\":\"https:\/\/www.sonoraenequipo.com.mx\/hay-6-casos-del-sindrome-de-guillain-barre-en-sinaloa\/\",\"url\":\"https:\/\/www.sonoraenequipo.com.mx\/hay-6-casos-del-sindrome-de-guillain-barre-en-sinaloa\/\",\"name\":\"Sonora en Equipo. Hay 6 casos del s\u00edndrome de Guillain-Barr\u00e9 en Sinaloa Rep\u00fablica\",\"isPartOf\":{\"@id\":\"https:\/\/www.sonoraenequipo.com.mx\/#website\"},\"primaryImageOfPage\":{\"@id\":\"https:\/\/www.sonoraenequipo.com.mx\/hay-6-casos-del-sindrome-de-guillain-barre-en-sinaloa\/#primaryimage\"},\"image\":{\"@id\":\"https:\/\/www.sonoraenequipo.com.mx\/hay-6-casos-del-sindrome-de-guillain-barre-en-sinaloa\/#primaryimage\"},\"thumbnailUrl\":\"https:\/\/www.sonoraenequipo.com.mx\/storage\/2024\/04\/cuitlahuac-gonzalez-secretario-de-Salud-de-Sinalo-min.jpg\",\"datePublished\":\"2024-04-04T06:39:14+00:00\",\"dateModified\":\"2024-04-04T22:43:57+00:00\",\"description\":\"CULIAC\u00c1N, SINALOA. MX. \u2014 En Sinaloa hay seis casos con el s\u00edndrome de Guillain-Barr\u00e9, inform\u00f3 el secretario de Salud de Sinaloa, Cuitl\u00e1huac Gonz\u00e1lez En Sonora en Equipo publicamos toda la informaci\u00f3n de Sonora, M\u00e9xico y el Mundo de manera oportuna y busca que la libertad de expresi\u00f3n sea real. Visita nuestro medio informativo publicado desde Hermosillo, Sonora. %\",\"breadcrumb\":{\"@id\":\"https:\/\/www.sonoraenequipo.com.mx\/hay-6-casos-del-sindrome-de-guillain-barre-en-sinaloa\/#breadcrumb\"},\"inLanguage\":\"es\",\"potentialAction\":[{\"@type\":\"ReadAction\",\"target\":[\"https:\/\/www.sonoraenequipo.com.mx\/hay-6-casos-del-sindrome-de-guillain-barre-en-sinaloa\/\"]}]},{\"@type\":\"ImageObject\",\"inLanguage\":\"es\",\"@id\":\"https:\/\/www.sonoraenequipo.com.mx\/hay-6-casos-del-sindrome-de-guillain-barre-en-sinaloa\/#primaryimage\",\"url\":\"https:\/\/www.sonoraenequipo.com.mx\/storage\/2024\/04\/cuitlahuac-gonzalez-secretario-de-Salud-de-Sinalo-min.jpg\",\"contentUrl\":\"https:\/\/www.sonoraenequipo.com.mx\/storage\/2024\/04\/cuitlahuac-gonzalez-secretario-de-Salud-de-Sinalo-min.jpg\",\"width\":900,\"height\":546},{\"@type\":\"BreadcrumbList\",\"@id\":\"https:\/\/www.sonoraenequipo.com.mx\/hay-6-casos-del-sindrome-de-guillain-barre-en-sinaloa\/#breadcrumb\",\"itemListElement\":[{\"@type\":\"ListItem\",\"position\":1,\"name\":\"Portada\",\"item\":\"https:\/\/www.sonoraenequipo.com.mx\/\"},{\"@type\":\"ListItem\",\"position\":2,\"name\":\"Hay 6 casos del s\u00edndrome de Guillain-Barr\u00e9 en Sinaloa\"}]},{\"@type\":\"WebSite\",\"@id\":\"https:\/\/www.sonoraenequipo.com.mx\/#website\",\"url\":\"https:\/\/www.sonoraenequipo.com.mx\/\",\"name\":\"Sonora en Equipo.\",\"description\":\"Diario en l\u00ednea con Noticias desde Hermosillo, Sonora\",\"publisher\":{\"@id\":\"https:\/\/www.sonoraenequipo.com.mx\/#organization\"},\"potentialAction\":[{\"@type\":\"SearchAction\",\"target\":{\"@type\":\"EntryPoint\",\"urlTemplate\":\"https:\/\/www.sonoraenequipo.com.mx\/?s={search_term_string}\"},\"query-input\":{\"@type\":\"PropertyValueSpecification\",\"valueRequired\":true,\"valueName\":\"search_term_string\"}}],\"inLanguage\":\"es\"},{\"@type\":\"Organization\",\"@id\":\"https:\/\/www.sonoraenequipo.com.mx\/#organization\",\"name\":\"Sonoraenequipo.com.mx\",\"url\":\"https:\/\/www.sonoraenequipo.com.mx\/\",\"logo\":{\"@type\":\"ImageObject\",\"inLanguage\":\"es\",\"@id\":\"https:\/\/www.sonoraenequipo.com.mx\/#\/schema\/logo\/image\/\",\"url\":\"https:\/\/www.sonoraenequipo.com.mx\/storage\/2019\/01\/sonoraenequipo_opt.png\",\"contentUrl\":\"https:\/\/www.sonoraenequipo.com.mx\/storage\/2019\/01\/sonoraenequipo_opt.png\",\"width\":375,\"height\":125,\"caption\":\"Sonoraenequipo.com.mx\"},\"image\":{\"@id\":\"https:\/\/www.sonoraenequipo.com.mx\/#\/schema\/logo\/image\/\"},\"sameAs\":[\"https:\/\/www.facebook.com\/SonoraEE\/\",\"https:\/\/x.com\/sonoraenequipo\",\"https:\/\/www.youtube.com\/channel\/UC338nW-lPEYmJQs4ZABQ1SQ\"]},{\"@type\":\"Person\",\"@id\":\"https:\/\/www.sonoraenequipo.com.mx\/#\/schema\/person\/50102df0fb23a8fa9e8effad8fa81386\",\"name\":\"enequipo\",\"image\":{\"@type\":\"ImageObject\",\"inLanguage\":\"es\",\"@id\":\"https:\/\/www.sonoraenequipo.com.mx\/#\/schema\/person\/image\/\",\"url\":\"https:\/\/secure.gravatar.com\/avatar\/049821681b589dabc0bc20695993ccebb09f5b5d4d790cd9251b97faac7c652b?s=96&d=blank&r=g\",\"contentUrl\":\"https:\/\/secure.gravatar.com\/avatar\/049821681b589dabc0bc20695993ccebb09f5b5d4d790cd9251b97faac7c652b?s=96&d=blank&r=g\",\"caption\":\"enequipo\"},\"sameAs\":[\"https:\/\/www.facebook.com\/SonoraEE\"]}]}<\/script>\n ","yoast_head_json":{"title":"Sonora en Equipo. Hay 6 casos del s\u00edndrome de Guillain-Barr\u00e9 en Sinaloa Rep\u00fablica","description":"CULIAC\u00c1N, SINALOA. MX. \u2014 En Sinaloa hay seis casos con el s\u00edndrome de Guillain-Barr\u00e9, inform\u00f3 el secretario de Salud de Sinaloa, Cuitl\u00e1huac Gonz\u00e1lez En Sonora en Equipo publicamos toda la informaci\u00f3n de Sonora, M\u00e9xico y el Mundo de manera oportuna y busca que la libertad de expresi\u00f3n sea real. Visita nuestro medio informativo publicado desde Hermosillo, Sonora. %","robots":{"index":"index","follow":"follow","max-snippet":"max-snippet:-1","max-image-preview":"max-image-preview:large","max-video-preview":"max-video-preview:-1"},"canonical":"https:\/\/www.sonoraenequipo.com.mx\/hay-6-casos-del-sindrome-de-guillain-barre-en-sinaloa\/","og_locale":"es_ES","og_type":"article","og_title":"Sonora en Equipo. Hay 6 casos del s\u00edndrome de Guillain-Barr\u00e9 en Sinaloa Rep\u00fablica","og_description":"CULIAC\u00c1N, SINALOA. MX. \u2014 En Sinaloa hay seis casos con el s\u00edndrome de Guillain-Barr\u00e9, inform\u00f3 el secretario de Salud de Sinaloa, Cuitl\u00e1huac Gonz\u00e1lez En Sonora en Equipo publicamos toda la informaci\u00f3n de Sonora, M\u00e9xico y el Mundo de manera oportuna y busca que la libertad de expresi\u00f3n sea real. Visita nuestro medio informativo publicado desde Hermosillo, Sonora. %","og_url":"https:\/\/www.sonoraenequipo.com.mx\/hay-6-casos-del-sindrome-de-guillain-barre-en-sinaloa\/","og_site_name":"Sonora en Equipo.","article_publisher":"https:\/\/www.facebook.com\/SonoraEE\/","article_author":"https:\/\/www.facebook.com\/SonoraEE","article_published_time":"2024-04-04T06:39:14+00:00","article_modified_time":"2024-04-04T22:43:57+00:00","og_image":[{"width":900,"height":546,"url":"https:\/\/www.sonoraenequipo.com.mx\/storage\/2024\/04\/cuitlahuac-gonzalez-secretario-de-Salud-de-Sinalo-min.jpg","type":"image\/jpeg"}],"author":"enequipo","twitter_card":"summary_large_image","twitter_creator":"@sonoraenequipo","twitter_site":"@sonoraenequipo","twitter_misc":{"Escrito por":"enequipo","Tiempo de lectura":"2 minutos"},"schema":{"@context":"https:\/\/schema.org","@graph":[{"@type":"Article","@id":"https:\/\/www.sonoraenequipo.com.mx\/hay-6-casos-del-sindrome-de-guillain-barre-en-sinaloa\/#article","isPartOf":{"@id":"https:\/\/www.sonoraenequipo.com.mx\/hay-6-casos-del-sindrome-de-guillain-barre-en-sinaloa\/"},"author":{"name":"enequipo","@id":"https:\/\/www.sonoraenequipo.com.mx\/#\/schema\/person\/50102df0fb23a8fa9e8effad8fa81386"},"headline":"Hay 6 casos del s\u00edndrome de Guillain-Barr\u00e9 en Sinaloa","datePublished":"2024-04-04T06:39:14+00:00","dateModified":"2024-04-04T22:43:57+00:00","mainEntityOfPage":{"@id":"https:\/\/www.sonoraenequipo.com.mx\/hay-6-casos-del-sindrome-de-guillain-barre-en-sinaloa\/"},"wordCount":369,"commentCount":0,"publisher":{"@id":"https:\/\/www.sonoraenequipo.com.mx\/#organization"},"image":{"@id":"https:\/\/www.sonoraenequipo.com.mx\/hay-6-casos-del-sindrome-de-guillain-barre-en-sinaloa\/#primaryimage"},"thumbnailUrl":"https:\/\/www.sonoraenequipo.com.mx\/storage\/2024\/04\/cuitlahuac-gonzalez-secretario-de-Salud-de-Sinalo-min.jpg","articleSection":["Rep\u00fablica"],"inLanguage":"es","potentialAction":[{"@type":"CommentAction","name":"Comment","target":["https:\/\/www.sonoraenequipo.com.mx\/hay-6-casos-del-sindrome-de-guillain-barre-en-sinaloa\/#respond"]}]},{"@type":"WebPage","@id":"https:\/\/www.sonoraenequipo.com.mx\/hay-6-casos-del-sindrome-de-guillain-barre-en-sinaloa\/","url":"https:\/\/www.sonoraenequipo.com.mx\/hay-6-casos-del-sindrome-de-guillain-barre-en-sinaloa\/","name":"Sonora en Equipo. Hay 6 casos del s\u00edndrome de Guillain-Barr\u00e9 en Sinaloa Rep\u00fablica","isPartOf":{"@id":"https:\/\/www.sonoraenequipo.com.mx\/#website"},"primaryImageOfPage":{"@id":"https:\/\/www.sonoraenequipo.com.mx\/hay-6-casos-del-sindrome-de-guillain-barre-en-sinaloa\/#primaryimage"},"image":{"@id":"https:\/\/www.sonoraenequipo.com.mx\/hay-6-casos-del-sindrome-de-guillain-barre-en-sinaloa\/#primaryimage"},"thumbnailUrl":"https:\/\/www.sonoraenequipo.com.mx\/storage\/2024\/04\/cuitlahuac-gonzalez-secretario-de-Salud-de-Sinalo-min.jpg","datePublished":"2024-04-04T06:39:14+00:00","dateModified":"2024-04-04T22:43:57+00:00","description":"CULIAC\u00c1N, SINALOA. MX. \u2014 En Sinaloa hay seis casos con el s\u00edndrome de Guillain-Barr\u00e9, inform\u00f3 el secretario de Salud de Sinaloa, Cuitl\u00e1huac Gonz\u00e1lez En Sonora en Equipo publicamos toda la informaci\u00f3n de Sonora, M\u00e9xico y el Mundo de manera oportuna y busca que la libertad de expresi\u00f3n sea real. Visita nuestro medio informativo publicado desde Hermosillo, Sonora. %","breadcrumb":{"@id":"https:\/\/www.sonoraenequipo.com.mx\/hay-6-casos-del-sindrome-de-guillain-barre-en-sinaloa\/#breadcrumb"},"inLanguage":"es","potentialAction":[{"@type":"ReadAction","target":["https:\/\/www.sonoraenequipo.com.mx\/hay-6-casos-del-sindrome-de-guillain-barre-en-sinaloa\/"]}]},{"@type":"ImageObject","inLanguage":"es","@id":"https:\/\/www.sonoraenequipo.com.mx\/hay-6-casos-del-sindrome-de-guillain-barre-en-sinaloa\/#primaryimage","url":"https:\/\/www.sonoraenequipo.com.mx\/storage\/2024\/04\/cuitlahuac-gonzalez-secretario-de-Salud-de-Sinalo-min.jpg","contentUrl":"https:\/\/www.sonoraenequipo.com.mx\/storage\/2024\/04\/cuitlahuac-gonzalez-secretario-de-Salud-de-Sinalo-min.jpg","width":900,"height":546},{"@type":"BreadcrumbList","@id":"https:\/\/www.sonoraenequipo.com.mx\/hay-6-casos-del-sindrome-de-guillain-barre-en-sinaloa\/#breadcrumb","itemListElement":[{"@type":"ListItem","position":1,"name":"Portada","item":"https:\/\/www.sonoraenequipo.com.mx\/"},{"@type":"ListItem","position":2,"name":"Hay 6 casos del s\u00edndrome de Guillain-Barr\u00e9 en Sinaloa"}]},{"@type":"WebSite","@id":"https:\/\/www.sonoraenequipo.com.mx\/#website","url":"https:\/\/www.sonoraenequipo.com.mx\/","name":"Sonora en Equipo.","description":"Diario en l\u00ednea con Noticias desde Hermosillo, Sonora","publisher":{"@id":"https:\/\/www.sonoraenequipo.com.mx\/#organization"},"potentialAction":[{"@type":"SearchAction","target":{"@type":"EntryPoint","urlTemplate":"https:\/\/www.sonoraenequipo.com.mx\/?s={search_term_string}"},"query-input":{"@type":"PropertyValueSpecification","valueRequired":true,"valueName":"search_term_string"}}],"inLanguage":"es"},{"@type":"Organization","@id":"https:\/\/www.sonoraenequipo.com.mx\/#organization","name":"Sonoraenequipo.com.mx","url":"https:\/\/www.sonoraenequipo.com.mx\/","logo":{"@type":"ImageObject","inLanguage":"es","@id":"https:\/\/www.sonoraenequipo.com.mx\/#\/schema\/logo\/image\/","url":"https:\/\/www.sonoraenequipo.com.mx\/storage\/2019\/01\/sonoraenequipo_opt.png","contentUrl":"https:\/\/www.sonoraenequipo.com.mx\/storage\/2019\/01\/sonoraenequipo_opt.png","width":375,"height":125,"caption":"Sonoraenequipo.com.mx"},"image":{"@id":"https:\/\/www.sonoraenequipo.com.mx\/#\/schema\/logo\/image\/"},"sameAs":["https:\/\/www.facebook.com\/SonoraEE\/","https:\/\/x.com\/sonoraenequipo","https:\/\/www.youtube.com\/channel\/UC338nW-lPEYmJQs4ZABQ1SQ"]},{"@type":"Person","@id":"https:\/\/www.sonoraenequipo.com.mx\/#\/schema\/person\/50102df0fb23a8fa9e8effad8fa81386","name":"enequipo","image":{"@type":"ImageObject","inLanguage":"es","@id":"https:\/\/www.sonoraenequipo.com.mx\/#\/schema\/person\/image\/","url":"https:\/\/secure.gravatar.com\/avatar\/049821681b589dabc0bc20695993ccebb09f5b5d4d790cd9251b97faac7c652b?s=96&d=blank&r=g","contentUrl":"https:\/\/secure.gravatar.com\/avatar\/049821681b589dabc0bc20695993ccebb09f5b5d4d790cd9251b97faac7c652b?s=96&d=blank&r=g","caption":"enequipo"},"sameAs":["https:\/\/www.facebook.com\/SonoraEE"]}]}},"jetpack_featured_media_url":"https:\/\/www.sonoraenequipo.com.mx\/storage\/2024\/04\/cuitlahuac-gonzalez-secretario-de-Salud-de-Sinalo-min.jpg","_links":{"self":[{"href":"https:\/\/www.sonoraenequipo.com.mx\/api\/wp\/v2\/posts\/187000","targetHints":{"allow":["GET"]}}],"collection":[{"href":"https:\/\/www.sonoraenequipo.com.mx\/api\/wp\/v2\/posts"}],"about":[{"href":"https:\/\/www.sonoraenequipo.com.mx\/api\/wp\/v2\/types\/post"}],"author":[{"embeddable":true,"href":"https:\/\/www.sonoraenequipo.com.mx\/api\/wp\/v2\/users\/1"}],"replies":[{"embeddable":true,"href":"https:\/\/www.sonoraenequipo.com.mx\/api\/wp\/v2\/comments?post=187000"}],"version-history":[{"count":1,"href":"https:\/\/www.sonoraenequipo.com.mx\/api\/wp\/v2\/posts\/187000\/revisions"}],"predecessor-version":[{"id":187001,"href":"https:\/\/www.sonoraenequipo.com.mx\/api\/wp\/v2\/posts\/187000\/revisions\/187001"}],"wp:featuredmedia":[{"embeddable":true,"href":"https:\/\/www.sonoraenequipo.com.mx\/api\/wp\/v2\/media\/186928"}],"wp:attachment":[{"href":"https:\/\/www.sonoraenequipo.com.mx\/api\/wp\/v2\/media?parent=187000"}],"wp:term":[{"taxonomy":"category","embeddable":true,"href":"https:\/\/www.sonoraenequipo.com.mx\/api\/wp\/v2\/categories?post=187000"},{"taxonomy":"post_tag","embeddable":true,"href":"https:\/\/www.sonoraenequipo.com.mx\/api\/wp\/v2\/tags?post=187000"}],"curies":[{"name":"wp","href":"https:\/\/api.w.org\/{rel}","templated":true}]}}