{"id":187007,"date":"2024-04-04T16:36:30","date_gmt":"2024-04-04T23:36:30","guid":{"rendered":"https:\/\/www.sonoraenequipo.com.mx\/?p=187007"},"modified":"2024-04-04T16:36:30","modified_gmt":"2024-04-04T23:36:30","slug":"oficial-de-transito-de-hermosillo-aplica-primeros-auxilios-a-conductor-de-moto-accidentado","status":"publish","type":"post","link":"https:\/\/www.sonoraenequipo.com.mx\/oficial-de-transito-de-hermosillo-aplica-primeros-auxilios-a-conductor-de-moto-accidentado\/","title":{"rendered":"Oficial de Tr\u00e1nsito de Hermosillo aplica primeros auxilios a conductor de moto accidentado"},"content":{"rendered":"<p>El Encanto. &#8211; Tras caerse de su motocicleta, un hombre de 34 a\u00f1os de edad recibi\u00f3 los primeros auxilios del param\u00e9dico Ismael Dom\u00ednguez Corrales.<\/p>\n<p>&nbsp;<\/p>\n<p>Los hechos ocurrieron a las 18:35 horas de ayer,\u00a0 en las calles Healy Noriega entre Enguerrando Tapia y Carlos Maldonado de la colonia El Encanto.<\/p>\n<p>&nbsp;<\/p>\n<p>&nbsp;<\/p>\n<p>El oficial de Tr\u00e1nsito Municipal le realiz\u00f3 exploraci\u00f3n f\u00edsica encontrando lesiones visibles como abrasiones en brazo izquierdo y rodilla izquierda por lo se le hizo curaciones con un antis\u00e9ptico.<\/p>\n<p><strong>Fecha de publicaci\u00f3n <\/strong><strong>jueves 4 de abril de 2024\u00a0 <\/strong><\/p>\n","protected":false},"excerpt":{"rendered":"<p>El Encanto. &#8211; Tras caerse de su motocicleta, un hombre de 34 a\u00f1os de edad&#8230;<\/p>\n","protected":false},"author":1,"featured_media":187008,"comment_status":"open","ping_status":"open","sticky":false,"template":"","format":"standard","meta":{"_monsterinsights_skip_tracking":false,"_monsterinsights_sitenote_active":false,"_monsterinsights_sitenote_note":"","_monsterinsights_sitenote_category":0,"footnotes":""},"categories":[1],"tags":[9117,35],"class_list":["post"],"yoast_head":" \n<title>Sonora en Equipo. Oficial de Tr\u00e1nsito de Hermosillo aplica primeros auxilios a conductor de moto accidentado<\/title>\n<meta name=\"description\" content=\"El Encanto. - Tras caerse de su motocicleta, un hombre de 34 a\u00f1os de edad recibi\u00f3 los primeros auxilios del param\u00e9dico Ismael Dom\u00ednguez Corrales. &nbsp; En Sonora en Equipo publicamos toda la informaci\u00f3n de Sonora, M\u00e9xico y el Mundo de manera oportuna y busca que la libertad de expresi\u00f3n sea real. Visita nuestro medio informativo publicado desde Hermosillo, Sonora. %\" \/>\n<meta name=\"robots\" content=\"index, follow, max-snippet:-1, max-image-preview:large, max-video-preview:-1\" \/>\n<link rel=\"canonical\" href=\"https:\/\/www.sonoraenequipo.com.mx\/oficial-de-transito-de-hermosillo-aplica-primeros-auxilios-a-conductor-de-moto-accidentado\/\" \/>\n<meta property=\"og:locale\" content=\"es_ES\" \/>\n<meta property=\"og:type\" content=\"article\" \/>\n<meta property=\"og:title\" content=\"Sonora en Equipo. Oficial de Tr\u00e1nsito de Hermosillo aplica primeros auxilios a conductor de moto accidentado\" \/>\n<meta property=\"og:description\" content=\"El Encanto. - Tras caerse de su motocicleta, un hombre de 34 a\u00f1os de edad recibi\u00f3 los primeros auxilios del param\u00e9dico Ismael Dom\u00ednguez Corrales. &nbsp; En Sonora en Equipo publicamos toda la informaci\u00f3n de Sonora, M\u00e9xico y el Mundo de manera oportuna y busca que la libertad de expresi\u00f3n sea real. Visita nuestro medio informativo publicado desde Hermosillo, Sonora. %\" \/>\n<meta property=\"og:url\" content=\"https:\/\/www.sonoraenequipo.com.mx\/oficial-de-transito-de-hermosillo-aplica-primeros-auxilios-a-conductor-de-moto-accidentado\/\" \/>\n<meta property=\"og:site_name\" content=\"Sonora en Equipo.\" \/>\n<meta property=\"article:publisher\" content=\"https:\/\/www.facebook.com\/SonoraEE\/\" \/>\n<meta property=\"article:author\" content=\"https:\/\/www.facebook.com\/SonoraEE\" \/>\n<meta property=\"article:published_time\" content=\"2024-04-04T23:36:30+00:00\" \/>\n<meta property=\"og:image\" content=\"https:\/\/www.sonoraenequipo.com.mx\/storage\/2024\/04\/accidente-moto.jpg\" \/>\n\t<meta property=\"og:image:width\" content=\"900\" \/>\n\t<meta property=\"og:image:height\" content=\"600\" \/>\n\t<meta property=\"og:image:type\" content=\"image\/jpeg\" \/>\n<meta name=\"author\" content=\"enequipo\" \/>\n<meta name=\"twitter:card\" content=\"summary_large_image\" \/>\n<meta name=\"twitter:creator\" content=\"@sonoraenequipo\" \/>\n<meta name=\"twitter:site\" content=\"@sonoraenequipo\" \/>\n<meta name=\"twitter:label1\" content=\"Escrito por\" \/>\n\t<meta name=\"twitter:data1\" content=\"enequipo\" \/>\n<script type=\"application\/ld+json\" class=\"yoast-schema-graph\">{\"@context\":\"https:\/\/schema.org\",\"@graph\":[{\"@type\":\"Article\",\"@id\":\"https:\/\/www.sonoraenequipo.com.mx\/oficial-de-transito-de-hermosillo-aplica-primeros-auxilios-a-conductor-de-moto-accidentado\/#article\",\"isPartOf\":{\"@id\":\"https:\/\/www.sonoraenequipo.com.mx\/oficial-de-transito-de-hermosillo-aplica-primeros-auxilios-a-conductor-de-moto-accidentado\/\"},\"author\":{\"name\":\"enequipo\",\"@id\":\"https:\/\/www.sonoraenequipo.com.mx\/#\/schema\/person\/50102df0fb23a8fa9e8effad8fa81386\"},\"headline\":\"Oficial de Tr\u00e1nsito de Hermosillo aplica primeros auxilios a conductor de moto accidentado\",\"datePublished\":\"2024-04-04T23:36:30+00:00\",\"mainEntityOfPage\":{\"@id\":\"https:\/\/www.sonoraenequipo.com.mx\/oficial-de-transito-de-hermosillo-aplica-primeros-auxilios-a-conductor-de-moto-accidentado\/\"},\"wordCount\":108,\"commentCount\":0,\"publisher\":{\"@id\":\"https:\/\/www.sonoraenequipo.com.mx\/#organization\"},\"image\":{\"@id\":\"https:\/\/www.sonoraenequipo.com.mx\/oficial-de-transito-de-hermosillo-aplica-primeros-auxilios-a-conductor-de-moto-accidentado\/#primaryimage\"},\"thumbnailUrl\":\"https:\/\/www.sonoraenequipo.com.mx\/storage\/2024\/04\/accidente-moto.jpg\",\"keywords\":[\"accidentes de tr\u00e0nito\",\"hermosillo\"],\"articleSection\":[\"Sin categorizar\"],\"inLanguage\":\"es\",\"potentialAction\":[{\"@type\":\"CommentAction\",\"name\":\"Comment\",\"target\":[\"https:\/\/www.sonoraenequipo.com.mx\/oficial-de-transito-de-hermosillo-aplica-primeros-auxilios-a-conductor-de-moto-accidentado\/#respond\"]}]},{\"@type\":\"WebPage\",\"@id\":\"https:\/\/www.sonoraenequipo.com.mx\/oficial-de-transito-de-hermosillo-aplica-primeros-auxilios-a-conductor-de-moto-accidentado\/\",\"url\":\"https:\/\/www.sonoraenequipo.com.mx\/oficial-de-transito-de-hermosillo-aplica-primeros-auxilios-a-conductor-de-moto-accidentado\/\",\"name\":\"Sonora en Equipo. Oficial de Tr\u00e1nsito de Hermosillo aplica primeros auxilios a conductor de moto accidentado\",\"isPartOf\":{\"@id\":\"https:\/\/www.sonoraenequipo.com.mx\/#website\"},\"primaryImageOfPage\":{\"@id\":\"https:\/\/www.sonoraenequipo.com.mx\/oficial-de-transito-de-hermosillo-aplica-primeros-auxilios-a-conductor-de-moto-accidentado\/#primaryimage\"},\"image\":{\"@id\":\"https:\/\/www.sonoraenequipo.com.mx\/oficial-de-transito-de-hermosillo-aplica-primeros-auxilios-a-conductor-de-moto-accidentado\/#primaryimage\"},\"thumbnailUrl\":\"https:\/\/www.sonoraenequipo.com.mx\/storage\/2024\/04\/accidente-moto.jpg\",\"datePublished\":\"2024-04-04T23:36:30+00:00\",\"description\":\"El Encanto. - Tras caerse de su motocicleta, un hombre de 34 a\u00f1os de edad recibi\u00f3 los primeros auxilios del param\u00e9dico Ismael Dom\u00ednguez Corrales. &nbsp; En Sonora en Equipo publicamos toda la informaci\u00f3n de Sonora, M\u00e9xico y el Mundo de manera oportuna y busca que la libertad de expresi\u00f3n sea real. Visita nuestro medio informativo publicado desde Hermosillo, Sonora. %\",\"breadcrumb\":{\"@id\":\"https:\/\/www.sonoraenequipo.com.mx\/oficial-de-transito-de-hermosillo-aplica-primeros-auxilios-a-conductor-de-moto-accidentado\/#breadcrumb\"},\"inLanguage\":\"es\",\"potentialAction\":[{\"@type\":\"ReadAction\",\"target\":[\"https:\/\/www.sonoraenequipo.com.mx\/oficial-de-transito-de-hermosillo-aplica-primeros-auxilios-a-conductor-de-moto-accidentado\/\"]}]},{\"@type\":\"ImageObject\",\"inLanguage\":\"es\",\"@id\":\"https:\/\/www.sonoraenequipo.com.mx\/oficial-de-transito-de-hermosillo-aplica-primeros-auxilios-a-conductor-de-moto-accidentado\/#primaryimage\",\"url\":\"https:\/\/www.sonoraenequipo.com.mx\/storage\/2024\/04\/accidente-moto.jpg\",\"contentUrl\":\"https:\/\/www.sonoraenequipo.com.mx\/storage\/2024\/04\/accidente-moto.jpg\",\"width\":900,\"height\":600},{\"@type\":\"BreadcrumbList\",\"@id\":\"https:\/\/www.sonoraenequipo.com.mx\/oficial-de-transito-de-hermosillo-aplica-primeros-auxilios-a-conductor-de-moto-accidentado\/#breadcrumb\",\"itemListElement\":[{\"@type\":\"ListItem\",\"position\":1,\"name\":\"Portada\",\"item\":\"https:\/\/www.sonoraenequipo.com.mx\/\"},{\"@type\":\"ListItem\",\"position\":2,\"name\":\"Oficial de Tr\u00e1nsito de Hermosillo aplica primeros auxilios a conductor de moto accidentado\"}]},{\"@type\":\"WebSite\",\"@id\":\"https:\/\/www.sonoraenequipo.com.mx\/#website\",\"url\":\"https:\/\/www.sonoraenequipo.com.mx\/\",\"name\":\"Sonora en Equipo.\",\"description\":\"Diario en l\u00ednea con Noticias desde Hermosillo, Sonora\",\"publisher\":{\"@id\":\"https:\/\/www.sonoraenequipo.com.mx\/#organization\"},\"potentialAction\":[{\"@type\":\"SearchAction\",\"target\":{\"@type\":\"EntryPoint\",\"urlTemplate\":\"https:\/\/www.sonoraenequipo.com.mx\/?s={search_term_string}\"},\"query-input\":{\"@type\":\"PropertyValueSpecification\",\"valueRequired\":true,\"valueName\":\"search_term_string\"}}],\"inLanguage\":\"es\"},{\"@type\":\"Organization\",\"@id\":\"https:\/\/www.sonoraenequipo.com.mx\/#organization\",\"name\":\"Sonoraenequipo.com.mx\",\"url\":\"https:\/\/www.sonoraenequipo.com.mx\/\",\"logo\":{\"@type\":\"ImageObject\",\"inLanguage\":\"es\",\"@id\":\"https:\/\/www.sonoraenequipo.com.mx\/#\/schema\/logo\/image\/\",\"url\":\"https:\/\/www.sonoraenequipo.com.mx\/storage\/2019\/01\/sonoraenequipo_opt.png\",\"contentUrl\":\"https:\/\/www.sonoraenequipo.com.mx\/storage\/2019\/01\/sonoraenequipo_opt.png\",\"width\":375,\"height\":125,\"caption\":\"Sonoraenequipo.com.mx\"},\"image\":{\"@id\":\"https:\/\/www.sonoraenequipo.com.mx\/#\/schema\/logo\/image\/\"},\"sameAs\":[\"https:\/\/www.facebook.com\/SonoraEE\/\",\"https:\/\/x.com\/sonoraenequipo\",\"https:\/\/www.youtube.com\/channel\/UC338nW-lPEYmJQs4ZABQ1SQ\"]},{\"@type\":\"Person\",\"@id\":\"https:\/\/www.sonoraenequipo.com.mx\/#\/schema\/person\/50102df0fb23a8fa9e8effad8fa81386\",\"name\":\"enequipo\",\"image\":{\"@type\":\"ImageObject\",\"inLanguage\":\"es\",\"@id\":\"https:\/\/www.sonoraenequipo.com.mx\/#\/schema\/person\/image\/\",\"url\":\"https:\/\/secure.gravatar.com\/avatar\/049821681b589dabc0bc20695993ccebb09f5b5d4d790cd9251b97faac7c652b?s=96&d=blank&r=g\",\"contentUrl\":\"https:\/\/secure.gravatar.com\/avatar\/049821681b589dabc0bc20695993ccebb09f5b5d4d790cd9251b97faac7c652b?s=96&d=blank&r=g\",\"caption\":\"enequipo\"},\"sameAs\":[\"https:\/\/www.facebook.com\/SonoraEE\"]}]}<\/script>\n ","yoast_head_json":{"title":"Sonora en Equipo. Oficial de Tr\u00e1nsito de Hermosillo aplica primeros auxilios a conductor de moto accidentado","description":"El Encanto. - Tras caerse de su motocicleta, un hombre de 34 a\u00f1os de edad recibi\u00f3 los primeros auxilios del param\u00e9dico Ismael Dom\u00ednguez Corrales. &nbsp; En Sonora en Equipo publicamos toda la informaci\u00f3n de Sonora, M\u00e9xico y el Mundo de manera oportuna y busca que la libertad de expresi\u00f3n sea real. Visita nuestro medio informativo publicado desde Hermosillo, Sonora. %","robots":{"index":"index","follow":"follow","max-snippet":"max-snippet:-1","max-image-preview":"max-image-preview:large","max-video-preview":"max-video-preview:-1"},"canonical":"https:\/\/www.sonoraenequipo.com.mx\/oficial-de-transito-de-hermosillo-aplica-primeros-auxilios-a-conductor-de-moto-accidentado\/","og_locale":"es_ES","og_type":"article","og_title":"Sonora en Equipo. Oficial de Tr\u00e1nsito de Hermosillo aplica primeros auxilios a conductor de moto accidentado","og_description":"El Encanto. - Tras caerse de su motocicleta, un hombre de 34 a\u00f1os de edad recibi\u00f3 los primeros auxilios del param\u00e9dico Ismael Dom\u00ednguez Corrales. &nbsp; En Sonora en Equipo publicamos toda la informaci\u00f3n de Sonora, M\u00e9xico y el Mundo de manera oportuna y busca que la libertad de expresi\u00f3n sea real. Visita nuestro medio informativo publicado desde Hermosillo, Sonora. %","og_url":"https:\/\/www.sonoraenequipo.com.mx\/oficial-de-transito-de-hermosillo-aplica-primeros-auxilios-a-conductor-de-moto-accidentado\/","og_site_name":"Sonora en Equipo.","article_publisher":"https:\/\/www.facebook.com\/SonoraEE\/","article_author":"https:\/\/www.facebook.com\/SonoraEE","article_published_time":"2024-04-04T23:36:30+00:00","og_image":[{"width":900,"height":600,"url":"https:\/\/www.sonoraenequipo.com.mx\/storage\/2024\/04\/accidente-moto.jpg","type":"image\/jpeg"}],"author":"enequipo","twitter_card":"summary_large_image","twitter_creator":"@sonoraenequipo","twitter_site":"@sonoraenequipo","twitter_misc":{"Escrito por":"enequipo"},"schema":{"@context":"https:\/\/schema.org","@graph":[{"@type":"Article","@id":"https:\/\/www.sonoraenequipo.com.mx\/oficial-de-transito-de-hermosillo-aplica-primeros-auxilios-a-conductor-de-moto-accidentado\/#article","isPartOf":{"@id":"https:\/\/www.sonoraenequipo.com.mx\/oficial-de-transito-de-hermosillo-aplica-primeros-auxilios-a-conductor-de-moto-accidentado\/"},"author":{"name":"enequipo","@id":"https:\/\/www.sonoraenequipo.com.mx\/#\/schema\/person\/50102df0fb23a8fa9e8effad8fa81386"},"headline":"Oficial de Tr\u00e1nsito de Hermosillo aplica primeros auxilios a conductor de moto accidentado","datePublished":"2024-04-04T23:36:30+00:00","mainEntityOfPage":{"@id":"https:\/\/www.sonoraenequipo.com.mx\/oficial-de-transito-de-hermosillo-aplica-primeros-auxilios-a-conductor-de-moto-accidentado\/"},"wordCount":108,"commentCount":0,"publisher":{"@id":"https:\/\/www.sonoraenequipo.com.mx\/#organization"},"image":{"@id":"https:\/\/www.sonoraenequipo.com.mx\/oficial-de-transito-de-hermosillo-aplica-primeros-auxilios-a-conductor-de-moto-accidentado\/#primaryimage"},"thumbnailUrl":"https:\/\/www.sonoraenequipo.com.mx\/storage\/2024\/04\/accidente-moto.jpg","keywords":["accidentes de tr\u00e0nito","hermosillo"],"articleSection":["Sin categorizar"],"inLanguage":"es","potentialAction":[{"@type":"CommentAction","name":"Comment","target":["https:\/\/www.sonoraenequipo.com.mx\/oficial-de-transito-de-hermosillo-aplica-primeros-auxilios-a-conductor-de-moto-accidentado\/#respond"]}]},{"@type":"WebPage","@id":"https:\/\/www.sonoraenequipo.com.mx\/oficial-de-transito-de-hermosillo-aplica-primeros-auxilios-a-conductor-de-moto-accidentado\/","url":"https:\/\/www.sonoraenequipo.com.mx\/oficial-de-transito-de-hermosillo-aplica-primeros-auxilios-a-conductor-de-moto-accidentado\/","name":"Sonora en Equipo. Oficial de Tr\u00e1nsito de Hermosillo aplica primeros auxilios a conductor de moto accidentado","isPartOf":{"@id":"https:\/\/www.sonoraenequipo.com.mx\/#website"},"primaryImageOfPage":{"@id":"https:\/\/www.sonoraenequipo.com.mx\/oficial-de-transito-de-hermosillo-aplica-primeros-auxilios-a-conductor-de-moto-accidentado\/#primaryimage"},"image":{"@id":"https:\/\/www.sonoraenequipo.com.mx\/oficial-de-transito-de-hermosillo-aplica-primeros-auxilios-a-conductor-de-moto-accidentado\/#primaryimage"},"thumbnailUrl":"https:\/\/www.sonoraenequipo.com.mx\/storage\/2024\/04\/accidente-moto.jpg","datePublished":"2024-04-04T23:36:30+00:00","description":"El Encanto. - Tras caerse de su motocicleta, un hombre de 34 a\u00f1os de edad recibi\u00f3 los primeros auxilios del param\u00e9dico Ismael Dom\u00ednguez Corrales. &nbsp; En Sonora en Equipo publicamos toda la informaci\u00f3n de Sonora, M\u00e9xico y el Mundo de manera oportuna y busca que la libertad de expresi\u00f3n sea real. Visita nuestro medio informativo publicado desde Hermosillo, Sonora. %","breadcrumb":{"@id":"https:\/\/www.sonoraenequipo.com.mx\/oficial-de-transito-de-hermosillo-aplica-primeros-auxilios-a-conductor-de-moto-accidentado\/#breadcrumb"},"inLanguage":"es","potentialAction":[{"@type":"ReadAction","target":["https:\/\/www.sonoraenequipo.com.mx\/oficial-de-transito-de-hermosillo-aplica-primeros-auxilios-a-conductor-de-moto-accidentado\/"]}]},{"@type":"ImageObject","inLanguage":"es","@id":"https:\/\/www.sonoraenequipo.com.mx\/oficial-de-transito-de-hermosillo-aplica-primeros-auxilios-a-conductor-de-moto-accidentado\/#primaryimage","url":"https:\/\/www.sonoraenequipo.com.mx\/storage\/2024\/04\/accidente-moto.jpg","contentUrl":"https:\/\/www.sonoraenequipo.com.mx\/storage\/2024\/04\/accidente-moto.jpg","width":900,"height":600},{"@type":"BreadcrumbList","@id":"https:\/\/www.sonoraenequipo.com.mx\/oficial-de-transito-de-hermosillo-aplica-primeros-auxilios-a-conductor-de-moto-accidentado\/#breadcrumb","itemListElement":[{"@type":"ListItem","position":1,"name":"Portada","item":"https:\/\/www.sonoraenequipo.com.mx\/"},{"@type":"ListItem","position":2,"name":"Oficial de Tr\u00e1nsito de Hermosillo aplica primeros auxilios a conductor de moto accidentado"}]},{"@type":"WebSite","@id":"https:\/\/www.sonoraenequipo.com.mx\/#website","url":"https:\/\/www.sonoraenequipo.com.mx\/","name":"Sonora en Equipo.","description":"Diario en l\u00ednea con Noticias desde Hermosillo, Sonora","publisher":{"@id":"https:\/\/www.sonoraenequipo.com.mx\/#organization"},"potentialAction":[{"@type":"SearchAction","target":{"@type":"EntryPoint","urlTemplate":"https:\/\/www.sonoraenequipo.com.mx\/?s={search_term_string}"},"query-input":{"@type":"PropertyValueSpecification","valueRequired":true,"valueName":"search_term_string"}}],"inLanguage":"es"},{"@type":"Organization","@id":"https:\/\/www.sonoraenequipo.com.mx\/#organization","name":"Sonoraenequipo.com.mx","url":"https:\/\/www.sonoraenequipo.com.mx\/","logo":{"@type":"ImageObject","inLanguage":"es","@id":"https:\/\/www.sonoraenequipo.com.mx\/#\/schema\/logo\/image\/","url":"https:\/\/www.sonoraenequipo.com.mx\/storage\/2019\/01\/sonoraenequipo_opt.png","contentUrl":"https:\/\/www.sonoraenequipo.com.mx\/storage\/2019\/01\/sonoraenequipo_opt.png","width":375,"height":125,"caption":"Sonoraenequipo.com.mx"},"image":{"@id":"https:\/\/www.sonoraenequipo.com.mx\/#\/schema\/logo\/image\/"},"sameAs":["https:\/\/www.facebook.com\/SonoraEE\/","https:\/\/x.com\/sonoraenequipo","https:\/\/www.youtube.com\/channel\/UC338nW-lPEYmJQs4ZABQ1SQ"]},{"@type":"Person","@id":"https:\/\/www.sonoraenequipo.com.mx\/#\/schema\/person\/50102df0fb23a8fa9e8effad8fa81386","name":"enequipo","image":{"@type":"ImageObject","inLanguage":"es","@id":"https:\/\/www.sonoraenequipo.com.mx\/#\/schema\/person\/image\/","url":"https:\/\/secure.gravatar.com\/avatar\/049821681b589dabc0bc20695993ccebb09f5b5d4d790cd9251b97faac7c652b?s=96&d=blank&r=g","contentUrl":"https:\/\/secure.gravatar.com\/avatar\/049821681b589dabc0bc20695993ccebb09f5b5d4d790cd9251b97faac7c652b?s=96&d=blank&r=g","caption":"enequipo"},"sameAs":["https:\/\/www.facebook.com\/SonoraEE"]}]}},"jetpack_featured_media_url":"https:\/\/www.sonoraenequipo.com.mx\/storage\/2024\/04\/accidente-moto.jpg","_links":{"self":[{"href":"https:\/\/www.sonoraenequipo.com.mx\/api\/wp\/v2\/posts\/187007","targetHints":{"allow":["GET"]}}],"collection":[{"href":"https:\/\/www.sonoraenequipo.com.mx\/api\/wp\/v2\/posts"}],"about":[{"href":"https:\/\/www.sonoraenequipo.com.mx\/api\/wp\/v2\/types\/post"}],"author":[{"embeddable":true,"href":"https:\/\/www.sonoraenequipo.com.mx\/api\/wp\/v2\/users\/1"}],"replies":[{"embeddable":true,"href":"https:\/\/www.sonoraenequipo.com.mx\/api\/wp\/v2\/comments?post=187007"}],"version-history":[{"count":1,"href":"https:\/\/www.sonoraenequipo.com.mx\/api\/wp\/v2\/posts\/187007\/revisions"}],"predecessor-version":[{"id":187009,"href":"https:\/\/www.sonoraenequipo.com.mx\/api\/wp\/v2\/posts\/187007\/revisions\/187009"}],"wp:featuredmedia":[{"embeddable":true,"href":"https:\/\/www.sonoraenequipo.com.mx\/api\/wp\/v2\/media\/187008"}],"wp:attachment":[{"href":"https:\/\/www.sonoraenequipo.com.mx\/api\/wp\/v2\/media?parent=187007"}],"wp:term":[{"taxonomy":"category","embeddable":true,"href":"https:\/\/www.sonoraenequipo.com.mx\/api\/wp\/v2\/categories?post=187007"},{"taxonomy":"post_tag","embeddable":true,"href":"https:\/\/www.sonoraenequipo.com.mx\/api\/wp\/v2\/tags?post=187007"}],"curies":[{"name":"wp","href":"https:\/\/api.w.org\/{rel}","templated":true}]}}