{"id":187010,"date":"2024-04-04T16:58:49","date_gmt":"2024-04-04T23:58:49","guid":{"rendered":"https:\/\/www.sonoraenequipo.com.mx\/?p=187010"},"modified":"2024-04-04T16:58:49","modified_gmt":"2024-04-04T23:58:49","slug":"maduro-afirma-que-eeuu-instalo-bases-militares-secretas-en-el-esequibo-guyana","status":"publish","type":"post","link":"https:\/\/www.sonoraenequipo.com.mx\/maduro-afirma-que-eeuu-instalo-bases-militares-secretas-en-el-esequibo-guyana\/","title":{"rendered":"Maduro afirma que EEUU instal\u00f3 bases militares secretas en el Esequibo; Guyana"},"content":{"rendered":"<p>CARACAS \u2014 El presidente de Venezuela, Nicol\u00e1s Maduro, acus\u00f3 el mi\u00e9rcoles a Estados Unidos de instalar bases militares secretas en el Esequibo, territorio que Venezuela y Guyana consideran suyo, para preparar una \u201cescalada\u201d contra su pa\u00eds.<\/p>\n<p>&nbsp;<\/p>\n<p>\u201cTenemos informaci\u00f3n comprobada que en territorio de la Guayana Esequiba, administrado temporalmente por Guyana han instalado bases militares secretas del Comando Sur, n\u00facleos militares y n\u00facleos de la CIA\u201d, dijo el mi\u00e9rcoles en el acto de promulgaci\u00f3n de la Ley Org\u00e1nica por la Defensa de la Guayana Esequiba que fue condenada por Guyana.<\/p>\n<p>&nbsp;<\/p>\n<p>Seg\u00fan Maduro se pretende preparar una \u201cescalada\u201d y agresiones contra las poblaciones del oriente y sur de Venezuela.<\/p>\n<p>&nbsp;<\/p>\n<p>La ley, que conduce a convertir al Esequibo en un estado venezolano, fue aprobada el mes pasado por el Parlamento de mayor\u00eda oficialista en respuesta a los lineamientos que Maduro anunci\u00f3 el a\u00f1o pasado para ejecutar los resultados de un referendo consultivo sobre ese territorio.<\/p>\n<p>&nbsp;<\/p>\n<p>El Ministerio de Relaciones Exteriores de Guyana asegur\u00f3 el mi\u00e9rcoles que el \u201cintento\u201d de Venezuela de \u00abanexar\u00bb el territorio es una \u201cviolaci\u00f3n flagrante\u201d de los principios fundamentales del derecho internacional y contradice los acuerdos firmados en diciembre en San Vicente y las Granadinas, donde Maduro y su par guyan\u00e9s, Irfaan Ali, convinieron abstenerse de intensificar el conflicto.<\/p>\n<p>&nbsp;<\/p>\n<p>La vicepresidenta de Venezuela, Delcy Rodr\u00edguez, durante la presentaci\u00f3n de la Ley contra el Fascismo, Neofascismo y Expresiones Similares, el 2 de abril de 2024.<\/p>\n<p>&nbsp;<\/p>\n<p>No queda claro c\u00f3mo Venezuela implementar\u00e1 las acciones, pues Guyana ejerce control \u201cde facto\u201d sobre el territorio en disputa. El ministro de la Defensa venezolano, Vladimir Padrino, ha dicho que la Fuerza Armada de su pa\u00eds mantiene una presencia \u201cno hostil\u201d en el territorio Esequibo, en referencia a actividades vinculadas a la atenci\u00f3n de la poblaci\u00f3n.<\/p>\n<p>&nbsp;<\/p>\n<p>Maduro nuevamente acus\u00f3 al presidente guyan\u00e9s de convertirse en un \u201ct\u00edtere\u201d de la petrolera estadounidense ExxonMobil. \u201cGuyana es gobernada por el Comando Sur, la CIA y ExxonMobil\u201d, afirm\u00f3.<\/p>\n<p>&nbsp;<\/p>\n<p>El Comando Sur, parte del Departamento de Defensa, mantiene una Oficina de Cooperaci\u00f3n de Seguridad de Estados Unidos en Guyana. La oficina act\u00faa como consultor militar de las Fuerzas de Defensa de Guyana, coordina \u00abactividades de cooperaci\u00f3n en materia de seguridad\u00bb y brinda apoyo y entrenamiento militar.<\/p>\n<p>&nbsp;<\/p>\n<p>La hist\u00f3rica controversia entre Caracas y Georgetown por el Esequibo, territorio de unos 160.000 kil\u00f3metros cuadrados rico en recursos naturales, se agudiz\u00f3 en meses recientes, luego de que el gobierno guyan\u00e9s otorg\u00f3 concesiones petroleras en \u00e1reas pendientes de delimitaci\u00f3n.<\/p>\n<p>&nbsp;<\/p>\n<p>El a\u00f1o pasado Venezuela llev\u00f3 a cabo un referendo consultivo en el que, de acuerdo al Poder Electoral, con el 95 % de los votos los venezolanos rechazaron la jurisdicci\u00f3n de la Corte Internacional de Justicia (CIJ) en el diferendo y respaldaron la incorporaci\u00f3n de del territorio Esequibo como un nuevo estado venezolano.<\/p>\n<p>&nbsp;<\/p>\n<p>Mientras Venezuela sostiene que el Acuerdo de Ginebra de 1966 es el \u00fanico mecanismo v\u00e1lido para dirimir el conflicto sobre la soberan\u00eda, Guyana insiste en la validez del Laudo Arbitral de Par\u00eds de 1899 que cedi\u00f3 el territorio a Gran Breta\u00f1a, que en ese entonces manten\u00eda a Guyana como colonia y que el Estado venezolano considera nulo e \u00edrrito.<\/p>\n<p>&nbsp;<\/p>\n","protected":false},"excerpt":{"rendered":"<p>CARACAS \u2014 El presidente de Venezuela, Nicol\u00e1s Maduro, acus\u00f3 el mi\u00e9rcoles a Estados Unidos de&#8230;<\/p>\n","protected":false},"author":1,"featured_media":187011,"comment_status":"open","ping_status":"open","sticky":false,"template":"","format":"standard","meta":{"_monsterinsights_skip_tracking":false,"_monsterinsights_sitenote_active":false,"_monsterinsights_sitenote_note":"","_monsterinsights_sitenote_category":0,"footnotes":""},"categories":[3],"tags":[1916,2777],"class_list":["post"],"yoast_head":" \n<title>Sonora en Equipo. Maduro afirma que EEUU instal\u00f3 bases militares secretas en el Esequibo; Guyana MUNDO<\/title>\n<meta name=\"description\" content=\"CARACAS \u2014 El presidente de Venezuela, Nicol\u00e1s Maduro, acus\u00f3 el mi\u00e9rcoles a Estados Unidos de instalar bases militares secretas en el Esequibo, territorio En Sonora en Equipo publicamos toda la informaci\u00f3n de Sonora, M\u00e9xico y el Mundo de manera oportuna y busca que la libertad de expresi\u00f3n sea real. Visita nuestro medio informativo publicado desde Hermosillo, Sonora. %\" \/>\n<meta name=\"robots\" content=\"index, follow, max-snippet:-1, max-image-preview:large, max-video-preview:-1\" \/>\n<link rel=\"canonical\" href=\"https:\/\/www.sonoraenequipo.com.mx\/maduro-afirma-que-eeuu-instalo-bases-militares-secretas-en-el-esequibo-guyana\/\" \/>\n<meta property=\"og:locale\" content=\"es_ES\" \/>\n<meta property=\"og:type\" content=\"article\" \/>\n<meta property=\"og:title\" content=\"Sonora en Equipo. Maduro afirma que EEUU instal\u00f3 bases militares secretas en el Esequibo; Guyana MUNDO\" \/>\n<meta property=\"og:description\" content=\"CARACAS \u2014 El presidente de Venezuela, Nicol\u00e1s Maduro, acus\u00f3 el mi\u00e9rcoles a Estados Unidos de instalar bases militares secretas en el Esequibo, territorio En Sonora en Equipo publicamos toda la informaci\u00f3n de Sonora, M\u00e9xico y el Mundo de manera oportuna y busca que la libertad de expresi\u00f3n sea real. Visita nuestro medio informativo publicado desde Hermosillo, Sonora. %\" \/>\n<meta property=\"og:url\" content=\"https:\/\/www.sonoraenequipo.com.mx\/maduro-afirma-que-eeuu-instalo-bases-militares-secretas-en-el-esequibo-guyana\/\" \/>\n<meta property=\"og:site_name\" content=\"Sonora en Equipo.\" \/>\n<meta property=\"article:publisher\" content=\"https:\/\/www.facebook.com\/SonoraEE\/\" \/>\n<meta property=\"article:author\" content=\"https:\/\/www.facebook.com\/SonoraEE\" \/>\n<meta property=\"article:published_time\" content=\"2024-04-04T23:58:49+00:00\" \/>\n<meta property=\"og:image\" content=\"https:\/\/www.sonoraenequipo.com.mx\/storage\/2024\/04\/Maduro.jpg\" \/>\n\t<meta property=\"og:image:width\" content=\"900\" \/>\n\t<meta property=\"og:image:height\" content=\"506\" \/>\n\t<meta property=\"og:image:type\" content=\"image\/jpeg\" \/>\n<meta name=\"author\" content=\"enequipo\" \/>\n<meta name=\"twitter:card\" content=\"summary_large_image\" \/>\n<meta name=\"twitter:creator\" content=\"@sonoraenequipo\" \/>\n<meta name=\"twitter:site\" content=\"@sonoraenequipo\" \/>\n<meta name=\"twitter:label1\" content=\"Escrito por\" \/>\n\t<meta name=\"twitter:data1\" content=\"enequipo\" \/>\n\t<meta name=\"twitter:label2\" content=\"Tiempo de lectura\" \/>\n\t<meta name=\"twitter:data2\" content=\"3 minutos\" \/>\n<script type=\"application\/ld+json\" class=\"yoast-schema-graph\">{\"@context\":\"https:\/\/schema.org\",\"@graph\":[{\"@type\":\"Article\",\"@id\":\"https:\/\/www.sonoraenequipo.com.mx\/maduro-afirma-que-eeuu-instalo-bases-militares-secretas-en-el-esequibo-guyana\/#article\",\"isPartOf\":{\"@id\":\"https:\/\/www.sonoraenequipo.com.mx\/maduro-afirma-que-eeuu-instalo-bases-militares-secretas-en-el-esequibo-guyana\/\"},\"author\":{\"name\":\"enequipo\",\"@id\":\"https:\/\/www.sonoraenequipo.com.mx\/#\/schema\/person\/50102df0fb23a8fa9e8effad8fa81386\"},\"headline\":\"Maduro afirma que EEUU instal\u00f3 bases militares secretas en el Esequibo; Guyana\",\"datePublished\":\"2024-04-04T23:58:49+00:00\",\"mainEntityOfPage\":{\"@id\":\"https:\/\/www.sonoraenequipo.com.mx\/maduro-afirma-que-eeuu-instalo-bases-militares-secretas-en-el-esequibo-guyana\/\"},\"wordCount\":570,\"commentCount\":0,\"publisher\":{\"@id\":\"https:\/\/www.sonoraenequipo.com.mx\/#organization\"},\"image\":{\"@id\":\"https:\/\/www.sonoraenequipo.com.mx\/maduro-afirma-que-eeuu-instalo-bases-militares-secretas-en-el-esequibo-guyana\/#primaryimage\"},\"thumbnailUrl\":\"https:\/\/www.sonoraenequipo.com.mx\/storage\/2024\/04\/Maduro.jpg\",\"keywords\":[\"EE UU\",\"Venezuela\"],\"articleSection\":[\"MUNDO\"],\"inLanguage\":\"es\",\"potentialAction\":[{\"@type\":\"CommentAction\",\"name\":\"Comment\",\"target\":[\"https:\/\/www.sonoraenequipo.com.mx\/maduro-afirma-que-eeuu-instalo-bases-militares-secretas-en-el-esequibo-guyana\/#respond\"]}]},{\"@type\":\"WebPage\",\"@id\":\"https:\/\/www.sonoraenequipo.com.mx\/maduro-afirma-que-eeuu-instalo-bases-militares-secretas-en-el-esequibo-guyana\/\",\"url\":\"https:\/\/www.sonoraenequipo.com.mx\/maduro-afirma-que-eeuu-instalo-bases-militares-secretas-en-el-esequibo-guyana\/\",\"name\":\"Sonora en Equipo. Maduro afirma que EEUU instal\u00f3 bases militares secretas en el Esequibo; Guyana MUNDO\",\"isPartOf\":{\"@id\":\"https:\/\/www.sonoraenequipo.com.mx\/#website\"},\"primaryImageOfPage\":{\"@id\":\"https:\/\/www.sonoraenequipo.com.mx\/maduro-afirma-que-eeuu-instalo-bases-militares-secretas-en-el-esequibo-guyana\/#primaryimage\"},\"image\":{\"@id\":\"https:\/\/www.sonoraenequipo.com.mx\/maduro-afirma-que-eeuu-instalo-bases-militares-secretas-en-el-esequibo-guyana\/#primaryimage\"},\"thumbnailUrl\":\"https:\/\/www.sonoraenequipo.com.mx\/storage\/2024\/04\/Maduro.jpg\",\"datePublished\":\"2024-04-04T23:58:49+00:00\",\"description\":\"CARACAS \u2014 El presidente de Venezuela, Nicol\u00e1s Maduro, acus\u00f3 el mi\u00e9rcoles a Estados Unidos de instalar bases militares secretas en el Esequibo, territorio En Sonora en Equipo publicamos toda la informaci\u00f3n de Sonora, M\u00e9xico y el Mundo de manera oportuna y busca que la libertad de expresi\u00f3n sea real. Visita nuestro medio informativo publicado desde Hermosillo, Sonora. %\",\"breadcrumb\":{\"@id\":\"https:\/\/www.sonoraenequipo.com.mx\/maduro-afirma-que-eeuu-instalo-bases-militares-secretas-en-el-esequibo-guyana\/#breadcrumb\"},\"inLanguage\":\"es\",\"potentialAction\":[{\"@type\":\"ReadAction\",\"target\":[\"https:\/\/www.sonoraenequipo.com.mx\/maduro-afirma-que-eeuu-instalo-bases-militares-secretas-en-el-esequibo-guyana\/\"]}]},{\"@type\":\"ImageObject\",\"inLanguage\":\"es\",\"@id\":\"https:\/\/www.sonoraenequipo.com.mx\/maduro-afirma-que-eeuu-instalo-bases-militares-secretas-en-el-esequibo-guyana\/#primaryimage\",\"url\":\"https:\/\/www.sonoraenequipo.com.mx\/storage\/2024\/04\/Maduro.jpg\",\"contentUrl\":\"https:\/\/www.sonoraenequipo.com.mx\/storage\/2024\/04\/Maduro.jpg\",\"width\":900,\"height\":506,\"caption\":\"Imagen:AFP\"},{\"@type\":\"BreadcrumbList\",\"@id\":\"https:\/\/www.sonoraenequipo.com.mx\/maduro-afirma-que-eeuu-instalo-bases-militares-secretas-en-el-esequibo-guyana\/#breadcrumb\",\"itemListElement\":[{\"@type\":\"ListItem\",\"position\":1,\"name\":\"Portada\",\"item\":\"https:\/\/www.sonoraenequipo.com.mx\/\"},{\"@type\":\"ListItem\",\"position\":2,\"name\":\"Maduro afirma que EEUU instal\u00f3 bases militares secretas en el Esequibo; Guyana\"}]},{\"@type\":\"WebSite\",\"@id\":\"https:\/\/www.sonoraenequipo.com.mx\/#website\",\"url\":\"https:\/\/www.sonoraenequipo.com.mx\/\",\"name\":\"Sonora en Equipo.\",\"description\":\"Diario en l\u00ednea con Noticias desde Hermosillo, Sonora\",\"publisher\":{\"@id\":\"https:\/\/www.sonoraenequipo.com.mx\/#organization\"},\"potentialAction\":[{\"@type\":\"SearchAction\",\"target\":{\"@type\":\"EntryPoint\",\"urlTemplate\":\"https:\/\/www.sonoraenequipo.com.mx\/?s={search_term_string}\"},\"query-input\":{\"@type\":\"PropertyValueSpecification\",\"valueRequired\":true,\"valueName\":\"search_term_string\"}}],\"inLanguage\":\"es\"},{\"@type\":\"Organization\",\"@id\":\"https:\/\/www.sonoraenequipo.com.mx\/#organization\",\"name\":\"Sonoraenequipo.com.mx\",\"url\":\"https:\/\/www.sonoraenequipo.com.mx\/\",\"logo\":{\"@type\":\"ImageObject\",\"inLanguage\":\"es\",\"@id\":\"https:\/\/www.sonoraenequipo.com.mx\/#\/schema\/logo\/image\/\",\"url\":\"https:\/\/www.sonoraenequipo.com.mx\/storage\/2019\/01\/sonoraenequipo_opt.png\",\"contentUrl\":\"https:\/\/www.sonoraenequipo.com.mx\/storage\/2019\/01\/sonoraenequipo_opt.png\",\"width\":375,\"height\":125,\"caption\":\"Sonoraenequipo.com.mx\"},\"image\":{\"@id\":\"https:\/\/www.sonoraenequipo.com.mx\/#\/schema\/logo\/image\/\"},\"sameAs\":[\"https:\/\/www.facebook.com\/SonoraEE\/\",\"https:\/\/x.com\/sonoraenequipo\",\"https:\/\/www.youtube.com\/channel\/UC338nW-lPEYmJQs4ZABQ1SQ\"]},{\"@type\":\"Person\",\"@id\":\"https:\/\/www.sonoraenequipo.com.mx\/#\/schema\/person\/50102df0fb23a8fa9e8effad8fa81386\",\"name\":\"enequipo\",\"image\":{\"@type\":\"ImageObject\",\"inLanguage\":\"es\",\"@id\":\"https:\/\/www.sonoraenequipo.com.mx\/#\/schema\/person\/image\/\",\"url\":\"https:\/\/secure.gravatar.com\/avatar\/049821681b589dabc0bc20695993ccebb09f5b5d4d790cd9251b97faac7c652b?s=96&d=blank&r=g\",\"contentUrl\":\"https:\/\/secure.gravatar.com\/avatar\/049821681b589dabc0bc20695993ccebb09f5b5d4d790cd9251b97faac7c652b?s=96&d=blank&r=g\",\"caption\":\"enequipo\"},\"sameAs\":[\"https:\/\/www.facebook.com\/SonoraEE\"]}]}<\/script>\n ","yoast_head_json":{"title":"Sonora en Equipo. Maduro afirma que EEUU instal\u00f3 bases militares secretas en el Esequibo; Guyana MUNDO","description":"CARACAS \u2014 El presidente de Venezuela, Nicol\u00e1s Maduro, acus\u00f3 el mi\u00e9rcoles a Estados Unidos de instalar bases militares secretas en el Esequibo, territorio En Sonora en Equipo publicamos toda la informaci\u00f3n de Sonora, M\u00e9xico y el Mundo de manera oportuna y busca que la libertad de expresi\u00f3n sea real. Visita nuestro medio informativo publicado desde Hermosillo, Sonora. %","robots":{"index":"index","follow":"follow","max-snippet":"max-snippet:-1","max-image-preview":"max-image-preview:large","max-video-preview":"max-video-preview:-1"},"canonical":"https:\/\/www.sonoraenequipo.com.mx\/maduro-afirma-que-eeuu-instalo-bases-militares-secretas-en-el-esequibo-guyana\/","og_locale":"es_ES","og_type":"article","og_title":"Sonora en Equipo. Maduro afirma que EEUU instal\u00f3 bases militares secretas en el Esequibo; Guyana MUNDO","og_description":"CARACAS \u2014 El presidente de Venezuela, Nicol\u00e1s Maduro, acus\u00f3 el mi\u00e9rcoles a Estados Unidos de instalar bases militares secretas en el Esequibo, territorio En Sonora en Equipo publicamos toda la informaci\u00f3n de Sonora, M\u00e9xico y el Mundo de manera oportuna y busca que la libertad de expresi\u00f3n sea real. Visita nuestro medio informativo publicado desde Hermosillo, Sonora. %","og_url":"https:\/\/www.sonoraenequipo.com.mx\/maduro-afirma-que-eeuu-instalo-bases-militares-secretas-en-el-esequibo-guyana\/","og_site_name":"Sonora en Equipo.","article_publisher":"https:\/\/www.facebook.com\/SonoraEE\/","article_author":"https:\/\/www.facebook.com\/SonoraEE","article_published_time":"2024-04-04T23:58:49+00:00","og_image":[{"width":900,"height":506,"url":"https:\/\/www.sonoraenequipo.com.mx\/storage\/2024\/04\/Maduro.jpg","type":"image\/jpeg"}],"author":"enequipo","twitter_card":"summary_large_image","twitter_creator":"@sonoraenequipo","twitter_site":"@sonoraenequipo","twitter_misc":{"Escrito por":"enequipo","Tiempo de lectura":"3 minutos"},"schema":{"@context":"https:\/\/schema.org","@graph":[{"@type":"Article","@id":"https:\/\/www.sonoraenequipo.com.mx\/maduro-afirma-que-eeuu-instalo-bases-militares-secretas-en-el-esequibo-guyana\/#article","isPartOf":{"@id":"https:\/\/www.sonoraenequipo.com.mx\/maduro-afirma-que-eeuu-instalo-bases-militares-secretas-en-el-esequibo-guyana\/"},"author":{"name":"enequipo","@id":"https:\/\/www.sonoraenequipo.com.mx\/#\/schema\/person\/50102df0fb23a8fa9e8effad8fa81386"},"headline":"Maduro afirma que EEUU instal\u00f3 bases militares secretas en el Esequibo; Guyana","datePublished":"2024-04-04T23:58:49+00:00","mainEntityOfPage":{"@id":"https:\/\/www.sonoraenequipo.com.mx\/maduro-afirma-que-eeuu-instalo-bases-militares-secretas-en-el-esequibo-guyana\/"},"wordCount":570,"commentCount":0,"publisher":{"@id":"https:\/\/www.sonoraenequipo.com.mx\/#organization"},"image":{"@id":"https:\/\/www.sonoraenequipo.com.mx\/maduro-afirma-que-eeuu-instalo-bases-militares-secretas-en-el-esequibo-guyana\/#primaryimage"},"thumbnailUrl":"https:\/\/www.sonoraenequipo.com.mx\/storage\/2024\/04\/Maduro.jpg","keywords":["EE UU","Venezuela"],"articleSection":["MUNDO"],"inLanguage":"es","potentialAction":[{"@type":"CommentAction","name":"Comment","target":["https:\/\/www.sonoraenequipo.com.mx\/maduro-afirma-que-eeuu-instalo-bases-militares-secretas-en-el-esequibo-guyana\/#respond"]}]},{"@type":"WebPage","@id":"https:\/\/www.sonoraenequipo.com.mx\/maduro-afirma-que-eeuu-instalo-bases-militares-secretas-en-el-esequibo-guyana\/","url":"https:\/\/www.sonoraenequipo.com.mx\/maduro-afirma-que-eeuu-instalo-bases-militares-secretas-en-el-esequibo-guyana\/","name":"Sonora en Equipo. Maduro afirma que EEUU instal\u00f3 bases militares secretas en el Esequibo; Guyana MUNDO","isPartOf":{"@id":"https:\/\/www.sonoraenequipo.com.mx\/#website"},"primaryImageOfPage":{"@id":"https:\/\/www.sonoraenequipo.com.mx\/maduro-afirma-que-eeuu-instalo-bases-militares-secretas-en-el-esequibo-guyana\/#primaryimage"},"image":{"@id":"https:\/\/www.sonoraenequipo.com.mx\/maduro-afirma-que-eeuu-instalo-bases-militares-secretas-en-el-esequibo-guyana\/#primaryimage"},"thumbnailUrl":"https:\/\/www.sonoraenequipo.com.mx\/storage\/2024\/04\/Maduro.jpg","datePublished":"2024-04-04T23:58:49+00:00","description":"CARACAS \u2014 El presidente de Venezuela, Nicol\u00e1s Maduro, acus\u00f3 el mi\u00e9rcoles a Estados Unidos de instalar bases militares secretas en el Esequibo, territorio En Sonora en Equipo publicamos toda la informaci\u00f3n de Sonora, M\u00e9xico y el Mundo de manera oportuna y busca que la libertad de expresi\u00f3n sea real. Visita nuestro medio informativo publicado desde Hermosillo, Sonora. %","breadcrumb":{"@id":"https:\/\/www.sonoraenequipo.com.mx\/maduro-afirma-que-eeuu-instalo-bases-militares-secretas-en-el-esequibo-guyana\/#breadcrumb"},"inLanguage":"es","potentialAction":[{"@type":"ReadAction","target":["https:\/\/www.sonoraenequipo.com.mx\/maduro-afirma-que-eeuu-instalo-bases-militares-secretas-en-el-esequibo-guyana\/"]}]},{"@type":"ImageObject","inLanguage":"es","@id":"https:\/\/www.sonoraenequipo.com.mx\/maduro-afirma-que-eeuu-instalo-bases-militares-secretas-en-el-esequibo-guyana\/#primaryimage","url":"https:\/\/www.sonoraenequipo.com.mx\/storage\/2024\/04\/Maduro.jpg","contentUrl":"https:\/\/www.sonoraenequipo.com.mx\/storage\/2024\/04\/Maduro.jpg","width":900,"height":506,"caption":"Imagen:AFP"},{"@type":"BreadcrumbList","@id":"https:\/\/www.sonoraenequipo.com.mx\/maduro-afirma-que-eeuu-instalo-bases-militares-secretas-en-el-esequibo-guyana\/#breadcrumb","itemListElement":[{"@type":"ListItem","position":1,"name":"Portada","item":"https:\/\/www.sonoraenequipo.com.mx\/"},{"@type":"ListItem","position":2,"name":"Maduro afirma que EEUU instal\u00f3 bases militares secretas en el Esequibo; Guyana"}]},{"@type":"WebSite","@id":"https:\/\/www.sonoraenequipo.com.mx\/#website","url":"https:\/\/www.sonoraenequipo.com.mx\/","name":"Sonora en Equipo.","description":"Diario en l\u00ednea con Noticias desde Hermosillo, Sonora","publisher":{"@id":"https:\/\/www.sonoraenequipo.com.mx\/#organization"},"potentialAction":[{"@type":"SearchAction","target":{"@type":"EntryPoint","urlTemplate":"https:\/\/www.sonoraenequipo.com.mx\/?s={search_term_string}"},"query-input":{"@type":"PropertyValueSpecification","valueRequired":true,"valueName":"search_term_string"}}],"inLanguage":"es"},{"@type":"Organization","@id":"https:\/\/www.sonoraenequipo.com.mx\/#organization","name":"Sonoraenequipo.com.mx","url":"https:\/\/www.sonoraenequipo.com.mx\/","logo":{"@type":"ImageObject","inLanguage":"es","@id":"https:\/\/www.sonoraenequipo.com.mx\/#\/schema\/logo\/image\/","url":"https:\/\/www.sonoraenequipo.com.mx\/storage\/2019\/01\/sonoraenequipo_opt.png","contentUrl":"https:\/\/www.sonoraenequipo.com.mx\/storage\/2019\/01\/sonoraenequipo_opt.png","width":375,"height":125,"caption":"Sonoraenequipo.com.mx"},"image":{"@id":"https:\/\/www.sonoraenequipo.com.mx\/#\/schema\/logo\/image\/"},"sameAs":["https:\/\/www.facebook.com\/SonoraEE\/","https:\/\/x.com\/sonoraenequipo","https:\/\/www.youtube.com\/channel\/UC338nW-lPEYmJQs4ZABQ1SQ"]},{"@type":"Person","@id":"https:\/\/www.sonoraenequipo.com.mx\/#\/schema\/person\/50102df0fb23a8fa9e8effad8fa81386","name":"enequipo","image":{"@type":"ImageObject","inLanguage":"es","@id":"https:\/\/www.sonoraenequipo.com.mx\/#\/schema\/person\/image\/","url":"https:\/\/secure.gravatar.com\/avatar\/049821681b589dabc0bc20695993ccebb09f5b5d4d790cd9251b97faac7c652b?s=96&d=blank&r=g","contentUrl":"https:\/\/secure.gravatar.com\/avatar\/049821681b589dabc0bc20695993ccebb09f5b5d4d790cd9251b97faac7c652b?s=96&d=blank&r=g","caption":"enequipo"},"sameAs":["https:\/\/www.facebook.com\/SonoraEE"]}]}},"jetpack_featured_media_url":"https:\/\/www.sonoraenequipo.com.mx\/storage\/2024\/04\/Maduro.jpg","_links":{"self":[{"href":"https:\/\/www.sonoraenequipo.com.mx\/api\/wp\/v2\/posts\/187010","targetHints":{"allow":["GET"]}}],"collection":[{"href":"https:\/\/www.sonoraenequipo.com.mx\/api\/wp\/v2\/posts"}],"about":[{"href":"https:\/\/www.sonoraenequipo.com.mx\/api\/wp\/v2\/types\/post"}],"author":[{"embeddable":true,"href":"https:\/\/www.sonoraenequipo.com.mx\/api\/wp\/v2\/users\/1"}],"replies":[{"embeddable":true,"href":"https:\/\/www.sonoraenequipo.com.mx\/api\/wp\/v2\/comments?post=187010"}],"version-history":[{"count":1,"href":"https:\/\/www.sonoraenequipo.com.mx\/api\/wp\/v2\/posts\/187010\/revisions"}],"predecessor-version":[{"id":187012,"href":"https:\/\/www.sonoraenequipo.com.mx\/api\/wp\/v2\/posts\/187010\/revisions\/187012"}],"wp:featuredmedia":[{"embeddable":true,"href":"https:\/\/www.sonoraenequipo.com.mx\/api\/wp\/v2\/media\/187011"}],"wp:attachment":[{"href":"https:\/\/www.sonoraenequipo.com.mx\/api\/wp\/v2\/media?parent=187010"}],"wp:term":[{"taxonomy":"category","embeddable":true,"href":"https:\/\/www.sonoraenequipo.com.mx\/api\/wp\/v2\/categories?post=187010"},{"taxonomy":"post_tag","embeddable":true,"href":"https:\/\/www.sonoraenequipo.com.mx\/api\/wp\/v2\/tags?post=187010"}],"curies":[{"name":"wp","href":"https:\/\/api.w.org\/{rel}","templated":true}]}}