{"id":187015,"date":"2024-04-04T09:12:54","date_gmt":"2024-04-04T16:12:54","guid":{"rendered":"https:\/\/www.sonoraenequipo.com.mx\/?p=187015"},"modified":"2024-04-04T20:42:57","modified_gmt":"2024-04-05T03:42:57","slug":"desmiente-lopez-obrador-reduccion-en-la-produccion-de-petroleo","status":"publish","type":"post","link":"https:\/\/www.sonoraenequipo.com.mx\/desmiente-lopez-obrador-reduccion-en-la-produccion-de-petroleo\/","title":{"rendered":"Desmiente L\u00f3pez Obrador reducci\u00f3n en la producci\u00f3n de petr\u00f3leo"},"content":{"rendered":"<p><strong>CIUDAD DE M\u00c9XICO. MX. \u2014<\/strong> Ante la informaci\u00f3n que se publica en las redes sociales acerca de que se ha estado reduciendo la producci\u00f3n de petr\u00f3leo por parte de Pemex lo cual se refleja en la baja de la exportaci\u00f3n de crudo, el presidente, Andr\u00e9s Manuel L\u00f3pez Obrador, aclar\u00f3 la situaci\u00f3n este jueves en su conferencia matutina.<\/p>\n<p>&nbsp;<\/p>\n<p> <br \/>\nEl ejecutvo federal desmintio que esto sea cierto y aclar\u00f3 que esta reducci\u00f3n paulatina que ha tenido la exportaci\u00f3n de crudo, es por que estos se est\u00e1n destinando a las refiner\u00edas del pa\u00eds y pasando a Deer Park para ser procesados ah\u00ed y obtener tanto los combustibles y petroqu\u00edmicos que el pa\u00eds requiere.<\/p>\n<p>&nbsp;<\/p>\n<p>&nbsp;<\/p>\n<p>El presidente record\u00f3, que esto es parte de la pol\u00edtica de auto abasto que se ha tenido desde el arranque de la actual administraci\u00f3n para ya no comprar gasolina su di\u00e9sel en el extranjero.<\/p>\n<p>&nbsp;<\/p>\n<p>&nbsp;<\/p>\n<p><em><strong>\u201cComo se revirti\u00f3 el descenso en la producci\u00f3n d\u00e9 gasolinas en M\u00e9xico, ahora el 75 por ciento de los ingresos de @pemex ya no depende la venta de crudo hacia afuera sino del consumo interno\u201d<\/strong><\/em>. Mencion\u00f3.<\/p>\n<p>&nbsp;<\/p>\n<p>&nbsp;<\/p>\n<p><em><strong>\u201cHoy puedo informar que la producci\u00f3n de combustibles en el pa\u00eds aument\u00f3 durante su administraci\u00f3n, pasando de 453 mil barriles diarios en 2018 a 1,110 mil barriles diarios en enero de 2024, adem\u00e1s, detall\u00f3 que el objetivo es que \u201ctoda la producci\u00f3n de crudo se va a refinar\u201d <\/strong><\/em>en el pa\u00eds\u201d. Abund\u00f3.<\/p>\n<p>&nbsp;<\/p>\n<p>&nbsp;<\/p>\n<p>En este mismo tenor, record\u00f3 que de los 110 contratos que se entregaron para la extracci\u00f3n de crudo durante el Gobierno de Enrique Pe\u00f1a Nieto, s\u00f3lo 3 est\u00e1n produciendo, adem\u00e1s, explic\u00f3 que <em><strong>\u201cobtuvieron las concesiones y se dedicaron a especular en las bolsas de valores\u201d.<\/strong><\/em><\/p>\n<p>&nbsp;<\/p>\n<p>&nbsp;<\/p>\n<p><em><strong>\u201cDeben de reconocer que los hemos respetado, que no se han cancelado los contratos\u201d,<\/strong><\/em> Enfatiz\u00f3.<\/p>\n<p>&nbsp;<\/p>\n<p>&nbsp;<\/p>\n<p>Finalmente, record\u00f3 que Carlos Salinas de Gortari <em><strong>\u201ccre\u00f3 Pemex Internacional, que era la que vend\u00eda y compraba petr\u00f3leo y combustibles petrol\u00edferos\u201d,<\/strong><\/em> adem\u00e1s, mostr\u00f3 la gr\u00e1fica del d\u00e9ficit de combustibles que muestra que en diciembre de 2018 exist\u00eda un d\u00e9ficit de 927 millones de barriles, mientras que en enero de 2014 ese d\u00e9ficit se redujo a 376 millones tambi\u00e9n de barriles.<\/p>\n<p>&nbsp;<\/p>\n<p>&nbsp;<\/p>\n<p>PUBLICADO EL 04 DE ABRIL DE 2024 Con informaci\u00f3n de conferencia matutina presidencial)<\/p>\n","protected":false},"excerpt":{"rendered":"<p>CIUDAD DE M\u00c9XICO. MX. \u2014 Ante la informaci\u00f3n que se publica en las redes sociales&#8230;<\/p>\n","protected":false},"author":1,"featured_media":187016,"comment_status":"open","ping_status":"open","sticky":false,"template":"","format":"standard","meta":{"_monsterinsights_skip_tracking":false,"_monsterinsights_sitenote_active":false,"_monsterinsights_sitenote_note":"","_monsterinsights_sitenote_category":0,"footnotes":""},"categories":[5],"tags":[],"class_list":["post"],"yoast_head":" \n<title>Sonora en Equipo. Desmiente L\u00f3pez Obrador reducci\u00f3n en la producci\u00f3n de petr\u00f3leo Rep\u00fablica<\/title>\n<meta name=\"description\" content=\"CIUDAD DE M\u00c9XICO. MX. \u2014 Ante la informaci\u00f3n que se publica en las redes sociales acerca de que se ha estado reduciendo la producci\u00f3n de petr\u00f3leo por parte En Sonora en Equipo publicamos toda la informaci\u00f3n de Sonora, M\u00e9xico y el Mundo de manera oportuna y busca que la libertad de expresi\u00f3n sea real. Visita nuestro medio informativo publicado desde Hermosillo, Sonora. %\" \/>\n<meta name=\"robots\" content=\"index, follow, max-snippet:-1, max-image-preview:large, max-video-preview:-1\" \/>\n<link rel=\"canonical\" href=\"https:\/\/www.sonoraenequipo.com.mx\/desmiente-lopez-obrador-reduccion-en-la-produccion-de-petroleo\/\" \/>\n<meta property=\"og:locale\" content=\"es_ES\" \/>\n<meta property=\"og:type\" content=\"article\" \/>\n<meta property=\"og:title\" content=\"Sonora en Equipo. Desmiente L\u00f3pez Obrador reducci\u00f3n en la producci\u00f3n de petr\u00f3leo Rep\u00fablica\" \/>\n<meta property=\"og:description\" content=\"CIUDAD DE M\u00c9XICO. MX. \u2014 Ante la informaci\u00f3n que se publica en las redes sociales acerca de que se ha estado reduciendo la producci\u00f3n de petr\u00f3leo por parte En Sonora en Equipo publicamos toda la informaci\u00f3n de Sonora, M\u00e9xico y el Mundo de manera oportuna y busca que la libertad de expresi\u00f3n sea real. Visita nuestro medio informativo publicado desde Hermosillo, Sonora. %\" \/>\n<meta property=\"og:url\" content=\"https:\/\/www.sonoraenequipo.com.mx\/desmiente-lopez-obrador-reduccion-en-la-produccion-de-petroleo\/\" \/>\n<meta property=\"og:site_name\" content=\"Sonora en Equipo.\" \/>\n<meta property=\"article:publisher\" content=\"https:\/\/www.facebook.com\/SonoraEE\/\" \/>\n<meta property=\"article:author\" content=\"https:\/\/www.facebook.com\/SonoraEE\" \/>\n<meta property=\"article:published_time\" content=\"2024-04-04T16:12:54+00:00\" \/>\n<meta property=\"article:modified_time\" content=\"2024-04-05T03:42:57+00:00\" \/>\n<meta property=\"og:image\" content=\"https:\/\/www.sonoraenequipo.com.mx\/storage\/2024\/04\/lopez-obrador-min-1.jpg\" \/>\n\t<meta property=\"og:image:width\" content=\"900\" \/>\n\t<meta property=\"og:image:height\" content=\"526\" \/>\n\t<meta property=\"og:image:type\" content=\"image\/jpeg\" \/>\n<meta name=\"author\" content=\"enequipo\" \/>\n<meta name=\"twitter:card\" content=\"summary_large_image\" \/>\n<meta name=\"twitter:creator\" content=\"@sonoraenequipo\" \/>\n<meta name=\"twitter:site\" content=\"@sonoraenequipo\" \/>\n<meta name=\"twitter:label1\" content=\"Escrito por\" \/>\n\t<meta name=\"twitter:data1\" content=\"enequipo\" \/>\n\t<meta name=\"twitter:label2\" content=\"Tiempo de lectura\" \/>\n\t<meta name=\"twitter:data2\" content=\"2 minutos\" \/>\n<script type=\"application\/ld+json\" class=\"yoast-schema-graph\">{\"@context\":\"https:\/\/schema.org\",\"@graph\":[{\"@type\":\"Article\",\"@id\":\"https:\/\/www.sonoraenequipo.com.mx\/desmiente-lopez-obrador-reduccion-en-la-produccion-de-petroleo\/#article\",\"isPartOf\":{\"@id\":\"https:\/\/www.sonoraenequipo.com.mx\/desmiente-lopez-obrador-reduccion-en-la-produccion-de-petroleo\/\"},\"author\":{\"name\":\"enequipo\",\"@id\":\"https:\/\/www.sonoraenequipo.com.mx\/#\/schema\/person\/50102df0fb23a8fa9e8effad8fa81386\"},\"headline\":\"Desmiente L\u00f3pez Obrador reducci\u00f3n en la producci\u00f3n de petr\u00f3leo\",\"datePublished\":\"2024-04-04T16:12:54+00:00\",\"dateModified\":\"2024-04-05T03:42:57+00:00\",\"mainEntityOfPage\":{\"@id\":\"https:\/\/www.sonoraenequipo.com.mx\/desmiente-lopez-obrador-reduccion-en-la-produccion-de-petroleo\/\"},\"wordCount\":421,\"commentCount\":0,\"publisher\":{\"@id\":\"https:\/\/www.sonoraenequipo.com.mx\/#organization\"},\"image\":{\"@id\":\"https:\/\/www.sonoraenequipo.com.mx\/desmiente-lopez-obrador-reduccion-en-la-produccion-de-petroleo\/#primaryimage\"},\"thumbnailUrl\":\"https:\/\/www.sonoraenequipo.com.mx\/storage\/2024\/04\/lopez-obrador-min-1.jpg\",\"articleSection\":[\"Rep\u00fablica\"],\"inLanguage\":\"es\",\"potentialAction\":[{\"@type\":\"CommentAction\",\"name\":\"Comment\",\"target\":[\"https:\/\/www.sonoraenequipo.com.mx\/desmiente-lopez-obrador-reduccion-en-la-produccion-de-petroleo\/#respond\"]}]},{\"@type\":\"WebPage\",\"@id\":\"https:\/\/www.sonoraenequipo.com.mx\/desmiente-lopez-obrador-reduccion-en-la-produccion-de-petroleo\/\",\"url\":\"https:\/\/www.sonoraenequipo.com.mx\/desmiente-lopez-obrador-reduccion-en-la-produccion-de-petroleo\/\",\"name\":\"Sonora en Equipo. Desmiente L\u00f3pez Obrador reducci\u00f3n en la producci\u00f3n de petr\u00f3leo Rep\u00fablica\",\"isPartOf\":{\"@id\":\"https:\/\/www.sonoraenequipo.com.mx\/#website\"},\"primaryImageOfPage\":{\"@id\":\"https:\/\/www.sonoraenequipo.com.mx\/desmiente-lopez-obrador-reduccion-en-la-produccion-de-petroleo\/#primaryimage\"},\"image\":{\"@id\":\"https:\/\/www.sonoraenequipo.com.mx\/desmiente-lopez-obrador-reduccion-en-la-produccion-de-petroleo\/#primaryimage\"},\"thumbnailUrl\":\"https:\/\/www.sonoraenequipo.com.mx\/storage\/2024\/04\/lopez-obrador-min-1.jpg\",\"datePublished\":\"2024-04-04T16:12:54+00:00\",\"dateModified\":\"2024-04-05T03:42:57+00:00\",\"description\":\"CIUDAD DE M\u00c9XICO. MX. \u2014 Ante la informaci\u00f3n que se publica en las redes sociales acerca de que se ha estado reduciendo la producci\u00f3n de petr\u00f3leo por parte En Sonora en Equipo publicamos toda la informaci\u00f3n de Sonora, M\u00e9xico y el Mundo de manera oportuna y busca que la libertad de expresi\u00f3n sea real. Visita nuestro medio informativo publicado desde Hermosillo, Sonora. %\",\"breadcrumb\":{\"@id\":\"https:\/\/www.sonoraenequipo.com.mx\/desmiente-lopez-obrador-reduccion-en-la-produccion-de-petroleo\/#breadcrumb\"},\"inLanguage\":\"es\",\"potentialAction\":[{\"@type\":\"ReadAction\",\"target\":[\"https:\/\/www.sonoraenequipo.com.mx\/desmiente-lopez-obrador-reduccion-en-la-produccion-de-petroleo\/\"]}]},{\"@type\":\"ImageObject\",\"inLanguage\":\"es\",\"@id\":\"https:\/\/www.sonoraenequipo.com.mx\/desmiente-lopez-obrador-reduccion-en-la-produccion-de-petroleo\/#primaryimage\",\"url\":\"https:\/\/www.sonoraenequipo.com.mx\/storage\/2024\/04\/lopez-obrador-min-1.jpg\",\"contentUrl\":\"https:\/\/www.sonoraenequipo.com.mx\/storage\/2024\/04\/lopez-obrador-min-1.jpg\",\"width\":900,\"height\":526},{\"@type\":\"BreadcrumbList\",\"@id\":\"https:\/\/www.sonoraenequipo.com.mx\/desmiente-lopez-obrador-reduccion-en-la-produccion-de-petroleo\/#breadcrumb\",\"itemListElement\":[{\"@type\":\"ListItem\",\"position\":1,\"name\":\"Portada\",\"item\":\"https:\/\/www.sonoraenequipo.com.mx\/\"},{\"@type\":\"ListItem\",\"position\":2,\"name\":\"Desmiente L\u00f3pez Obrador reducci\u00f3n en la producci\u00f3n de petr\u00f3leo\"}]},{\"@type\":\"WebSite\",\"@id\":\"https:\/\/www.sonoraenequipo.com.mx\/#website\",\"url\":\"https:\/\/www.sonoraenequipo.com.mx\/\",\"name\":\"Sonora en Equipo.\",\"description\":\"Diario en l\u00ednea con Noticias desde Hermosillo, Sonora\",\"publisher\":{\"@id\":\"https:\/\/www.sonoraenequipo.com.mx\/#organization\"},\"potentialAction\":[{\"@type\":\"SearchAction\",\"target\":{\"@type\":\"EntryPoint\",\"urlTemplate\":\"https:\/\/www.sonoraenequipo.com.mx\/?s={search_term_string}\"},\"query-input\":{\"@type\":\"PropertyValueSpecification\",\"valueRequired\":true,\"valueName\":\"search_term_string\"}}],\"inLanguage\":\"es\"},{\"@type\":\"Organization\",\"@id\":\"https:\/\/www.sonoraenequipo.com.mx\/#organization\",\"name\":\"Sonoraenequipo.com.mx\",\"url\":\"https:\/\/www.sonoraenequipo.com.mx\/\",\"logo\":{\"@type\":\"ImageObject\",\"inLanguage\":\"es\",\"@id\":\"https:\/\/www.sonoraenequipo.com.mx\/#\/schema\/logo\/image\/\",\"url\":\"https:\/\/www.sonoraenequipo.com.mx\/storage\/2019\/01\/sonoraenequipo_opt.png\",\"contentUrl\":\"https:\/\/www.sonoraenequipo.com.mx\/storage\/2019\/01\/sonoraenequipo_opt.png\",\"width\":375,\"height\":125,\"caption\":\"Sonoraenequipo.com.mx\"},\"image\":{\"@id\":\"https:\/\/www.sonoraenequipo.com.mx\/#\/schema\/logo\/image\/\"},\"sameAs\":[\"https:\/\/www.facebook.com\/SonoraEE\/\",\"https:\/\/x.com\/sonoraenequipo\",\"https:\/\/www.youtube.com\/channel\/UC338nW-lPEYmJQs4ZABQ1SQ\"]},{\"@type\":\"Person\",\"@id\":\"https:\/\/www.sonoraenequipo.com.mx\/#\/schema\/person\/50102df0fb23a8fa9e8effad8fa81386\",\"name\":\"enequipo\",\"image\":{\"@type\":\"ImageObject\",\"inLanguage\":\"es\",\"@id\":\"https:\/\/www.sonoraenequipo.com.mx\/#\/schema\/person\/image\/\",\"url\":\"https:\/\/secure.gravatar.com\/avatar\/049821681b589dabc0bc20695993ccebb09f5b5d4d790cd9251b97faac7c652b?s=96&d=blank&r=g\",\"contentUrl\":\"https:\/\/secure.gravatar.com\/avatar\/049821681b589dabc0bc20695993ccebb09f5b5d4d790cd9251b97faac7c652b?s=96&d=blank&r=g\",\"caption\":\"enequipo\"},\"sameAs\":[\"https:\/\/www.facebook.com\/SonoraEE\"]}]}<\/script>\n ","yoast_head_json":{"title":"Sonora en Equipo. Desmiente L\u00f3pez Obrador reducci\u00f3n en la producci\u00f3n de petr\u00f3leo Rep\u00fablica","description":"CIUDAD DE M\u00c9XICO. MX. \u2014 Ante la informaci\u00f3n que se publica en las redes sociales acerca de que se ha estado reduciendo la producci\u00f3n de petr\u00f3leo por parte En Sonora en Equipo publicamos toda la informaci\u00f3n de Sonora, M\u00e9xico y el Mundo de manera oportuna y busca que la libertad de expresi\u00f3n sea real. Visita nuestro medio informativo publicado desde Hermosillo, Sonora. %","robots":{"index":"index","follow":"follow","max-snippet":"max-snippet:-1","max-image-preview":"max-image-preview:large","max-video-preview":"max-video-preview:-1"},"canonical":"https:\/\/www.sonoraenequipo.com.mx\/desmiente-lopez-obrador-reduccion-en-la-produccion-de-petroleo\/","og_locale":"es_ES","og_type":"article","og_title":"Sonora en Equipo. Desmiente L\u00f3pez Obrador reducci\u00f3n en la producci\u00f3n de petr\u00f3leo Rep\u00fablica","og_description":"CIUDAD DE M\u00c9XICO. MX. \u2014 Ante la informaci\u00f3n que se publica en las redes sociales acerca de que se ha estado reduciendo la producci\u00f3n de petr\u00f3leo por parte En Sonora en Equipo publicamos toda la informaci\u00f3n de Sonora, M\u00e9xico y el Mundo de manera oportuna y busca que la libertad de expresi\u00f3n sea real. Visita nuestro medio informativo publicado desde Hermosillo, Sonora. %","og_url":"https:\/\/www.sonoraenequipo.com.mx\/desmiente-lopez-obrador-reduccion-en-la-produccion-de-petroleo\/","og_site_name":"Sonora en Equipo.","article_publisher":"https:\/\/www.facebook.com\/SonoraEE\/","article_author":"https:\/\/www.facebook.com\/SonoraEE","article_published_time":"2024-04-04T16:12:54+00:00","article_modified_time":"2024-04-05T03:42:57+00:00","og_image":[{"width":900,"height":526,"url":"https:\/\/www.sonoraenequipo.com.mx\/storage\/2024\/04\/lopez-obrador-min-1.jpg","type":"image\/jpeg"}],"author":"enequipo","twitter_card":"summary_large_image","twitter_creator":"@sonoraenequipo","twitter_site":"@sonoraenequipo","twitter_misc":{"Escrito por":"enequipo","Tiempo de lectura":"2 minutos"},"schema":{"@context":"https:\/\/schema.org","@graph":[{"@type":"Article","@id":"https:\/\/www.sonoraenequipo.com.mx\/desmiente-lopez-obrador-reduccion-en-la-produccion-de-petroleo\/#article","isPartOf":{"@id":"https:\/\/www.sonoraenequipo.com.mx\/desmiente-lopez-obrador-reduccion-en-la-produccion-de-petroleo\/"},"author":{"name":"enequipo","@id":"https:\/\/www.sonoraenequipo.com.mx\/#\/schema\/person\/50102df0fb23a8fa9e8effad8fa81386"},"headline":"Desmiente L\u00f3pez Obrador reducci\u00f3n en la producci\u00f3n de petr\u00f3leo","datePublished":"2024-04-04T16:12:54+00:00","dateModified":"2024-04-05T03:42:57+00:00","mainEntityOfPage":{"@id":"https:\/\/www.sonoraenequipo.com.mx\/desmiente-lopez-obrador-reduccion-en-la-produccion-de-petroleo\/"},"wordCount":421,"commentCount":0,"publisher":{"@id":"https:\/\/www.sonoraenequipo.com.mx\/#organization"},"image":{"@id":"https:\/\/www.sonoraenequipo.com.mx\/desmiente-lopez-obrador-reduccion-en-la-produccion-de-petroleo\/#primaryimage"},"thumbnailUrl":"https:\/\/www.sonoraenequipo.com.mx\/storage\/2024\/04\/lopez-obrador-min-1.jpg","articleSection":["Rep\u00fablica"],"inLanguage":"es","potentialAction":[{"@type":"CommentAction","name":"Comment","target":["https:\/\/www.sonoraenequipo.com.mx\/desmiente-lopez-obrador-reduccion-en-la-produccion-de-petroleo\/#respond"]}]},{"@type":"WebPage","@id":"https:\/\/www.sonoraenequipo.com.mx\/desmiente-lopez-obrador-reduccion-en-la-produccion-de-petroleo\/","url":"https:\/\/www.sonoraenequipo.com.mx\/desmiente-lopez-obrador-reduccion-en-la-produccion-de-petroleo\/","name":"Sonora en Equipo. Desmiente L\u00f3pez Obrador reducci\u00f3n en la producci\u00f3n de petr\u00f3leo Rep\u00fablica","isPartOf":{"@id":"https:\/\/www.sonoraenequipo.com.mx\/#website"},"primaryImageOfPage":{"@id":"https:\/\/www.sonoraenequipo.com.mx\/desmiente-lopez-obrador-reduccion-en-la-produccion-de-petroleo\/#primaryimage"},"image":{"@id":"https:\/\/www.sonoraenequipo.com.mx\/desmiente-lopez-obrador-reduccion-en-la-produccion-de-petroleo\/#primaryimage"},"thumbnailUrl":"https:\/\/www.sonoraenequipo.com.mx\/storage\/2024\/04\/lopez-obrador-min-1.jpg","datePublished":"2024-04-04T16:12:54+00:00","dateModified":"2024-04-05T03:42:57+00:00","description":"CIUDAD DE M\u00c9XICO. MX. \u2014 Ante la informaci\u00f3n que se publica en las redes sociales acerca de que se ha estado reduciendo la producci\u00f3n de petr\u00f3leo por parte En Sonora en Equipo publicamos toda la informaci\u00f3n de Sonora, M\u00e9xico y el Mundo de manera oportuna y busca que la libertad de expresi\u00f3n sea real. Visita nuestro medio informativo publicado desde Hermosillo, Sonora. %","breadcrumb":{"@id":"https:\/\/www.sonoraenequipo.com.mx\/desmiente-lopez-obrador-reduccion-en-la-produccion-de-petroleo\/#breadcrumb"},"inLanguage":"es","potentialAction":[{"@type":"ReadAction","target":["https:\/\/www.sonoraenequipo.com.mx\/desmiente-lopez-obrador-reduccion-en-la-produccion-de-petroleo\/"]}]},{"@type":"ImageObject","inLanguage":"es","@id":"https:\/\/www.sonoraenequipo.com.mx\/desmiente-lopez-obrador-reduccion-en-la-produccion-de-petroleo\/#primaryimage","url":"https:\/\/www.sonoraenequipo.com.mx\/storage\/2024\/04\/lopez-obrador-min-1.jpg","contentUrl":"https:\/\/www.sonoraenequipo.com.mx\/storage\/2024\/04\/lopez-obrador-min-1.jpg","width":900,"height":526},{"@type":"BreadcrumbList","@id":"https:\/\/www.sonoraenequipo.com.mx\/desmiente-lopez-obrador-reduccion-en-la-produccion-de-petroleo\/#breadcrumb","itemListElement":[{"@type":"ListItem","position":1,"name":"Portada","item":"https:\/\/www.sonoraenequipo.com.mx\/"},{"@type":"ListItem","position":2,"name":"Desmiente L\u00f3pez Obrador reducci\u00f3n en la producci\u00f3n de petr\u00f3leo"}]},{"@type":"WebSite","@id":"https:\/\/www.sonoraenequipo.com.mx\/#website","url":"https:\/\/www.sonoraenequipo.com.mx\/","name":"Sonora en Equipo.","description":"Diario en l\u00ednea con Noticias desde Hermosillo, Sonora","publisher":{"@id":"https:\/\/www.sonoraenequipo.com.mx\/#organization"},"potentialAction":[{"@type":"SearchAction","target":{"@type":"EntryPoint","urlTemplate":"https:\/\/www.sonoraenequipo.com.mx\/?s={search_term_string}"},"query-input":{"@type":"PropertyValueSpecification","valueRequired":true,"valueName":"search_term_string"}}],"inLanguage":"es"},{"@type":"Organization","@id":"https:\/\/www.sonoraenequipo.com.mx\/#organization","name":"Sonoraenequipo.com.mx","url":"https:\/\/www.sonoraenequipo.com.mx\/","logo":{"@type":"ImageObject","inLanguage":"es","@id":"https:\/\/www.sonoraenequipo.com.mx\/#\/schema\/logo\/image\/","url":"https:\/\/www.sonoraenequipo.com.mx\/storage\/2019\/01\/sonoraenequipo_opt.png","contentUrl":"https:\/\/www.sonoraenequipo.com.mx\/storage\/2019\/01\/sonoraenequipo_opt.png","width":375,"height":125,"caption":"Sonoraenequipo.com.mx"},"image":{"@id":"https:\/\/www.sonoraenequipo.com.mx\/#\/schema\/logo\/image\/"},"sameAs":["https:\/\/www.facebook.com\/SonoraEE\/","https:\/\/x.com\/sonoraenequipo","https:\/\/www.youtube.com\/channel\/UC338nW-lPEYmJQs4ZABQ1SQ"]},{"@type":"Person","@id":"https:\/\/www.sonoraenequipo.com.mx\/#\/schema\/person\/50102df0fb23a8fa9e8effad8fa81386","name":"enequipo","image":{"@type":"ImageObject","inLanguage":"es","@id":"https:\/\/www.sonoraenequipo.com.mx\/#\/schema\/person\/image\/","url":"https:\/\/secure.gravatar.com\/avatar\/049821681b589dabc0bc20695993ccebb09f5b5d4d790cd9251b97faac7c652b?s=96&d=blank&r=g","contentUrl":"https:\/\/secure.gravatar.com\/avatar\/049821681b589dabc0bc20695993ccebb09f5b5d4d790cd9251b97faac7c652b?s=96&d=blank&r=g","caption":"enequipo"},"sameAs":["https:\/\/www.facebook.com\/SonoraEE"]}]}},"jetpack_featured_media_url":"https:\/\/www.sonoraenequipo.com.mx\/storage\/2024\/04\/lopez-obrador-min-1.jpg","_links":{"self":[{"href":"https:\/\/www.sonoraenequipo.com.mx\/api\/wp\/v2\/posts\/187015","targetHints":{"allow":["GET"]}}],"collection":[{"href":"https:\/\/www.sonoraenequipo.com.mx\/api\/wp\/v2\/posts"}],"about":[{"href":"https:\/\/www.sonoraenequipo.com.mx\/api\/wp\/v2\/types\/post"}],"author":[{"embeddable":true,"href":"https:\/\/www.sonoraenequipo.com.mx\/api\/wp\/v2\/users\/1"}],"replies":[{"embeddable":true,"href":"https:\/\/www.sonoraenequipo.com.mx\/api\/wp\/v2\/comments?post=187015"}],"version-history":[{"count":1,"href":"https:\/\/www.sonoraenequipo.com.mx\/api\/wp\/v2\/posts\/187015\/revisions"}],"predecessor-version":[{"id":187017,"href":"https:\/\/www.sonoraenequipo.com.mx\/api\/wp\/v2\/posts\/187015\/revisions\/187017"}],"wp:featuredmedia":[{"embeddable":true,"href":"https:\/\/www.sonoraenequipo.com.mx\/api\/wp\/v2\/media\/187016"}],"wp:attachment":[{"href":"https:\/\/www.sonoraenequipo.com.mx\/api\/wp\/v2\/media?parent=187015"}],"wp:term":[{"taxonomy":"category","embeddable":true,"href":"https:\/\/www.sonoraenequipo.com.mx\/api\/wp\/v2\/categories?post=187015"},{"taxonomy":"post_tag","embeddable":true,"href":"https:\/\/www.sonoraenequipo.com.mx\/api\/wp\/v2\/tags?post=187015"}],"curies":[{"name":"wp","href":"https:\/\/api.w.org\/{rel}","templated":true}]}}