{"id":187168,"date":"2024-04-08T08:38:49","date_gmt":"2024-04-08T15:38:49","guid":{"rendered":"https:\/\/www.sonoraenequipo.com.mx\/?p=187168"},"modified":"2024-04-08T15:05:18","modified_gmt":"2024-04-08T22:05:18","slug":"estudiantes-de-ayotzinapa-incendian-autos-y-edificios-gubernamentales-en-guerrero","status":"publish","type":"post","link":"https:\/\/www.sonoraenequipo.com.mx\/estudiantes-de-ayotzinapa-incendian-autos-y-edificios-gubernamentales-en-guerrero\/","title":{"rendered":"Estudiantes de Ayotzinapa incendian autos y edificios gubernamentales en Guerrero"},"content":{"rendered":"<p><strong>CHILPANCINGO, GUERRERO. MX.<\/strong> \u2014 En un acto de violencia registrado durante la ma\u00f1ana de este lunes, estudiantes de la Escuela Normal de Ayotzinapa <strong><em>\u201cRa\u00fal Isidro Burgos\u201d,<\/em><\/strong> generaron incendios en el Palacio de Gobierno de Guerrero, ubicado en Chilpancingo.<\/p>\n<p>&nbsp;<\/p>\n<p> <\/p>\n<p>&nbsp;<\/p>\n<p>Los disturbios comenzaron alrededor de las 8:30 horas, cuando unos 200 estudiantes, a bordo de 5 autobuses, llegaron a las instalaciones gubernamentales en el bulevar Ren\u00e9 Ju\u00e1rez Cisneros. Los j\u00f3venes encapuchados lanzaron bombas molotov y petardos, provocando da\u00f1os significativos en la infraestructura, adem\u00e1s de tres autom\u00f3viles completamente calcinados y unos m\u00e1s afectados por el fuego y da\u00f1os en los cristales.<\/p>\n<p>&nbsp;<\/p>\n<p>&nbsp;<\/p>\n<p><img loading=\"lazy\" decoding=\"async\" class=\"x-none size-medium \" src=\"https:\/\/www.sonoraenequipo.com.mx\/storage\/2024\/04\/incendio-en-Palacio-de-Gob-Gro-min-642x365.jpeg\" alt=\"\" width=\"642\" height=\"365\">Tras la salida de los agresores, equipos de Protecci\u00f3n Civil y bomberos se movilizaron r\u00e1pidamente para extinguir el fuego que consum\u00eda los veh\u00edculos y parte de la estructura del edificio gubernamental. Hasta el momento no se tiene conocimiento de personas lesionadas como resultado de este incidente.<\/p>\n<p>&nbsp;<\/p>\n<p>&nbsp;<\/p>\n<p>El ataque se produce en el contexto del primer aniversario del fallecimiento de Yanqui Kothan G\u00f3mez Peralta, compa\u00f1ero de los estudiantes, quien perdi\u00f3 la vida a manos de polic\u00edas estatales.<\/p>\n<p>&nbsp;<\/p>\n<p>&nbsp;<\/p>\n<p>Hace unos momentos Normalistas de Ayotzinapa vandalizan oficinas de Palacio de Gobierno en Chilpancingo Guerrero, lanzaron artefactos explosivos, generando incendios al interior del inmueble, as\u00ed como veh\u00edculos incendiados al exterior<\/p>\n<p>&nbsp;<\/p>\n<p>&nbsp;<\/p>\n<p>PUBLICADO EL 08 DE ABRIL DE 2024\/ Con informaci\u00f3n de redes sociales)<\/p>\n","protected":false},"excerpt":{"rendered":"<p>CHILPANCINGO, GUERRERO. MX. \u2014 En un acto de violencia registrado durante la ma\u00f1ana de este&#8230;<\/p>\n","protected":false},"author":1,"featured_media":187177,"comment_status":"open","ping_status":"open","sticky":false,"template":"","format":"standard","meta":{"_monsterinsights_skip_tracking":false,"_monsterinsights_sitenote_active":false,"_monsterinsights_sitenote_note":"","_monsterinsights_sitenote_category":0,"footnotes":""},"categories":[5],"tags":[],"class_list":["post"],"yoast_head":" \n<title>Sonora en Equipo. Estudiantes de Ayotzinapa incendian autos y edificios gubernamentales en Guerrero Rep\u00fablica<\/title>\n<meta name=\"description\" content=\"CHILPANCINGO, GUERRERO. MX. \u2014 En un acto de violencia registrado durante la ma\u00f1ana de este lunes, estudiantes de la Escuela Normal de Ayotzinapa \u201cRa\u00fal En Sonora en Equipo publicamos toda la informaci\u00f3n de Sonora, M\u00e9xico y el Mundo de manera oportuna y busca que la libertad de expresi\u00f3n sea real. Visita nuestro medio informativo publicado desde Hermosillo, Sonora. %\" \/>\n<meta name=\"robots\" content=\"index, follow, max-snippet:-1, max-image-preview:large, max-video-preview:-1\" \/>\n<link rel=\"canonical\" href=\"https:\/\/www.sonoraenequipo.com.mx\/estudiantes-de-ayotzinapa-incendian-autos-y-edificios-gubernamentales-en-guerrero\/\" \/>\n<meta property=\"og:locale\" content=\"es_ES\" \/>\n<meta property=\"og:type\" content=\"article\" \/>\n<meta property=\"og:title\" content=\"Sonora en Equipo. Estudiantes de Ayotzinapa incendian autos y edificios gubernamentales en Guerrero Rep\u00fablica\" \/>\n<meta property=\"og:description\" content=\"CHILPANCINGO, GUERRERO. MX. \u2014 En un acto de violencia registrado durante la ma\u00f1ana de este lunes, estudiantes de la Escuela Normal de Ayotzinapa \u201cRa\u00fal En Sonora en Equipo publicamos toda la informaci\u00f3n de Sonora, M\u00e9xico y el Mundo de manera oportuna y busca que la libertad de expresi\u00f3n sea real. Visita nuestro medio informativo publicado desde Hermosillo, Sonora. %\" \/>\n<meta property=\"og:url\" content=\"https:\/\/www.sonoraenequipo.com.mx\/estudiantes-de-ayotzinapa-incendian-autos-y-edificios-gubernamentales-en-guerrero\/\" \/>\n<meta property=\"og:site_name\" content=\"Sonora en Equipo.\" \/>\n<meta property=\"article:publisher\" content=\"https:\/\/www.facebook.com\/SonoraEE\/\" \/>\n<meta property=\"article:author\" content=\"https:\/\/www.facebook.com\/SonoraEE\" \/>\n<meta property=\"article:published_time\" content=\"2024-04-08T15:38:49+00:00\" \/>\n<meta property=\"article:modified_time\" content=\"2024-04-08T22:05:18+00:00\" \/>\n<meta property=\"og:image\" content=\"https:\/\/www.sonoraenequipo.com.mx\/storage\/2024\/04\/Vandalismo-en-Chilpancingo-Guerrero.jpeg\" \/>\n\t<meta property=\"og:image:width\" content=\"1080\" \/>\n\t<meta property=\"og:image:height\" content=\"643\" \/>\n\t<meta property=\"og:image:type\" content=\"image\/jpeg\" \/>\n<meta name=\"author\" content=\"enequipo\" \/>\n<meta name=\"twitter:card\" content=\"summary_large_image\" \/>\n<meta name=\"twitter:creator\" content=\"@sonoraenequipo\" \/>\n<meta name=\"twitter:site\" content=\"@sonoraenequipo\" \/>\n<meta name=\"twitter:label1\" content=\"Escrito por\" \/>\n\t<meta name=\"twitter:data1\" content=\"enequipo\" \/>\n\t<meta name=\"twitter:label2\" content=\"Tiempo de lectura\" \/>\n\t<meta name=\"twitter:data2\" content=\"1 minuto\" \/>\n<script type=\"application\/ld+json\" class=\"yoast-schema-graph\">{\"@context\":\"https:\/\/schema.org\",\"@graph\":[{\"@type\":\"Article\",\"@id\":\"https:\/\/www.sonoraenequipo.com.mx\/estudiantes-de-ayotzinapa-incendian-autos-y-edificios-gubernamentales-en-guerrero\/#article\",\"isPartOf\":{\"@id\":\"https:\/\/www.sonoraenequipo.com.mx\/estudiantes-de-ayotzinapa-incendian-autos-y-edificios-gubernamentales-en-guerrero\/\"},\"author\":{\"name\":\"enequipo\",\"@id\":\"https:\/\/www.sonoraenequipo.com.mx\/#\/schema\/person\/50102df0fb23a8fa9e8effad8fa81386\"},\"headline\":\"Estudiantes de Ayotzinapa incendian autos y edificios gubernamentales en Guerrero\",\"datePublished\":\"2024-04-08T15:38:49+00:00\",\"dateModified\":\"2024-04-08T22:05:18+00:00\",\"mainEntityOfPage\":{\"@id\":\"https:\/\/www.sonoraenequipo.com.mx\/estudiantes-de-ayotzinapa-incendian-autos-y-edificios-gubernamentales-en-guerrero\/\"},\"wordCount\":248,\"commentCount\":0,\"publisher\":{\"@id\":\"https:\/\/www.sonoraenequipo.com.mx\/#organization\"},\"image\":{\"@id\":\"https:\/\/www.sonoraenequipo.com.mx\/estudiantes-de-ayotzinapa-incendian-autos-y-edificios-gubernamentales-en-guerrero\/#primaryimage\"},\"thumbnailUrl\":\"https:\/\/www.sonoraenequipo.com.mx\/storage\/2024\/04\/Vandalismo-en-Chilpancingo-Guerrero.jpeg\",\"articleSection\":[\"Rep\u00fablica\"],\"inLanguage\":\"es\",\"potentialAction\":[{\"@type\":\"CommentAction\",\"name\":\"Comment\",\"target\":[\"https:\/\/www.sonoraenequipo.com.mx\/estudiantes-de-ayotzinapa-incendian-autos-y-edificios-gubernamentales-en-guerrero\/#respond\"]}]},{\"@type\":\"WebPage\",\"@id\":\"https:\/\/www.sonoraenequipo.com.mx\/estudiantes-de-ayotzinapa-incendian-autos-y-edificios-gubernamentales-en-guerrero\/\",\"url\":\"https:\/\/www.sonoraenequipo.com.mx\/estudiantes-de-ayotzinapa-incendian-autos-y-edificios-gubernamentales-en-guerrero\/\",\"name\":\"Sonora en Equipo. Estudiantes de Ayotzinapa incendian autos y edificios gubernamentales en Guerrero Rep\u00fablica\",\"isPartOf\":{\"@id\":\"https:\/\/www.sonoraenequipo.com.mx\/#website\"},\"primaryImageOfPage\":{\"@id\":\"https:\/\/www.sonoraenequipo.com.mx\/estudiantes-de-ayotzinapa-incendian-autos-y-edificios-gubernamentales-en-guerrero\/#primaryimage\"},\"image\":{\"@id\":\"https:\/\/www.sonoraenequipo.com.mx\/estudiantes-de-ayotzinapa-incendian-autos-y-edificios-gubernamentales-en-guerrero\/#primaryimage\"},\"thumbnailUrl\":\"https:\/\/www.sonoraenequipo.com.mx\/storage\/2024\/04\/Vandalismo-en-Chilpancingo-Guerrero.jpeg\",\"datePublished\":\"2024-04-08T15:38:49+00:00\",\"dateModified\":\"2024-04-08T22:05:18+00:00\",\"description\":\"CHILPANCINGO, GUERRERO. MX. \u2014 En un acto de violencia registrado durante la ma\u00f1ana de este lunes, estudiantes de la Escuela Normal de Ayotzinapa \u201cRa\u00fal En Sonora en Equipo publicamos toda la informaci\u00f3n de Sonora, M\u00e9xico y el Mundo de manera oportuna y busca que la libertad de expresi\u00f3n sea real. Visita nuestro medio informativo publicado desde Hermosillo, Sonora. %\",\"breadcrumb\":{\"@id\":\"https:\/\/www.sonoraenequipo.com.mx\/estudiantes-de-ayotzinapa-incendian-autos-y-edificios-gubernamentales-en-guerrero\/#breadcrumb\"},\"inLanguage\":\"es\",\"potentialAction\":[{\"@type\":\"ReadAction\",\"target\":[\"https:\/\/www.sonoraenequipo.com.mx\/estudiantes-de-ayotzinapa-incendian-autos-y-edificios-gubernamentales-en-guerrero\/\"]}]},{\"@type\":\"ImageObject\",\"inLanguage\":\"es\",\"@id\":\"https:\/\/www.sonoraenequipo.com.mx\/estudiantes-de-ayotzinapa-incendian-autos-y-edificios-gubernamentales-en-guerrero\/#primaryimage\",\"url\":\"https:\/\/www.sonoraenequipo.com.mx\/storage\/2024\/04\/Vandalismo-en-Chilpancingo-Guerrero.jpeg\",\"contentUrl\":\"https:\/\/www.sonoraenequipo.com.mx\/storage\/2024\/04\/Vandalismo-en-Chilpancingo-Guerrero.jpeg\",\"width\":1080,\"height\":643},{\"@type\":\"BreadcrumbList\",\"@id\":\"https:\/\/www.sonoraenequipo.com.mx\/estudiantes-de-ayotzinapa-incendian-autos-y-edificios-gubernamentales-en-guerrero\/#breadcrumb\",\"itemListElement\":[{\"@type\":\"ListItem\",\"position\":1,\"name\":\"Portada\",\"item\":\"https:\/\/www.sonoraenequipo.com.mx\/\"},{\"@type\":\"ListItem\",\"position\":2,\"name\":\"Estudiantes de Ayotzinapa incendian autos y edificios gubernamentales en Guerrero\"}]},{\"@type\":\"WebSite\",\"@id\":\"https:\/\/www.sonoraenequipo.com.mx\/#website\",\"url\":\"https:\/\/www.sonoraenequipo.com.mx\/\",\"name\":\"Sonora en Equipo.\",\"description\":\"Diario en l\u00ednea con Noticias desde Hermosillo, Sonora\",\"publisher\":{\"@id\":\"https:\/\/www.sonoraenequipo.com.mx\/#organization\"},\"potentialAction\":[{\"@type\":\"SearchAction\",\"target\":{\"@type\":\"EntryPoint\",\"urlTemplate\":\"https:\/\/www.sonoraenequipo.com.mx\/?s={search_term_string}\"},\"query-input\":{\"@type\":\"PropertyValueSpecification\",\"valueRequired\":true,\"valueName\":\"search_term_string\"}}],\"inLanguage\":\"es\"},{\"@type\":\"Organization\",\"@id\":\"https:\/\/www.sonoraenequipo.com.mx\/#organization\",\"name\":\"Sonoraenequipo.com.mx\",\"url\":\"https:\/\/www.sonoraenequipo.com.mx\/\",\"logo\":{\"@type\":\"ImageObject\",\"inLanguage\":\"es\",\"@id\":\"https:\/\/www.sonoraenequipo.com.mx\/#\/schema\/logo\/image\/\",\"url\":\"https:\/\/www.sonoraenequipo.com.mx\/storage\/2019\/01\/sonoraenequipo_opt.png\",\"contentUrl\":\"https:\/\/www.sonoraenequipo.com.mx\/storage\/2019\/01\/sonoraenequipo_opt.png\",\"width\":375,\"height\":125,\"caption\":\"Sonoraenequipo.com.mx\"},\"image\":{\"@id\":\"https:\/\/www.sonoraenequipo.com.mx\/#\/schema\/logo\/image\/\"},\"sameAs\":[\"https:\/\/www.facebook.com\/SonoraEE\/\",\"https:\/\/x.com\/sonoraenequipo\",\"https:\/\/www.youtube.com\/channel\/UC338nW-lPEYmJQs4ZABQ1SQ\"]},{\"@type\":\"Person\",\"@id\":\"https:\/\/www.sonoraenequipo.com.mx\/#\/schema\/person\/50102df0fb23a8fa9e8effad8fa81386\",\"name\":\"enequipo\",\"image\":{\"@type\":\"ImageObject\",\"inLanguage\":\"es\",\"@id\":\"https:\/\/www.sonoraenequipo.com.mx\/#\/schema\/person\/image\/\",\"url\":\"https:\/\/secure.gravatar.com\/avatar\/049821681b589dabc0bc20695993ccebb09f5b5d4d790cd9251b97faac7c652b?s=96&d=blank&r=g\",\"contentUrl\":\"https:\/\/secure.gravatar.com\/avatar\/049821681b589dabc0bc20695993ccebb09f5b5d4d790cd9251b97faac7c652b?s=96&d=blank&r=g\",\"caption\":\"enequipo\"},\"sameAs\":[\"https:\/\/www.facebook.com\/SonoraEE\"]}]}<\/script>\n ","yoast_head_json":{"title":"Sonora en Equipo. Estudiantes de Ayotzinapa incendian autos y edificios gubernamentales en Guerrero Rep\u00fablica","description":"CHILPANCINGO, GUERRERO. MX. \u2014 En un acto de violencia registrado durante la ma\u00f1ana de este lunes, estudiantes de la Escuela Normal de Ayotzinapa \u201cRa\u00fal En Sonora en Equipo publicamos toda la informaci\u00f3n de Sonora, M\u00e9xico y el Mundo de manera oportuna y busca que la libertad de expresi\u00f3n sea real. Visita nuestro medio informativo publicado desde Hermosillo, Sonora. %","robots":{"index":"index","follow":"follow","max-snippet":"max-snippet:-1","max-image-preview":"max-image-preview:large","max-video-preview":"max-video-preview:-1"},"canonical":"https:\/\/www.sonoraenequipo.com.mx\/estudiantes-de-ayotzinapa-incendian-autos-y-edificios-gubernamentales-en-guerrero\/","og_locale":"es_ES","og_type":"article","og_title":"Sonora en Equipo. Estudiantes de Ayotzinapa incendian autos y edificios gubernamentales en Guerrero Rep\u00fablica","og_description":"CHILPANCINGO, GUERRERO. MX. \u2014 En un acto de violencia registrado durante la ma\u00f1ana de este lunes, estudiantes de la Escuela Normal de Ayotzinapa \u201cRa\u00fal En Sonora en Equipo publicamos toda la informaci\u00f3n de Sonora, M\u00e9xico y el Mundo de manera oportuna y busca que la libertad de expresi\u00f3n sea real. Visita nuestro medio informativo publicado desde Hermosillo, Sonora. %","og_url":"https:\/\/www.sonoraenequipo.com.mx\/estudiantes-de-ayotzinapa-incendian-autos-y-edificios-gubernamentales-en-guerrero\/","og_site_name":"Sonora en Equipo.","article_publisher":"https:\/\/www.facebook.com\/SonoraEE\/","article_author":"https:\/\/www.facebook.com\/SonoraEE","article_published_time":"2024-04-08T15:38:49+00:00","article_modified_time":"2024-04-08T22:05:18+00:00","og_image":[{"width":1080,"height":643,"url":"https:\/\/www.sonoraenequipo.com.mx\/storage\/2024\/04\/Vandalismo-en-Chilpancingo-Guerrero.jpeg","type":"image\/jpeg"}],"author":"enequipo","twitter_card":"summary_large_image","twitter_creator":"@sonoraenequipo","twitter_site":"@sonoraenequipo","twitter_misc":{"Escrito por":"enequipo","Tiempo de lectura":"1 minuto"},"schema":{"@context":"https:\/\/schema.org","@graph":[{"@type":"Article","@id":"https:\/\/www.sonoraenequipo.com.mx\/estudiantes-de-ayotzinapa-incendian-autos-y-edificios-gubernamentales-en-guerrero\/#article","isPartOf":{"@id":"https:\/\/www.sonoraenequipo.com.mx\/estudiantes-de-ayotzinapa-incendian-autos-y-edificios-gubernamentales-en-guerrero\/"},"author":{"name":"enequipo","@id":"https:\/\/www.sonoraenequipo.com.mx\/#\/schema\/person\/50102df0fb23a8fa9e8effad8fa81386"},"headline":"Estudiantes de Ayotzinapa incendian autos y edificios gubernamentales en Guerrero","datePublished":"2024-04-08T15:38:49+00:00","dateModified":"2024-04-08T22:05:18+00:00","mainEntityOfPage":{"@id":"https:\/\/www.sonoraenequipo.com.mx\/estudiantes-de-ayotzinapa-incendian-autos-y-edificios-gubernamentales-en-guerrero\/"},"wordCount":248,"commentCount":0,"publisher":{"@id":"https:\/\/www.sonoraenequipo.com.mx\/#organization"},"image":{"@id":"https:\/\/www.sonoraenequipo.com.mx\/estudiantes-de-ayotzinapa-incendian-autos-y-edificios-gubernamentales-en-guerrero\/#primaryimage"},"thumbnailUrl":"https:\/\/www.sonoraenequipo.com.mx\/storage\/2024\/04\/Vandalismo-en-Chilpancingo-Guerrero.jpeg","articleSection":["Rep\u00fablica"],"inLanguage":"es","potentialAction":[{"@type":"CommentAction","name":"Comment","target":["https:\/\/www.sonoraenequipo.com.mx\/estudiantes-de-ayotzinapa-incendian-autos-y-edificios-gubernamentales-en-guerrero\/#respond"]}]},{"@type":"WebPage","@id":"https:\/\/www.sonoraenequipo.com.mx\/estudiantes-de-ayotzinapa-incendian-autos-y-edificios-gubernamentales-en-guerrero\/","url":"https:\/\/www.sonoraenequipo.com.mx\/estudiantes-de-ayotzinapa-incendian-autos-y-edificios-gubernamentales-en-guerrero\/","name":"Sonora en Equipo. Estudiantes de Ayotzinapa incendian autos y edificios gubernamentales en Guerrero Rep\u00fablica","isPartOf":{"@id":"https:\/\/www.sonoraenequipo.com.mx\/#website"},"primaryImageOfPage":{"@id":"https:\/\/www.sonoraenequipo.com.mx\/estudiantes-de-ayotzinapa-incendian-autos-y-edificios-gubernamentales-en-guerrero\/#primaryimage"},"image":{"@id":"https:\/\/www.sonoraenequipo.com.mx\/estudiantes-de-ayotzinapa-incendian-autos-y-edificios-gubernamentales-en-guerrero\/#primaryimage"},"thumbnailUrl":"https:\/\/www.sonoraenequipo.com.mx\/storage\/2024\/04\/Vandalismo-en-Chilpancingo-Guerrero.jpeg","datePublished":"2024-04-08T15:38:49+00:00","dateModified":"2024-04-08T22:05:18+00:00","description":"CHILPANCINGO, GUERRERO. MX. \u2014 En un acto de violencia registrado durante la ma\u00f1ana de este lunes, estudiantes de la Escuela Normal de Ayotzinapa \u201cRa\u00fal En Sonora en Equipo publicamos toda la informaci\u00f3n de Sonora, M\u00e9xico y el Mundo de manera oportuna y busca que la libertad de expresi\u00f3n sea real. Visita nuestro medio informativo publicado desde Hermosillo, Sonora. %","breadcrumb":{"@id":"https:\/\/www.sonoraenequipo.com.mx\/estudiantes-de-ayotzinapa-incendian-autos-y-edificios-gubernamentales-en-guerrero\/#breadcrumb"},"inLanguage":"es","potentialAction":[{"@type":"ReadAction","target":["https:\/\/www.sonoraenequipo.com.mx\/estudiantes-de-ayotzinapa-incendian-autos-y-edificios-gubernamentales-en-guerrero\/"]}]},{"@type":"ImageObject","inLanguage":"es","@id":"https:\/\/www.sonoraenequipo.com.mx\/estudiantes-de-ayotzinapa-incendian-autos-y-edificios-gubernamentales-en-guerrero\/#primaryimage","url":"https:\/\/www.sonoraenequipo.com.mx\/storage\/2024\/04\/Vandalismo-en-Chilpancingo-Guerrero.jpeg","contentUrl":"https:\/\/www.sonoraenequipo.com.mx\/storage\/2024\/04\/Vandalismo-en-Chilpancingo-Guerrero.jpeg","width":1080,"height":643},{"@type":"BreadcrumbList","@id":"https:\/\/www.sonoraenequipo.com.mx\/estudiantes-de-ayotzinapa-incendian-autos-y-edificios-gubernamentales-en-guerrero\/#breadcrumb","itemListElement":[{"@type":"ListItem","position":1,"name":"Portada","item":"https:\/\/www.sonoraenequipo.com.mx\/"},{"@type":"ListItem","position":2,"name":"Estudiantes de Ayotzinapa incendian autos y edificios gubernamentales en Guerrero"}]},{"@type":"WebSite","@id":"https:\/\/www.sonoraenequipo.com.mx\/#website","url":"https:\/\/www.sonoraenequipo.com.mx\/","name":"Sonora en Equipo.","description":"Diario en l\u00ednea con Noticias desde Hermosillo, Sonora","publisher":{"@id":"https:\/\/www.sonoraenequipo.com.mx\/#organization"},"potentialAction":[{"@type":"SearchAction","target":{"@type":"EntryPoint","urlTemplate":"https:\/\/www.sonoraenequipo.com.mx\/?s={search_term_string}"},"query-input":{"@type":"PropertyValueSpecification","valueRequired":true,"valueName":"search_term_string"}}],"inLanguage":"es"},{"@type":"Organization","@id":"https:\/\/www.sonoraenequipo.com.mx\/#organization","name":"Sonoraenequipo.com.mx","url":"https:\/\/www.sonoraenequipo.com.mx\/","logo":{"@type":"ImageObject","inLanguage":"es","@id":"https:\/\/www.sonoraenequipo.com.mx\/#\/schema\/logo\/image\/","url":"https:\/\/www.sonoraenequipo.com.mx\/storage\/2019\/01\/sonoraenequipo_opt.png","contentUrl":"https:\/\/www.sonoraenequipo.com.mx\/storage\/2019\/01\/sonoraenequipo_opt.png","width":375,"height":125,"caption":"Sonoraenequipo.com.mx"},"image":{"@id":"https:\/\/www.sonoraenequipo.com.mx\/#\/schema\/logo\/image\/"},"sameAs":["https:\/\/www.facebook.com\/SonoraEE\/","https:\/\/x.com\/sonoraenequipo","https:\/\/www.youtube.com\/channel\/UC338nW-lPEYmJQs4ZABQ1SQ"]},{"@type":"Person","@id":"https:\/\/www.sonoraenequipo.com.mx\/#\/schema\/person\/50102df0fb23a8fa9e8effad8fa81386","name":"enequipo","image":{"@type":"ImageObject","inLanguage":"es","@id":"https:\/\/www.sonoraenequipo.com.mx\/#\/schema\/person\/image\/","url":"https:\/\/secure.gravatar.com\/avatar\/049821681b589dabc0bc20695993ccebb09f5b5d4d790cd9251b97faac7c652b?s=96&d=blank&r=g","contentUrl":"https:\/\/secure.gravatar.com\/avatar\/049821681b589dabc0bc20695993ccebb09f5b5d4d790cd9251b97faac7c652b?s=96&d=blank&r=g","caption":"enequipo"},"sameAs":["https:\/\/www.facebook.com\/SonoraEE"]}]}},"jetpack_featured_media_url":"https:\/\/www.sonoraenequipo.com.mx\/storage\/2024\/04\/Vandalismo-en-Chilpancingo-Guerrero.jpeg","_links":{"self":[{"href":"https:\/\/www.sonoraenequipo.com.mx\/api\/wp\/v2\/posts\/187168","targetHints":{"allow":["GET"]}}],"collection":[{"href":"https:\/\/www.sonoraenequipo.com.mx\/api\/wp\/v2\/posts"}],"about":[{"href":"https:\/\/www.sonoraenequipo.com.mx\/api\/wp\/v2\/types\/post"}],"author":[{"embeddable":true,"href":"https:\/\/www.sonoraenequipo.com.mx\/api\/wp\/v2\/users\/1"}],"replies":[{"embeddable":true,"href":"https:\/\/www.sonoraenequipo.com.mx\/api\/wp\/v2\/comments?post=187168"}],"version-history":[{"count":2,"href":"https:\/\/www.sonoraenequipo.com.mx\/api\/wp\/v2\/posts\/187168\/revisions"}],"predecessor-version":[{"id":187179,"href":"https:\/\/www.sonoraenequipo.com.mx\/api\/wp\/v2\/posts\/187168\/revisions\/187179"}],"wp:featuredmedia":[{"embeddable":true,"href":"https:\/\/www.sonoraenequipo.com.mx\/api\/wp\/v2\/media\/187177"}],"wp:attachment":[{"href":"https:\/\/www.sonoraenequipo.com.mx\/api\/wp\/v2\/media?parent=187168"}],"wp:term":[{"taxonomy":"category","embeddable":true,"href":"https:\/\/www.sonoraenequipo.com.mx\/api\/wp\/v2\/categories?post=187168"},{"taxonomy":"post_tag","embeddable":true,"href":"https:\/\/www.sonoraenequipo.com.mx\/api\/wp\/v2\/tags?post=187168"}],"curies":[{"name":"wp","href":"https:\/\/api.w.org\/{rel}","templated":true}]}}