{"id":187182,"date":"2024-04-08T14:39:00","date_gmt":"2024-04-08T21:39:00","guid":{"rendered":"https:\/\/www.sonoraenequipo.com.mx\/?p=187182"},"modified":"2024-04-08T15:55:09","modified_gmt":"2024-04-08T22:55:09","slug":"ine-destaca-aspectos-novedosos-en-primer-debate-presidencial","status":"publish","type":"post","link":"https:\/\/www.sonoraenequipo.com.mx\/ine-destaca-aspectos-novedosos-en-primer-debate-presidencial\/","title":{"rendered":"INE destaca aspectos novedosos en primer debate presidencial"},"content":{"rendered":"<p><strong>CIUDAD DE M\u00c8XICO.\u02d7\u02d7\u02d7 <\/strong>El debate alcanz\u00f3 en Facebook m\u00e1s de 7.4 millones de reproducciones; en X 536 mil 191 vistas, con 344 mil 214 espectadores<\/p>\n<p>En YouTube 823 mil visualizaciones en espa\u00f1ol; nueve mil 800 en maya; 15 mil 800 en n\u00e1huatl; 34 mil 700 en tsotsil y 164 mil 300 en Lengua de Se\u00f1as Mexicana<\/p>\n<p>El Instituto Nacional Electoral (INE) celebr\u00f3 hoy el Primer Debate Presidencial del Proceso Electoral Federal (PEF) 2023-2024, en medio de diversos hechos hist\u00f3ricos e innovadores.<\/p>\n<p>&nbsp;<\/p>\n<p>Este ejercicio democr\u00e1tico, de cara a la ciudadan\u00eda, se llev\u00f3 a cabo por primera vez en la Casa de la Democracia, espec\u00edficamente en el Sal\u00f3n de Sesiones del Consejo General, en donde participaron, adem\u00e1s, dos mujeres candidatas: Claudia Sheinbaum Pardo, de la Coalici\u00f3n \u201cSigamos Haciendo Historia\u201d, y X\u00f3chitl G\u00e1lvez Ruiz, de la Coalici\u00f3n \u201cFuerza y Coraz\u00f3n por M\u00e9xico\u201d, aparte del candidato Jorge \u00c1lvarez M\u00e1ynez, del partido Movimiento Ciudadano.<\/p>\n<p>&nbsp;<\/p>\n<p>Otro hecho in\u00e9dito fue que, por primera ocasi\u00f3n, la ciudadan\u00eda (incluso las personas mayores de 13 a\u00f1os) particip\u00f3 proporcionando sus preguntas por medio de las redes sociodigitales y plataformas digitales, para ser formuladas por las personas moderadoras en el Primer Debate Presidencial. Cabe destacar que se recibieron m\u00e1s de 24 mil cuestionamientos.<\/p>\n<p>&nbsp;<\/p>\n<p>Transmite INE el Primer Debate Presidencial interpretado simult\u00e1neamente en maya, n\u00e1huatl y tsotsil<\/p>\n<p>&nbsp;<\/p>\n<p>El INE implement\u00f3, tambi\u00e9n por primera vez, la interpretaci\u00f3n simult\u00e1nea de este Primer Debate Presidencial en maya, n\u00e1huatl y tsotsil. Lo anterior, no s\u00f3lo constituye una medida de inclusi\u00f3n del Consejo General en la organizaci\u00f3n de estos ejercicios, sino tambi\u00e9n un reconocimiento a la funci\u00f3n comunicativa nacional de las lenguas ind\u00edgenas, y a fin de garantizar los derechos a la informaci\u00f3n y pol\u00edtico-electorales de las personas ind\u00edgenas de M\u00e9xico.<\/p>\n<p>&nbsp;<\/p>\n<p>De acuerdo con el Instituto Nacional de Lenguas Ind\u00edgenas, el maya y el n\u00e1huatl son las dos lenguas ind\u00edgenas nacionales m\u00e1s habladas y, junto al tsotsil, son de las que cuentan con mayor poblaci\u00f3n monoling\u00fce en el pa\u00eds.<\/p>\n<p>&nbsp;<\/p>\n<p>De igual manera, este primer ejercicio cont\u00f3 con interpretaci\u00f3n en Lengua de Se\u00f1as Mexicana, la cual, se ha convertido en un aspecto inherente a estos ejercicios democr\u00e1ticos y, en esta ocasi\u00f3n, se realiz\u00f3 una transmisi\u00f3n especial.<\/p>\n<p>&nbsp;<\/p>\n<p>Con el objetivo de garantizar la imparcialidad y la equidad en el desarrollo del Primer Debate Presidencial, el Consejo General aprob\u00f3 que la participaci\u00f3n de las personas moderadoras, Denisse Maerker y Manuel L\u00f3pez San Mart\u00edn, se centrara en las candidaturas y sus propuestas. Otro de los acuerdos del m\u00e1ximo \u00f3rgano de direcci\u00f3n del Instituto fue la obligatoriedad para que todas las candidaturas intervengan en los tres debates presidenciales.<\/p>\n<p>&nbsp;<\/p>\n<p>Se garantiza la transmisi\u00f3n en los canales de mayor audiencia y m\u00e1xima cobertura<\/p>\n<p>&nbsp;<\/p>\n<p>En punto de las 20:00 horas, la ciudadan\u00eda mexicana en el territorio nacional y en el extranjero sigui\u00f3 este Primer Debate Presidencial, debido a que las concesionarias privadas lo transmitieron en los canales de mayor audiencia y amplitud de cobertura satelital.<\/p>\n<p>&nbsp;<\/p>\n<p>El debate alcanz\u00f3 en Facebook m\u00e1s de 7.4 millones de reproducciones; en X 536 mil 191 vistas, con 344 mil 214 espectadores.<\/p>\n<p>&nbsp;<\/p>\n<p>En YouTube 823 mil visualizaciones en espa\u00f1ol; nueve mil 800 en maya; 15 mil 800 en n\u00e1huatl; 34 mil 700 en tsotsil y 164 mil 300 en Lengua de Se\u00f1as Mexicana.<\/p>\n<p>&nbsp;<\/p>\n<p>Con corte a las 22:00 horas, el hashtag #DebateINE se retom\u00f3 470 mil 982 veces. Lo anterior, consider\u00f3 posteos originales y reposteos. El hashtag #Elecciones2024MX tuvo 24 mil 406 menciones, mientras que el hashtag #ElINEest\u00e1listo, 348 menciones.<\/p>\n<p>&nbsp;<\/p>\n<p>La realizaci\u00f3n de estos debates es un testimonio del compromiso del INE con el fortalecimiento de la democracia y el fomento a una cultura pol\u00edtica informada. Al proporcionar un espacio neutral y respetuoso para el intercambio de ideas, la m\u00e1xima autoridad electoral del pa\u00eds busca asegurar que los electores puedan obtener informaci\u00f3n de primera mano, para tomar una decisi\u00f3n informada el pr\u00f3ximo 2 de junio.<\/p>\n<p>&nbsp;<\/p>\n<p>El INE invita a la ciudadan\u00eda a seguir los pr\u00f3ximos debates presidenciales y a mantenerse informada sobre las propuestas y programas que ofrecen candidatos y partidos. Para m\u00e1s informaci\u00f3n sobre los pr\u00f3ximos debates el Instituto pone a disposici\u00f3n de la ciudadan\u00eda el micrositio: https:\/\/centralelectoral.ine.mx\/debates-2024\/<\/p>\n<p>&nbsp;<\/p>\n<p>Incidentes t\u00e9cnicos<\/p>\n<p>&nbsp;<\/p>\n<p>Durante el desarrollo de los bloques iniciales del debate, se detectaron algunas eventualidades:<\/p>\n<p>&nbsp;<\/p>\n<p>La primera, relacionada con la operaci\u00f3n de los relojes, la cual se corrigi\u00f3 y se regres\u00f3 el tiempo a la candidatura, lo que no result\u00f3 en una afectaci\u00f3n sustancial en los tiempos de intervenci\u00f3n de cada una. Ello ocurri\u00f3 en la primera bolsa de tiempo del debate, en la cual la candidata Claudia Sheinbaum tuvo el uso de la voz durante 5 minutos 6 segundos, la candidata X\u00f3chitl G\u00e1lvez 5 minutos con 1 segundo y el candidato Jorge M\u00e1ynez 4 minutos 59 segundos.<\/p>\n<p>&nbsp;<\/p>\n<p>La segunda se refiere a la composici\u00f3n que se realiz\u00f3 para que los cron\u00f3metros de la bolsa de tiempo se visualizaran en las pantallas de la sala y que las candidaturas tuvieran la referencia del tiempo que ocupaban. Si bien, esta situaci\u00f3n afect\u00f3 la visualizaci\u00f3n del tiempo para las candidaturas, el cronometraje de los tiempos fue correcto.<\/p>\n<p>&nbsp;<\/p>\n<p>La Oficial\u00eda Electoral del INE dio fe p\u00fablica de cada una de las etapas del proceso y organizaci\u00f3n y, particularmente el d\u00eda de hoy, en el que se celebr\u00f3 el primer encuentro.<\/p>\n<p>&nbsp;<\/p>\n<p>Ambas situaciones se corrigieron durante el desarrollo del debate y se respet\u00f3 en todo momento el tiempo asignado a cada candidatura.<\/p>\n<p>&nbsp;<\/p>\n<p>Respecto al tiempo que cada una de las candidaturas intervino en el debate, en una medici\u00f3n preliminar, los resultados son los siguientes:<\/p>\n<table class=\"x_MsoNormalTable\" border=\"0\" cellspacing=\"0\" cellpadding=\"0\">\n<tbody>\n<tr>\n<td valign=\"top\" width=\"196\">\n<p class=\"x_MsoNormal\" align=\"center\"><b>Candidatura<\/b><\/p>\n<\/td>\n<td valign=\"top\" width=\"196\">\n<p class=\"x_MsoNormal\" align=\"center\"><b>Minutos<\/b><\/p>\n<\/td>\n<td valign=\"top\" width=\"196\">\n<p class=\"x_MsoNormal\" align=\"center\"><b>Segundos<\/b><\/p>\n<\/td>\n<\/tr>\n<tr>\n<td valign=\"top\" width=\"196\">\n<p class=\"x_MsoNormal\">Claudia Sheinbaum Pardo<\/p>\n<\/td>\n<td valign=\"top\" width=\"196\">\n<p class=\"x_MsoNormal\" align=\"center\">25<\/p>\n<\/td>\n<td valign=\"top\" width=\"196\">\n<p class=\"x_MsoNormal\" align=\"center\">8<\/p>\n<\/td>\n<\/tr>\n<tr>\n<td valign=\"top\" width=\"196\">\n<p class=\"x_MsoNormal\">Jorge \u00c1lvarez M\u00e1ynez<\/p>\n<\/td>\n<td valign=\"top\" width=\"196\">\n<p class=\"x_MsoNormal\" align=\"center\">25<\/p>\n<\/td>\n<td valign=\"top\" width=\"196\">\n<p class=\"x_MsoNormal\" align=\"center\">4<\/p>\n<\/td>\n<\/tr>\n<tr>\n<td valign=\"top\" width=\"196\">\n<p class=\"x_MsoNormal\">X\u00f3chitl G\u00e1lvez Ruiz<\/p>\n<\/td>\n<td valign=\"top\" width=\"196\">\n<p class=\"x_MsoNormal\" align=\"center\">25<\/p>\n<\/td>\n<td valign=\"top\" width=\"196\">\n<p class=\"x_MsoNormal\" align=\"center\">3<\/p>\n<\/td>\n<\/tr>\n<\/tbody>\n<\/table>\n<p>&nbsp;<\/p>\n<p><strong>Fecha de publicaci\u00f3n lunes 8 de abril de 2024<\/strong><\/p>\n","protected":false},"excerpt":{"rendered":"<p>CIUDAD DE M\u00c8XICO.\u02d7\u02d7\u02d7 El debate alcanz\u00f3 en Facebook m\u00e1s de 7.4 millones de reproducciones; en&#8230;<\/p>\n","protected":false},"author":1,"featured_media":187183,"comment_status":"open","ping_status":"open","sticky":false,"template":"","format":"standard","meta":{"_monsterinsights_skip_tracking":false,"_monsterinsights_sitenote_active":false,"_monsterinsights_sitenote_note":"","_monsterinsights_sitenote_category":0,"footnotes":""},"categories":[9400],"tags":[7497,5646,8280,9489],"class_list":["post"],"yoast_head":" \n<title>Sonora en Equipo. INE destaca aspectos novedosos en primer debate presidencial ELECCI\u00d3NES<\/title>\n<meta name=\"description\" content=\"CIUDAD DE M\u00c8XICO.\u02d7\u02d7\u02d7 El debate alcanz\u00f3 en Facebook m\u00e1s de 7.4 millones de reproducciones; en X 536 mil 191 vistas, con 344 mil 214 espectadores En YouTube En Sonora en Equipo publicamos toda la informaci\u00f3n de Sonora, M\u00e9xico y el Mundo de manera oportuna y busca que la libertad de expresi\u00f3n sea real. Visita nuestro medio informativo publicado desde Hermosillo, Sonora. %\" \/>\n<meta name=\"robots\" content=\"index, follow, max-snippet:-1, max-image-preview:large, max-video-preview:-1\" \/>\n<link rel=\"canonical\" href=\"https:\/\/www.sonoraenequipo.com.mx\/ine-destaca-aspectos-novedosos-en-primer-debate-presidencial\/\" \/>\n<meta property=\"og:locale\" content=\"es_ES\" \/>\n<meta property=\"og:type\" content=\"article\" \/>\n<meta property=\"og:title\" content=\"Sonora en Equipo. INE destaca aspectos novedosos en primer debate presidencial ELECCI\u00d3NES\" \/>\n<meta property=\"og:description\" content=\"CIUDAD DE M\u00c8XICO.\u02d7\u02d7\u02d7 El debate alcanz\u00f3 en Facebook m\u00e1s de 7.4 millones de reproducciones; en X 536 mil 191 vistas, con 344 mil 214 espectadores En YouTube En Sonora en Equipo publicamos toda la informaci\u00f3n de Sonora, M\u00e9xico y el Mundo de manera oportuna y busca que la libertad de expresi\u00f3n sea real. Visita nuestro medio informativo publicado desde Hermosillo, Sonora. %\" \/>\n<meta property=\"og:url\" content=\"https:\/\/www.sonoraenequipo.com.mx\/ine-destaca-aspectos-novedosos-en-primer-debate-presidencial\/\" \/>\n<meta property=\"og:site_name\" content=\"Sonora en Equipo.\" \/>\n<meta property=\"article:publisher\" content=\"https:\/\/www.facebook.com\/SonoraEE\/\" \/>\n<meta property=\"article:author\" content=\"https:\/\/www.facebook.com\/SonoraEE\" \/>\n<meta property=\"article:published_time\" content=\"2024-04-08T21:39:00+00:00\" \/>\n<meta property=\"article:modified_time\" content=\"2024-04-08T22:55:09+00:00\" \/>\n<meta property=\"og:image\" content=\"https:\/\/www.sonoraenequipo.com.mx\/storage\/2024\/04\/DEBATE-INE.jpg\" \/>\n\t<meta property=\"og:image:width\" content=\"900\" \/>\n\t<meta property=\"og:image:height\" content=\"506\" \/>\n\t<meta property=\"og:image:type\" content=\"image\/jpeg\" \/>\n<meta name=\"author\" content=\"enequipo\" \/>\n<meta name=\"twitter:card\" content=\"summary_large_image\" \/>\n<meta name=\"twitter:creator\" content=\"@sonoraenequipo\" \/>\n<meta name=\"twitter:site\" content=\"@sonoraenequipo\" \/>\n<meta name=\"twitter:label1\" content=\"Escrito por\" \/>\n\t<meta name=\"twitter:data1\" content=\"enequipo\" \/>\n\t<meta name=\"twitter:label2\" content=\"Tiempo de lectura\" \/>\n\t<meta name=\"twitter:data2\" content=\"5 minutos\" \/>\n<script type=\"application\/ld+json\" class=\"yoast-schema-graph\">{\"@context\":\"https:\/\/schema.org\",\"@graph\":[{\"@type\":\"Article\",\"@id\":\"https:\/\/www.sonoraenequipo.com.mx\/ine-destaca-aspectos-novedosos-en-primer-debate-presidencial\/#article\",\"isPartOf\":{\"@id\":\"https:\/\/www.sonoraenequipo.com.mx\/ine-destaca-aspectos-novedosos-en-primer-debate-presidencial\/\"},\"author\":{\"name\":\"enequipo\",\"@id\":\"https:\/\/www.sonoraenequipo.com.mx\/#\/schema\/person\/50102df0fb23a8fa9e8effad8fa81386\"},\"headline\":\"INE destaca aspectos novedosos en primer debate presidencial\",\"datePublished\":\"2024-04-08T21:39:00+00:00\",\"dateModified\":\"2024-04-08T22:55:09+00:00\",\"mainEntityOfPage\":{\"@id\":\"https:\/\/www.sonoraenequipo.com.mx\/ine-destaca-aspectos-novedosos-en-primer-debate-presidencial\/\"},\"wordCount\":1018,\"commentCount\":0,\"publisher\":{\"@id\":\"https:\/\/www.sonoraenequipo.com.mx\/#organization\"},\"image\":{\"@id\":\"https:\/\/www.sonoraenequipo.com.mx\/ine-destaca-aspectos-novedosos-en-primer-debate-presidencial\/#primaryimage\"},\"thumbnailUrl\":\"https:\/\/www.sonoraenequipo.com.mx\/storage\/2024\/04\/DEBATE-INE.jpg\",\"keywords\":[\"2024\",\"debate\",\"PEF\",\"PRESIDENCIAL\"],\"articleSection\":[\"ELECCI\u00d3NES\"],\"inLanguage\":\"es\",\"potentialAction\":[{\"@type\":\"CommentAction\",\"name\":\"Comment\",\"target\":[\"https:\/\/www.sonoraenequipo.com.mx\/ine-destaca-aspectos-novedosos-en-primer-debate-presidencial\/#respond\"]}]},{\"@type\":\"WebPage\",\"@id\":\"https:\/\/www.sonoraenequipo.com.mx\/ine-destaca-aspectos-novedosos-en-primer-debate-presidencial\/\",\"url\":\"https:\/\/www.sonoraenequipo.com.mx\/ine-destaca-aspectos-novedosos-en-primer-debate-presidencial\/\",\"name\":\"Sonora en Equipo. INE destaca aspectos novedosos en primer debate presidencial ELECCI\u00d3NES\",\"isPartOf\":{\"@id\":\"https:\/\/www.sonoraenequipo.com.mx\/#website\"},\"primaryImageOfPage\":{\"@id\":\"https:\/\/www.sonoraenequipo.com.mx\/ine-destaca-aspectos-novedosos-en-primer-debate-presidencial\/#primaryimage\"},\"image\":{\"@id\":\"https:\/\/www.sonoraenequipo.com.mx\/ine-destaca-aspectos-novedosos-en-primer-debate-presidencial\/#primaryimage\"},\"thumbnailUrl\":\"https:\/\/www.sonoraenequipo.com.mx\/storage\/2024\/04\/DEBATE-INE.jpg\",\"datePublished\":\"2024-04-08T21:39:00+00:00\",\"dateModified\":\"2024-04-08T22:55:09+00:00\",\"description\":\"CIUDAD DE M\u00c8XICO.\u02d7\u02d7\u02d7 El debate alcanz\u00f3 en Facebook m\u00e1s de 7.4 millones de reproducciones; en X 536 mil 191 vistas, con 344 mil 214 espectadores En YouTube En Sonora en Equipo publicamos toda la informaci\u00f3n de Sonora, M\u00e9xico y el Mundo de manera oportuna y busca que la libertad de expresi\u00f3n sea real. Visita nuestro medio informativo publicado desde Hermosillo, Sonora. %\",\"breadcrumb\":{\"@id\":\"https:\/\/www.sonoraenequipo.com.mx\/ine-destaca-aspectos-novedosos-en-primer-debate-presidencial\/#breadcrumb\"},\"inLanguage\":\"es\",\"potentialAction\":[{\"@type\":\"ReadAction\",\"target\":[\"https:\/\/www.sonoraenequipo.com.mx\/ine-destaca-aspectos-novedosos-en-primer-debate-presidencial\/\"]}]},{\"@type\":\"ImageObject\",\"inLanguage\":\"es\",\"@id\":\"https:\/\/www.sonoraenequipo.com.mx\/ine-destaca-aspectos-novedosos-en-primer-debate-presidencial\/#primaryimage\",\"url\":\"https:\/\/www.sonoraenequipo.com.mx\/storage\/2024\/04\/DEBATE-INE.jpg\",\"contentUrl\":\"https:\/\/www.sonoraenequipo.com.mx\/storage\/2024\/04\/DEBATE-INE.jpg\",\"width\":900,\"height\":506},{\"@type\":\"BreadcrumbList\",\"@id\":\"https:\/\/www.sonoraenequipo.com.mx\/ine-destaca-aspectos-novedosos-en-primer-debate-presidencial\/#breadcrumb\",\"itemListElement\":[{\"@type\":\"ListItem\",\"position\":1,\"name\":\"Portada\",\"item\":\"https:\/\/www.sonoraenequipo.com.mx\/\"},{\"@type\":\"ListItem\",\"position\":2,\"name\":\"INE destaca aspectos novedosos en primer debate presidencial\"}]},{\"@type\":\"WebSite\",\"@id\":\"https:\/\/www.sonoraenequipo.com.mx\/#website\",\"url\":\"https:\/\/www.sonoraenequipo.com.mx\/\",\"name\":\"Sonora en Equipo.\",\"description\":\"Diario en l\u00ednea con Noticias desde Hermosillo, Sonora\",\"publisher\":{\"@id\":\"https:\/\/www.sonoraenequipo.com.mx\/#organization\"},\"potentialAction\":[{\"@type\":\"SearchAction\",\"target\":{\"@type\":\"EntryPoint\",\"urlTemplate\":\"https:\/\/www.sonoraenequipo.com.mx\/?s={search_term_string}\"},\"query-input\":{\"@type\":\"PropertyValueSpecification\",\"valueRequired\":true,\"valueName\":\"search_term_string\"}}],\"inLanguage\":\"es\"},{\"@type\":\"Organization\",\"@id\":\"https:\/\/www.sonoraenequipo.com.mx\/#organization\",\"name\":\"Sonoraenequipo.com.mx\",\"url\":\"https:\/\/www.sonoraenequipo.com.mx\/\",\"logo\":{\"@type\":\"ImageObject\",\"inLanguage\":\"es\",\"@id\":\"https:\/\/www.sonoraenequipo.com.mx\/#\/schema\/logo\/image\/\",\"url\":\"https:\/\/www.sonoraenequipo.com.mx\/storage\/2019\/01\/sonoraenequipo_opt.png\",\"contentUrl\":\"https:\/\/www.sonoraenequipo.com.mx\/storage\/2019\/01\/sonoraenequipo_opt.png\",\"width\":375,\"height\":125,\"caption\":\"Sonoraenequipo.com.mx\"},\"image\":{\"@id\":\"https:\/\/www.sonoraenequipo.com.mx\/#\/schema\/logo\/image\/\"},\"sameAs\":[\"https:\/\/www.facebook.com\/SonoraEE\/\",\"https:\/\/x.com\/sonoraenequipo\",\"https:\/\/www.youtube.com\/channel\/UC338nW-lPEYmJQs4ZABQ1SQ\"]},{\"@type\":\"Person\",\"@id\":\"https:\/\/www.sonoraenequipo.com.mx\/#\/schema\/person\/50102df0fb23a8fa9e8effad8fa81386\",\"name\":\"enequipo\",\"image\":{\"@type\":\"ImageObject\",\"inLanguage\":\"es\",\"@id\":\"https:\/\/www.sonoraenequipo.com.mx\/#\/schema\/person\/image\/\",\"url\":\"https:\/\/secure.gravatar.com\/avatar\/049821681b589dabc0bc20695993ccebb09f5b5d4d790cd9251b97faac7c652b?s=96&d=blank&r=g\",\"contentUrl\":\"https:\/\/secure.gravatar.com\/avatar\/049821681b589dabc0bc20695993ccebb09f5b5d4d790cd9251b97faac7c652b?s=96&d=blank&r=g\",\"caption\":\"enequipo\"},\"sameAs\":[\"https:\/\/www.facebook.com\/SonoraEE\"]}]}<\/script>\n ","yoast_head_json":{"title":"Sonora en Equipo. INE destaca aspectos novedosos en primer debate presidencial ELECCI\u00d3NES","description":"CIUDAD DE M\u00c8XICO.\u02d7\u02d7\u02d7 El debate alcanz\u00f3 en Facebook m\u00e1s de 7.4 millones de reproducciones; en X 536 mil 191 vistas, con 344 mil 214 espectadores En YouTube En Sonora en Equipo publicamos toda la informaci\u00f3n de Sonora, M\u00e9xico y el Mundo de manera oportuna y busca que la libertad de expresi\u00f3n sea real. Visita nuestro medio informativo publicado desde Hermosillo, Sonora. %","robots":{"index":"index","follow":"follow","max-snippet":"max-snippet:-1","max-image-preview":"max-image-preview:large","max-video-preview":"max-video-preview:-1"},"canonical":"https:\/\/www.sonoraenequipo.com.mx\/ine-destaca-aspectos-novedosos-en-primer-debate-presidencial\/","og_locale":"es_ES","og_type":"article","og_title":"Sonora en Equipo. INE destaca aspectos novedosos en primer debate presidencial ELECCI\u00d3NES","og_description":"CIUDAD DE M\u00c8XICO.\u02d7\u02d7\u02d7 El debate alcanz\u00f3 en Facebook m\u00e1s de 7.4 millones de reproducciones; en X 536 mil 191 vistas, con 344 mil 214 espectadores En YouTube En Sonora en Equipo publicamos toda la informaci\u00f3n de Sonora, M\u00e9xico y el Mundo de manera oportuna y busca que la libertad de expresi\u00f3n sea real. Visita nuestro medio informativo publicado desde Hermosillo, Sonora. %","og_url":"https:\/\/www.sonoraenequipo.com.mx\/ine-destaca-aspectos-novedosos-en-primer-debate-presidencial\/","og_site_name":"Sonora en Equipo.","article_publisher":"https:\/\/www.facebook.com\/SonoraEE\/","article_author":"https:\/\/www.facebook.com\/SonoraEE","article_published_time":"2024-04-08T21:39:00+00:00","article_modified_time":"2024-04-08T22:55:09+00:00","og_image":[{"width":900,"height":506,"url":"https:\/\/www.sonoraenequipo.com.mx\/storage\/2024\/04\/DEBATE-INE.jpg","type":"image\/jpeg"}],"author":"enequipo","twitter_card":"summary_large_image","twitter_creator":"@sonoraenequipo","twitter_site":"@sonoraenequipo","twitter_misc":{"Escrito por":"enequipo","Tiempo de lectura":"5 minutos"},"schema":{"@context":"https:\/\/schema.org","@graph":[{"@type":"Article","@id":"https:\/\/www.sonoraenequipo.com.mx\/ine-destaca-aspectos-novedosos-en-primer-debate-presidencial\/#article","isPartOf":{"@id":"https:\/\/www.sonoraenequipo.com.mx\/ine-destaca-aspectos-novedosos-en-primer-debate-presidencial\/"},"author":{"name":"enequipo","@id":"https:\/\/www.sonoraenequipo.com.mx\/#\/schema\/person\/50102df0fb23a8fa9e8effad8fa81386"},"headline":"INE destaca aspectos novedosos en primer debate presidencial","datePublished":"2024-04-08T21:39:00+00:00","dateModified":"2024-04-08T22:55:09+00:00","mainEntityOfPage":{"@id":"https:\/\/www.sonoraenequipo.com.mx\/ine-destaca-aspectos-novedosos-en-primer-debate-presidencial\/"},"wordCount":1018,"commentCount":0,"publisher":{"@id":"https:\/\/www.sonoraenequipo.com.mx\/#organization"},"image":{"@id":"https:\/\/www.sonoraenequipo.com.mx\/ine-destaca-aspectos-novedosos-en-primer-debate-presidencial\/#primaryimage"},"thumbnailUrl":"https:\/\/www.sonoraenequipo.com.mx\/storage\/2024\/04\/DEBATE-INE.jpg","keywords":["2024","debate","PEF","PRESIDENCIAL"],"articleSection":["ELECCI\u00d3NES"],"inLanguage":"es","potentialAction":[{"@type":"CommentAction","name":"Comment","target":["https:\/\/www.sonoraenequipo.com.mx\/ine-destaca-aspectos-novedosos-en-primer-debate-presidencial\/#respond"]}]},{"@type":"WebPage","@id":"https:\/\/www.sonoraenequipo.com.mx\/ine-destaca-aspectos-novedosos-en-primer-debate-presidencial\/","url":"https:\/\/www.sonoraenequipo.com.mx\/ine-destaca-aspectos-novedosos-en-primer-debate-presidencial\/","name":"Sonora en Equipo. INE destaca aspectos novedosos en primer debate presidencial ELECCI\u00d3NES","isPartOf":{"@id":"https:\/\/www.sonoraenequipo.com.mx\/#website"},"primaryImageOfPage":{"@id":"https:\/\/www.sonoraenequipo.com.mx\/ine-destaca-aspectos-novedosos-en-primer-debate-presidencial\/#primaryimage"},"image":{"@id":"https:\/\/www.sonoraenequipo.com.mx\/ine-destaca-aspectos-novedosos-en-primer-debate-presidencial\/#primaryimage"},"thumbnailUrl":"https:\/\/www.sonoraenequipo.com.mx\/storage\/2024\/04\/DEBATE-INE.jpg","datePublished":"2024-04-08T21:39:00+00:00","dateModified":"2024-04-08T22:55:09+00:00","description":"CIUDAD DE M\u00c8XICO.\u02d7\u02d7\u02d7 El debate alcanz\u00f3 en Facebook m\u00e1s de 7.4 millones de reproducciones; en X 536 mil 191 vistas, con 344 mil 214 espectadores En YouTube En Sonora en Equipo publicamos toda la informaci\u00f3n de Sonora, M\u00e9xico y el Mundo de manera oportuna y busca que la libertad de expresi\u00f3n sea real. Visita nuestro medio informativo publicado desde Hermosillo, Sonora. %","breadcrumb":{"@id":"https:\/\/www.sonoraenequipo.com.mx\/ine-destaca-aspectos-novedosos-en-primer-debate-presidencial\/#breadcrumb"},"inLanguage":"es","potentialAction":[{"@type":"ReadAction","target":["https:\/\/www.sonoraenequipo.com.mx\/ine-destaca-aspectos-novedosos-en-primer-debate-presidencial\/"]}]},{"@type":"ImageObject","inLanguage":"es","@id":"https:\/\/www.sonoraenequipo.com.mx\/ine-destaca-aspectos-novedosos-en-primer-debate-presidencial\/#primaryimage","url":"https:\/\/www.sonoraenequipo.com.mx\/storage\/2024\/04\/DEBATE-INE.jpg","contentUrl":"https:\/\/www.sonoraenequipo.com.mx\/storage\/2024\/04\/DEBATE-INE.jpg","width":900,"height":506},{"@type":"BreadcrumbList","@id":"https:\/\/www.sonoraenequipo.com.mx\/ine-destaca-aspectos-novedosos-en-primer-debate-presidencial\/#breadcrumb","itemListElement":[{"@type":"ListItem","position":1,"name":"Portada","item":"https:\/\/www.sonoraenequipo.com.mx\/"},{"@type":"ListItem","position":2,"name":"INE destaca aspectos novedosos en primer debate presidencial"}]},{"@type":"WebSite","@id":"https:\/\/www.sonoraenequipo.com.mx\/#website","url":"https:\/\/www.sonoraenequipo.com.mx\/","name":"Sonora en Equipo.","description":"Diario en l\u00ednea con Noticias desde Hermosillo, Sonora","publisher":{"@id":"https:\/\/www.sonoraenequipo.com.mx\/#organization"},"potentialAction":[{"@type":"SearchAction","target":{"@type":"EntryPoint","urlTemplate":"https:\/\/www.sonoraenequipo.com.mx\/?s={search_term_string}"},"query-input":{"@type":"PropertyValueSpecification","valueRequired":true,"valueName":"search_term_string"}}],"inLanguage":"es"},{"@type":"Organization","@id":"https:\/\/www.sonoraenequipo.com.mx\/#organization","name":"Sonoraenequipo.com.mx","url":"https:\/\/www.sonoraenequipo.com.mx\/","logo":{"@type":"ImageObject","inLanguage":"es","@id":"https:\/\/www.sonoraenequipo.com.mx\/#\/schema\/logo\/image\/","url":"https:\/\/www.sonoraenequipo.com.mx\/storage\/2019\/01\/sonoraenequipo_opt.png","contentUrl":"https:\/\/www.sonoraenequipo.com.mx\/storage\/2019\/01\/sonoraenequipo_opt.png","width":375,"height":125,"caption":"Sonoraenequipo.com.mx"},"image":{"@id":"https:\/\/www.sonoraenequipo.com.mx\/#\/schema\/logo\/image\/"},"sameAs":["https:\/\/www.facebook.com\/SonoraEE\/","https:\/\/x.com\/sonoraenequipo","https:\/\/www.youtube.com\/channel\/UC338nW-lPEYmJQs4ZABQ1SQ"]},{"@type":"Person","@id":"https:\/\/www.sonoraenequipo.com.mx\/#\/schema\/person\/50102df0fb23a8fa9e8effad8fa81386","name":"enequipo","image":{"@type":"ImageObject","inLanguage":"es","@id":"https:\/\/www.sonoraenequipo.com.mx\/#\/schema\/person\/image\/","url":"https:\/\/secure.gravatar.com\/avatar\/049821681b589dabc0bc20695993ccebb09f5b5d4d790cd9251b97faac7c652b?s=96&d=blank&r=g","contentUrl":"https:\/\/secure.gravatar.com\/avatar\/049821681b589dabc0bc20695993ccebb09f5b5d4d790cd9251b97faac7c652b?s=96&d=blank&r=g","caption":"enequipo"},"sameAs":["https:\/\/www.facebook.com\/SonoraEE"]}]}},"jetpack_featured_media_url":"https:\/\/www.sonoraenequipo.com.mx\/storage\/2024\/04\/DEBATE-INE.jpg","_links":{"self":[{"href":"https:\/\/www.sonoraenequipo.com.mx\/api\/wp\/v2\/posts\/187182","targetHints":{"allow":["GET"]}}],"collection":[{"href":"https:\/\/www.sonoraenequipo.com.mx\/api\/wp\/v2\/posts"}],"about":[{"href":"https:\/\/www.sonoraenequipo.com.mx\/api\/wp\/v2\/types\/post"}],"author":[{"embeddable":true,"href":"https:\/\/www.sonoraenequipo.com.mx\/api\/wp\/v2\/users\/1"}],"replies":[{"embeddable":true,"href":"https:\/\/www.sonoraenequipo.com.mx\/api\/wp\/v2\/comments?post=187182"}],"version-history":[{"count":1,"href":"https:\/\/www.sonoraenequipo.com.mx\/api\/wp\/v2\/posts\/187182\/revisions"}],"predecessor-version":[{"id":187184,"href":"https:\/\/www.sonoraenequipo.com.mx\/api\/wp\/v2\/posts\/187182\/revisions\/187184"}],"wp:featuredmedia":[{"embeddable":true,"href":"https:\/\/www.sonoraenequipo.com.mx\/api\/wp\/v2\/media\/187183"}],"wp:attachment":[{"href":"https:\/\/www.sonoraenequipo.com.mx\/api\/wp\/v2\/media?parent=187182"}],"wp:term":[{"taxonomy":"category","embeddable":true,"href":"https:\/\/www.sonoraenequipo.com.mx\/api\/wp\/v2\/categories?post=187182"},{"taxonomy":"post_tag","embeddable":true,"href":"https:\/\/www.sonoraenequipo.com.mx\/api\/wp\/v2\/tags?post=187182"}],"curies":[{"name":"wp","href":"https:\/\/api.w.org\/{rel}","templated":true}]}}