{"id":187189,"date":"2024-04-08T09:58:51","date_gmt":"2024-04-08T16:58:51","guid":{"rendered":"https:\/\/www.sonoraenequipo.com.mx\/?p=187189"},"modified":"2024-04-08T16:10:19","modified_gmt":"2024-04-08T23:10:19","slug":"presidente-de-mexico-agradece-a-nicaragua-ruptura-con-ecuador","status":"publish","type":"post","link":"https:\/\/www.sonoraenequipo.com.mx\/presidente-de-mexico-agradece-a-nicaragua-ruptura-con-ecuador\/","title":{"rendered":"Presidente de M\u00e9xico agradece a Nicaragua ruptura con Ecuador."},"content":{"rendered":"<p><strong>CIUDAD DE M\u00c9XICO. MX. \u2014<\/strong> Luego que Nicaragua rompiera relaciones diplom\u00e1ticas con Ecuador, tras el allanamiento por parte de agentes policiacos de la Embajada de M\u00e9xico en Quito, la noche del viernes 5 de abril, el presidente Andr\u00e9s Manuel L\u00f3pez Obrador agradeci\u00f3 al Gobierno de Daniel Ortega, por el apoyo.<\/p>\n<p>&nbsp;<\/p>\n<p>&nbsp;<\/p>\n<p> <\/p>\n<p>Durante su conferencia matutina realizada en Mazatl\u00e1n, Sinaloa, L\u00f3pez Obrador apreci\u00f3 el gesto a Ortega porque<em><strong> \u201cnobleza obliga\u201d.<\/strong><\/em><\/p>\n<p>&nbsp;<\/p>\n<p>&nbsp;<\/p>\n<p><em><strong>\u201cSin que nosotros lo pidi\u00e9ramos, Nicaragua decide romper relaciones con Ecuador y le agradecemos a Nicaragua, porque nobleza obliga, y vamos. continuar\u201d<\/strong><\/em>, expuso.<\/p>\n<p>&nbsp;<\/p>\n<p>&nbsp;<\/p>\n<p>El pasado s\u00e1bado, el Gobierno de Nicaragua anunci\u00f3 la ruptura de relaciones diplom\u00e1ticas con Ecuador tras la irrupci\u00f3n policial en la Embajada de M\u00e9xico en Quito, donde agentes de seguridad ecuatorianos entraron a la fuerza la noche del viernes para detener al exvicepresidente Jorge Glas, al que el Ejecutivo mexicano hab\u00eda concedido el asilo pol\u00edtico.<\/p>\n<p>&nbsp;<\/p>\n<p>&nbsp;<\/p>\n<p>El Gobierno de Nicaragua explic\u00f3 que el primero de septiembre del 2020 retiraron su Embajada en Quito<em><strong> \u201cy con este pronunciamiento\u201d<\/strong><\/em> formalizan <em><strong>\u201cla ruptura de toda relaci\u00f3n diplom\u00e1tica\u201d<\/strong><\/em> con Ecuador.<\/p>\n<p>&nbsp;<\/p>\n<p>&nbsp;<\/p>\n<p>Asimismo, expres\u00f3 su solidaridad y acompa\u00f1amiento, en cualquier acci\u00f3n legal que de esto se derive, <em><strong>\u201cal presidente y Gobierno de M\u00e9xico, don Andr\u00e9s Manuel L\u00f3pez Obrador\u201d.<\/strong><\/em><\/p>\n<p>&nbsp;<\/p>\n<p>PUBLICADO EL 08 DE ABRIL DE 2024\/ Con informaci\u00f3n de AFP)<\/p>\n","protected":false},"excerpt":{"rendered":"<p>CIUDAD DE M\u00c9XICO. MX. \u2014 Luego que Nicaragua rompiera relaciones diplom\u00e1ticas con Ecuador, tras el&#8230;<\/p>\n","protected":false},"author":1,"featured_media":187190,"comment_status":"open","ping_status":"open","sticky":false,"template":"","format":"standard","meta":{"_monsterinsights_skip_tracking":false,"_monsterinsights_sitenote_active":false,"_monsterinsights_sitenote_note":"","_monsterinsights_sitenote_category":0,"footnotes":""},"categories":[3],"tags":[],"class_list":["post"],"yoast_head":" \n<title>Sonora en Equipo. Presidente de M\u00e9xico agradece a Nicaragua ruptura con Ecuador. MUNDO<\/title>\n<meta name=\"description\" content=\"CIUDAD DE M\u00c9XICO. MX. \u2014 Luego que Nicaragua rompiera relaciones diplom\u00e1ticas con Ecuador, tras el allanamiento por parte de agentes policiacos de la En Sonora en Equipo publicamos toda la informaci\u00f3n de Sonora, M\u00e9xico y el Mundo de manera oportuna y busca que la libertad de expresi\u00f3n sea real. Visita nuestro medio informativo publicado desde Hermosillo, Sonora. %\" \/>\n<meta name=\"robots\" content=\"index, follow, max-snippet:-1, max-image-preview:large, max-video-preview:-1\" \/>\n<link rel=\"canonical\" href=\"https:\/\/www.sonoraenequipo.com.mx\/presidente-de-mexico-agradece-a-nicaragua-ruptura-con-ecuador\/\" \/>\n<meta property=\"og:locale\" content=\"es_ES\" \/>\n<meta property=\"og:type\" content=\"article\" \/>\n<meta property=\"og:title\" content=\"Sonora en Equipo. Presidente de M\u00e9xico agradece a Nicaragua ruptura con Ecuador. MUNDO\" \/>\n<meta property=\"og:description\" content=\"CIUDAD DE M\u00c9XICO. MX. \u2014 Luego que Nicaragua rompiera relaciones diplom\u00e1ticas con Ecuador, tras el allanamiento por parte de agentes policiacos de la En Sonora en Equipo publicamos toda la informaci\u00f3n de Sonora, M\u00e9xico y el Mundo de manera oportuna y busca que la libertad de expresi\u00f3n sea real. Visita nuestro medio informativo publicado desde Hermosillo, Sonora. %\" \/>\n<meta property=\"og:url\" content=\"https:\/\/www.sonoraenequipo.com.mx\/presidente-de-mexico-agradece-a-nicaragua-ruptura-con-ecuador\/\" \/>\n<meta property=\"og:site_name\" content=\"Sonora en Equipo.\" \/>\n<meta property=\"article:publisher\" content=\"https:\/\/www.facebook.com\/SonoraEE\/\" \/>\n<meta property=\"article:author\" content=\"https:\/\/www.facebook.com\/SonoraEE\" \/>\n<meta property=\"article:published_time\" content=\"2024-04-08T16:58:51+00:00\" \/>\n<meta property=\"article:modified_time\" content=\"2024-04-08T23:10:19+00:00\" \/>\n<meta property=\"og:image\" content=\"https:\/\/www.sonoraenequipo.com.mx\/storage\/2024\/04\/nicaragua_daniel_ortega-min.jpg\" \/>\n\t<meta property=\"og:image:width\" content=\"1280\" \/>\n\t<meta property=\"og:image:height\" content=\"740\" \/>\n\t<meta property=\"og:image:type\" content=\"image\/jpeg\" \/>\n<meta name=\"author\" content=\"enequipo\" \/>\n<meta name=\"twitter:card\" content=\"summary_large_image\" \/>\n<meta name=\"twitter:creator\" content=\"@sonoraenequipo\" \/>\n<meta name=\"twitter:site\" content=\"@sonoraenequipo\" \/>\n<meta name=\"twitter:label1\" content=\"Escrito por\" \/>\n\t<meta name=\"twitter:data1\" content=\"enequipo\" \/>\n\t<meta name=\"twitter:label2\" content=\"Tiempo de lectura\" \/>\n\t<meta name=\"twitter:data2\" content=\"1 minuto\" \/>\n<script type=\"application\/ld+json\" class=\"yoast-schema-graph\">{\"@context\":\"https:\/\/schema.org\",\"@graph\":[{\"@type\":\"Article\",\"@id\":\"https:\/\/www.sonoraenequipo.com.mx\/presidente-de-mexico-agradece-a-nicaragua-ruptura-con-ecuador\/#article\",\"isPartOf\":{\"@id\":\"https:\/\/www.sonoraenequipo.com.mx\/presidente-de-mexico-agradece-a-nicaragua-ruptura-con-ecuador\/\"},\"author\":{\"name\":\"enequipo\",\"@id\":\"https:\/\/www.sonoraenequipo.com.mx\/#\/schema\/person\/50102df0fb23a8fa9e8effad8fa81386\"},\"headline\":\"Presidente de M\u00e9xico agradece a Nicaragua ruptura con Ecuador.\",\"datePublished\":\"2024-04-08T16:58:51+00:00\",\"dateModified\":\"2024-04-08T23:10:19+00:00\",\"mainEntityOfPage\":{\"@id\":\"https:\/\/www.sonoraenequipo.com.mx\/presidente-de-mexico-agradece-a-nicaragua-ruptura-con-ecuador\/\"},\"wordCount\":251,\"commentCount\":0,\"publisher\":{\"@id\":\"https:\/\/www.sonoraenequipo.com.mx\/#organization\"},\"image\":{\"@id\":\"https:\/\/www.sonoraenequipo.com.mx\/presidente-de-mexico-agradece-a-nicaragua-ruptura-con-ecuador\/#primaryimage\"},\"thumbnailUrl\":\"https:\/\/www.sonoraenequipo.com.mx\/storage\/2024\/04\/nicaragua_daniel_ortega-min.jpg\",\"articleSection\":[\"MUNDO\"],\"inLanguage\":\"es\",\"potentialAction\":[{\"@type\":\"CommentAction\",\"name\":\"Comment\",\"target\":[\"https:\/\/www.sonoraenequipo.com.mx\/presidente-de-mexico-agradece-a-nicaragua-ruptura-con-ecuador\/#respond\"]}]},{\"@type\":\"WebPage\",\"@id\":\"https:\/\/www.sonoraenequipo.com.mx\/presidente-de-mexico-agradece-a-nicaragua-ruptura-con-ecuador\/\",\"url\":\"https:\/\/www.sonoraenequipo.com.mx\/presidente-de-mexico-agradece-a-nicaragua-ruptura-con-ecuador\/\",\"name\":\"Sonora en Equipo. Presidente de M\u00e9xico agradece a Nicaragua ruptura con Ecuador. MUNDO\",\"isPartOf\":{\"@id\":\"https:\/\/www.sonoraenequipo.com.mx\/#website\"},\"primaryImageOfPage\":{\"@id\":\"https:\/\/www.sonoraenequipo.com.mx\/presidente-de-mexico-agradece-a-nicaragua-ruptura-con-ecuador\/#primaryimage\"},\"image\":{\"@id\":\"https:\/\/www.sonoraenequipo.com.mx\/presidente-de-mexico-agradece-a-nicaragua-ruptura-con-ecuador\/#primaryimage\"},\"thumbnailUrl\":\"https:\/\/www.sonoraenequipo.com.mx\/storage\/2024\/04\/nicaragua_daniel_ortega-min.jpg\",\"datePublished\":\"2024-04-08T16:58:51+00:00\",\"dateModified\":\"2024-04-08T23:10:19+00:00\",\"description\":\"CIUDAD DE M\u00c9XICO. MX. \u2014 Luego que Nicaragua rompiera relaciones diplom\u00e1ticas con Ecuador, tras el allanamiento por parte de agentes policiacos de la En Sonora en Equipo publicamos toda la informaci\u00f3n de Sonora, M\u00e9xico y el Mundo de manera oportuna y busca que la libertad de expresi\u00f3n sea real. Visita nuestro medio informativo publicado desde Hermosillo, Sonora. %\",\"breadcrumb\":{\"@id\":\"https:\/\/www.sonoraenequipo.com.mx\/presidente-de-mexico-agradece-a-nicaragua-ruptura-con-ecuador\/#breadcrumb\"},\"inLanguage\":\"es\",\"potentialAction\":[{\"@type\":\"ReadAction\",\"target\":[\"https:\/\/www.sonoraenequipo.com.mx\/presidente-de-mexico-agradece-a-nicaragua-ruptura-con-ecuador\/\"]}]},{\"@type\":\"ImageObject\",\"inLanguage\":\"es\",\"@id\":\"https:\/\/www.sonoraenequipo.com.mx\/presidente-de-mexico-agradece-a-nicaragua-ruptura-con-ecuador\/#primaryimage\",\"url\":\"https:\/\/www.sonoraenequipo.com.mx\/storage\/2024\/04\/nicaragua_daniel_ortega-min.jpg\",\"contentUrl\":\"https:\/\/www.sonoraenequipo.com.mx\/storage\/2024\/04\/nicaragua_daniel_ortega-min.jpg\",\"width\":1280,\"height\":740},{\"@type\":\"BreadcrumbList\",\"@id\":\"https:\/\/www.sonoraenequipo.com.mx\/presidente-de-mexico-agradece-a-nicaragua-ruptura-con-ecuador\/#breadcrumb\",\"itemListElement\":[{\"@type\":\"ListItem\",\"position\":1,\"name\":\"Portada\",\"item\":\"https:\/\/www.sonoraenequipo.com.mx\/\"},{\"@type\":\"ListItem\",\"position\":2,\"name\":\"Presidente de M\u00e9xico agradece a Nicaragua ruptura con Ecuador.\"}]},{\"@type\":\"WebSite\",\"@id\":\"https:\/\/www.sonoraenequipo.com.mx\/#website\",\"url\":\"https:\/\/www.sonoraenequipo.com.mx\/\",\"name\":\"Sonora en Equipo.\",\"description\":\"Diario en l\u00ednea con Noticias desde Hermosillo, Sonora\",\"publisher\":{\"@id\":\"https:\/\/www.sonoraenequipo.com.mx\/#organization\"},\"potentialAction\":[{\"@type\":\"SearchAction\",\"target\":{\"@type\":\"EntryPoint\",\"urlTemplate\":\"https:\/\/www.sonoraenequipo.com.mx\/?s={search_term_string}\"},\"query-input\":{\"@type\":\"PropertyValueSpecification\",\"valueRequired\":true,\"valueName\":\"search_term_string\"}}],\"inLanguage\":\"es\"},{\"@type\":\"Organization\",\"@id\":\"https:\/\/www.sonoraenequipo.com.mx\/#organization\",\"name\":\"Sonoraenequipo.com.mx\",\"url\":\"https:\/\/www.sonoraenequipo.com.mx\/\",\"logo\":{\"@type\":\"ImageObject\",\"inLanguage\":\"es\",\"@id\":\"https:\/\/www.sonoraenequipo.com.mx\/#\/schema\/logo\/image\/\",\"url\":\"https:\/\/www.sonoraenequipo.com.mx\/storage\/2019\/01\/sonoraenequipo_opt.png\",\"contentUrl\":\"https:\/\/www.sonoraenequipo.com.mx\/storage\/2019\/01\/sonoraenequipo_opt.png\",\"width\":375,\"height\":125,\"caption\":\"Sonoraenequipo.com.mx\"},\"image\":{\"@id\":\"https:\/\/www.sonoraenequipo.com.mx\/#\/schema\/logo\/image\/\"},\"sameAs\":[\"https:\/\/www.facebook.com\/SonoraEE\/\",\"https:\/\/x.com\/sonoraenequipo\",\"https:\/\/www.youtube.com\/channel\/UC338nW-lPEYmJQs4ZABQ1SQ\"]},{\"@type\":\"Person\",\"@id\":\"https:\/\/www.sonoraenequipo.com.mx\/#\/schema\/person\/50102df0fb23a8fa9e8effad8fa81386\",\"name\":\"enequipo\",\"image\":{\"@type\":\"ImageObject\",\"inLanguage\":\"es\",\"@id\":\"https:\/\/www.sonoraenequipo.com.mx\/#\/schema\/person\/image\/\",\"url\":\"https:\/\/secure.gravatar.com\/avatar\/049821681b589dabc0bc20695993ccebb09f5b5d4d790cd9251b97faac7c652b?s=96&d=blank&r=g\",\"contentUrl\":\"https:\/\/secure.gravatar.com\/avatar\/049821681b589dabc0bc20695993ccebb09f5b5d4d790cd9251b97faac7c652b?s=96&d=blank&r=g\",\"caption\":\"enequipo\"},\"sameAs\":[\"https:\/\/www.facebook.com\/SonoraEE\"]}]}<\/script>\n ","yoast_head_json":{"title":"Sonora en Equipo. Presidente de M\u00e9xico agradece a Nicaragua ruptura con Ecuador. MUNDO","description":"CIUDAD DE M\u00c9XICO. MX. \u2014 Luego que Nicaragua rompiera relaciones diplom\u00e1ticas con Ecuador, tras el allanamiento por parte de agentes policiacos de la En Sonora en Equipo publicamos toda la informaci\u00f3n de Sonora, M\u00e9xico y el Mundo de manera oportuna y busca que la libertad de expresi\u00f3n sea real. Visita nuestro medio informativo publicado desde Hermosillo, Sonora. %","robots":{"index":"index","follow":"follow","max-snippet":"max-snippet:-1","max-image-preview":"max-image-preview:large","max-video-preview":"max-video-preview:-1"},"canonical":"https:\/\/www.sonoraenequipo.com.mx\/presidente-de-mexico-agradece-a-nicaragua-ruptura-con-ecuador\/","og_locale":"es_ES","og_type":"article","og_title":"Sonora en Equipo. Presidente de M\u00e9xico agradece a Nicaragua ruptura con Ecuador. MUNDO","og_description":"CIUDAD DE M\u00c9XICO. MX. \u2014 Luego que Nicaragua rompiera relaciones diplom\u00e1ticas con Ecuador, tras el allanamiento por parte de agentes policiacos de la En Sonora en Equipo publicamos toda la informaci\u00f3n de Sonora, M\u00e9xico y el Mundo de manera oportuna y busca que la libertad de expresi\u00f3n sea real. Visita nuestro medio informativo publicado desde Hermosillo, Sonora. %","og_url":"https:\/\/www.sonoraenequipo.com.mx\/presidente-de-mexico-agradece-a-nicaragua-ruptura-con-ecuador\/","og_site_name":"Sonora en Equipo.","article_publisher":"https:\/\/www.facebook.com\/SonoraEE\/","article_author":"https:\/\/www.facebook.com\/SonoraEE","article_published_time":"2024-04-08T16:58:51+00:00","article_modified_time":"2024-04-08T23:10:19+00:00","og_image":[{"width":1280,"height":740,"url":"https:\/\/www.sonoraenequipo.com.mx\/storage\/2024\/04\/nicaragua_daniel_ortega-min.jpg","type":"image\/jpeg"}],"author":"enequipo","twitter_card":"summary_large_image","twitter_creator":"@sonoraenequipo","twitter_site":"@sonoraenequipo","twitter_misc":{"Escrito por":"enequipo","Tiempo de lectura":"1 minuto"},"schema":{"@context":"https:\/\/schema.org","@graph":[{"@type":"Article","@id":"https:\/\/www.sonoraenequipo.com.mx\/presidente-de-mexico-agradece-a-nicaragua-ruptura-con-ecuador\/#article","isPartOf":{"@id":"https:\/\/www.sonoraenequipo.com.mx\/presidente-de-mexico-agradece-a-nicaragua-ruptura-con-ecuador\/"},"author":{"name":"enequipo","@id":"https:\/\/www.sonoraenequipo.com.mx\/#\/schema\/person\/50102df0fb23a8fa9e8effad8fa81386"},"headline":"Presidente de M\u00e9xico agradece a Nicaragua ruptura con Ecuador.","datePublished":"2024-04-08T16:58:51+00:00","dateModified":"2024-04-08T23:10:19+00:00","mainEntityOfPage":{"@id":"https:\/\/www.sonoraenequipo.com.mx\/presidente-de-mexico-agradece-a-nicaragua-ruptura-con-ecuador\/"},"wordCount":251,"commentCount":0,"publisher":{"@id":"https:\/\/www.sonoraenequipo.com.mx\/#organization"},"image":{"@id":"https:\/\/www.sonoraenequipo.com.mx\/presidente-de-mexico-agradece-a-nicaragua-ruptura-con-ecuador\/#primaryimage"},"thumbnailUrl":"https:\/\/www.sonoraenequipo.com.mx\/storage\/2024\/04\/nicaragua_daniel_ortega-min.jpg","articleSection":["MUNDO"],"inLanguage":"es","potentialAction":[{"@type":"CommentAction","name":"Comment","target":["https:\/\/www.sonoraenequipo.com.mx\/presidente-de-mexico-agradece-a-nicaragua-ruptura-con-ecuador\/#respond"]}]},{"@type":"WebPage","@id":"https:\/\/www.sonoraenequipo.com.mx\/presidente-de-mexico-agradece-a-nicaragua-ruptura-con-ecuador\/","url":"https:\/\/www.sonoraenequipo.com.mx\/presidente-de-mexico-agradece-a-nicaragua-ruptura-con-ecuador\/","name":"Sonora en Equipo. Presidente de M\u00e9xico agradece a Nicaragua ruptura con Ecuador. MUNDO","isPartOf":{"@id":"https:\/\/www.sonoraenequipo.com.mx\/#website"},"primaryImageOfPage":{"@id":"https:\/\/www.sonoraenequipo.com.mx\/presidente-de-mexico-agradece-a-nicaragua-ruptura-con-ecuador\/#primaryimage"},"image":{"@id":"https:\/\/www.sonoraenequipo.com.mx\/presidente-de-mexico-agradece-a-nicaragua-ruptura-con-ecuador\/#primaryimage"},"thumbnailUrl":"https:\/\/www.sonoraenequipo.com.mx\/storage\/2024\/04\/nicaragua_daniel_ortega-min.jpg","datePublished":"2024-04-08T16:58:51+00:00","dateModified":"2024-04-08T23:10:19+00:00","description":"CIUDAD DE M\u00c9XICO. MX. \u2014 Luego que Nicaragua rompiera relaciones diplom\u00e1ticas con Ecuador, tras el allanamiento por parte de agentes policiacos de la En Sonora en Equipo publicamos toda la informaci\u00f3n de Sonora, M\u00e9xico y el Mundo de manera oportuna y busca que la libertad de expresi\u00f3n sea real. Visita nuestro medio informativo publicado desde Hermosillo, Sonora. %","breadcrumb":{"@id":"https:\/\/www.sonoraenequipo.com.mx\/presidente-de-mexico-agradece-a-nicaragua-ruptura-con-ecuador\/#breadcrumb"},"inLanguage":"es","potentialAction":[{"@type":"ReadAction","target":["https:\/\/www.sonoraenequipo.com.mx\/presidente-de-mexico-agradece-a-nicaragua-ruptura-con-ecuador\/"]}]},{"@type":"ImageObject","inLanguage":"es","@id":"https:\/\/www.sonoraenequipo.com.mx\/presidente-de-mexico-agradece-a-nicaragua-ruptura-con-ecuador\/#primaryimage","url":"https:\/\/www.sonoraenequipo.com.mx\/storage\/2024\/04\/nicaragua_daniel_ortega-min.jpg","contentUrl":"https:\/\/www.sonoraenequipo.com.mx\/storage\/2024\/04\/nicaragua_daniel_ortega-min.jpg","width":1280,"height":740},{"@type":"BreadcrumbList","@id":"https:\/\/www.sonoraenequipo.com.mx\/presidente-de-mexico-agradece-a-nicaragua-ruptura-con-ecuador\/#breadcrumb","itemListElement":[{"@type":"ListItem","position":1,"name":"Portada","item":"https:\/\/www.sonoraenequipo.com.mx\/"},{"@type":"ListItem","position":2,"name":"Presidente de M\u00e9xico agradece a Nicaragua ruptura con Ecuador."}]},{"@type":"WebSite","@id":"https:\/\/www.sonoraenequipo.com.mx\/#website","url":"https:\/\/www.sonoraenequipo.com.mx\/","name":"Sonora en Equipo.","description":"Diario en l\u00ednea con Noticias desde Hermosillo, Sonora","publisher":{"@id":"https:\/\/www.sonoraenequipo.com.mx\/#organization"},"potentialAction":[{"@type":"SearchAction","target":{"@type":"EntryPoint","urlTemplate":"https:\/\/www.sonoraenequipo.com.mx\/?s={search_term_string}"},"query-input":{"@type":"PropertyValueSpecification","valueRequired":true,"valueName":"search_term_string"}}],"inLanguage":"es"},{"@type":"Organization","@id":"https:\/\/www.sonoraenequipo.com.mx\/#organization","name":"Sonoraenequipo.com.mx","url":"https:\/\/www.sonoraenequipo.com.mx\/","logo":{"@type":"ImageObject","inLanguage":"es","@id":"https:\/\/www.sonoraenequipo.com.mx\/#\/schema\/logo\/image\/","url":"https:\/\/www.sonoraenequipo.com.mx\/storage\/2019\/01\/sonoraenequipo_opt.png","contentUrl":"https:\/\/www.sonoraenequipo.com.mx\/storage\/2019\/01\/sonoraenequipo_opt.png","width":375,"height":125,"caption":"Sonoraenequipo.com.mx"},"image":{"@id":"https:\/\/www.sonoraenequipo.com.mx\/#\/schema\/logo\/image\/"},"sameAs":["https:\/\/www.facebook.com\/SonoraEE\/","https:\/\/x.com\/sonoraenequipo","https:\/\/www.youtube.com\/channel\/UC338nW-lPEYmJQs4ZABQ1SQ"]},{"@type":"Person","@id":"https:\/\/www.sonoraenequipo.com.mx\/#\/schema\/person\/50102df0fb23a8fa9e8effad8fa81386","name":"enequipo","image":{"@type":"ImageObject","inLanguage":"es","@id":"https:\/\/www.sonoraenequipo.com.mx\/#\/schema\/person\/image\/","url":"https:\/\/secure.gravatar.com\/avatar\/049821681b589dabc0bc20695993ccebb09f5b5d4d790cd9251b97faac7c652b?s=96&d=blank&r=g","contentUrl":"https:\/\/secure.gravatar.com\/avatar\/049821681b589dabc0bc20695993ccebb09f5b5d4d790cd9251b97faac7c652b?s=96&d=blank&r=g","caption":"enequipo"},"sameAs":["https:\/\/www.facebook.com\/SonoraEE"]}]}},"jetpack_featured_media_url":"https:\/\/www.sonoraenequipo.com.mx\/storage\/2024\/04\/nicaragua_daniel_ortega-min.jpg","_links":{"self":[{"href":"https:\/\/www.sonoraenequipo.com.mx\/api\/wp\/v2\/posts\/187189","targetHints":{"allow":["GET"]}}],"collection":[{"href":"https:\/\/www.sonoraenequipo.com.mx\/api\/wp\/v2\/posts"}],"about":[{"href":"https:\/\/www.sonoraenequipo.com.mx\/api\/wp\/v2\/types\/post"}],"author":[{"embeddable":true,"href":"https:\/\/www.sonoraenequipo.com.mx\/api\/wp\/v2\/users\/1"}],"replies":[{"embeddable":true,"href":"https:\/\/www.sonoraenequipo.com.mx\/api\/wp\/v2\/comments?post=187189"}],"version-history":[{"count":1,"href":"https:\/\/www.sonoraenequipo.com.mx\/api\/wp\/v2\/posts\/187189\/revisions"}],"predecessor-version":[{"id":187191,"href":"https:\/\/www.sonoraenequipo.com.mx\/api\/wp\/v2\/posts\/187189\/revisions\/187191"}],"wp:featuredmedia":[{"embeddable":true,"href":"https:\/\/www.sonoraenequipo.com.mx\/api\/wp\/v2\/media\/187190"}],"wp:attachment":[{"href":"https:\/\/www.sonoraenequipo.com.mx\/api\/wp\/v2\/media?parent=187189"}],"wp:term":[{"taxonomy":"category","embeddable":true,"href":"https:\/\/www.sonoraenequipo.com.mx\/api\/wp\/v2\/categories?post=187189"},{"taxonomy":"post_tag","embeddable":true,"href":"https:\/\/www.sonoraenequipo.com.mx\/api\/wp\/v2\/tags?post=187189"}],"curies":[{"name":"wp","href":"https:\/\/api.w.org\/{rel}","templated":true}]}}