{"id":187195,"date":"2024-04-08T10:21:00","date_gmt":"2024-04-08T17:21:00","guid":{"rendered":"https:\/\/www.sonoraenequipo.com.mx\/?p=187195"},"modified":"2024-04-08T16:28:46","modified_gmt":"2024-04-08T23:28:46","slug":"lopez-obrador-atestigua-eclipse-solar-total-en-mazatlan-es-un-privilegio-vivir-para-contarlo-asegura","status":"publish","type":"post","link":"https:\/\/www.sonoraenequipo.com.mx\/lopez-obrador-atestigua-eclipse-solar-total-en-mazatlan-es-un-privilegio-vivir-para-contarlo-asegura\/","title":{"rendered":"L\u00f3pez Obrador atestigua eclipse solar total en Mazatl\u00e1n; \u201ces un privilegio vivir para contarlo\u201d, asegura"},"content":{"rendered":"<p><strong>MAZATL\u00c1N, SINALOA. MX.<\/strong> \u2014 El presidente Andr\u00e9s Manuel L\u00f3pez Obrador presenci\u00f3 en Mazatl\u00e1n, Sinaloa, el eclipse solar total. Por unos instantes el d\u00eda se convirti\u00f3 en noche. El municipio fue uno de los lugares id\u00f3neos en M\u00e9xico para observar este fen\u00f3meno astron\u00f3mico, que comenz\u00f3 a las 9:51:23 am, hora local.<\/p>\n<p>&nbsp;<\/p>\n<p> <br \/>\n<em><strong>\u201cLa verdad es un d\u00eda inolvidable, muy interesante todo este fen\u00f3meno, muy bello y es un privilegio vivir para contarlo\u201d,<\/strong><\/em> expres\u00f3 en compa\u00f1\u00eda de integrantes del Gobierno de M\u00e9xico y representantes de medios de comunicaci\u00f3n.<\/p>\n<p>&nbsp;<\/p>\n<p>&nbsp;<\/p>\n<p>El inicio del eclipse solar total en Mazatl\u00e1n ocurri\u00f3 a las 11:07 horas y su m\u00e1ximo lo alcanz\u00f3 a las 11:09 horas, cuando el lugar se cubri\u00f3 de oscuridad en pleno d\u00eda y registr\u00f3 una baja de temperatura, similar al anochecer. El eclipse total finaliz\u00f3 a las 11:11 horas, mientras que el parcial concluy\u00f3 a las 12:32 horas.<\/p>\n<p>&nbsp;<\/p>\n<p>&nbsp;<\/p>\n<p>El mandatario apreci\u00f3 el curso del eclipse solar a trav\u00e9s de un filtro certificado con la norma ISO 12312-2 y de la c\u00e1mara oscura, instrumento de fabricaci\u00f3n casera que reflej\u00f3 de forma indirecta la sombra de este fen\u00f3meno sin afectar la visi\u00f3n.<\/p>\n<p>&nbsp;<\/p>\n<p>&nbsp;<\/p>\n<p>El pr\u00f3ximo eclipse solar total en el pa\u00eds ser\u00e1 en 28 a\u00f1os, es decir, en el 2052. Es posible hacer esta predicci\u00f3n gracias a los avances y conocimientos en la ciencia, indic\u00f3 la directora general del Consejo Nacional de Humanidades, Ciencias y Tecnolog\u00edas (Conahcyt), Mar\u00eda Elena \u00c1lvarez-Buylla Roces.<\/p>\n<p>&nbsp;<\/p>\n<p>&nbsp;<\/p>\n<p>En conferencia de prensa matutina se document\u00f3 en tiempo real el eclipse solar total, evento que ocurre cuando la luna pasa delante del sol y proyecta una sombra en la tierra. El fen\u00f3meno pudo verse totalmente en una franja de 200 kil\u00f3metros de ancho en el pa\u00eds, la cual cruz\u00f3 el noroeste del pa\u00eds, particularmente Sinaloa, Durango y Coahuila.<\/p>\n<p>&nbsp;<\/p>\n<p>&nbsp;<\/p>\n<p>Silvia Torres Castilleja, investigadora em\u00e9rita del Instituto de Astronom\u00eda de la Universidad Nacional Aut\u00f3noma de M\u00e9xico (UNAM) y primera mujer que a nivel nacional obtuvo un doctorado en astronom\u00eda, as\u00ed como la investigadora del Conahcyt, Ana Patricia Torres Campos Licastro, ofrecieron un taller sobre el eclipse previo al avistamiento.<\/p>\n<p>&nbsp;<\/p>\n<p>&nbsp;<\/p>\n<p>PUBLICADO EL 08 DE ABRIL DE 2024\/ Con informaci\u00f3n de Conferencia matutina presidencial)<\/p>\n","protected":false},"excerpt":{"rendered":"<p>MAZATL\u00c1N, SINALOA. MX. \u2014 El presidente Andr\u00e9s Manuel L\u00f3pez Obrador presenci\u00f3 en Mazatl\u00e1n, Sinaloa, el&#8230;<\/p>\n","protected":false},"author":1,"featured_media":187196,"comment_status":"open","ping_status":"open","sticky":false,"template":"","format":"standard","meta":{"_monsterinsights_skip_tracking":false,"_monsterinsights_sitenote_active":false,"_monsterinsights_sitenote_note":"","_monsterinsights_sitenote_category":0,"footnotes":""},"categories":[5],"tags":[],"class_list":["post"],"yoast_head":" \n<title>Sonora en Equipo. L\u00f3pez Obrador atestigua eclipse solar total en Mazatl\u00e1n; \u201ces un privilegio vivir para contarlo\u201d, asegura Rep\u00fablica<\/title>\n<meta name=\"description\" content=\"MAZATL\u00c1N, SINALOA. MX. \u2014 El presidente Andr\u00e9s Manuel L\u00f3pez Obrador presenci\u00f3 en Mazatl\u00e1n, Sinaloa, el eclipse solar total. Por unos instantes el d\u00eda se En Sonora en Equipo publicamos toda la informaci\u00f3n de Sonora, M\u00e9xico y el Mundo de manera oportuna y busca que la libertad de expresi\u00f3n sea real. Visita nuestro medio informativo publicado desde Hermosillo, Sonora. %\" \/>\n<meta name=\"robots\" content=\"index, follow, max-snippet:-1, max-image-preview:large, max-video-preview:-1\" \/>\n<link rel=\"canonical\" href=\"https:\/\/www.sonoraenequipo.com.mx\/lopez-obrador-atestigua-eclipse-solar-total-en-mazatlan-es-un-privilegio-vivir-para-contarlo-asegura\/\" \/>\n<meta property=\"og:locale\" content=\"es_ES\" \/>\n<meta property=\"og:type\" content=\"article\" \/>\n<meta property=\"og:title\" content=\"Sonora en Equipo. L\u00f3pez Obrador atestigua eclipse solar total en Mazatl\u00e1n; \u201ces un privilegio vivir para contarlo\u201d, asegura Rep\u00fablica\" \/>\n<meta property=\"og:description\" content=\"MAZATL\u00c1N, SINALOA. MX. \u2014 El presidente Andr\u00e9s Manuel L\u00f3pez Obrador presenci\u00f3 en Mazatl\u00e1n, Sinaloa, el eclipse solar total. Por unos instantes el d\u00eda se En Sonora en Equipo publicamos toda la informaci\u00f3n de Sonora, M\u00e9xico y el Mundo de manera oportuna y busca que la libertad de expresi\u00f3n sea real. Visita nuestro medio informativo publicado desde Hermosillo, Sonora. %\" \/>\n<meta property=\"og:url\" content=\"https:\/\/www.sonoraenequipo.com.mx\/lopez-obrador-atestigua-eclipse-solar-total-en-mazatlan-es-un-privilegio-vivir-para-contarlo-asegura\/\" \/>\n<meta property=\"og:site_name\" content=\"Sonora en Equipo.\" \/>\n<meta property=\"article:publisher\" content=\"https:\/\/www.facebook.com\/SonoraEE\/\" \/>\n<meta property=\"article:author\" content=\"https:\/\/www.facebook.com\/SonoraEE\" \/>\n<meta property=\"article:published_time\" content=\"2024-04-08T17:21:00+00:00\" \/>\n<meta property=\"article:modified_time\" content=\"2024-04-08T23:28:46+00:00\" \/>\n<meta property=\"og:image\" content=\"https:\/\/www.sonoraenequipo.com.mx\/storage\/2024\/04\/2024-04-08-amlo-5-min.jpg\" \/>\n\t<meta property=\"og:image:width\" content=\"900\" \/>\n\t<meta property=\"og:image:height\" content=\"632\" \/>\n\t<meta property=\"og:image:type\" content=\"image\/jpeg\" \/>\n<meta name=\"author\" content=\"enequipo\" \/>\n<meta name=\"twitter:card\" content=\"summary_large_image\" \/>\n<meta name=\"twitter:creator\" content=\"@sonoraenequipo\" \/>\n<meta name=\"twitter:site\" content=\"@sonoraenequipo\" \/>\n<meta name=\"twitter:label1\" content=\"Escrito por\" \/>\n\t<meta name=\"twitter:data1\" content=\"enequipo\" \/>\n\t<meta name=\"twitter:label2\" content=\"Tiempo de lectura\" \/>\n\t<meta name=\"twitter:data2\" content=\"2 minutos\" \/>\n<script type=\"application\/ld+json\" class=\"yoast-schema-graph\">{\"@context\":\"https:\/\/schema.org\",\"@graph\":[{\"@type\":\"Article\",\"@id\":\"https:\/\/www.sonoraenequipo.com.mx\/lopez-obrador-atestigua-eclipse-solar-total-en-mazatlan-es-un-privilegio-vivir-para-contarlo-asegura\/#article\",\"isPartOf\":{\"@id\":\"https:\/\/www.sonoraenequipo.com.mx\/lopez-obrador-atestigua-eclipse-solar-total-en-mazatlan-es-un-privilegio-vivir-para-contarlo-asegura\/\"},\"author\":{\"name\":\"enequipo\",\"@id\":\"https:\/\/www.sonoraenequipo.com.mx\/#\/schema\/person\/50102df0fb23a8fa9e8effad8fa81386\"},\"headline\":\"L\u00f3pez Obrador atestigua eclipse solar total en Mazatl\u00e1n; \u201ces un privilegio vivir para contarlo\u201d, asegura\",\"datePublished\":\"2024-04-08T17:21:00+00:00\",\"dateModified\":\"2024-04-08T23:28:46+00:00\",\"mainEntityOfPage\":{\"@id\":\"https:\/\/www.sonoraenequipo.com.mx\/lopez-obrador-atestigua-eclipse-solar-total-en-mazatlan-es-un-privilegio-vivir-para-contarlo-asegura\/\"},\"wordCount\":411,\"commentCount\":0,\"publisher\":{\"@id\":\"https:\/\/www.sonoraenequipo.com.mx\/#organization\"},\"image\":{\"@id\":\"https:\/\/www.sonoraenequipo.com.mx\/lopez-obrador-atestigua-eclipse-solar-total-en-mazatlan-es-un-privilegio-vivir-para-contarlo-asegura\/#primaryimage\"},\"thumbnailUrl\":\"https:\/\/www.sonoraenequipo.com.mx\/storage\/2024\/04\/2024-04-08-amlo-5-min.jpg\",\"articleSection\":[\"Rep\u00fablica\"],\"inLanguage\":\"es\",\"potentialAction\":[{\"@type\":\"CommentAction\",\"name\":\"Comment\",\"target\":[\"https:\/\/www.sonoraenequipo.com.mx\/lopez-obrador-atestigua-eclipse-solar-total-en-mazatlan-es-un-privilegio-vivir-para-contarlo-asegura\/#respond\"]}]},{\"@type\":\"WebPage\",\"@id\":\"https:\/\/www.sonoraenequipo.com.mx\/lopez-obrador-atestigua-eclipse-solar-total-en-mazatlan-es-un-privilegio-vivir-para-contarlo-asegura\/\",\"url\":\"https:\/\/www.sonoraenequipo.com.mx\/lopez-obrador-atestigua-eclipse-solar-total-en-mazatlan-es-un-privilegio-vivir-para-contarlo-asegura\/\",\"name\":\"Sonora en Equipo. L\u00f3pez Obrador atestigua eclipse solar total en Mazatl\u00e1n; \u201ces un privilegio vivir para contarlo\u201d, asegura Rep\u00fablica\",\"isPartOf\":{\"@id\":\"https:\/\/www.sonoraenequipo.com.mx\/#website\"},\"primaryImageOfPage\":{\"@id\":\"https:\/\/www.sonoraenequipo.com.mx\/lopez-obrador-atestigua-eclipse-solar-total-en-mazatlan-es-un-privilegio-vivir-para-contarlo-asegura\/#primaryimage\"},\"image\":{\"@id\":\"https:\/\/www.sonoraenequipo.com.mx\/lopez-obrador-atestigua-eclipse-solar-total-en-mazatlan-es-un-privilegio-vivir-para-contarlo-asegura\/#primaryimage\"},\"thumbnailUrl\":\"https:\/\/www.sonoraenequipo.com.mx\/storage\/2024\/04\/2024-04-08-amlo-5-min.jpg\",\"datePublished\":\"2024-04-08T17:21:00+00:00\",\"dateModified\":\"2024-04-08T23:28:46+00:00\",\"description\":\"MAZATL\u00c1N, SINALOA. MX. \u2014 El presidente Andr\u00e9s Manuel L\u00f3pez Obrador presenci\u00f3 en Mazatl\u00e1n, Sinaloa, el eclipse solar total. Por unos instantes el d\u00eda se En Sonora en Equipo publicamos toda la informaci\u00f3n de Sonora, M\u00e9xico y el Mundo de manera oportuna y busca que la libertad de expresi\u00f3n sea real. Visita nuestro medio informativo publicado desde Hermosillo, Sonora. %\",\"breadcrumb\":{\"@id\":\"https:\/\/www.sonoraenequipo.com.mx\/lopez-obrador-atestigua-eclipse-solar-total-en-mazatlan-es-un-privilegio-vivir-para-contarlo-asegura\/#breadcrumb\"},\"inLanguage\":\"es\",\"potentialAction\":[{\"@type\":\"ReadAction\",\"target\":[\"https:\/\/www.sonoraenequipo.com.mx\/lopez-obrador-atestigua-eclipse-solar-total-en-mazatlan-es-un-privilegio-vivir-para-contarlo-asegura\/\"]}]},{\"@type\":\"ImageObject\",\"inLanguage\":\"es\",\"@id\":\"https:\/\/www.sonoraenequipo.com.mx\/lopez-obrador-atestigua-eclipse-solar-total-en-mazatlan-es-un-privilegio-vivir-para-contarlo-asegura\/#primaryimage\",\"url\":\"https:\/\/www.sonoraenequipo.com.mx\/storage\/2024\/04\/2024-04-08-amlo-5-min.jpg\",\"contentUrl\":\"https:\/\/www.sonoraenequipo.com.mx\/storage\/2024\/04\/2024-04-08-amlo-5-min.jpg\",\"width\":900,\"height\":632},{\"@type\":\"BreadcrumbList\",\"@id\":\"https:\/\/www.sonoraenequipo.com.mx\/lopez-obrador-atestigua-eclipse-solar-total-en-mazatlan-es-un-privilegio-vivir-para-contarlo-asegura\/#breadcrumb\",\"itemListElement\":[{\"@type\":\"ListItem\",\"position\":1,\"name\":\"Portada\",\"item\":\"https:\/\/www.sonoraenequipo.com.mx\/\"},{\"@type\":\"ListItem\",\"position\":2,\"name\":\"L\u00f3pez Obrador atestigua eclipse solar total en Mazatl\u00e1n; \u201ces un privilegio vivir para contarlo\u201d, asegura\"}]},{\"@type\":\"WebSite\",\"@id\":\"https:\/\/www.sonoraenequipo.com.mx\/#website\",\"url\":\"https:\/\/www.sonoraenequipo.com.mx\/\",\"name\":\"Sonora en Equipo.\",\"description\":\"Diario en l\u00ednea con Noticias desde Hermosillo, Sonora\",\"publisher\":{\"@id\":\"https:\/\/www.sonoraenequipo.com.mx\/#organization\"},\"potentialAction\":[{\"@type\":\"SearchAction\",\"target\":{\"@type\":\"EntryPoint\",\"urlTemplate\":\"https:\/\/www.sonoraenequipo.com.mx\/?s={search_term_string}\"},\"query-input\":{\"@type\":\"PropertyValueSpecification\",\"valueRequired\":true,\"valueName\":\"search_term_string\"}}],\"inLanguage\":\"es\"},{\"@type\":\"Organization\",\"@id\":\"https:\/\/www.sonoraenequipo.com.mx\/#organization\",\"name\":\"Sonoraenequipo.com.mx\",\"url\":\"https:\/\/www.sonoraenequipo.com.mx\/\",\"logo\":{\"@type\":\"ImageObject\",\"inLanguage\":\"es\",\"@id\":\"https:\/\/www.sonoraenequipo.com.mx\/#\/schema\/logo\/image\/\",\"url\":\"https:\/\/www.sonoraenequipo.com.mx\/storage\/2019\/01\/sonoraenequipo_opt.png\",\"contentUrl\":\"https:\/\/www.sonoraenequipo.com.mx\/storage\/2019\/01\/sonoraenequipo_opt.png\",\"width\":375,\"height\":125,\"caption\":\"Sonoraenequipo.com.mx\"},\"image\":{\"@id\":\"https:\/\/www.sonoraenequipo.com.mx\/#\/schema\/logo\/image\/\"},\"sameAs\":[\"https:\/\/www.facebook.com\/SonoraEE\/\",\"https:\/\/x.com\/sonoraenequipo\",\"https:\/\/www.youtube.com\/channel\/UC338nW-lPEYmJQs4ZABQ1SQ\"]},{\"@type\":\"Person\",\"@id\":\"https:\/\/www.sonoraenequipo.com.mx\/#\/schema\/person\/50102df0fb23a8fa9e8effad8fa81386\",\"name\":\"enequipo\",\"image\":{\"@type\":\"ImageObject\",\"inLanguage\":\"es\",\"@id\":\"https:\/\/www.sonoraenequipo.com.mx\/#\/schema\/person\/image\/\",\"url\":\"https:\/\/secure.gravatar.com\/avatar\/049821681b589dabc0bc20695993ccebb09f5b5d4d790cd9251b97faac7c652b?s=96&d=blank&r=g\",\"contentUrl\":\"https:\/\/secure.gravatar.com\/avatar\/049821681b589dabc0bc20695993ccebb09f5b5d4d790cd9251b97faac7c652b?s=96&d=blank&r=g\",\"caption\":\"enequipo\"},\"sameAs\":[\"https:\/\/www.facebook.com\/SonoraEE\"]}]}<\/script>\n ","yoast_head_json":{"title":"Sonora en Equipo. L\u00f3pez Obrador atestigua eclipse solar total en Mazatl\u00e1n; \u201ces un privilegio vivir para contarlo\u201d, asegura Rep\u00fablica","description":"MAZATL\u00c1N, SINALOA. MX. \u2014 El presidente Andr\u00e9s Manuel L\u00f3pez Obrador presenci\u00f3 en Mazatl\u00e1n, Sinaloa, el eclipse solar total. Por unos instantes el d\u00eda se En Sonora en Equipo publicamos toda la informaci\u00f3n de Sonora, M\u00e9xico y el Mundo de manera oportuna y busca que la libertad de expresi\u00f3n sea real. Visita nuestro medio informativo publicado desde Hermosillo, Sonora. %","robots":{"index":"index","follow":"follow","max-snippet":"max-snippet:-1","max-image-preview":"max-image-preview:large","max-video-preview":"max-video-preview:-1"},"canonical":"https:\/\/www.sonoraenequipo.com.mx\/lopez-obrador-atestigua-eclipse-solar-total-en-mazatlan-es-un-privilegio-vivir-para-contarlo-asegura\/","og_locale":"es_ES","og_type":"article","og_title":"Sonora en Equipo. L\u00f3pez Obrador atestigua eclipse solar total en Mazatl\u00e1n; \u201ces un privilegio vivir para contarlo\u201d, asegura Rep\u00fablica","og_description":"MAZATL\u00c1N, SINALOA. MX. \u2014 El presidente Andr\u00e9s Manuel L\u00f3pez Obrador presenci\u00f3 en Mazatl\u00e1n, Sinaloa, el eclipse solar total. Por unos instantes el d\u00eda se En Sonora en Equipo publicamos toda la informaci\u00f3n de Sonora, M\u00e9xico y el Mundo de manera oportuna y busca que la libertad de expresi\u00f3n sea real. Visita nuestro medio informativo publicado desde Hermosillo, Sonora. %","og_url":"https:\/\/www.sonoraenequipo.com.mx\/lopez-obrador-atestigua-eclipse-solar-total-en-mazatlan-es-un-privilegio-vivir-para-contarlo-asegura\/","og_site_name":"Sonora en Equipo.","article_publisher":"https:\/\/www.facebook.com\/SonoraEE\/","article_author":"https:\/\/www.facebook.com\/SonoraEE","article_published_time":"2024-04-08T17:21:00+00:00","article_modified_time":"2024-04-08T23:28:46+00:00","og_image":[{"width":900,"height":632,"url":"https:\/\/www.sonoraenequipo.com.mx\/storage\/2024\/04\/2024-04-08-amlo-5-min.jpg","type":"image\/jpeg"}],"author":"enequipo","twitter_card":"summary_large_image","twitter_creator":"@sonoraenequipo","twitter_site":"@sonoraenequipo","twitter_misc":{"Escrito por":"enequipo","Tiempo de lectura":"2 minutos"},"schema":{"@context":"https:\/\/schema.org","@graph":[{"@type":"Article","@id":"https:\/\/www.sonoraenequipo.com.mx\/lopez-obrador-atestigua-eclipse-solar-total-en-mazatlan-es-un-privilegio-vivir-para-contarlo-asegura\/#article","isPartOf":{"@id":"https:\/\/www.sonoraenequipo.com.mx\/lopez-obrador-atestigua-eclipse-solar-total-en-mazatlan-es-un-privilegio-vivir-para-contarlo-asegura\/"},"author":{"name":"enequipo","@id":"https:\/\/www.sonoraenequipo.com.mx\/#\/schema\/person\/50102df0fb23a8fa9e8effad8fa81386"},"headline":"L\u00f3pez Obrador atestigua eclipse solar total en Mazatl\u00e1n; \u201ces un privilegio vivir para contarlo\u201d, asegura","datePublished":"2024-04-08T17:21:00+00:00","dateModified":"2024-04-08T23:28:46+00:00","mainEntityOfPage":{"@id":"https:\/\/www.sonoraenequipo.com.mx\/lopez-obrador-atestigua-eclipse-solar-total-en-mazatlan-es-un-privilegio-vivir-para-contarlo-asegura\/"},"wordCount":411,"commentCount":0,"publisher":{"@id":"https:\/\/www.sonoraenequipo.com.mx\/#organization"},"image":{"@id":"https:\/\/www.sonoraenequipo.com.mx\/lopez-obrador-atestigua-eclipse-solar-total-en-mazatlan-es-un-privilegio-vivir-para-contarlo-asegura\/#primaryimage"},"thumbnailUrl":"https:\/\/www.sonoraenequipo.com.mx\/storage\/2024\/04\/2024-04-08-amlo-5-min.jpg","articleSection":["Rep\u00fablica"],"inLanguage":"es","potentialAction":[{"@type":"CommentAction","name":"Comment","target":["https:\/\/www.sonoraenequipo.com.mx\/lopez-obrador-atestigua-eclipse-solar-total-en-mazatlan-es-un-privilegio-vivir-para-contarlo-asegura\/#respond"]}]},{"@type":"WebPage","@id":"https:\/\/www.sonoraenequipo.com.mx\/lopez-obrador-atestigua-eclipse-solar-total-en-mazatlan-es-un-privilegio-vivir-para-contarlo-asegura\/","url":"https:\/\/www.sonoraenequipo.com.mx\/lopez-obrador-atestigua-eclipse-solar-total-en-mazatlan-es-un-privilegio-vivir-para-contarlo-asegura\/","name":"Sonora en Equipo. L\u00f3pez Obrador atestigua eclipse solar total en Mazatl\u00e1n; \u201ces un privilegio vivir para contarlo\u201d, asegura Rep\u00fablica","isPartOf":{"@id":"https:\/\/www.sonoraenequipo.com.mx\/#website"},"primaryImageOfPage":{"@id":"https:\/\/www.sonoraenequipo.com.mx\/lopez-obrador-atestigua-eclipse-solar-total-en-mazatlan-es-un-privilegio-vivir-para-contarlo-asegura\/#primaryimage"},"image":{"@id":"https:\/\/www.sonoraenequipo.com.mx\/lopez-obrador-atestigua-eclipse-solar-total-en-mazatlan-es-un-privilegio-vivir-para-contarlo-asegura\/#primaryimage"},"thumbnailUrl":"https:\/\/www.sonoraenequipo.com.mx\/storage\/2024\/04\/2024-04-08-amlo-5-min.jpg","datePublished":"2024-04-08T17:21:00+00:00","dateModified":"2024-04-08T23:28:46+00:00","description":"MAZATL\u00c1N, SINALOA. MX. \u2014 El presidente Andr\u00e9s Manuel L\u00f3pez Obrador presenci\u00f3 en Mazatl\u00e1n, Sinaloa, el eclipse solar total. Por unos instantes el d\u00eda se En Sonora en Equipo publicamos toda la informaci\u00f3n de Sonora, M\u00e9xico y el Mundo de manera oportuna y busca que la libertad de expresi\u00f3n sea real. Visita nuestro medio informativo publicado desde Hermosillo, Sonora. %","breadcrumb":{"@id":"https:\/\/www.sonoraenequipo.com.mx\/lopez-obrador-atestigua-eclipse-solar-total-en-mazatlan-es-un-privilegio-vivir-para-contarlo-asegura\/#breadcrumb"},"inLanguage":"es","potentialAction":[{"@type":"ReadAction","target":["https:\/\/www.sonoraenequipo.com.mx\/lopez-obrador-atestigua-eclipse-solar-total-en-mazatlan-es-un-privilegio-vivir-para-contarlo-asegura\/"]}]},{"@type":"ImageObject","inLanguage":"es","@id":"https:\/\/www.sonoraenequipo.com.mx\/lopez-obrador-atestigua-eclipse-solar-total-en-mazatlan-es-un-privilegio-vivir-para-contarlo-asegura\/#primaryimage","url":"https:\/\/www.sonoraenequipo.com.mx\/storage\/2024\/04\/2024-04-08-amlo-5-min.jpg","contentUrl":"https:\/\/www.sonoraenequipo.com.mx\/storage\/2024\/04\/2024-04-08-amlo-5-min.jpg","width":900,"height":632},{"@type":"BreadcrumbList","@id":"https:\/\/www.sonoraenequipo.com.mx\/lopez-obrador-atestigua-eclipse-solar-total-en-mazatlan-es-un-privilegio-vivir-para-contarlo-asegura\/#breadcrumb","itemListElement":[{"@type":"ListItem","position":1,"name":"Portada","item":"https:\/\/www.sonoraenequipo.com.mx\/"},{"@type":"ListItem","position":2,"name":"L\u00f3pez Obrador atestigua eclipse solar total en Mazatl\u00e1n; \u201ces un privilegio vivir para contarlo\u201d, asegura"}]},{"@type":"WebSite","@id":"https:\/\/www.sonoraenequipo.com.mx\/#website","url":"https:\/\/www.sonoraenequipo.com.mx\/","name":"Sonora en Equipo.","description":"Diario en l\u00ednea con Noticias desde Hermosillo, Sonora","publisher":{"@id":"https:\/\/www.sonoraenequipo.com.mx\/#organization"},"potentialAction":[{"@type":"SearchAction","target":{"@type":"EntryPoint","urlTemplate":"https:\/\/www.sonoraenequipo.com.mx\/?s={search_term_string}"},"query-input":{"@type":"PropertyValueSpecification","valueRequired":true,"valueName":"search_term_string"}}],"inLanguage":"es"},{"@type":"Organization","@id":"https:\/\/www.sonoraenequipo.com.mx\/#organization","name":"Sonoraenequipo.com.mx","url":"https:\/\/www.sonoraenequipo.com.mx\/","logo":{"@type":"ImageObject","inLanguage":"es","@id":"https:\/\/www.sonoraenequipo.com.mx\/#\/schema\/logo\/image\/","url":"https:\/\/www.sonoraenequipo.com.mx\/storage\/2019\/01\/sonoraenequipo_opt.png","contentUrl":"https:\/\/www.sonoraenequipo.com.mx\/storage\/2019\/01\/sonoraenequipo_opt.png","width":375,"height":125,"caption":"Sonoraenequipo.com.mx"},"image":{"@id":"https:\/\/www.sonoraenequipo.com.mx\/#\/schema\/logo\/image\/"},"sameAs":["https:\/\/www.facebook.com\/SonoraEE\/","https:\/\/x.com\/sonoraenequipo","https:\/\/www.youtube.com\/channel\/UC338nW-lPEYmJQs4ZABQ1SQ"]},{"@type":"Person","@id":"https:\/\/www.sonoraenequipo.com.mx\/#\/schema\/person\/50102df0fb23a8fa9e8effad8fa81386","name":"enequipo","image":{"@type":"ImageObject","inLanguage":"es","@id":"https:\/\/www.sonoraenequipo.com.mx\/#\/schema\/person\/image\/","url":"https:\/\/secure.gravatar.com\/avatar\/049821681b589dabc0bc20695993ccebb09f5b5d4d790cd9251b97faac7c652b?s=96&d=blank&r=g","contentUrl":"https:\/\/secure.gravatar.com\/avatar\/049821681b589dabc0bc20695993ccebb09f5b5d4d790cd9251b97faac7c652b?s=96&d=blank&r=g","caption":"enequipo"},"sameAs":["https:\/\/www.facebook.com\/SonoraEE"]}]}},"jetpack_featured_media_url":"https:\/\/www.sonoraenequipo.com.mx\/storage\/2024\/04\/2024-04-08-amlo-5-min.jpg","_links":{"self":[{"href":"https:\/\/www.sonoraenequipo.com.mx\/api\/wp\/v2\/posts\/187195","targetHints":{"allow":["GET"]}}],"collection":[{"href":"https:\/\/www.sonoraenequipo.com.mx\/api\/wp\/v2\/posts"}],"about":[{"href":"https:\/\/www.sonoraenequipo.com.mx\/api\/wp\/v2\/types\/post"}],"author":[{"embeddable":true,"href":"https:\/\/www.sonoraenequipo.com.mx\/api\/wp\/v2\/users\/1"}],"replies":[{"embeddable":true,"href":"https:\/\/www.sonoraenequipo.com.mx\/api\/wp\/v2\/comments?post=187195"}],"version-history":[{"count":1,"href":"https:\/\/www.sonoraenequipo.com.mx\/api\/wp\/v2\/posts\/187195\/revisions"}],"predecessor-version":[{"id":187197,"href":"https:\/\/www.sonoraenequipo.com.mx\/api\/wp\/v2\/posts\/187195\/revisions\/187197"}],"wp:featuredmedia":[{"embeddable":true,"href":"https:\/\/www.sonoraenequipo.com.mx\/api\/wp\/v2\/media\/187196"}],"wp:attachment":[{"href":"https:\/\/www.sonoraenequipo.com.mx\/api\/wp\/v2\/media?parent=187195"}],"wp:term":[{"taxonomy":"category","embeddable":true,"href":"https:\/\/www.sonoraenequipo.com.mx\/api\/wp\/v2\/categories?post=187195"},{"taxonomy":"post_tag","embeddable":true,"href":"https:\/\/www.sonoraenequipo.com.mx\/api\/wp\/v2\/tags?post=187195"}],"curies":[{"name":"wp","href":"https:\/\/api.w.org\/{rel}","templated":true}]}}