{"id":187198,"date":"2024-04-08T16:37:35","date_gmt":"2024-04-08T23:37:35","guid":{"rendered":"https:\/\/www.sonoraenequipo.com.mx\/?p=187198"},"modified":"2024-04-08T16:37:52","modified_gmt":"2024-04-08T23:37:52","slug":"presidente-destaca-aportacion-de-sinaloa-al-desarrollo-naciona","status":"publish","type":"post","link":"https:\/\/www.sonoraenequipo.com.mx\/presidente-destaca-aportacion-de-sinaloa-al-desarrollo-naciona\/","title":{"rendered":"Presidente destaca aportaci\u00f3n de Sinaloa al desarrollo naciona"},"content":{"rendered":"<p><strong>MAZATL\u00c1N, SINALOA. MX. \u2014<\/strong> En Mazatl\u00e1n, integrantes del gobierno federal informaron que el estado ocupa la posici\u00f3n 24 en el total de delitos de impacto a nivel nacional. Est\u00e1n a la baja los delitos de homicidio doloso, robo de veh\u00edculo, trata de personas y secuestro, seg\u00fan datos del Secretariado Ejecutivo del Sistema Nacional de Seguridad P\u00fablica correspondientes a febrero.<\/p>\n<p>54<\/p>\n<p> <\/p>\n<p><em><strong>\u201cNosotros vamos a mantener la misma estrategia. Nosotros consideramos que los seres humanos no nacemos malos, son las circunstancias las que llevan a algunos a tomar el camino de las conductas antisociales y, si cambiamos esas circunstancias, podemos vivir en una sociedad mejor. (\u2026) Vamos a continuar con esa pol\u00edtica para enfrentar el flagelo de la violencia\u201d,<\/strong><\/em> reiter\u00f3 el jefe del Ejecutivo.<\/p>\n<p>&nbsp;<\/p>\n<p>&nbsp;<\/p>\n<p>La estrategia de seguridad se fortalece en Culiac\u00e1n, Mazatl\u00e1n, Ahome y Guasave con el prop\u00f3sito de contener la incidencia delictiva en esos municipios que concentran el 84.6 por ciento de los il\u00edcitos, debido a que son los de mayor poblaci\u00f3n. Las fuerzas de seguridad trabajan para revertir la tendencia al alza en robo de transporte, extorsi\u00f3n y robo a casa habitaci\u00f3n.<\/p>\n<p>&nbsp;<\/p>\n<p>&nbsp;<\/p>\n<p>El secretario de la Defensa Nacional, Luis Cresencio Sandoval Gonz\u00e1lez, dio a conocer que la federaci\u00f3n respalda a la entidad con 10 mil 563 elementos operativos del Ej\u00e9rcito y de la Fuerza A\u00e9rea Mexicanos, de la Secretar\u00eda de Marina y de la Guardia Nacional.<\/p>\n<p>&nbsp;<\/p>\n<p>&nbsp;<\/p>\n<p>En tanto, 4 mil 631 integrantes operativos de la polic\u00eda estatal y municipal garantizan la paz y la tranquilidad de 3 millones de habitantes de los 18 municipios que conforman el estado, seg\u00fan el censo de 2020 del Instituto Nacional de Estad\u00edstica y Geograf\u00eda (INEGI).<\/p>\n<p>&nbsp;<\/p>\n<p>&nbsp;<\/p>\n<p>Elementos de la Guardia Nacional tienen presencia en una coordinaci\u00f3n estatal y nueve regionales ubicadas en El Fuerte, Salvador Alvarado, Tamazula, Cosal\u00e1, Mazatl\u00e1n, Culiac\u00e1n I, Culiac\u00e1n II, Guasave y Ahome.<\/p>\n<p>&nbsp;<\/p>\n<p>&nbsp;<\/p>\n<p>La corporaci\u00f3n cuenta actualmente con diez compa\u00f1\u00edas concluidas, que se suman a una instalaci\u00f3n cedida por el Ej\u00e9rcito Mexicano para hacer un total de 11 instalaciones, explic\u00f3 el general secretario en el 8\/o Batall\u00f3n de Infanter\u00eda.<\/p>\n<p>&nbsp;<\/p>\n<p>&nbsp;<\/p>\n<p>El titular de Sedena refiri\u00f3 la detenci\u00f3n de generadores de violencia, el decomiso de armas de fuego, cargadores, granadas, cartuchos, veh\u00edculos, aeronaves, pistas de aterrizaje, laboratorios clandestinos, embarcaciones, capital en moneda nacional y d\u00f3lares americanos, as\u00ed como el aseguramiento de kilogramos de fentanilo, marihuana, coca\u00edna, hero\u00edna, goma de opio, metanfetamina y pastillas de fentanilo.<\/p>\n<p>&nbsp;<\/p>\n<p>&nbsp;<\/p>\n<p>El presidente resalt\u00f3 el trabajo coordinado con el gobernador Rub\u00e9n Rocha Moya. Record\u00f3 que no permitir la corrupci\u00f3n y la impunidad ha sido fundamental para alcanzar la paz en Sinaloa y en el pa\u00eds.<\/p>\n<p>&nbsp;<\/p>\n<p>&nbsp;<\/p>\n<p>Asistieron al reporte de seguridad estatal: las secretarias de Seguridad y Protecci\u00f3n Ciudadana, Rosa Icela Rodr\u00edguez Vel\u00e1zquez; de Gobernaci\u00f3n, Luisa Mar\u00eda Alcalde Luj\u00e1n y de Relaciones Exteriores, Alicia B\u00e1rcena Ibarra; el secretario de Marina, Jos\u00e9 Rafael Ojeda Dur\u00e1n y el comandante de la Guardia Nacional, David C\u00f3rdova Campos.<\/p>\n<p>&nbsp;<\/p>\n<p>&nbsp;<\/p>\n<p>PUBLICADO EL 08 DE ABRIL DE 2024\/ Con informaci\u00f3n de Conferencia matutina presidencial)<\/p>\n\n\n<p><\/p>\n","protected":false},"excerpt":{"rendered":"<p>MAZATL\u00c1N, SINALOA. MX. \u2014 En Mazatl\u00e1n, integrantes del gobierno federal informaron que el estado ocupa&#8230;<\/p>\n","protected":false},"author":1,"featured_media":187199,"comment_status":"open","ping_status":"open","sticky":false,"template":"","format":"standard","meta":{"_monsterinsights_skip_tracking":false,"_monsterinsights_sitenote_active":false,"_monsterinsights_sitenote_note":"","_monsterinsights_sitenote_category":0,"footnotes":""},"categories":[5],"tags":[],"class_list":["post"],"yoast_head":" \n<title>Sonora en Equipo. Presidente destaca aportaci\u00f3n de Sinaloa al desarrollo naciona Rep\u00fablica<\/title>\n<meta name=\"description\" content=\"MAZATL\u00c1N, SINALOA. MX. \u2014 En Mazatl\u00e1n, integrantes del gobierno federal informaron que el estado ocupa la posici\u00f3n 24 en el total de delitos de impacto a En Sonora en Equipo publicamos toda la informaci\u00f3n de Sonora, M\u00e9xico y el Mundo de manera oportuna y busca que la libertad de expresi\u00f3n sea real. Visita nuestro medio informativo publicado desde Hermosillo, Sonora. %\" \/>\n<meta name=\"robots\" content=\"index, follow, max-snippet:-1, max-image-preview:large, max-video-preview:-1\" \/>\n<link rel=\"canonical\" href=\"https:\/\/www.sonoraenequipo.com.mx\/presidente-destaca-aportacion-de-sinaloa-al-desarrollo-naciona\/\" \/>\n<meta property=\"og:locale\" content=\"es_ES\" \/>\n<meta property=\"og:type\" content=\"article\" \/>\n<meta property=\"og:title\" content=\"Sonora en Equipo. Presidente destaca aportaci\u00f3n de Sinaloa al desarrollo naciona Rep\u00fablica\" \/>\n<meta property=\"og:description\" content=\"MAZATL\u00c1N, SINALOA. MX. \u2014 En Mazatl\u00e1n, integrantes del gobierno federal informaron que el estado ocupa la posici\u00f3n 24 en el total de delitos de impacto a En Sonora en Equipo publicamos toda la informaci\u00f3n de Sonora, M\u00e9xico y el Mundo de manera oportuna y busca que la libertad de expresi\u00f3n sea real. Visita nuestro medio informativo publicado desde Hermosillo, Sonora. %\" \/>\n<meta property=\"og:url\" content=\"https:\/\/www.sonoraenequipo.com.mx\/presidente-destaca-aportacion-de-sinaloa-al-desarrollo-naciona\/\" \/>\n<meta property=\"og:site_name\" content=\"Sonora en Equipo.\" \/>\n<meta property=\"article:publisher\" content=\"https:\/\/www.facebook.com\/SonoraEE\/\" \/>\n<meta property=\"article:author\" content=\"https:\/\/www.facebook.com\/SonoraEE\" \/>\n<meta property=\"article:published_time\" content=\"2024-04-08T23:37:35+00:00\" \/>\n<meta property=\"article:modified_time\" content=\"2024-04-08T23:37:52+00:00\" \/>\n<meta property=\"og:image\" content=\"https:\/\/www.sonoraenequipo.com.mx\/storage\/2024\/04\/2024-04-08-Conferencia-de-prensa-matutina-Sinaloa-Foto-07-min-2.jpg\" \/>\n\t<meta property=\"og:image:width\" content=\"1499\" \/>\n\t<meta property=\"og:image:height\" content=\"1000\" \/>\n\t<meta property=\"og:image:type\" content=\"image\/jpeg\" \/>\n<meta name=\"author\" content=\"enequipo\" \/>\n<meta name=\"twitter:card\" content=\"summary_large_image\" \/>\n<meta name=\"twitter:creator\" content=\"@sonoraenequipo\" \/>\n<meta name=\"twitter:site\" content=\"@sonoraenequipo\" \/>\n<meta name=\"twitter:label1\" content=\"Escrito por\" \/>\n\t<meta name=\"twitter:data1\" content=\"enequipo\" \/>\n\t<meta name=\"twitter:label2\" content=\"Tiempo de lectura\" \/>\n\t<meta name=\"twitter:data2\" content=\"3 minutos\" \/>\n<script type=\"application\/ld+json\" class=\"yoast-schema-graph\">{\"@context\":\"https:\/\/schema.org\",\"@graph\":[{\"@type\":\"Article\",\"@id\":\"https:\/\/www.sonoraenequipo.com.mx\/presidente-destaca-aportacion-de-sinaloa-al-desarrollo-naciona\/#article\",\"isPartOf\":{\"@id\":\"https:\/\/www.sonoraenequipo.com.mx\/presidente-destaca-aportacion-de-sinaloa-al-desarrollo-naciona\/\"},\"author\":{\"name\":\"enequipo\",\"@id\":\"https:\/\/www.sonoraenequipo.com.mx\/#\/schema\/person\/50102df0fb23a8fa9e8effad8fa81386\"},\"headline\":\"Presidente destaca aportaci\u00f3n de Sinaloa al desarrollo naciona\",\"datePublished\":\"2024-04-08T23:37:35+00:00\",\"dateModified\":\"2024-04-08T23:37:52+00:00\",\"mainEntityOfPage\":{\"@id\":\"https:\/\/www.sonoraenequipo.com.mx\/presidente-destaca-aportacion-de-sinaloa-al-desarrollo-naciona\/\"},\"wordCount\":551,\"commentCount\":0,\"publisher\":{\"@id\":\"https:\/\/www.sonoraenequipo.com.mx\/#organization\"},\"image\":{\"@id\":\"https:\/\/www.sonoraenequipo.com.mx\/presidente-destaca-aportacion-de-sinaloa-al-desarrollo-naciona\/#primaryimage\"},\"thumbnailUrl\":\"https:\/\/www.sonoraenequipo.com.mx\/storage\/2024\/04\/2024-04-08-Conferencia-de-prensa-matutina-Sinaloa-Foto-07-min-2.jpg\",\"articleSection\":[\"Rep\u00fablica\"],\"inLanguage\":\"es\",\"potentialAction\":[{\"@type\":\"CommentAction\",\"name\":\"Comment\",\"target\":[\"https:\/\/www.sonoraenequipo.com.mx\/presidente-destaca-aportacion-de-sinaloa-al-desarrollo-naciona\/#respond\"]}]},{\"@type\":\"WebPage\",\"@id\":\"https:\/\/www.sonoraenequipo.com.mx\/presidente-destaca-aportacion-de-sinaloa-al-desarrollo-naciona\/\",\"url\":\"https:\/\/www.sonoraenequipo.com.mx\/presidente-destaca-aportacion-de-sinaloa-al-desarrollo-naciona\/\",\"name\":\"Sonora en Equipo. Presidente destaca aportaci\u00f3n de Sinaloa al desarrollo naciona Rep\u00fablica\",\"isPartOf\":{\"@id\":\"https:\/\/www.sonoraenequipo.com.mx\/#website\"},\"primaryImageOfPage\":{\"@id\":\"https:\/\/www.sonoraenequipo.com.mx\/presidente-destaca-aportacion-de-sinaloa-al-desarrollo-naciona\/#primaryimage\"},\"image\":{\"@id\":\"https:\/\/www.sonoraenequipo.com.mx\/presidente-destaca-aportacion-de-sinaloa-al-desarrollo-naciona\/#primaryimage\"},\"thumbnailUrl\":\"https:\/\/www.sonoraenequipo.com.mx\/storage\/2024\/04\/2024-04-08-Conferencia-de-prensa-matutina-Sinaloa-Foto-07-min-2.jpg\",\"datePublished\":\"2024-04-08T23:37:35+00:00\",\"dateModified\":\"2024-04-08T23:37:52+00:00\",\"description\":\"MAZATL\u00c1N, SINALOA. MX. \u2014 En Mazatl\u00e1n, integrantes del gobierno federal informaron que el estado ocupa la posici\u00f3n 24 en el total de delitos de impacto a En Sonora en Equipo publicamos toda la informaci\u00f3n de Sonora, M\u00e9xico y el Mundo de manera oportuna y busca que la libertad de expresi\u00f3n sea real. Visita nuestro medio informativo publicado desde Hermosillo, Sonora. %\",\"breadcrumb\":{\"@id\":\"https:\/\/www.sonoraenequipo.com.mx\/presidente-destaca-aportacion-de-sinaloa-al-desarrollo-naciona\/#breadcrumb\"},\"inLanguage\":\"es\",\"potentialAction\":[{\"@type\":\"ReadAction\",\"target\":[\"https:\/\/www.sonoraenequipo.com.mx\/presidente-destaca-aportacion-de-sinaloa-al-desarrollo-naciona\/\"]}]},{\"@type\":\"ImageObject\",\"inLanguage\":\"es\",\"@id\":\"https:\/\/www.sonoraenequipo.com.mx\/presidente-destaca-aportacion-de-sinaloa-al-desarrollo-naciona\/#primaryimage\",\"url\":\"https:\/\/www.sonoraenequipo.com.mx\/storage\/2024\/04\/2024-04-08-Conferencia-de-prensa-matutina-Sinaloa-Foto-07-min-2.jpg\",\"contentUrl\":\"https:\/\/www.sonoraenequipo.com.mx\/storage\/2024\/04\/2024-04-08-Conferencia-de-prensa-matutina-Sinaloa-Foto-07-min-2.jpg\",\"width\":1499,\"height\":1000},{\"@type\":\"BreadcrumbList\",\"@id\":\"https:\/\/www.sonoraenequipo.com.mx\/presidente-destaca-aportacion-de-sinaloa-al-desarrollo-naciona\/#breadcrumb\",\"itemListElement\":[{\"@type\":\"ListItem\",\"position\":1,\"name\":\"Portada\",\"item\":\"https:\/\/www.sonoraenequipo.com.mx\/\"},{\"@type\":\"ListItem\",\"position\":2,\"name\":\"Presidente destaca aportaci\u00f3n de Sinaloa al desarrollo naciona\"}]},{\"@type\":\"WebSite\",\"@id\":\"https:\/\/www.sonoraenequipo.com.mx\/#website\",\"url\":\"https:\/\/www.sonoraenequipo.com.mx\/\",\"name\":\"Sonora en Equipo.\",\"description\":\"Diario en l\u00ednea con Noticias desde Hermosillo, Sonora\",\"publisher\":{\"@id\":\"https:\/\/www.sonoraenequipo.com.mx\/#organization\"},\"potentialAction\":[{\"@type\":\"SearchAction\",\"target\":{\"@type\":\"EntryPoint\",\"urlTemplate\":\"https:\/\/www.sonoraenequipo.com.mx\/?s={search_term_string}\"},\"query-input\":{\"@type\":\"PropertyValueSpecification\",\"valueRequired\":true,\"valueName\":\"search_term_string\"}}],\"inLanguage\":\"es\"},{\"@type\":\"Organization\",\"@id\":\"https:\/\/www.sonoraenequipo.com.mx\/#organization\",\"name\":\"Sonoraenequipo.com.mx\",\"url\":\"https:\/\/www.sonoraenequipo.com.mx\/\",\"logo\":{\"@type\":\"ImageObject\",\"inLanguage\":\"es\",\"@id\":\"https:\/\/www.sonoraenequipo.com.mx\/#\/schema\/logo\/image\/\",\"url\":\"https:\/\/www.sonoraenequipo.com.mx\/storage\/2019\/01\/sonoraenequipo_opt.png\",\"contentUrl\":\"https:\/\/www.sonoraenequipo.com.mx\/storage\/2019\/01\/sonoraenequipo_opt.png\",\"width\":375,\"height\":125,\"caption\":\"Sonoraenequipo.com.mx\"},\"image\":{\"@id\":\"https:\/\/www.sonoraenequipo.com.mx\/#\/schema\/logo\/image\/\"},\"sameAs\":[\"https:\/\/www.facebook.com\/SonoraEE\/\",\"https:\/\/x.com\/sonoraenequipo\",\"https:\/\/www.youtube.com\/channel\/UC338nW-lPEYmJQs4ZABQ1SQ\"]},{\"@type\":\"Person\",\"@id\":\"https:\/\/www.sonoraenequipo.com.mx\/#\/schema\/person\/50102df0fb23a8fa9e8effad8fa81386\",\"name\":\"enequipo\",\"image\":{\"@type\":\"ImageObject\",\"inLanguage\":\"es\",\"@id\":\"https:\/\/www.sonoraenequipo.com.mx\/#\/schema\/person\/image\/\",\"url\":\"https:\/\/secure.gravatar.com\/avatar\/049821681b589dabc0bc20695993ccebb09f5b5d4d790cd9251b97faac7c652b?s=96&d=blank&r=g\",\"contentUrl\":\"https:\/\/secure.gravatar.com\/avatar\/049821681b589dabc0bc20695993ccebb09f5b5d4d790cd9251b97faac7c652b?s=96&d=blank&r=g\",\"caption\":\"enequipo\"},\"sameAs\":[\"https:\/\/www.facebook.com\/SonoraEE\"]}]}<\/script>\n ","yoast_head_json":{"title":"Sonora en Equipo. Presidente destaca aportaci\u00f3n de Sinaloa al desarrollo naciona Rep\u00fablica","description":"MAZATL\u00c1N, SINALOA. MX. \u2014 En Mazatl\u00e1n, integrantes del gobierno federal informaron que el estado ocupa la posici\u00f3n 24 en el total de delitos de impacto a En Sonora en Equipo publicamos toda la informaci\u00f3n de Sonora, M\u00e9xico y el Mundo de manera oportuna y busca que la libertad de expresi\u00f3n sea real. Visita nuestro medio informativo publicado desde Hermosillo, Sonora. %","robots":{"index":"index","follow":"follow","max-snippet":"max-snippet:-1","max-image-preview":"max-image-preview:large","max-video-preview":"max-video-preview:-1"},"canonical":"https:\/\/www.sonoraenequipo.com.mx\/presidente-destaca-aportacion-de-sinaloa-al-desarrollo-naciona\/","og_locale":"es_ES","og_type":"article","og_title":"Sonora en Equipo. Presidente destaca aportaci\u00f3n de Sinaloa al desarrollo naciona Rep\u00fablica","og_description":"MAZATL\u00c1N, SINALOA. MX. \u2014 En Mazatl\u00e1n, integrantes del gobierno federal informaron que el estado ocupa la posici\u00f3n 24 en el total de delitos de impacto a En Sonora en Equipo publicamos toda la informaci\u00f3n de Sonora, M\u00e9xico y el Mundo de manera oportuna y busca que la libertad de expresi\u00f3n sea real. Visita nuestro medio informativo publicado desde Hermosillo, Sonora. %","og_url":"https:\/\/www.sonoraenequipo.com.mx\/presidente-destaca-aportacion-de-sinaloa-al-desarrollo-naciona\/","og_site_name":"Sonora en Equipo.","article_publisher":"https:\/\/www.facebook.com\/SonoraEE\/","article_author":"https:\/\/www.facebook.com\/SonoraEE","article_published_time":"2024-04-08T23:37:35+00:00","article_modified_time":"2024-04-08T23:37:52+00:00","og_image":[{"width":1499,"height":1000,"url":"https:\/\/www.sonoraenequipo.com.mx\/storage\/2024\/04\/2024-04-08-Conferencia-de-prensa-matutina-Sinaloa-Foto-07-min-2.jpg","type":"image\/jpeg"}],"author":"enequipo","twitter_card":"summary_large_image","twitter_creator":"@sonoraenequipo","twitter_site":"@sonoraenequipo","twitter_misc":{"Escrito por":"enequipo","Tiempo de lectura":"3 minutos"},"schema":{"@context":"https:\/\/schema.org","@graph":[{"@type":"Article","@id":"https:\/\/www.sonoraenequipo.com.mx\/presidente-destaca-aportacion-de-sinaloa-al-desarrollo-naciona\/#article","isPartOf":{"@id":"https:\/\/www.sonoraenequipo.com.mx\/presidente-destaca-aportacion-de-sinaloa-al-desarrollo-naciona\/"},"author":{"name":"enequipo","@id":"https:\/\/www.sonoraenequipo.com.mx\/#\/schema\/person\/50102df0fb23a8fa9e8effad8fa81386"},"headline":"Presidente destaca aportaci\u00f3n de Sinaloa al desarrollo naciona","datePublished":"2024-04-08T23:37:35+00:00","dateModified":"2024-04-08T23:37:52+00:00","mainEntityOfPage":{"@id":"https:\/\/www.sonoraenequipo.com.mx\/presidente-destaca-aportacion-de-sinaloa-al-desarrollo-naciona\/"},"wordCount":551,"commentCount":0,"publisher":{"@id":"https:\/\/www.sonoraenequipo.com.mx\/#organization"},"image":{"@id":"https:\/\/www.sonoraenequipo.com.mx\/presidente-destaca-aportacion-de-sinaloa-al-desarrollo-naciona\/#primaryimage"},"thumbnailUrl":"https:\/\/www.sonoraenequipo.com.mx\/storage\/2024\/04\/2024-04-08-Conferencia-de-prensa-matutina-Sinaloa-Foto-07-min-2.jpg","articleSection":["Rep\u00fablica"],"inLanguage":"es","potentialAction":[{"@type":"CommentAction","name":"Comment","target":["https:\/\/www.sonoraenequipo.com.mx\/presidente-destaca-aportacion-de-sinaloa-al-desarrollo-naciona\/#respond"]}]},{"@type":"WebPage","@id":"https:\/\/www.sonoraenequipo.com.mx\/presidente-destaca-aportacion-de-sinaloa-al-desarrollo-naciona\/","url":"https:\/\/www.sonoraenequipo.com.mx\/presidente-destaca-aportacion-de-sinaloa-al-desarrollo-naciona\/","name":"Sonora en Equipo. Presidente destaca aportaci\u00f3n de Sinaloa al desarrollo naciona Rep\u00fablica","isPartOf":{"@id":"https:\/\/www.sonoraenequipo.com.mx\/#website"},"primaryImageOfPage":{"@id":"https:\/\/www.sonoraenequipo.com.mx\/presidente-destaca-aportacion-de-sinaloa-al-desarrollo-naciona\/#primaryimage"},"image":{"@id":"https:\/\/www.sonoraenequipo.com.mx\/presidente-destaca-aportacion-de-sinaloa-al-desarrollo-naciona\/#primaryimage"},"thumbnailUrl":"https:\/\/www.sonoraenequipo.com.mx\/storage\/2024\/04\/2024-04-08-Conferencia-de-prensa-matutina-Sinaloa-Foto-07-min-2.jpg","datePublished":"2024-04-08T23:37:35+00:00","dateModified":"2024-04-08T23:37:52+00:00","description":"MAZATL\u00c1N, SINALOA. MX. \u2014 En Mazatl\u00e1n, integrantes del gobierno federal informaron que el estado ocupa la posici\u00f3n 24 en el total de delitos de impacto a En Sonora en Equipo publicamos toda la informaci\u00f3n de Sonora, M\u00e9xico y el Mundo de manera oportuna y busca que la libertad de expresi\u00f3n sea real. Visita nuestro medio informativo publicado desde Hermosillo, Sonora. %","breadcrumb":{"@id":"https:\/\/www.sonoraenequipo.com.mx\/presidente-destaca-aportacion-de-sinaloa-al-desarrollo-naciona\/#breadcrumb"},"inLanguage":"es","potentialAction":[{"@type":"ReadAction","target":["https:\/\/www.sonoraenequipo.com.mx\/presidente-destaca-aportacion-de-sinaloa-al-desarrollo-naciona\/"]}]},{"@type":"ImageObject","inLanguage":"es","@id":"https:\/\/www.sonoraenequipo.com.mx\/presidente-destaca-aportacion-de-sinaloa-al-desarrollo-naciona\/#primaryimage","url":"https:\/\/www.sonoraenequipo.com.mx\/storage\/2024\/04\/2024-04-08-Conferencia-de-prensa-matutina-Sinaloa-Foto-07-min-2.jpg","contentUrl":"https:\/\/www.sonoraenequipo.com.mx\/storage\/2024\/04\/2024-04-08-Conferencia-de-prensa-matutina-Sinaloa-Foto-07-min-2.jpg","width":1499,"height":1000},{"@type":"BreadcrumbList","@id":"https:\/\/www.sonoraenequipo.com.mx\/presidente-destaca-aportacion-de-sinaloa-al-desarrollo-naciona\/#breadcrumb","itemListElement":[{"@type":"ListItem","position":1,"name":"Portada","item":"https:\/\/www.sonoraenequipo.com.mx\/"},{"@type":"ListItem","position":2,"name":"Presidente destaca aportaci\u00f3n de Sinaloa al desarrollo naciona"}]},{"@type":"WebSite","@id":"https:\/\/www.sonoraenequipo.com.mx\/#website","url":"https:\/\/www.sonoraenequipo.com.mx\/","name":"Sonora en Equipo.","description":"Diario en l\u00ednea con Noticias desde Hermosillo, Sonora","publisher":{"@id":"https:\/\/www.sonoraenequipo.com.mx\/#organization"},"potentialAction":[{"@type":"SearchAction","target":{"@type":"EntryPoint","urlTemplate":"https:\/\/www.sonoraenequipo.com.mx\/?s={search_term_string}"},"query-input":{"@type":"PropertyValueSpecification","valueRequired":true,"valueName":"search_term_string"}}],"inLanguage":"es"},{"@type":"Organization","@id":"https:\/\/www.sonoraenequipo.com.mx\/#organization","name":"Sonoraenequipo.com.mx","url":"https:\/\/www.sonoraenequipo.com.mx\/","logo":{"@type":"ImageObject","inLanguage":"es","@id":"https:\/\/www.sonoraenequipo.com.mx\/#\/schema\/logo\/image\/","url":"https:\/\/www.sonoraenequipo.com.mx\/storage\/2019\/01\/sonoraenequipo_opt.png","contentUrl":"https:\/\/www.sonoraenequipo.com.mx\/storage\/2019\/01\/sonoraenequipo_opt.png","width":375,"height":125,"caption":"Sonoraenequipo.com.mx"},"image":{"@id":"https:\/\/www.sonoraenequipo.com.mx\/#\/schema\/logo\/image\/"},"sameAs":["https:\/\/www.facebook.com\/SonoraEE\/","https:\/\/x.com\/sonoraenequipo","https:\/\/www.youtube.com\/channel\/UC338nW-lPEYmJQs4ZABQ1SQ"]},{"@type":"Person","@id":"https:\/\/www.sonoraenequipo.com.mx\/#\/schema\/person\/50102df0fb23a8fa9e8effad8fa81386","name":"enequipo","image":{"@type":"ImageObject","inLanguage":"es","@id":"https:\/\/www.sonoraenequipo.com.mx\/#\/schema\/person\/image\/","url":"https:\/\/secure.gravatar.com\/avatar\/049821681b589dabc0bc20695993ccebb09f5b5d4d790cd9251b97faac7c652b?s=96&d=blank&r=g","contentUrl":"https:\/\/secure.gravatar.com\/avatar\/049821681b589dabc0bc20695993ccebb09f5b5d4d790cd9251b97faac7c652b?s=96&d=blank&r=g","caption":"enequipo"},"sameAs":["https:\/\/www.facebook.com\/SonoraEE"]}]}},"jetpack_featured_media_url":"https:\/\/www.sonoraenequipo.com.mx\/storage\/2024\/04\/2024-04-08-Conferencia-de-prensa-matutina-Sinaloa-Foto-07-min-2.jpg","_links":{"self":[{"href":"https:\/\/www.sonoraenequipo.com.mx\/api\/wp\/v2\/posts\/187198","targetHints":{"allow":["GET"]}}],"collection":[{"href":"https:\/\/www.sonoraenequipo.com.mx\/api\/wp\/v2\/posts"}],"about":[{"href":"https:\/\/www.sonoraenequipo.com.mx\/api\/wp\/v2\/types\/post"}],"author":[{"embeddable":true,"href":"https:\/\/www.sonoraenequipo.com.mx\/api\/wp\/v2\/users\/1"}],"replies":[{"embeddable":true,"href":"https:\/\/www.sonoraenequipo.com.mx\/api\/wp\/v2\/comments?post=187198"}],"version-history":[{"count":2,"href":"https:\/\/www.sonoraenequipo.com.mx\/api\/wp\/v2\/posts\/187198\/revisions"}],"predecessor-version":[{"id":187201,"href":"https:\/\/www.sonoraenequipo.com.mx\/api\/wp\/v2\/posts\/187198\/revisions\/187201"}],"wp:featuredmedia":[{"embeddable":true,"href":"https:\/\/www.sonoraenequipo.com.mx\/api\/wp\/v2\/media\/187199"}],"wp:attachment":[{"href":"https:\/\/www.sonoraenequipo.com.mx\/api\/wp\/v2\/media?parent=187198"}],"wp:term":[{"taxonomy":"category","embeddable":true,"href":"https:\/\/www.sonoraenequipo.com.mx\/api\/wp\/v2\/categories?post=187198"},{"taxonomy":"post_tag","embeddable":true,"href":"https:\/\/www.sonoraenequipo.com.mx\/api\/wp\/v2\/tags?post=187198"}],"curies":[{"name":"wp","href":"https:\/\/api.w.org\/{rel}","templated":true}]}}