{"id":187236,"date":"2024-04-09T11:59:42","date_gmt":"2024-04-09T18:59:42","guid":{"rendered":"https:\/\/www.sonoraenequipo.com.mx\/?p=187236"},"modified":"2024-04-09T11:59:42","modified_gmt":"2024-04-09T18:59:42","slug":"alemania-inicia-despliegue-de-tropas-en-lituania","status":"publish","type":"post","link":"https:\/\/www.sonoraenequipo.com.mx\/alemania-inicia-despliegue-de-tropas-en-lituania\/","title":{"rendered":"Alemania inicia despliegue de\u00a0 tropas en Lituania"},"content":{"rendered":"<p><strong>BERL\u00cdN,ALEMANIA\u02d7\u02d7\u02d7 <\/strong>Las Fuerzas Armadas de Alemania comenzaron el \u00a0lunes con el despliegue permanente de tropas en Lituania, una medida encaminada a reforzar el flanco oriental de la Alianza Atl\u00e1ntica tras el acuerdo de seguridad firmado entre Berl\u00edn y Vilna a mediados del pasado mes de diciembre.<\/p>\n<p>&nbsp;<\/p>\n<p>El ministro de Defensa de Alemania, Boris Pistorius, ha catalogado este d\u00eda como una fecha \u00abimportante\u00bb para las Fuerzas Armadas germanas (Bundeswehr), debido en parte a que esta es la primera ocasi\u00f3n en que Berl\u00edn despliega en el extranjero este tipo de tropas de forma permanente.<\/p>\n<p>&nbsp;<\/p>\n<p>Este primer destacamento est\u00e1 formado por cerca de una veintena de soldados, si bien con el tiempo se espera que sean miles los militares alemanes desplegados en Lituania, pa\u00eds miembro de la OTAN y que comparte frontera con Rusia a trav\u00e9s del exclave de Kaliningrado, as\u00ed como con Bielorrusia.<\/p>\n<p>&nbsp;<\/p>\n<p>\u00abS\u00e9 que a\u00fan queda mucho por hacer, incluso sobre el terreno. La infraestructura tiene que estar bien, los barracones tienen que estar ah\u00ed (&#8230;) Todav\u00eda queda mucho por hacer en la parte lituana (&#8230;) Haremos todo lo posible para equipar a la brigada como debe ser\u00bb, ha a\u00f1adido el ministro Pistorius.<\/p>\n<p>Las autoridades de Alemania y Lituania ratificaron a mediados de diciembre un acuerdo militar para el despliegue de tropas alemanas en las ciudades de Vilna y Kaunas para servir en las bases de Rudninkai y Rukla. Est\u00e1 previsto que el proceso de despliegue de tropas culmine en el a\u00f1o 2027.<\/p>\n<p>El destacamento alem\u00e1n estar\u00e1 formado por cerca de 5 mil efectivos correspondientes a cinco batallones, incluidos batallones de tanques y artiller\u00eda. Los migrantes alemanes viajar\u00e1n con sus familiares debido al largo periodo de rotaci\u00f3n, seg\u00fan adelant\u00f3 hace meses la radiotelevisi\u00f3n lituana LRT.<\/p>\n<p><strong>Fecha de publicaci\u00f3n lunes 8 de abril de 2024\/ La Jornada<\/strong><\/p>\n","protected":false},"excerpt":{"rendered":"<p>BERL\u00cdN,ALEMANIA\u02d7\u02d7\u02d7 Las Fuerzas Armadas de Alemania comenzaron el \u00a0lunes con el despliegue permanente de tropas&#8230;<\/p>\n","protected":false},"author":1,"featured_media":187237,"comment_status":"open","ping_status":"open","sticky":false,"template":"","format":"standard","meta":{"_monsterinsights_skip_tracking":false,"_monsterinsights_sitenote_active":false,"_monsterinsights_sitenote_note":"","_monsterinsights_sitenote_category":0,"footnotes":""},"categories":[3],"tags":[156,9518,9517],"class_list":["post"],"yoast_head":" \n<title>Sonora en Equipo. Alemania inicia despliegue de\u00a0 tropas en Lituania MUNDO<\/title>\n<meta name=\"description\" content=\"BERL\u00cdN,ALEMANIA\u02d7\u02d7\u02d7 Las Fuerzas Armadas de Alemania comenzaron el \u00a0lunes con el despliegue permanente de tropas en Lituania, una medida encaminada a En Sonora en Equipo publicamos toda la informaci\u00f3n de Sonora, M\u00e9xico y el Mundo de manera oportuna y busca que la libertad de expresi\u00f3n sea real. Visita nuestro medio informativo publicado desde Hermosillo, Sonora. %\" \/>\n<meta name=\"robots\" content=\"index, follow, max-snippet:-1, max-image-preview:large, max-video-preview:-1\" \/>\n<link rel=\"canonical\" href=\"https:\/\/www.sonoraenequipo.com.mx\/alemania-inicia-despliegue-de-tropas-en-lituania\/\" \/>\n<meta property=\"og:locale\" content=\"es_ES\" \/>\n<meta property=\"og:type\" content=\"article\" \/>\n<meta property=\"og:title\" content=\"Sonora en Equipo. Alemania inicia despliegue de\u00a0 tropas en Lituania MUNDO\" \/>\n<meta property=\"og:description\" content=\"BERL\u00cdN,ALEMANIA\u02d7\u02d7\u02d7 Las Fuerzas Armadas de Alemania comenzaron el \u00a0lunes con el despliegue permanente de tropas en Lituania, una medida encaminada a En Sonora en Equipo publicamos toda la informaci\u00f3n de Sonora, M\u00e9xico y el Mundo de manera oportuna y busca que la libertad de expresi\u00f3n sea real. Visita nuestro medio informativo publicado desde Hermosillo, Sonora. %\" \/>\n<meta property=\"og:url\" content=\"https:\/\/www.sonoraenequipo.com.mx\/alemania-inicia-despliegue-de-tropas-en-lituania\/\" \/>\n<meta property=\"og:site_name\" content=\"Sonora en Equipo.\" \/>\n<meta property=\"article:publisher\" content=\"https:\/\/www.facebook.com\/SonoraEE\/\" \/>\n<meta property=\"article:author\" content=\"https:\/\/www.facebook.com\/SonoraEE\" \/>\n<meta property=\"article:published_time\" content=\"2024-04-09T18:59:42+00:00\" \/>\n<meta property=\"og:image\" content=\"https:\/\/www.sonoraenequipo.com.mx\/storage\/2024\/04\/tanque-aleman.jpg\" \/>\n\t<meta property=\"og:image:width\" content=\"900\" \/>\n\t<meta property=\"og:image:height\" content=\"600\" \/>\n\t<meta property=\"og:image:type\" content=\"image\/jpeg\" \/>\n<meta name=\"author\" content=\"enequipo\" \/>\n<meta name=\"twitter:card\" content=\"summary_large_image\" \/>\n<meta name=\"twitter:creator\" content=\"@sonoraenequipo\" \/>\n<meta name=\"twitter:site\" content=\"@sonoraenequipo\" \/>\n<meta name=\"twitter:label1\" content=\"Escrito por\" \/>\n\t<meta name=\"twitter:data1\" content=\"enequipo\" \/>\n\t<meta name=\"twitter:label2\" content=\"Tiempo de lectura\" \/>\n\t<meta name=\"twitter:data2\" content=\"2 minutos\" \/>\n<script type=\"application\/ld+json\" class=\"yoast-schema-graph\">{\"@context\":\"https:\/\/schema.org\",\"@graph\":[{\"@type\":\"Article\",\"@id\":\"https:\/\/www.sonoraenequipo.com.mx\/alemania-inicia-despliegue-de-tropas-en-lituania\/#article\",\"isPartOf\":{\"@id\":\"https:\/\/www.sonoraenequipo.com.mx\/alemania-inicia-despliegue-de-tropas-en-lituania\/\"},\"author\":{\"name\":\"enequipo\",\"@id\":\"https:\/\/www.sonoraenequipo.com.mx\/#\/schema\/person\/50102df0fb23a8fa9e8effad8fa81386\"},\"headline\":\"Alemania inicia despliegue de\u00a0 tropas en Lituania\",\"datePublished\":\"2024-04-09T18:59:42+00:00\",\"mainEntityOfPage\":{\"@id\":\"https:\/\/www.sonoraenequipo.com.mx\/alemania-inicia-despliegue-de-tropas-en-lituania\/\"},\"wordCount\":319,\"commentCount\":0,\"publisher\":{\"@id\":\"https:\/\/www.sonoraenequipo.com.mx\/#organization\"},\"image\":{\"@id\":\"https:\/\/www.sonoraenequipo.com.mx\/alemania-inicia-despliegue-de-tropas-en-lituania\/#primaryimage\"},\"thumbnailUrl\":\"https:\/\/www.sonoraenequipo.com.mx\/storage\/2024\/04\/tanque-aleman.jpg\",\"keywords\":[\"Alemania\",\"lituania\",\"tropas\"],\"articleSection\":[\"MUNDO\"],\"inLanguage\":\"es\",\"potentialAction\":[{\"@type\":\"CommentAction\",\"name\":\"Comment\",\"target\":[\"https:\/\/www.sonoraenequipo.com.mx\/alemania-inicia-despliegue-de-tropas-en-lituania\/#respond\"]}]},{\"@type\":\"WebPage\",\"@id\":\"https:\/\/www.sonoraenequipo.com.mx\/alemania-inicia-despliegue-de-tropas-en-lituania\/\",\"url\":\"https:\/\/www.sonoraenequipo.com.mx\/alemania-inicia-despliegue-de-tropas-en-lituania\/\",\"name\":\"Sonora en Equipo. Alemania inicia despliegue de\u00a0 tropas en Lituania MUNDO\",\"isPartOf\":{\"@id\":\"https:\/\/www.sonoraenequipo.com.mx\/#website\"},\"primaryImageOfPage\":{\"@id\":\"https:\/\/www.sonoraenequipo.com.mx\/alemania-inicia-despliegue-de-tropas-en-lituania\/#primaryimage\"},\"image\":{\"@id\":\"https:\/\/www.sonoraenequipo.com.mx\/alemania-inicia-despliegue-de-tropas-en-lituania\/#primaryimage\"},\"thumbnailUrl\":\"https:\/\/www.sonoraenequipo.com.mx\/storage\/2024\/04\/tanque-aleman.jpg\",\"datePublished\":\"2024-04-09T18:59:42+00:00\",\"description\":\"BERL\u00cdN,ALEMANIA\u02d7\u02d7\u02d7 Las Fuerzas Armadas de Alemania comenzaron el \u00a0lunes con el despliegue permanente de tropas en Lituania, una medida encaminada a En Sonora en Equipo publicamos toda la informaci\u00f3n de Sonora, M\u00e9xico y el Mundo de manera oportuna y busca que la libertad de expresi\u00f3n sea real. Visita nuestro medio informativo publicado desde Hermosillo, Sonora. %\",\"breadcrumb\":{\"@id\":\"https:\/\/www.sonoraenequipo.com.mx\/alemania-inicia-despliegue-de-tropas-en-lituania\/#breadcrumb\"},\"inLanguage\":\"es\",\"potentialAction\":[{\"@type\":\"ReadAction\",\"target\":[\"https:\/\/www.sonoraenequipo.com.mx\/alemania-inicia-despliegue-de-tropas-en-lituania\/\"]}]},{\"@type\":\"ImageObject\",\"inLanguage\":\"es\",\"@id\":\"https:\/\/www.sonoraenequipo.com.mx\/alemania-inicia-despliegue-de-tropas-en-lituania\/#primaryimage\",\"url\":\"https:\/\/www.sonoraenequipo.com.mx\/storage\/2024\/04\/tanque-aleman.jpg\",\"contentUrl\":\"https:\/\/www.sonoraenequipo.com.mx\/storage\/2024\/04\/tanque-aleman.jpg\",\"width\":900,\"height\":600,\"caption\":\"Imagen AP\"},{\"@type\":\"BreadcrumbList\",\"@id\":\"https:\/\/www.sonoraenequipo.com.mx\/alemania-inicia-despliegue-de-tropas-en-lituania\/#breadcrumb\",\"itemListElement\":[{\"@type\":\"ListItem\",\"position\":1,\"name\":\"Portada\",\"item\":\"https:\/\/www.sonoraenequipo.com.mx\/\"},{\"@type\":\"ListItem\",\"position\":2,\"name\":\"Alemania inicia despliegue de\u00a0 tropas en Lituania\"}]},{\"@type\":\"WebSite\",\"@id\":\"https:\/\/www.sonoraenequipo.com.mx\/#website\",\"url\":\"https:\/\/www.sonoraenequipo.com.mx\/\",\"name\":\"Sonora en Equipo.\",\"description\":\"Diario en l\u00ednea con Noticias desde Hermosillo, Sonora\",\"publisher\":{\"@id\":\"https:\/\/www.sonoraenequipo.com.mx\/#organization\"},\"potentialAction\":[{\"@type\":\"SearchAction\",\"target\":{\"@type\":\"EntryPoint\",\"urlTemplate\":\"https:\/\/www.sonoraenequipo.com.mx\/?s={search_term_string}\"},\"query-input\":{\"@type\":\"PropertyValueSpecification\",\"valueRequired\":true,\"valueName\":\"search_term_string\"}}],\"inLanguage\":\"es\"},{\"@type\":\"Organization\",\"@id\":\"https:\/\/www.sonoraenequipo.com.mx\/#organization\",\"name\":\"Sonoraenequipo.com.mx\",\"url\":\"https:\/\/www.sonoraenequipo.com.mx\/\",\"logo\":{\"@type\":\"ImageObject\",\"inLanguage\":\"es\",\"@id\":\"https:\/\/www.sonoraenequipo.com.mx\/#\/schema\/logo\/image\/\",\"url\":\"https:\/\/www.sonoraenequipo.com.mx\/storage\/2019\/01\/sonoraenequipo_opt.png\",\"contentUrl\":\"https:\/\/www.sonoraenequipo.com.mx\/storage\/2019\/01\/sonoraenequipo_opt.png\",\"width\":375,\"height\":125,\"caption\":\"Sonoraenequipo.com.mx\"},\"image\":{\"@id\":\"https:\/\/www.sonoraenequipo.com.mx\/#\/schema\/logo\/image\/\"},\"sameAs\":[\"https:\/\/www.facebook.com\/SonoraEE\/\",\"https:\/\/x.com\/sonoraenequipo\",\"https:\/\/www.youtube.com\/channel\/UC338nW-lPEYmJQs4ZABQ1SQ\"]},{\"@type\":\"Person\",\"@id\":\"https:\/\/www.sonoraenequipo.com.mx\/#\/schema\/person\/50102df0fb23a8fa9e8effad8fa81386\",\"name\":\"enequipo\",\"image\":{\"@type\":\"ImageObject\",\"inLanguage\":\"es\",\"@id\":\"https:\/\/www.sonoraenequipo.com.mx\/#\/schema\/person\/image\/\",\"url\":\"https:\/\/secure.gravatar.com\/avatar\/049821681b589dabc0bc20695993ccebb09f5b5d4d790cd9251b97faac7c652b?s=96&d=blank&r=g\",\"contentUrl\":\"https:\/\/secure.gravatar.com\/avatar\/049821681b589dabc0bc20695993ccebb09f5b5d4d790cd9251b97faac7c652b?s=96&d=blank&r=g\",\"caption\":\"enequipo\"},\"sameAs\":[\"https:\/\/www.facebook.com\/SonoraEE\"]}]}<\/script>\n ","yoast_head_json":{"title":"Sonora en Equipo. Alemania inicia despliegue de\u00a0 tropas en Lituania MUNDO","description":"BERL\u00cdN,ALEMANIA\u02d7\u02d7\u02d7 Las Fuerzas Armadas de Alemania comenzaron el \u00a0lunes con el despliegue permanente de tropas en Lituania, una medida encaminada a En Sonora en Equipo publicamos toda la informaci\u00f3n de Sonora, M\u00e9xico y el Mundo de manera oportuna y busca que la libertad de expresi\u00f3n sea real. Visita nuestro medio informativo publicado desde Hermosillo, Sonora. %","robots":{"index":"index","follow":"follow","max-snippet":"max-snippet:-1","max-image-preview":"max-image-preview:large","max-video-preview":"max-video-preview:-1"},"canonical":"https:\/\/www.sonoraenequipo.com.mx\/alemania-inicia-despliegue-de-tropas-en-lituania\/","og_locale":"es_ES","og_type":"article","og_title":"Sonora en Equipo. Alemania inicia despliegue de\u00a0 tropas en Lituania MUNDO","og_description":"BERL\u00cdN,ALEMANIA\u02d7\u02d7\u02d7 Las Fuerzas Armadas de Alemania comenzaron el \u00a0lunes con el despliegue permanente de tropas en Lituania, una medida encaminada a En Sonora en Equipo publicamos toda la informaci\u00f3n de Sonora, M\u00e9xico y el Mundo de manera oportuna y busca que la libertad de expresi\u00f3n sea real. Visita nuestro medio informativo publicado desde Hermosillo, Sonora. %","og_url":"https:\/\/www.sonoraenequipo.com.mx\/alemania-inicia-despliegue-de-tropas-en-lituania\/","og_site_name":"Sonora en Equipo.","article_publisher":"https:\/\/www.facebook.com\/SonoraEE\/","article_author":"https:\/\/www.facebook.com\/SonoraEE","article_published_time":"2024-04-09T18:59:42+00:00","og_image":[{"width":900,"height":600,"url":"https:\/\/www.sonoraenequipo.com.mx\/storage\/2024\/04\/tanque-aleman.jpg","type":"image\/jpeg"}],"author":"enequipo","twitter_card":"summary_large_image","twitter_creator":"@sonoraenequipo","twitter_site":"@sonoraenequipo","twitter_misc":{"Escrito por":"enequipo","Tiempo de lectura":"2 minutos"},"schema":{"@context":"https:\/\/schema.org","@graph":[{"@type":"Article","@id":"https:\/\/www.sonoraenequipo.com.mx\/alemania-inicia-despliegue-de-tropas-en-lituania\/#article","isPartOf":{"@id":"https:\/\/www.sonoraenequipo.com.mx\/alemania-inicia-despliegue-de-tropas-en-lituania\/"},"author":{"name":"enequipo","@id":"https:\/\/www.sonoraenequipo.com.mx\/#\/schema\/person\/50102df0fb23a8fa9e8effad8fa81386"},"headline":"Alemania inicia despliegue de\u00a0 tropas en Lituania","datePublished":"2024-04-09T18:59:42+00:00","mainEntityOfPage":{"@id":"https:\/\/www.sonoraenequipo.com.mx\/alemania-inicia-despliegue-de-tropas-en-lituania\/"},"wordCount":319,"commentCount":0,"publisher":{"@id":"https:\/\/www.sonoraenequipo.com.mx\/#organization"},"image":{"@id":"https:\/\/www.sonoraenequipo.com.mx\/alemania-inicia-despliegue-de-tropas-en-lituania\/#primaryimage"},"thumbnailUrl":"https:\/\/www.sonoraenequipo.com.mx\/storage\/2024\/04\/tanque-aleman.jpg","keywords":["Alemania","lituania","tropas"],"articleSection":["MUNDO"],"inLanguage":"es","potentialAction":[{"@type":"CommentAction","name":"Comment","target":["https:\/\/www.sonoraenequipo.com.mx\/alemania-inicia-despliegue-de-tropas-en-lituania\/#respond"]}]},{"@type":"WebPage","@id":"https:\/\/www.sonoraenequipo.com.mx\/alemania-inicia-despliegue-de-tropas-en-lituania\/","url":"https:\/\/www.sonoraenequipo.com.mx\/alemania-inicia-despliegue-de-tropas-en-lituania\/","name":"Sonora en Equipo. Alemania inicia despliegue de\u00a0 tropas en Lituania MUNDO","isPartOf":{"@id":"https:\/\/www.sonoraenequipo.com.mx\/#website"},"primaryImageOfPage":{"@id":"https:\/\/www.sonoraenequipo.com.mx\/alemania-inicia-despliegue-de-tropas-en-lituania\/#primaryimage"},"image":{"@id":"https:\/\/www.sonoraenequipo.com.mx\/alemania-inicia-despliegue-de-tropas-en-lituania\/#primaryimage"},"thumbnailUrl":"https:\/\/www.sonoraenequipo.com.mx\/storage\/2024\/04\/tanque-aleman.jpg","datePublished":"2024-04-09T18:59:42+00:00","description":"BERL\u00cdN,ALEMANIA\u02d7\u02d7\u02d7 Las Fuerzas Armadas de Alemania comenzaron el \u00a0lunes con el despliegue permanente de tropas en Lituania, una medida encaminada a En Sonora en Equipo publicamos toda la informaci\u00f3n de Sonora, M\u00e9xico y el Mundo de manera oportuna y busca que la libertad de expresi\u00f3n sea real. Visita nuestro medio informativo publicado desde Hermosillo, Sonora. %","breadcrumb":{"@id":"https:\/\/www.sonoraenequipo.com.mx\/alemania-inicia-despliegue-de-tropas-en-lituania\/#breadcrumb"},"inLanguage":"es","potentialAction":[{"@type":"ReadAction","target":["https:\/\/www.sonoraenequipo.com.mx\/alemania-inicia-despliegue-de-tropas-en-lituania\/"]}]},{"@type":"ImageObject","inLanguage":"es","@id":"https:\/\/www.sonoraenequipo.com.mx\/alemania-inicia-despliegue-de-tropas-en-lituania\/#primaryimage","url":"https:\/\/www.sonoraenequipo.com.mx\/storage\/2024\/04\/tanque-aleman.jpg","contentUrl":"https:\/\/www.sonoraenequipo.com.mx\/storage\/2024\/04\/tanque-aleman.jpg","width":900,"height":600,"caption":"Imagen AP"},{"@type":"BreadcrumbList","@id":"https:\/\/www.sonoraenequipo.com.mx\/alemania-inicia-despliegue-de-tropas-en-lituania\/#breadcrumb","itemListElement":[{"@type":"ListItem","position":1,"name":"Portada","item":"https:\/\/www.sonoraenequipo.com.mx\/"},{"@type":"ListItem","position":2,"name":"Alemania inicia despliegue de\u00a0 tropas en Lituania"}]},{"@type":"WebSite","@id":"https:\/\/www.sonoraenequipo.com.mx\/#website","url":"https:\/\/www.sonoraenequipo.com.mx\/","name":"Sonora en Equipo.","description":"Diario en l\u00ednea con Noticias desde Hermosillo, Sonora","publisher":{"@id":"https:\/\/www.sonoraenequipo.com.mx\/#organization"},"potentialAction":[{"@type":"SearchAction","target":{"@type":"EntryPoint","urlTemplate":"https:\/\/www.sonoraenequipo.com.mx\/?s={search_term_string}"},"query-input":{"@type":"PropertyValueSpecification","valueRequired":true,"valueName":"search_term_string"}}],"inLanguage":"es"},{"@type":"Organization","@id":"https:\/\/www.sonoraenequipo.com.mx\/#organization","name":"Sonoraenequipo.com.mx","url":"https:\/\/www.sonoraenequipo.com.mx\/","logo":{"@type":"ImageObject","inLanguage":"es","@id":"https:\/\/www.sonoraenequipo.com.mx\/#\/schema\/logo\/image\/","url":"https:\/\/www.sonoraenequipo.com.mx\/storage\/2019\/01\/sonoraenequipo_opt.png","contentUrl":"https:\/\/www.sonoraenequipo.com.mx\/storage\/2019\/01\/sonoraenequipo_opt.png","width":375,"height":125,"caption":"Sonoraenequipo.com.mx"},"image":{"@id":"https:\/\/www.sonoraenequipo.com.mx\/#\/schema\/logo\/image\/"},"sameAs":["https:\/\/www.facebook.com\/SonoraEE\/","https:\/\/x.com\/sonoraenequipo","https:\/\/www.youtube.com\/channel\/UC338nW-lPEYmJQs4ZABQ1SQ"]},{"@type":"Person","@id":"https:\/\/www.sonoraenequipo.com.mx\/#\/schema\/person\/50102df0fb23a8fa9e8effad8fa81386","name":"enequipo","image":{"@type":"ImageObject","inLanguage":"es","@id":"https:\/\/www.sonoraenequipo.com.mx\/#\/schema\/person\/image\/","url":"https:\/\/secure.gravatar.com\/avatar\/049821681b589dabc0bc20695993ccebb09f5b5d4d790cd9251b97faac7c652b?s=96&d=blank&r=g","contentUrl":"https:\/\/secure.gravatar.com\/avatar\/049821681b589dabc0bc20695993ccebb09f5b5d4d790cd9251b97faac7c652b?s=96&d=blank&r=g","caption":"enequipo"},"sameAs":["https:\/\/www.facebook.com\/SonoraEE"]}]}},"jetpack_featured_media_url":"https:\/\/www.sonoraenequipo.com.mx\/storage\/2024\/04\/tanque-aleman.jpg","_links":{"self":[{"href":"https:\/\/www.sonoraenequipo.com.mx\/api\/wp\/v2\/posts\/187236","targetHints":{"allow":["GET"]}}],"collection":[{"href":"https:\/\/www.sonoraenequipo.com.mx\/api\/wp\/v2\/posts"}],"about":[{"href":"https:\/\/www.sonoraenequipo.com.mx\/api\/wp\/v2\/types\/post"}],"author":[{"embeddable":true,"href":"https:\/\/www.sonoraenequipo.com.mx\/api\/wp\/v2\/users\/1"}],"replies":[{"embeddable":true,"href":"https:\/\/www.sonoraenequipo.com.mx\/api\/wp\/v2\/comments?post=187236"}],"version-history":[{"count":1,"href":"https:\/\/www.sonoraenequipo.com.mx\/api\/wp\/v2\/posts\/187236\/revisions"}],"predecessor-version":[{"id":187238,"href":"https:\/\/www.sonoraenequipo.com.mx\/api\/wp\/v2\/posts\/187236\/revisions\/187238"}],"wp:featuredmedia":[{"embeddable":true,"href":"https:\/\/www.sonoraenequipo.com.mx\/api\/wp\/v2\/media\/187237"}],"wp:attachment":[{"href":"https:\/\/www.sonoraenequipo.com.mx\/api\/wp\/v2\/media?parent=187236"}],"wp:term":[{"taxonomy":"category","embeddable":true,"href":"https:\/\/www.sonoraenequipo.com.mx\/api\/wp\/v2\/categories?post=187236"},{"taxonomy":"post_tag","embeddable":true,"href":"https:\/\/www.sonoraenequipo.com.mx\/api\/wp\/v2\/tags?post=187236"}],"curies":[{"name":"wp","href":"https:\/\/api.w.org\/{rel}","templated":true}]}}