{"id":187252,"date":"2024-04-09T14:21:50","date_gmt":"2024-04-09T21:21:50","guid":{"rendered":"https:\/\/www.sonoraenequipo.com.mx\/?p=187252"},"modified":"2024-04-09T14:21:50","modified_gmt":"2024-04-09T21:21:50","slug":"sonora-asegura-tres-plazas-nacionales-en-el-basquetbol-y-volibol-de-sala","status":"publish","type":"post","link":"https:\/\/www.sonoraenequipo.com.mx\/sonora-asegura-tres-plazas-nacionales-en-el-basquetbol-y-volibol-de-sala\/","title":{"rendered":"Sonora asegura tres plazas nacionales en el basquetbol y volibol de sala"},"content":{"rendered":"<p><strong>HERMOSILLO, SONORA, MX.\u02d7\u02d7\u02d7 <\/strong>Sonora logr\u00f3 el avance de dos equipos en basquetbol y uno en volibol de playa, en las fases Macro Regionales que se celebraron en Chihuahua, Chihuahua, y en La Paz, Baja California Sur, respectivamente.<\/p>\n<p>&nbsp;<\/p>\n<p>&nbsp;<\/p>\n<p>&nbsp;<\/p>\n<p>En el caso del baloncesto, realizado en la capital chihuahuense, las selecciones de las categor\u00edas 2006-07 y 2008-09, ambas de la rama varonil, consiguieron el avance a los Nacionales Conade del \u201cdeporte r\u00e1faga\u201d, a desarrollarse en Guadalajara, Jalisco.<\/p>\n<p>&nbsp;<\/p>\n<p>&nbsp;<\/p>\n<p>&nbsp;<\/p>\n<p>El equipo sonorense calific\u00f3 como segundo de su grupo, al sumar 10 unidades, despu\u00e9s de terminar con marca de 3-1 en ganados y perdidos, solamente detr\u00e1s de Chihuahua que acumul\u00f3 12.<\/p>\n<p>&nbsp;<\/p>\n<p>&nbsp;<\/p>\n<p>&nbsp;<\/p>\n<p>El plantel 2006-07 de Sonora, al mando del entrenador Arnoldo D\u00f3rame y su auxiliar, Roberto Acu\u00f1a, lo conformaron: Carlos R\u00edos, Jos\u00e9 Hurtado, Rams\u00e9s Aguirre, El\u00edas Vega, Arturo Coronado, \u00d3scar Ochoa, Jhaniel Lugo, Iv\u00e1n Santana, Luis B\u00f3rquez, \u00c1ngel Ram\u00edrez, Jes\u00fas L\u00f3pez y Alexis C\u00f3rdova.<\/p>\n<p>&nbsp;<\/p>\n<p>&nbsp;<\/p>\n<p>&nbsp;<\/p>\n<p>La selecci\u00f3n 2008-09 contabiliz\u00f3 8 unidades para concluir segundo del sector (2-2 su r\u00e9cord), con lo cual aseguraron la estancia en la fase nacional, el plantel lo integraron: El\u00edas Bustamante, Roberto Campagne, Alejandro Garc\u00eda, No\u00e9 Adri\u00e1n Garc\u00eda, Axel Jim\u00e9nez, Sebasti\u00e1n L\u00f3pez, Luis Fernando Madrigal, Jos\u00e9 Rub\u00e9n Morales, Marcos Ram\u00edrez, Fabi\u00e1n Sandoval, Luis Ram\u00f3n Ur\u00edas y Denzel Verdugo. El cuerpo t\u00e9cnico cont\u00f3 con el entrenador Luis Rodolfo Peralta y su auxiliar Jes\u00fas Alfredo Valenzuela.<\/p>\n<p>&nbsp;<\/p>\n<p>&nbsp;<\/p>\n<p>&nbsp;<\/p>\n<p>Mientras que, en el volibol de playa, celebrado en la capital sudcaliforniana, pas\u00f3 a la fase nacional el dueto sonorense de la categor\u00eda Juvenil Menor Varonil, integrado por Carlos Abraham Grajeda y Diego Armando Espinoza Valenzuela, quienes tuvieron una marca de 4-1 en los cinco juegos que sostuvieron.<\/p>\n<p>&nbsp;<\/p>\n<p>&nbsp;<\/p>\n<p>&nbsp;<\/p>\n<p>La dupla de Sonora venci\u00f3 a Zacatecas, Nuevo Le\u00f3n, Coahuila y Chihuahua, siendo el rev\u00e9s en contra de Sinaloa; en los nueve sets que jugaron, contabilizaron siete ganados y s\u00f3lo dos perdidos, para amarrar el boleto nacional (ser\u00e1 en Campeche) tras concluir en la segunda posici\u00f3n.<\/p>\n<p><strong>Fecha de publicaci\u00f3n martes 9 de abril de 2024<\/strong><\/p>\n","protected":false},"excerpt":{"rendered":"<p>HERMOSILLO, SONORA, MX.\u02d7\u02d7\u02d7 Sonora logr\u00f3 el avance de dos equipos en basquetbol y uno en&#8230;<\/p>\n","protected":false},"author":1,"featured_media":187253,"comment_status":"open","ping_status":"open","sticky":false,"template":"","format":"standard","meta":{"_monsterinsights_skip_tracking":false,"_monsterinsights_sitenote_active":false,"_monsterinsights_sitenote_note":"","_monsterinsights_sitenote_category":0,"footnotes":""},"categories":[10],"tags":[9520],"class_list":["post"],"yoast_head":" \n<title>Sonora en Equipo. Sonora asegura tres plazas nacionales en el basquetbol y volibol de sala Deportes<\/title>\n<meta name=\"description\" content=\"HERMOSILLO, SONORA, MX.\u02d7\u02d7\u02d7 Sonora logr\u00f3 el avance de dos equipos en basquetbol y uno en volibol de playa, en las fases Macro Regionales que se celebraron En Sonora en Equipo publicamos toda la informaci\u00f3n de Sonora, M\u00e9xico y el Mundo de manera oportuna y busca que la libertad de expresi\u00f3n sea real. Visita nuestro medio informativo publicado desde Hermosillo, Sonora. %\" \/>\n<meta name=\"robots\" content=\"index, follow, max-snippet:-1, max-image-preview:large, max-video-preview:-1\" \/>\n<link rel=\"canonical\" href=\"https:\/\/www.sonoraenequipo.com.mx\/sonora-asegura-tres-plazas-nacionales-en-el-basquetbol-y-volibol-de-sala\/\" \/>\n<meta property=\"og:locale\" content=\"es_ES\" \/>\n<meta property=\"og:type\" content=\"article\" \/>\n<meta property=\"og:title\" content=\"Sonora en Equipo. Sonora asegura tres plazas nacionales en el basquetbol y volibol de sala Deportes\" \/>\n<meta property=\"og:description\" content=\"HERMOSILLO, SONORA, MX.\u02d7\u02d7\u02d7 Sonora logr\u00f3 el avance de dos equipos en basquetbol y uno en volibol de playa, en las fases Macro Regionales que se celebraron En Sonora en Equipo publicamos toda la informaci\u00f3n de Sonora, M\u00e9xico y el Mundo de manera oportuna y busca que la libertad de expresi\u00f3n sea real. Visita nuestro medio informativo publicado desde Hermosillo, Sonora. %\" \/>\n<meta property=\"og:url\" content=\"https:\/\/www.sonoraenequipo.com.mx\/sonora-asegura-tres-plazas-nacionales-en-el-basquetbol-y-volibol-de-sala\/\" \/>\n<meta property=\"og:site_name\" content=\"Sonora en Equipo.\" \/>\n<meta property=\"article:publisher\" content=\"https:\/\/www.facebook.com\/SonoraEE\/\" \/>\n<meta property=\"article:author\" content=\"https:\/\/www.facebook.com\/SonoraEE\" \/>\n<meta property=\"article:published_time\" content=\"2024-04-09T21:21:50+00:00\" \/>\n<meta property=\"og:image\" content=\"https:\/\/www.sonoraenequipo.com.mx\/storage\/2024\/04\/basketbol.jpg\" \/>\n\t<meta property=\"og:image:width\" content=\"900\" \/>\n\t<meta property=\"og:image:height\" content=\"600\" \/>\n\t<meta property=\"og:image:type\" content=\"image\/jpeg\" \/>\n<meta name=\"author\" content=\"enequipo\" \/>\n<meta name=\"twitter:card\" content=\"summary_large_image\" \/>\n<meta name=\"twitter:creator\" content=\"@sonoraenequipo\" \/>\n<meta name=\"twitter:site\" content=\"@sonoraenequipo\" \/>\n<meta name=\"twitter:label1\" content=\"Escrito por\" \/>\n\t<meta name=\"twitter:data1\" content=\"enequipo\" \/>\n\t<meta name=\"twitter:label2\" content=\"Tiempo de lectura\" \/>\n\t<meta name=\"twitter:data2\" content=\"2 minutos\" \/>\n<script type=\"application\/ld+json\" class=\"yoast-schema-graph\">{\"@context\":\"https:\/\/schema.org\",\"@graph\":[{\"@type\":\"Article\",\"@id\":\"https:\/\/www.sonoraenequipo.com.mx\/sonora-asegura-tres-plazas-nacionales-en-el-basquetbol-y-volibol-de-sala\/#article\",\"isPartOf\":{\"@id\":\"https:\/\/www.sonoraenequipo.com.mx\/sonora-asegura-tres-plazas-nacionales-en-el-basquetbol-y-volibol-de-sala\/\"},\"author\":{\"name\":\"enequipo\",\"@id\":\"https:\/\/www.sonoraenequipo.com.mx\/#\/schema\/person\/50102df0fb23a8fa9e8effad8fa81386\"},\"headline\":\"Sonora asegura tres plazas nacionales en el basquetbol y volibol de sala\",\"datePublished\":\"2024-04-09T21:21:50+00:00\",\"mainEntityOfPage\":{\"@id\":\"https:\/\/www.sonoraenequipo.com.mx\/sonora-asegura-tres-plazas-nacionales-en-el-basquetbol-y-volibol-de-sala\/\"},\"wordCount\":387,\"commentCount\":0,\"publisher\":{\"@id\":\"https:\/\/www.sonoraenequipo.com.mx\/#organization\"},\"image\":{\"@id\":\"https:\/\/www.sonoraenequipo.com.mx\/sonora-asegura-tres-plazas-nacionales-en-el-basquetbol-y-volibol-de-sala\/#primaryimage\"},\"thumbnailUrl\":\"https:\/\/www.sonoraenequipo.com.mx\/storage\/2024\/04\/basketbol.jpg\",\"keywords\":[\"conade basketbol\"],\"articleSection\":[\"Deportes\"],\"inLanguage\":\"es\",\"potentialAction\":[{\"@type\":\"CommentAction\",\"name\":\"Comment\",\"target\":[\"https:\/\/www.sonoraenequipo.com.mx\/sonora-asegura-tres-plazas-nacionales-en-el-basquetbol-y-volibol-de-sala\/#respond\"]}]},{\"@type\":\"WebPage\",\"@id\":\"https:\/\/www.sonoraenequipo.com.mx\/sonora-asegura-tres-plazas-nacionales-en-el-basquetbol-y-volibol-de-sala\/\",\"url\":\"https:\/\/www.sonoraenequipo.com.mx\/sonora-asegura-tres-plazas-nacionales-en-el-basquetbol-y-volibol-de-sala\/\",\"name\":\"Sonora en Equipo. Sonora asegura tres plazas nacionales en el basquetbol y volibol de sala Deportes\",\"isPartOf\":{\"@id\":\"https:\/\/www.sonoraenequipo.com.mx\/#website\"},\"primaryImageOfPage\":{\"@id\":\"https:\/\/www.sonoraenequipo.com.mx\/sonora-asegura-tres-plazas-nacionales-en-el-basquetbol-y-volibol-de-sala\/#primaryimage\"},\"image\":{\"@id\":\"https:\/\/www.sonoraenequipo.com.mx\/sonora-asegura-tres-plazas-nacionales-en-el-basquetbol-y-volibol-de-sala\/#primaryimage\"},\"thumbnailUrl\":\"https:\/\/www.sonoraenequipo.com.mx\/storage\/2024\/04\/basketbol.jpg\",\"datePublished\":\"2024-04-09T21:21:50+00:00\",\"description\":\"HERMOSILLO, SONORA, MX.\u02d7\u02d7\u02d7 Sonora logr\u00f3 el avance de dos equipos en basquetbol y uno en volibol de playa, en las fases Macro Regionales que se celebraron En Sonora en Equipo publicamos toda la informaci\u00f3n de Sonora, M\u00e9xico y el Mundo de manera oportuna y busca que la libertad de expresi\u00f3n sea real. Visita nuestro medio informativo publicado desde Hermosillo, Sonora. %\",\"breadcrumb\":{\"@id\":\"https:\/\/www.sonoraenequipo.com.mx\/sonora-asegura-tres-plazas-nacionales-en-el-basquetbol-y-volibol-de-sala\/#breadcrumb\"},\"inLanguage\":\"es\",\"potentialAction\":[{\"@type\":\"ReadAction\",\"target\":[\"https:\/\/www.sonoraenequipo.com.mx\/sonora-asegura-tres-plazas-nacionales-en-el-basquetbol-y-volibol-de-sala\/\"]}]},{\"@type\":\"ImageObject\",\"inLanguage\":\"es\",\"@id\":\"https:\/\/www.sonoraenequipo.com.mx\/sonora-asegura-tres-plazas-nacionales-en-el-basquetbol-y-volibol-de-sala\/#primaryimage\",\"url\":\"https:\/\/www.sonoraenequipo.com.mx\/storage\/2024\/04\/basketbol.jpg\",\"contentUrl\":\"https:\/\/www.sonoraenequipo.com.mx\/storage\/2024\/04\/basketbol.jpg\",\"width\":900,\"height\":600},{\"@type\":\"BreadcrumbList\",\"@id\":\"https:\/\/www.sonoraenequipo.com.mx\/sonora-asegura-tres-plazas-nacionales-en-el-basquetbol-y-volibol-de-sala\/#breadcrumb\",\"itemListElement\":[{\"@type\":\"ListItem\",\"position\":1,\"name\":\"Portada\",\"item\":\"https:\/\/www.sonoraenequipo.com.mx\/\"},{\"@type\":\"ListItem\",\"position\":2,\"name\":\"Sonora asegura tres plazas nacionales en el basquetbol y volibol de sala\"}]},{\"@type\":\"WebSite\",\"@id\":\"https:\/\/www.sonoraenequipo.com.mx\/#website\",\"url\":\"https:\/\/www.sonoraenequipo.com.mx\/\",\"name\":\"Sonora en Equipo.\",\"description\":\"Diario en l\u00ednea con Noticias desde Hermosillo, Sonora\",\"publisher\":{\"@id\":\"https:\/\/www.sonoraenequipo.com.mx\/#organization\"},\"potentialAction\":[{\"@type\":\"SearchAction\",\"target\":{\"@type\":\"EntryPoint\",\"urlTemplate\":\"https:\/\/www.sonoraenequipo.com.mx\/?s={search_term_string}\"},\"query-input\":{\"@type\":\"PropertyValueSpecification\",\"valueRequired\":true,\"valueName\":\"search_term_string\"}}],\"inLanguage\":\"es\"},{\"@type\":\"Organization\",\"@id\":\"https:\/\/www.sonoraenequipo.com.mx\/#organization\",\"name\":\"Sonoraenequipo.com.mx\",\"url\":\"https:\/\/www.sonoraenequipo.com.mx\/\",\"logo\":{\"@type\":\"ImageObject\",\"inLanguage\":\"es\",\"@id\":\"https:\/\/www.sonoraenequipo.com.mx\/#\/schema\/logo\/image\/\",\"url\":\"https:\/\/www.sonoraenequipo.com.mx\/storage\/2019\/01\/sonoraenequipo_opt.png\",\"contentUrl\":\"https:\/\/www.sonoraenequipo.com.mx\/storage\/2019\/01\/sonoraenequipo_opt.png\",\"width\":375,\"height\":125,\"caption\":\"Sonoraenequipo.com.mx\"},\"image\":{\"@id\":\"https:\/\/www.sonoraenequipo.com.mx\/#\/schema\/logo\/image\/\"},\"sameAs\":[\"https:\/\/www.facebook.com\/SonoraEE\/\",\"https:\/\/x.com\/sonoraenequipo\",\"https:\/\/www.youtube.com\/channel\/UC338nW-lPEYmJQs4ZABQ1SQ\"]},{\"@type\":\"Person\",\"@id\":\"https:\/\/www.sonoraenequipo.com.mx\/#\/schema\/person\/50102df0fb23a8fa9e8effad8fa81386\",\"name\":\"enequipo\",\"image\":{\"@type\":\"ImageObject\",\"inLanguage\":\"es\",\"@id\":\"https:\/\/www.sonoraenequipo.com.mx\/#\/schema\/person\/image\/\",\"url\":\"https:\/\/secure.gravatar.com\/avatar\/049821681b589dabc0bc20695993ccebb09f5b5d4d790cd9251b97faac7c652b?s=96&d=blank&r=g\",\"contentUrl\":\"https:\/\/secure.gravatar.com\/avatar\/049821681b589dabc0bc20695993ccebb09f5b5d4d790cd9251b97faac7c652b?s=96&d=blank&r=g\",\"caption\":\"enequipo\"},\"sameAs\":[\"https:\/\/www.facebook.com\/SonoraEE\"]}]}<\/script>\n ","yoast_head_json":{"title":"Sonora en Equipo. Sonora asegura tres plazas nacionales en el basquetbol y volibol de sala Deportes","description":"HERMOSILLO, SONORA, MX.\u02d7\u02d7\u02d7 Sonora logr\u00f3 el avance de dos equipos en basquetbol y uno en volibol de playa, en las fases Macro Regionales que se celebraron En Sonora en Equipo publicamos toda la informaci\u00f3n de Sonora, M\u00e9xico y el Mundo de manera oportuna y busca que la libertad de expresi\u00f3n sea real. Visita nuestro medio informativo publicado desde Hermosillo, Sonora. %","robots":{"index":"index","follow":"follow","max-snippet":"max-snippet:-1","max-image-preview":"max-image-preview:large","max-video-preview":"max-video-preview:-1"},"canonical":"https:\/\/www.sonoraenequipo.com.mx\/sonora-asegura-tres-plazas-nacionales-en-el-basquetbol-y-volibol-de-sala\/","og_locale":"es_ES","og_type":"article","og_title":"Sonora en Equipo. Sonora asegura tres plazas nacionales en el basquetbol y volibol de sala Deportes","og_description":"HERMOSILLO, SONORA, MX.\u02d7\u02d7\u02d7 Sonora logr\u00f3 el avance de dos equipos en basquetbol y uno en volibol de playa, en las fases Macro Regionales que se celebraron En Sonora en Equipo publicamos toda la informaci\u00f3n de Sonora, M\u00e9xico y el Mundo de manera oportuna y busca que la libertad de expresi\u00f3n sea real. Visita nuestro medio informativo publicado desde Hermosillo, Sonora. %","og_url":"https:\/\/www.sonoraenequipo.com.mx\/sonora-asegura-tres-plazas-nacionales-en-el-basquetbol-y-volibol-de-sala\/","og_site_name":"Sonora en Equipo.","article_publisher":"https:\/\/www.facebook.com\/SonoraEE\/","article_author":"https:\/\/www.facebook.com\/SonoraEE","article_published_time":"2024-04-09T21:21:50+00:00","og_image":[{"width":900,"height":600,"url":"https:\/\/www.sonoraenequipo.com.mx\/storage\/2024\/04\/basketbol.jpg","type":"image\/jpeg"}],"author":"enequipo","twitter_card":"summary_large_image","twitter_creator":"@sonoraenequipo","twitter_site":"@sonoraenequipo","twitter_misc":{"Escrito por":"enequipo","Tiempo de lectura":"2 minutos"},"schema":{"@context":"https:\/\/schema.org","@graph":[{"@type":"Article","@id":"https:\/\/www.sonoraenequipo.com.mx\/sonora-asegura-tres-plazas-nacionales-en-el-basquetbol-y-volibol-de-sala\/#article","isPartOf":{"@id":"https:\/\/www.sonoraenequipo.com.mx\/sonora-asegura-tres-plazas-nacionales-en-el-basquetbol-y-volibol-de-sala\/"},"author":{"name":"enequipo","@id":"https:\/\/www.sonoraenequipo.com.mx\/#\/schema\/person\/50102df0fb23a8fa9e8effad8fa81386"},"headline":"Sonora asegura tres plazas nacionales en el basquetbol y volibol de sala","datePublished":"2024-04-09T21:21:50+00:00","mainEntityOfPage":{"@id":"https:\/\/www.sonoraenequipo.com.mx\/sonora-asegura-tres-plazas-nacionales-en-el-basquetbol-y-volibol-de-sala\/"},"wordCount":387,"commentCount":0,"publisher":{"@id":"https:\/\/www.sonoraenequipo.com.mx\/#organization"},"image":{"@id":"https:\/\/www.sonoraenequipo.com.mx\/sonora-asegura-tres-plazas-nacionales-en-el-basquetbol-y-volibol-de-sala\/#primaryimage"},"thumbnailUrl":"https:\/\/www.sonoraenequipo.com.mx\/storage\/2024\/04\/basketbol.jpg","keywords":["conade basketbol"],"articleSection":["Deportes"],"inLanguage":"es","potentialAction":[{"@type":"CommentAction","name":"Comment","target":["https:\/\/www.sonoraenequipo.com.mx\/sonora-asegura-tres-plazas-nacionales-en-el-basquetbol-y-volibol-de-sala\/#respond"]}]},{"@type":"WebPage","@id":"https:\/\/www.sonoraenequipo.com.mx\/sonora-asegura-tres-plazas-nacionales-en-el-basquetbol-y-volibol-de-sala\/","url":"https:\/\/www.sonoraenequipo.com.mx\/sonora-asegura-tres-plazas-nacionales-en-el-basquetbol-y-volibol-de-sala\/","name":"Sonora en Equipo. Sonora asegura tres plazas nacionales en el basquetbol y volibol de sala Deportes","isPartOf":{"@id":"https:\/\/www.sonoraenequipo.com.mx\/#website"},"primaryImageOfPage":{"@id":"https:\/\/www.sonoraenequipo.com.mx\/sonora-asegura-tres-plazas-nacionales-en-el-basquetbol-y-volibol-de-sala\/#primaryimage"},"image":{"@id":"https:\/\/www.sonoraenequipo.com.mx\/sonora-asegura-tres-plazas-nacionales-en-el-basquetbol-y-volibol-de-sala\/#primaryimage"},"thumbnailUrl":"https:\/\/www.sonoraenequipo.com.mx\/storage\/2024\/04\/basketbol.jpg","datePublished":"2024-04-09T21:21:50+00:00","description":"HERMOSILLO, SONORA, MX.\u02d7\u02d7\u02d7 Sonora logr\u00f3 el avance de dos equipos en basquetbol y uno en volibol de playa, en las fases Macro Regionales que se celebraron En Sonora en Equipo publicamos toda la informaci\u00f3n de Sonora, M\u00e9xico y el Mundo de manera oportuna y busca que la libertad de expresi\u00f3n sea real. Visita nuestro medio informativo publicado desde Hermosillo, Sonora. %","breadcrumb":{"@id":"https:\/\/www.sonoraenequipo.com.mx\/sonora-asegura-tres-plazas-nacionales-en-el-basquetbol-y-volibol-de-sala\/#breadcrumb"},"inLanguage":"es","potentialAction":[{"@type":"ReadAction","target":["https:\/\/www.sonoraenequipo.com.mx\/sonora-asegura-tres-plazas-nacionales-en-el-basquetbol-y-volibol-de-sala\/"]}]},{"@type":"ImageObject","inLanguage":"es","@id":"https:\/\/www.sonoraenequipo.com.mx\/sonora-asegura-tres-plazas-nacionales-en-el-basquetbol-y-volibol-de-sala\/#primaryimage","url":"https:\/\/www.sonoraenequipo.com.mx\/storage\/2024\/04\/basketbol.jpg","contentUrl":"https:\/\/www.sonoraenequipo.com.mx\/storage\/2024\/04\/basketbol.jpg","width":900,"height":600},{"@type":"BreadcrumbList","@id":"https:\/\/www.sonoraenequipo.com.mx\/sonora-asegura-tres-plazas-nacionales-en-el-basquetbol-y-volibol-de-sala\/#breadcrumb","itemListElement":[{"@type":"ListItem","position":1,"name":"Portada","item":"https:\/\/www.sonoraenequipo.com.mx\/"},{"@type":"ListItem","position":2,"name":"Sonora asegura tres plazas nacionales en el basquetbol y volibol de sala"}]},{"@type":"WebSite","@id":"https:\/\/www.sonoraenequipo.com.mx\/#website","url":"https:\/\/www.sonoraenequipo.com.mx\/","name":"Sonora en Equipo.","description":"Diario en l\u00ednea con Noticias desde Hermosillo, Sonora","publisher":{"@id":"https:\/\/www.sonoraenequipo.com.mx\/#organization"},"potentialAction":[{"@type":"SearchAction","target":{"@type":"EntryPoint","urlTemplate":"https:\/\/www.sonoraenequipo.com.mx\/?s={search_term_string}"},"query-input":{"@type":"PropertyValueSpecification","valueRequired":true,"valueName":"search_term_string"}}],"inLanguage":"es"},{"@type":"Organization","@id":"https:\/\/www.sonoraenequipo.com.mx\/#organization","name":"Sonoraenequipo.com.mx","url":"https:\/\/www.sonoraenequipo.com.mx\/","logo":{"@type":"ImageObject","inLanguage":"es","@id":"https:\/\/www.sonoraenequipo.com.mx\/#\/schema\/logo\/image\/","url":"https:\/\/www.sonoraenequipo.com.mx\/storage\/2019\/01\/sonoraenequipo_opt.png","contentUrl":"https:\/\/www.sonoraenequipo.com.mx\/storage\/2019\/01\/sonoraenequipo_opt.png","width":375,"height":125,"caption":"Sonoraenequipo.com.mx"},"image":{"@id":"https:\/\/www.sonoraenequipo.com.mx\/#\/schema\/logo\/image\/"},"sameAs":["https:\/\/www.facebook.com\/SonoraEE\/","https:\/\/x.com\/sonoraenequipo","https:\/\/www.youtube.com\/channel\/UC338nW-lPEYmJQs4ZABQ1SQ"]},{"@type":"Person","@id":"https:\/\/www.sonoraenequipo.com.mx\/#\/schema\/person\/50102df0fb23a8fa9e8effad8fa81386","name":"enequipo","image":{"@type":"ImageObject","inLanguage":"es","@id":"https:\/\/www.sonoraenequipo.com.mx\/#\/schema\/person\/image\/","url":"https:\/\/secure.gravatar.com\/avatar\/049821681b589dabc0bc20695993ccebb09f5b5d4d790cd9251b97faac7c652b?s=96&d=blank&r=g","contentUrl":"https:\/\/secure.gravatar.com\/avatar\/049821681b589dabc0bc20695993ccebb09f5b5d4d790cd9251b97faac7c652b?s=96&d=blank&r=g","caption":"enequipo"},"sameAs":["https:\/\/www.facebook.com\/SonoraEE"]}]}},"jetpack_featured_media_url":"https:\/\/www.sonoraenequipo.com.mx\/storage\/2024\/04\/basketbol.jpg","_links":{"self":[{"href":"https:\/\/www.sonoraenequipo.com.mx\/api\/wp\/v2\/posts\/187252","targetHints":{"allow":["GET"]}}],"collection":[{"href":"https:\/\/www.sonoraenequipo.com.mx\/api\/wp\/v2\/posts"}],"about":[{"href":"https:\/\/www.sonoraenequipo.com.mx\/api\/wp\/v2\/types\/post"}],"author":[{"embeddable":true,"href":"https:\/\/www.sonoraenequipo.com.mx\/api\/wp\/v2\/users\/1"}],"replies":[{"embeddable":true,"href":"https:\/\/www.sonoraenequipo.com.mx\/api\/wp\/v2\/comments?post=187252"}],"version-history":[{"count":1,"href":"https:\/\/www.sonoraenequipo.com.mx\/api\/wp\/v2\/posts\/187252\/revisions"}],"predecessor-version":[{"id":187254,"href":"https:\/\/www.sonoraenequipo.com.mx\/api\/wp\/v2\/posts\/187252\/revisions\/187254"}],"wp:featuredmedia":[{"embeddable":true,"href":"https:\/\/www.sonoraenequipo.com.mx\/api\/wp\/v2\/media\/187253"}],"wp:attachment":[{"href":"https:\/\/www.sonoraenequipo.com.mx\/api\/wp\/v2\/media?parent=187252"}],"wp:term":[{"taxonomy":"category","embeddable":true,"href":"https:\/\/www.sonoraenequipo.com.mx\/api\/wp\/v2\/categories?post=187252"},{"taxonomy":"post_tag","embeddable":true,"href":"https:\/\/www.sonoraenequipo.com.mx\/api\/wp\/v2\/tags?post=187252"}],"curies":[{"name":"wp","href":"https:\/\/api.w.org\/{rel}","templated":true}]}}